{"id":1722663,"date":"2023-03-06T07:55:01","date_gmt":"2023-03-06T07:55:01","guid":{"rendered":"https:\/\/www.pressenza.com\/?p=1722663"},"modified":"2023-03-06T07:55:01","modified_gmt":"2023-03-06T07:55:01","slug":"peru-vive-una-democracia-con-tanques","status":"publish","type":"post","link":"https:\/\/www.pressenza.com\/es\/2023\/03\/peru-vive-una-democracia-con-tanques\/","title":{"rendered":"Per\u00fa vive una democracia con tanques"},"content":{"rendered":"<p>En el Per\u00fa cada d\u00eda se pierden m\u00e1s derechos humanos. Desde el 14 de febrero, el gobierno ampli\u00f3 por 30 d\u00edas m\u00e1s el Estado de Emergencia en Lima, Callao y varias carreteras, a m\u00e1s de dos meses del inicio de las protestas y bloqueos en varios departamentos del pa\u00eds. Esta medida ha ocasionado una creciente inseguridad, sobre todo para el ciudadano de a pie.<\/p>\n<p><strong>Medidas del gobierno<\/strong><\/p>\n<p>Con esa declaraci\u00f3n, se restringe el ejercicio de los derechos constitucionales de inviolabilidad de domicilio, libertad de tr\u00e1nsito por el territorio nacional, libertad de reuni\u00f3n, y libertad y seguridad personales (art\u00edculo 2 y 137 de la Constituci\u00f3n Pol\u00edtica del Per\u00fa).<\/p>\n<p>Adem\u00e1s, el Decreto Supremo N\u00ba 022-2023-PCM, se\u00f1ala que la Polic\u00eda Nacional del Per\u00fa (PNP) es la encargada de mantener el control del orden interno, con el apoyo de las Fuerzas Armadas. Estas medidas han venido acompa\u00f1adas del extenso despliegue de tanques militares y efectivos policiales en las principales ciudades del pa\u00eds. El colof\u00f3n lo ponen los medios concentrados que invisibilizan las manifestaciones pac\u00edficas y terruquean la protesta social.<\/p>\n<p><strong>La manifestaci\u00f3n de la poblaci\u00f3n<\/strong><\/p>\n<p>La imagen de Aida Aroni enarbolando la bandera peruana frente a un contingente de polic\u00edas, en medio de la protesta (quien luego es detenida) y, las im\u00e1genes que han dado la vuelta al mundo, en la que miembros de la polic\u00eda nacional lanzan bombas lacrim\u00f3genas al cuerpo de madres aymaras con ni\u00f1os en su lliqlla (manta t\u00edpica de los Andes usada como abrigo y para llevar a sus ni\u00f1os, mientras realizan sus labores cotidianas) muestran el nivel de\u00a0 deshumanizaci\u00f3n en el pa\u00eds.<\/p>\n<p>Se suma a estas, la represi\u00f3n a las recientes marchas pac\u00edficas realizadas en los distritos de Miraflores y, el centro de Lima, en el cual se ha restringido el acceso a las plazas Dos de Mayo y San Mart\u00edn; y la reciente emisi\u00f3n del Protocolo de Seguridad de Periodistas que \u201cno asegura una labor period\u00edstica libre de violencia ni garantiza el goce efectivo de las libertades de expresi\u00f3n e informaci\u00f3n\u201d, seg\u00fan la Defensor\u00eda del Pueblo y organizaciones period\u00edsticas.<\/p>\n<p><strong>Desborde de violencia<\/strong><\/p>\n<p>Los continuos enfrentamientos est\u00e1n generando un clima de creciente violencia, que es aprovechado por grupos violentistas. As\u00ed, recientemente fueron atacadas la comisar\u00eda y la\u00a0 base\u00a0 militar de Juli, en el distrito del mismo nombre, en la provincia de Chucuito, departamento sure\u00f1o de Puno. El hecho dej\u00f3 10 heridos de la polic\u00eda nacional.<\/p>\n<p>Este es el panorama actual que\u00a0 vive el Per\u00fa.<\/p>\n<p>De un lado, la presidenta se\u00f1ala que \u201cno renunciar\u00e1\u201d y el Congreso de la Rep\u00fablica se niega a poner en agenda las nuevas elecciones -aunque m\u00e1s del 70% de la poblaci\u00f3n nacional as\u00ed lo demanden-, y del otro lado, la poblaci\u00f3n sigue manifest\u00e1ndose por un cambio que le asegure mayor inclusi\u00f3n y blinde al pa\u00eds, del retorno de la corrupci\u00f3n. La salida a la crisis a\u00fan no se avizora\u2026<\/p>\n<p>A continuaci\u00f3n el valioso testimonio gr\u00e1fico de medios alternativos como Chasqui TV, CONPYMAP y Sayani Per\u00fa, a quienes agradecemos la colaboraci\u00f3n:<\/p>\n<p><a href=\"https:\/\/www.youtube.com\/watch?v=Kbog-HWYdiE\">https:\/\/www.youtube.com\/watch?v=Kbog-HWYdiE<\/a><\/p>\n<p><a href=\"https:\/\/facebook.com\/CONPYMAP\/videos\/1195219027795376\/\">https:\/\/facebook.com\/CONPYMAP\/videos\/1195219027795376\/<\/a><\/p>\n<p>Foto: El Popular.<\/p>\n","protected":false},"excerpt":{"rendered":"<p>En el Per\u00fa cada d\u00eda se pierden m\u00e1s derechos humanos. Desde el 14 de febrero, el gobierno ampli\u00f3 por 30 d\u00edas m\u00e1s el Estado de Emergencia en Lima, Callao y varias carreteras, a m\u00e1s de dos meses del inicio de&hellip;<\/p>\n","protected":false},"author":831,"featured_media":1722664,"comment_status":"closed","ping_status":"closed","sticky":false,"template":"","format":"standard","meta":{"footnotes":""},"categories":[11389,79,106739,74,67],"tags":[108326,696,37274,1303,40519],"class_list":["post-1722663","post","type-post","status-publish","format-standard","has-post-thumbnail","hentry","category-contenido-original","category-derechos-humanos","category-noticia","category-politica-es","category-sudamerica","tag-crisis-peru","tag-democracia","tag-detenciones-arbitrarias","tag-fuerzas-armadas","tag-policia-nacional"],"yoast_head":"<!-- This site is optimized with the Yoast SEO plugin v27.1.1 - https:\/\/yoast.com\/product\/yoast-seo-wordpress\/ -->\n<title>Per\u00fa vive una democracia con tanques<\/title>\n<meta name=\"description\" content=\"En el Per\u00fa cada d\u00eda se pierden m\u00e1s derechos humanos. Desde el 14 de febrero, el gobierno ampli\u00f3 por 30 d\u00edas m\u00e1s el Estado de Emergencia en Lima, Callao y\" \/>\n<meta name=\"robots\" content=\"index, follow, max-snippet:-1, max-image-preview:large, max-video-preview:-1\" \/>\n<link rel=\"canonical\" href=\"https:\/\/www.pressenza.com\/es\/2023\/03\/peru-vive-una-democracia-con-tanques\/\" \/>\n<meta property=\"og:locale\" content=\"es_ES\" \/>\n<meta property=\"og:type\" content=\"article\" \/>\n<meta property=\"og:title\" content=\"Per\u00fa vive una democracia con tanques\" \/>\n<meta property=\"og:description\" content=\"En el Per\u00fa cada d\u00eda se pierden m\u00e1s derechos humanos. Desde el 14 de febrero, el gobierno ampli\u00f3 por 30 d\u00edas m\u00e1s el Estado de Emergencia en Lima, Callao y\" \/>\n<meta property=\"og:url\" content=\"https:\/\/www.pressenza.com\/es\/2023\/03\/peru-vive-una-democracia-con-tanques\/\" \/>\n<meta property=\"og:site_name\" content=\"Pressenza\" \/>\n<meta property=\"article:publisher\" content=\"https:\/\/www.facebook.com\/PressenzaItalia\" \/>\n<meta property=\"article:published_time\" content=\"2023-03-06T07:55:01+00:00\" \/>\n<meta property=\"og:image\" content=\"https:\/\/www.pressenza.com\/wp-content\/uploads\/2023\/03\/TANQUE-3.jpg\" \/>\n\t<meta property=\"og:image:width\" content=\"640\" \/>\n\t<meta property=\"og:image:height\" content=\"345\" \/>\n\t<meta property=\"og:image:type\" content=\"image\/jpeg\" \/>\n<meta name=\"author\" content=\"Redacci\u00f3n Per\u00fa\" \/>\n<meta name=\"twitter:card\" content=\"summary_large_image\" \/>\n<meta name=\"twitter:creator\" content=\"@PressenzaIPA\" \/>\n<meta name=\"twitter:site\" content=\"@PressenzaIPA\" \/>\n<meta name=\"twitter:label1\" content=\"Escrito por\" \/>\n\t<meta name=\"twitter:data1\" content=\"Redacci\u00f3n Per\u00fa\" \/>\n\t<meta name=\"twitter:label2\" content=\"Tiempo de lectura\" \/>\n\t<meta name=\"twitter:data2\" content=\"3 minutos\" \/>\n<script type=\"application\/ld+json\" class=\"yoast-schema-graph\">{\"@context\":\"https:\/\/schema.org\",\"@graph\":[{\"@type\":\"Article\",\"@id\":\"https:\/\/www.pressenza.com\/es\/2023\/03\/peru-vive-una-democracia-con-tanques\/#article\",\"isPartOf\":{\"@id\":\"https:\/\/www.pressenza.com\/es\/2023\/03\/peru-vive-una-democracia-con-tanques\/\"},\"author\":{\"name\":\"Redacci\u00f3n Per\u00fa\",\"@id\":\"https:\/\/www.pressenza.com\/es\/#\/schema\/person\/e86c29a41185b85084a478822f5de81b\"},\"headline\":\"Per\u00fa vive una democracia con tanques\",\"datePublished\":\"2023-03-06T07:55:01+00:00\",\"mainEntityOfPage\":{\"@id\":\"https:\/\/www.pressenza.com\/es\/2023\/03\/peru-vive-una-democracia-con-tanques\/\"},\"wordCount\":567,\"publisher\":{\"@id\":\"https:\/\/www.pressenza.com\/es\/#organization\"},\"image\":{\"@id\":\"https:\/\/www.pressenza.com\/es\/2023\/03\/peru-vive-una-democracia-con-tanques\/#primaryimage\"},\"thumbnailUrl\":\"https:\/\/www.pressenza.com\/wp-content\/uploads\/2023\/03\/TANQUE-3.jpg\",\"keywords\":[\"crisis Per\u00fa\",\"Democracia\",\"detenciones arbitrarias\",\"Fuerzas armadas\",\"Polic\u00eda Nacional\"],\"articleSection\":[\"Contenido Original\",\"Derechos Humanos\",\"Noticia\",\"Pol\u00edtica\",\"Sudam\u00e9rica\"],\"inLanguage\":\"es\"},{\"@type\":\"WebPage\",\"@id\":\"https:\/\/www.pressenza.com\/es\/2023\/03\/peru-vive-una-democracia-con-tanques\/\",\"url\":\"https:\/\/www.pressenza.com\/es\/2023\/03\/peru-vive-una-democracia-con-tanques\/\",\"name\":\"Per\u00fa vive una democracia con tanques\",\"isPartOf\":{\"@id\":\"https:\/\/www.pressenza.com\/es\/#website\"},\"primaryImageOfPage\":{\"@id\":\"https:\/\/www.pressenza.com\/es\/2023\/03\/peru-vive-una-democracia-con-tanques\/#primaryimage\"},\"image\":{\"@id\":\"https:\/\/www.pressenza.com\/es\/2023\/03\/peru-vive-una-democracia-con-tanques\/#primaryimage\"},\"thumbnailUrl\":\"https:\/\/www.pressenza.com\/wp-content\/uploads\/2023\/03\/TANQUE-3.jpg\",\"datePublished\":\"2023-03-06T07:55:01+00:00\",\"description\":\"En el Per\u00fa cada d\u00eda se pierden m\u00e1s derechos humanos. Desde el 14 de febrero, el gobierno ampli\u00f3 por 30 d\u00edas m\u00e1s el Estado de Emergencia en Lima, Callao y\",\"breadcrumb\":{\"@id\":\"https:\/\/www.pressenza.com\/es\/2023\/03\/peru-vive-una-democracia-con-tanques\/#breadcrumb\"},\"inLanguage\":\"es\",\"potentialAction\":[{\"@type\":\"ReadAction\",\"target\":[\"https:\/\/www.pressenza.com\/es\/2023\/03\/peru-vive-una-democracia-con-tanques\/\"]}]},{\"@type\":\"ImageObject\",\"inLanguage\":\"es\",\"@id\":\"https:\/\/www.pressenza.com\/es\/2023\/03\/peru-vive-una-democracia-con-tanques\/#primaryimage\",\"url\":\"https:\/\/www.pressenza.com\/wp-content\/uploads\/2023\/03\/TANQUE-3.jpg\",\"contentUrl\":\"https:\/\/www.pressenza.com\/wp-content\/uploads\/2023\/03\/TANQUE-3.jpg\",\"width\":640,\"height\":345},{\"@type\":\"BreadcrumbList\",\"@id\":\"https:\/\/www.pressenza.com\/es\/2023\/03\/peru-vive-una-democracia-con-tanques\/#breadcrumb\",\"itemListElement\":[{\"@type\":\"ListItem\",\"position\":1,\"name\":\"Accueil\",\"item\":\"https:\/\/www.pressenza.com\/es\/\"},{\"@type\":\"ListItem\",\"position\":2,\"name\":\"Per\u00fa vive una democracia con tanques\"}]},{\"@type\":\"WebSite\",\"@id\":\"https:\/\/www.pressenza.com\/es\/#website\",\"url\":\"https:\/\/www.pressenza.com\/es\/\",\"name\":\"Pressenza\",\"description\":\"International Press Agency\",\"publisher\":{\"@id\":\"https:\/\/www.pressenza.com\/es\/#organization\"},\"potentialAction\":[{\"@type\":\"SearchAction\",\"target\":{\"@type\":\"EntryPoint\",\"urlTemplate\":\"https:\/\/www.pressenza.com\/es\/?s={search_term_string}\"},\"query-input\":{\"@type\":\"PropertyValueSpecification\",\"valueRequired\":true,\"valueName\":\"search_term_string\"}}],\"inLanguage\":\"es\"},{\"@type\":\"Organization\",\"@id\":\"https:\/\/www.pressenza.com\/es\/#organization\",\"name\":\"Pressenza\",\"url\":\"https:\/\/www.pressenza.com\/es\/\",\"logo\":{\"@type\":\"ImageObject\",\"inLanguage\":\"es\",\"@id\":\"https:\/\/www.pressenza.com\/es\/#\/schema\/logo\/image\/\",\"url\":\"https:\/\/www.pressenza.com\/wp-content\/uploads\/2022\/10\/pressenza_logo_200x200.jpg\",\"contentUrl\":\"https:\/\/www.pressenza.com\/wp-content\/uploads\/2022\/10\/pressenza_logo_200x200.jpg\",\"width\":200,\"height\":200,\"caption\":\"Pressenza\"},\"image\":{\"@id\":\"https:\/\/www.pressenza.com\/es\/#\/schema\/logo\/image\/\"},\"sameAs\":[\"https:\/\/www.facebook.com\/PressenzaItalia\",\"https:\/\/x.com\/PressenzaIPA\"]},{\"@type\":\"Person\",\"@id\":\"https:\/\/www.pressenza.com\/es\/#\/schema\/person\/e86c29a41185b85084a478822f5de81b\",\"name\":\"Redacci\u00f3n Per\u00fa\",\"description\":\"News published by the Pressenza bureau in Peru\",\"url\":\"https:\/\/www.pressenza.com\/es\/author\/redaccion-peru\/\"}]}<\/script>\n<!-- \/ Yoast SEO plugin. -->","yoast_head_json":{"title":"Per\u00fa vive una democracia con tanques","description":"En el Per\u00fa cada d\u00eda se pierden m\u00e1s derechos humanos. Desde el 14 de febrero, el gobierno ampli\u00f3 por 30 d\u00edas m\u00e1s el Estado de Emergencia en Lima, Callao y","robots":{"index":"index","follow":"follow","max-snippet":"max-snippet:-1","max-image-preview":"max-image-preview:large","max-video-preview":"max-video-preview:-1"},"canonical":"https:\/\/www.pressenza.com\/es\/2023\/03\/peru-vive-una-democracia-con-tanques\/","og_locale":"es_ES","og_type":"article","og_title":"Per\u00fa vive una democracia con tanques","og_description":"En el Per\u00fa cada d\u00eda se pierden m\u00e1s derechos humanos. Desde el 14 de febrero, el gobierno ampli\u00f3 por 30 d\u00edas m\u00e1s el Estado de Emergencia en Lima, Callao y","og_url":"https:\/\/www.pressenza.com\/es\/2023\/03\/peru-vive-una-democracia-con-tanques\/","og_site_name":"Pressenza","article_publisher":"https:\/\/www.facebook.com\/PressenzaItalia","article_published_time":"2023-03-06T07:55:01+00:00","og_image":[{"width":640,"height":345,"url":"https:\/\/www.pressenza.com\/wp-content\/uploads\/2023\/03\/TANQUE-3.jpg","type":"image\/jpeg"}],"author":"Redacci\u00f3n Per\u00fa","twitter_card":"summary_large_image","twitter_creator":"@PressenzaIPA","twitter_site":"@PressenzaIPA","twitter_misc":{"Escrito por":"Redacci\u00f3n Per\u00fa","Tiempo de lectura":"3 minutos"},"schema":{"@context":"https:\/\/schema.org","@graph":[{"@type":"Article","@id":"https:\/\/www.pressenza.com\/es\/2023\/03\/peru-vive-una-democracia-con-tanques\/#article","isPartOf":{"@id":"https:\/\/www.pressenza.com\/es\/2023\/03\/peru-vive-una-democracia-con-tanques\/"},"author":{"name":"Redacci\u00f3n Per\u00fa","@id":"https:\/\/www.pressenza.com\/es\/#\/schema\/person\/e86c29a41185b85084a478822f5de81b"},"headline":"Per\u00fa vive una democracia con tanques","datePublished":"2023-03-06T07:55:01+00:00","mainEntityOfPage":{"@id":"https:\/\/www.pressenza.com\/es\/2023\/03\/peru-vive-una-democracia-con-tanques\/"},"wordCount":567,"publisher":{"@id":"https:\/\/www.pressenza.com\/es\/#organization"},"image":{"@id":"https:\/\/www.pressenza.com\/es\/2023\/03\/peru-vive-una-democracia-con-tanques\/#primaryimage"},"thumbnailUrl":"https:\/\/www.pressenza.com\/wp-content\/uploads\/2023\/03\/TANQUE-3.jpg","keywords":["crisis Per\u00fa","Democracia","detenciones arbitrarias","Fuerzas armadas","Polic\u00eda Nacional"],"articleSection":["Contenido Original","Derechos Humanos","Noticia","Pol\u00edtica","Sudam\u00e9rica"],"inLanguage":"es"},{"@type":"WebPage","@id":"https:\/\/www.pressenza.com\/es\/2023\/03\/peru-vive-una-democracia-con-tanques\/","url":"https:\/\/www.pressenza.com\/es\/2023\/03\/peru-vive-una-democracia-con-tanques\/","name":"Per\u00fa vive una democracia con tanques","isPartOf":{"@id":"https:\/\/www.pressenza.com\/es\/#website"},"primaryImageOfPage":{"@id":"https:\/\/www.pressenza.com\/es\/2023\/03\/peru-vive-una-democracia-con-tanques\/#primaryimage"},"image":{"@id":"https:\/\/www.pressenza.com\/es\/2023\/03\/peru-vive-una-democracia-con-tanques\/#primaryimage"},"thumbnailUrl":"https:\/\/www.pressenza.com\/wp-content\/uploads\/2023\/03\/TANQUE-3.jpg","datePublished":"2023-03-06T07:55:01+00:00","description":"En el Per\u00fa cada d\u00eda se pierden m\u00e1s derechos humanos. Desde el 14 de febrero, el gobierno ampli\u00f3 por 30 d\u00edas m\u00e1s el Estado de Emergencia en Lima, Callao y","breadcrumb":{"@id":"https:\/\/www.pressenza.com\/es\/2023\/03\/peru-vive-una-democracia-con-tanques\/#breadcrumb"},"inLanguage":"es","potentialAction":[{"@type":"ReadAction","target":["https:\/\/www.pressenza.com\/es\/2023\/03\/peru-vive-una-democracia-con-tanques\/"]}]},{"@type":"ImageObject","inLanguage":"es","@id":"https:\/\/www.pressenza.com\/es\/2023\/03\/peru-vive-una-democracia-con-tanques\/#primaryimage","url":"https:\/\/www.pressenza.com\/wp-content\/uploads\/2023\/03\/TANQUE-3.jpg","contentUrl":"https:\/\/www.pressenza.com\/wp-content\/uploads\/2023\/03\/TANQUE-3.jpg","width":640,"height":345},{"@type":"BreadcrumbList","@id":"https:\/\/www.pressenza.com\/es\/2023\/03\/peru-vive-una-democracia-con-tanques\/#breadcrumb","itemListElement":[{"@type":"ListItem","position":1,"name":"Accueil","item":"https:\/\/www.pressenza.com\/es\/"},{"@type":"ListItem","position":2,"name":"Per\u00fa vive una democracia con tanques"}]},{"@type":"WebSite","@id":"https:\/\/www.pressenza.com\/es\/#website","url":"https:\/\/www.pressenza.com\/es\/","name":"Pressenza","description":"International Press Agency","publisher":{"@id":"https:\/\/www.pressenza.com\/es\/#organization"},"potentialAction":[{"@type":"SearchAction","target":{"@type":"EntryPoint","urlTemplate":"https:\/\/www.pressenza.com\/es\/?s={search_term_string}"},"query-input":{"@type":"PropertyValueSpecification","valueRequired":true,"valueName":"search_term_string"}}],"inLanguage":"es"},{"@type":"Organization","@id":"https:\/\/www.pressenza.com\/es\/#organization","name":"Pressenza","url":"https:\/\/www.pressenza.com\/es\/","logo":{"@type":"ImageObject","inLanguage":"es","@id":"https:\/\/www.pressenza.com\/es\/#\/schema\/logo\/image\/","url":"https:\/\/www.pressenza.com\/wp-content\/uploads\/2022\/10\/pressenza_logo_200x200.jpg","contentUrl":"https:\/\/www.pressenza.com\/wp-content\/uploads\/2022\/10\/pressenza_logo_200x200.jpg","width":200,"height":200,"caption":"Pressenza"},"image":{"@id":"https:\/\/www.pressenza.com\/es\/#\/schema\/logo\/image\/"},"sameAs":["https:\/\/www.facebook.com\/PressenzaItalia","https:\/\/x.com\/PressenzaIPA"]},{"@type":"Person","@id":"https:\/\/www.pressenza.com\/es\/#\/schema\/person\/e86c29a41185b85084a478822f5de81b","name":"Redacci\u00f3n Per\u00fa","description":"News published by the Pressenza bureau in Peru","url":"https:\/\/www.pressenza.com\/es\/author\/redaccion-peru\/"}]}},"place":"","original_article_url":"","_links":{"self":[{"href":"https:\/\/www.pressenza.com\/es\/wp-json\/wp\/v2\/posts\/1722663","targetHints":{"allow":["GET"]}}],"collection":[{"href":"https:\/\/www.pressenza.com\/es\/wp-json\/wp\/v2\/posts"}],"about":[{"href":"https:\/\/www.pressenza.com\/es\/wp-json\/wp\/v2\/types\/post"}],"author":[{"embeddable":true,"href":"https:\/\/www.pressenza.com\/es\/wp-json\/wp\/v2\/users\/831"}],"replies":[{"embeddable":true,"href":"https:\/\/www.pressenza.com\/es\/wp-json\/wp\/v2\/comments?post=1722663"}],"version-history":[{"count":0,"href":"https:\/\/www.pressenza.com\/es\/wp-json\/wp\/v2\/posts\/1722663\/revisions"}],"wp:featuredmedia":[{"embeddable":true,"href":"https:\/\/www.pressenza.com\/es\/wp-json\/wp\/v2\/media\/1722664"}],"wp:attachment":[{"href":"https:\/\/www.pressenza.com\/es\/wp-json\/wp\/v2\/media?parent=1722663"}],"wp:term":[{"taxonomy":"category","embeddable":true,"href":"https:\/\/www.pressenza.com\/es\/wp-json\/wp\/v2\/categories?post=1722663"},{"taxonomy":"post_tag","embeddable":true,"href":"https:\/\/www.pressenza.com\/es\/wp-json\/wp\/v2\/tags?post=1722663"}],"curies":[{"name":"wp","href":"https:\/\/api.w.org\/{rel}","templated":true}]}}