{"id":1721680,"date":"2023-03-02T20:02:12","date_gmt":"2023-03-02T20:02:12","guid":{"rendered":"https:\/\/www.pressenza.com\/?p=1721680"},"modified":"2023-03-02T20:02:12","modified_gmt":"2023-03-02T20:02:12","slug":"gobernar-desde-la-oposicion-2","status":"publish","type":"post","link":"https:\/\/www.pressenza.com\/es\/2023\/03\/gobernar-desde-la-oposicion-2\/","title":{"rendered":"Gobernar desde la oposici\u00f3n"},"content":{"rendered":"<p>Es tanto el desencanto que en todas partes provocan los gobiernos que no cumplen con lo prometido en sus campa\u00f1as electorales que parece preferible estar en la oposici\u00f3n para bregar por nuestras ideas pol\u00edticas. Lo sucedido con el auge y r\u00e1pido desprestigio de muchos mandatarios de izquierda nos lleva a convencernos que partidos y dirigentes conservan mejor sus identidades y prop\u00f3sitos fuera del poder, porqu\u00e9 all\u00ed se hace siempre propicio corromperse o morigerar al extremo sus objetivos a fin de sortear las conspiraciones de la derecha y de los llamados poderes f\u00e1cticos.<\/p>\n<p>En nuestro continente son contados con los dedos de la mano aquellos l\u00edderes progresistas que lograron grandes transformaciones o revoluciones. Casi siempre, por lo dem\u00e1s, asumiendo la fuerza y oblig\u00e1ndose a reprimir a los adversarios renuentes a los cambios que se proponen. En los \u00faltimos veinte o treinta a\u00f1os son muchas las experiencias fracasadas y en la hora actual los herederos del sandinismo en Nicaragua, por ejemplo, han terminado desperfil\u00e1ndose totalmente de sus bellas ideas emancipadoras y libertarias, al grado que es f\u00e1cil comprobar que los m\u00e9todos de los m\u00e1s fieros dictadores han sido asumidos a plenitud por quienes hoy mandan en este pa\u00eds.<\/p>\n<p>Los ideales de la revoluci\u00f3n mexicana de un L\u00e1zaro C\u00e1rdenas, en M\u00e9xico, terminaron por desacreditarse por completo con el gobernante PRI que, adem\u00e1s de imponerse por d\u00e9cadas con una dictadura\u00a0 \u201dsilenciosa\u201d, como se la llam\u00f3, concluyo por desandar el camino inicial y rendirse con Salinas de Gortari al capitalismo salvaje y al imperio de las transnacionales. El mismo peronismo termin\u00f3 en expresiones completamente dis\u00edmiles que todav\u00eda desvar\u00edan en la pol\u00edtica argentina y cuyos \u00faltimos gobiernos han hecho todo lo posible por demarcarse de las propuestas de un Per\u00f3n que, de \u00e9l mismo, ya no se puede decir ahora si fue un caudillo de izquierda o de derecha. Casos dram\u00e1ticos de l\u00edderes peruanos, bolivianos, brasile\u00f1os y de otras naciones han terminado pr\u00e1cticamente por sepultar las promesas de cambio, integridad moral y redenci\u00f3n popular.<\/p>\n<p>En Chile mismo, la Revoluci\u00f3n en libertad de los democratacristianos se desvaneci\u00f3 r\u00e1pidamente en lo que un l\u00edder como Radomiro Tomic reconoci\u00f3 respecto del gobierno de su camarada Eduardo Frei: \u201chemos hecho mucho, pero no hicimos la revoluci\u00f3n\u2026\u201dAsimismo, el sue\u00f1o de la Unidad Popular y de Allende fue aplastado por la insurrecci\u00f3n militar azuzada por la derecha, Estados Unidos y los grandes empresarios. En un cruento Golpe de Estado que a la distancia debemos reconocer que busc\u00f3 validarse, entre otras razones, en las graves contradicciones y reyertas de los partidos de izquierda, como en la defecci\u00f3n y traici\u00f3n ideol\u00f3gica de la Democracia Cristiana.<\/p>\n<p>A cincuenta a\u00f1os, Pinochet impuso lo que quiso controlando el poder absoluto, ejerciendo el terrorismo de estado y renunciando a las ideas nacionalistas patrocinadas por aquellos grupos pol\u00edticos que lo apoyaron ingenuamente en un principio. Podr\u00edamos decir que el Dictador hizo caso omiso de las mismas bases del r\u00e9gimen civil y militar que encabez\u00f3. Lo que se pudo apreciar en el desmantelamiento de las empresas del estado y la postraci\u00f3n de su gobierno ante las empresas extranjeras que compraron a vil precio nuestra soberan\u00eda nacional. \u00c9l hizo realmente una revoluci\u00f3n pol\u00edtica, social y cultural que todav\u00eda nos pesa.<\/p>\n<p>Con los gobiernos de la Concertaci\u00f3n ya sabemos, tambi\u00e9n, que se sacraliz\u00f3 el modelo econ\u00f3mico de la Dictadura, solo se hizo \u201cjusticia en la medida de lo posible\u201d y se continu\u00f3 abriendo nuestra econom\u00eda a la codicia de los inversionistas extranjeros. La misma salud, previsi\u00f3n y educaci\u00f3n p\u00fablica que todav\u00eda manten\u00edan cierta tutela del Estado, acabaron por privatizarse completamente y convertirse en un nuevo bot\u00edn de los empresarios nacionales y for\u00e1neos que al final resultaron completamente impunes, pese a los enormes temores de quienes temieron la posibilidad de que la izquierda se tomara venganza una vez en el Gobierno y el Parlamento.<\/p>\n<p>Una historia que de nuevo vuelve a repetirse cuando el propio Jefe de Estado que llegara a La Moneda en andas de las expresiones m\u00e1s radicalizadas, as\u00ed como de la m\u00e1s severa explosi\u00f3n social de toda nuestra historia, en pocos meses se encuentra contemporizando con la derecha, las agrupaciones patronales y los lineamientos de Departamento de Estado Norteamericano. As\u00ed es como ya se habla que las isapres y las AFP no tendr\u00edan por qu\u00e9 desaparecer, al mismo tiempo que se reprime al pueblo mapuche al que se le prometi\u00f3 recuperar e sus derechos y propiedades conculcadas. Tanto as\u00ed que ahora se le imputa la calumniosa especie que detr\u00e1s de los incendios forestales est\u00e1n sus agrupaciones y comuneros y no en los que siempre quemaron y arrasaron sus territorios ancestrales para instalar el lucrativo y ecocida negocio forestal. En toda una desverg\u00fcenza oficial que lleva a las autoridades a asegurarle a dichas empresas que ya no ser\u00e1n exigidas a pagar un royalty y que podr\u00e1n continuar recibiendo los escandalosos subsidios y exenciones tributarias con que todav\u00eda se les favorece.<\/p>\n<p>Ya sabemos c\u00f3mo despu\u00e9s del abortado proceso constituyente, la derecha y la izquierda unidas en el Parlamento nos est\u00e1n convocando a otro en que quienes resulten ahora elegidos para redactar la nueva Constituci\u00f3n tendr\u00e1n que ce\u00f1irse a un marco estricto de preceptos predefinidos por ellos mismos y que, en lo sustantivo, aseguren que la Constituci\u00f3n de Guzm\u00e1n, Pinochet, Lagos no sufra mayores alteraciones. Lo cierto es que, a un a\u00f1o del nuevo gobierno, la derecha desde la oposici\u00f3n empieza a lograr mucho m\u00e1s que durante los dos gobiernos de Sebasti\u00e1n Pi\u00f1era.<\/p>\n<p>Es la democracia desnaturalizada que tenemos la que logra el prodigio que resulta preferible ser derrotado en las elecciones mejor que constituir mayor\u00eda y cumplir con el mandato soberano. Por lo mismo que no es extra\u00f1o que muchos de los que gobernaron con la Concertaci\u00f3n y la Nueva Mayor\u00eda est\u00e9n tomando de nuevo sitio en el gabinete ministerial y los altos cargos p\u00fablicos. Se habla de que una vilipendiada Michelle Bachelet se convierte de pronto en una asesora fundamental del joven mandatario, al tiempo que varios de sus ex colaboradores retornan triunfantes a acomodarse en el poder.<\/p>\n<p>&nbsp;<\/p>\n","protected":false},"excerpt":{"rendered":"<p>Es tanto el desencanto que en todas partes provocan los gobiernos que no cumplen con lo prometido en sus campa\u00f1as electorales que parece preferible estar en la oposici\u00f3n para bregar por nuestras ideas pol\u00edticas. Lo sucedido con el auge y&hellip;<\/p>\n","protected":false},"author":1739,"featured_media":1721683,"comment_status":"closed","ping_status":"closed","sticky":false,"template":"","format":"standard","meta":{"footnotes":""},"categories":[11389,161,74,67],"tags":[29,1613],"class_list":["post-1721680","post","type-post","status-publish","format-standard","has-post-thumbnail","hentry","category-contenido-original","category-opiniones","category-politica-es","category-sudamerica","tag-chile","tag-politica-es"],"yoast_head":"<!-- This site is optimized with the Yoast SEO plugin v27.1.1 - https:\/\/yoast.com\/product\/yoast-seo-wordpress\/ -->\n<title>Gobernar desde la oposici\u00f3n<\/title>\n<meta name=\"description\" content=\"Es tanto el desencanto que en todas partes provocan los gobiernos que no cumplen con lo prometido en sus campa\u00f1as electorales que parece preferible estar\" \/>\n<meta name=\"robots\" content=\"index, follow, max-snippet:-1, max-image-preview:large, max-video-preview:-1\" \/>\n<link rel=\"canonical\" href=\"https:\/\/www.pressenza.com\/es\/2023\/03\/gobernar-desde-la-oposicion-2\/\" \/>\n<meta property=\"og:locale\" content=\"es_ES\" \/>\n<meta property=\"og:type\" content=\"article\" \/>\n<meta property=\"og:title\" content=\"Gobernar desde la oposici\u00f3n\" \/>\n<meta property=\"og:description\" content=\"Es tanto el desencanto que en todas partes provocan los gobiernos que no cumplen con lo prometido en sus campa\u00f1as electorales que parece preferible estar\" \/>\n<meta property=\"og:url\" content=\"https:\/\/www.pressenza.com\/es\/2023\/03\/gobernar-desde-la-oposicion-2\/\" \/>\n<meta property=\"og:site_name\" content=\"Pressenza\" \/>\n<meta property=\"article:publisher\" content=\"https:\/\/www.facebook.com\/PressenzaItalia\" \/>\n<meta property=\"article:published_time\" content=\"2023-03-02T20:02:12+00:00\" \/>\n<meta property=\"og:image\" content=\"https:\/\/www.pressenza.com\/wp-content\/uploads\/2023\/03\/Sangre-300x200-1.jpeg\" \/>\n\t<meta property=\"og:image:width\" content=\"300\" \/>\n\t<meta property=\"og:image:height\" content=\"200\" \/>\n\t<meta property=\"og:image:type\" content=\"image\/jpeg\" \/>\n<meta name=\"author\" content=\"Juan Pablo C\u00e1rdenas\" \/>\n<meta name=\"twitter:card\" content=\"summary_large_image\" \/>\n<meta name=\"twitter:creator\" content=\"@PressenzaIPA\" \/>\n<meta name=\"twitter:site\" content=\"@PressenzaIPA\" \/>\n<meta name=\"twitter:label1\" content=\"Escrito por\" \/>\n\t<meta name=\"twitter:data1\" content=\"Juan Pablo C\u00e1rdenas\" \/>\n\t<meta name=\"twitter:label2\" content=\"Tiempo de lectura\" \/>\n\t<meta name=\"twitter:data2\" content=\"5 minutos\" \/>\n<script type=\"application\/ld+json\" class=\"yoast-schema-graph\">{\"@context\":\"https:\/\/schema.org\",\"@graph\":[{\"@type\":\"Article\",\"@id\":\"https:\/\/www.pressenza.com\/es\/2023\/03\/gobernar-desde-la-oposicion-2\/#article\",\"isPartOf\":{\"@id\":\"https:\/\/www.pressenza.com\/es\/2023\/03\/gobernar-desde-la-oposicion-2\/\"},\"author\":{\"name\":\"Juan Pablo C\u00e1rdenas\",\"@id\":\"https:\/\/www.pressenza.com\/es\/#\/schema\/person\/d72a7c8c014dcbfa2ef9e9976103ea0d\"},\"headline\":\"Gobernar desde la oposici\u00f3n\",\"datePublished\":\"2023-03-02T20:02:12+00:00\",\"mainEntityOfPage\":{\"@id\":\"https:\/\/www.pressenza.com\/es\/2023\/03\/gobernar-desde-la-oposicion-2\/\"},\"wordCount\":1093,\"publisher\":{\"@id\":\"https:\/\/www.pressenza.com\/es\/#organization\"},\"image\":{\"@id\":\"https:\/\/www.pressenza.com\/es\/2023\/03\/gobernar-desde-la-oposicion-2\/#primaryimage\"},\"thumbnailUrl\":\"https:\/\/www.pressenza.com\/wp-content\/uploads\/2023\/03\/Sangre-300x200-1.jpeg\",\"keywords\":[\"Chile\",\"pol\u00edtica\"],\"articleSection\":[\"Contenido Original\",\"Opiniones\",\"Pol\u00edtica\",\"Sudam\u00e9rica\"],\"inLanguage\":\"es\"},{\"@type\":\"WebPage\",\"@id\":\"https:\/\/www.pressenza.com\/es\/2023\/03\/gobernar-desde-la-oposicion-2\/\",\"url\":\"https:\/\/www.pressenza.com\/es\/2023\/03\/gobernar-desde-la-oposicion-2\/\",\"name\":\"Gobernar desde la oposici\u00f3n\",\"isPartOf\":{\"@id\":\"https:\/\/www.pressenza.com\/es\/#website\"},\"primaryImageOfPage\":{\"@id\":\"https:\/\/www.pressenza.com\/es\/2023\/03\/gobernar-desde-la-oposicion-2\/#primaryimage\"},\"image\":{\"@id\":\"https:\/\/www.pressenza.com\/es\/2023\/03\/gobernar-desde-la-oposicion-2\/#primaryimage\"},\"thumbnailUrl\":\"https:\/\/www.pressenza.com\/wp-content\/uploads\/2023\/03\/Sangre-300x200-1.jpeg\",\"datePublished\":\"2023-03-02T20:02:12+00:00\",\"description\":\"Es tanto el desencanto que en todas partes provocan los gobiernos que no cumplen con lo prometido en sus campa\u00f1as electorales que parece preferible estar\",\"breadcrumb\":{\"@id\":\"https:\/\/www.pressenza.com\/es\/2023\/03\/gobernar-desde-la-oposicion-2\/#breadcrumb\"},\"inLanguage\":\"es\",\"potentialAction\":[{\"@type\":\"ReadAction\",\"target\":[\"https:\/\/www.pressenza.com\/es\/2023\/03\/gobernar-desde-la-oposicion-2\/\"]}]},{\"@type\":\"ImageObject\",\"inLanguage\":\"es\",\"@id\":\"https:\/\/www.pressenza.com\/es\/2023\/03\/gobernar-desde-la-oposicion-2\/#primaryimage\",\"url\":\"https:\/\/www.pressenza.com\/wp-content\/uploads\/2023\/03\/Sangre-300x200-1.jpeg\",\"contentUrl\":\"https:\/\/www.pressenza.com\/wp-content\/uploads\/2023\/03\/Sangre-300x200-1.jpeg\",\"width\":300,\"height\":200,\"caption\":\"smart\"},{\"@type\":\"BreadcrumbList\",\"@id\":\"https:\/\/www.pressenza.com\/es\/2023\/03\/gobernar-desde-la-oposicion-2\/#breadcrumb\",\"itemListElement\":[{\"@type\":\"ListItem\",\"position\":1,\"name\":\"Accueil\",\"item\":\"https:\/\/www.pressenza.com\/es\/\"},{\"@type\":\"ListItem\",\"position\":2,\"name\":\"Gobernar desde la oposici\u00f3n\"}]},{\"@type\":\"WebSite\",\"@id\":\"https:\/\/www.pressenza.com\/es\/#website\",\"url\":\"https:\/\/www.pressenza.com\/es\/\",\"name\":\"Pressenza\",\"description\":\"International Press Agency\",\"publisher\":{\"@id\":\"https:\/\/www.pressenza.com\/es\/#organization\"},\"potentialAction\":[{\"@type\":\"SearchAction\",\"target\":{\"@type\":\"EntryPoint\",\"urlTemplate\":\"https:\/\/www.pressenza.com\/es\/?s={search_term_string}\"},\"query-input\":{\"@type\":\"PropertyValueSpecification\",\"valueRequired\":true,\"valueName\":\"search_term_string\"}}],\"inLanguage\":\"es\"},{\"@type\":\"Organization\",\"@id\":\"https:\/\/www.pressenza.com\/es\/#organization\",\"name\":\"Pressenza\",\"url\":\"https:\/\/www.pressenza.com\/es\/\",\"logo\":{\"@type\":\"ImageObject\",\"inLanguage\":\"es\",\"@id\":\"https:\/\/www.pressenza.com\/es\/#\/schema\/logo\/image\/\",\"url\":\"https:\/\/www.pressenza.com\/wp-content\/uploads\/2022\/10\/pressenza_logo_200x200.jpg\",\"contentUrl\":\"https:\/\/www.pressenza.com\/wp-content\/uploads\/2022\/10\/pressenza_logo_200x200.jpg\",\"width\":200,\"height\":200,\"caption\":\"Pressenza\"},\"image\":{\"@id\":\"https:\/\/www.pressenza.com\/es\/#\/schema\/logo\/image\/\"},\"sameAs\":[\"https:\/\/www.facebook.com\/PressenzaItalia\",\"https:\/\/x.com\/PressenzaIPA\"]},{\"@type\":\"Person\",\"@id\":\"https:\/\/www.pressenza.com\/es\/#\/schema\/person\/d72a7c8c014dcbfa2ef9e9976103ea0d\",\"name\":\"Juan Pablo C\u00e1rdenas\",\"description\":\"Juan Pablo C\u00e1rdenas Squella es un periodista y profesor universitario de vasta trayectoria. En el 2005 recibi\u00f3 en premio nacional de Periodismo y, antes, la Pluma de Oro de la Libertad, otorgada por la Federaci\u00f3n Mundial de la Prensa. Tambi\u00e9n obtuvo el Premio Latinoamericano de Periodismo, la Houten Camara de Holanda (1989) entre otras m\u00faltiples distinciones nacionales y extranjeras. Forma parte de los sesenta periodistas del mundo considerados H\u00e9roes de la Libertad de Expresi\u00f3n, reconocimiento hecho por la Federaci\u00f3n Internacional de Periodistas. Ha sido director y columnista de las revistas Debate Universitario, An\u00e1lisis y Los Tiempos, as\u00ed como del diario electr\u00f3nico primeral\u00ednea.cl. Tambi\u00e9n fue por m\u00e1s 18 a\u00f1os director de la Radio Universidad de Chile y de su diario digital. Se ha desempe\u00f1ado como profesor de varias escuelas de periodismo de Santiago y Valpara\u00edso y en la Universidad de Chile alcanz\u00f3 el grado de profesor titular y senador universitario.\",\"url\":\"https:\/\/www.pressenza.com\/es\/author\/juan-pablo-cardenas\/\"}]}<\/script>\n<!-- \/ Yoast SEO plugin. -->","yoast_head_json":{"title":"Gobernar desde la oposici\u00f3n","description":"Es tanto el desencanto que en todas partes provocan los gobiernos que no cumplen con lo prometido en sus campa\u00f1as electorales que parece preferible estar","robots":{"index":"index","follow":"follow","max-snippet":"max-snippet:-1","max-image-preview":"max-image-preview:large","max-video-preview":"max-video-preview:-1"},"canonical":"https:\/\/www.pressenza.com\/es\/2023\/03\/gobernar-desde-la-oposicion-2\/","og_locale":"es_ES","og_type":"article","og_title":"Gobernar desde la oposici\u00f3n","og_description":"Es tanto el desencanto que en todas partes provocan los gobiernos que no cumplen con lo prometido en sus campa\u00f1as electorales que parece preferible estar","og_url":"https:\/\/www.pressenza.com\/es\/2023\/03\/gobernar-desde-la-oposicion-2\/","og_site_name":"Pressenza","article_publisher":"https:\/\/www.facebook.com\/PressenzaItalia","article_published_time":"2023-03-02T20:02:12+00:00","og_image":[{"width":300,"height":200,"url":"https:\/\/www.pressenza.com\/wp-content\/uploads\/2023\/03\/Sangre-300x200-1.jpeg","type":"image\/jpeg"}],"author":"Juan Pablo C\u00e1rdenas","twitter_card":"summary_large_image","twitter_creator":"@PressenzaIPA","twitter_site":"@PressenzaIPA","twitter_misc":{"Escrito por":"Juan Pablo C\u00e1rdenas","Tiempo de lectura":"5 minutos"},"schema":{"@context":"https:\/\/schema.org","@graph":[{"@type":"Article","@id":"https:\/\/www.pressenza.com\/es\/2023\/03\/gobernar-desde-la-oposicion-2\/#article","isPartOf":{"@id":"https:\/\/www.pressenza.com\/es\/2023\/03\/gobernar-desde-la-oposicion-2\/"},"author":{"name":"Juan Pablo C\u00e1rdenas","@id":"https:\/\/www.pressenza.com\/es\/#\/schema\/person\/d72a7c8c014dcbfa2ef9e9976103ea0d"},"headline":"Gobernar desde la oposici\u00f3n","datePublished":"2023-03-02T20:02:12+00:00","mainEntityOfPage":{"@id":"https:\/\/www.pressenza.com\/es\/2023\/03\/gobernar-desde-la-oposicion-2\/"},"wordCount":1093,"publisher":{"@id":"https:\/\/www.pressenza.com\/es\/#organization"},"image":{"@id":"https:\/\/www.pressenza.com\/es\/2023\/03\/gobernar-desde-la-oposicion-2\/#primaryimage"},"thumbnailUrl":"https:\/\/www.pressenza.com\/wp-content\/uploads\/2023\/03\/Sangre-300x200-1.jpeg","keywords":["Chile","pol\u00edtica"],"articleSection":["Contenido Original","Opiniones","Pol\u00edtica","Sudam\u00e9rica"],"inLanguage":"es"},{"@type":"WebPage","@id":"https:\/\/www.pressenza.com\/es\/2023\/03\/gobernar-desde-la-oposicion-2\/","url":"https:\/\/www.pressenza.com\/es\/2023\/03\/gobernar-desde-la-oposicion-2\/","name":"Gobernar desde la oposici\u00f3n","isPartOf":{"@id":"https:\/\/www.pressenza.com\/es\/#website"},"primaryImageOfPage":{"@id":"https:\/\/www.pressenza.com\/es\/2023\/03\/gobernar-desde-la-oposicion-2\/#primaryimage"},"image":{"@id":"https:\/\/www.pressenza.com\/es\/2023\/03\/gobernar-desde-la-oposicion-2\/#primaryimage"},"thumbnailUrl":"https:\/\/www.pressenza.com\/wp-content\/uploads\/2023\/03\/Sangre-300x200-1.jpeg","datePublished":"2023-03-02T20:02:12+00:00","description":"Es tanto el desencanto que en todas partes provocan los gobiernos que no cumplen con lo prometido en sus campa\u00f1as electorales que parece preferible estar","breadcrumb":{"@id":"https:\/\/www.pressenza.com\/es\/2023\/03\/gobernar-desde-la-oposicion-2\/#breadcrumb"},"inLanguage":"es","potentialAction":[{"@type":"ReadAction","target":["https:\/\/www.pressenza.com\/es\/2023\/03\/gobernar-desde-la-oposicion-2\/"]}]},{"@type":"ImageObject","inLanguage":"es","@id":"https:\/\/www.pressenza.com\/es\/2023\/03\/gobernar-desde-la-oposicion-2\/#primaryimage","url":"https:\/\/www.pressenza.com\/wp-content\/uploads\/2023\/03\/Sangre-300x200-1.jpeg","contentUrl":"https:\/\/www.pressenza.com\/wp-content\/uploads\/2023\/03\/Sangre-300x200-1.jpeg","width":300,"height":200,"caption":"smart"},{"@type":"BreadcrumbList","@id":"https:\/\/www.pressenza.com\/es\/2023\/03\/gobernar-desde-la-oposicion-2\/#breadcrumb","itemListElement":[{"@type":"ListItem","position":1,"name":"Accueil","item":"https:\/\/www.pressenza.com\/es\/"},{"@type":"ListItem","position":2,"name":"Gobernar desde la oposici\u00f3n"}]},{"@type":"WebSite","@id":"https:\/\/www.pressenza.com\/es\/#website","url":"https:\/\/www.pressenza.com\/es\/","name":"Pressenza","description":"International Press Agency","publisher":{"@id":"https:\/\/www.pressenza.com\/es\/#organization"},"potentialAction":[{"@type":"SearchAction","target":{"@type":"EntryPoint","urlTemplate":"https:\/\/www.pressenza.com\/es\/?s={search_term_string}"},"query-input":{"@type":"PropertyValueSpecification","valueRequired":true,"valueName":"search_term_string"}}],"inLanguage":"es"},{"@type":"Organization","@id":"https:\/\/www.pressenza.com\/es\/#organization","name":"Pressenza","url":"https:\/\/www.pressenza.com\/es\/","logo":{"@type":"ImageObject","inLanguage":"es","@id":"https:\/\/www.pressenza.com\/es\/#\/schema\/logo\/image\/","url":"https:\/\/www.pressenza.com\/wp-content\/uploads\/2022\/10\/pressenza_logo_200x200.jpg","contentUrl":"https:\/\/www.pressenza.com\/wp-content\/uploads\/2022\/10\/pressenza_logo_200x200.jpg","width":200,"height":200,"caption":"Pressenza"},"image":{"@id":"https:\/\/www.pressenza.com\/es\/#\/schema\/logo\/image\/"},"sameAs":["https:\/\/www.facebook.com\/PressenzaItalia","https:\/\/x.com\/PressenzaIPA"]},{"@type":"Person","@id":"https:\/\/www.pressenza.com\/es\/#\/schema\/person\/d72a7c8c014dcbfa2ef9e9976103ea0d","name":"Juan Pablo C\u00e1rdenas","description":"Juan Pablo C\u00e1rdenas Squella es un periodista y profesor universitario de vasta trayectoria. En el 2005 recibi\u00f3 en premio nacional de Periodismo y, antes, la Pluma de Oro de la Libertad, otorgada por la Federaci\u00f3n Mundial de la Prensa. Tambi\u00e9n obtuvo el Premio Latinoamericano de Periodismo, la Houten Camara de Holanda (1989) entre otras m\u00faltiples distinciones nacionales y extranjeras. Forma parte de los sesenta periodistas del mundo considerados H\u00e9roes de la Libertad de Expresi\u00f3n, reconocimiento hecho por la Federaci\u00f3n Internacional de Periodistas. Ha sido director y columnista de las revistas Debate Universitario, An\u00e1lisis y Los Tiempos, as\u00ed como del diario electr\u00f3nico primeral\u00ednea.cl. Tambi\u00e9n fue por m\u00e1s 18 a\u00f1os director de la Radio Universidad de Chile y de su diario digital. Se ha desempe\u00f1ado como profesor de varias escuelas de periodismo de Santiago y Valpara\u00edso y en la Universidad de Chile alcanz\u00f3 el grado de profesor titular y senador universitario.","url":"https:\/\/www.pressenza.com\/es\/author\/juan-pablo-cardenas\/"}]}},"place":"Santiago de Chile","original_article_url":"","_links":{"self":[{"href":"https:\/\/www.pressenza.com\/es\/wp-json\/wp\/v2\/posts\/1721680","targetHints":{"allow":["GET"]}}],"collection":[{"href":"https:\/\/www.pressenza.com\/es\/wp-json\/wp\/v2\/posts"}],"about":[{"href":"https:\/\/www.pressenza.com\/es\/wp-json\/wp\/v2\/types\/post"}],"author":[{"embeddable":true,"href":"https:\/\/www.pressenza.com\/es\/wp-json\/wp\/v2\/users\/1739"}],"replies":[{"embeddable":true,"href":"https:\/\/www.pressenza.com\/es\/wp-json\/wp\/v2\/comments?post=1721680"}],"version-history":[{"count":0,"href":"https:\/\/www.pressenza.com\/es\/wp-json\/wp\/v2\/posts\/1721680\/revisions"}],"wp:featuredmedia":[{"embeddable":true,"href":"https:\/\/www.pressenza.com\/es\/wp-json\/wp\/v2\/media\/1721683"}],"wp:attachment":[{"href":"https:\/\/www.pressenza.com\/es\/wp-json\/wp\/v2\/media?parent=1721680"}],"wp:term":[{"taxonomy":"category","embeddable":true,"href":"https:\/\/www.pressenza.com\/es\/wp-json\/wp\/v2\/categories?post=1721680"},{"taxonomy":"post_tag","embeddable":true,"href":"https:\/\/www.pressenza.com\/es\/wp-json\/wp\/v2\/tags?post=1721680"}],"curies":[{"name":"wp","href":"https:\/\/api.w.org\/{rel}","templated":true}]}}