{"id":1721019,"date":"2023-02-28T19:13:47","date_gmt":"2023-02-28T19:13:47","guid":{"rendered":"https:\/\/www.pressenza.com\/?p=1721019"},"modified":"2023-02-28T19:13:47","modified_gmt":"2023-02-28T19:13:47","slug":"28f-dia-de-andalucia-celebrar-la-identidad-con-la-tierra-reconociendo-la-historia","status":"publish","type":"post","link":"https:\/\/www.pressenza.com\/es\/2023\/02\/28f-dia-de-andalucia-celebrar-la-identidad-con-la-tierra-reconociendo-la-historia\/","title":{"rendered":"28F, D\u00eda de Andaluc\u00eda: Celebrar la identidad con la tierra reconociendo la historia"},"content":{"rendered":"<p><em><strong>El D\u00eda de Andaluc\u00eda conmemora el refer\u00e9ndum por el que se recuper\u00f3 una autonom\u00eda aplastada por la dictadura. Celebrar una jornada en nombre del territorio com\u00fan es un signo de pertinencia que supone tambi\u00e9n hacer memoria y reconocer todos los relatos que le dan forma.<\/strong><\/em><\/p>\n<p>por I\u00f1aki Ch\u00e1ves<\/p>\n<p data-adtags-visited=\"true\">Podr\u00eda celebrarse el 4 de diciembre, D\u00eda de la bandera andaluza en recuerdo de la manifestaci\u00f3n que llev\u00f3 a aquel plebiscito. En cualquier caso, evocar significa recuperar las narrativas perdidas o ignoradas para lograr la unidad de Andaluc\u00eda en su idiosincrasia y su diversidad. Entendiendo su valor y sabiendo que toda conmemoraci\u00f3n requiere abrir los espacios para que quepan todas las gentes y sus colores en una \u201ctierra de paz, esperanza, encuentro y acogida\u201d, como demanda la Plataforma Andaluc\u00eda 28F.<\/p>\n<p data-adtags-visited=\"true\">La poblaci\u00f3n, la ciudadan\u00eda com\u00fan y la \u201cgente de bien\u201d, debe asumir con generosidad su propio pasado, el de la autonom\u00eda y m\u00e1s atr\u00e1s: el de la II Rep\u00fablica. Dicen que pas\u00f3 hace ya muchos a\u00f1os, y es cierto, y m\u00e1s vista desde esta velocidad con la que vivimos el presente, pero tambi\u00e9n tienen mucha edad la filosof\u00eda cl\u00e1sica griega, la Revoluci\u00f3n francesa, la Primera Guerra Mundial o la invenci\u00f3n de la radio y las seguimos estudiando. Porque necesitamos conocer todas nuestras historias para saber qui\u00e9nes somos.<\/p>\n<p>Para cerrar heridas, estas tienen que cicatrizar; pero no lo pueden hacer si antes no se curan. Los sucesos de la Desband\u00e1 en la provincia de M\u00e1laga, una de las mayores masacres de la guerra de Espa\u00f1a, o las personas represaliadas de la fosa de Pico Reja en Sevilla, casi mil ochocientos cad\u00e1veres entre los que podr\u00edan estar los restos del propio padre de la patria andaluza, tienen que ser de conocimiento p\u00fablico y estudiarse en las escuelas. Porque lo que no se nombra, como ha quedado demostrado durante el franquismo y la Transici\u00f3n, no existe; y si no existen los hechos y sus protagonistas, la historia no est\u00e1 completa y no se puede celebrar nada.<\/p>\n<p>Los gobernantes de la regi\u00f3n andaluza, actuales, pasados o venideros, no ser\u00e1n culpables, pero si no contribuyen a que se conozca su historia y a que se consigan justicia y reparaci\u00f3n, sin venganza, solamente como derecho, se perder\u00e1 la memoria y caer\u00e1 la historia en el olvido. Y \u00a0de eso s\u00ed ser\u00e1n responsables.<\/p>\n<p>La Historia est\u00e1 compuesta de muchas historias, todas necesarias en la construcci\u00f3n de un pasado que nos ha llevado hasta un presente que est\u00e1 dando pie para el futuro. No podemos quedarnos con una \u00fanica historia, que por lo general escriben a su gusto quienes tienen el poder. Sea el cuatro de diciembre o sea el veintiocho de febrero, lo importante es que sea. Por la paz y la justicia social, hay que reivindicar la memoria democr\u00e1tica y celebrar a Andaluc\u00eda, sus relatos y a sus gentes. Todas.<\/p>\n","protected":false},"excerpt":{"rendered":"<p>El D\u00eda de Andaluc\u00eda conmemora el refer\u00e9ndum por el que se recuper\u00f3 una autonom\u00eda aplastada por la dictadura. Celebrar una jornada en nombre del territorio com\u00fan es un signo de pertinencia que supone tambi\u00e9n hacer memoria y reconocer todos los&hellip;<\/p>\n","protected":false},"author":1053,"featured_media":1721021,"comment_status":"closed","ping_status":"closed","sticky":false,"template":"","format":"standard","meta":{"footnotes":""},"categories":[75,66,161],"tags":[24023,4718,85323,110564],"class_list":["post-1721019","post","type-post","status-publish","format-standard","has-post-thumbnail","hentry","category-cultura-es","category-europa-es","category-opiniones","tag-andalucia","tag-autodeterminacion","tag-identidades","tag-no-a-la-dictadura"],"yoast_head":"<!-- This site is optimized with the Yoast SEO plugin v27.1.1 - https:\/\/yoast.com\/product\/yoast-seo-wordpress\/ -->\n<title>28F, D\u00eda de Andaluc\u00eda: Celebrar la identidad con la tierra reconociendo la historia<\/title>\n<meta name=\"description\" content=\"El D\u00eda de Andaluc\u00eda conmemora el refer\u00e9ndum por el que se recuper\u00f3 una autonom\u00eda aplastada por la dictadura. Celebrar una jornada en nombre del territorio\" \/>\n<meta name=\"robots\" content=\"index, follow, max-snippet:-1, max-image-preview:large, max-video-preview:-1\" \/>\n<link rel=\"canonical\" href=\"https:\/\/www.pressenza.com\/es\/2023\/02\/28f-dia-de-andalucia-celebrar-la-identidad-con-la-tierra-reconociendo-la-historia\/\" \/>\n<meta property=\"og:locale\" content=\"es_ES\" \/>\n<meta property=\"og:type\" content=\"article\" \/>\n<meta property=\"og:title\" content=\"28F, D\u00eda de Andaluc\u00eda: Celebrar la identidad con la tierra reconociendo la historia\" \/>\n<meta property=\"og:description\" content=\"El D\u00eda de Andaluc\u00eda conmemora el refer\u00e9ndum por el que se recuper\u00f3 una autonom\u00eda aplastada por la dictadura. Celebrar una jornada en nombre del territorio\" \/>\n<meta property=\"og:url\" content=\"https:\/\/www.pressenza.com\/es\/2023\/02\/28f-dia-de-andalucia-celebrar-la-identidad-con-la-tierra-reconociendo-la-historia\/\" \/>\n<meta property=\"og:site_name\" content=\"Pressenza\" \/>\n<meta property=\"article:publisher\" content=\"https:\/\/www.facebook.com\/PressenzaItalia\" \/>\n<meta property=\"article:published_time\" content=\"2023-02-28T19:13:47+00:00\" \/>\n<meta property=\"og:image\" content=\"https:\/\/www.pressenza.com\/wp-content\/uploads\/2023\/02\/andalucia.jpg\" \/>\n\t<meta property=\"og:image:width\" content=\"793\" \/>\n\t<meta property=\"og:image:height\" content=\"533\" \/>\n\t<meta property=\"og:image:type\" content=\"image\/jpeg\" \/>\n<meta name=\"author\" content=\"Redacci\u00f3n Colombia\" \/>\n<meta name=\"twitter:card\" content=\"summary_large_image\" \/>\n<meta name=\"twitter:creator\" content=\"@PressenzaIPA\" \/>\n<meta name=\"twitter:site\" content=\"@PressenzaIPA\" \/>\n<meta name=\"twitter:label1\" content=\"Escrito por\" \/>\n\t<meta name=\"twitter:data1\" content=\"Redacci\u00f3n Colombia\" \/>\n\t<meta name=\"twitter:label2\" content=\"Tiempo de lectura\" \/>\n\t<meta name=\"twitter:data2\" content=\"3 minutos\" \/>\n<script type=\"application\/ld+json\" class=\"yoast-schema-graph\">{\"@context\":\"https:\/\/schema.org\",\"@graph\":[{\"@type\":\"Article\",\"@id\":\"https:\/\/www.pressenza.com\/es\/2023\/02\/28f-dia-de-andalucia-celebrar-la-identidad-con-la-tierra-reconociendo-la-historia\/#article\",\"isPartOf\":{\"@id\":\"https:\/\/www.pressenza.com\/es\/2023\/02\/28f-dia-de-andalucia-celebrar-la-identidad-con-la-tierra-reconociendo-la-historia\/\"},\"author\":{\"name\":\"Redacci\u00f3n Colombia\",\"@id\":\"https:\/\/www.pressenza.com\/es\/#\/schema\/person\/7c8ee170a4502d638436c91e385315f2\"},\"headline\":\"28F, D\u00eda de Andaluc\u00eda: Celebrar la identidad con la tierra reconociendo la historia\",\"datePublished\":\"2023-02-28T19:13:47+00:00\",\"mainEntityOfPage\":{\"@id\":\"https:\/\/www.pressenza.com\/es\/2023\/02\/28f-dia-de-andalucia-celebrar-la-identidad-con-la-tierra-reconociendo-la-historia\/\"},\"wordCount\":528,\"publisher\":{\"@id\":\"https:\/\/www.pressenza.com\/es\/#organization\"},\"image\":{\"@id\":\"https:\/\/www.pressenza.com\/es\/2023\/02\/28f-dia-de-andalucia-celebrar-la-identidad-con-la-tierra-reconociendo-la-historia\/#primaryimage\"},\"thumbnailUrl\":\"https:\/\/www.pressenza.com\/wp-content\/uploads\/2023\/02\/andalucia.jpg\",\"keywords\":[\"Andaluc\u00eda\",\"autodeterminaci\u00f3n\",\"identidades\",\"no a la dictadura\"],\"articleSection\":[\"Cultura y Medios\",\"Europa\",\"Opiniones\"],\"inLanguage\":\"es\"},{\"@type\":\"WebPage\",\"@id\":\"https:\/\/www.pressenza.com\/es\/2023\/02\/28f-dia-de-andalucia-celebrar-la-identidad-con-la-tierra-reconociendo-la-historia\/\",\"url\":\"https:\/\/www.pressenza.com\/es\/2023\/02\/28f-dia-de-andalucia-celebrar-la-identidad-con-la-tierra-reconociendo-la-historia\/\",\"name\":\"28F, D\u00eda de Andaluc\u00eda: Celebrar la identidad con la tierra reconociendo la historia\",\"isPartOf\":{\"@id\":\"https:\/\/www.pressenza.com\/es\/#website\"},\"primaryImageOfPage\":{\"@id\":\"https:\/\/www.pressenza.com\/es\/2023\/02\/28f-dia-de-andalucia-celebrar-la-identidad-con-la-tierra-reconociendo-la-historia\/#primaryimage\"},\"image\":{\"@id\":\"https:\/\/www.pressenza.com\/es\/2023\/02\/28f-dia-de-andalucia-celebrar-la-identidad-con-la-tierra-reconociendo-la-historia\/#primaryimage\"},\"thumbnailUrl\":\"https:\/\/www.pressenza.com\/wp-content\/uploads\/2023\/02\/andalucia.jpg\",\"datePublished\":\"2023-02-28T19:13:47+00:00\",\"description\":\"El D\u00eda de Andaluc\u00eda conmemora el refer\u00e9ndum por el que se recuper\u00f3 una autonom\u00eda aplastada por la dictadura. Celebrar una jornada en nombre del territorio\",\"breadcrumb\":{\"@id\":\"https:\/\/www.pressenza.com\/es\/2023\/02\/28f-dia-de-andalucia-celebrar-la-identidad-con-la-tierra-reconociendo-la-historia\/#breadcrumb\"},\"inLanguage\":\"es\",\"potentialAction\":[{\"@type\":\"ReadAction\",\"target\":[\"https:\/\/www.pressenza.com\/es\/2023\/02\/28f-dia-de-andalucia-celebrar-la-identidad-con-la-tierra-reconociendo-la-historia\/\"]}]},{\"@type\":\"ImageObject\",\"inLanguage\":\"es\",\"@id\":\"https:\/\/www.pressenza.com\/es\/2023\/02\/28f-dia-de-andalucia-celebrar-la-identidad-con-la-tierra-reconociendo-la-historia\/#primaryimage\",\"url\":\"https:\/\/www.pressenza.com\/wp-content\/uploads\/2023\/02\/andalucia.jpg\",\"contentUrl\":\"https:\/\/www.pressenza.com\/wp-content\/uploads\/2023\/02\/andalucia.jpg\",\"width\":793,\"height\":533},{\"@type\":\"BreadcrumbList\",\"@id\":\"https:\/\/www.pressenza.com\/es\/2023\/02\/28f-dia-de-andalucia-celebrar-la-identidad-con-la-tierra-reconociendo-la-historia\/#breadcrumb\",\"itemListElement\":[{\"@type\":\"ListItem\",\"position\":1,\"name\":\"Accueil\",\"item\":\"https:\/\/www.pressenza.com\/es\/\"},{\"@type\":\"ListItem\",\"position\":2,\"name\":\"28F, D\u00eda de Andaluc\u00eda: Celebrar la identidad con la tierra reconociendo la historia\"}]},{\"@type\":\"WebSite\",\"@id\":\"https:\/\/www.pressenza.com\/es\/#website\",\"url\":\"https:\/\/www.pressenza.com\/es\/\",\"name\":\"Pressenza\",\"description\":\"International Press Agency\",\"publisher\":{\"@id\":\"https:\/\/www.pressenza.com\/es\/#organization\"},\"potentialAction\":[{\"@type\":\"SearchAction\",\"target\":{\"@type\":\"EntryPoint\",\"urlTemplate\":\"https:\/\/www.pressenza.com\/es\/?s={search_term_string}\"},\"query-input\":{\"@type\":\"PropertyValueSpecification\",\"valueRequired\":true,\"valueName\":\"search_term_string\"}}],\"inLanguage\":\"es\"},{\"@type\":\"Organization\",\"@id\":\"https:\/\/www.pressenza.com\/es\/#organization\",\"name\":\"Pressenza\",\"url\":\"https:\/\/www.pressenza.com\/es\/\",\"logo\":{\"@type\":\"ImageObject\",\"inLanguage\":\"es\",\"@id\":\"https:\/\/www.pressenza.com\/es\/#\/schema\/logo\/image\/\",\"url\":\"https:\/\/www.pressenza.com\/wp-content\/uploads\/2022\/10\/pressenza_logo_200x200.jpg\",\"contentUrl\":\"https:\/\/www.pressenza.com\/wp-content\/uploads\/2022\/10\/pressenza_logo_200x200.jpg\",\"width\":200,\"height\":200,\"caption\":\"Pressenza\"},\"image\":{\"@id\":\"https:\/\/www.pressenza.com\/es\/#\/schema\/logo\/image\/\"},\"sameAs\":[\"https:\/\/www.facebook.com\/PressenzaItalia\",\"https:\/\/x.com\/PressenzaIPA\"]},{\"@type\":\"Person\",\"@id\":\"https:\/\/www.pressenza.com\/es\/#\/schema\/person\/7c8ee170a4502d638436c91e385315f2\",\"name\":\"Redacci\u00f3n Colombia\",\"description\":\"News published by the Pressenza bureau in Colombia\",\"url\":\"https:\/\/www.pressenza.com\/es\/author\/redaccion-colombia\/\"}]}<\/script>\n<!-- \/ Yoast SEO plugin. -->","yoast_head_json":{"title":"28F, D\u00eda de Andaluc\u00eda: Celebrar la identidad con la tierra reconociendo la historia","description":"El D\u00eda de Andaluc\u00eda conmemora el refer\u00e9ndum por el que se recuper\u00f3 una autonom\u00eda aplastada por la dictadura. Celebrar una jornada en nombre del territorio","robots":{"index":"index","follow":"follow","max-snippet":"max-snippet:-1","max-image-preview":"max-image-preview:large","max-video-preview":"max-video-preview:-1"},"canonical":"https:\/\/www.pressenza.com\/es\/2023\/02\/28f-dia-de-andalucia-celebrar-la-identidad-con-la-tierra-reconociendo-la-historia\/","og_locale":"es_ES","og_type":"article","og_title":"28F, D\u00eda de Andaluc\u00eda: Celebrar la identidad con la tierra reconociendo la historia","og_description":"El D\u00eda de Andaluc\u00eda conmemora el refer\u00e9ndum por el que se recuper\u00f3 una autonom\u00eda aplastada por la dictadura. Celebrar una jornada en nombre del territorio","og_url":"https:\/\/www.pressenza.com\/es\/2023\/02\/28f-dia-de-andalucia-celebrar-la-identidad-con-la-tierra-reconociendo-la-historia\/","og_site_name":"Pressenza","article_publisher":"https:\/\/www.facebook.com\/PressenzaItalia","article_published_time":"2023-02-28T19:13:47+00:00","og_image":[{"width":793,"height":533,"url":"https:\/\/www.pressenza.com\/wp-content\/uploads\/2023\/02\/andalucia.jpg","type":"image\/jpeg"}],"author":"Redacci\u00f3n Colombia","twitter_card":"summary_large_image","twitter_creator":"@PressenzaIPA","twitter_site":"@PressenzaIPA","twitter_misc":{"Escrito por":"Redacci\u00f3n Colombia","Tiempo de lectura":"3 minutos"},"schema":{"@context":"https:\/\/schema.org","@graph":[{"@type":"Article","@id":"https:\/\/www.pressenza.com\/es\/2023\/02\/28f-dia-de-andalucia-celebrar-la-identidad-con-la-tierra-reconociendo-la-historia\/#article","isPartOf":{"@id":"https:\/\/www.pressenza.com\/es\/2023\/02\/28f-dia-de-andalucia-celebrar-la-identidad-con-la-tierra-reconociendo-la-historia\/"},"author":{"name":"Redacci\u00f3n Colombia","@id":"https:\/\/www.pressenza.com\/es\/#\/schema\/person\/7c8ee170a4502d638436c91e385315f2"},"headline":"28F, D\u00eda de Andaluc\u00eda: Celebrar la identidad con la tierra reconociendo la historia","datePublished":"2023-02-28T19:13:47+00:00","mainEntityOfPage":{"@id":"https:\/\/www.pressenza.com\/es\/2023\/02\/28f-dia-de-andalucia-celebrar-la-identidad-con-la-tierra-reconociendo-la-historia\/"},"wordCount":528,"publisher":{"@id":"https:\/\/www.pressenza.com\/es\/#organization"},"image":{"@id":"https:\/\/www.pressenza.com\/es\/2023\/02\/28f-dia-de-andalucia-celebrar-la-identidad-con-la-tierra-reconociendo-la-historia\/#primaryimage"},"thumbnailUrl":"https:\/\/www.pressenza.com\/wp-content\/uploads\/2023\/02\/andalucia.jpg","keywords":["Andaluc\u00eda","autodeterminaci\u00f3n","identidades","no a la dictadura"],"articleSection":["Cultura y Medios","Europa","Opiniones"],"inLanguage":"es"},{"@type":"WebPage","@id":"https:\/\/www.pressenza.com\/es\/2023\/02\/28f-dia-de-andalucia-celebrar-la-identidad-con-la-tierra-reconociendo-la-historia\/","url":"https:\/\/www.pressenza.com\/es\/2023\/02\/28f-dia-de-andalucia-celebrar-la-identidad-con-la-tierra-reconociendo-la-historia\/","name":"28F, D\u00eda de Andaluc\u00eda: Celebrar la identidad con la tierra reconociendo la historia","isPartOf":{"@id":"https:\/\/www.pressenza.com\/es\/#website"},"primaryImageOfPage":{"@id":"https:\/\/www.pressenza.com\/es\/2023\/02\/28f-dia-de-andalucia-celebrar-la-identidad-con-la-tierra-reconociendo-la-historia\/#primaryimage"},"image":{"@id":"https:\/\/www.pressenza.com\/es\/2023\/02\/28f-dia-de-andalucia-celebrar-la-identidad-con-la-tierra-reconociendo-la-historia\/#primaryimage"},"thumbnailUrl":"https:\/\/www.pressenza.com\/wp-content\/uploads\/2023\/02\/andalucia.jpg","datePublished":"2023-02-28T19:13:47+00:00","description":"El D\u00eda de Andaluc\u00eda conmemora el refer\u00e9ndum por el que se recuper\u00f3 una autonom\u00eda aplastada por la dictadura. Celebrar una jornada en nombre del territorio","breadcrumb":{"@id":"https:\/\/www.pressenza.com\/es\/2023\/02\/28f-dia-de-andalucia-celebrar-la-identidad-con-la-tierra-reconociendo-la-historia\/#breadcrumb"},"inLanguage":"es","potentialAction":[{"@type":"ReadAction","target":["https:\/\/www.pressenza.com\/es\/2023\/02\/28f-dia-de-andalucia-celebrar-la-identidad-con-la-tierra-reconociendo-la-historia\/"]}]},{"@type":"ImageObject","inLanguage":"es","@id":"https:\/\/www.pressenza.com\/es\/2023\/02\/28f-dia-de-andalucia-celebrar-la-identidad-con-la-tierra-reconociendo-la-historia\/#primaryimage","url":"https:\/\/www.pressenza.com\/wp-content\/uploads\/2023\/02\/andalucia.jpg","contentUrl":"https:\/\/www.pressenza.com\/wp-content\/uploads\/2023\/02\/andalucia.jpg","width":793,"height":533},{"@type":"BreadcrumbList","@id":"https:\/\/www.pressenza.com\/es\/2023\/02\/28f-dia-de-andalucia-celebrar-la-identidad-con-la-tierra-reconociendo-la-historia\/#breadcrumb","itemListElement":[{"@type":"ListItem","position":1,"name":"Accueil","item":"https:\/\/www.pressenza.com\/es\/"},{"@type":"ListItem","position":2,"name":"28F, D\u00eda de Andaluc\u00eda: Celebrar la identidad con la tierra reconociendo la historia"}]},{"@type":"WebSite","@id":"https:\/\/www.pressenza.com\/es\/#website","url":"https:\/\/www.pressenza.com\/es\/","name":"Pressenza","description":"International Press Agency","publisher":{"@id":"https:\/\/www.pressenza.com\/es\/#organization"},"potentialAction":[{"@type":"SearchAction","target":{"@type":"EntryPoint","urlTemplate":"https:\/\/www.pressenza.com\/es\/?s={search_term_string}"},"query-input":{"@type":"PropertyValueSpecification","valueRequired":true,"valueName":"search_term_string"}}],"inLanguage":"es"},{"@type":"Organization","@id":"https:\/\/www.pressenza.com\/es\/#organization","name":"Pressenza","url":"https:\/\/www.pressenza.com\/es\/","logo":{"@type":"ImageObject","inLanguage":"es","@id":"https:\/\/www.pressenza.com\/es\/#\/schema\/logo\/image\/","url":"https:\/\/www.pressenza.com\/wp-content\/uploads\/2022\/10\/pressenza_logo_200x200.jpg","contentUrl":"https:\/\/www.pressenza.com\/wp-content\/uploads\/2022\/10\/pressenza_logo_200x200.jpg","width":200,"height":200,"caption":"Pressenza"},"image":{"@id":"https:\/\/www.pressenza.com\/es\/#\/schema\/logo\/image\/"},"sameAs":["https:\/\/www.facebook.com\/PressenzaItalia","https:\/\/x.com\/PressenzaIPA"]},{"@type":"Person","@id":"https:\/\/www.pressenza.com\/es\/#\/schema\/person\/7c8ee170a4502d638436c91e385315f2","name":"Redacci\u00f3n Colombia","description":"News published by the Pressenza bureau in Colombia","url":"https:\/\/www.pressenza.com\/es\/author\/redaccion-colombia\/"}]}},"place":"","original_article_url":"https:\/\/paterasalsur.wordpress.com\/2023\/02\/27\/28f-dia-de-andalucia\/","_links":{"self":[{"href":"https:\/\/www.pressenza.com\/es\/wp-json\/wp\/v2\/posts\/1721019","targetHints":{"allow":["GET"]}}],"collection":[{"href":"https:\/\/www.pressenza.com\/es\/wp-json\/wp\/v2\/posts"}],"about":[{"href":"https:\/\/www.pressenza.com\/es\/wp-json\/wp\/v2\/types\/post"}],"author":[{"embeddable":true,"href":"https:\/\/www.pressenza.com\/es\/wp-json\/wp\/v2\/users\/1053"}],"replies":[{"embeddable":true,"href":"https:\/\/www.pressenza.com\/es\/wp-json\/wp\/v2\/comments?post=1721019"}],"version-history":[{"count":0,"href":"https:\/\/www.pressenza.com\/es\/wp-json\/wp\/v2\/posts\/1721019\/revisions"}],"wp:featuredmedia":[{"embeddable":true,"href":"https:\/\/www.pressenza.com\/es\/wp-json\/wp\/v2\/media\/1721021"}],"wp:attachment":[{"href":"https:\/\/www.pressenza.com\/es\/wp-json\/wp\/v2\/media?parent=1721019"}],"wp:term":[{"taxonomy":"category","embeddable":true,"href":"https:\/\/www.pressenza.com\/es\/wp-json\/wp\/v2\/categories?post=1721019"},{"taxonomy":"post_tag","embeddable":true,"href":"https:\/\/www.pressenza.com\/es\/wp-json\/wp\/v2\/tags?post=1721019"}],"curies":[{"name":"wp","href":"https:\/\/api.w.org\/{rel}","templated":true}]}}