{"id":1719964,"date":"2023-02-25T19:51:07","date_gmt":"2023-02-25T19:51:07","guid":{"rendered":"https:\/\/www.pressenza.com\/?p=1719964"},"modified":"2023-02-25T19:51:07","modified_gmt":"2023-02-25T19:51:07","slug":"ni-putin-ni-otan-manifestacion-contra-la-guerra-en-madrid","status":"publish","type":"post","link":"https:\/\/www.pressenza.com\/es\/2023\/02\/ni-putin-ni-otan-manifestacion-contra-la-guerra-en-madrid\/","title":{"rendered":"Ni Putin Ni OTAN. Manifestaci\u00f3n contra la Guerra en Madrid"},"content":{"rendered":"<p>Han sido numerosas las movilizaciones que han tenido lugar en estos d\u00edas en el Estado espa\u00f1ol, con motivo del primer aniversario de la invasi\u00f3n de Ucrania por parte de Rusia, reclamando el fin de la guerra y \u00abgastos militares para escuelas y hospitales\u00bb<\/p>\n<p>Con el lema de \u00abNo a la guerra. Ni Putin ni OTAN. No al env\u00edo de armas\u00bb, miles de personas en Madrid se han echado a la calle este 25 de febrero, en una ma\u00f1ana de sol pero fr\u00eda, para reclamar al Gobierno espa\u00f1ol que cese en su pol\u00edtica armament\u00edstica.<\/p>\n<p><iframe loading=\"lazy\" title=\"Ni Putin Ni OTAN. Manifestaci\u00f3n contra la Guerra en Madrid\" width=\"500\" height=\"281\" src=\"https:\/\/www.youtube.com\/embed\/_mx2agAibP4?feature=oembed\" frameborder=\"0\" allow=\"accelerometer; autoplay; clipboard-write; encrypted-media; gyroscope; picture-in-picture; web-share\" referrerpolicy=\"strict-origin-when-cross-origin\" allowfullscreen><\/iframe><\/p>\n","protected":false},"excerpt":{"rendered":"<p>Han sido numerosas las movilizaciones que han tenido lugar en estos d\u00edas en el Estado espa\u00f1ol, con motivo del primer aniversario de la invasi\u00f3n de Ucrania por parte de Rusia, reclamando el fin de la guerra y \u00abgastos militares para&hellip;<\/p>\n","protected":false},"author":2018,"featured_media":1719965,"comment_status":"closed","ping_status":"closed","sticky":false,"template":"","format":"standard","meta":{"footnotes":""},"categories":[11389,66,1243,25678],"tags":[99548,1065,924,54423,715,8879],"class_list":["post-1719964","post","type-post","status-publish","format-standard","has-post-thumbnail","hentry","category-contenido-original","category-europa-es","category-paz-desarme","category-video-es","tag-noalaguerra","tag-espana","tag-otan","tag-putin-es","tag-rusia","tag-ucrania"],"yoast_head":"<!-- This site is optimized with the Yoast SEO plugin v27.1.1 - https:\/\/yoast.com\/product\/yoast-seo-wordpress\/ -->\n<title>Ni Putin Ni OTAN. Manifestaci\u00f3n contra la Guerra en Madrid<\/title>\n<meta name=\"description\" content=\"Han sido numerosas las movilizaciones que han tenido lugar en estos d\u00edas en el Estado espa\u00f1ol, con motivo del primer aniversario de la invasi\u00f3n de Ucrania\" \/>\n<meta name=\"robots\" content=\"index, follow, max-snippet:-1, max-image-preview:large, max-video-preview:-1\" \/>\n<link rel=\"canonical\" href=\"https:\/\/www.pressenza.com\/es\/2023\/02\/ni-putin-ni-otan-manifestacion-contra-la-guerra-en-madrid\/\" \/>\n<meta property=\"og:locale\" content=\"es_ES\" \/>\n<meta property=\"og:type\" content=\"article\" \/>\n<meta property=\"og:title\" content=\"Ni Putin Ni OTAN. Manifestaci\u00f3n contra la Guerra en Madrid\" \/>\n<meta property=\"og:description\" content=\"Han sido numerosas las movilizaciones que han tenido lugar en estos d\u00edas en el Estado espa\u00f1ol, con motivo del primer aniversario de la invasi\u00f3n de Ucrania\" \/>\n<meta property=\"og:url\" content=\"https:\/\/www.pressenza.com\/es\/2023\/02\/ni-putin-ni-otan-manifestacion-contra-la-guerra-en-madrid\/\" \/>\n<meta property=\"og:site_name\" content=\"Pressenza\" \/>\n<meta property=\"article:publisher\" content=\"https:\/\/www.facebook.com\/PressenzaItalia\" \/>\n<meta property=\"article:published_time\" content=\"2023-02-25T19:51:07+00:00\" \/>\n<meta property=\"og:image\" content=\"https:\/\/www.pressenza.com\/wp-content\/uploads\/2023\/02\/IMG-7914.jpg\" \/>\n\t<meta property=\"og:image:width\" content=\"1920\" \/>\n\t<meta property=\"og:image:height\" content=\"1440\" \/>\n\t<meta property=\"og:image:type\" content=\"image\/jpeg\" \/>\n<meta name=\"author\" content=\"\u00c1lvaro Or\u00fas Andreu\" \/>\n<meta name=\"twitter:card\" content=\"summary_large_image\" \/>\n<meta name=\"twitter:creator\" content=\"@PressenzaIPA\" \/>\n<meta name=\"twitter:site\" content=\"@PressenzaIPA\" \/>\n<meta name=\"twitter:label1\" content=\"Escrito por\" \/>\n\t<meta name=\"twitter:data1\" content=\"\u00c1lvaro Or\u00fas Andreu\" \/>\n\t<meta name=\"twitter:label2\" content=\"Tiempo de lectura\" \/>\n\t<meta name=\"twitter:data2\" content=\"1 minuto\" \/>\n<script type=\"application\/ld+json\" class=\"yoast-schema-graph\">{\"@context\":\"https:\/\/schema.org\",\"@graph\":[{\"@type\":\"Article\",\"@id\":\"https:\/\/www.pressenza.com\/es\/2023\/02\/ni-putin-ni-otan-manifestacion-contra-la-guerra-en-madrid\/#article\",\"isPartOf\":{\"@id\":\"https:\/\/www.pressenza.com\/es\/2023\/02\/ni-putin-ni-otan-manifestacion-contra-la-guerra-en-madrid\/\"},\"author\":{\"name\":\"\u00c1lvaro Or\u00fas Andreu\",\"@id\":\"https:\/\/www.pressenza.com\/es\/#\/schema\/person\/6e2953a006de6ef460d10bd959b1de54\"},\"headline\":\"Ni Putin Ni OTAN. Manifestaci\u00f3n contra la Guerra en Madrid\",\"datePublished\":\"2023-02-25T19:51:07+00:00\",\"mainEntityOfPage\":{\"@id\":\"https:\/\/www.pressenza.com\/es\/2023\/02\/ni-putin-ni-otan-manifestacion-contra-la-guerra-en-madrid\/\"},\"wordCount\":117,\"publisher\":{\"@id\":\"https:\/\/www.pressenza.com\/es\/#organization\"},\"image\":{\"@id\":\"https:\/\/www.pressenza.com\/es\/2023\/02\/ni-putin-ni-otan-manifestacion-contra-la-guerra-en-madrid\/#primaryimage\"},\"thumbnailUrl\":\"https:\/\/www.pressenza.com\/wp-content\/uploads\/2023\/02\/IMG-7914.jpg\",\"keywords\":[\"#NoAlaGuerra\",\"Espa\u00f1a\",\"OTAN\",\"Putin\",\"Rusia\",\"Ucrania\"],\"articleSection\":[\"Contenido Original\",\"Europa\",\"Paz y Desarme\",\"Video\"],\"inLanguage\":\"es\"},{\"@type\":\"WebPage\",\"@id\":\"https:\/\/www.pressenza.com\/es\/2023\/02\/ni-putin-ni-otan-manifestacion-contra-la-guerra-en-madrid\/\",\"url\":\"https:\/\/www.pressenza.com\/es\/2023\/02\/ni-putin-ni-otan-manifestacion-contra-la-guerra-en-madrid\/\",\"name\":\"Ni Putin Ni OTAN. Manifestaci\u00f3n contra la Guerra en Madrid\",\"isPartOf\":{\"@id\":\"https:\/\/www.pressenza.com\/es\/#website\"},\"primaryImageOfPage\":{\"@id\":\"https:\/\/www.pressenza.com\/es\/2023\/02\/ni-putin-ni-otan-manifestacion-contra-la-guerra-en-madrid\/#primaryimage\"},\"image\":{\"@id\":\"https:\/\/www.pressenza.com\/es\/2023\/02\/ni-putin-ni-otan-manifestacion-contra-la-guerra-en-madrid\/#primaryimage\"},\"thumbnailUrl\":\"https:\/\/www.pressenza.com\/wp-content\/uploads\/2023\/02\/IMG-7914.jpg\",\"datePublished\":\"2023-02-25T19:51:07+00:00\",\"description\":\"Han sido numerosas las movilizaciones que han tenido lugar en estos d\u00edas en el Estado espa\u00f1ol, con motivo del primer aniversario de la invasi\u00f3n de Ucrania\",\"breadcrumb\":{\"@id\":\"https:\/\/www.pressenza.com\/es\/2023\/02\/ni-putin-ni-otan-manifestacion-contra-la-guerra-en-madrid\/#breadcrumb\"},\"inLanguage\":\"es\",\"potentialAction\":[{\"@type\":\"ReadAction\",\"target\":[\"https:\/\/www.pressenza.com\/es\/2023\/02\/ni-putin-ni-otan-manifestacion-contra-la-guerra-en-madrid\/\"]}]},{\"@type\":\"ImageObject\",\"inLanguage\":\"es\",\"@id\":\"https:\/\/www.pressenza.com\/es\/2023\/02\/ni-putin-ni-otan-manifestacion-contra-la-guerra-en-madrid\/#primaryimage\",\"url\":\"https:\/\/www.pressenza.com\/wp-content\/uploads\/2023\/02\/IMG-7914.jpg\",\"contentUrl\":\"https:\/\/www.pressenza.com\/wp-content\/uploads\/2023\/02\/IMG-7914.jpg\",\"width\":1920,\"height\":1440},{\"@type\":\"BreadcrumbList\",\"@id\":\"https:\/\/www.pressenza.com\/es\/2023\/02\/ni-putin-ni-otan-manifestacion-contra-la-guerra-en-madrid\/#breadcrumb\",\"itemListElement\":[{\"@type\":\"ListItem\",\"position\":1,\"name\":\"Accueil\",\"item\":\"https:\/\/www.pressenza.com\/es\/\"},{\"@type\":\"ListItem\",\"position\":2,\"name\":\"Ni Putin Ni OTAN. Manifestaci\u00f3n contra la Guerra en Madrid\"}]},{\"@type\":\"WebSite\",\"@id\":\"https:\/\/www.pressenza.com\/es\/#website\",\"url\":\"https:\/\/www.pressenza.com\/es\/\",\"name\":\"Pressenza\",\"description\":\"International Press Agency\",\"publisher\":{\"@id\":\"https:\/\/www.pressenza.com\/es\/#organization\"},\"potentialAction\":[{\"@type\":\"SearchAction\",\"target\":{\"@type\":\"EntryPoint\",\"urlTemplate\":\"https:\/\/www.pressenza.com\/es\/?s={search_term_string}\"},\"query-input\":{\"@type\":\"PropertyValueSpecification\",\"valueRequired\":true,\"valueName\":\"search_term_string\"}}],\"inLanguage\":\"es\"},{\"@type\":\"Organization\",\"@id\":\"https:\/\/www.pressenza.com\/es\/#organization\",\"name\":\"Pressenza\",\"url\":\"https:\/\/www.pressenza.com\/es\/\",\"logo\":{\"@type\":\"ImageObject\",\"inLanguage\":\"es\",\"@id\":\"https:\/\/www.pressenza.com\/es\/#\/schema\/logo\/image\/\",\"url\":\"https:\/\/www.pressenza.com\/wp-content\/uploads\/2022\/10\/pressenza_logo_200x200.jpg\",\"contentUrl\":\"https:\/\/www.pressenza.com\/wp-content\/uploads\/2022\/10\/pressenza_logo_200x200.jpg\",\"width\":200,\"height\":200,\"caption\":\"Pressenza\"},\"image\":{\"@id\":\"https:\/\/www.pressenza.com\/es\/#\/schema\/logo\/image\/\"},\"sameAs\":[\"https:\/\/www.facebook.com\/PressenzaItalia\",\"https:\/\/x.com\/PressenzaIPA\"]},{\"@type\":\"Person\",\"@id\":\"https:\/\/www.pressenza.com\/es\/#\/schema\/person\/6e2953a006de6ef460d10bd959b1de54\",\"name\":\"\u00c1lvaro Or\u00fas Andreu\",\"description\":\"\u00c1lvaro Or\u00fas Andreu desde 2002 ha participado como director, investigador, guionista, c\u00e1mara y editor en varios documentales que se usan como materiales educativos y en la defensa de derechos humanos. Entre documental y documental colabora como reportero de Pressenza.\",\"url\":\"https:\/\/www.pressenza.com\/es\/author\/alvaro-orus\/\"}]}<\/script>\n<!-- \/ Yoast SEO plugin. -->","yoast_head_json":{"title":"Ni Putin Ni OTAN. Manifestaci\u00f3n contra la Guerra en Madrid","description":"Han sido numerosas las movilizaciones que han tenido lugar en estos d\u00edas en el Estado espa\u00f1ol, con motivo del primer aniversario de la invasi\u00f3n de Ucrania","robots":{"index":"index","follow":"follow","max-snippet":"max-snippet:-1","max-image-preview":"max-image-preview:large","max-video-preview":"max-video-preview:-1"},"canonical":"https:\/\/www.pressenza.com\/es\/2023\/02\/ni-putin-ni-otan-manifestacion-contra-la-guerra-en-madrid\/","og_locale":"es_ES","og_type":"article","og_title":"Ni Putin Ni OTAN. Manifestaci\u00f3n contra la Guerra en Madrid","og_description":"Han sido numerosas las movilizaciones que han tenido lugar en estos d\u00edas en el Estado espa\u00f1ol, con motivo del primer aniversario de la invasi\u00f3n de Ucrania","og_url":"https:\/\/www.pressenza.com\/es\/2023\/02\/ni-putin-ni-otan-manifestacion-contra-la-guerra-en-madrid\/","og_site_name":"Pressenza","article_publisher":"https:\/\/www.facebook.com\/PressenzaItalia","article_published_time":"2023-02-25T19:51:07+00:00","og_image":[{"width":1920,"height":1440,"url":"https:\/\/www.pressenza.com\/wp-content\/uploads\/2023\/02\/IMG-7914.jpg","type":"image\/jpeg"}],"author":"\u00c1lvaro Or\u00fas Andreu","twitter_card":"summary_large_image","twitter_creator":"@PressenzaIPA","twitter_site":"@PressenzaIPA","twitter_misc":{"Escrito por":"\u00c1lvaro Or\u00fas Andreu","Tiempo de lectura":"1 minuto"},"schema":{"@context":"https:\/\/schema.org","@graph":[{"@type":"Article","@id":"https:\/\/www.pressenza.com\/es\/2023\/02\/ni-putin-ni-otan-manifestacion-contra-la-guerra-en-madrid\/#article","isPartOf":{"@id":"https:\/\/www.pressenza.com\/es\/2023\/02\/ni-putin-ni-otan-manifestacion-contra-la-guerra-en-madrid\/"},"author":{"name":"\u00c1lvaro Or\u00fas Andreu","@id":"https:\/\/www.pressenza.com\/es\/#\/schema\/person\/6e2953a006de6ef460d10bd959b1de54"},"headline":"Ni Putin Ni OTAN. Manifestaci\u00f3n contra la Guerra en Madrid","datePublished":"2023-02-25T19:51:07+00:00","mainEntityOfPage":{"@id":"https:\/\/www.pressenza.com\/es\/2023\/02\/ni-putin-ni-otan-manifestacion-contra-la-guerra-en-madrid\/"},"wordCount":117,"publisher":{"@id":"https:\/\/www.pressenza.com\/es\/#organization"},"image":{"@id":"https:\/\/www.pressenza.com\/es\/2023\/02\/ni-putin-ni-otan-manifestacion-contra-la-guerra-en-madrid\/#primaryimage"},"thumbnailUrl":"https:\/\/www.pressenza.com\/wp-content\/uploads\/2023\/02\/IMG-7914.jpg","keywords":["#NoAlaGuerra","Espa\u00f1a","OTAN","Putin","Rusia","Ucrania"],"articleSection":["Contenido Original","Europa","Paz y Desarme","Video"],"inLanguage":"es"},{"@type":"WebPage","@id":"https:\/\/www.pressenza.com\/es\/2023\/02\/ni-putin-ni-otan-manifestacion-contra-la-guerra-en-madrid\/","url":"https:\/\/www.pressenza.com\/es\/2023\/02\/ni-putin-ni-otan-manifestacion-contra-la-guerra-en-madrid\/","name":"Ni Putin Ni OTAN. Manifestaci\u00f3n contra la Guerra en Madrid","isPartOf":{"@id":"https:\/\/www.pressenza.com\/es\/#website"},"primaryImageOfPage":{"@id":"https:\/\/www.pressenza.com\/es\/2023\/02\/ni-putin-ni-otan-manifestacion-contra-la-guerra-en-madrid\/#primaryimage"},"image":{"@id":"https:\/\/www.pressenza.com\/es\/2023\/02\/ni-putin-ni-otan-manifestacion-contra-la-guerra-en-madrid\/#primaryimage"},"thumbnailUrl":"https:\/\/www.pressenza.com\/wp-content\/uploads\/2023\/02\/IMG-7914.jpg","datePublished":"2023-02-25T19:51:07+00:00","description":"Han sido numerosas las movilizaciones que han tenido lugar en estos d\u00edas en el Estado espa\u00f1ol, con motivo del primer aniversario de la invasi\u00f3n de Ucrania","breadcrumb":{"@id":"https:\/\/www.pressenza.com\/es\/2023\/02\/ni-putin-ni-otan-manifestacion-contra-la-guerra-en-madrid\/#breadcrumb"},"inLanguage":"es","potentialAction":[{"@type":"ReadAction","target":["https:\/\/www.pressenza.com\/es\/2023\/02\/ni-putin-ni-otan-manifestacion-contra-la-guerra-en-madrid\/"]}]},{"@type":"ImageObject","inLanguage":"es","@id":"https:\/\/www.pressenza.com\/es\/2023\/02\/ni-putin-ni-otan-manifestacion-contra-la-guerra-en-madrid\/#primaryimage","url":"https:\/\/www.pressenza.com\/wp-content\/uploads\/2023\/02\/IMG-7914.jpg","contentUrl":"https:\/\/www.pressenza.com\/wp-content\/uploads\/2023\/02\/IMG-7914.jpg","width":1920,"height":1440},{"@type":"BreadcrumbList","@id":"https:\/\/www.pressenza.com\/es\/2023\/02\/ni-putin-ni-otan-manifestacion-contra-la-guerra-en-madrid\/#breadcrumb","itemListElement":[{"@type":"ListItem","position":1,"name":"Accueil","item":"https:\/\/www.pressenza.com\/es\/"},{"@type":"ListItem","position":2,"name":"Ni Putin Ni OTAN. Manifestaci\u00f3n contra la Guerra en Madrid"}]},{"@type":"WebSite","@id":"https:\/\/www.pressenza.com\/es\/#website","url":"https:\/\/www.pressenza.com\/es\/","name":"Pressenza","description":"International Press Agency","publisher":{"@id":"https:\/\/www.pressenza.com\/es\/#organization"},"potentialAction":[{"@type":"SearchAction","target":{"@type":"EntryPoint","urlTemplate":"https:\/\/www.pressenza.com\/es\/?s={search_term_string}"},"query-input":{"@type":"PropertyValueSpecification","valueRequired":true,"valueName":"search_term_string"}}],"inLanguage":"es"},{"@type":"Organization","@id":"https:\/\/www.pressenza.com\/es\/#organization","name":"Pressenza","url":"https:\/\/www.pressenza.com\/es\/","logo":{"@type":"ImageObject","inLanguage":"es","@id":"https:\/\/www.pressenza.com\/es\/#\/schema\/logo\/image\/","url":"https:\/\/www.pressenza.com\/wp-content\/uploads\/2022\/10\/pressenza_logo_200x200.jpg","contentUrl":"https:\/\/www.pressenza.com\/wp-content\/uploads\/2022\/10\/pressenza_logo_200x200.jpg","width":200,"height":200,"caption":"Pressenza"},"image":{"@id":"https:\/\/www.pressenza.com\/es\/#\/schema\/logo\/image\/"},"sameAs":["https:\/\/www.facebook.com\/PressenzaItalia","https:\/\/x.com\/PressenzaIPA"]},{"@type":"Person","@id":"https:\/\/www.pressenza.com\/es\/#\/schema\/person\/6e2953a006de6ef460d10bd959b1de54","name":"\u00c1lvaro Or\u00fas Andreu","description":"\u00c1lvaro Or\u00fas Andreu desde 2002 ha participado como director, investigador, guionista, c\u00e1mara y editor en varios documentales que se usan como materiales educativos y en la defensa de derechos humanos. Entre documental y documental colabora como reportero de Pressenza.","url":"https:\/\/www.pressenza.com\/es\/author\/alvaro-orus\/"}]}},"place":"Madrid, Espa\u00f1a","original_article_url":"","_links":{"self":[{"href":"https:\/\/www.pressenza.com\/es\/wp-json\/wp\/v2\/posts\/1719964","targetHints":{"allow":["GET"]}}],"collection":[{"href":"https:\/\/www.pressenza.com\/es\/wp-json\/wp\/v2\/posts"}],"about":[{"href":"https:\/\/www.pressenza.com\/es\/wp-json\/wp\/v2\/types\/post"}],"author":[{"embeddable":true,"href":"https:\/\/www.pressenza.com\/es\/wp-json\/wp\/v2\/users\/2018"}],"replies":[{"embeddable":true,"href":"https:\/\/www.pressenza.com\/es\/wp-json\/wp\/v2\/comments?post=1719964"}],"version-history":[{"count":0,"href":"https:\/\/www.pressenza.com\/es\/wp-json\/wp\/v2\/posts\/1719964\/revisions"}],"wp:featuredmedia":[{"embeddable":true,"href":"https:\/\/www.pressenza.com\/es\/wp-json\/wp\/v2\/media\/1719965"}],"wp:attachment":[{"href":"https:\/\/www.pressenza.com\/es\/wp-json\/wp\/v2\/media?parent=1719964"}],"wp:term":[{"taxonomy":"category","embeddable":true,"href":"https:\/\/www.pressenza.com\/es\/wp-json\/wp\/v2\/categories?post=1719964"},{"taxonomy":"post_tag","embeddable":true,"href":"https:\/\/www.pressenza.com\/es\/wp-json\/wp\/v2\/tags?post=1719964"}],"curies":[{"name":"wp","href":"https:\/\/api.w.org\/{rel}","templated":true}]}}