{"id":1719737,"date":"2023-02-24T22:40:05","date_gmt":"2023-02-24T22:40:05","guid":{"rendered":"https:\/\/www.pressenza.com\/?p=1719737"},"modified":"2023-02-24T22:40:05","modified_gmt":"2023-02-24T22:40:05","slug":"2022-un-ano-violento-para-los-derechos-humanos","status":"publish","type":"post","link":"https:\/\/www.pressenza.com\/es\/2023\/02\/2022-un-ano-violento-para-los-derechos-humanos\/","title":{"rendered":"2022, un a\u00f1o violento para los derechos humanos"},"content":{"rendered":"<p>La Comisi\u00f3n Interamericana de Derechos Humanos (CIDH) conden\u00f3 el asesinato de 126 personas defensoras de derechos humanos en 2022, resultado de la violencia contra ellas.<\/p>\n<p>Mediante un comunicado, reiter\u00f3\u00a0su llamado a los Estados a adoptar medidas urgentes para garantizar la protecci\u00f3n de quienes defienden derechos humanos.<\/p>\n<p>Solo en el \u00faltimo cuatrimestre de 2022 registr\u00f3 42 asesinatos de personas defensoras que son de conocimiento de la Comisi\u00f3n Interamericana, mientras que de enero a agosto fueron 84.<\/p>\n<p>Un gran n\u00famero de estos asesinatos se cometieron en contra de personas defensoras ind\u00edgenas, afrodescendientes, del medio ambiente y territorios.<\/p>\n<h4 class=\"nota-interior-subtitulo\"><strong>Discursos estigmatizantes<\/strong><\/h4>\n<p>Adicionalmente, entre septiembre y diciembre de 2022, la Comisi\u00f3n recibi\u00f3 informaci\u00f3n sobre discursos estigmatizantes que buscan desacreditar la labor de defensa de derechos humanos.<\/p>\n<p>Estos discursos provienen incluso de las m\u00e1s altas autoridades del Estado como en El Salvador, M\u00e9xico y Venezuela.<\/p>\n<p>La Comisi\u00f3n Interamericana recuerda que, la descalificaci\u00f3n de las labores realizadas por personas defensoras de derechos humanos a trav\u00e9s de pronunciamientos p\u00fablicos por parte personas funcionarias, genera una estigmatizaci\u00f3n.<\/p>\n<p>A la vez, puede generar un clima de hostilidad e intolerancia por parte de distintos sectores de la poblaci\u00f3n que dificulte el ejercicio leg\u00edtimo de su libertad de asociaci\u00f3n.<\/p>\n<p>Urge que los Estados investiguen de forma exhaustiva, seria e imparcial, y tomen como primera hip\u00f3tesis la posible vinculaci\u00f3n de estos actos de violencia con la labor de defensa.<\/p>\n<p>De igual forma, los Estados deben incorporar un enfoque diferenciado de g\u00e9nero y \u00e9tnico-racial en la investigaci\u00f3n, juzgamiento, sanci\u00f3n de estos cr\u00edmenes, y en la implementaci\u00f3n de medidas de reparaci\u00f3n a las y los familiares de todas las v\u00edctimas, y dar garant\u00edas de no repetici\u00f3n.<\/p>\n<p>La Comisi\u00f3n\u00a0<a href=\"https:\/\/www.oas.org\/es\/cidh\/informes\/pdfs\/Directrices-TrianguloNorte-es.pdf\" target=\"_Blank\" rel=\"noopener\">reitera<\/a>\u00a0la importancia proteger la vida e integridad y as\u00ed como del rol que desempe\u00f1an las personas defensoras en el fortalecimiento y la consolidaci\u00f3n de las democracias, tal y como lo ha se\u00f1alado la CIDH en sus informes de\u00a0<a href=\"http:\/\/www.cidh.org\/countryrep\/Defensores\/defensoresindice.htm\" target=\"_Blank\" rel=\"noopener\">2006<\/a>,\u00a0<a href=\"https:\/\/www.oas.org\/es\/cidh\/defensores\/docs\/pdf\/defensores2011.pdf\" target=\"_Blank\" rel=\"noopener\">2011<\/a>,\u00a0<a href=\"https:\/\/www.oas.org\/es\/cidh\/informes\/pdfs\/Proteccion-Personas-Defensoras.pdf\" target=\"_Blank\" rel=\"noopener\">2017<\/a>\u00a0y\u00a0<a href=\"https:\/\/www.oas.org\/es\/cidh\/informes\/pdfs\/DefensoresColombia.pdf\" target=\"_Blank\" rel=\"noopener\">2019<\/a>.<\/p>\n<p>A su vez, la labor realizada por quienes defienden el medio ambiente es esencial para garantizar el equilibrio entre la protecci\u00f3n ambiental y el desarrollo sostenible de los pa\u00edses de la regi\u00f3n.<\/p>\n<div>\n<div class=\"fluid-width-video-wrapper\"><iframe id=\"fitvid0\" title=\"Defensorxs 2 v2\" src=\"https:\/\/www.youtube.com\/embed\/wLQ7RwGwuuw\" frameborder=\"0\" allowfullscreen=\"allowfullscreen\" data-mce-fragment=\"1\"><\/iframe><\/div>\n<\/div>\n<p><strong>Brasil<\/strong><\/p>\n<p>En Brasil, durante los \u00faltimos cuatro meses del 2022 se registraron al menos 8 asesinatos de personas defensoras, seg\u00fan informaci\u00f3n de la Oficina del Alto Comisionado para los Derechos Humanos (OACNUDH).<\/p>\n<p>En diciembre fue asesinado Raimundo Nonato Silva de Oliveira integrante del Movimento dos Trabalhadores Sem Terra (MST) en Araguatins, Tocantins.<\/p>\n<p>En noviembre, Cleijomar Rodrigues Vasques, defensor ind\u00edgena Guarani Kaiow\u00e1 LGBTI en Amambai, Mato Grosso do Sul y Nhandesy Estela Ver\u00e1 defensora ind\u00edgena Guaran\u00ed en Japor\u00e3, Mato Grosso do Sul.<\/p>\n<p>Entre septiembre y octubre fueron v\u00edctimas de asesinato, el l\u00edder ind\u00edgena Yanomani Cleomar Xirixana en Napolepi, Alto Alegre; el defensor ind\u00edgena Patax\u00f3 Gustavo Concei\u00e7\u00e3o en Comexatib\u00e1, Patax; el defensor ind\u00edgena integrante de la Guardi\u00f5es da Floresta, Janildo Oliveira Guajajara en Amarante do Maranh\u00e3o, Maranh\u00e3o.<\/p>\n<p>Asimismo; Jael Carlos Miranda Guajajara defensor ind\u00edgena Guajajara en Arame, Maranh\u00e3o; y Vitorino Sanches, l\u00edder ind\u00edgena Guarani Kaiow\u00e1 en Amabai, Mato Grosso do Sul y quien hab\u00eda sobrevivido a un intento de asesinato en su contra el 2 de agosto.<\/p>\n<p><strong>Colombia<\/strong><\/p>\n<p>Colombia es el pa\u00eds que m\u00e1s asesinatos registra en el periodo mencionado, OACNDUH verific\u00f3 26 casos, y 20 que se encontrar\u00edan en proceso de confirmaci\u00f3n.<\/p>\n<p>Entre noviembre y diciembre, fueron asesinados el l\u00edder social Filadelfo Anzola Padilla en el municipio de San Pablo, sur de Bol\u00edvar; la lideresa ind\u00edgena Yermi Chocu\u00e9 Camayo, en Morales, Cauca; el l\u00edder comunal Edgar Omar Ayala Pinto en C\u00facuta, Norte de Santander.<\/p>\n<p>Asimismo, el l\u00edder ind\u00edgena Juvencio Cerquera en Sotar\u00e1, Cauca; los l\u00edderes ind\u00edgenas Francisco Sarco Pipicay y Carlitos Ur\u00e1gama Cano en Quibd\u00f3, Choc\u00f3; y el l\u00edder social Carlos Andr\u00e9s Posada en el municipio de Ituango, Antioquia.<\/p>\n<p>Tambi\u00e9n en Colombia, entre septiembre y octubre fueron asesinados el l\u00edder social Natanael D\u00edaz en Magangu\u00e9, Bolivar; el l\u00edder social afrodescendiente Edinson Murillo Ararat en Santander Quilichao, Cauca; el l\u00edder social Rigo Alape en Puerto Legu\u00edzamo, Putumayo.<\/p>\n<p>De igual modo, el l\u00edder social Ferney Morales en Puerto Legu\u00edzamo, en el departamento del Putumayo; el l\u00edder social afrodescendiente Fredy Mena Oreg\u00f3n en Llor\u00f3, Choc\u00f3; el l\u00edder comunal afrodescendiente Silvio Landazury Castillo en Mocoa, Putumayo.<\/p>\n<p>A ellos se agrega el l\u00edder comunal Rafael Emiro Moreno Garavito en Montel\u00edbano en C\u00f3rdoba; el l\u00edder social Gildardo Alonso R\u00edos en Fortul, Arauca; el l\u00edder social S\u00f3crates Sevillano y su esposa en Orito, Putumayo; y el l\u00edder social afrodescendiente Adelmo Balanta en Buenos Aires, Cauca.<\/p>\n<p>Adem\u00e1s, el l\u00edder social William Pedraza en Leticia, Amazonas; la lideresa Luz Angelina Quijano Poveda en Bucaramanga, Santander; la lideresa Sandra Patricia Montenegro el en Palmira Valle del Cauca; el l\u00edder sindical Sibares Lamprea Vargas en Barrancabermeja Santander, el l\u00edder social Luis Antonio Charry en El Paujil, Caquet\u00e1.<\/p>\n<p>Tambi\u00e9n, el l\u00edder social Frai Torres Marroqu\u00edn en el corregimiento de Ci\u00e9naga, Magdalena; el l\u00edder ind\u00edgena Diocelino Garc\u00eda Bisbicus en Tumaco, Nari\u00f1o; el l\u00edder social Dinael Gonz\u00e1lez Criado en Tib\u00fa, Norte de Santander; y la lideresa ind\u00edgena Clemencia Arteaga lideresa en Villagarz\u00f3n, Putumayo.<\/p>\n<p>Por su parte, el Defensor del Pueblo, registr\u00f3 un total de 215 asesinatos de personas defensoras durante el 2022, siendo el a\u00f1o con el mayor n\u00famero de casos desde el 2016.<\/p>\n<p>El Estado de Colombia inform\u00f3 a la Comisi\u00f3n estar investigando los casos mencionados. Indic\u00f3 que, desde el 2016, la Fiscal\u00eda General de la Naci\u00f3n cuenta con una estrategia espec\u00edfica para la investigaci\u00f3n y judicializaci\u00f3n de los delitos cometidos contra personas defensoras de derechos humanos en el pa\u00eds, bajo el est\u00e1ndar internacional de la debida diligencia.<\/p>\n<p>Indic\u00f3 que, actualmente la Unidad Nacional de Protecci\u00f3n (UNP) protege a 3,067 l\u00edderes sociales. Asimismo, destac\u00f3 una serie de medidas que se estar\u00edan implementando a fin de rescatar el enfoque de seguridad humana para la defensa de l\u00edderes sociales y personas defensoras de derechos humanos, desde un enfoque diferencial individual y colectivo.<\/p>\n<p>Colombia se\u00f1al\u00f3 que uno de sus principales objetivos es el cese de los asesinatos y agresiones contra personas defensoras y liderazgos sociales.<\/p>\n<p><strong>Guatemala<\/strong><\/p>\n<p>En Guatemala, de acuerdo con informaci\u00f3n p\u00fablica, fue asesinado Tereso C\u00e1rcamo Flores integrante de Comit\u00e9 de Desarrollo Campesino (CODECA) en Aldea de La Paz en el sector Jim\u00e9nez, Jalapa, en diciembre. El Estado guatemalteco inform\u00f3 a la Comisi\u00f3n que se encuentra realizando la investigaci\u00f3n penal correspondiente, conduciendo las respectivas diligencias a fin de contribuir al esclarecimiento de los hechos e individualizaci\u00f3n de las personas responsables.<\/p>\n<p><strong>Honduras<\/strong><\/p>\n<p>En Honduras, OACNUDH registr\u00f3 el asesinato de al menos dos personas defensoras en los \u00faltimos cuatro meses del 2022. En diciembre, fue asesinado Mauricio Esquivel, defensor de derechos humanos de la tierra y el medio ambiente, Tocoa, departamento de Col\u00f3n.<\/p>\n<p>En octubre, fue asesinada Melisa N\u00fa\u00f1ez, defensora en Morocel\u00ed, departamento de El Para\u00edso.<\/p>\n<p><strong>M\u00e9xico<\/strong>.<\/p>\n<p>En M\u00e9xico, cifras de OACNUDH indican que al menos 4 personas defensoras fueron asesinadas. En noviembre, fue asesinada Mar\u00eda del Carmen V\u00e1zquez, madre buscadora, en Abasolo, Guanajuato. En octubre fueron asesinados el defensor ambiental Jes\u00fas Manuel Garc\u00eda en Santo Domingo Tehuantepec, Oaxaca; el defensor ambiental Filogonio Mart\u00ednez Merino, en Santiago Jamiltepec, Oaxaca; y Esmeralda Gallardo, madre buscadora, en Puebla, Puebla.<\/p>\n<p><strong>Per\u00fa.<\/strong><\/p>\n<p>En Per\u00fa, OACNUDH registr\u00f3 el asesinato de Vilca Ampichi L\u00f3pez, defensor ambiental ind\u00edgena y jefe de la comunidad nativa de San Juan de Pachitea ocurrido en diciembre en Puerto Inca, Hu\u00e1nuco.<\/p>\n<p>&nbsp;<\/p>\n<p>La CIDH es un \u00f3rgano principal y aut\u00f3nomo de la Organizaci\u00f3n de los Estados Americanos (OEA), cuyo mandato surge de la Carta de la OEA y de la Convenci\u00f3n Americana sobre Derechos Humanos. La Comisi\u00f3n Interamericana tiene el mandato de promover la observancia y la defensa de los derechos humanos en la regi\u00f3n y act\u00faa como \u00f3rgano consultivo de la OEA en la materia. La CIDH est\u00e1 integrada por siete miembros independientes que son elegidos por la Asamblea General de la OEA a t\u00edtulo personal, y no representan sus pa\u00edses de origen o residencia.<\/p>\n<p>El art\u00edculo tambi\u00e9n puede encontrarlo en el siguiente link: https:\/\/www.servindi.org\/actualidad-noticias\/21\/02\/2023\/cidh-2022-ano-violento-para-los-derechos-humanos<\/p>\n","protected":false},"excerpt":{"rendered":"<p>La Comisi\u00f3n Interamericana de Derechos Humanos (CIDH) conden\u00f3 el asesinato de 126 personas defensoras de derechos humanos en 2022, resultado de la violencia contra ellas. Mediante un comunicado, reiter\u00f3\u00a0su llamado a los Estados a adoptar medidas urgentes para garantizar la&hellip;<\/p>\n","protected":false},"author":1256,"featured_media":1719738,"comment_status":"closed","ping_status":"closed","sticky":false,"template":"","format":"standard","meta":{"footnotes":""},"categories":[79,39,74],"tags":[2809,441,25097],"class_list":["post-1719737","post","type-post","status-publish","format-standard","has-post-thumbnail","hentry","category-derechos-humanos","category-internacional","category-politica-es","tag-asesinatos","tag-derechos-humanos","tag-violacion-de-derechos-humanos"],"yoast_head":"<!-- This site is optimized with the Yoast SEO plugin v27.1.1 - https:\/\/yoast.com\/product\/yoast-seo-wordpress\/ -->\n<title>2022, un a\u00f1o violento para los derechos humanos<\/title>\n<meta name=\"description\" content=\"La Comisi\u00f3n Interamericana de Derechos Humanos (CIDH) conden\u00f3 el asesinato de 126 personas defensoras de derechos humanos en 2022, resultado de la\" \/>\n<meta name=\"robots\" content=\"index, follow, max-snippet:-1, max-image-preview:large, max-video-preview:-1\" \/>\n<link rel=\"canonical\" href=\"https:\/\/www.pressenza.com\/es\/2023\/02\/2022-un-ano-violento-para-los-derechos-humanos\/\" \/>\n<meta property=\"og:locale\" content=\"es_ES\" \/>\n<meta property=\"og:type\" content=\"article\" \/>\n<meta property=\"og:title\" content=\"2022, un a\u00f1o violento para los derechos humanos\" \/>\n<meta property=\"og:description\" content=\"La Comisi\u00f3n Interamericana de Derechos Humanos (CIDH) conden\u00f3 el asesinato de 126 personas defensoras de derechos humanos en 2022, resultado de la\" \/>\n<meta property=\"og:url\" content=\"https:\/\/www.pressenza.com\/es\/2023\/02\/2022-un-ano-violento-para-los-derechos-humanos\/\" \/>\n<meta property=\"og:site_name\" content=\"Pressenza\" \/>\n<meta property=\"article:publisher\" content=\"https:\/\/www.facebook.com\/PressenzaItalia\" \/>\n<meta property=\"article:author\" content=\"https:\/\/www.facebook.com\/servindinoticias\/?fref=ts\" \/>\n<meta property=\"article:published_time\" content=\"2023-02-24T22:40:05+00:00\" \/>\n<meta property=\"og:image\" content=\"https:\/\/www.pressenza.com\/wp-content\/uploads\/2023\/02\/cidh_defensores2022.png\" \/>\n\t<meta property=\"og:image:width\" content=\"700\" \/>\n\t<meta property=\"og:image:height\" content=\"451\" \/>\n\t<meta property=\"og:image:type\" content=\"image\/png\" \/>\n<meta name=\"author\" content=\"SERVINDI\" \/>\n<meta name=\"twitter:card\" content=\"summary_large_image\" \/>\n<meta name=\"twitter:creator\" content=\"@servindi\" \/>\n<meta name=\"twitter:site\" content=\"@PressenzaIPA\" \/>\n<meta name=\"twitter:label1\" content=\"Escrito por\" \/>\n\t<meta name=\"twitter:data1\" content=\"SERVINDI\" \/>\n\t<meta name=\"twitter:label2\" content=\"Tiempo de lectura\" \/>\n\t<meta name=\"twitter:data2\" content=\"6 minutos\" \/>\n<script type=\"application\/ld+json\" class=\"yoast-schema-graph\">{\"@context\":\"https:\/\/schema.org\",\"@graph\":[{\"@type\":\"Article\",\"@id\":\"https:\/\/www.pressenza.com\/es\/2023\/02\/2022-un-ano-violento-para-los-derechos-humanos\/#article\",\"isPartOf\":{\"@id\":\"https:\/\/www.pressenza.com\/es\/2023\/02\/2022-un-ano-violento-para-los-derechos-humanos\/\"},\"author\":{\"name\":\"SERVINDI\",\"@id\":\"https:\/\/www.pressenza.com\/es\/#\/schema\/person\/6f7bffaf2962fc89e55e93589c50d908\"},\"headline\":\"2022, un a\u00f1o violento para los derechos humanos\",\"datePublished\":\"2023-02-24T22:40:05+00:00\",\"mainEntityOfPage\":{\"@id\":\"https:\/\/www.pressenza.com\/es\/2023\/02\/2022-un-ano-violento-para-los-derechos-humanos\/\"},\"wordCount\":1447,\"publisher\":{\"@id\":\"https:\/\/www.pressenza.com\/es\/#organization\"},\"image\":{\"@id\":\"https:\/\/www.pressenza.com\/es\/2023\/02\/2022-un-ano-violento-para-los-derechos-humanos\/#primaryimage\"},\"thumbnailUrl\":\"https:\/\/www.pressenza.com\/wp-content\/uploads\/2023\/02\/cidh_defensores2022.png\",\"keywords\":[\"asesinatos\",\"Derechos humanos\",\"violaci\u00f3n de derechos humanos\"],\"articleSection\":[\"Derechos Humanos\",\"Internacional\",\"Pol\u00edtica\"],\"inLanguage\":\"es\"},{\"@type\":\"WebPage\",\"@id\":\"https:\/\/www.pressenza.com\/es\/2023\/02\/2022-un-ano-violento-para-los-derechos-humanos\/\",\"url\":\"https:\/\/www.pressenza.com\/es\/2023\/02\/2022-un-ano-violento-para-los-derechos-humanos\/\",\"name\":\"2022, un a\u00f1o violento para los derechos humanos\",\"isPartOf\":{\"@id\":\"https:\/\/www.pressenza.com\/es\/#website\"},\"primaryImageOfPage\":{\"@id\":\"https:\/\/www.pressenza.com\/es\/2023\/02\/2022-un-ano-violento-para-los-derechos-humanos\/#primaryimage\"},\"image\":{\"@id\":\"https:\/\/www.pressenza.com\/es\/2023\/02\/2022-un-ano-violento-para-los-derechos-humanos\/#primaryimage\"},\"thumbnailUrl\":\"https:\/\/www.pressenza.com\/wp-content\/uploads\/2023\/02\/cidh_defensores2022.png\",\"datePublished\":\"2023-02-24T22:40:05+00:00\",\"description\":\"La Comisi\u00f3n Interamericana de Derechos Humanos (CIDH) conden\u00f3 el asesinato de 126 personas defensoras de derechos humanos en 2022, resultado de la\",\"breadcrumb\":{\"@id\":\"https:\/\/www.pressenza.com\/es\/2023\/02\/2022-un-ano-violento-para-los-derechos-humanos\/#breadcrumb\"},\"inLanguage\":\"es\",\"potentialAction\":[{\"@type\":\"ReadAction\",\"target\":[\"https:\/\/www.pressenza.com\/es\/2023\/02\/2022-un-ano-violento-para-los-derechos-humanos\/\"]}]},{\"@type\":\"ImageObject\",\"inLanguage\":\"es\",\"@id\":\"https:\/\/www.pressenza.com\/es\/2023\/02\/2022-un-ano-violento-para-los-derechos-humanos\/#primaryimage\",\"url\":\"https:\/\/www.pressenza.com\/wp-content\/uploads\/2023\/02\/cidh_defensores2022.png\",\"contentUrl\":\"https:\/\/www.pressenza.com\/wp-content\/uploads\/2023\/02\/cidh_defensores2022.png\",\"width\":700,\"height\":451},{\"@type\":\"BreadcrumbList\",\"@id\":\"https:\/\/www.pressenza.com\/es\/2023\/02\/2022-un-ano-violento-para-los-derechos-humanos\/#breadcrumb\",\"itemListElement\":[{\"@type\":\"ListItem\",\"position\":1,\"name\":\"Accueil\",\"item\":\"https:\/\/www.pressenza.com\/es\/\"},{\"@type\":\"ListItem\",\"position\":2,\"name\":\"2022, un a\u00f1o violento para los derechos humanos\"}]},{\"@type\":\"WebSite\",\"@id\":\"https:\/\/www.pressenza.com\/es\/#website\",\"url\":\"https:\/\/www.pressenza.com\/es\/\",\"name\":\"Pressenza\",\"description\":\"International Press Agency\",\"publisher\":{\"@id\":\"https:\/\/www.pressenza.com\/es\/#organization\"},\"potentialAction\":[{\"@type\":\"SearchAction\",\"target\":{\"@type\":\"EntryPoint\",\"urlTemplate\":\"https:\/\/www.pressenza.com\/es\/?s={search_term_string}\"},\"query-input\":{\"@type\":\"PropertyValueSpecification\",\"valueRequired\":true,\"valueName\":\"search_term_string\"}}],\"inLanguage\":\"es\"},{\"@type\":\"Organization\",\"@id\":\"https:\/\/www.pressenza.com\/es\/#organization\",\"name\":\"Pressenza\",\"url\":\"https:\/\/www.pressenza.com\/es\/\",\"logo\":{\"@type\":\"ImageObject\",\"inLanguage\":\"es\",\"@id\":\"https:\/\/www.pressenza.com\/es\/#\/schema\/logo\/image\/\",\"url\":\"https:\/\/www.pressenza.com\/wp-content\/uploads\/2022\/10\/pressenza_logo_200x200.jpg\",\"contentUrl\":\"https:\/\/www.pressenza.com\/wp-content\/uploads\/2022\/10\/pressenza_logo_200x200.jpg\",\"width\":200,\"height\":200,\"caption\":\"Pressenza\"},\"image\":{\"@id\":\"https:\/\/www.pressenza.com\/es\/#\/schema\/logo\/image\/\"},\"sameAs\":[\"https:\/\/www.facebook.com\/PressenzaItalia\",\"https:\/\/x.com\/PressenzaIPA\"]},{\"@type\":\"Person\",\"@id\":\"https:\/\/www.pressenza.com\/es\/#\/schema\/person\/6f7bffaf2962fc89e55e93589c50d908\",\"name\":\"SERVINDI\",\"description\":\"Conscientes de nuestro rol de apoyo y acompa\u00f1amiento operamos como una agencia de noticias y elaboramos notas informativas, informes especiales, entrevistas y producciones de audio y v\u00eddeo, relacionadas al acontecer ind\u00edgena y ambiental nacional y mundial. www.servindi.org\",\"sameAs\":[\"https:\/\/www.facebook.com\/servindinoticias\/?fref=ts\",\"https:\/\/x.com\/servindi\"],\"url\":\"https:\/\/www.pressenza.com\/es\/author\/servindi\/\"}]}<\/script>\n<!-- \/ Yoast SEO plugin. -->","yoast_head_json":{"title":"2022, un a\u00f1o violento para los derechos humanos","description":"La Comisi\u00f3n Interamericana de Derechos Humanos (CIDH) conden\u00f3 el asesinato de 126 personas defensoras de derechos humanos en 2022, resultado de la","robots":{"index":"index","follow":"follow","max-snippet":"max-snippet:-1","max-image-preview":"max-image-preview:large","max-video-preview":"max-video-preview:-1"},"canonical":"https:\/\/www.pressenza.com\/es\/2023\/02\/2022-un-ano-violento-para-los-derechos-humanos\/","og_locale":"es_ES","og_type":"article","og_title":"2022, un a\u00f1o violento para los derechos humanos","og_description":"La Comisi\u00f3n Interamericana de Derechos Humanos (CIDH) conden\u00f3 el asesinato de 126 personas defensoras de derechos humanos en 2022, resultado de la","og_url":"https:\/\/www.pressenza.com\/es\/2023\/02\/2022-un-ano-violento-para-los-derechos-humanos\/","og_site_name":"Pressenza","article_publisher":"https:\/\/www.facebook.com\/PressenzaItalia","article_author":"https:\/\/www.facebook.com\/servindinoticias\/?fref=ts","article_published_time":"2023-02-24T22:40:05+00:00","og_image":[{"width":700,"height":451,"url":"https:\/\/www.pressenza.com\/wp-content\/uploads\/2023\/02\/cidh_defensores2022.png","type":"image\/png"}],"author":"SERVINDI","twitter_card":"summary_large_image","twitter_creator":"@servindi","twitter_site":"@PressenzaIPA","twitter_misc":{"Escrito por":"SERVINDI","Tiempo de lectura":"6 minutos"},"schema":{"@context":"https:\/\/schema.org","@graph":[{"@type":"Article","@id":"https:\/\/www.pressenza.com\/es\/2023\/02\/2022-un-ano-violento-para-los-derechos-humanos\/#article","isPartOf":{"@id":"https:\/\/www.pressenza.com\/es\/2023\/02\/2022-un-ano-violento-para-los-derechos-humanos\/"},"author":{"name":"SERVINDI","@id":"https:\/\/www.pressenza.com\/es\/#\/schema\/person\/6f7bffaf2962fc89e55e93589c50d908"},"headline":"2022, un a\u00f1o violento para los derechos humanos","datePublished":"2023-02-24T22:40:05+00:00","mainEntityOfPage":{"@id":"https:\/\/www.pressenza.com\/es\/2023\/02\/2022-un-ano-violento-para-los-derechos-humanos\/"},"wordCount":1447,"publisher":{"@id":"https:\/\/www.pressenza.com\/es\/#organization"},"image":{"@id":"https:\/\/www.pressenza.com\/es\/2023\/02\/2022-un-ano-violento-para-los-derechos-humanos\/#primaryimage"},"thumbnailUrl":"https:\/\/www.pressenza.com\/wp-content\/uploads\/2023\/02\/cidh_defensores2022.png","keywords":["asesinatos","Derechos humanos","violaci\u00f3n de derechos humanos"],"articleSection":["Derechos Humanos","Internacional","Pol\u00edtica"],"inLanguage":"es"},{"@type":"WebPage","@id":"https:\/\/www.pressenza.com\/es\/2023\/02\/2022-un-ano-violento-para-los-derechos-humanos\/","url":"https:\/\/www.pressenza.com\/es\/2023\/02\/2022-un-ano-violento-para-los-derechos-humanos\/","name":"2022, un a\u00f1o violento para los derechos humanos","isPartOf":{"@id":"https:\/\/www.pressenza.com\/es\/#website"},"primaryImageOfPage":{"@id":"https:\/\/www.pressenza.com\/es\/2023\/02\/2022-un-ano-violento-para-los-derechos-humanos\/#primaryimage"},"image":{"@id":"https:\/\/www.pressenza.com\/es\/2023\/02\/2022-un-ano-violento-para-los-derechos-humanos\/#primaryimage"},"thumbnailUrl":"https:\/\/www.pressenza.com\/wp-content\/uploads\/2023\/02\/cidh_defensores2022.png","datePublished":"2023-02-24T22:40:05+00:00","description":"La Comisi\u00f3n Interamericana de Derechos Humanos (CIDH) conden\u00f3 el asesinato de 126 personas defensoras de derechos humanos en 2022, resultado de la","breadcrumb":{"@id":"https:\/\/www.pressenza.com\/es\/2023\/02\/2022-un-ano-violento-para-los-derechos-humanos\/#breadcrumb"},"inLanguage":"es","potentialAction":[{"@type":"ReadAction","target":["https:\/\/www.pressenza.com\/es\/2023\/02\/2022-un-ano-violento-para-los-derechos-humanos\/"]}]},{"@type":"ImageObject","inLanguage":"es","@id":"https:\/\/www.pressenza.com\/es\/2023\/02\/2022-un-ano-violento-para-los-derechos-humanos\/#primaryimage","url":"https:\/\/www.pressenza.com\/wp-content\/uploads\/2023\/02\/cidh_defensores2022.png","contentUrl":"https:\/\/www.pressenza.com\/wp-content\/uploads\/2023\/02\/cidh_defensores2022.png","width":700,"height":451},{"@type":"BreadcrumbList","@id":"https:\/\/www.pressenza.com\/es\/2023\/02\/2022-un-ano-violento-para-los-derechos-humanos\/#breadcrumb","itemListElement":[{"@type":"ListItem","position":1,"name":"Accueil","item":"https:\/\/www.pressenza.com\/es\/"},{"@type":"ListItem","position":2,"name":"2022, un a\u00f1o violento para los derechos humanos"}]},{"@type":"WebSite","@id":"https:\/\/www.pressenza.com\/es\/#website","url":"https:\/\/www.pressenza.com\/es\/","name":"Pressenza","description":"International Press Agency","publisher":{"@id":"https:\/\/www.pressenza.com\/es\/#organization"},"potentialAction":[{"@type":"SearchAction","target":{"@type":"EntryPoint","urlTemplate":"https:\/\/www.pressenza.com\/es\/?s={search_term_string}"},"query-input":{"@type":"PropertyValueSpecification","valueRequired":true,"valueName":"search_term_string"}}],"inLanguage":"es"},{"@type":"Organization","@id":"https:\/\/www.pressenza.com\/es\/#organization","name":"Pressenza","url":"https:\/\/www.pressenza.com\/es\/","logo":{"@type":"ImageObject","inLanguage":"es","@id":"https:\/\/www.pressenza.com\/es\/#\/schema\/logo\/image\/","url":"https:\/\/www.pressenza.com\/wp-content\/uploads\/2022\/10\/pressenza_logo_200x200.jpg","contentUrl":"https:\/\/www.pressenza.com\/wp-content\/uploads\/2022\/10\/pressenza_logo_200x200.jpg","width":200,"height":200,"caption":"Pressenza"},"image":{"@id":"https:\/\/www.pressenza.com\/es\/#\/schema\/logo\/image\/"},"sameAs":["https:\/\/www.facebook.com\/PressenzaItalia","https:\/\/x.com\/PressenzaIPA"]},{"@type":"Person","@id":"https:\/\/www.pressenza.com\/es\/#\/schema\/person\/6f7bffaf2962fc89e55e93589c50d908","name":"SERVINDI","description":"Conscientes de nuestro rol de apoyo y acompa\u00f1amiento operamos como una agencia de noticias y elaboramos notas informativas, informes especiales, entrevistas y producciones de audio y v\u00eddeo, relacionadas al acontecer ind\u00edgena y ambiental nacional y mundial. www.servindi.org","sameAs":["https:\/\/www.facebook.com\/servindinoticias\/?fref=ts","https:\/\/x.com\/servindi"],"url":"https:\/\/www.pressenza.com\/es\/author\/servindi\/"}]}},"place":"","original_article_url":"","_links":{"self":[{"href":"https:\/\/www.pressenza.com\/es\/wp-json\/wp\/v2\/posts\/1719737","targetHints":{"allow":["GET"]}}],"collection":[{"href":"https:\/\/www.pressenza.com\/es\/wp-json\/wp\/v2\/posts"}],"about":[{"href":"https:\/\/www.pressenza.com\/es\/wp-json\/wp\/v2\/types\/post"}],"author":[{"embeddable":true,"href":"https:\/\/www.pressenza.com\/es\/wp-json\/wp\/v2\/users\/1256"}],"replies":[{"embeddable":true,"href":"https:\/\/www.pressenza.com\/es\/wp-json\/wp\/v2\/comments?post=1719737"}],"version-history":[{"count":0,"href":"https:\/\/www.pressenza.com\/es\/wp-json\/wp\/v2\/posts\/1719737\/revisions"}],"wp:featuredmedia":[{"embeddable":true,"href":"https:\/\/www.pressenza.com\/es\/wp-json\/wp\/v2\/media\/1719738"}],"wp:attachment":[{"href":"https:\/\/www.pressenza.com\/es\/wp-json\/wp\/v2\/media?parent=1719737"}],"wp:term":[{"taxonomy":"category","embeddable":true,"href":"https:\/\/www.pressenza.com\/es\/wp-json\/wp\/v2\/categories?post=1719737"},{"taxonomy":"post_tag","embeddable":true,"href":"https:\/\/www.pressenza.com\/es\/wp-json\/wp\/v2\/tags?post=1719737"}],"curies":[{"name":"wp","href":"https:\/\/api.w.org\/{rel}","templated":true}]}}