{"id":1717,"date":"2009-10-14T00:00:00","date_gmt":"2009-10-14T00:00:00","guid":{"rendered":""},"modified":"2009-10-14T06:33:50","modified_gmt":"2009-10-14T06:33:50","slug":"proyecto-de-ley-por-un-departamento-de-paz-en-canada","status":"publish","type":"post","link":"https:\/\/www.pressenza.com\/es\/2009\/10\/proyecto-de-ley-por-un-departamento-de-paz-en-canada\/","title":{"rendered":"Proyecto de ley por un Departamento de Paz en Canad\u00e1"},"content":{"rendered":"<p>El primer proyecto legislativo para establecer un Departamento de Paz fue presentado el 30 de septiembre ante el Parlamento de Canad\u00e1 como un proyecto de un grupo de parlamentarios independientes.<\/p>\n<p>El Departamento propuesto en el proyecto de ley se encuentra bajo los lineamientos del Modelo de Proyecto Legislativo formulado por la Iniciativa por un Departamento de Paz Canadiense (ICDP). Desde 2004, la ICDP ha estado promoviendo un enfoque estrat\u00e9gico de la paz sustentable dentro del Gobierno Federal, trabajando hacia una cultura pacifista tanto a nivel dom\u00e9stico como en el extranjero. Este movimiento busca tambi\u00e9n que, desde el Ministerio, se aconseje y recomiende al Primer Ministro acerca de la transformaci\u00f3n efectiva de conflictos sin la utilizaci\u00f3n de violencia.<\/p>\n<p>El proyecto aboga por la creaci\u00f3n de un cuadro de profesionales de la paz especializado, denominado Servicio Civil de Paz, como una nueva forma de brindar capacitaci\u00f3n en prevenci\u00f3n, mediaci\u00f3n y reconciliaci\u00f3n al tratar los m\u00e1s actuales problemas, en lugar de los \u00abdespidos\u00bb y \u00abjuicios\u00bb en los que hoy se depende por completo. Diplom\u00e1ticos y soldados por lo general no han sido capacitados para lidiar con los problemas que son la causa subyacente de los conflictos que se ven. El proyecto de ley contempla, adem\u00e1s, que este Departamento tenga un perfil espec\u00edfico en cuestiones importantes como lo son el Desarme Nuclear, los Derechos Humanos y Econ\u00f3micos, la Educaci\u00f3n Pacifista y la Prevenci\u00f3n de la Violencia en Canad\u00e1.<\/p>\n<p>La ICDP es parte de la Alianza Global por los Ministerios y Departamentos de Paz, un movimiento internacional con representaci\u00f3n civil de la sociedad en 40 pa\u00edses. Su cuarto encuentro se realiz\u00f3 en septiembre de 2009 en San Jos\u00e9, Costa Rica, donde el presidente Oscar Arias S\u00e1nchez anunci\u00f3 la creaci\u00f3n del Ministerio de Justicia y Paz. De esta manera, Costa Rica se convirti\u00f3 en el tercer pa\u00eds con un Ministerio de Paz. Nepal y las Islas Salom\u00f3n son los otros dos pa\u00edses que cuentan con un Ministerio de Paz. Haber convencido en cinco a\u00f1os a los gobiernos de tres pa\u00edses sobre la utilidad de un Ministerio de Paz dentro del gobierno es un progreso enorme para el movimiento global.<\/p>\n<p>Consideramos que el proyecto de ley de los parlamentarios canadienses es una iniciativa importante que revitalizar\u00e1 el rol de Canad\u00e1 como un pa\u00eds pacifista a nivel mundial.<\/p>\n<p>*(Traducci\u00f3n: Leandro Santos, leandrosantosb@gmail.com, Edici\u00f3n: CAM)*<\/p>\n","protected":false},"excerpt":{"rendered":"<p>El primer proyecto legislativo para establecer un Departamento de Paz se present\u00f3 el 30 de septiembre en Canad\u00e1. El objetivo es establecer un Departamento Federal de Paz, encabezado por un ministro de Gabinete, que se encargar\u00eda de coordinar y promover asuntos como el Desarme Nuclear, los Derechos Humanos y Econ\u00f3micos, la Educaci\u00f3n Pacifista y la Prevenci\u00f3n de la Violencia.<\/p>\n","protected":false},"author":19,"featured_media":0,"comment_status":"closed","ping_status":"open","sticky":false,"template":"","format":"standard","meta":{"footnotes":""},"categories":[68,74],"tags":[],"class_list":["post-1717","post","type-post","status-publish","format-standard","hentry","category-norteamerica","category-politica-es"],"yoast_head":"<!-- This site is optimized with the Yoast SEO plugin v27.1.1 - https:\/\/yoast.com\/product\/yoast-seo-wordpress\/ -->\n<title>Proyecto de ley por un Departamento de Paz en Canad\u00e1<\/title>\n<meta name=\"description\" content=\"El primer proyecto legislativo para establecer un Departamento de Paz se present\u00f3 el 30 de septiembre en Canad\u00e1. El objetivo es establecer un Departamento Federal de Paz, encabezado por un ministro de Gabinete, que se encargar\u00eda de coordinar y promover asuntos como el Desarme Nuclear, los Derechos Humanos y Econ\u00f3micos, la Educaci\u00f3n Pacifista y la Prevenci\u00f3n de la Violencia.\" \/>\n<meta name=\"robots\" content=\"index, follow, max-snippet:-1, max-image-preview:large, max-video-preview:-1\" \/>\n<link rel=\"canonical\" href=\"https:\/\/www.pressenza.com\/es\/2009\/10\/proyecto-de-ley-por-un-departamento-de-paz-en-canada\/\" \/>\n<meta property=\"og:locale\" content=\"es_ES\" \/>\n<meta property=\"og:type\" content=\"article\" \/>\n<meta property=\"og:title\" content=\"Proyecto de ley por un Departamento de Paz en Canad\u00e1\" \/>\n<meta property=\"og:description\" content=\"El primer proyecto legislativo para establecer un Departamento de Paz se present\u00f3 el 30 de septiembre en Canad\u00e1. El objetivo es establecer un Departamento Federal de Paz, encabezado por un ministro de Gabinete, que se encargar\u00eda de coordinar y promover asuntos como el Desarme Nuclear, los Derechos Humanos y Econ\u00f3micos, la Educaci\u00f3n Pacifista y la Prevenci\u00f3n de la Violencia.\" \/>\n<meta property=\"og:url\" content=\"https:\/\/www.pressenza.com\/es\/2009\/10\/proyecto-de-ley-por-un-departamento-de-paz-en-canada\/\" \/>\n<meta property=\"og:site_name\" content=\"Pressenza\" \/>\n<meta property=\"article:publisher\" content=\"https:\/\/www.facebook.com\/PressenzaItalia\" \/>\n<meta property=\"article:author\" content=\"https:\/\/www.facebook.com\/pressenza\" \/>\n<meta property=\"article:published_time\" content=\"2009-10-14T00:00:00+00:00\" \/>\n<meta property=\"article:modified_time\" content=\"2009-10-14T06:33:50+00:00\" \/>\n<meta name=\"author\" content=\"Pressenza IPA\" \/>\n<meta name=\"twitter:card\" content=\"summary_large_image\" \/>\n<meta name=\"twitter:creator\" content=\"@PressenzaIPA\" \/>\n<meta name=\"twitter:site\" content=\"@PressenzaIPA\" \/>\n<meta name=\"twitter:label1\" content=\"Escrito por\" \/>\n\t<meta name=\"twitter:data1\" content=\"Pressenza IPA\" \/>\n\t<meta name=\"twitter:label2\" content=\"Tiempo de lectura\" \/>\n\t<meta name=\"twitter:data2\" content=\"2 minutos\" \/>\n<script type=\"application\/ld+json\" class=\"yoast-schema-graph\">{\"@context\":\"https:\/\/schema.org\",\"@graph\":[{\"@type\":\"Article\",\"@id\":\"https:\/\/www.pressenza.com\/es\/2009\/10\/proyecto-de-ley-por-un-departamento-de-paz-en-canada\/#article\",\"isPartOf\":{\"@id\":\"https:\/\/www.pressenza.com\/es\/2009\/10\/proyecto-de-ley-por-un-departamento-de-paz-en-canada\/\"},\"author\":{\"name\":\"Pressenza IPA\",\"@id\":\"https:\/\/www.pressenza.com\/es\/#\/schema\/person\/010e5d02bcf40965427a1289a4cc8d75\"},\"headline\":\"Proyecto de ley por un Departamento de Paz en Canad\u00e1\",\"datePublished\":\"2009-10-14T00:00:00+00:00\",\"dateModified\":\"2009-10-14T06:33:50+00:00\",\"mainEntityOfPage\":{\"@id\":\"https:\/\/www.pressenza.com\/es\/2009\/10\/proyecto-de-ley-por-un-departamento-de-paz-en-canada\/\"},\"wordCount\":423,\"publisher\":{\"@id\":\"https:\/\/www.pressenza.com\/es\/#organization\"},\"articleSection\":[\"Norteam\u00e9rica\",\"Pol\u00edtica\"],\"inLanguage\":\"es\"},{\"@type\":\"WebPage\",\"@id\":\"https:\/\/www.pressenza.com\/es\/2009\/10\/proyecto-de-ley-por-un-departamento-de-paz-en-canada\/\",\"url\":\"https:\/\/www.pressenza.com\/es\/2009\/10\/proyecto-de-ley-por-un-departamento-de-paz-en-canada\/\",\"name\":\"Proyecto de ley por un Departamento de Paz en Canad\u00e1\",\"isPartOf\":{\"@id\":\"https:\/\/www.pressenza.com\/es\/#website\"},\"datePublished\":\"2009-10-14T00:00:00+00:00\",\"dateModified\":\"2009-10-14T06:33:50+00:00\",\"description\":\"El primer proyecto legislativo para establecer un Departamento de Paz se present\u00f3 el 30 de septiembre en Canad\u00e1. El objetivo es establecer un Departamento Federal de Paz, encabezado por un ministro de Gabinete, que se encargar\u00eda de coordinar y promover asuntos como el Desarme Nuclear, los Derechos Humanos y Econ\u00f3micos, la Educaci\u00f3n Pacifista y la Prevenci\u00f3n de la Violencia.\",\"breadcrumb\":{\"@id\":\"https:\/\/www.pressenza.com\/es\/2009\/10\/proyecto-de-ley-por-un-departamento-de-paz-en-canada\/#breadcrumb\"},\"inLanguage\":\"es\",\"potentialAction\":[{\"@type\":\"ReadAction\",\"target\":[\"https:\/\/www.pressenza.com\/es\/2009\/10\/proyecto-de-ley-por-un-departamento-de-paz-en-canada\/\"]}]},{\"@type\":\"BreadcrumbList\",\"@id\":\"https:\/\/www.pressenza.com\/es\/2009\/10\/proyecto-de-ley-por-un-departamento-de-paz-en-canada\/#breadcrumb\",\"itemListElement\":[{\"@type\":\"ListItem\",\"position\":1,\"name\":\"Accueil\",\"item\":\"https:\/\/www.pressenza.com\/es\/\"},{\"@type\":\"ListItem\",\"position\":2,\"name\":\"Proyecto de ley por un Departamento de Paz en Canad\u00e1\"}]},{\"@type\":\"WebSite\",\"@id\":\"https:\/\/www.pressenza.com\/es\/#website\",\"url\":\"https:\/\/www.pressenza.com\/es\/\",\"name\":\"Pressenza\",\"description\":\"International Press Agency\",\"publisher\":{\"@id\":\"https:\/\/www.pressenza.com\/es\/#organization\"},\"potentialAction\":[{\"@type\":\"SearchAction\",\"target\":{\"@type\":\"EntryPoint\",\"urlTemplate\":\"https:\/\/www.pressenza.com\/es\/?s={search_term_string}\"},\"query-input\":{\"@type\":\"PropertyValueSpecification\",\"valueRequired\":true,\"valueName\":\"search_term_string\"}}],\"inLanguage\":\"es\"},{\"@type\":\"Organization\",\"@id\":\"https:\/\/www.pressenza.com\/es\/#organization\",\"name\":\"Pressenza\",\"url\":\"https:\/\/www.pressenza.com\/es\/\",\"logo\":{\"@type\":\"ImageObject\",\"inLanguage\":\"es\",\"@id\":\"https:\/\/www.pressenza.com\/es\/#\/schema\/logo\/image\/\",\"url\":\"https:\/\/www.pressenza.com\/wp-content\/uploads\/2022\/10\/pressenza_logo_200x200.jpg\",\"contentUrl\":\"https:\/\/www.pressenza.com\/wp-content\/uploads\/2022\/10\/pressenza_logo_200x200.jpg\",\"width\":200,\"height\":200,\"caption\":\"Pressenza\"},\"image\":{\"@id\":\"https:\/\/www.pressenza.com\/es\/#\/schema\/logo\/image\/\"},\"sameAs\":[\"https:\/\/www.facebook.com\/PressenzaItalia\",\"https:\/\/x.com\/PressenzaIPA\"]},{\"@type\":\"Person\",\"@id\":\"https:\/\/www.pressenza.com\/es\/#\/schema\/person\/010e5d02bcf40965427a1289a4cc8d75\",\"name\":\"Pressenza IPA\",\"description\":\"News from Pressenza IPA correspondents\",\"sameAs\":[\"https:\/\/www.facebook.com\/pressenza\",\"https:\/\/x.com\/PressenzaIPA\"],\"url\":\"https:\/\/www.pressenza.com\/es\/author\/pressenza-ipa\/\"}]}<\/script>\n<!-- \/ Yoast SEO plugin. -->","yoast_head_json":{"title":"Proyecto de ley por un Departamento de Paz en Canad\u00e1","description":"El primer proyecto legislativo para establecer un Departamento de Paz se present\u00f3 el 30 de septiembre en Canad\u00e1. El objetivo es establecer un Departamento Federal de Paz, encabezado por un ministro de Gabinete, que se encargar\u00eda de coordinar y promover asuntos como el Desarme Nuclear, los Derechos Humanos y Econ\u00f3micos, la Educaci\u00f3n Pacifista y la Prevenci\u00f3n de la Violencia.","robots":{"index":"index","follow":"follow","max-snippet":"max-snippet:-1","max-image-preview":"max-image-preview:large","max-video-preview":"max-video-preview:-1"},"canonical":"https:\/\/www.pressenza.com\/es\/2009\/10\/proyecto-de-ley-por-un-departamento-de-paz-en-canada\/","og_locale":"es_ES","og_type":"article","og_title":"Proyecto de ley por un Departamento de Paz en Canad\u00e1","og_description":"El primer proyecto legislativo para establecer un Departamento de Paz se present\u00f3 el 30 de septiembre en Canad\u00e1. El objetivo es establecer un Departamento Federal de Paz, encabezado por un ministro de Gabinete, que se encargar\u00eda de coordinar y promover asuntos como el Desarme Nuclear, los Derechos Humanos y Econ\u00f3micos, la Educaci\u00f3n Pacifista y la Prevenci\u00f3n de la Violencia.","og_url":"https:\/\/www.pressenza.com\/es\/2009\/10\/proyecto-de-ley-por-un-departamento-de-paz-en-canada\/","og_site_name":"Pressenza","article_publisher":"https:\/\/www.facebook.com\/PressenzaItalia","article_author":"https:\/\/www.facebook.com\/pressenza","article_published_time":"2009-10-14T00:00:00+00:00","article_modified_time":"2009-10-14T06:33:50+00:00","author":"Pressenza IPA","twitter_card":"summary_large_image","twitter_creator":"@PressenzaIPA","twitter_site":"@PressenzaIPA","twitter_misc":{"Escrito por":"Pressenza IPA","Tiempo de lectura":"2 minutos"},"schema":{"@context":"https:\/\/schema.org","@graph":[{"@type":"Article","@id":"https:\/\/www.pressenza.com\/es\/2009\/10\/proyecto-de-ley-por-un-departamento-de-paz-en-canada\/#article","isPartOf":{"@id":"https:\/\/www.pressenza.com\/es\/2009\/10\/proyecto-de-ley-por-un-departamento-de-paz-en-canada\/"},"author":{"name":"Pressenza IPA","@id":"https:\/\/www.pressenza.com\/es\/#\/schema\/person\/010e5d02bcf40965427a1289a4cc8d75"},"headline":"Proyecto de ley por un Departamento de Paz en Canad\u00e1","datePublished":"2009-10-14T00:00:00+00:00","dateModified":"2009-10-14T06:33:50+00:00","mainEntityOfPage":{"@id":"https:\/\/www.pressenza.com\/es\/2009\/10\/proyecto-de-ley-por-un-departamento-de-paz-en-canada\/"},"wordCount":423,"publisher":{"@id":"https:\/\/www.pressenza.com\/es\/#organization"},"articleSection":["Norteam\u00e9rica","Pol\u00edtica"],"inLanguage":"es"},{"@type":"WebPage","@id":"https:\/\/www.pressenza.com\/es\/2009\/10\/proyecto-de-ley-por-un-departamento-de-paz-en-canada\/","url":"https:\/\/www.pressenza.com\/es\/2009\/10\/proyecto-de-ley-por-un-departamento-de-paz-en-canada\/","name":"Proyecto de ley por un Departamento de Paz en Canad\u00e1","isPartOf":{"@id":"https:\/\/www.pressenza.com\/es\/#website"},"datePublished":"2009-10-14T00:00:00+00:00","dateModified":"2009-10-14T06:33:50+00:00","description":"El primer proyecto legislativo para establecer un Departamento de Paz se present\u00f3 el 30 de septiembre en Canad\u00e1. El objetivo es establecer un Departamento Federal de Paz, encabezado por un ministro de Gabinete, que se encargar\u00eda de coordinar y promover asuntos como el Desarme Nuclear, los Derechos Humanos y Econ\u00f3micos, la Educaci\u00f3n Pacifista y la Prevenci\u00f3n de la Violencia.","breadcrumb":{"@id":"https:\/\/www.pressenza.com\/es\/2009\/10\/proyecto-de-ley-por-un-departamento-de-paz-en-canada\/#breadcrumb"},"inLanguage":"es","potentialAction":[{"@type":"ReadAction","target":["https:\/\/www.pressenza.com\/es\/2009\/10\/proyecto-de-ley-por-un-departamento-de-paz-en-canada\/"]}]},{"@type":"BreadcrumbList","@id":"https:\/\/www.pressenza.com\/es\/2009\/10\/proyecto-de-ley-por-un-departamento-de-paz-en-canada\/#breadcrumb","itemListElement":[{"@type":"ListItem","position":1,"name":"Accueil","item":"https:\/\/www.pressenza.com\/es\/"},{"@type":"ListItem","position":2,"name":"Proyecto de ley por un Departamento de Paz en Canad\u00e1"}]},{"@type":"WebSite","@id":"https:\/\/www.pressenza.com\/es\/#website","url":"https:\/\/www.pressenza.com\/es\/","name":"Pressenza","description":"International Press Agency","publisher":{"@id":"https:\/\/www.pressenza.com\/es\/#organization"},"potentialAction":[{"@type":"SearchAction","target":{"@type":"EntryPoint","urlTemplate":"https:\/\/www.pressenza.com\/es\/?s={search_term_string}"},"query-input":{"@type":"PropertyValueSpecification","valueRequired":true,"valueName":"search_term_string"}}],"inLanguage":"es"},{"@type":"Organization","@id":"https:\/\/www.pressenza.com\/es\/#organization","name":"Pressenza","url":"https:\/\/www.pressenza.com\/es\/","logo":{"@type":"ImageObject","inLanguage":"es","@id":"https:\/\/www.pressenza.com\/es\/#\/schema\/logo\/image\/","url":"https:\/\/www.pressenza.com\/wp-content\/uploads\/2022\/10\/pressenza_logo_200x200.jpg","contentUrl":"https:\/\/www.pressenza.com\/wp-content\/uploads\/2022\/10\/pressenza_logo_200x200.jpg","width":200,"height":200,"caption":"Pressenza"},"image":{"@id":"https:\/\/www.pressenza.com\/es\/#\/schema\/logo\/image\/"},"sameAs":["https:\/\/www.facebook.com\/PressenzaItalia","https:\/\/x.com\/PressenzaIPA"]},{"@type":"Person","@id":"https:\/\/www.pressenza.com\/es\/#\/schema\/person\/010e5d02bcf40965427a1289a4cc8d75","name":"Pressenza IPA","description":"News from Pressenza IPA correspondents","sameAs":["https:\/\/www.facebook.com\/pressenza","https:\/\/x.com\/PressenzaIPA"],"url":"https:\/\/www.pressenza.com\/es\/author\/pressenza-ipa\/"}]}},"place":"Ottawa","original_article_url":"","_links":{"self":[{"href":"https:\/\/www.pressenza.com\/es\/wp-json\/wp\/v2\/posts\/1717","targetHints":{"allow":["GET"]}}],"collection":[{"href":"https:\/\/www.pressenza.com\/es\/wp-json\/wp\/v2\/posts"}],"about":[{"href":"https:\/\/www.pressenza.com\/es\/wp-json\/wp\/v2\/types\/post"}],"author":[{"embeddable":true,"href":"https:\/\/www.pressenza.com\/es\/wp-json\/wp\/v2\/users\/19"}],"replies":[{"embeddable":true,"href":"https:\/\/www.pressenza.com\/es\/wp-json\/wp\/v2\/comments?post=1717"}],"version-history":[{"count":0,"href":"https:\/\/www.pressenza.com\/es\/wp-json\/wp\/v2\/posts\/1717\/revisions"}],"wp:attachment":[{"href":"https:\/\/www.pressenza.com\/es\/wp-json\/wp\/v2\/media?parent=1717"}],"wp:term":[{"taxonomy":"category","embeddable":true,"href":"https:\/\/www.pressenza.com\/es\/wp-json\/wp\/v2\/categories?post=1717"},{"taxonomy":"post_tag","embeddable":true,"href":"https:\/\/www.pressenza.com\/es\/wp-json\/wp\/v2\/tags?post=1717"}],"curies":[{"name":"wp","href":"https:\/\/api.w.org\/{rel}","templated":true}]}}