{"id":1714440,"date":"2023-02-06T05:25:08","date_gmt":"2023-02-06T05:25:08","guid":{"rendered":"https:\/\/www.pressenza.com\/?p=1714440"},"modified":"2023-02-06T05:25:08","modified_gmt":"2023-02-06T05:25:08","slug":"peru-sin-salida-a-la-crisis","status":"publish","type":"post","link":"https:\/\/www.pressenza.com\/es\/2023\/02\/peru-sin-salida-a-la-crisis\/","title":{"rendered":"Per\u00fa: Sin salida a la crisis"},"content":{"rendered":"<p>El s\u00e1bado 4 pasado miles de manifestantes se dieron cita en el centro de Lima en la denominada Marcha de los Conos, que uni\u00f3 a los manifestantes provenientes del sur del pa\u00eds y manifestantes de los conos de la ciudad de Lima. La demanda por el adelanto de elecciones se hizo sentir a\u00fan m\u00e1s, luego que el Congreso de la Rep\u00fablica archiv\u00f3 cuatro proyectos de ley que buscaban adelantar las elecciones generales e incluso votaron para no volver a tocar el tema en esta legislatura.<\/p>\n<p><strong>Legisladores no se quieren ir<\/strong><\/p>\n<p>Los congresistas tambi\u00e9n rechazaron debatir una iniciativa legislativa presentada por el Ejecutivo, que planteaba las elecciones presidenciales y congresales para octubre de este a\u00f1o; apelando al art\u00edculo 78 del reglamento del Congreso que impide el debate de una misma propuesta (sin embargo hay antecedentes de excepciones al respecto).\u00a0 El debate de las nuevas elecciones solo podr\u00e1 incorporarse en la pr\u00f3xima legislatura.<\/p>\n<p>Esta movida pol\u00edtica deja como \u00fanica alternativa a la crisis, la renuncia de la presidenta Dina Boluarte. No obstante, esta ha se\u00f1alado en reiteradas ocasiones que no renunciar\u00e1. Adem\u00e1s, de realizarse dicha renuncia, legalmente asumir\u00eda el presidente del Congreso, Jos\u00e9 Williams Zapata, hecho que tambi\u00e9n es rechazado por la poblaci\u00f3n, lo que se prev\u00e9 encender\u00eda m\u00e1s los \u00e1nimos.<\/p>\n<p><strong>Crecen manifestaciones<\/strong><\/p>\n<p>Ante la concertaci\u00f3n de los congresistas para mantenerse en el poder, la ciudadan\u00eda se ha volcado a las calles y se reportan 72 puntos de bloqueos de v\u00edas nacionales y 22 bloqueos en diferentes provincias del pa\u00eds (1); adem\u00e1s, hubo manifestaciones en seis provincias.<\/p>\n<p>Asimismo, se anuncian nuevas manifestaciones para el lunes 6 de febrero en Ayacucho, el jueves 9 en Lima metropolitana y Arequipa, y en la macro regi\u00f3n Norte entre el 17 al 20 de febrero (2).<\/p>\n<p>El clima social es de una tensa calma entre las autoridades y la poblaci\u00f3n. De un lado, los medios de comunicaci\u00f3n informan sobre las p\u00e9rdidas econ\u00f3micas y materiales que han ocasionado las protestas y, del otro, tanto organismos de derechos humanos como la prensa alternativa informan de detenciones arbitrarias y excesos en el uso de la fuerza.\u00a0 La Defensor\u00eda del Pueblo ha se\u00f1alado oficialmente 59 muertos, mil 229 personas y 580 polic\u00edas heridos.<\/p>\n<p>A continuaci\u00f3n, un video reportaje de la CONPYMAP (Coordinadora de Prensa Popular y Medios Alternativos) a quienes agradecemos su colaboraci\u00f3n:<\/p>\n<p><a href=\"https:\/\/fb.watch\/iwg-Wbbni8\/\">https:\/\/fb.watch\/iwg-Wbbni8\/<\/a><\/p>\n<p><a href=\"https:\/\/fb.watch\/iwh1EV2cPs\/\">https:\/\/fb.watch\/iwh1EV2cPs\/<\/a><\/p>\n<p><a href=\"https:\/\/fb.watch\/iwh6-Rc6-z\/\">https:\/\/fb.watch\/iwh6-Rc6-z\/<\/a><\/p>\n<p><a href=\"https:\/\/fb.watch\/iwhaszCnB5\/\">https:\/\/fb.watch\/iwhaszCnB5\/<\/a><\/p>\n<p>(1) Fuente: Defensor\u00eda del Pueblo. Reporte Diario al 5 de febrero de 2023. https:\/\/www.defensoria.gob.pe\/wp-content\/uploads\/2023\/02\/ReporteDiario522023_13-horas.pdf<\/p>\n<p>(2) Fuente: Servindi. <a href=\"https:\/\/www.servindi.org\/actualidad-noticias\/04\/02\/2023\/aparente-calma-en-los-medios-pero-crece-movilizacion-en-las-calles\">https:\/\/www.servindi.org\/actualidad-noticias\/04\/02\/2023\/aparente-calma-en-los-medios-pero-crece-movilizacion-en-las-calles<\/a><\/p>\n<p>Foto: Actualidad RT.<\/p>\n","protected":false},"excerpt":{"rendered":"<p>El s\u00e1bado 4 pasado miles de manifestantes se dieron cita en el centro de Lima en la denominada Marcha de los Conos, que uni\u00f3 a los manifestantes provenientes del sur del pa\u00eds y manifestantes de los conos de la ciudad&hellip;<\/p>\n","protected":false},"author":831,"featured_media":1714441,"comment_status":"closed","ping_status":"closed","sticky":false,"template":"","format":"standard","meta":{"footnotes":""},"categories":[11389,46976,106739,74,67,25678],"tags":[93535,109844,108352],"class_list":["post-1714440","post","type-post","status-publish","format-standard","has-post-thumbnail","hentry","category-contenido-original","category-jovenes","category-noticia","category-politica-es","category-sudamerica","category-video-es","tag-congreso-de-la-republica","tag-crisis-en-peru","tag-dina-boluarte"],"yoast_head":"<!-- This site is optimized with the Yoast SEO plugin v27.1.1 - https:\/\/yoast.com\/product\/yoast-seo-wordpress\/ -->\n<title>Per\u00fa: Sin salida a la crisis<\/title>\n<meta name=\"description\" content=\"El s\u00e1bado 4 pasado miles de manifestantes se dieron cita en el centro de Lima en la denominada Marcha de los Conos, que uni\u00f3 a los manifestantes\" \/>\n<meta name=\"robots\" content=\"index, follow, max-snippet:-1, max-image-preview:large, max-video-preview:-1\" \/>\n<link rel=\"canonical\" href=\"https:\/\/www.pressenza.com\/es\/2023\/02\/peru-sin-salida-a-la-crisis\/\" \/>\n<meta property=\"og:locale\" content=\"es_ES\" \/>\n<meta property=\"og:type\" content=\"article\" \/>\n<meta property=\"og:title\" content=\"Per\u00fa: Sin salida a la crisis\" \/>\n<meta property=\"og:description\" content=\"El s\u00e1bado 4 pasado miles de manifestantes se dieron cita en el centro de Lima en la denominada Marcha de los Conos, que uni\u00f3 a los manifestantes\" \/>\n<meta property=\"og:url\" content=\"https:\/\/www.pressenza.com\/es\/2023\/02\/peru-sin-salida-a-la-crisis\/\" \/>\n<meta property=\"og:site_name\" content=\"Pressenza\" \/>\n<meta property=\"article:publisher\" content=\"https:\/\/www.facebook.com\/PressenzaItalia\" \/>\n<meta property=\"article:published_time\" content=\"2023-02-06T05:25:08+00:00\" \/>\n<meta property=\"og:image\" content=\"https:\/\/www.pressenza.com\/wp-content\/uploads\/2023\/02\/actualidad-rt.jpg\" \/>\n\t<meta property=\"og:image:width\" content=\"640\" \/>\n\t<meta property=\"og:image:height\" content=\"480\" \/>\n\t<meta property=\"og:image:type\" content=\"image\/jpeg\" \/>\n<meta name=\"author\" content=\"Redacci\u00f3n Per\u00fa\" \/>\n<meta name=\"twitter:card\" content=\"summary_large_image\" \/>\n<meta name=\"twitter:creator\" content=\"@PressenzaIPA\" \/>\n<meta name=\"twitter:site\" content=\"@PressenzaIPA\" \/>\n<meta name=\"twitter:label1\" content=\"Escrito por\" \/>\n\t<meta name=\"twitter:data1\" content=\"Redacci\u00f3n Per\u00fa\" \/>\n\t<meta name=\"twitter:label2\" content=\"Tiempo de lectura\" \/>\n\t<meta name=\"twitter:data2\" content=\"2 minutos\" \/>\n<script type=\"application\/ld+json\" class=\"yoast-schema-graph\">{\"@context\":\"https:\/\/schema.org\",\"@graph\":[{\"@type\":\"Article\",\"@id\":\"https:\/\/www.pressenza.com\/es\/2023\/02\/peru-sin-salida-a-la-crisis\/#article\",\"isPartOf\":{\"@id\":\"https:\/\/www.pressenza.com\/es\/2023\/02\/peru-sin-salida-a-la-crisis\/\"},\"author\":{\"name\":\"Redacci\u00f3n Per\u00fa\",\"@id\":\"https:\/\/www.pressenza.com\/es\/#\/schema\/person\/e86c29a41185b85084a478822f5de81b\"},\"headline\":\"Per\u00fa: Sin salida a la crisis\",\"datePublished\":\"2023-02-06T05:25:08+00:00\",\"mainEntityOfPage\":{\"@id\":\"https:\/\/www.pressenza.com\/es\/2023\/02\/peru-sin-salida-a-la-crisis\/\"},\"wordCount\":460,\"publisher\":{\"@id\":\"https:\/\/www.pressenza.com\/es\/#organization\"},\"image\":{\"@id\":\"https:\/\/www.pressenza.com\/es\/2023\/02\/peru-sin-salida-a-la-crisis\/#primaryimage\"},\"thumbnailUrl\":\"https:\/\/www.pressenza.com\/wp-content\/uploads\/2023\/02\/actualidad-rt.jpg\",\"keywords\":[\"Congreso de la Rep\u00fablica\",\"crisis en Per\u00fa\",\"Dina Boluarte\"],\"articleSection\":[\"Contenido Original\",\"J\u00f3venes\",\"Noticia\",\"Pol\u00edtica\",\"Sudam\u00e9rica\",\"Video\"],\"inLanguage\":\"es\"},{\"@type\":\"WebPage\",\"@id\":\"https:\/\/www.pressenza.com\/es\/2023\/02\/peru-sin-salida-a-la-crisis\/\",\"url\":\"https:\/\/www.pressenza.com\/es\/2023\/02\/peru-sin-salida-a-la-crisis\/\",\"name\":\"Per\u00fa: Sin salida a la crisis\",\"isPartOf\":{\"@id\":\"https:\/\/www.pressenza.com\/es\/#website\"},\"primaryImageOfPage\":{\"@id\":\"https:\/\/www.pressenza.com\/es\/2023\/02\/peru-sin-salida-a-la-crisis\/#primaryimage\"},\"image\":{\"@id\":\"https:\/\/www.pressenza.com\/es\/2023\/02\/peru-sin-salida-a-la-crisis\/#primaryimage\"},\"thumbnailUrl\":\"https:\/\/www.pressenza.com\/wp-content\/uploads\/2023\/02\/actualidad-rt.jpg\",\"datePublished\":\"2023-02-06T05:25:08+00:00\",\"description\":\"El s\u00e1bado 4 pasado miles de manifestantes se dieron cita en el centro de Lima en la denominada Marcha de los Conos, que uni\u00f3 a los manifestantes\",\"breadcrumb\":{\"@id\":\"https:\/\/www.pressenza.com\/es\/2023\/02\/peru-sin-salida-a-la-crisis\/#breadcrumb\"},\"inLanguage\":\"es\",\"potentialAction\":[{\"@type\":\"ReadAction\",\"target\":[\"https:\/\/www.pressenza.com\/es\/2023\/02\/peru-sin-salida-a-la-crisis\/\"]}]},{\"@type\":\"ImageObject\",\"inLanguage\":\"es\",\"@id\":\"https:\/\/www.pressenza.com\/es\/2023\/02\/peru-sin-salida-a-la-crisis\/#primaryimage\",\"url\":\"https:\/\/www.pressenza.com\/wp-content\/uploads\/2023\/02\/actualidad-rt.jpg\",\"contentUrl\":\"https:\/\/www.pressenza.com\/wp-content\/uploads\/2023\/02\/actualidad-rt.jpg\",\"width\":640,\"height\":480,\"caption\":\"\u03a6\u03c9\u03c4\u03bf\u03b3\u03c1\u03b1\u03c6\u03af\u03b1 Actualidad RT.\"},{\"@type\":\"BreadcrumbList\",\"@id\":\"https:\/\/www.pressenza.com\/es\/2023\/02\/peru-sin-salida-a-la-crisis\/#breadcrumb\",\"itemListElement\":[{\"@type\":\"ListItem\",\"position\":1,\"name\":\"Accueil\",\"item\":\"https:\/\/www.pressenza.com\/es\/\"},{\"@type\":\"ListItem\",\"position\":2,\"name\":\"Per\u00fa: Sin salida a la crisis\"}]},{\"@type\":\"WebSite\",\"@id\":\"https:\/\/www.pressenza.com\/es\/#website\",\"url\":\"https:\/\/www.pressenza.com\/es\/\",\"name\":\"Pressenza\",\"description\":\"International Press Agency\",\"publisher\":{\"@id\":\"https:\/\/www.pressenza.com\/es\/#organization\"},\"potentialAction\":[{\"@type\":\"SearchAction\",\"target\":{\"@type\":\"EntryPoint\",\"urlTemplate\":\"https:\/\/www.pressenza.com\/es\/?s={search_term_string}\"},\"query-input\":{\"@type\":\"PropertyValueSpecification\",\"valueRequired\":true,\"valueName\":\"search_term_string\"}}],\"inLanguage\":\"es\"},{\"@type\":\"Organization\",\"@id\":\"https:\/\/www.pressenza.com\/es\/#organization\",\"name\":\"Pressenza\",\"url\":\"https:\/\/www.pressenza.com\/es\/\",\"logo\":{\"@type\":\"ImageObject\",\"inLanguage\":\"es\",\"@id\":\"https:\/\/www.pressenza.com\/es\/#\/schema\/logo\/image\/\",\"url\":\"https:\/\/www.pressenza.com\/wp-content\/uploads\/2022\/10\/pressenza_logo_200x200.jpg\",\"contentUrl\":\"https:\/\/www.pressenza.com\/wp-content\/uploads\/2022\/10\/pressenza_logo_200x200.jpg\",\"width\":200,\"height\":200,\"caption\":\"Pressenza\"},\"image\":{\"@id\":\"https:\/\/www.pressenza.com\/es\/#\/schema\/logo\/image\/\"},\"sameAs\":[\"https:\/\/www.facebook.com\/PressenzaItalia\",\"https:\/\/x.com\/PressenzaIPA\"]},{\"@type\":\"Person\",\"@id\":\"https:\/\/www.pressenza.com\/es\/#\/schema\/person\/e86c29a41185b85084a478822f5de81b\",\"name\":\"Redacci\u00f3n Per\u00fa\",\"description\":\"News published by the Pressenza bureau in Peru\",\"url\":\"https:\/\/www.pressenza.com\/es\/author\/redaccion-peru\/\"}]}<\/script>\n<!-- \/ Yoast SEO plugin. -->","yoast_head_json":{"title":"Per\u00fa: Sin salida a la crisis","description":"El s\u00e1bado 4 pasado miles de manifestantes se dieron cita en el centro de Lima en la denominada Marcha de los Conos, que uni\u00f3 a los manifestantes","robots":{"index":"index","follow":"follow","max-snippet":"max-snippet:-1","max-image-preview":"max-image-preview:large","max-video-preview":"max-video-preview:-1"},"canonical":"https:\/\/www.pressenza.com\/es\/2023\/02\/peru-sin-salida-a-la-crisis\/","og_locale":"es_ES","og_type":"article","og_title":"Per\u00fa: Sin salida a la crisis","og_description":"El s\u00e1bado 4 pasado miles de manifestantes se dieron cita en el centro de Lima en la denominada Marcha de los Conos, que uni\u00f3 a los manifestantes","og_url":"https:\/\/www.pressenza.com\/es\/2023\/02\/peru-sin-salida-a-la-crisis\/","og_site_name":"Pressenza","article_publisher":"https:\/\/www.facebook.com\/PressenzaItalia","article_published_time":"2023-02-06T05:25:08+00:00","og_image":[{"width":640,"height":480,"url":"https:\/\/www.pressenza.com\/wp-content\/uploads\/2023\/02\/actualidad-rt.jpg","type":"image\/jpeg"}],"author":"Redacci\u00f3n Per\u00fa","twitter_card":"summary_large_image","twitter_creator":"@PressenzaIPA","twitter_site":"@PressenzaIPA","twitter_misc":{"Escrito por":"Redacci\u00f3n Per\u00fa","Tiempo de lectura":"2 minutos"},"schema":{"@context":"https:\/\/schema.org","@graph":[{"@type":"Article","@id":"https:\/\/www.pressenza.com\/es\/2023\/02\/peru-sin-salida-a-la-crisis\/#article","isPartOf":{"@id":"https:\/\/www.pressenza.com\/es\/2023\/02\/peru-sin-salida-a-la-crisis\/"},"author":{"name":"Redacci\u00f3n Per\u00fa","@id":"https:\/\/www.pressenza.com\/es\/#\/schema\/person\/e86c29a41185b85084a478822f5de81b"},"headline":"Per\u00fa: Sin salida a la crisis","datePublished":"2023-02-06T05:25:08+00:00","mainEntityOfPage":{"@id":"https:\/\/www.pressenza.com\/es\/2023\/02\/peru-sin-salida-a-la-crisis\/"},"wordCount":460,"publisher":{"@id":"https:\/\/www.pressenza.com\/es\/#organization"},"image":{"@id":"https:\/\/www.pressenza.com\/es\/2023\/02\/peru-sin-salida-a-la-crisis\/#primaryimage"},"thumbnailUrl":"https:\/\/www.pressenza.com\/wp-content\/uploads\/2023\/02\/actualidad-rt.jpg","keywords":["Congreso de la Rep\u00fablica","crisis en Per\u00fa","Dina Boluarte"],"articleSection":["Contenido Original","J\u00f3venes","Noticia","Pol\u00edtica","Sudam\u00e9rica","Video"],"inLanguage":"es"},{"@type":"WebPage","@id":"https:\/\/www.pressenza.com\/es\/2023\/02\/peru-sin-salida-a-la-crisis\/","url":"https:\/\/www.pressenza.com\/es\/2023\/02\/peru-sin-salida-a-la-crisis\/","name":"Per\u00fa: Sin salida a la crisis","isPartOf":{"@id":"https:\/\/www.pressenza.com\/es\/#website"},"primaryImageOfPage":{"@id":"https:\/\/www.pressenza.com\/es\/2023\/02\/peru-sin-salida-a-la-crisis\/#primaryimage"},"image":{"@id":"https:\/\/www.pressenza.com\/es\/2023\/02\/peru-sin-salida-a-la-crisis\/#primaryimage"},"thumbnailUrl":"https:\/\/www.pressenza.com\/wp-content\/uploads\/2023\/02\/actualidad-rt.jpg","datePublished":"2023-02-06T05:25:08+00:00","description":"El s\u00e1bado 4 pasado miles de manifestantes se dieron cita en el centro de Lima en la denominada Marcha de los Conos, que uni\u00f3 a los manifestantes","breadcrumb":{"@id":"https:\/\/www.pressenza.com\/es\/2023\/02\/peru-sin-salida-a-la-crisis\/#breadcrumb"},"inLanguage":"es","potentialAction":[{"@type":"ReadAction","target":["https:\/\/www.pressenza.com\/es\/2023\/02\/peru-sin-salida-a-la-crisis\/"]}]},{"@type":"ImageObject","inLanguage":"es","@id":"https:\/\/www.pressenza.com\/es\/2023\/02\/peru-sin-salida-a-la-crisis\/#primaryimage","url":"https:\/\/www.pressenza.com\/wp-content\/uploads\/2023\/02\/actualidad-rt.jpg","contentUrl":"https:\/\/www.pressenza.com\/wp-content\/uploads\/2023\/02\/actualidad-rt.jpg","width":640,"height":480,"caption":"\u03a6\u03c9\u03c4\u03bf\u03b3\u03c1\u03b1\u03c6\u03af\u03b1 Actualidad RT."},{"@type":"BreadcrumbList","@id":"https:\/\/www.pressenza.com\/es\/2023\/02\/peru-sin-salida-a-la-crisis\/#breadcrumb","itemListElement":[{"@type":"ListItem","position":1,"name":"Accueil","item":"https:\/\/www.pressenza.com\/es\/"},{"@type":"ListItem","position":2,"name":"Per\u00fa: Sin salida a la crisis"}]},{"@type":"WebSite","@id":"https:\/\/www.pressenza.com\/es\/#website","url":"https:\/\/www.pressenza.com\/es\/","name":"Pressenza","description":"International Press Agency","publisher":{"@id":"https:\/\/www.pressenza.com\/es\/#organization"},"potentialAction":[{"@type":"SearchAction","target":{"@type":"EntryPoint","urlTemplate":"https:\/\/www.pressenza.com\/es\/?s={search_term_string}"},"query-input":{"@type":"PropertyValueSpecification","valueRequired":true,"valueName":"search_term_string"}}],"inLanguage":"es"},{"@type":"Organization","@id":"https:\/\/www.pressenza.com\/es\/#organization","name":"Pressenza","url":"https:\/\/www.pressenza.com\/es\/","logo":{"@type":"ImageObject","inLanguage":"es","@id":"https:\/\/www.pressenza.com\/es\/#\/schema\/logo\/image\/","url":"https:\/\/www.pressenza.com\/wp-content\/uploads\/2022\/10\/pressenza_logo_200x200.jpg","contentUrl":"https:\/\/www.pressenza.com\/wp-content\/uploads\/2022\/10\/pressenza_logo_200x200.jpg","width":200,"height":200,"caption":"Pressenza"},"image":{"@id":"https:\/\/www.pressenza.com\/es\/#\/schema\/logo\/image\/"},"sameAs":["https:\/\/www.facebook.com\/PressenzaItalia","https:\/\/x.com\/PressenzaIPA"]},{"@type":"Person","@id":"https:\/\/www.pressenza.com\/es\/#\/schema\/person\/e86c29a41185b85084a478822f5de81b","name":"Redacci\u00f3n Per\u00fa","description":"News published by the Pressenza bureau in Peru","url":"https:\/\/www.pressenza.com\/es\/author\/redaccion-peru\/"}]}},"place":"","original_article_url":"","_links":{"self":[{"href":"https:\/\/www.pressenza.com\/es\/wp-json\/wp\/v2\/posts\/1714440","targetHints":{"allow":["GET"]}}],"collection":[{"href":"https:\/\/www.pressenza.com\/es\/wp-json\/wp\/v2\/posts"}],"about":[{"href":"https:\/\/www.pressenza.com\/es\/wp-json\/wp\/v2\/types\/post"}],"author":[{"embeddable":true,"href":"https:\/\/www.pressenza.com\/es\/wp-json\/wp\/v2\/users\/831"}],"replies":[{"embeddable":true,"href":"https:\/\/www.pressenza.com\/es\/wp-json\/wp\/v2\/comments?post=1714440"}],"version-history":[{"count":0,"href":"https:\/\/www.pressenza.com\/es\/wp-json\/wp\/v2\/posts\/1714440\/revisions"}],"wp:featuredmedia":[{"embeddable":true,"href":"https:\/\/www.pressenza.com\/es\/wp-json\/wp\/v2\/media\/1714441"}],"wp:attachment":[{"href":"https:\/\/www.pressenza.com\/es\/wp-json\/wp\/v2\/media?parent=1714440"}],"wp:term":[{"taxonomy":"category","embeddable":true,"href":"https:\/\/www.pressenza.com\/es\/wp-json\/wp\/v2\/categories?post=1714440"},{"taxonomy":"post_tag","embeddable":true,"href":"https:\/\/www.pressenza.com\/es\/wp-json\/wp\/v2\/tags?post=1714440"}],"curies":[{"name":"wp","href":"https:\/\/api.w.org\/{rel}","templated":true}]}}