{"id":1714290,"date":"2023-02-05T13:32:56","date_gmt":"2023-02-05T13:32:56","guid":{"rendered":"https:\/\/www.pressenza.com\/?p=1714290"},"modified":"2023-02-05T13:32:56","modified_gmt":"2023-02-05T13:32:56","slug":"peru-alberto-castro-el-error-es-creer-que-se-sale-del-closet-una-vez","status":"publish","type":"post","link":"https:\/\/www.pressenza.com\/es\/2023\/02\/peru-alberto-castro-el-error-es-creer-que-se-sale-del-closet-una-vez\/","title":{"rendered":"[Per\u00fa] Alberto Castro: \u00abEl error es creer que se sale del cl\u00f3set una vez\u00bb"},"content":{"rendered":"<p><em>Por Sol Pozzi-Escot<\/em><\/p>\n<p style=\"font-weight: 400;\"><strong>\u201cSalir del cl\u00f3set\u201d es un documental realizado en Per\u00fa, que aborda la problem\u00e1tica de la aceptaci\u00f3n de los hombres homosexuales como tales en una sociedad, donde si bien se han logrado ciertos avances hacia la igualdad, se mantiene esencialmente retr\u00f3grada. \u00bfQu\u00e9 significa salir del cl\u00f3set? \u00bfEs una declaraci\u00f3n de la identidad personal ante la sociedad o ante uno mismo? Conversamos con Alberto Castro, realizador de la cinta.<\/strong><\/p>\n<div id=\"attachment_1714295\" class=\"wp-caption alignnone\"><img loading=\"lazy\" decoding=\"async\" aria-describedby=\"caption-attachment-1714295\" class=\"wp-image-1714295 size-large\" src=\"https:\/\/www.pressenza.com\/wp-content\/uploads\/2023\/02\/IMG_3462-Protagonistas-de-Salir-del-Closet-820x546.jpg\" alt=\"\" width=\"820\" height=\"546\" srcset=\"https:\/\/www.pressenza.com\/wp-content\/uploads\/2023\/02\/IMG_3462-Protagonistas-de-Salir-del-Closet-820x546.jpg 820w, https:\/\/www.pressenza.com\/wp-content\/uploads\/2023\/02\/IMG_3462-Protagonistas-de-Salir-del-Closet-300x200.jpg 300w, https:\/\/www.pressenza.com\/wp-content\/uploads\/2023\/02\/IMG_3462-Protagonistas-de-Salir-del-Closet.jpg 950w\" sizes=\"auto, (max-width: 820px) 100vw, 820px\" \/><p id=\"caption-attachment-1714295\" class=\"wp-caption-text\">Protagonistas de \u00abSalir del cl\u00f3set\u00bb<\/p><\/div>\n<p style=\"font-weight: 400;\"><strong>\u00bfCu\u00e1l era el perfil de personaje que buscabas para los entrevistados que participaron del documental?<\/strong><\/p>\n<p style=\"font-weight: 400;\">Lo m\u00e1s dif\u00edcil fue encontrar personas homosexuales que quisieran sentarse frente a una c\u00e1mara para contar sus historias de \u2018salida del cl\u00f3set\u2019, muchas de ellas traum\u00e1ticas y -de seguro- a\u00fan con heridas en proceso de sanaci\u00f3n. As\u00ed que empezamos con contactos que ten\u00edamos desde las bases de datos de algunas ONGs con las que hab\u00eda trabajado antes. A partir de ah\u00ed, buscamos personas que pudieran vivir en distintos distritos de la capital. Tambi\u00e9n ten\u00edamos la consigna de no buscar activistas LGBT+, ni l\u00edderes de opini\u00f3n demasiado grandes o personalidades de la far\u00e1ndula, para que tuvieran discursos menos construidos en el tiempo.<\/p>\n<p style=\"font-weight: 400;\"><strong>\u00bfPor qu\u00e9 concentrarte en un cierto rango de edad, y no incluir a personas m\u00e1s j\u00f3venes o mayores? <\/strong><\/p>\n<p style=\"font-weight: 400;\">La tesis del documental parte de una experiencia personal, por lo que la pesquisa va por generaciones aleda\u00f1as a la m\u00eda. Es por ello que los entrevistados oscilan entre los 18 y los 42 a\u00f1os de edad. Nunca buscamos menores de edad, pero s\u00ed buscamos a gente de m\u00e1s de 50, pero las varias personas que logramos contactar, todas rechazaron ser grabadas.<\/p>\n<p style=\"font-weight: 400;\"><strong>\u00bfPor qu\u00e9 crees que en la actualidad es importante compartir estas historias?<\/strong><\/p>\n<p style=\"font-weight: 400;\">Porque el Per\u00fa es m\u00e1s conservador que nunca. Lo vemos en la violencia que sigue d\u00e1ndose en contra de la comunidad LGBT+ (la semana pasada, asesinaron a tres mujeres trans en distintos lugares del pa\u00eds, algo bastante com\u00fan si es que sigues de cerca a organizaciones que luchan por derechos de la comunidad) y en instituciones (Ejecutivo, Legislativo, ni qu\u00e9 decir de la polic\u00eda nacional) completamente ajenos a la diversidad.<\/p>\n<p style=\"font-weight: 400;\">Incluso, al anunciar el documental en redes sociales de la cadena Cineplanet, se desat\u00f3 una reacci\u00f3n violenta de comentarios con citas religiosas e indignaci\u00f3n, que demuestra que estamos a\u00fan lejos de poder convivir con una sociedad heteronormativa y machista.<\/p>\n<p style=\"font-weight: 400;\"><strong>\u00bfCrees que ha habido progresos en la manera en que la sociedad peruana integra a los hombres gays? <\/strong><\/p>\n<p style=\"font-weight: 400;\">El progreso est\u00e1 en la representaci\u00f3n: en tener actores, conductores de televisi\u00f3n y pol\u00edticos abiertamente diversos. Pero fuera de eso, somos el \u00faltimo pa\u00eds de la regi\u00f3n (junto con Venezuela) en no tener ni matrimonio igualitario o ley de identidad de g\u00e9nero. Nos pasamos toda la segunda vuelta luchando por \u201cno ser Venezuela\u201d, pero nuestros legisladores <em>conservas <\/em>nos mantienen en ese lugar desde los derechos LGBT+.<\/p>\n<p style=\"font-weight: 400;\">Es cierto que en las nuevas generaciones hay m\u00e1s aceptaci\u00f3n tambi\u00e9n, gracias a las redes sociales, que les abren las puertas a un mundo m\u00e1s igualitario fuera del Per\u00fa, pero hasta que desde el Estado e instituciones no existamos, no habr\u00e1 demasiada diferencia.<\/p>\n<p style=\"font-weight: 400;\"><strong>Uno de los temas abordados por el documental, son los estereotipos que se asocian a la comunidad gay, como el ser afeminado, la promiscuidad, etc. \u00bfDe d\u00f3nde vienen estos estereotipos? \u00bfNo est\u00e1n basados, en cierta medida, en la realidad? <\/strong><\/p>\n<p style=\"font-weight: 400;\">El problema del estereotipo es cuando se le atribuye a una poblaci\u00f3n con una carga estigmatizante. Un hombre heterosexual puede tener sexo cuando quiera, pero si una mujer lo hace se est\u00e1 denigrando, y si un homosexual lo hace se vuelve pecado o un desorden mental. Y al dejar de hablar de la sexualidad de forma positiva, es que caemos en el peligro de no ense\u00f1arle a las mujeres ni a la comunidad LGBT+ a tener sexo responsable, a cuidarse tanto desde lo f\u00edsico como desde lo afectivo.<\/p>\n<p style=\"font-weight: 400;\">Lo de \u201cser afeminado\u201d es m\u00e1s peligroso a\u00fan: la sociedad nos dice que el hombre debe ser dominante, agresivo, no mostrar vulnerabilidad, no llorar. Mientras que la mujer es sumisa, d\u00e9bil, baja la cabeza, es sensible. Esta construcci\u00f3n social hace mucho da\u00f1o: el gay puede ser gay solo si es masculino. Y por eso uno rechaza hasta la forma en la que uno quiere hablar o vestirse. Y esto le hace da\u00f1o incluso a los hombres heterosexuales, a los cuales no se les permite ser como quieren ser.<\/p>\n<p style=\"font-weight: 400;\"><strong>\u00bfEl documental busca tumbarse esos estereotipos? <\/strong><\/p>\n<p style=\"font-weight: 400;\">Mi intenci\u00f3n nunca ha sido tumbarme estereotipos ni predicar una \u00fanica teor\u00eda ni forma de \u2018salir del cl\u00f3set\u2019, sino evidenciar que cada \u2018salida del cl\u00f3set\u2019 es \u00fanica, especial y liberadora. Aunque igual vamos a poder ver algo de nosotros en cada salida del cl\u00f3set.<\/p>\n<p style=\"font-weight: 400;\"><strong>\u00bfQu\u00e9 rol juegan las redes sociales en el camino de aceptaci\u00f3n de un hombre homosexual? <\/strong><\/p>\n<p style=\"font-weight: 400;\">El internet y las redes sociales han ayudado infinito a las nuevas generaciones, porque lo m\u00e1s dif\u00edcil para la gente de mi edad (para arriba) era el tener que lidiar con estos sentimientos de culpa o de ser \u2018distinto\u2019 de forma solitaria. Nos sent\u00edamos solos, que \u00e9ramos los \u00fanicos que est\u00e1bamos sintiendo cosas as\u00ed o que sufr\u00edamos de esta forma. No hab\u00eda referentes con los cuales sentirnos acompa\u00f1ados y el internet definitivamente ayuda a eso. Sobre todo en un pa\u00eds en el que la representaci\u00f3n sigue siendo escasa y nociva.<\/p>\n<p style=\"font-weight: 400;\"><strong>\u00bfQu\u00e9 cosa es, para Alberto Castro, salir del cl\u00f3set? <\/strong><\/p>\n<p style=\"font-weight: 400;\">Es un proceso m\u00faltiple. Doloroso y liberador. Traum\u00e1tico, definitivamente. Pero ojal\u00e1 con el tiempo se vuelva m\u00e1s normal. Y creo que el gran descubrimiento luego de terminar la pel\u00edcula fue que me di cuenta que era un proceso mucho m\u00e1s interno que externo.<\/p>\n<p style=\"font-weight: 400;\"><strong>\u00bfCrees que se llega realmente a salir del cl\u00f3set? <\/strong><\/p>\n<p style=\"font-weight: 400;\">Por supuesto. El error es creer que se sale del cl\u00f3set una sola vez.<\/p>\n<div class=\"post-gallery\">\n\t\t\t<figure class=\"post-gallery-item\">\n\t\t\t\t<img decoding=\"async\" src=\"https:\/\/www.pressenza.com\/wp-content\/uploads\/2023\/02\/SALIRDELCLOSET_FINAL_4444.00_02_36_04.Still033-1-820x476.jpg\" loading=\"lazy\">\n\t\t\t\t<figcaption>\n\t\t\t\t\t\n\t\t\t\t<\/figcaption>\n\t\t\t<\/figure>\n\t\t\t<figure class=\"post-gallery-item\">\n\t\t\t\t<img decoding=\"async\" src=\"https:\/\/www.pressenza.com\/wp-content\/uploads\/2023\/02\/SALIRDELCLOSET_FINAL_4444.00_30_13_22.Still044-820x622.jpg\" loading=\"lazy\">\n\t\t\t\t<figcaption>\n\t\t\t\t\t\n\t\t\t\t<\/figcaption>\n\t\t\t<\/figure>\n\t\t\t<figure class=\"post-gallery-item\">\n\t\t\t\t<img decoding=\"async\" src=\"https:\/\/www.pressenza.com\/wp-content\/uploads\/2023\/02\/SALIRDELCLOSET_FINAL_4444.00_44_32_04.Still050-1-820x620.jpg\" loading=\"lazy\">\n\t\t\t\t<figcaption>\n\t\t\t\t\t\n\t\t\t\t<\/figcaption>\n\t\t\t<\/figure>\n\t\t\t<figure class=\"post-gallery-item\">\n\t\t\t\t<img decoding=\"async\" src=\"https:\/\/www.pressenza.com\/wp-content\/uploads\/2023\/02\/SALIRDELCLOSET_FINAL_4444.01_15_22_05.Still037-820x626.jpg\" loading=\"lazy\">\n\t\t\t\t<figcaption>\n\t\t\t\t\t\n\t\t\t\t<\/figcaption>\n\t\t\t<\/figure><\/div>\n","protected":false},"excerpt":{"rendered":"<p>Por Sol Pozzi-Escot \u201cSalir del cl\u00f3set\u201d es un documental realizado en Per\u00fa, que aborda la problem\u00e1tica de la aceptaci\u00f3n de los hombres homosexuales como tales en una sociedad, donde si bien se han logrado ciertos avances hacia la igualdad, se&hellip;<\/p>\n","protected":false},"author":831,"featured_media":1714293,"comment_status":"closed","ping_status":"closed","sticky":false,"template":"","format":"standard","meta":{"footnotes":""},"categories":[11389,75,1241,155,54515,67],"tags":[109831,3305,15108,1560,109830],"class_list":["post-1714290","post","type-post","status-publish","format-standard","has-post-thumbnail","hentry","category-contenido-original","category-cultura-es","category-diversidad","category-entrevistas","category-genero-y-feminismos","category-sudamerica","tag-alberto-castro","tag-cine","tag-lgbt-es","tag-peru","tag-salir-del-closet"],"yoast_head":"<!-- This site is optimized with the Yoast SEO plugin v27.1.1 - https:\/\/yoast.com\/product\/yoast-seo-wordpress\/ -->\n<title>[Per\u00fa] Alberto Castro: &quot;El error es creer que se sale del cl\u00f3set una vez&quot;<\/title>\n<meta name=\"description\" content=\"Por Sol Pozzi-Escot \u201cSalir del cl\u00f3set\u201d es un documental realizado en Per\u00fa, que aborda la problem\u00e1tica de la aceptaci\u00f3n de los hombres homosexuales como\" \/>\n<meta name=\"robots\" content=\"index, follow, max-snippet:-1, max-image-preview:large, max-video-preview:-1\" \/>\n<link rel=\"canonical\" href=\"https:\/\/www.pressenza.com\/es\/2023\/02\/peru-alberto-castro-el-error-es-creer-que-se-sale-del-closet-una-vez\/\" \/>\n<meta property=\"og:locale\" content=\"es_ES\" \/>\n<meta property=\"og:type\" content=\"article\" \/>\n<meta property=\"og:title\" content=\"[Per\u00fa] Alberto Castro: &quot;El error es creer que se sale del cl\u00f3set una vez&quot;\" \/>\n<meta property=\"og:description\" content=\"Por Sol Pozzi-Escot \u201cSalir del cl\u00f3set\u201d es un documental realizado en Per\u00fa, que aborda la problem\u00e1tica de la aceptaci\u00f3n de los hombres homosexuales como\" \/>\n<meta property=\"og:url\" content=\"https:\/\/www.pressenza.com\/es\/2023\/02\/peru-alberto-castro-el-error-es-creer-que-se-sale-del-closet-una-vez\/\" \/>\n<meta property=\"og:site_name\" content=\"Pressenza\" \/>\n<meta property=\"article:publisher\" content=\"https:\/\/www.facebook.com\/PressenzaItalia\" \/>\n<meta property=\"article:published_time\" content=\"2023-02-05T13:32:56+00:00\" \/>\n<meta property=\"og:image\" content=\"https:\/\/www.pressenza.com\/wp-content\/uploads\/2023\/02\/Director-Alberto-Castro.jpg\" \/>\n\t<meta property=\"og:image:width\" content=\"950\" \/>\n\t<meta property=\"og:image:height\" content=\"708\" \/>\n\t<meta property=\"og:image:type\" content=\"image\/jpeg\" \/>\n<meta name=\"author\" content=\"Redacci\u00f3n Per\u00fa\" \/>\n<meta name=\"twitter:card\" content=\"summary_large_image\" \/>\n<meta name=\"twitter:creator\" content=\"@PressenzaIPA\" \/>\n<meta name=\"twitter:site\" content=\"@PressenzaIPA\" \/>\n<meta name=\"twitter:label1\" content=\"Escrito por\" \/>\n\t<meta name=\"twitter:data1\" content=\"Redacci\u00f3n Per\u00fa\" \/>\n\t<meta name=\"twitter:label2\" content=\"Tiempo de lectura\" \/>\n\t<meta name=\"twitter:data2\" content=\"5 minutos\" \/>\n<script type=\"application\/ld+json\" class=\"yoast-schema-graph\">{\"@context\":\"https:\/\/schema.org\",\"@graph\":[{\"@type\":\"Article\",\"@id\":\"https:\/\/www.pressenza.com\/es\/2023\/02\/peru-alberto-castro-el-error-es-creer-que-se-sale-del-closet-una-vez\/#article\",\"isPartOf\":{\"@id\":\"https:\/\/www.pressenza.com\/es\/2023\/02\/peru-alberto-castro-el-error-es-creer-que-se-sale-del-closet-una-vez\/\"},\"author\":{\"name\":\"Redacci\u00f3n Per\u00fa\",\"@id\":\"https:\/\/www.pressenza.com\/es\/#\/schema\/person\/e86c29a41185b85084a478822f5de81b\"},\"headline\":\"[Per\u00fa] Alberto Castro: \u00abEl error es creer que se sale del cl\u00f3set una vez\u00bb\",\"datePublished\":\"2023-02-05T13:32:56+00:00\",\"mainEntityOfPage\":{\"@id\":\"https:\/\/www.pressenza.com\/es\/2023\/02\/peru-alberto-castro-el-error-es-creer-que-se-sale-del-closet-una-vez\/\"},\"wordCount\":1070,\"publisher\":{\"@id\":\"https:\/\/www.pressenza.com\/es\/#organization\"},\"image\":{\"@id\":\"https:\/\/www.pressenza.com\/es\/2023\/02\/peru-alberto-castro-el-error-es-creer-que-se-sale-del-closet-una-vez\/#primaryimage\"},\"thumbnailUrl\":\"https:\/\/www.pressenza.com\/wp-content\/uploads\/2023\/02\/Director-Alberto-Castro.jpg\",\"keywords\":[\"Alberto Castro\",\"cine\",\"LGBT\",\"Per\u00fa\",\"Salir del cl\u00f3set\"],\"articleSection\":[\"Contenido Original\",\"Cultura y Medios\",\"Diversidad\",\"Entrevistas\",\"G\u00e9nero y Feminismos\",\"Sudam\u00e9rica\"],\"inLanguage\":\"es\"},{\"@type\":\"WebPage\",\"@id\":\"https:\/\/www.pressenza.com\/es\/2023\/02\/peru-alberto-castro-el-error-es-creer-que-se-sale-del-closet-una-vez\/\",\"url\":\"https:\/\/www.pressenza.com\/es\/2023\/02\/peru-alberto-castro-el-error-es-creer-que-se-sale-del-closet-una-vez\/\",\"name\":\"[Per\u00fa] Alberto Castro: \\\"El error es creer que se sale del cl\u00f3set una vez\\\"\",\"isPartOf\":{\"@id\":\"https:\/\/www.pressenza.com\/es\/#website\"},\"primaryImageOfPage\":{\"@id\":\"https:\/\/www.pressenza.com\/es\/2023\/02\/peru-alberto-castro-el-error-es-creer-que-se-sale-del-closet-una-vez\/#primaryimage\"},\"image\":{\"@id\":\"https:\/\/www.pressenza.com\/es\/2023\/02\/peru-alberto-castro-el-error-es-creer-que-se-sale-del-closet-una-vez\/#primaryimage\"},\"thumbnailUrl\":\"https:\/\/www.pressenza.com\/wp-content\/uploads\/2023\/02\/Director-Alberto-Castro.jpg\",\"datePublished\":\"2023-02-05T13:32:56+00:00\",\"description\":\"Por Sol Pozzi-Escot \u201cSalir del cl\u00f3set\u201d es un documental realizado en Per\u00fa, que aborda la problem\u00e1tica de la aceptaci\u00f3n de los hombres homosexuales como\",\"breadcrumb\":{\"@id\":\"https:\/\/www.pressenza.com\/es\/2023\/02\/peru-alberto-castro-el-error-es-creer-que-se-sale-del-closet-una-vez\/#breadcrumb\"},\"inLanguage\":\"es\",\"potentialAction\":[{\"@type\":\"ReadAction\",\"target\":[\"https:\/\/www.pressenza.com\/es\/2023\/02\/peru-alberto-castro-el-error-es-creer-que-se-sale-del-closet-una-vez\/\"]}]},{\"@type\":\"ImageObject\",\"inLanguage\":\"es\",\"@id\":\"https:\/\/www.pressenza.com\/es\/2023\/02\/peru-alberto-castro-el-error-es-creer-que-se-sale-del-closet-una-vez\/#primaryimage\",\"url\":\"https:\/\/www.pressenza.com\/wp-content\/uploads\/2023\/02\/Director-Alberto-Castro.jpg\",\"contentUrl\":\"https:\/\/www.pressenza.com\/wp-content\/uploads\/2023\/02\/Director-Alberto-Castro.jpg\",\"width\":950,\"height\":708},{\"@type\":\"BreadcrumbList\",\"@id\":\"https:\/\/www.pressenza.com\/es\/2023\/02\/peru-alberto-castro-el-error-es-creer-que-se-sale-del-closet-una-vez\/#breadcrumb\",\"itemListElement\":[{\"@type\":\"ListItem\",\"position\":1,\"name\":\"Accueil\",\"item\":\"https:\/\/www.pressenza.com\/es\/\"},{\"@type\":\"ListItem\",\"position\":2,\"name\":\"[Per\u00fa] Alberto Castro: \u00abEl error es creer que se sale del cl\u00f3set una vez\u00bb\"}]},{\"@type\":\"WebSite\",\"@id\":\"https:\/\/www.pressenza.com\/es\/#website\",\"url\":\"https:\/\/www.pressenza.com\/es\/\",\"name\":\"Pressenza\",\"description\":\"International Press Agency\",\"publisher\":{\"@id\":\"https:\/\/www.pressenza.com\/es\/#organization\"},\"potentialAction\":[{\"@type\":\"SearchAction\",\"target\":{\"@type\":\"EntryPoint\",\"urlTemplate\":\"https:\/\/www.pressenza.com\/es\/?s={search_term_string}\"},\"query-input\":{\"@type\":\"PropertyValueSpecification\",\"valueRequired\":true,\"valueName\":\"search_term_string\"}}],\"inLanguage\":\"es\"},{\"@type\":\"Organization\",\"@id\":\"https:\/\/www.pressenza.com\/es\/#organization\",\"name\":\"Pressenza\",\"url\":\"https:\/\/www.pressenza.com\/es\/\",\"logo\":{\"@type\":\"ImageObject\",\"inLanguage\":\"es\",\"@id\":\"https:\/\/www.pressenza.com\/es\/#\/schema\/logo\/image\/\",\"url\":\"https:\/\/www.pressenza.com\/wp-content\/uploads\/2022\/10\/pressenza_logo_200x200.jpg\",\"contentUrl\":\"https:\/\/www.pressenza.com\/wp-content\/uploads\/2022\/10\/pressenza_logo_200x200.jpg\",\"width\":200,\"height\":200,\"caption\":\"Pressenza\"},\"image\":{\"@id\":\"https:\/\/www.pressenza.com\/es\/#\/schema\/logo\/image\/\"},\"sameAs\":[\"https:\/\/www.facebook.com\/PressenzaItalia\",\"https:\/\/x.com\/PressenzaIPA\"]},{\"@type\":\"Person\",\"@id\":\"https:\/\/www.pressenza.com\/es\/#\/schema\/person\/e86c29a41185b85084a478822f5de81b\",\"name\":\"Redacci\u00f3n Per\u00fa\",\"description\":\"News published by the Pressenza bureau in Peru\",\"url\":\"https:\/\/www.pressenza.com\/es\/author\/redaccion-peru\/\"}]}<\/script>\n<!-- \/ Yoast SEO plugin. -->","yoast_head_json":{"title":"[Per\u00fa] Alberto Castro: \"El error es creer que se sale del cl\u00f3set una vez\"","description":"Por Sol Pozzi-Escot \u201cSalir del cl\u00f3set\u201d es un documental realizado en Per\u00fa, que aborda la problem\u00e1tica de la aceptaci\u00f3n de los hombres homosexuales como","robots":{"index":"index","follow":"follow","max-snippet":"max-snippet:-1","max-image-preview":"max-image-preview:large","max-video-preview":"max-video-preview:-1"},"canonical":"https:\/\/www.pressenza.com\/es\/2023\/02\/peru-alberto-castro-el-error-es-creer-que-se-sale-del-closet-una-vez\/","og_locale":"es_ES","og_type":"article","og_title":"[Per\u00fa] Alberto Castro: \"El error es creer que se sale del cl\u00f3set una vez\"","og_description":"Por Sol Pozzi-Escot \u201cSalir del cl\u00f3set\u201d es un documental realizado en Per\u00fa, que aborda la problem\u00e1tica de la aceptaci\u00f3n de los hombres homosexuales como","og_url":"https:\/\/www.pressenza.com\/es\/2023\/02\/peru-alberto-castro-el-error-es-creer-que-se-sale-del-closet-una-vez\/","og_site_name":"Pressenza","article_publisher":"https:\/\/www.facebook.com\/PressenzaItalia","article_published_time":"2023-02-05T13:32:56+00:00","og_image":[{"width":950,"height":708,"url":"https:\/\/www.pressenza.com\/wp-content\/uploads\/2023\/02\/Director-Alberto-Castro.jpg","type":"image\/jpeg"}],"author":"Redacci\u00f3n Per\u00fa","twitter_card":"summary_large_image","twitter_creator":"@PressenzaIPA","twitter_site":"@PressenzaIPA","twitter_misc":{"Escrito por":"Redacci\u00f3n Per\u00fa","Tiempo de lectura":"5 minutos"},"schema":{"@context":"https:\/\/schema.org","@graph":[{"@type":"Article","@id":"https:\/\/www.pressenza.com\/es\/2023\/02\/peru-alberto-castro-el-error-es-creer-que-se-sale-del-closet-una-vez\/#article","isPartOf":{"@id":"https:\/\/www.pressenza.com\/es\/2023\/02\/peru-alberto-castro-el-error-es-creer-que-se-sale-del-closet-una-vez\/"},"author":{"name":"Redacci\u00f3n Per\u00fa","@id":"https:\/\/www.pressenza.com\/es\/#\/schema\/person\/e86c29a41185b85084a478822f5de81b"},"headline":"[Per\u00fa] Alberto Castro: \u00abEl error es creer que se sale del cl\u00f3set una vez\u00bb","datePublished":"2023-02-05T13:32:56+00:00","mainEntityOfPage":{"@id":"https:\/\/www.pressenza.com\/es\/2023\/02\/peru-alberto-castro-el-error-es-creer-que-se-sale-del-closet-una-vez\/"},"wordCount":1070,"publisher":{"@id":"https:\/\/www.pressenza.com\/es\/#organization"},"image":{"@id":"https:\/\/www.pressenza.com\/es\/2023\/02\/peru-alberto-castro-el-error-es-creer-que-se-sale-del-closet-una-vez\/#primaryimage"},"thumbnailUrl":"https:\/\/www.pressenza.com\/wp-content\/uploads\/2023\/02\/Director-Alberto-Castro.jpg","keywords":["Alberto Castro","cine","LGBT","Per\u00fa","Salir del cl\u00f3set"],"articleSection":["Contenido Original","Cultura y Medios","Diversidad","Entrevistas","G\u00e9nero y Feminismos","Sudam\u00e9rica"],"inLanguage":"es"},{"@type":"WebPage","@id":"https:\/\/www.pressenza.com\/es\/2023\/02\/peru-alberto-castro-el-error-es-creer-que-se-sale-del-closet-una-vez\/","url":"https:\/\/www.pressenza.com\/es\/2023\/02\/peru-alberto-castro-el-error-es-creer-que-se-sale-del-closet-una-vez\/","name":"[Per\u00fa] Alberto Castro: \"El error es creer que se sale del cl\u00f3set una vez\"","isPartOf":{"@id":"https:\/\/www.pressenza.com\/es\/#website"},"primaryImageOfPage":{"@id":"https:\/\/www.pressenza.com\/es\/2023\/02\/peru-alberto-castro-el-error-es-creer-que-se-sale-del-closet-una-vez\/#primaryimage"},"image":{"@id":"https:\/\/www.pressenza.com\/es\/2023\/02\/peru-alberto-castro-el-error-es-creer-que-se-sale-del-closet-una-vez\/#primaryimage"},"thumbnailUrl":"https:\/\/www.pressenza.com\/wp-content\/uploads\/2023\/02\/Director-Alberto-Castro.jpg","datePublished":"2023-02-05T13:32:56+00:00","description":"Por Sol Pozzi-Escot \u201cSalir del cl\u00f3set\u201d es un documental realizado en Per\u00fa, que aborda la problem\u00e1tica de la aceptaci\u00f3n de los hombres homosexuales como","breadcrumb":{"@id":"https:\/\/www.pressenza.com\/es\/2023\/02\/peru-alberto-castro-el-error-es-creer-que-se-sale-del-closet-una-vez\/#breadcrumb"},"inLanguage":"es","potentialAction":[{"@type":"ReadAction","target":["https:\/\/www.pressenza.com\/es\/2023\/02\/peru-alberto-castro-el-error-es-creer-que-se-sale-del-closet-una-vez\/"]}]},{"@type":"ImageObject","inLanguage":"es","@id":"https:\/\/www.pressenza.com\/es\/2023\/02\/peru-alberto-castro-el-error-es-creer-que-se-sale-del-closet-una-vez\/#primaryimage","url":"https:\/\/www.pressenza.com\/wp-content\/uploads\/2023\/02\/Director-Alberto-Castro.jpg","contentUrl":"https:\/\/www.pressenza.com\/wp-content\/uploads\/2023\/02\/Director-Alberto-Castro.jpg","width":950,"height":708},{"@type":"BreadcrumbList","@id":"https:\/\/www.pressenza.com\/es\/2023\/02\/peru-alberto-castro-el-error-es-creer-que-se-sale-del-closet-una-vez\/#breadcrumb","itemListElement":[{"@type":"ListItem","position":1,"name":"Accueil","item":"https:\/\/www.pressenza.com\/es\/"},{"@type":"ListItem","position":2,"name":"[Per\u00fa] Alberto Castro: \u00abEl error es creer que se sale del cl\u00f3set una vez\u00bb"}]},{"@type":"WebSite","@id":"https:\/\/www.pressenza.com\/es\/#website","url":"https:\/\/www.pressenza.com\/es\/","name":"Pressenza","description":"International Press Agency","publisher":{"@id":"https:\/\/www.pressenza.com\/es\/#organization"},"potentialAction":[{"@type":"SearchAction","target":{"@type":"EntryPoint","urlTemplate":"https:\/\/www.pressenza.com\/es\/?s={search_term_string}"},"query-input":{"@type":"PropertyValueSpecification","valueRequired":true,"valueName":"search_term_string"}}],"inLanguage":"es"},{"@type":"Organization","@id":"https:\/\/www.pressenza.com\/es\/#organization","name":"Pressenza","url":"https:\/\/www.pressenza.com\/es\/","logo":{"@type":"ImageObject","inLanguage":"es","@id":"https:\/\/www.pressenza.com\/es\/#\/schema\/logo\/image\/","url":"https:\/\/www.pressenza.com\/wp-content\/uploads\/2022\/10\/pressenza_logo_200x200.jpg","contentUrl":"https:\/\/www.pressenza.com\/wp-content\/uploads\/2022\/10\/pressenza_logo_200x200.jpg","width":200,"height":200,"caption":"Pressenza"},"image":{"@id":"https:\/\/www.pressenza.com\/es\/#\/schema\/logo\/image\/"},"sameAs":["https:\/\/www.facebook.com\/PressenzaItalia","https:\/\/x.com\/PressenzaIPA"]},{"@type":"Person","@id":"https:\/\/www.pressenza.com\/es\/#\/schema\/person\/e86c29a41185b85084a478822f5de81b","name":"Redacci\u00f3n Per\u00fa","description":"News published by the Pressenza bureau in Peru","url":"https:\/\/www.pressenza.com\/es\/author\/redaccion-peru\/"}]}},"place":"Lima, Per\u00fa","original_article_url":"","_links":{"self":[{"href":"https:\/\/www.pressenza.com\/es\/wp-json\/wp\/v2\/posts\/1714290","targetHints":{"allow":["GET"]}}],"collection":[{"href":"https:\/\/www.pressenza.com\/es\/wp-json\/wp\/v2\/posts"}],"about":[{"href":"https:\/\/www.pressenza.com\/es\/wp-json\/wp\/v2\/types\/post"}],"author":[{"embeddable":true,"href":"https:\/\/www.pressenza.com\/es\/wp-json\/wp\/v2\/users\/831"}],"replies":[{"embeddable":true,"href":"https:\/\/www.pressenza.com\/es\/wp-json\/wp\/v2\/comments?post=1714290"}],"version-history":[{"count":0,"href":"https:\/\/www.pressenza.com\/es\/wp-json\/wp\/v2\/posts\/1714290\/revisions"}],"wp:featuredmedia":[{"embeddable":true,"href":"https:\/\/www.pressenza.com\/es\/wp-json\/wp\/v2\/media\/1714293"}],"wp:attachment":[{"href":"https:\/\/www.pressenza.com\/es\/wp-json\/wp\/v2\/media?parent=1714290"}],"wp:term":[{"taxonomy":"category","embeddable":true,"href":"https:\/\/www.pressenza.com\/es\/wp-json\/wp\/v2\/categories?post=1714290"},{"taxonomy":"post_tag","embeddable":true,"href":"https:\/\/www.pressenza.com\/es\/wp-json\/wp\/v2\/tags?post=1714290"}],"curies":[{"name":"wp","href":"https:\/\/api.w.org\/{rel}","templated":true}]}}