{"id":1713710,"date":"2023-02-02T01:15:55","date_gmt":"2023-02-02T01:15:55","guid":{"rendered":"https:\/\/www.pressenza.com\/?p=1713710"},"modified":"2023-02-03T16:17:34","modified_gmt":"2023-02-03T16:17:34","slug":"chile-organizaciones-feministas-manifiestan-desconfianza-y-vigilancia-frente-a-nuevo-proceso-constituyente-consideran-que-su-diseno-es-antidemocratico-y-excluyente","status":"publish","type":"post","link":"https:\/\/www.pressenza.com\/es\/2023\/02\/chile-organizaciones-feministas-manifiestan-desconfianza-y-vigilancia-frente-a-nuevo-proceso-constituyente-consideran-que-su-diseno-es-antidemocratico-y-excluyente\/","title":{"rendered":"Chile: Organizaciones feministas manifiestan desconfianza y vigilancia frente a nuevo proceso constituyente: Consideran que su dise\u00f1o es antidemocr\u00e1tico y excluyente"},"content":{"rendered":"<p>Por\u00a0Leonardo Buitrago<\/p>\n<p>Desde la Coordinadora Feminista Punta Arenas, Elisa Giustinianovich, plante\u00f3 que existe una amplia mayor\u00eda que se ha manifestado en contra del denominado Acuerdo por Chile pactado por los partidos tradicionales con representaci\u00f3n en el Congreso, lo que deviene en una posici\u00f3n de desconfianza, vigilancia y denuncia en torno a su juicio, al car\u00e1cter excluyente y antidemocr\u00e1tico en el dise\u00f1o de este segundo proceso constitucional.<\/p>\n<p>Entre el 28 y 29 de enero se llev\u00f3 a cabo el V Encuentro plurinacional de mujeres y disidencias que luchan, con el fin de preparar el pr\u00f3ximo 8 de marzo y las movilizaciones 2023 posterior al plebiscito constitucional.<\/p>\n<p>El evento desarrollado de manera presencial en la Universidad de Santiago (USACH)\u00a0 reuni\u00f3 a m\u00e1s de 40 organizaciones desde Arica a Punta Arenas, con el af\u00e1n de reorganizar y repensar las estrategias de trabajo.\u00a0A dos meses de un nuevo\u00a0<em>8M\u00a0<\/em>y la conmemoraci\u00f3n de los 50 a\u00f1os del golpe de Estado en Chile.<\/p>\n<p>En el encuentro, las representantes de las distintas organizaciones feministas plantearon las ideas y estrategias para avanzar y no retroceder en\u00a0 las demandas m\u00e1s urgentes de la colectividad.<\/p>\n<p>Asimismo, coincidieron en manifestar que se mantendr\u00e1n en estado de vigilancia frente al desarrollo del nuevo proceso constituyente.<\/p>\n<p>Desde la Coordinadora Feminista Punta Arenas, Elisa Giustinianovich, plante\u00f3 que existe una amplia mayor\u00eda que se ha manifestado en contra del denominado Acuerdo por Chile pactado por los partidos tradicionales con representaci\u00f3n en el Congreso, lo que deviene en una posici\u00f3n de desconfianza, vigilancia y denuncia en torno a su juicio, al car\u00e1cter excluyente y antidemocr\u00e1tico en el dise\u00f1o de este segundo proceso constitucional.<\/p>\n<blockquote><p>\u201cNo vimos ning\u00fan \u00e1nimo (en las feministas) en disputar con primeras personas las elecciones por venir porque pr\u00e1cticamente es una p\u00e9rdida de tiempo. Sin embargo, eso no significa que nos vayamos a restar o excluir, esa es una decisi\u00f3n que se est\u00e1 discutiendo en todos los territorios porque es posible tambi\u00e9n que puedan tejerse algunas alianzas desde fuera en caso de que por medio de los partidos pol\u00edticos, logren entrar integrantes del movimiento feminista con las cuales podamos tener alguna v\u00eda de comunicaci\u00f3n\u201d explic\u00f3, citada por Radio U de Chile.<\/p><\/blockquote>\n<p>Por su parte, la vocera de Ni Una Menos, Elena Dettoni, plante\u00f3 misma observaci\u00f3n que se hizo al anterior proceso desarrollado por la Convenci\u00f3n Constitucional, referente a alcanzar una postura mancomunada de acci\u00f3n al interior del movimiento feminista.<\/p>\n<blockquote><p>\u201cTodo depende de si nosotras nuevamente logr\u00e1ramos articular una fuerza movilizadora como se logr\u00f3 instalar durante el primer ensayo, pero si corri\u00e9ramos por colores propios, entonces no. Estamos abiertas y receptivas de articularnos si es que hay debate, no nos estamos restando a priori\u201d dijo Dettoni, al tiempo que insisti\u00f3 en la necesidad de sacar voces para enfrentar la arremetida de la ultraderecha y sectores ultraconservadores anti derechos.<\/p><\/blockquote>\n<p>Cabe recordar que en diciembre la Red de Mujeres Mapuche emiti\u00f3 una declaraci\u00f3n que expresaba su desaprobaci\u00f3n al \u201cAcuerdo por Chile\u201d y la exigencia de una nueva convocatoria.<\/p>\n<p>Su representante, quien tambi\u00e9n particip\u00f3 en el encuentro, Yanka Millap\u00e1n, indic\u00f3 que se permanecer\u00e1 movilizada en las calles hasta saber c\u00f3mo ser\u00e1 la apertura hacia las primeras naciones, pues entre sus demandas prioritarias est\u00e1 el reconocimiento de un Estado Plurinacional, la desmilitarizaci\u00f3n del Wallmapu y la defensa de la biodiversidad.<\/p>\n<blockquote><p>\u201cEste nuevo acuerdo no nace de una consciencia de pueblo y no nos sentimos representados, tampoco se sabe c\u00f3mo ser\u00e1 la participaci\u00f3n de los pueblos originarios ya que no va haber una consulta ind\u00edgena y ni se habla de sus cupos. Es un tema que por lo visto no les preocupa a las personas que lo redactaron\u201d, afirm\u00f3.<\/p><\/blockquote>\n","protected":false},"excerpt":{"rendered":"<p>Por\u00a0Leonardo Buitrago Desde la Coordinadora Feminista Punta Arenas, Elisa Giustinianovich, plante\u00f3 que existe una amplia mayor\u00eda que se ha manifestado en contra del denominado Acuerdo por Chile pactado por los partidos tradicionales con representaci\u00f3n en el Congreso, lo que deviene&hellip;<\/p>\n","protected":false},"author":616,"featured_media":1713711,"comment_status":"closed","ping_status":"closed","sticky":false,"template":"","format":"standard","meta":{"footnotes":""},"categories":[1241,54515,67],"tags":[29,503,1613],"class_list":["post-1713710","post","type-post","status-publish","format-standard","has-post-thumbnail","hentry","category-diversidad","category-genero-y-feminismos","category-sudamerica","tag-chile","tag-genero","tag-politica-es"],"yoast_head":"<!-- This site is optimized with the Yoast SEO plugin v27.1.1 - https:\/\/yoast.com\/product\/yoast-seo-wordpress\/ -->\n<title>Chile: Organizaciones feministas manifiestan desconfianza y vigilancia frente a nuevo proceso constituyente: Consideran que su dise\u00f1o es antidemocr\u00e1tico y excluyente<\/title>\n<meta name=\"description\" content=\"Por\u00a0Leonardo Buitrago Desde la Coordinadora Feminista Punta Arenas, Elisa Giustinianovich, plante\u00f3 que existe una amplia mayor\u00eda que se ha manifestado en\" \/>\n<meta name=\"robots\" content=\"index, follow, max-snippet:-1, max-image-preview:large, max-video-preview:-1\" \/>\n<link rel=\"canonical\" href=\"https:\/\/www.pressenza.com\/es\/2023\/02\/chile-organizaciones-feministas-manifiestan-desconfianza-y-vigilancia-frente-a-nuevo-proceso-constituyente-consideran-que-su-diseno-es-antidemocratico-y-excluyente\/\" \/>\n<meta property=\"og:locale\" content=\"es_ES\" \/>\n<meta property=\"og:type\" content=\"article\" \/>\n<meta property=\"og:title\" content=\"Chile: Organizaciones feministas manifiestan desconfianza y vigilancia frente a nuevo proceso constituyente: Consideran que su dise\u00f1o es antidemocr\u00e1tico y excluyente\" \/>\n<meta property=\"og:description\" content=\"Por\u00a0Leonardo Buitrago Desde la Coordinadora Feminista Punta Arenas, Elisa Giustinianovich, plante\u00f3 que existe una amplia mayor\u00eda que se ha manifestado en\" \/>\n<meta property=\"og:url\" content=\"https:\/\/www.pressenza.com\/es\/2023\/02\/chile-organizaciones-feministas-manifiestan-desconfianza-y-vigilancia-frente-a-nuevo-proceso-constituyente-consideran-que-su-diseno-es-antidemocratico-y-excluyente\/\" \/>\n<meta property=\"og:site_name\" content=\"Pressenza\" \/>\n<meta property=\"article:publisher\" content=\"https:\/\/www.facebook.com\/PressenzaItalia\" \/>\n<meta property=\"article:published_time\" content=\"2023-02-02T01:15:55+00:00\" \/>\n<meta property=\"article:modified_time\" content=\"2023-02-03T16:17:34+00:00\" \/>\n<meta property=\"og:image\" content=\"https:\/\/www.pressenza.com\/wp-content\/uploads\/2023\/02\/20230131_122144.jpg\" \/>\n\t<meta property=\"og:image:width\" content=\"685\" \/>\n\t<meta property=\"og:image:height\" content=\"299\" \/>\n\t<meta property=\"og:image:type\" content=\"image\/jpeg\" \/>\n<meta name=\"author\" content=\"El Ciudadano\" \/>\n<meta name=\"twitter:card\" content=\"summary_large_image\" \/>\n<meta name=\"twitter:creator\" content=\"@PressenzaIPA\" \/>\n<meta name=\"twitter:site\" content=\"@PressenzaIPA\" \/>\n<meta name=\"twitter:label1\" content=\"Escrito por\" \/>\n\t<meta name=\"twitter:data1\" content=\"El Ciudadano\" \/>\n\t<meta name=\"twitter:label2\" content=\"Tiempo de lectura\" \/>\n\t<meta name=\"twitter:data2\" content=\"3 minutos\" \/>\n<script type=\"application\/ld+json\" class=\"yoast-schema-graph\">{\"@context\":\"https:\/\/schema.org\",\"@graph\":[{\"@type\":\"Article\",\"@id\":\"https:\/\/www.pressenza.com\/es\/2023\/02\/chile-organizaciones-feministas-manifiestan-desconfianza-y-vigilancia-frente-a-nuevo-proceso-constituyente-consideran-que-su-diseno-es-antidemocratico-y-excluyente\/#article\",\"isPartOf\":{\"@id\":\"https:\/\/www.pressenza.com\/es\/2023\/02\/chile-organizaciones-feministas-manifiestan-desconfianza-y-vigilancia-frente-a-nuevo-proceso-constituyente-consideran-que-su-diseno-es-antidemocratico-y-excluyente\/\"},\"author\":{\"name\":\"El Ciudadano\",\"@id\":\"https:\/\/www.pressenza.com\/es\/#\/schema\/person\/6522eecb4cd68e074b27e251e4b04ef8\"},\"headline\":\"Chile: Organizaciones feministas manifiestan desconfianza y vigilancia frente a nuevo proceso constituyente: Consideran que su dise\u00f1o es antidemocr\u00e1tico y excluyente\",\"datePublished\":\"2023-02-02T01:15:55+00:00\",\"dateModified\":\"2023-02-03T16:17:34+00:00\",\"mainEntityOfPage\":{\"@id\":\"https:\/\/www.pressenza.com\/es\/2023\/02\/chile-organizaciones-feministas-manifiestan-desconfianza-y-vigilancia-frente-a-nuevo-proceso-constituyente-consideran-que-su-diseno-es-antidemocratico-y-excluyente\/\"},\"wordCount\":659,\"publisher\":{\"@id\":\"https:\/\/www.pressenza.com\/es\/#organization\"},\"image\":{\"@id\":\"https:\/\/www.pressenza.com\/es\/2023\/02\/chile-organizaciones-feministas-manifiestan-desconfianza-y-vigilancia-frente-a-nuevo-proceso-constituyente-consideran-que-su-diseno-es-antidemocratico-y-excluyente\/#primaryimage\"},\"thumbnailUrl\":\"https:\/\/www.pressenza.com\/wp-content\/uploads\/2023\/02\/20230131_122144.jpg\",\"keywords\":[\"Chile\",\"G\u00e9nero\",\"pol\u00edtica\"],\"articleSection\":[\"Diversidad\",\"G\u00e9nero y Feminismos\",\"Sudam\u00e9rica\"],\"inLanguage\":\"es\"},{\"@type\":\"WebPage\",\"@id\":\"https:\/\/www.pressenza.com\/es\/2023\/02\/chile-organizaciones-feministas-manifiestan-desconfianza-y-vigilancia-frente-a-nuevo-proceso-constituyente-consideran-que-su-diseno-es-antidemocratico-y-excluyente\/\",\"url\":\"https:\/\/www.pressenza.com\/es\/2023\/02\/chile-organizaciones-feministas-manifiestan-desconfianza-y-vigilancia-frente-a-nuevo-proceso-constituyente-consideran-que-su-diseno-es-antidemocratico-y-excluyente\/\",\"name\":\"Chile: Organizaciones feministas manifiestan desconfianza y vigilancia frente a nuevo proceso constituyente: Consideran que su dise\u00f1o es antidemocr\u00e1tico y excluyente\",\"isPartOf\":{\"@id\":\"https:\/\/www.pressenza.com\/es\/#website\"},\"primaryImageOfPage\":{\"@id\":\"https:\/\/www.pressenza.com\/es\/2023\/02\/chile-organizaciones-feministas-manifiestan-desconfianza-y-vigilancia-frente-a-nuevo-proceso-constituyente-consideran-que-su-diseno-es-antidemocratico-y-excluyente\/#primaryimage\"},\"image\":{\"@id\":\"https:\/\/www.pressenza.com\/es\/2023\/02\/chile-organizaciones-feministas-manifiestan-desconfianza-y-vigilancia-frente-a-nuevo-proceso-constituyente-consideran-que-su-diseno-es-antidemocratico-y-excluyente\/#primaryimage\"},\"thumbnailUrl\":\"https:\/\/www.pressenza.com\/wp-content\/uploads\/2023\/02\/20230131_122144.jpg\",\"datePublished\":\"2023-02-02T01:15:55+00:00\",\"dateModified\":\"2023-02-03T16:17:34+00:00\",\"description\":\"Por\u00a0Leonardo Buitrago Desde la Coordinadora Feminista Punta Arenas, Elisa Giustinianovich, plante\u00f3 que existe una amplia mayor\u00eda que se ha manifestado en\",\"breadcrumb\":{\"@id\":\"https:\/\/www.pressenza.com\/es\/2023\/02\/chile-organizaciones-feministas-manifiestan-desconfianza-y-vigilancia-frente-a-nuevo-proceso-constituyente-consideran-que-su-diseno-es-antidemocratico-y-excluyente\/#breadcrumb\"},\"inLanguage\":\"es\",\"potentialAction\":[{\"@type\":\"ReadAction\",\"target\":[\"https:\/\/www.pressenza.com\/es\/2023\/02\/chile-organizaciones-feministas-manifiestan-desconfianza-y-vigilancia-frente-a-nuevo-proceso-constituyente-consideran-que-su-diseno-es-antidemocratico-y-excluyente\/\"]}]},{\"@type\":\"ImageObject\",\"inLanguage\":\"es\",\"@id\":\"https:\/\/www.pressenza.com\/es\/2023\/02\/chile-organizaciones-feministas-manifiestan-desconfianza-y-vigilancia-frente-a-nuevo-proceso-constituyente-consideran-que-su-diseno-es-antidemocratico-y-excluyente\/#primaryimage\",\"url\":\"https:\/\/www.pressenza.com\/wp-content\/uploads\/2023\/02\/20230131_122144.jpg\",\"contentUrl\":\"https:\/\/www.pressenza.com\/wp-content\/uploads\/2023\/02\/20230131_122144.jpg\",\"width\":685,\"height\":299},{\"@type\":\"BreadcrumbList\",\"@id\":\"https:\/\/www.pressenza.com\/es\/2023\/02\/chile-organizaciones-feministas-manifiestan-desconfianza-y-vigilancia-frente-a-nuevo-proceso-constituyente-consideran-que-su-diseno-es-antidemocratico-y-excluyente\/#breadcrumb\",\"itemListElement\":[{\"@type\":\"ListItem\",\"position\":1,\"name\":\"Accueil\",\"item\":\"https:\/\/www.pressenza.com\/es\/\"},{\"@type\":\"ListItem\",\"position\":2,\"name\":\"Chile: Organizaciones feministas manifiestan desconfianza y vigilancia frente a nuevo proceso constituyente: Consideran que su dise\u00f1o es antidemocr\u00e1tico y excluyente\"}]},{\"@type\":\"WebSite\",\"@id\":\"https:\/\/www.pressenza.com\/es\/#website\",\"url\":\"https:\/\/www.pressenza.com\/es\/\",\"name\":\"Pressenza\",\"description\":\"International Press Agency\",\"publisher\":{\"@id\":\"https:\/\/www.pressenza.com\/es\/#organization\"},\"potentialAction\":[{\"@type\":\"SearchAction\",\"target\":{\"@type\":\"EntryPoint\",\"urlTemplate\":\"https:\/\/www.pressenza.com\/es\/?s={search_term_string}\"},\"query-input\":{\"@type\":\"PropertyValueSpecification\",\"valueRequired\":true,\"valueName\":\"search_term_string\"}}],\"inLanguage\":\"es\"},{\"@type\":\"Organization\",\"@id\":\"https:\/\/www.pressenza.com\/es\/#organization\",\"name\":\"Pressenza\",\"url\":\"https:\/\/www.pressenza.com\/es\/\",\"logo\":{\"@type\":\"ImageObject\",\"inLanguage\":\"es\",\"@id\":\"https:\/\/www.pressenza.com\/es\/#\/schema\/logo\/image\/\",\"url\":\"https:\/\/www.pressenza.com\/wp-content\/uploads\/2022\/10\/pressenza_logo_200x200.jpg\",\"contentUrl\":\"https:\/\/www.pressenza.com\/wp-content\/uploads\/2022\/10\/pressenza_logo_200x200.jpg\",\"width\":200,\"height\":200,\"caption\":\"Pressenza\"},\"image\":{\"@id\":\"https:\/\/www.pressenza.com\/es\/#\/schema\/logo\/image\/\"},\"sameAs\":[\"https:\/\/www.facebook.com\/PressenzaItalia\",\"https:\/\/x.com\/PressenzaIPA\"]},{\"@type\":\"Person\",\"@id\":\"https:\/\/www.pressenza.com\/es\/#\/schema\/person\/6522eecb4cd68e074b27e251e4b04ef8\",\"name\":\"El Ciudadano\",\"description\":\"El Ciudadano es un medio de comunicaci\u00f3n de circulaci\u00f3n mensual en papel y de funcionamiento diario en la web. Forma parte de la Red de Medios de los Pueblos por lo que se declara como un medio del Tercer Sector para romper el cerco informativo. El Ciudadano es una publicaci\u00f3n que busca elevar desde lo local a lo global las demandas de la organizaci\u00f3n social chilena como tambi\u00e9n promover la acci\u00f3n directa de la ciudadan\u00eda por su derecho a autodeterminaci\u00f3n. elciudadano.cl\",\"url\":\"https:\/\/www.pressenza.com\/es\/author\/el-ciudadano\/\"}]}<\/script>\n<!-- \/ Yoast SEO plugin. -->","yoast_head_json":{"title":"Chile: Organizaciones feministas manifiestan desconfianza y vigilancia frente a nuevo proceso constituyente: Consideran que su dise\u00f1o es antidemocr\u00e1tico y excluyente","description":"Por\u00a0Leonardo Buitrago Desde la Coordinadora Feminista Punta Arenas, Elisa Giustinianovich, plante\u00f3 que existe una amplia mayor\u00eda que se ha manifestado en","robots":{"index":"index","follow":"follow","max-snippet":"max-snippet:-1","max-image-preview":"max-image-preview:large","max-video-preview":"max-video-preview:-1"},"canonical":"https:\/\/www.pressenza.com\/es\/2023\/02\/chile-organizaciones-feministas-manifiestan-desconfianza-y-vigilancia-frente-a-nuevo-proceso-constituyente-consideran-que-su-diseno-es-antidemocratico-y-excluyente\/","og_locale":"es_ES","og_type":"article","og_title":"Chile: Organizaciones feministas manifiestan desconfianza y vigilancia frente a nuevo proceso constituyente: Consideran que su dise\u00f1o es antidemocr\u00e1tico y excluyente","og_description":"Por\u00a0Leonardo Buitrago Desde la Coordinadora Feminista Punta Arenas, Elisa Giustinianovich, plante\u00f3 que existe una amplia mayor\u00eda que se ha manifestado en","og_url":"https:\/\/www.pressenza.com\/es\/2023\/02\/chile-organizaciones-feministas-manifiestan-desconfianza-y-vigilancia-frente-a-nuevo-proceso-constituyente-consideran-que-su-diseno-es-antidemocratico-y-excluyente\/","og_site_name":"Pressenza","article_publisher":"https:\/\/www.facebook.com\/PressenzaItalia","article_published_time":"2023-02-02T01:15:55+00:00","article_modified_time":"2023-02-03T16:17:34+00:00","og_image":[{"width":685,"height":299,"url":"https:\/\/www.pressenza.com\/wp-content\/uploads\/2023\/02\/20230131_122144.jpg","type":"image\/jpeg"}],"author":"El Ciudadano","twitter_card":"summary_large_image","twitter_creator":"@PressenzaIPA","twitter_site":"@PressenzaIPA","twitter_misc":{"Escrito por":"El Ciudadano","Tiempo de lectura":"3 minutos"},"schema":{"@context":"https:\/\/schema.org","@graph":[{"@type":"Article","@id":"https:\/\/www.pressenza.com\/es\/2023\/02\/chile-organizaciones-feministas-manifiestan-desconfianza-y-vigilancia-frente-a-nuevo-proceso-constituyente-consideran-que-su-diseno-es-antidemocratico-y-excluyente\/#article","isPartOf":{"@id":"https:\/\/www.pressenza.com\/es\/2023\/02\/chile-organizaciones-feministas-manifiestan-desconfianza-y-vigilancia-frente-a-nuevo-proceso-constituyente-consideran-que-su-diseno-es-antidemocratico-y-excluyente\/"},"author":{"name":"El Ciudadano","@id":"https:\/\/www.pressenza.com\/es\/#\/schema\/person\/6522eecb4cd68e074b27e251e4b04ef8"},"headline":"Chile: Organizaciones feministas manifiestan desconfianza y vigilancia frente a nuevo proceso constituyente: Consideran que su dise\u00f1o es antidemocr\u00e1tico y excluyente","datePublished":"2023-02-02T01:15:55+00:00","dateModified":"2023-02-03T16:17:34+00:00","mainEntityOfPage":{"@id":"https:\/\/www.pressenza.com\/es\/2023\/02\/chile-organizaciones-feministas-manifiestan-desconfianza-y-vigilancia-frente-a-nuevo-proceso-constituyente-consideran-que-su-diseno-es-antidemocratico-y-excluyente\/"},"wordCount":659,"publisher":{"@id":"https:\/\/www.pressenza.com\/es\/#organization"},"image":{"@id":"https:\/\/www.pressenza.com\/es\/2023\/02\/chile-organizaciones-feministas-manifiestan-desconfianza-y-vigilancia-frente-a-nuevo-proceso-constituyente-consideran-que-su-diseno-es-antidemocratico-y-excluyente\/#primaryimage"},"thumbnailUrl":"https:\/\/www.pressenza.com\/wp-content\/uploads\/2023\/02\/20230131_122144.jpg","keywords":["Chile","G\u00e9nero","pol\u00edtica"],"articleSection":["Diversidad","G\u00e9nero y Feminismos","Sudam\u00e9rica"],"inLanguage":"es"},{"@type":"WebPage","@id":"https:\/\/www.pressenza.com\/es\/2023\/02\/chile-organizaciones-feministas-manifiestan-desconfianza-y-vigilancia-frente-a-nuevo-proceso-constituyente-consideran-que-su-diseno-es-antidemocratico-y-excluyente\/","url":"https:\/\/www.pressenza.com\/es\/2023\/02\/chile-organizaciones-feministas-manifiestan-desconfianza-y-vigilancia-frente-a-nuevo-proceso-constituyente-consideran-que-su-diseno-es-antidemocratico-y-excluyente\/","name":"Chile: Organizaciones feministas manifiestan desconfianza y vigilancia frente a nuevo proceso constituyente: Consideran que su dise\u00f1o es antidemocr\u00e1tico y excluyente","isPartOf":{"@id":"https:\/\/www.pressenza.com\/es\/#website"},"primaryImageOfPage":{"@id":"https:\/\/www.pressenza.com\/es\/2023\/02\/chile-organizaciones-feministas-manifiestan-desconfianza-y-vigilancia-frente-a-nuevo-proceso-constituyente-consideran-que-su-diseno-es-antidemocratico-y-excluyente\/#primaryimage"},"image":{"@id":"https:\/\/www.pressenza.com\/es\/2023\/02\/chile-organizaciones-feministas-manifiestan-desconfianza-y-vigilancia-frente-a-nuevo-proceso-constituyente-consideran-que-su-diseno-es-antidemocratico-y-excluyente\/#primaryimage"},"thumbnailUrl":"https:\/\/www.pressenza.com\/wp-content\/uploads\/2023\/02\/20230131_122144.jpg","datePublished":"2023-02-02T01:15:55+00:00","dateModified":"2023-02-03T16:17:34+00:00","description":"Por\u00a0Leonardo Buitrago Desde la Coordinadora Feminista Punta Arenas, Elisa Giustinianovich, plante\u00f3 que existe una amplia mayor\u00eda que se ha manifestado en","breadcrumb":{"@id":"https:\/\/www.pressenza.com\/es\/2023\/02\/chile-organizaciones-feministas-manifiestan-desconfianza-y-vigilancia-frente-a-nuevo-proceso-constituyente-consideran-que-su-diseno-es-antidemocratico-y-excluyente\/#breadcrumb"},"inLanguage":"es","potentialAction":[{"@type":"ReadAction","target":["https:\/\/www.pressenza.com\/es\/2023\/02\/chile-organizaciones-feministas-manifiestan-desconfianza-y-vigilancia-frente-a-nuevo-proceso-constituyente-consideran-que-su-diseno-es-antidemocratico-y-excluyente\/"]}]},{"@type":"ImageObject","inLanguage":"es","@id":"https:\/\/www.pressenza.com\/es\/2023\/02\/chile-organizaciones-feministas-manifiestan-desconfianza-y-vigilancia-frente-a-nuevo-proceso-constituyente-consideran-que-su-diseno-es-antidemocratico-y-excluyente\/#primaryimage","url":"https:\/\/www.pressenza.com\/wp-content\/uploads\/2023\/02\/20230131_122144.jpg","contentUrl":"https:\/\/www.pressenza.com\/wp-content\/uploads\/2023\/02\/20230131_122144.jpg","width":685,"height":299},{"@type":"BreadcrumbList","@id":"https:\/\/www.pressenza.com\/es\/2023\/02\/chile-organizaciones-feministas-manifiestan-desconfianza-y-vigilancia-frente-a-nuevo-proceso-constituyente-consideran-que-su-diseno-es-antidemocratico-y-excluyente\/#breadcrumb","itemListElement":[{"@type":"ListItem","position":1,"name":"Accueil","item":"https:\/\/www.pressenza.com\/es\/"},{"@type":"ListItem","position":2,"name":"Chile: Organizaciones feministas manifiestan desconfianza y vigilancia frente a nuevo proceso constituyente: Consideran que su dise\u00f1o es antidemocr\u00e1tico y excluyente"}]},{"@type":"WebSite","@id":"https:\/\/www.pressenza.com\/es\/#website","url":"https:\/\/www.pressenza.com\/es\/","name":"Pressenza","description":"International Press Agency","publisher":{"@id":"https:\/\/www.pressenza.com\/es\/#organization"},"potentialAction":[{"@type":"SearchAction","target":{"@type":"EntryPoint","urlTemplate":"https:\/\/www.pressenza.com\/es\/?s={search_term_string}"},"query-input":{"@type":"PropertyValueSpecification","valueRequired":true,"valueName":"search_term_string"}}],"inLanguage":"es"},{"@type":"Organization","@id":"https:\/\/www.pressenza.com\/es\/#organization","name":"Pressenza","url":"https:\/\/www.pressenza.com\/es\/","logo":{"@type":"ImageObject","inLanguage":"es","@id":"https:\/\/www.pressenza.com\/es\/#\/schema\/logo\/image\/","url":"https:\/\/www.pressenza.com\/wp-content\/uploads\/2022\/10\/pressenza_logo_200x200.jpg","contentUrl":"https:\/\/www.pressenza.com\/wp-content\/uploads\/2022\/10\/pressenza_logo_200x200.jpg","width":200,"height":200,"caption":"Pressenza"},"image":{"@id":"https:\/\/www.pressenza.com\/es\/#\/schema\/logo\/image\/"},"sameAs":["https:\/\/www.facebook.com\/PressenzaItalia","https:\/\/x.com\/PressenzaIPA"]},{"@type":"Person","@id":"https:\/\/www.pressenza.com\/es\/#\/schema\/person\/6522eecb4cd68e074b27e251e4b04ef8","name":"El Ciudadano","description":"El Ciudadano es un medio de comunicaci\u00f3n de circulaci\u00f3n mensual en papel y de funcionamiento diario en la web. Forma parte de la Red de Medios de los Pueblos por lo que se declara como un medio del Tercer Sector para romper el cerco informativo. El Ciudadano es una publicaci\u00f3n que busca elevar desde lo local a lo global las demandas de la organizaci\u00f3n social chilena como tambi\u00e9n promover la acci\u00f3n directa de la ciudadan\u00eda por su derecho a autodeterminaci\u00f3n. elciudadano.cl","url":"https:\/\/www.pressenza.com\/es\/author\/el-ciudadano\/"}]}},"place":"","original_article_url":"","_links":{"self":[{"href":"https:\/\/www.pressenza.com\/es\/wp-json\/wp\/v2\/posts\/1713710","targetHints":{"allow":["GET"]}}],"collection":[{"href":"https:\/\/www.pressenza.com\/es\/wp-json\/wp\/v2\/posts"}],"about":[{"href":"https:\/\/www.pressenza.com\/es\/wp-json\/wp\/v2\/types\/post"}],"author":[{"embeddable":true,"href":"https:\/\/www.pressenza.com\/es\/wp-json\/wp\/v2\/users\/616"}],"replies":[{"embeddable":true,"href":"https:\/\/www.pressenza.com\/es\/wp-json\/wp\/v2\/comments?post=1713710"}],"version-history":[{"count":0,"href":"https:\/\/www.pressenza.com\/es\/wp-json\/wp\/v2\/posts\/1713710\/revisions"}],"wp:featuredmedia":[{"embeddable":true,"href":"https:\/\/www.pressenza.com\/es\/wp-json\/wp\/v2\/media\/1713711"}],"wp:attachment":[{"href":"https:\/\/www.pressenza.com\/es\/wp-json\/wp\/v2\/media?parent=1713710"}],"wp:term":[{"taxonomy":"category","embeddable":true,"href":"https:\/\/www.pressenza.com\/es\/wp-json\/wp\/v2\/categories?post=1713710"},{"taxonomy":"post_tag","embeddable":true,"href":"https:\/\/www.pressenza.com\/es\/wp-json\/wp\/v2\/tags?post=1713710"}],"curies":[{"name":"wp","href":"https:\/\/api.w.org\/{rel}","templated":true}]}}