{"id":1713210,"date":"2023-01-30T23:05:53","date_gmt":"2023-01-30T23:05:53","guid":{"rendered":"https:\/\/www.pressenza.com\/?p=1713210"},"modified":"2023-01-30T23:05:53","modified_gmt":"2023-01-30T23:05:53","slug":"red-de-sobrevivientes-rechaza-designacion-de-expertos-para-constitucion-chilena","status":"publish","type":"post","link":"https:\/\/www.pressenza.com\/es\/2023\/01\/red-de-sobrevivientes-rechaza-designacion-de-expertos-para-constitucion-chilena\/","title":{"rendered":"Red de Sobrevivientes rechaza designaci\u00f3n de \u00abexpertos\u00bb para Constituci\u00f3n chilena"},"content":{"rendered":"<p>Desde la Red de Sobrevivientes a Abusos Sexuales a las Ni\u00f1eces en Entornos Institucionales vemos con horror la designaci\u00f3n de Hern\u00e1n Larra\u00edn para escribir la Nueva Constituci\u00f3n. Durante d\u00e9cadas ha sido ac\u00e9rrimo defensor del violador de infancias Paul Schafer, desacreditando relatos de ni\u00f1os abusados por el jerarca de Colonia Dignidad, lo cual fortaleci\u00f3 la cultura de la impunidad y la violaci\u00f3n de los Derechos Humanos. Su papel en este caso no s\u00f3lo afect\u00f3 a las v\u00edctimas de dicha sociedad benefactora, sino que tambi\u00e9n fortaleci\u00f3 la cultura de la impunidad para los criminales de su tipo en toda la sociedad.<\/p>\n<p>Hacemos un llamado a las autoridades y a las instituciones a no promover a violadores de infancias ni a sus protectores en designaci\u00f3n de cargos de ning\u00fan tipo, ya que representan el crimen impune y revictimiza a miles de personas que han sufrido estos vej\u00e1menes y torturas. S\u00f3lo el primer semestre del pasado a\u00f1o 2022 hubo 18 mil denuncias de abuso sexual a la ni\u00f1ez.<\/p>\n<p>Exigimos al Gobierno de Chile y al presidente Gabriel Boric conformar de manera urgente la Comisi\u00f3n de Verdad, Justicia, Reparaci\u00f3n y No Repetici\u00f3n para Abusos en Entornos Institucionales, compromiso asumido en su programa de Gobierno y tambi\u00e9n una exigencia del Comit\u00e9 de Derechos del Ni\u00f1o y del Comit\u00e9 Contra la Tortura de Naciones Unidas.<\/p>\n<p>No perdamos esta oportunidad de cimentar nuevos pisos m\u00ednimos que erradiquen el abuso sexual infantil y a quienes lo protegen en toda la sociedad. Investigar y reparar estos cr\u00edmenes sistem\u00e1ticos en espacios institucionales es una se\u00f1al potente para el pa\u00eds completo, consolidando la cultura de la protecci\u00f3n de las ni\u00f1eces por sobre la de la impunidad de criminales que cuentan con la desidia estatal y por ende social para perpetrar sus delitos.<\/p>\n","protected":false},"excerpt":{"rendered":"<p>Desde la Red de Sobrevivientes a Abusos Sexuales a las Ni\u00f1eces en Entornos Institucionales vemos con horror la designaci\u00f3n de Hern\u00e1n Larra\u00edn para escribir la Nueva Constituci\u00f3n. Durante d\u00e9cadas ha sido ac\u00e9rrimo defensor del violador de infancias Paul Schafer, desacreditando&hellip;<\/p>\n","protected":false},"author":43,"featured_media":1713211,"comment_status":"closed","ping_status":"closed","sticky":false,"template":"","format":"standard","meta":{"footnotes":""},"categories":[149,11389,79,67],"tags":[29,109676,109675,11328,63049],"class_list":["post-1713210","post","type-post","status-publish","format-standard","has-post-thumbnail","hentry","category-comunicados-de-prensa","category-contenido-original","category-derechos-humanos","category-sudamerica","tag-chile","tag-comision-de-expertos","tag-hernan-larrain","tag-nueva-constitucion","tag-red-de-sobrevivientes-de-abuso-sexual-eclesiastico-de-chile"],"yoast_head":"<!-- This site is optimized with the Yoast SEO plugin v27.1.1 - https:\/\/yoast.com\/product\/yoast-seo-wordpress\/ -->\n<title>Red de Sobrevivientes rechaza designaci\u00f3n de &quot;expertos&quot; para Constituci\u00f3n chilena<\/title>\n<meta name=\"description\" content=\"Desde la Red de Sobrevivientes a Abusos Sexuales a las Ni\u00f1eces en Entornos Institucionales vemos con horror la designaci\u00f3n de Hern\u00e1n Larra\u00edn para escribir\" \/>\n<meta name=\"robots\" content=\"index, follow, max-snippet:-1, max-image-preview:large, max-video-preview:-1\" \/>\n<link rel=\"canonical\" href=\"https:\/\/www.pressenza.com\/es\/2023\/01\/red-de-sobrevivientes-rechaza-designacion-de-expertos-para-constitucion-chilena\/\" \/>\n<meta property=\"og:locale\" content=\"es_ES\" \/>\n<meta property=\"og:type\" content=\"article\" \/>\n<meta property=\"og:title\" content=\"Red de Sobrevivientes rechaza designaci\u00f3n de &quot;expertos&quot; para Constituci\u00f3n chilena\" \/>\n<meta property=\"og:description\" content=\"Desde la Red de Sobrevivientes a Abusos Sexuales a las Ni\u00f1eces en Entornos Institucionales vemos con horror la designaci\u00f3n de Hern\u00e1n Larra\u00edn para escribir\" \/>\n<meta property=\"og:url\" content=\"https:\/\/www.pressenza.com\/es\/2023\/01\/red-de-sobrevivientes-rechaza-designacion-de-expertos-para-constitucion-chilena\/\" \/>\n<meta property=\"og:site_name\" content=\"Pressenza\" \/>\n<meta property=\"article:publisher\" content=\"https:\/\/www.facebook.com\/PressenzaItalia\" \/>\n<meta property=\"article:author\" content=\"https:\/\/www.facebook.com\/pressenza\" \/>\n<meta property=\"article:published_time\" content=\"2023-01-30T23:05:53+00:00\" \/>\n<meta property=\"og:image\" content=\"https:\/\/www.pressenza.com\/wp-content\/uploads\/2023\/01\/Helmut.jpg\" \/>\n\t<meta property=\"og:image:width\" content=\"768\" \/>\n\t<meta property=\"og:image:height\" content=\"1024\" \/>\n\t<meta property=\"og:image:type\" content=\"image\/jpeg\" \/>\n<meta name=\"author\" content=\"Redacci\u00f3n Chile\" \/>\n<meta name=\"twitter:card\" content=\"summary_large_image\" \/>\n<meta name=\"twitter:creator\" content=\"@pressenza\" \/>\n<meta name=\"twitter:site\" content=\"@PressenzaIPA\" \/>\n<meta name=\"twitter:label1\" content=\"Escrito por\" \/>\n\t<meta name=\"twitter:data1\" content=\"Redacci\u00f3n Chile\" \/>\n\t<meta name=\"twitter:label2\" content=\"Tiempo de lectura\" \/>\n\t<meta name=\"twitter:data2\" content=\"2 minutos\" \/>\n<script type=\"application\/ld+json\" class=\"yoast-schema-graph\">{\"@context\":\"https:\/\/schema.org\",\"@graph\":[{\"@type\":\"Article\",\"@id\":\"https:\/\/www.pressenza.com\/es\/2023\/01\/red-de-sobrevivientes-rechaza-designacion-de-expertos-para-constitucion-chilena\/#article\",\"isPartOf\":{\"@id\":\"https:\/\/www.pressenza.com\/es\/2023\/01\/red-de-sobrevivientes-rechaza-designacion-de-expertos-para-constitucion-chilena\/\"},\"author\":{\"name\":\"Redacci\u00f3n Chile\",\"@id\":\"https:\/\/www.pressenza.com\/es\/#\/schema\/person\/d7db40df35d6698ba69ba9ee260944ed\"},\"headline\":\"Red de Sobrevivientes rechaza designaci\u00f3n de \u00abexpertos\u00bb para Constituci\u00f3n chilena\",\"datePublished\":\"2023-01-30T23:05:53+00:00\",\"mainEntityOfPage\":{\"@id\":\"https:\/\/www.pressenza.com\/es\/2023\/01\/red-de-sobrevivientes-rechaza-designacion-de-expertos-para-constitucion-chilena\/\"},\"wordCount\":330,\"publisher\":{\"@id\":\"https:\/\/www.pressenza.com\/es\/#organization\"},\"image\":{\"@id\":\"https:\/\/www.pressenza.com\/es\/2023\/01\/red-de-sobrevivientes-rechaza-designacion-de-expertos-para-constitucion-chilena\/#primaryimage\"},\"thumbnailUrl\":\"https:\/\/www.pressenza.com\/wp-content\/uploads\/2023\/01\/Helmut.jpg\",\"keywords\":[\"Chile\",\"Comisi\u00f3n de Expertos\",\"Hern\u00e1n Larra\u00edn\",\"Nueva Constituci\u00f3n\",\"Red de Sobrevivientes de Abuso Sexual Eclesi\u00e1stico de Chile\"],\"articleSection\":[\"Comunicados de Prensa\",\"Contenido Original\",\"Derechos Humanos\",\"Sudam\u00e9rica\"],\"inLanguage\":\"es\"},{\"@type\":\"WebPage\",\"@id\":\"https:\/\/www.pressenza.com\/es\/2023\/01\/red-de-sobrevivientes-rechaza-designacion-de-expertos-para-constitucion-chilena\/\",\"url\":\"https:\/\/www.pressenza.com\/es\/2023\/01\/red-de-sobrevivientes-rechaza-designacion-de-expertos-para-constitucion-chilena\/\",\"name\":\"Red de Sobrevivientes rechaza designaci\u00f3n de \\\"expertos\\\" para Constituci\u00f3n chilena\",\"isPartOf\":{\"@id\":\"https:\/\/www.pressenza.com\/es\/#website\"},\"primaryImageOfPage\":{\"@id\":\"https:\/\/www.pressenza.com\/es\/2023\/01\/red-de-sobrevivientes-rechaza-designacion-de-expertos-para-constitucion-chilena\/#primaryimage\"},\"image\":{\"@id\":\"https:\/\/www.pressenza.com\/es\/2023\/01\/red-de-sobrevivientes-rechaza-designacion-de-expertos-para-constitucion-chilena\/#primaryimage\"},\"thumbnailUrl\":\"https:\/\/www.pressenza.com\/wp-content\/uploads\/2023\/01\/Helmut.jpg\",\"datePublished\":\"2023-01-30T23:05:53+00:00\",\"description\":\"Desde la Red de Sobrevivientes a Abusos Sexuales a las Ni\u00f1eces en Entornos Institucionales vemos con horror la designaci\u00f3n de Hern\u00e1n Larra\u00edn para escribir\",\"breadcrumb\":{\"@id\":\"https:\/\/www.pressenza.com\/es\/2023\/01\/red-de-sobrevivientes-rechaza-designacion-de-expertos-para-constitucion-chilena\/#breadcrumb\"},\"inLanguage\":\"es\",\"potentialAction\":[{\"@type\":\"ReadAction\",\"target\":[\"https:\/\/www.pressenza.com\/es\/2023\/01\/red-de-sobrevivientes-rechaza-designacion-de-expertos-para-constitucion-chilena\/\"]}]},{\"@type\":\"ImageObject\",\"inLanguage\":\"es\",\"@id\":\"https:\/\/www.pressenza.com\/es\/2023\/01\/red-de-sobrevivientes-rechaza-designacion-de-expertos-para-constitucion-chilena\/#primaryimage\",\"url\":\"https:\/\/www.pressenza.com\/wp-content\/uploads\/2023\/01\/Helmut.jpg\",\"contentUrl\":\"https:\/\/www.pressenza.com\/wp-content\/uploads\/2023\/01\/Helmut.jpg\",\"width\":768,\"height\":1024},{\"@type\":\"BreadcrumbList\",\"@id\":\"https:\/\/www.pressenza.com\/es\/2023\/01\/red-de-sobrevivientes-rechaza-designacion-de-expertos-para-constitucion-chilena\/#breadcrumb\",\"itemListElement\":[{\"@type\":\"ListItem\",\"position\":1,\"name\":\"Accueil\",\"item\":\"https:\/\/www.pressenza.com\/es\/\"},{\"@type\":\"ListItem\",\"position\":2,\"name\":\"Red de Sobrevivientes rechaza designaci\u00f3n de \u00abexpertos\u00bb para Constituci\u00f3n chilena\"}]},{\"@type\":\"WebSite\",\"@id\":\"https:\/\/www.pressenza.com\/es\/#website\",\"url\":\"https:\/\/www.pressenza.com\/es\/\",\"name\":\"Pressenza\",\"description\":\"International Press Agency\",\"publisher\":{\"@id\":\"https:\/\/www.pressenza.com\/es\/#organization\"},\"potentialAction\":[{\"@type\":\"SearchAction\",\"target\":{\"@type\":\"EntryPoint\",\"urlTemplate\":\"https:\/\/www.pressenza.com\/es\/?s={search_term_string}\"},\"query-input\":{\"@type\":\"PropertyValueSpecification\",\"valueRequired\":true,\"valueName\":\"search_term_string\"}}],\"inLanguage\":\"es\"},{\"@type\":\"Organization\",\"@id\":\"https:\/\/www.pressenza.com\/es\/#organization\",\"name\":\"Pressenza\",\"url\":\"https:\/\/www.pressenza.com\/es\/\",\"logo\":{\"@type\":\"ImageObject\",\"inLanguage\":\"es\",\"@id\":\"https:\/\/www.pressenza.com\/es\/#\/schema\/logo\/image\/\",\"url\":\"https:\/\/www.pressenza.com\/wp-content\/uploads\/2022\/10\/pressenza_logo_200x200.jpg\",\"contentUrl\":\"https:\/\/www.pressenza.com\/wp-content\/uploads\/2022\/10\/pressenza_logo_200x200.jpg\",\"width\":200,\"height\":200,\"caption\":\"Pressenza\"},\"image\":{\"@id\":\"https:\/\/www.pressenza.com\/es\/#\/schema\/logo\/image\/\"},\"sameAs\":[\"https:\/\/www.facebook.com\/PressenzaItalia\",\"https:\/\/x.com\/PressenzaIPA\"]},{\"@type\":\"Person\",\"@id\":\"https:\/\/www.pressenza.com\/es\/#\/schema\/person\/d7db40df35d6698ba69ba9ee260944ed\",\"name\":\"Redacci\u00f3n Chile\",\"description\":\"News from the Pressenza Bureau in Chile\",\"sameAs\":[\"https:\/\/www.facebook.com\/pressenza\",\"https:\/\/x.com\/pressenza\"],\"url\":\"https:\/\/www.pressenza.com\/es\/author\/redaccion-chile\/\"}]}<\/script>\n<!-- \/ Yoast SEO plugin. -->","yoast_head_json":{"title":"Red de Sobrevivientes rechaza designaci\u00f3n de \"expertos\" para Constituci\u00f3n chilena","description":"Desde la Red de Sobrevivientes a Abusos Sexuales a las Ni\u00f1eces en Entornos Institucionales vemos con horror la designaci\u00f3n de Hern\u00e1n Larra\u00edn para escribir","robots":{"index":"index","follow":"follow","max-snippet":"max-snippet:-1","max-image-preview":"max-image-preview:large","max-video-preview":"max-video-preview:-1"},"canonical":"https:\/\/www.pressenza.com\/es\/2023\/01\/red-de-sobrevivientes-rechaza-designacion-de-expertos-para-constitucion-chilena\/","og_locale":"es_ES","og_type":"article","og_title":"Red de Sobrevivientes rechaza designaci\u00f3n de \"expertos\" para Constituci\u00f3n chilena","og_description":"Desde la Red de Sobrevivientes a Abusos Sexuales a las Ni\u00f1eces en Entornos Institucionales vemos con horror la designaci\u00f3n de Hern\u00e1n Larra\u00edn para escribir","og_url":"https:\/\/www.pressenza.com\/es\/2023\/01\/red-de-sobrevivientes-rechaza-designacion-de-expertos-para-constitucion-chilena\/","og_site_name":"Pressenza","article_publisher":"https:\/\/www.facebook.com\/PressenzaItalia","article_author":"https:\/\/www.facebook.com\/pressenza","article_published_time":"2023-01-30T23:05:53+00:00","og_image":[{"width":768,"height":1024,"url":"https:\/\/www.pressenza.com\/wp-content\/uploads\/2023\/01\/Helmut.jpg","type":"image\/jpeg"}],"author":"Redacci\u00f3n Chile","twitter_card":"summary_large_image","twitter_creator":"@pressenza","twitter_site":"@PressenzaIPA","twitter_misc":{"Escrito por":"Redacci\u00f3n Chile","Tiempo de lectura":"2 minutos"},"schema":{"@context":"https:\/\/schema.org","@graph":[{"@type":"Article","@id":"https:\/\/www.pressenza.com\/es\/2023\/01\/red-de-sobrevivientes-rechaza-designacion-de-expertos-para-constitucion-chilena\/#article","isPartOf":{"@id":"https:\/\/www.pressenza.com\/es\/2023\/01\/red-de-sobrevivientes-rechaza-designacion-de-expertos-para-constitucion-chilena\/"},"author":{"name":"Redacci\u00f3n Chile","@id":"https:\/\/www.pressenza.com\/es\/#\/schema\/person\/d7db40df35d6698ba69ba9ee260944ed"},"headline":"Red de Sobrevivientes rechaza designaci\u00f3n de \u00abexpertos\u00bb para Constituci\u00f3n chilena","datePublished":"2023-01-30T23:05:53+00:00","mainEntityOfPage":{"@id":"https:\/\/www.pressenza.com\/es\/2023\/01\/red-de-sobrevivientes-rechaza-designacion-de-expertos-para-constitucion-chilena\/"},"wordCount":330,"publisher":{"@id":"https:\/\/www.pressenza.com\/es\/#organization"},"image":{"@id":"https:\/\/www.pressenza.com\/es\/2023\/01\/red-de-sobrevivientes-rechaza-designacion-de-expertos-para-constitucion-chilena\/#primaryimage"},"thumbnailUrl":"https:\/\/www.pressenza.com\/wp-content\/uploads\/2023\/01\/Helmut.jpg","keywords":["Chile","Comisi\u00f3n de Expertos","Hern\u00e1n Larra\u00edn","Nueva Constituci\u00f3n","Red de Sobrevivientes de Abuso Sexual Eclesi\u00e1stico de Chile"],"articleSection":["Comunicados de Prensa","Contenido Original","Derechos Humanos","Sudam\u00e9rica"],"inLanguage":"es"},{"@type":"WebPage","@id":"https:\/\/www.pressenza.com\/es\/2023\/01\/red-de-sobrevivientes-rechaza-designacion-de-expertos-para-constitucion-chilena\/","url":"https:\/\/www.pressenza.com\/es\/2023\/01\/red-de-sobrevivientes-rechaza-designacion-de-expertos-para-constitucion-chilena\/","name":"Red de Sobrevivientes rechaza designaci\u00f3n de \"expertos\" para Constituci\u00f3n chilena","isPartOf":{"@id":"https:\/\/www.pressenza.com\/es\/#website"},"primaryImageOfPage":{"@id":"https:\/\/www.pressenza.com\/es\/2023\/01\/red-de-sobrevivientes-rechaza-designacion-de-expertos-para-constitucion-chilena\/#primaryimage"},"image":{"@id":"https:\/\/www.pressenza.com\/es\/2023\/01\/red-de-sobrevivientes-rechaza-designacion-de-expertos-para-constitucion-chilena\/#primaryimage"},"thumbnailUrl":"https:\/\/www.pressenza.com\/wp-content\/uploads\/2023\/01\/Helmut.jpg","datePublished":"2023-01-30T23:05:53+00:00","description":"Desde la Red de Sobrevivientes a Abusos Sexuales a las Ni\u00f1eces en Entornos Institucionales vemos con horror la designaci\u00f3n de Hern\u00e1n Larra\u00edn para escribir","breadcrumb":{"@id":"https:\/\/www.pressenza.com\/es\/2023\/01\/red-de-sobrevivientes-rechaza-designacion-de-expertos-para-constitucion-chilena\/#breadcrumb"},"inLanguage":"es","potentialAction":[{"@type":"ReadAction","target":["https:\/\/www.pressenza.com\/es\/2023\/01\/red-de-sobrevivientes-rechaza-designacion-de-expertos-para-constitucion-chilena\/"]}]},{"@type":"ImageObject","inLanguage":"es","@id":"https:\/\/www.pressenza.com\/es\/2023\/01\/red-de-sobrevivientes-rechaza-designacion-de-expertos-para-constitucion-chilena\/#primaryimage","url":"https:\/\/www.pressenza.com\/wp-content\/uploads\/2023\/01\/Helmut.jpg","contentUrl":"https:\/\/www.pressenza.com\/wp-content\/uploads\/2023\/01\/Helmut.jpg","width":768,"height":1024},{"@type":"BreadcrumbList","@id":"https:\/\/www.pressenza.com\/es\/2023\/01\/red-de-sobrevivientes-rechaza-designacion-de-expertos-para-constitucion-chilena\/#breadcrumb","itemListElement":[{"@type":"ListItem","position":1,"name":"Accueil","item":"https:\/\/www.pressenza.com\/es\/"},{"@type":"ListItem","position":2,"name":"Red de Sobrevivientes rechaza designaci\u00f3n de \u00abexpertos\u00bb para Constituci\u00f3n chilena"}]},{"@type":"WebSite","@id":"https:\/\/www.pressenza.com\/es\/#website","url":"https:\/\/www.pressenza.com\/es\/","name":"Pressenza","description":"International Press Agency","publisher":{"@id":"https:\/\/www.pressenza.com\/es\/#organization"},"potentialAction":[{"@type":"SearchAction","target":{"@type":"EntryPoint","urlTemplate":"https:\/\/www.pressenza.com\/es\/?s={search_term_string}"},"query-input":{"@type":"PropertyValueSpecification","valueRequired":true,"valueName":"search_term_string"}}],"inLanguage":"es"},{"@type":"Organization","@id":"https:\/\/www.pressenza.com\/es\/#organization","name":"Pressenza","url":"https:\/\/www.pressenza.com\/es\/","logo":{"@type":"ImageObject","inLanguage":"es","@id":"https:\/\/www.pressenza.com\/es\/#\/schema\/logo\/image\/","url":"https:\/\/www.pressenza.com\/wp-content\/uploads\/2022\/10\/pressenza_logo_200x200.jpg","contentUrl":"https:\/\/www.pressenza.com\/wp-content\/uploads\/2022\/10\/pressenza_logo_200x200.jpg","width":200,"height":200,"caption":"Pressenza"},"image":{"@id":"https:\/\/www.pressenza.com\/es\/#\/schema\/logo\/image\/"},"sameAs":["https:\/\/www.facebook.com\/PressenzaItalia","https:\/\/x.com\/PressenzaIPA"]},{"@type":"Person","@id":"https:\/\/www.pressenza.com\/es\/#\/schema\/person\/d7db40df35d6698ba69ba9ee260944ed","name":"Redacci\u00f3n Chile","description":"News from the Pressenza Bureau in Chile","sameAs":["https:\/\/www.facebook.com\/pressenza","https:\/\/x.com\/pressenza"],"url":"https:\/\/www.pressenza.com\/es\/author\/redaccion-chile\/"}]}},"place":"Santiago de Chile","original_article_url":"","_links":{"self":[{"href":"https:\/\/www.pressenza.com\/es\/wp-json\/wp\/v2\/posts\/1713210","targetHints":{"allow":["GET"]}}],"collection":[{"href":"https:\/\/www.pressenza.com\/es\/wp-json\/wp\/v2\/posts"}],"about":[{"href":"https:\/\/www.pressenza.com\/es\/wp-json\/wp\/v2\/types\/post"}],"author":[{"embeddable":true,"href":"https:\/\/www.pressenza.com\/es\/wp-json\/wp\/v2\/users\/43"}],"replies":[{"embeddable":true,"href":"https:\/\/www.pressenza.com\/es\/wp-json\/wp\/v2\/comments?post=1713210"}],"version-history":[{"count":0,"href":"https:\/\/www.pressenza.com\/es\/wp-json\/wp\/v2\/posts\/1713210\/revisions"}],"wp:featuredmedia":[{"embeddable":true,"href":"https:\/\/www.pressenza.com\/es\/wp-json\/wp\/v2\/media\/1713211"}],"wp:attachment":[{"href":"https:\/\/www.pressenza.com\/es\/wp-json\/wp\/v2\/media?parent=1713210"}],"wp:term":[{"taxonomy":"category","embeddable":true,"href":"https:\/\/www.pressenza.com\/es\/wp-json\/wp\/v2\/categories?post=1713210"},{"taxonomy":"post_tag","embeddable":true,"href":"https:\/\/www.pressenza.com\/es\/wp-json\/wp\/v2\/tags?post=1713210"}],"curies":[{"name":"wp","href":"https:\/\/api.w.org\/{rel}","templated":true}]}}