{"id":1713181,"date":"2023-01-30T22:13:02","date_gmt":"2023-01-30T22:13:02","guid":{"rendered":"https:\/\/www.pressenza.com\/?p=1713181"},"modified":"2023-01-30T22:13:02","modified_gmt":"2023-01-30T22:13:02","slug":"todos-somos-emigrantes","status":"publish","type":"post","link":"https:\/\/www.pressenza.com\/es\/2023\/01\/todos-somos-emigrantes\/","title":{"rendered":"\u00a1Todos somos emigrantes!"},"content":{"rendered":"<p>Una de los peores extrav\u00edos que se cometen en Chile es atribuirle a los inmigrantes la responsabilidad en la violencia y el crimen que asola a la poblaci\u00f3n chilena.\u00a0 Si bien es innegable que por nuestras fronteras ingresan delincuentes, lo cierto es que por sobre todo llegan muchas personas y familias motivadas por encontrar trabajo y asentarse en un pa\u00eds que creen de mayores oportunidades en relaci\u00f3n a sus naciones de origen.<\/p>\n<p>Las migraciones acompa\u00f1an toda la historia de la humanidad. No hay ya lugares en el orbe habitados solo por sus pueblos originarios. Ser chileno hoy en d\u00eda es reconocerse amerindio, europeo, africano y asi\u00e1tico. Basta revisar nuestros nombres y apellidos para comprobar que desde los espa\u00f1oles conquistadores son cientos de miles y millones los inmigrantes que se han avecinado en toda nuestra geograf\u00eda. Algunos de los cuales perpetraron verdaderos genocidios en la Araucan\u00eda y la Patagonia al empoderarse en estos territorios. As\u00ed como palestinos, ingleses, alemanes y tantos otros est\u00e1n instalados especialmente en la industria y el comercio, reconoci\u00e9ndose sus aportes, pero tambi\u00e9n muchos desprop\u00f3sitos.<\/p>\n<p>Los hechos m\u00e1s luctuosos de nuestra historia se explican en la voracidad de quienes administraron las salitreras en el norte o los que usurparon las tierras ancestrales en el sur, al grado se llevarnos a guerras fratricidas con Per\u00fa y Bolivia, pa\u00edses hermanos. No hay duda que las matanzas practicadas por nuestros militares y polic\u00edas se inspiran en las pr\u00e1cticas prusianas que tanto se reflejan tambi\u00e9n en sus propias vestimentas y protocolos. Solo al revisar los apellidos de todos nuestros \u00faltimos gobernantes basta para concluir sus ancestros italianos, franceses, brit\u00e1nicos y croatas, adem\u00e1s de los espa\u00f1oles vascos, andaluces, castellanos y otras autonom\u00edas de la llamada Madre Patria.<\/p>\n<p>Estados Unidos y Europa le deben amplio reconocimiento a la mano de obra africana y asi\u00e1tica, a la migraci\u00f3n forzada por la esclavitud, incluso, de millones de seres desarraigados de sus lugares de origen por el negocio esclavista o la supervivencia. A la llegada de millones de mexicanos y centroamericanos al campo californiano, como de aquellas ingentes poblaciones de obreros que fueron al viejo continente a ejercer las tareas que sus moradores ya no quer\u00edan ocuparse. Si hasta las guerras imperiales se sirven de miles de mercenarios de otros continentes, adem\u00e1s de los negros que hoy integran su raza variopinta.<\/p>\n<p>No hay que ir tan lejos para descubrir que el propio desarrollo nacional le debe a bolivianos, peruanos, haitianos y otros que vienen a cosechar los frutos de nuestras exportaciones agr\u00edcolas. Cuando ya muchos de campesinos chilenos se abstienen de estas pesadas y mal remuneradas tareas. Como tambi\u00e9n muchos otros llegan al duro trabajo minero. Los agricultores y las empresas que explotan el agro pueden testimoniarlo, as\u00ed como las grandes cupr\u00edferas.<\/p>\n<p>Chile es hoy un pa\u00eds que ha progresado enormemente en su diversidad cultural y hasta en sus h\u00e1bitos y pr\u00e1cticas culinarias gracias al aporte de los que siguen llegando. Se nota en el arte, la m\u00fasica y hasta en el uso de un idioma que tanto ven\u00eda empobreciendo por los anglicismos importados de pel\u00edculas y canciones. Por algo se repite que la cueca ya no es nuestro baile nacional h que m\u00e1s bien son la cumbia y otras danzas las que predominan en nuestras celebraciones. Pasearse ahora por los malls y calles comerciales sirve mucho para descubrir nuestra p\u00e9rdida de identidad. En que todo se ha extranjerizado a causa del libre comercio, nuestra d\u00e9bil personalidad y la dependencia que todo ello conlleva y tantos aplauden.<\/p>\n<p>Es indiscutible que en la inmigraci\u00f3n que se combate existe un franco racismo, adem\u00e1s de ignorancia, en el deseo que muchos tienen de que nuestra estirpe no se haga m\u00e1s morena de la que tenemos. Por eso es que hay tanta animadversi\u00f3n con los latinoamericanos llegados, as\u00ed como complacencia por los que vinieron de los pa\u00edses rubios. La nueva \u201cpacificaci\u00f3n\u201d de la Araucan\u00eda es prueba contundente de esto, cuando se vuelve a agredir y despojar de sus derechos a pueblos que habitaban nuestra geograf\u00eda antes de la conquista espa\u00f1ola. Discriminaci\u00f3n y despojo que se extendiera por siglos con la anuencia de todos nuestros gobiernos republicanos.<\/p>\n<p>\u00bfQu\u00e9 podr\u00edamos hacer hoy sin los venezolanos, colombianos, haitianos y otros para cosechar las miles de hect\u00e1reas de cerezos, la nueva perla de nuestra exportaciones frut\u00edcolas? \u00bfQu\u00e9 podr\u00edamos hacer sin el profuso comercio chino, japon\u00e9s y de los asi\u00e1ticos que llegan con productos\u00a0 aratos que hoy tienen invadidos nuestros hogares, medios de transporte y comunicaci\u00f3n? \u00a1Vaya que fat\u00eddica ha resultado tanta adhesi\u00f3n a la globalizaci\u00f3n mundial y al libre comercio para nuestra identidad nacional!<\/p>\n<p>En realidad, hasta la llamada \u201cporosidad\u201d de nuestras fronteras es administrada por traficantes chilenos o importadores de mano de obra barata. Qu\u00e9 irresponsable y c\u00ednica fue la invitaci\u00f3n que le hizo Sebasti\u00e1n Pi\u00f1era a los venezolanos para que concurrieran a nuestro pa\u00eds, marcando la condici\u00f3n deleznable de muchos de nuestros grandes empresarios que ven hasta en el tr\u00e1fico de personas una oportunidad de negocio.<\/p>\n<p>Solo es responsabilidad de nuestras autoridades regular los flujos migratorios que impidan el ingreso de delincuentes. Hace tiempo que entrar a otros pa\u00edses es algo que est\u00e1 casi plenamente regulado, incluso cuando las fronteras son mucho m\u00e1s amplias y sin las barreras naturales como el mar y la Cordillera de los Andes. Es indiscutible que la di\u00e1spora chilena y latinoamericana llev\u00f3 tambi\u00e9n a mucho lumpen al extranjero, pero en el balance de aquellos pa\u00edses hu\u00e9spedes se ha reconocido siempre el aporte que significo recibir a millones de perseguidos por la pol\u00edtica y el hambre.<\/p>\n<p>Asimismo, cu\u00e1n injustas e irresponsables son los medios de comunicaci\u00f3n y los pol\u00edticos atribuyen nuestros males e inequidades a los inmigrantes. Pareciera que, de pronto, los canales de televisi\u00f3n tienen como l\u00ednea editorial la imputaci\u00f3n de todos los delitos a quienes vienen en su derecho humano a transitar e instalarse libremente donde encuentren una posibilidad de sobrevivencia y prosperidad. La debilidad de nuestras polic\u00edas, la complicidad de los jueces y la indolencia de nuestros gobernantes no es culpa de los inmigrantes, hac\u00eda quienes debi\u00e9ramos estar agradecidos, realmente, por su cotidiano aporte. En el que hay que recordar, tambi\u00e9n, a los miles de educadores, cient\u00edficos y artistas que han contribuido tanto a nuestro desarrollo intelectual.<\/p>\n","protected":false},"excerpt":{"rendered":"<p>Una de los peores extrav\u00edos que se cometen en Chile es atribuirle a los inmigrantes la responsabilidad en la violencia y el crimen que asola a la poblaci\u00f3n chilena.\u00a0 Si bien es innegable que por nuestras fronteras ingresan delincuentes, lo&hellip;<\/p>\n","protected":false},"author":1739,"featured_media":1713182,"comment_status":"closed","ping_status":"closed","sticky":false,"template":"","format":"standard","meta":{"footnotes":""},"categories":[11389,54574,161,67],"tags":[29,54175],"class_list":["post-1713181","post","type-post","status-publish","format-standard","has-post-thumbnail","hentry","category-contenido-original","category-migrantes-es","category-opiniones","category-sudamerica","tag-chile","tag-migrantes-es"],"yoast_head":"<!-- This site is optimized with the Yoast SEO plugin v27.1.1 - https:\/\/yoast.com\/product\/yoast-seo-wordpress\/ -->\n<title>\u00a1Todos somos emigrantes!<\/title>\n<meta name=\"description\" content=\"Una de los peores extrav\u00edos que se cometen en Chile es atribuirle a los inmigrantes la responsabilidad en la violencia y el crimen que asola a la\" \/>\n<meta name=\"robots\" content=\"index, follow, max-snippet:-1, max-image-preview:large, max-video-preview:-1\" \/>\n<link rel=\"canonical\" href=\"https:\/\/www.pressenza.com\/es\/2023\/01\/todos-somos-emigrantes\/\" \/>\n<meta property=\"og:locale\" content=\"es_ES\" \/>\n<meta property=\"og:type\" content=\"article\" \/>\n<meta property=\"og:title\" content=\"\u00a1Todos somos emigrantes!\" \/>\n<meta property=\"og:description\" content=\"Una de los peores extrav\u00edos que se cometen en Chile es atribuirle a los inmigrantes la responsabilidad en la violencia y el crimen que asola a la\" \/>\n<meta property=\"og:url\" content=\"https:\/\/www.pressenza.com\/es\/2023\/01\/todos-somos-emigrantes\/\" \/>\n<meta property=\"og:site_name\" content=\"Pressenza\" \/>\n<meta property=\"article:publisher\" content=\"https:\/\/www.facebook.com\/PressenzaItalia\" \/>\n<meta property=\"article:published_time\" content=\"2023-01-30T22:13:02+00:00\" \/>\n<meta property=\"og:image\" content=\"https:\/\/www.pressenza.com\/wp-content\/uploads\/2023\/01\/racismo-chile-300x206-1.jpeg\" \/>\n\t<meta property=\"og:image:width\" content=\"300\" \/>\n\t<meta property=\"og:image:height\" content=\"206\" \/>\n\t<meta property=\"og:image:type\" content=\"image\/jpeg\" \/>\n<meta name=\"author\" content=\"Juan Pablo C\u00e1rdenas\" \/>\n<meta name=\"twitter:card\" content=\"summary_large_image\" \/>\n<meta name=\"twitter:creator\" content=\"@PressenzaIPA\" \/>\n<meta name=\"twitter:site\" content=\"@PressenzaIPA\" \/>\n<meta name=\"twitter:label1\" content=\"Escrito por\" \/>\n\t<meta name=\"twitter:data1\" content=\"Juan Pablo C\u00e1rdenas\" \/>\n\t<meta name=\"twitter:label2\" content=\"Tiempo de lectura\" \/>\n\t<meta name=\"twitter:data2\" content=\"5 minutos\" \/>\n<script type=\"application\/ld+json\" class=\"yoast-schema-graph\">{\"@context\":\"https:\/\/schema.org\",\"@graph\":[{\"@type\":\"Article\",\"@id\":\"https:\/\/www.pressenza.com\/es\/2023\/01\/todos-somos-emigrantes\/#article\",\"isPartOf\":{\"@id\":\"https:\/\/www.pressenza.com\/es\/2023\/01\/todos-somos-emigrantes\/\"},\"author\":{\"name\":\"Juan Pablo C\u00e1rdenas\",\"@id\":\"https:\/\/www.pressenza.com\/es\/#\/schema\/person\/d72a7c8c014dcbfa2ef9e9976103ea0d\"},\"headline\":\"\u00a1Todos somos emigrantes!\",\"datePublished\":\"2023-01-30T22:13:02+00:00\",\"mainEntityOfPage\":{\"@id\":\"https:\/\/www.pressenza.com\/es\/2023\/01\/todos-somos-emigrantes\/\"},\"wordCount\":1118,\"publisher\":{\"@id\":\"https:\/\/www.pressenza.com\/es\/#organization\"},\"image\":{\"@id\":\"https:\/\/www.pressenza.com\/es\/2023\/01\/todos-somos-emigrantes\/#primaryimage\"},\"thumbnailUrl\":\"https:\/\/www.pressenza.com\/wp-content\/uploads\/2023\/01\/racismo-chile-300x206-1.jpeg\",\"keywords\":[\"Chile\",\"migrantes\"],\"articleSection\":[\"Contenido Original\",\"Migrantes\",\"Opiniones\",\"Sudam\u00e9rica\"],\"inLanguage\":\"es\"},{\"@type\":\"WebPage\",\"@id\":\"https:\/\/www.pressenza.com\/es\/2023\/01\/todos-somos-emigrantes\/\",\"url\":\"https:\/\/www.pressenza.com\/es\/2023\/01\/todos-somos-emigrantes\/\",\"name\":\"\u00a1Todos somos emigrantes!\",\"isPartOf\":{\"@id\":\"https:\/\/www.pressenza.com\/es\/#website\"},\"primaryImageOfPage\":{\"@id\":\"https:\/\/www.pressenza.com\/es\/2023\/01\/todos-somos-emigrantes\/#primaryimage\"},\"image\":{\"@id\":\"https:\/\/www.pressenza.com\/es\/2023\/01\/todos-somos-emigrantes\/#primaryimage\"},\"thumbnailUrl\":\"https:\/\/www.pressenza.com\/wp-content\/uploads\/2023\/01\/racismo-chile-300x206-1.jpeg\",\"datePublished\":\"2023-01-30T22:13:02+00:00\",\"description\":\"Una de los peores extrav\u00edos que se cometen en Chile es atribuirle a los inmigrantes la responsabilidad en la violencia y el crimen que asola a la\",\"breadcrumb\":{\"@id\":\"https:\/\/www.pressenza.com\/es\/2023\/01\/todos-somos-emigrantes\/#breadcrumb\"},\"inLanguage\":\"es\",\"potentialAction\":[{\"@type\":\"ReadAction\",\"target\":[\"https:\/\/www.pressenza.com\/es\/2023\/01\/todos-somos-emigrantes\/\"]}]},{\"@type\":\"ImageObject\",\"inLanguage\":\"es\",\"@id\":\"https:\/\/www.pressenza.com\/es\/2023\/01\/todos-somos-emigrantes\/#primaryimage\",\"url\":\"https:\/\/www.pressenza.com\/wp-content\/uploads\/2023\/01\/racismo-chile-300x206-1.jpeg\",\"contentUrl\":\"https:\/\/www.pressenza.com\/wp-content\/uploads\/2023\/01\/racismo-chile-300x206-1.jpeg\",\"width\":300,\"height\":206},{\"@type\":\"BreadcrumbList\",\"@id\":\"https:\/\/www.pressenza.com\/es\/2023\/01\/todos-somos-emigrantes\/#breadcrumb\",\"itemListElement\":[{\"@type\":\"ListItem\",\"position\":1,\"name\":\"Accueil\",\"item\":\"https:\/\/www.pressenza.com\/es\/\"},{\"@type\":\"ListItem\",\"position\":2,\"name\":\"\u00a1Todos somos emigrantes!\"}]},{\"@type\":\"WebSite\",\"@id\":\"https:\/\/www.pressenza.com\/es\/#website\",\"url\":\"https:\/\/www.pressenza.com\/es\/\",\"name\":\"Pressenza\",\"description\":\"International Press Agency\",\"publisher\":{\"@id\":\"https:\/\/www.pressenza.com\/es\/#organization\"},\"potentialAction\":[{\"@type\":\"SearchAction\",\"target\":{\"@type\":\"EntryPoint\",\"urlTemplate\":\"https:\/\/www.pressenza.com\/es\/?s={search_term_string}\"},\"query-input\":{\"@type\":\"PropertyValueSpecification\",\"valueRequired\":true,\"valueName\":\"search_term_string\"}}],\"inLanguage\":\"es\"},{\"@type\":\"Organization\",\"@id\":\"https:\/\/www.pressenza.com\/es\/#organization\",\"name\":\"Pressenza\",\"url\":\"https:\/\/www.pressenza.com\/es\/\",\"logo\":{\"@type\":\"ImageObject\",\"inLanguage\":\"es\",\"@id\":\"https:\/\/www.pressenza.com\/es\/#\/schema\/logo\/image\/\",\"url\":\"https:\/\/www.pressenza.com\/wp-content\/uploads\/2022\/10\/pressenza_logo_200x200.jpg\",\"contentUrl\":\"https:\/\/www.pressenza.com\/wp-content\/uploads\/2022\/10\/pressenza_logo_200x200.jpg\",\"width\":200,\"height\":200,\"caption\":\"Pressenza\"},\"image\":{\"@id\":\"https:\/\/www.pressenza.com\/es\/#\/schema\/logo\/image\/\"},\"sameAs\":[\"https:\/\/www.facebook.com\/PressenzaItalia\",\"https:\/\/x.com\/PressenzaIPA\"]},{\"@type\":\"Person\",\"@id\":\"https:\/\/www.pressenza.com\/es\/#\/schema\/person\/d72a7c8c014dcbfa2ef9e9976103ea0d\",\"name\":\"Juan Pablo C\u00e1rdenas\",\"description\":\"Juan Pablo C\u00e1rdenas Squella es un periodista y profesor universitario de vasta trayectoria. En el 2005 recibi\u00f3 en premio nacional de Periodismo y, antes, la Pluma de Oro de la Libertad, otorgada por la Federaci\u00f3n Mundial de la Prensa. Tambi\u00e9n obtuvo el Premio Latinoamericano de Periodismo, la Houten Camara de Holanda (1989) entre otras m\u00faltiples distinciones nacionales y extranjeras. Forma parte de los sesenta periodistas del mundo considerados H\u00e9roes de la Libertad de Expresi\u00f3n, reconocimiento hecho por la Federaci\u00f3n Internacional de Periodistas. Ha sido director y columnista de las revistas Debate Universitario, An\u00e1lisis y Los Tiempos, as\u00ed como del diario electr\u00f3nico primeral\u00ednea.cl. Tambi\u00e9n fue por m\u00e1s 18 a\u00f1os director de la Radio Universidad de Chile y de su diario digital. Se ha desempe\u00f1ado como profesor de varias escuelas de periodismo de Santiago y Valpara\u00edso y en la Universidad de Chile alcanz\u00f3 el grado de profesor titular y senador universitario.\",\"url\":\"https:\/\/www.pressenza.com\/es\/author\/juan-pablo-cardenas\/\"}]}<\/script>\n<!-- \/ Yoast SEO plugin. -->","yoast_head_json":{"title":"\u00a1Todos somos emigrantes!","description":"Una de los peores extrav\u00edos que se cometen en Chile es atribuirle a los inmigrantes la responsabilidad en la violencia y el crimen que asola a la","robots":{"index":"index","follow":"follow","max-snippet":"max-snippet:-1","max-image-preview":"max-image-preview:large","max-video-preview":"max-video-preview:-1"},"canonical":"https:\/\/www.pressenza.com\/es\/2023\/01\/todos-somos-emigrantes\/","og_locale":"es_ES","og_type":"article","og_title":"\u00a1Todos somos emigrantes!","og_description":"Una de los peores extrav\u00edos que se cometen en Chile es atribuirle a los inmigrantes la responsabilidad en la violencia y el crimen que asola a la","og_url":"https:\/\/www.pressenza.com\/es\/2023\/01\/todos-somos-emigrantes\/","og_site_name":"Pressenza","article_publisher":"https:\/\/www.facebook.com\/PressenzaItalia","article_published_time":"2023-01-30T22:13:02+00:00","og_image":[{"width":300,"height":206,"url":"https:\/\/www.pressenza.com\/wp-content\/uploads\/2023\/01\/racismo-chile-300x206-1.jpeg","type":"image\/jpeg"}],"author":"Juan Pablo C\u00e1rdenas","twitter_card":"summary_large_image","twitter_creator":"@PressenzaIPA","twitter_site":"@PressenzaIPA","twitter_misc":{"Escrito por":"Juan Pablo C\u00e1rdenas","Tiempo de lectura":"5 minutos"},"schema":{"@context":"https:\/\/schema.org","@graph":[{"@type":"Article","@id":"https:\/\/www.pressenza.com\/es\/2023\/01\/todos-somos-emigrantes\/#article","isPartOf":{"@id":"https:\/\/www.pressenza.com\/es\/2023\/01\/todos-somos-emigrantes\/"},"author":{"name":"Juan Pablo C\u00e1rdenas","@id":"https:\/\/www.pressenza.com\/es\/#\/schema\/person\/d72a7c8c014dcbfa2ef9e9976103ea0d"},"headline":"\u00a1Todos somos emigrantes!","datePublished":"2023-01-30T22:13:02+00:00","mainEntityOfPage":{"@id":"https:\/\/www.pressenza.com\/es\/2023\/01\/todos-somos-emigrantes\/"},"wordCount":1118,"publisher":{"@id":"https:\/\/www.pressenza.com\/es\/#organization"},"image":{"@id":"https:\/\/www.pressenza.com\/es\/2023\/01\/todos-somos-emigrantes\/#primaryimage"},"thumbnailUrl":"https:\/\/www.pressenza.com\/wp-content\/uploads\/2023\/01\/racismo-chile-300x206-1.jpeg","keywords":["Chile","migrantes"],"articleSection":["Contenido Original","Migrantes","Opiniones","Sudam\u00e9rica"],"inLanguage":"es"},{"@type":"WebPage","@id":"https:\/\/www.pressenza.com\/es\/2023\/01\/todos-somos-emigrantes\/","url":"https:\/\/www.pressenza.com\/es\/2023\/01\/todos-somos-emigrantes\/","name":"\u00a1Todos somos emigrantes!","isPartOf":{"@id":"https:\/\/www.pressenza.com\/es\/#website"},"primaryImageOfPage":{"@id":"https:\/\/www.pressenza.com\/es\/2023\/01\/todos-somos-emigrantes\/#primaryimage"},"image":{"@id":"https:\/\/www.pressenza.com\/es\/2023\/01\/todos-somos-emigrantes\/#primaryimage"},"thumbnailUrl":"https:\/\/www.pressenza.com\/wp-content\/uploads\/2023\/01\/racismo-chile-300x206-1.jpeg","datePublished":"2023-01-30T22:13:02+00:00","description":"Una de los peores extrav\u00edos que se cometen en Chile es atribuirle a los inmigrantes la responsabilidad en la violencia y el crimen que asola a la","breadcrumb":{"@id":"https:\/\/www.pressenza.com\/es\/2023\/01\/todos-somos-emigrantes\/#breadcrumb"},"inLanguage":"es","potentialAction":[{"@type":"ReadAction","target":["https:\/\/www.pressenza.com\/es\/2023\/01\/todos-somos-emigrantes\/"]}]},{"@type":"ImageObject","inLanguage":"es","@id":"https:\/\/www.pressenza.com\/es\/2023\/01\/todos-somos-emigrantes\/#primaryimage","url":"https:\/\/www.pressenza.com\/wp-content\/uploads\/2023\/01\/racismo-chile-300x206-1.jpeg","contentUrl":"https:\/\/www.pressenza.com\/wp-content\/uploads\/2023\/01\/racismo-chile-300x206-1.jpeg","width":300,"height":206},{"@type":"BreadcrumbList","@id":"https:\/\/www.pressenza.com\/es\/2023\/01\/todos-somos-emigrantes\/#breadcrumb","itemListElement":[{"@type":"ListItem","position":1,"name":"Accueil","item":"https:\/\/www.pressenza.com\/es\/"},{"@type":"ListItem","position":2,"name":"\u00a1Todos somos emigrantes!"}]},{"@type":"WebSite","@id":"https:\/\/www.pressenza.com\/es\/#website","url":"https:\/\/www.pressenza.com\/es\/","name":"Pressenza","description":"International Press Agency","publisher":{"@id":"https:\/\/www.pressenza.com\/es\/#organization"},"potentialAction":[{"@type":"SearchAction","target":{"@type":"EntryPoint","urlTemplate":"https:\/\/www.pressenza.com\/es\/?s={search_term_string}"},"query-input":{"@type":"PropertyValueSpecification","valueRequired":true,"valueName":"search_term_string"}}],"inLanguage":"es"},{"@type":"Organization","@id":"https:\/\/www.pressenza.com\/es\/#organization","name":"Pressenza","url":"https:\/\/www.pressenza.com\/es\/","logo":{"@type":"ImageObject","inLanguage":"es","@id":"https:\/\/www.pressenza.com\/es\/#\/schema\/logo\/image\/","url":"https:\/\/www.pressenza.com\/wp-content\/uploads\/2022\/10\/pressenza_logo_200x200.jpg","contentUrl":"https:\/\/www.pressenza.com\/wp-content\/uploads\/2022\/10\/pressenza_logo_200x200.jpg","width":200,"height":200,"caption":"Pressenza"},"image":{"@id":"https:\/\/www.pressenza.com\/es\/#\/schema\/logo\/image\/"},"sameAs":["https:\/\/www.facebook.com\/PressenzaItalia","https:\/\/x.com\/PressenzaIPA"]},{"@type":"Person","@id":"https:\/\/www.pressenza.com\/es\/#\/schema\/person\/d72a7c8c014dcbfa2ef9e9976103ea0d","name":"Juan Pablo C\u00e1rdenas","description":"Juan Pablo C\u00e1rdenas Squella es un periodista y profesor universitario de vasta trayectoria. En el 2005 recibi\u00f3 en premio nacional de Periodismo y, antes, la Pluma de Oro de la Libertad, otorgada por la Federaci\u00f3n Mundial de la Prensa. Tambi\u00e9n obtuvo el Premio Latinoamericano de Periodismo, la Houten Camara de Holanda (1989) entre otras m\u00faltiples distinciones nacionales y extranjeras. Forma parte de los sesenta periodistas del mundo considerados H\u00e9roes de la Libertad de Expresi\u00f3n, reconocimiento hecho por la Federaci\u00f3n Internacional de Periodistas. Ha sido director y columnista de las revistas Debate Universitario, An\u00e1lisis y Los Tiempos, as\u00ed como del diario electr\u00f3nico primeral\u00ednea.cl. Tambi\u00e9n fue por m\u00e1s 18 a\u00f1os director de la Radio Universidad de Chile y de su diario digital. Se ha desempe\u00f1ado como profesor de varias escuelas de periodismo de Santiago y Valpara\u00edso y en la Universidad de Chile alcanz\u00f3 el grado de profesor titular y senador universitario.","url":"https:\/\/www.pressenza.com\/es\/author\/juan-pablo-cardenas\/"}]}},"place":"Santiago de Chile","original_article_url":"","_links":{"self":[{"href":"https:\/\/www.pressenza.com\/es\/wp-json\/wp\/v2\/posts\/1713181","targetHints":{"allow":["GET"]}}],"collection":[{"href":"https:\/\/www.pressenza.com\/es\/wp-json\/wp\/v2\/posts"}],"about":[{"href":"https:\/\/www.pressenza.com\/es\/wp-json\/wp\/v2\/types\/post"}],"author":[{"embeddable":true,"href":"https:\/\/www.pressenza.com\/es\/wp-json\/wp\/v2\/users\/1739"}],"replies":[{"embeddable":true,"href":"https:\/\/www.pressenza.com\/es\/wp-json\/wp\/v2\/comments?post=1713181"}],"version-history":[{"count":0,"href":"https:\/\/www.pressenza.com\/es\/wp-json\/wp\/v2\/posts\/1713181\/revisions"}],"wp:featuredmedia":[{"embeddable":true,"href":"https:\/\/www.pressenza.com\/es\/wp-json\/wp\/v2\/media\/1713182"}],"wp:attachment":[{"href":"https:\/\/www.pressenza.com\/es\/wp-json\/wp\/v2\/media?parent=1713181"}],"wp:term":[{"taxonomy":"category","embeddable":true,"href":"https:\/\/www.pressenza.com\/es\/wp-json\/wp\/v2\/categories?post=1713181"},{"taxonomy":"post_tag","embeddable":true,"href":"https:\/\/www.pressenza.com\/es\/wp-json\/wp\/v2\/tags?post=1713181"}],"curies":[{"name":"wp","href":"https:\/\/api.w.org\/{rel}","templated":true}]}}