{"id":1711760,"date":"2023-01-24T04:11:07","date_gmt":"2023-01-24T04:11:07","guid":{"rendered":"https:\/\/www.pressenza.com\/?p=1711760"},"modified":"2023-01-24T04:11:07","modified_gmt":"2023-01-24T04:11:07","slug":"pronunciamiento-la-vida-es-primero","status":"publish","type":"post","link":"https:\/\/www.pressenza.com\/es\/2023\/01\/pronunciamiento-la-vida-es-primero\/","title":{"rendered":"PRONUNCIAMIENTO: LA VIDA ES PRIMERO"},"content":{"rendered":"<p>Los profesores y profesoras firmantes de la Universidad Nacional Agraria La Molina expresamos lo<br \/>\nsiguiente frente a los hechos ocurridos en las \u00faltimas semanas:<\/p>\n<p>&#8211; Constatamos que, como resultado de la continua crisis pol\u00edtica, responsabilidad de los<br \/>\nprincipales poderes del Estado (la Presidencia de la Rep\u00fablica, el Ejecutivo y el Legislativo),<br \/>\nse ha perdido la valoraci\u00f3n de la realidad multicultural y biodiversa de nuestro pa\u00eds; el<br \/>\npluralismo, el respeto, la tolerancia, el di\u00e1logo intercultural y la inclusi\u00f3n; la afirmaci\u00f3n de<br \/>\nla vida, la dignidad humana y la cultura de paz. Ninguno de estos grandes valores, que la<br \/>\nUNALM hace suyos en su lema \u201cQuiero cultivar al Hombre y al Campo\u201d, se respetan:<br \/>\nquienes trabajamos especialmente en el \u00e1rea rural con comunidades ind\u00edgenas y<br \/>\ncampesinas, lo constatamos al observar su abandono.<\/p>\n<p>&#8211; Reconocemos tambi\u00e9n la existencia hist\u00f3rica de la exclusi\u00f3n en la que peruanos y<br \/>\nperuanas han vivido, ingrediente que aliment\u00f3 un descontento continuo y nada reciente,<br \/>\nhoy palpable en las m\u00faltiples manifestaciones presentes a nivel nacional. Sus ra\u00edces son<br \/>\nprofundas y necesarias de comprender, incluy\u00e9ndose en las agendas del di\u00e1logo para la<br \/>\nsoluci\u00f3n a la crisis actual.<\/p>\n<p>&#8211; Lamentamos profundamente la muerte de m\u00e1s de 50 personas, producto de la represi\u00f3n<br \/>\ndesmedida contra las movilizaciones. Entre las v\u00edctimas hay decenas de j\u00f3venes<br \/>\nestudiantes universitarios y escolares menores de edad, muertos por disparos de bala;<br \/>\njunto a un polic\u00eda. Esto debe ser investigado y sancionado con firmeza, dentro del marco<br \/>\nlegal constitucional.<\/p>\n<p>&#8211; Condenamos toda forma de violencia, venga de donde venga, y observamos con estupor la<br \/>\nprofunda insensibilidad de las autoridades del gobierno y del congreso ante lo sucedido.<br \/>\nNos repulsa la represi\u00f3n basada en el \u201cterruqueo\u201d de las protestas sociales, alimentado<br \/>\npor el racismo y la discriminaci\u00f3n de la cual son objeto nuestros compatriotas de las<br \/>\nregiones diferentes a Lima<\/p>\n<p>&#8211; Rechazamos categ\u00f3ricamente el ingreso con el uso desmedido de fuerza a la Universidad<br \/>\nNacional Mayor de San Marcos, decana de Am\u00e9rica, vulnerando el derecho a la protesta<br \/>\npac\u00edfica de las personas y estudiantes que ah\u00ed se encontraban. Nos preocupa sobremanera<br \/>\nobservar como otra universidad p\u00fablica, tambi\u00e9n de renombre nacional e internacional,<br \/>\ncomo es la Universidad Nacional de Ingenier\u00eda, fue amedrentada con la presencia de<br \/>\ncamiones de las Fuerzas Armadas y efectivos de la Polic\u00eda Nacional frente a su campus.<br \/>\nClaramente se ha mellado el Estado de Derecho.<\/p>\n<p>Por todo lo mencionado, no podemos aceptar como forma de gobierno democr\u00e1tico y<br \/>\nconstitucional uno en cuya gesti\u00f3n se promueve el uso excesivo y sistem\u00e1tico de la fuerza, con los<br \/>\ntr\u00e1gicos resultados en p\u00e9rdida de vidas, relegando el di\u00e1logo y b\u00fasquedas de alternativas a<br \/>\nsoluciones para el beneficio de los peruanos y peruanas. Es perentorio dar pase a una soluci\u00f3n<br \/>\npol\u00edtica y social pac\u00edfica, donde se exhorta a la presidenta Dina Boluarte a renunciar a su cargo y<br \/>\nque el Congreso de la Rep\u00fablica promueva una pronta transici\u00f3n para la elecci\u00f3n de nuevos<br \/>\ngobernantes. Estos deben tener la capacidad de escucha, adem\u00e1s de ser representativos del<br \/>\nconsenso nacional y los mejores valores de nuestra historia.<\/p>\n<p>Finalmente, creemos apremiante iniciar un proceso de reflexi\u00f3n a profundidad sobre los or\u00edgenes<br \/>\nde esta gran movilizaci\u00f3n social, que nos debe motivar a repensar el futuro que queremos como<br \/>\nnaci\u00f3n, espacio donde nuestra Universidad puede aportar y poner en pr\u00e1ctica lo construido desde<br \/>\nla academia a lo largo de m\u00e1s de 120 a\u00f1os de existencia.<\/p>\n<p>LOS FIRMANTES<br \/>\n1. Adrian Marko Huerta Julca. Departamento de F\u00edsica y Meteorolog\u00eda. Facultad de Ciencias.<br \/>\n2. Aldo Ceroni Stuva DNI 08726696. Departamento de Biolog\u00eda. Facultad de Ciencias<br \/>\n3. Alexander Rodr\u00edguez Berr\u00edo DNI 10017374 Departamento acad\u00e9mico de Entomolog\u00eda<br \/>\nFacultad de Agronom\u00eda<br \/>\n4. Alexis Due\u00f1as Davila. DNI: 23860033. Departamento de Horticultura. Facultad de<br \/>\nAgronom\u00eda.<br \/>\n5. Alexis Nicolas Iba\u00f1ez Blancas. DNI 09769065 Departamento de F\u00edsica y Meteorolog\u00eda.<br \/>\nFacultad de Ciencias.<br \/>\n6. Alfredo Alberto Beyer Arteaga DNI 46531792. Facultad de Agronom\u00eda<br \/>\n7. Armando Edwin D\u00edaz Barba. DNI 10584549. Departamento de Sociolog\u00eda Rural. Facultad de<br \/>\nEconom\u00eda y Planificaci\u00f3n.<br \/>\n8. Ana Cecilia Vargas Paredes. DNI 18166010 Facultad de Econom\u00eda y Planificaci\u00f3n<br \/>\nDepartamento de Estad\u00edstica e Inform\u00e1tica.<br \/>\n9. Daniel Alexis Z\u00e1rate Rend\u00f3n DNI: 10306889. Departamento Acad\u00e9mico de Nutrici\u00f3n.<br \/>\nFacultad de Zootecnia<br \/>\n10. Diana Zulema Quinteros Carlos. DNI 06089124. Departamento de Biolog\u00eda. Facultad de<br \/>\nCiencias.<br \/>\n11. Edgar S\u00e1nchez Infantas. DNI 08044861. Departamento de Biolog\u00eda. Facultad de Ciencias.<br \/>\n12. Eduardo Flavio Ortiz Coronado. DNI 25681935. Departamento Acad\u00e9mico de Ciencias<br \/>\nHumanas. Facultad de Econom\u00eda y Planificaci\u00f3n.<br \/>\n13. Eloy Cuellar Bautista, DNI 09367073, Departamento de Manejo Forestal, Facultad de<br \/>\nCiencias Forestales<br \/>\n14. Ernesto Llanos Argumanis. DNI 40722182. Departamento de ciencias humanas. Facultad de<br \/>\nEconom\u00eda y Planificaci\u00f3n.<br \/>\n15. Fabiola Alexandra Parra Rondinel. DNI 40077712. Departamento de Biolog\u00eda. Facultad de<br \/>\nCiencias.<br \/>\n16. Felipe de Mendiburu Delgado. DNI 08756411. Facultad de Econom\u00eda y Planificaci\u00f3n<br \/>\n17. Gladys Tello Ceron. DNI 41815275. Departamento de Biolog\u00eda. Facultad de Ciencias.<br \/>\n18. Iv\u00e1n Juli\u00e1n Alonzo C\u00f3rdova. DNI 40283910 Departamento Acad\u00e9mico de ciencias humanas.<br \/>\nFacultad de Econom\u00eda y Planificaci\u00f3n<br \/>\n19. Javier Arias Carbajal. DNI 07558665. Departamento de Fitotecnia. Facultad de Agronom\u00eda.<br \/>\n20. Jim Alexander Anchante Diaz. DNI 40330242 Departamento de Ciencias Humanas. Facultad<br \/>\nde Econom\u00eda y Planificaci\u00f3n.<br \/>\n21. Jesus Eduardo Gamboa Unsihuay. DNI: 70086185 Facultad de Econom\u00eda y Planificaci\u00f3n<br \/>\n22. Joel Claudio Rengifo Maravi. DNI 46455649. Departamento de Qu\u00edmica. Facultad de<br \/>\nCiencias.<br \/>\n23. Jose Antonio Hurtado Huarcaya. Departamento de Biolog\u00eda. Facultad de Ciencias.<br \/>\n24. Jos\u00e9 Antonio Sarria Bardales. DNI 08796138. Departamento de Producci\u00f3n Animal.<br \/>\nFacultad de Zootecnia.<br \/>\n25. Jos\u00e9 Carlos Vilcapoma. DNI. 19877565. Departamento de Sociolog\u00eda Rural. Facultad de<br \/>\nEconom\u00eda y Planificaci\u00f3n.<br \/>\n26. Jos\u00e9 Fredy Caballero Bernab\u00e9. DNI 09926819. Departamento Acad\u00e9mico de Ciencias<br \/>\nHumanas. Facultad de Econom\u00eda y Planificaci\u00f3n.<br \/>\n27. Jos\u00e9 Guillermo Giacomotti Tuezta. DNI 40850498. Facultad de Ciencias Forestales<br \/>\n28. Jos\u00e9 Maximiliano Almeyda Matias. DNI 08958661. Facultad de Zootecnia.<br \/>\n29. Juan G\u00f3mez de la Torre Bar\u00faa. DNI 41335701. Departamento de Sociolog\u00eda Rural. Facultad<br \/>\nde Econom\u00eda y Planificaci\u00f3n.<br \/>\n30. Julio Cesar Alfaro Moreno DNI 10866247. Departamento de Sociolog\u00eda Rural. Facultad de<br \/>\nEconom\u00eda y Planificaci\u00f3n.<br \/>\n31. Julio Ch\u00e1vez Achong. DNI 09068959. Departamento de Sociolog\u00eda Rural. Facultad de<br \/>\nEconom\u00eda y Planificaci\u00f3n.<br \/>\n32. Juan Torres Guevara. DNI O6713654. Departamento de Biolog\u00eda. Facultad de Ciencias.<br \/>\n33. Katherine Lisbeth Ccoica L\u00f3pez. DNI 70027349. Departamento de F\u00edsica y Meteorolog\u00eda.<br \/>\nFacultad de Ciencias.<br \/>\n34. Liz Zaida Casta\u00f1eda C\u00f3rdova. DNI 10875074. Departamento de Biolog\u00eda. Facultad de<br \/>\nCiencias.<br \/>\n35. Lieve Maria J. Coppin CE 000288911. Profesora visitante de la Maestr\u00eda de Ecoturismo de la<br \/>\nFacultad de Ciencias Forestales<br \/>\n36. Mar\u00eda Elena Villanueva Espinoza. DNO 07594917. Departamento de Nutrici\u00f3n. Facultad de<br \/>\nZootecnia<br \/>\n37. Mar\u00eda Emilia Yanaylle. DNI 08529557. Departamento de Sociolog\u00eda Rural. Facultad de<br \/>\nEconom\u00eda y Planificaci\u00f3n.<br \/>\n38. Margareth Katherine del Pi\u00e9lago V\u00e1squez. Departamento de Ciencias Humanas. Facultad<br \/>\nde Econom\u00eda y Planificaci\u00f3n.<br \/>\n39. Mar\u00eda Nilda Varas Castrillo. DNI 07808184. Departamento de Sociolog\u00eda Rural. Facultad de<br \/>\nEconom\u00eda y Planificaci\u00f3n.<br \/>\n40. Mary Flor C\u00e9sare Coral. DNI 25731842. Departamento de Qu\u00edmica. Facultad de Ciencias.<br \/>\n41. Milagros Liscely Tumi Calisaya. DNI 46216902. Departamento de Biolog\u00eda. Facultad de<br \/>\nCiencias.<br \/>\n42. Nehem\u00edas Vega Mendieta, DNI 10665593, Departamento de Ciencias Humanas, Facultad<br \/>\nde Econom\u00eda y Planificaci\u00f3n.<br \/>\n43. Otto Angelo Zea Mendoza. DNI 10799787. Departamento de Nutrici\u00f3n. Facultad de<br \/>\nZootecnia<br \/>\n44. Pedro Pablo Ccopa Antay. DNI 10718687. Departamento de Sociolog\u00eda Rural. Facultad de<br \/>\nEconom\u00eda y Planificaci\u00f3n.<br \/>\n45. Rino Nicanor Sotomayor Ruiz. DNI 09069894. Facultad de Econom\u00eda y Planificaci\u00f3n.<br \/>\n46. Saray Siura C\u00e9spedes. DNI 07565593. Departamento de Horticultura. Facultad de<br \/>\nAgronom\u00eda.<br \/>\n47. Segundo Sa\u00fal Fuentes Delgado. DNI: 07637210. Departamento de Fitopatolog\u00eda. Facultad<br \/>\nde Agronom\u00eda<br \/>\n48. Silvia Luc\u00eda Anita Valdez Delgado. DNI 07224386. Departamento de Ciencias Humanas.<br \/>\nFacultad de Econom\u00eda y Planificaci\u00f3n.<br \/>\n49. Viviana Castro Cepero. DNI 10139720. Departamento de Biolog\u00eda. Facultad de Ciencias.<\/p>\n<p>Foto: Cadena SER.<\/p>\n","protected":false},"excerpt":{"rendered":"<p>Los profesores y profesoras firmantes de la Universidad Nacional Agraria La Molina expresamos lo siguiente frente a los hechos ocurridos en las \u00faltimas semanas: &#8211; Constatamos que, como resultado de la continua crisis pol\u00edtica, responsabilidad de los principales poderes del&hellip;<\/p>\n","protected":false},"author":831,"featured_media":1711761,"comment_status":"closed","ping_status":"closed","sticky":false,"template":"","format":"standard","meta":{"footnotes":""},"categories":[11389,79,161,74,67],"tags":[108326,108352,104842,109389,91319],"class_list":["post-1711760","post","type-post","status-publish","format-standard","has-post-thumbnail","hentry","category-contenido-original","category-derechos-humanos","category-opiniones","category-politica-es","category-sudamerica","tag-crisis-peru","tag-dina-boluarte","tag-universidad-nacional-agraria-la-molina","tag-universidad-nacional-de-ingenieria","tag-universidad-nacional-mayor-de-san-marcos"],"yoast_head":"<!-- This site is optimized with the Yoast SEO plugin v27.1.1 - https:\/\/yoast.com\/product\/yoast-seo-wordpress\/ -->\n<title>PRONUNCIAMIENTO: LA VIDA ES PRIMERO<\/title>\n<meta name=\"description\" content=\"Los profesores y profesoras firmantes de la Universidad Nacional Agraria La Molina expresamos lo siguiente frente a los hechos ocurridos en las \u00faltimas\" \/>\n<meta name=\"robots\" content=\"index, follow, max-snippet:-1, max-image-preview:large, max-video-preview:-1\" \/>\n<link rel=\"canonical\" href=\"https:\/\/www.pressenza.com\/es\/2023\/01\/pronunciamiento-la-vida-es-primero\/\" \/>\n<meta property=\"og:locale\" content=\"es_ES\" \/>\n<meta property=\"og:type\" content=\"article\" \/>\n<meta property=\"og:title\" content=\"PRONUNCIAMIENTO: LA VIDA ES PRIMERO\" \/>\n<meta property=\"og:description\" content=\"Los profesores y profesoras firmantes de la Universidad Nacional Agraria La Molina expresamos lo siguiente frente a los hechos ocurridos en las \u00faltimas\" \/>\n<meta property=\"og:url\" content=\"https:\/\/www.pressenza.com\/es\/2023\/01\/pronunciamiento-la-vida-es-primero\/\" \/>\n<meta property=\"og:site_name\" content=\"Pressenza\" \/>\n<meta property=\"article:publisher\" content=\"https:\/\/www.facebook.com\/PressenzaItalia\" \/>\n<meta property=\"article:published_time\" content=\"2023-01-24T04:11:07+00:00\" \/>\n<meta property=\"og:image\" content=\"https:\/\/www.pressenza.com\/wp-content\/uploads\/2023\/01\/ni-un-muerto.jpg\" \/>\n\t<meta property=\"og:image:width\" content=\"650\" \/>\n\t<meta property=\"og:image:height\" content=\"488\" \/>\n\t<meta property=\"og:image:type\" content=\"image\/jpeg\" \/>\n<meta name=\"author\" content=\"Redacci\u00f3n Per\u00fa\" \/>\n<meta name=\"twitter:card\" content=\"summary_large_image\" \/>\n<meta name=\"twitter:creator\" content=\"@PressenzaIPA\" \/>\n<meta name=\"twitter:site\" content=\"@PressenzaIPA\" \/>\n<meta name=\"twitter:label1\" content=\"Escrito por\" \/>\n\t<meta name=\"twitter:data1\" content=\"Redacci\u00f3n Per\u00fa\" \/>\n\t<meta name=\"twitter:label2\" content=\"Tiempo de lectura\" \/>\n\t<meta name=\"twitter:data2\" content=\"6 minutos\" \/>\n<script type=\"application\/ld+json\" class=\"yoast-schema-graph\">{\"@context\":\"https:\/\/schema.org\",\"@graph\":[{\"@type\":\"Article\",\"@id\":\"https:\/\/www.pressenza.com\/es\/2023\/01\/pronunciamiento-la-vida-es-primero\/#article\",\"isPartOf\":{\"@id\":\"https:\/\/www.pressenza.com\/es\/2023\/01\/pronunciamiento-la-vida-es-primero\/\"},\"author\":{\"name\":\"Redacci\u00f3n Per\u00fa\",\"@id\":\"https:\/\/www.pressenza.com\/es\/#\/schema\/person\/e86c29a41185b85084a478822f5de81b\"},\"headline\":\"PRONUNCIAMIENTO: LA VIDA ES PRIMERO\",\"datePublished\":\"2023-01-24T04:11:07+00:00\",\"mainEntityOfPage\":{\"@id\":\"https:\/\/www.pressenza.com\/es\/2023\/01\/pronunciamiento-la-vida-es-primero\/\"},\"wordCount\":1319,\"publisher\":{\"@id\":\"https:\/\/www.pressenza.com\/es\/#organization\"},\"image\":{\"@id\":\"https:\/\/www.pressenza.com\/es\/2023\/01\/pronunciamiento-la-vida-es-primero\/#primaryimage\"},\"thumbnailUrl\":\"https:\/\/www.pressenza.com\/wp-content\/uploads\/2023\/01\/ni-un-muerto.jpg\",\"keywords\":[\"crisis Per\u00fa\",\"Dina Boluarte\",\"Universidad Nacional Agraria La Molina\",\"Universidad Nacional de Ingenier\u00eda\",\"Universidad Nacional Mayor de San Marcos\"],\"articleSection\":[\"Contenido Original\",\"Derechos Humanos\",\"Opiniones\",\"Pol\u00edtica\",\"Sudam\u00e9rica\"],\"inLanguage\":\"es\"},{\"@type\":\"WebPage\",\"@id\":\"https:\/\/www.pressenza.com\/es\/2023\/01\/pronunciamiento-la-vida-es-primero\/\",\"url\":\"https:\/\/www.pressenza.com\/es\/2023\/01\/pronunciamiento-la-vida-es-primero\/\",\"name\":\"PRONUNCIAMIENTO: LA VIDA ES PRIMERO\",\"isPartOf\":{\"@id\":\"https:\/\/www.pressenza.com\/es\/#website\"},\"primaryImageOfPage\":{\"@id\":\"https:\/\/www.pressenza.com\/es\/2023\/01\/pronunciamiento-la-vida-es-primero\/#primaryimage\"},\"image\":{\"@id\":\"https:\/\/www.pressenza.com\/es\/2023\/01\/pronunciamiento-la-vida-es-primero\/#primaryimage\"},\"thumbnailUrl\":\"https:\/\/www.pressenza.com\/wp-content\/uploads\/2023\/01\/ni-un-muerto.jpg\",\"datePublished\":\"2023-01-24T04:11:07+00:00\",\"description\":\"Los profesores y profesoras firmantes de la Universidad Nacional Agraria La Molina expresamos lo siguiente frente a los hechos ocurridos en las \u00faltimas\",\"breadcrumb\":{\"@id\":\"https:\/\/www.pressenza.com\/es\/2023\/01\/pronunciamiento-la-vida-es-primero\/#breadcrumb\"},\"inLanguage\":\"es\",\"potentialAction\":[{\"@type\":\"ReadAction\",\"target\":[\"https:\/\/www.pressenza.com\/es\/2023\/01\/pronunciamiento-la-vida-es-primero\/\"]}]},{\"@type\":\"ImageObject\",\"inLanguage\":\"es\",\"@id\":\"https:\/\/www.pressenza.com\/es\/2023\/01\/pronunciamiento-la-vida-es-primero\/#primaryimage\",\"url\":\"https:\/\/www.pressenza.com\/wp-content\/uploads\/2023\/01\/ni-un-muerto.jpg\",\"contentUrl\":\"https:\/\/www.pressenza.com\/wp-content\/uploads\/2023\/01\/ni-un-muerto.jpg\",\"width\":650,\"height\":488},{\"@type\":\"BreadcrumbList\",\"@id\":\"https:\/\/www.pressenza.com\/es\/2023\/01\/pronunciamiento-la-vida-es-primero\/#breadcrumb\",\"itemListElement\":[{\"@type\":\"ListItem\",\"position\":1,\"name\":\"Accueil\",\"item\":\"https:\/\/www.pressenza.com\/es\/\"},{\"@type\":\"ListItem\",\"position\":2,\"name\":\"PRONUNCIAMIENTO: LA VIDA ES PRIMERO\"}]},{\"@type\":\"WebSite\",\"@id\":\"https:\/\/www.pressenza.com\/es\/#website\",\"url\":\"https:\/\/www.pressenza.com\/es\/\",\"name\":\"Pressenza\",\"description\":\"International Press Agency\",\"publisher\":{\"@id\":\"https:\/\/www.pressenza.com\/es\/#organization\"},\"potentialAction\":[{\"@type\":\"SearchAction\",\"target\":{\"@type\":\"EntryPoint\",\"urlTemplate\":\"https:\/\/www.pressenza.com\/es\/?s={search_term_string}\"},\"query-input\":{\"@type\":\"PropertyValueSpecification\",\"valueRequired\":true,\"valueName\":\"search_term_string\"}}],\"inLanguage\":\"es\"},{\"@type\":\"Organization\",\"@id\":\"https:\/\/www.pressenza.com\/es\/#organization\",\"name\":\"Pressenza\",\"url\":\"https:\/\/www.pressenza.com\/es\/\",\"logo\":{\"@type\":\"ImageObject\",\"inLanguage\":\"es\",\"@id\":\"https:\/\/www.pressenza.com\/es\/#\/schema\/logo\/image\/\",\"url\":\"https:\/\/www.pressenza.com\/wp-content\/uploads\/2022\/10\/pressenza_logo_200x200.jpg\",\"contentUrl\":\"https:\/\/www.pressenza.com\/wp-content\/uploads\/2022\/10\/pressenza_logo_200x200.jpg\",\"width\":200,\"height\":200,\"caption\":\"Pressenza\"},\"image\":{\"@id\":\"https:\/\/www.pressenza.com\/es\/#\/schema\/logo\/image\/\"},\"sameAs\":[\"https:\/\/www.facebook.com\/PressenzaItalia\",\"https:\/\/x.com\/PressenzaIPA\"]},{\"@type\":\"Person\",\"@id\":\"https:\/\/www.pressenza.com\/es\/#\/schema\/person\/e86c29a41185b85084a478822f5de81b\",\"name\":\"Redacci\u00f3n Per\u00fa\",\"description\":\"News published by the Pressenza bureau in Peru\",\"url\":\"https:\/\/www.pressenza.com\/es\/author\/redaccion-peru\/\"}]}<\/script>\n<!-- \/ Yoast SEO plugin. -->","yoast_head_json":{"title":"PRONUNCIAMIENTO: LA VIDA ES PRIMERO","description":"Los profesores y profesoras firmantes de la Universidad Nacional Agraria La Molina expresamos lo siguiente frente a los hechos ocurridos en las \u00faltimas","robots":{"index":"index","follow":"follow","max-snippet":"max-snippet:-1","max-image-preview":"max-image-preview:large","max-video-preview":"max-video-preview:-1"},"canonical":"https:\/\/www.pressenza.com\/es\/2023\/01\/pronunciamiento-la-vida-es-primero\/","og_locale":"es_ES","og_type":"article","og_title":"PRONUNCIAMIENTO: LA VIDA ES PRIMERO","og_description":"Los profesores y profesoras firmantes de la Universidad Nacional Agraria La Molina expresamos lo siguiente frente a los hechos ocurridos en las \u00faltimas","og_url":"https:\/\/www.pressenza.com\/es\/2023\/01\/pronunciamiento-la-vida-es-primero\/","og_site_name":"Pressenza","article_publisher":"https:\/\/www.facebook.com\/PressenzaItalia","article_published_time":"2023-01-24T04:11:07+00:00","og_image":[{"width":650,"height":488,"url":"https:\/\/www.pressenza.com\/wp-content\/uploads\/2023\/01\/ni-un-muerto.jpg","type":"image\/jpeg"}],"author":"Redacci\u00f3n Per\u00fa","twitter_card":"summary_large_image","twitter_creator":"@PressenzaIPA","twitter_site":"@PressenzaIPA","twitter_misc":{"Escrito por":"Redacci\u00f3n Per\u00fa","Tiempo de lectura":"6 minutos"},"schema":{"@context":"https:\/\/schema.org","@graph":[{"@type":"Article","@id":"https:\/\/www.pressenza.com\/es\/2023\/01\/pronunciamiento-la-vida-es-primero\/#article","isPartOf":{"@id":"https:\/\/www.pressenza.com\/es\/2023\/01\/pronunciamiento-la-vida-es-primero\/"},"author":{"name":"Redacci\u00f3n Per\u00fa","@id":"https:\/\/www.pressenza.com\/es\/#\/schema\/person\/e86c29a41185b85084a478822f5de81b"},"headline":"PRONUNCIAMIENTO: LA VIDA ES PRIMERO","datePublished":"2023-01-24T04:11:07+00:00","mainEntityOfPage":{"@id":"https:\/\/www.pressenza.com\/es\/2023\/01\/pronunciamiento-la-vida-es-primero\/"},"wordCount":1319,"publisher":{"@id":"https:\/\/www.pressenza.com\/es\/#organization"},"image":{"@id":"https:\/\/www.pressenza.com\/es\/2023\/01\/pronunciamiento-la-vida-es-primero\/#primaryimage"},"thumbnailUrl":"https:\/\/www.pressenza.com\/wp-content\/uploads\/2023\/01\/ni-un-muerto.jpg","keywords":["crisis Per\u00fa","Dina Boluarte","Universidad Nacional Agraria La Molina","Universidad Nacional de Ingenier\u00eda","Universidad Nacional Mayor de San Marcos"],"articleSection":["Contenido Original","Derechos Humanos","Opiniones","Pol\u00edtica","Sudam\u00e9rica"],"inLanguage":"es"},{"@type":"WebPage","@id":"https:\/\/www.pressenza.com\/es\/2023\/01\/pronunciamiento-la-vida-es-primero\/","url":"https:\/\/www.pressenza.com\/es\/2023\/01\/pronunciamiento-la-vida-es-primero\/","name":"PRONUNCIAMIENTO: LA VIDA ES PRIMERO","isPartOf":{"@id":"https:\/\/www.pressenza.com\/es\/#website"},"primaryImageOfPage":{"@id":"https:\/\/www.pressenza.com\/es\/2023\/01\/pronunciamiento-la-vida-es-primero\/#primaryimage"},"image":{"@id":"https:\/\/www.pressenza.com\/es\/2023\/01\/pronunciamiento-la-vida-es-primero\/#primaryimage"},"thumbnailUrl":"https:\/\/www.pressenza.com\/wp-content\/uploads\/2023\/01\/ni-un-muerto.jpg","datePublished":"2023-01-24T04:11:07+00:00","description":"Los profesores y profesoras firmantes de la Universidad Nacional Agraria La Molina expresamos lo siguiente frente a los hechos ocurridos en las \u00faltimas","breadcrumb":{"@id":"https:\/\/www.pressenza.com\/es\/2023\/01\/pronunciamiento-la-vida-es-primero\/#breadcrumb"},"inLanguage":"es","potentialAction":[{"@type":"ReadAction","target":["https:\/\/www.pressenza.com\/es\/2023\/01\/pronunciamiento-la-vida-es-primero\/"]}]},{"@type":"ImageObject","inLanguage":"es","@id":"https:\/\/www.pressenza.com\/es\/2023\/01\/pronunciamiento-la-vida-es-primero\/#primaryimage","url":"https:\/\/www.pressenza.com\/wp-content\/uploads\/2023\/01\/ni-un-muerto.jpg","contentUrl":"https:\/\/www.pressenza.com\/wp-content\/uploads\/2023\/01\/ni-un-muerto.jpg","width":650,"height":488},{"@type":"BreadcrumbList","@id":"https:\/\/www.pressenza.com\/es\/2023\/01\/pronunciamiento-la-vida-es-primero\/#breadcrumb","itemListElement":[{"@type":"ListItem","position":1,"name":"Accueil","item":"https:\/\/www.pressenza.com\/es\/"},{"@type":"ListItem","position":2,"name":"PRONUNCIAMIENTO: LA VIDA ES PRIMERO"}]},{"@type":"WebSite","@id":"https:\/\/www.pressenza.com\/es\/#website","url":"https:\/\/www.pressenza.com\/es\/","name":"Pressenza","description":"International Press Agency","publisher":{"@id":"https:\/\/www.pressenza.com\/es\/#organization"},"potentialAction":[{"@type":"SearchAction","target":{"@type":"EntryPoint","urlTemplate":"https:\/\/www.pressenza.com\/es\/?s={search_term_string}"},"query-input":{"@type":"PropertyValueSpecification","valueRequired":true,"valueName":"search_term_string"}}],"inLanguage":"es"},{"@type":"Organization","@id":"https:\/\/www.pressenza.com\/es\/#organization","name":"Pressenza","url":"https:\/\/www.pressenza.com\/es\/","logo":{"@type":"ImageObject","inLanguage":"es","@id":"https:\/\/www.pressenza.com\/es\/#\/schema\/logo\/image\/","url":"https:\/\/www.pressenza.com\/wp-content\/uploads\/2022\/10\/pressenza_logo_200x200.jpg","contentUrl":"https:\/\/www.pressenza.com\/wp-content\/uploads\/2022\/10\/pressenza_logo_200x200.jpg","width":200,"height":200,"caption":"Pressenza"},"image":{"@id":"https:\/\/www.pressenza.com\/es\/#\/schema\/logo\/image\/"},"sameAs":["https:\/\/www.facebook.com\/PressenzaItalia","https:\/\/x.com\/PressenzaIPA"]},{"@type":"Person","@id":"https:\/\/www.pressenza.com\/es\/#\/schema\/person\/e86c29a41185b85084a478822f5de81b","name":"Redacci\u00f3n Per\u00fa","description":"News published by the Pressenza bureau in Peru","url":"https:\/\/www.pressenza.com\/es\/author\/redaccion-peru\/"}]}},"place":"","original_article_url":"","_links":{"self":[{"href":"https:\/\/www.pressenza.com\/es\/wp-json\/wp\/v2\/posts\/1711760","targetHints":{"allow":["GET"]}}],"collection":[{"href":"https:\/\/www.pressenza.com\/es\/wp-json\/wp\/v2\/posts"}],"about":[{"href":"https:\/\/www.pressenza.com\/es\/wp-json\/wp\/v2\/types\/post"}],"author":[{"embeddable":true,"href":"https:\/\/www.pressenza.com\/es\/wp-json\/wp\/v2\/users\/831"}],"replies":[{"embeddable":true,"href":"https:\/\/www.pressenza.com\/es\/wp-json\/wp\/v2\/comments?post=1711760"}],"version-history":[{"count":0,"href":"https:\/\/www.pressenza.com\/es\/wp-json\/wp\/v2\/posts\/1711760\/revisions"}],"wp:featuredmedia":[{"embeddable":true,"href":"https:\/\/www.pressenza.com\/es\/wp-json\/wp\/v2\/media\/1711761"}],"wp:attachment":[{"href":"https:\/\/www.pressenza.com\/es\/wp-json\/wp\/v2\/media?parent=1711760"}],"wp:term":[{"taxonomy":"category","embeddable":true,"href":"https:\/\/www.pressenza.com\/es\/wp-json\/wp\/v2\/categories?post=1711760"},{"taxonomy":"post_tag","embeddable":true,"href":"https:\/\/www.pressenza.com\/es\/wp-json\/wp\/v2\/tags?post=1711760"}],"curies":[{"name":"wp","href":"https:\/\/api.w.org\/{rel}","templated":true}]}}