{"id":1710482,"date":"2023-01-19T15:28:11","date_gmt":"2023-01-19T15:28:11","guid":{"rendered":"https:\/\/www.pressenza.com\/?p=1710482"},"modified":"2023-01-19T17:33:04","modified_gmt":"2023-01-19T17:33:04","slug":"btselem-revela-las-mentiras-de-los-generales-israelies-sobre-el-asesinato-de-palestinos","status":"publish","type":"post","link":"https:\/\/www.pressenza.com\/es\/2023\/01\/btselem-revela-las-mentiras-de-los-generales-israelies-sobre-el-asesinato-de-palestinos\/","title":{"rendered":"B&#8217;tselem revela las mentiras de los generales israel\u00edes sobre el asesinato de palestinos"},"content":{"rendered":"<p>B&#8217;tselem public\u00f3 un <a href=\"https:\/\/twitter.com\/i\/status\/1615224799235653635\" target=\"_blank\" rel=\"noopener noreferrer\">video<\/a> sobre el caso de Raed Na&#8217;saan, de 21 a\u00f1os, quien fuera muerto por soldados israel\u00edes cuando hu\u00eda del lugar donde se desarrollaban desiguales enfrentamientos, entre piedras contra balas.<\/p>\n<p>Los hechos se remontan al 29 de noviembre de 2022, durante la incursi\u00f3n del ej\u00e9rcito en el pueblo de Moughir, al este de Ramala.<\/p>\n<p>El ej\u00e9rcito, como de costumbre, justific\u00f3 la matanza alegando que el muchacho hab\u00eda arrojado un c\u00f3ctel molotov contra los soldados. Mintieron sabiendo que ment\u00edan.<\/p>\n<p>La investigaci\u00f3n de la organizaci\u00f3n israel\u00ed B&#8217;tselem recogi\u00f3 v\u00eddeos y testimonios que refutan la versi\u00f3n falsa de los soldados.<\/p>\n<p>&nbsp;<\/p>\n","protected":false},"excerpt":{"rendered":"<p>B&#8217;tselem public\u00f3 un video sobre el caso de Raed Na&#8217;saan, de 21 a\u00f1os, quien fuera muerto por soldados israel\u00edes cuando hu\u00eda del lugar donde se desarrollaban desiguales enfrentamientos, entre piedras contra balas. Los hechos se remontan al 29 de noviembre&hellip;<\/p>\n","protected":false},"author":2080,"featured_media":1710483,"comment_status":"closed","ping_status":"closed","sticky":false,"template":"","format":"standard","meta":{"footnotes":""},"categories":[79,71,106739],"tags":[814,109300],"class_list":["post-1710482","post","type-post","status-publish","format-standard","has-post-thumbnail","hentry","category-derechos-humanos","category-medio-oriente-es","category-noticia","tag-palestina-es","tag-raed-nasaan"],"yoast_head":"<!-- This site is optimized with the Yoast SEO plugin v27.1.1 - https:\/\/yoast.com\/product\/yoast-seo-wordpress\/ -->\n<title>B&#039;tselem revela las mentiras de los generales israel\u00edes sobre el asesinato de palestinos<\/title>\n<meta name=\"description\" content=\"B&#039;tselem public\u00f3 un video sobre el caso de Raed Na&#039;saan, de 21 a\u00f1os, quien fuera muerto por soldados israel\u00edes cuando hu\u00eda del lugar donde se\" \/>\n<meta name=\"robots\" content=\"index, follow, max-snippet:-1, max-image-preview:large, max-video-preview:-1\" \/>\n<link rel=\"canonical\" href=\"https:\/\/www.pressenza.com\/es\/2023\/01\/btselem-revela-las-mentiras-de-los-generales-israelies-sobre-el-asesinato-de-palestinos\/\" \/>\n<meta property=\"og:locale\" content=\"es_ES\" \/>\n<meta property=\"og:type\" content=\"article\" \/>\n<meta property=\"og:title\" content=\"B&#039;tselem revela las mentiras de los generales israel\u00edes sobre el asesinato de palestinos\" \/>\n<meta property=\"og:description\" content=\"B&#039;tselem public\u00f3 un video sobre el caso de Raed Na&#039;saan, de 21 a\u00f1os, quien fuera muerto por soldados israel\u00edes cuando hu\u00eda del lugar donde se\" \/>\n<meta property=\"og:url\" content=\"https:\/\/www.pressenza.com\/es\/2023\/01\/btselem-revela-las-mentiras-de-los-generales-israelies-sobre-el-asesinato-de-palestinos\/\" \/>\n<meta property=\"og:site_name\" content=\"Pressenza\" \/>\n<meta property=\"article:publisher\" content=\"https:\/\/www.facebook.com\/PressenzaItalia\" \/>\n<meta property=\"article:published_time\" content=\"2023-01-19T15:28:11+00:00\" \/>\n<meta property=\"article:modified_time\" content=\"2023-01-19T17:33:04+00:00\" \/>\n<meta property=\"og:image\" content=\"https:\/\/www.pressenza.com\/wp-content\/uploads\/2023\/01\/btselem-video-palestina.jpg\" \/>\n\t<meta property=\"og:image:width\" content=\"864\" \/>\n\t<meta property=\"og:image:height\" content=\"599\" \/>\n\t<meta property=\"og:image:type\" content=\"image\/jpeg\" \/>\n<meta name=\"author\" content=\"ANBAMED\" \/>\n<meta name=\"twitter:card\" content=\"summary_large_image\" \/>\n<meta name=\"twitter:creator\" content=\"@PressenzaIPA\" \/>\n<meta name=\"twitter:site\" content=\"@PressenzaIPA\" \/>\n<meta name=\"twitter:label1\" content=\"Escrito por\" \/>\n\t<meta name=\"twitter:data1\" content=\"ANBAMED\" \/>\n\t<meta name=\"twitter:label2\" content=\"Tiempo de lectura\" \/>\n\t<meta name=\"twitter:data2\" content=\"1 minuto\" \/>\n<script type=\"application\/ld+json\" class=\"yoast-schema-graph\">{\"@context\":\"https:\/\/schema.org\",\"@graph\":[{\"@type\":\"Article\",\"@id\":\"https:\/\/www.pressenza.com\/es\/2023\/01\/btselem-revela-las-mentiras-de-los-generales-israelies-sobre-el-asesinato-de-palestinos\/#article\",\"isPartOf\":{\"@id\":\"https:\/\/www.pressenza.com\/es\/2023\/01\/btselem-revela-las-mentiras-de-los-generales-israelies-sobre-el-asesinato-de-palestinos\/\"},\"author\":{\"name\":\"ANBAMED\",\"@id\":\"https:\/\/www.pressenza.com\/es\/#\/schema\/person\/9f05db79ca2872d8e94cb459a93831e4\"},\"headline\":\"B&#8217;tselem revela las mentiras de los generales israel\u00edes sobre el asesinato de palestinos\",\"datePublished\":\"2023-01-19T15:28:11+00:00\",\"dateModified\":\"2023-01-19T17:33:04+00:00\",\"mainEntityOfPage\":{\"@id\":\"https:\/\/www.pressenza.com\/es\/2023\/01\/btselem-revela-las-mentiras-de-los-generales-israelies-sobre-el-asesinato-de-palestinos\/\"},\"wordCount\":128,\"publisher\":{\"@id\":\"https:\/\/www.pressenza.com\/es\/#organization\"},\"image\":{\"@id\":\"https:\/\/www.pressenza.com\/es\/2023\/01\/btselem-revela-las-mentiras-de-los-generales-israelies-sobre-el-asesinato-de-palestinos\/#primaryimage\"},\"thumbnailUrl\":\"https:\/\/www.pressenza.com\/wp-content\/uploads\/2023\/01\/btselem-video-palestina.jpg\",\"keywords\":[\"Palestina\",\"Raed Na'saan\"],\"articleSection\":[\"Derechos Humanos\",\"Medio Oriente\",\"Noticia\"],\"inLanguage\":\"es\"},{\"@type\":\"WebPage\",\"@id\":\"https:\/\/www.pressenza.com\/es\/2023\/01\/btselem-revela-las-mentiras-de-los-generales-israelies-sobre-el-asesinato-de-palestinos\/\",\"url\":\"https:\/\/www.pressenza.com\/es\/2023\/01\/btselem-revela-las-mentiras-de-los-generales-israelies-sobre-el-asesinato-de-palestinos\/\",\"name\":\"B'tselem revela las mentiras de los generales israel\u00edes sobre el asesinato de palestinos\",\"isPartOf\":{\"@id\":\"https:\/\/www.pressenza.com\/es\/#website\"},\"primaryImageOfPage\":{\"@id\":\"https:\/\/www.pressenza.com\/es\/2023\/01\/btselem-revela-las-mentiras-de-los-generales-israelies-sobre-el-asesinato-de-palestinos\/#primaryimage\"},\"image\":{\"@id\":\"https:\/\/www.pressenza.com\/es\/2023\/01\/btselem-revela-las-mentiras-de-los-generales-israelies-sobre-el-asesinato-de-palestinos\/#primaryimage\"},\"thumbnailUrl\":\"https:\/\/www.pressenza.com\/wp-content\/uploads\/2023\/01\/btselem-video-palestina.jpg\",\"datePublished\":\"2023-01-19T15:28:11+00:00\",\"dateModified\":\"2023-01-19T17:33:04+00:00\",\"description\":\"B'tselem public\u00f3 un video sobre el caso de Raed Na'saan, de 21 a\u00f1os, quien fuera muerto por soldados israel\u00edes cuando hu\u00eda del lugar donde se\",\"breadcrumb\":{\"@id\":\"https:\/\/www.pressenza.com\/es\/2023\/01\/btselem-revela-las-mentiras-de-los-generales-israelies-sobre-el-asesinato-de-palestinos\/#breadcrumb\"},\"inLanguage\":\"es\",\"potentialAction\":[{\"@type\":\"ReadAction\",\"target\":[\"https:\/\/www.pressenza.com\/es\/2023\/01\/btselem-revela-las-mentiras-de-los-generales-israelies-sobre-el-asesinato-de-palestinos\/\"]}]},{\"@type\":\"ImageObject\",\"inLanguage\":\"es\",\"@id\":\"https:\/\/www.pressenza.com\/es\/2023\/01\/btselem-revela-las-mentiras-de-los-generales-israelies-sobre-el-asesinato-de-palestinos\/#primaryimage\",\"url\":\"https:\/\/www.pressenza.com\/wp-content\/uploads\/2023\/01\/btselem-video-palestina.jpg\",\"contentUrl\":\"https:\/\/www.pressenza.com\/wp-content\/uploads\/2023\/01\/btselem-video-palestina.jpg\",\"width\":864,\"height\":599},{\"@type\":\"BreadcrumbList\",\"@id\":\"https:\/\/www.pressenza.com\/es\/2023\/01\/btselem-revela-las-mentiras-de-los-generales-israelies-sobre-el-asesinato-de-palestinos\/#breadcrumb\",\"itemListElement\":[{\"@type\":\"ListItem\",\"position\":1,\"name\":\"Accueil\",\"item\":\"https:\/\/www.pressenza.com\/es\/\"},{\"@type\":\"ListItem\",\"position\":2,\"name\":\"B&#8217;tselem revela las mentiras de los generales israel\u00edes sobre el asesinato de palestinos\"}]},{\"@type\":\"WebSite\",\"@id\":\"https:\/\/www.pressenza.com\/es\/#website\",\"url\":\"https:\/\/www.pressenza.com\/es\/\",\"name\":\"Pressenza\",\"description\":\"International Press Agency\",\"publisher\":{\"@id\":\"https:\/\/www.pressenza.com\/es\/#organization\"},\"potentialAction\":[{\"@type\":\"SearchAction\",\"target\":{\"@type\":\"EntryPoint\",\"urlTemplate\":\"https:\/\/www.pressenza.com\/es\/?s={search_term_string}\"},\"query-input\":{\"@type\":\"PropertyValueSpecification\",\"valueRequired\":true,\"valueName\":\"search_term_string\"}}],\"inLanguage\":\"es\"},{\"@type\":\"Organization\",\"@id\":\"https:\/\/www.pressenza.com\/es\/#organization\",\"name\":\"Pressenza\",\"url\":\"https:\/\/www.pressenza.com\/es\/\",\"logo\":{\"@type\":\"ImageObject\",\"inLanguage\":\"es\",\"@id\":\"https:\/\/www.pressenza.com\/es\/#\/schema\/logo\/image\/\",\"url\":\"https:\/\/www.pressenza.com\/wp-content\/uploads\/2022\/10\/pressenza_logo_200x200.jpg\",\"contentUrl\":\"https:\/\/www.pressenza.com\/wp-content\/uploads\/2022\/10\/pressenza_logo_200x200.jpg\",\"width\":200,\"height\":200,\"caption\":\"Pressenza\"},\"image\":{\"@id\":\"https:\/\/www.pressenza.com\/es\/#\/schema\/logo\/image\/\"},\"sameAs\":[\"https:\/\/www.facebook.com\/PressenzaItalia\",\"https:\/\/x.com\/PressenzaIPA\"]},{\"@type\":\"Person\",\"@id\":\"https:\/\/www.pressenza.com\/es\/#\/schema\/person\/9f05db79ca2872d8e94cb459a93831e4\",\"name\":\"ANBAMED\",\"description\":\"Notizie dal Sud Est del Mediterraneo\",\"sameAs\":[\"https:\/\/www.anbamed.it\/\"],\"url\":\"https:\/\/www.pressenza.com\/es\/author\/anbamed\/\"}]}<\/script>\n<!-- \/ Yoast SEO plugin. -->","yoast_head_json":{"title":"B'tselem revela las mentiras de los generales israel\u00edes sobre el asesinato de palestinos","description":"B'tselem public\u00f3 un video sobre el caso de Raed Na'saan, de 21 a\u00f1os, quien fuera muerto por soldados israel\u00edes cuando hu\u00eda del lugar donde se","robots":{"index":"index","follow":"follow","max-snippet":"max-snippet:-1","max-image-preview":"max-image-preview:large","max-video-preview":"max-video-preview:-1"},"canonical":"https:\/\/www.pressenza.com\/es\/2023\/01\/btselem-revela-las-mentiras-de-los-generales-israelies-sobre-el-asesinato-de-palestinos\/","og_locale":"es_ES","og_type":"article","og_title":"B'tselem revela las mentiras de los generales israel\u00edes sobre el asesinato de palestinos","og_description":"B'tselem public\u00f3 un video sobre el caso de Raed Na'saan, de 21 a\u00f1os, quien fuera muerto por soldados israel\u00edes cuando hu\u00eda del lugar donde se","og_url":"https:\/\/www.pressenza.com\/es\/2023\/01\/btselem-revela-las-mentiras-de-los-generales-israelies-sobre-el-asesinato-de-palestinos\/","og_site_name":"Pressenza","article_publisher":"https:\/\/www.facebook.com\/PressenzaItalia","article_published_time":"2023-01-19T15:28:11+00:00","article_modified_time":"2023-01-19T17:33:04+00:00","og_image":[{"width":864,"height":599,"url":"https:\/\/www.pressenza.com\/wp-content\/uploads\/2023\/01\/btselem-video-palestina.jpg","type":"image\/jpeg"}],"author":"ANBAMED","twitter_card":"summary_large_image","twitter_creator":"@PressenzaIPA","twitter_site":"@PressenzaIPA","twitter_misc":{"Escrito por":"ANBAMED","Tiempo de lectura":"1 minuto"},"schema":{"@context":"https:\/\/schema.org","@graph":[{"@type":"Article","@id":"https:\/\/www.pressenza.com\/es\/2023\/01\/btselem-revela-las-mentiras-de-los-generales-israelies-sobre-el-asesinato-de-palestinos\/#article","isPartOf":{"@id":"https:\/\/www.pressenza.com\/es\/2023\/01\/btselem-revela-las-mentiras-de-los-generales-israelies-sobre-el-asesinato-de-palestinos\/"},"author":{"name":"ANBAMED","@id":"https:\/\/www.pressenza.com\/es\/#\/schema\/person\/9f05db79ca2872d8e94cb459a93831e4"},"headline":"B&#8217;tselem revela las mentiras de los generales israel\u00edes sobre el asesinato de palestinos","datePublished":"2023-01-19T15:28:11+00:00","dateModified":"2023-01-19T17:33:04+00:00","mainEntityOfPage":{"@id":"https:\/\/www.pressenza.com\/es\/2023\/01\/btselem-revela-las-mentiras-de-los-generales-israelies-sobre-el-asesinato-de-palestinos\/"},"wordCount":128,"publisher":{"@id":"https:\/\/www.pressenza.com\/es\/#organization"},"image":{"@id":"https:\/\/www.pressenza.com\/es\/2023\/01\/btselem-revela-las-mentiras-de-los-generales-israelies-sobre-el-asesinato-de-palestinos\/#primaryimage"},"thumbnailUrl":"https:\/\/www.pressenza.com\/wp-content\/uploads\/2023\/01\/btselem-video-palestina.jpg","keywords":["Palestina","Raed Na'saan"],"articleSection":["Derechos Humanos","Medio Oriente","Noticia"],"inLanguage":"es"},{"@type":"WebPage","@id":"https:\/\/www.pressenza.com\/es\/2023\/01\/btselem-revela-las-mentiras-de-los-generales-israelies-sobre-el-asesinato-de-palestinos\/","url":"https:\/\/www.pressenza.com\/es\/2023\/01\/btselem-revela-las-mentiras-de-los-generales-israelies-sobre-el-asesinato-de-palestinos\/","name":"B'tselem revela las mentiras de los generales israel\u00edes sobre el asesinato de palestinos","isPartOf":{"@id":"https:\/\/www.pressenza.com\/es\/#website"},"primaryImageOfPage":{"@id":"https:\/\/www.pressenza.com\/es\/2023\/01\/btselem-revela-las-mentiras-de-los-generales-israelies-sobre-el-asesinato-de-palestinos\/#primaryimage"},"image":{"@id":"https:\/\/www.pressenza.com\/es\/2023\/01\/btselem-revela-las-mentiras-de-los-generales-israelies-sobre-el-asesinato-de-palestinos\/#primaryimage"},"thumbnailUrl":"https:\/\/www.pressenza.com\/wp-content\/uploads\/2023\/01\/btselem-video-palestina.jpg","datePublished":"2023-01-19T15:28:11+00:00","dateModified":"2023-01-19T17:33:04+00:00","description":"B'tselem public\u00f3 un video sobre el caso de Raed Na'saan, de 21 a\u00f1os, quien fuera muerto por soldados israel\u00edes cuando hu\u00eda del lugar donde se","breadcrumb":{"@id":"https:\/\/www.pressenza.com\/es\/2023\/01\/btselem-revela-las-mentiras-de-los-generales-israelies-sobre-el-asesinato-de-palestinos\/#breadcrumb"},"inLanguage":"es","potentialAction":[{"@type":"ReadAction","target":["https:\/\/www.pressenza.com\/es\/2023\/01\/btselem-revela-las-mentiras-de-los-generales-israelies-sobre-el-asesinato-de-palestinos\/"]}]},{"@type":"ImageObject","inLanguage":"es","@id":"https:\/\/www.pressenza.com\/es\/2023\/01\/btselem-revela-las-mentiras-de-los-generales-israelies-sobre-el-asesinato-de-palestinos\/#primaryimage","url":"https:\/\/www.pressenza.com\/wp-content\/uploads\/2023\/01\/btselem-video-palestina.jpg","contentUrl":"https:\/\/www.pressenza.com\/wp-content\/uploads\/2023\/01\/btselem-video-palestina.jpg","width":864,"height":599},{"@type":"BreadcrumbList","@id":"https:\/\/www.pressenza.com\/es\/2023\/01\/btselem-revela-las-mentiras-de-los-generales-israelies-sobre-el-asesinato-de-palestinos\/#breadcrumb","itemListElement":[{"@type":"ListItem","position":1,"name":"Accueil","item":"https:\/\/www.pressenza.com\/es\/"},{"@type":"ListItem","position":2,"name":"B&#8217;tselem revela las mentiras de los generales israel\u00edes sobre el asesinato de palestinos"}]},{"@type":"WebSite","@id":"https:\/\/www.pressenza.com\/es\/#website","url":"https:\/\/www.pressenza.com\/es\/","name":"Pressenza","description":"International Press Agency","publisher":{"@id":"https:\/\/www.pressenza.com\/es\/#organization"},"potentialAction":[{"@type":"SearchAction","target":{"@type":"EntryPoint","urlTemplate":"https:\/\/www.pressenza.com\/es\/?s={search_term_string}"},"query-input":{"@type":"PropertyValueSpecification","valueRequired":true,"valueName":"search_term_string"}}],"inLanguage":"es"},{"@type":"Organization","@id":"https:\/\/www.pressenza.com\/es\/#organization","name":"Pressenza","url":"https:\/\/www.pressenza.com\/es\/","logo":{"@type":"ImageObject","inLanguage":"es","@id":"https:\/\/www.pressenza.com\/es\/#\/schema\/logo\/image\/","url":"https:\/\/www.pressenza.com\/wp-content\/uploads\/2022\/10\/pressenza_logo_200x200.jpg","contentUrl":"https:\/\/www.pressenza.com\/wp-content\/uploads\/2022\/10\/pressenza_logo_200x200.jpg","width":200,"height":200,"caption":"Pressenza"},"image":{"@id":"https:\/\/www.pressenza.com\/es\/#\/schema\/logo\/image\/"},"sameAs":["https:\/\/www.facebook.com\/PressenzaItalia","https:\/\/x.com\/PressenzaIPA"]},{"@type":"Person","@id":"https:\/\/www.pressenza.com\/es\/#\/schema\/person\/9f05db79ca2872d8e94cb459a93831e4","name":"ANBAMED","description":"Notizie dal Sud Est del Mediterraneo","sameAs":["https:\/\/www.anbamed.it\/"],"url":"https:\/\/www.pressenza.com\/es\/author\/anbamed\/"}]}},"place":"Palestina","original_article_url":"","_links":{"self":[{"href":"https:\/\/www.pressenza.com\/es\/wp-json\/wp\/v2\/posts\/1710482","targetHints":{"allow":["GET"]}}],"collection":[{"href":"https:\/\/www.pressenza.com\/es\/wp-json\/wp\/v2\/posts"}],"about":[{"href":"https:\/\/www.pressenza.com\/es\/wp-json\/wp\/v2\/types\/post"}],"author":[{"embeddable":true,"href":"https:\/\/www.pressenza.com\/es\/wp-json\/wp\/v2\/users\/2080"}],"replies":[{"embeddable":true,"href":"https:\/\/www.pressenza.com\/es\/wp-json\/wp\/v2\/comments?post=1710482"}],"version-history":[{"count":0,"href":"https:\/\/www.pressenza.com\/es\/wp-json\/wp\/v2\/posts\/1710482\/revisions"}],"wp:featuredmedia":[{"embeddable":true,"href":"https:\/\/www.pressenza.com\/es\/wp-json\/wp\/v2\/media\/1710483"}],"wp:attachment":[{"href":"https:\/\/www.pressenza.com\/es\/wp-json\/wp\/v2\/media?parent=1710482"}],"wp:term":[{"taxonomy":"category","embeddable":true,"href":"https:\/\/www.pressenza.com\/es\/wp-json\/wp\/v2\/categories?post=1710482"},{"taxonomy":"post_tag","embeddable":true,"href":"https:\/\/www.pressenza.com\/es\/wp-json\/wp\/v2\/tags?post=1710482"}],"curies":[{"name":"wp","href":"https:\/\/api.w.org\/{rel}","templated":true}]}}