{"id":1710,"date":"2009-10-14T00:00:00","date_gmt":"2009-10-14T00:00:00","guid":{"rendered":""},"modified":"2009-10-15T09:04:33","modified_gmt":"2009-10-15T09:04:33","slug":"armenia-y-turquia-firman-acuerdo-historico-de-paz-tras-cien-anos-de-hostilidades","status":"publish","type":"post","link":"https:\/\/www.pressenza.com\/es\/2009\/10\/armenia-y-turquia-firman-acuerdo-historico-de-paz-tras-cien-anos-de-hostilidades\/","title":{"rendered":"Armenia y Turqu\u00eda firman acuerdo hist\u00f3rico de paz tras cien a\u00f1os de hostilidades"},"content":{"rendered":"<p>El ministro turco de Relaciones Exteriores, Ahmet Davutoglu, ha firmado este s\u00e1bado 10 de octubre en Zurich, el acuerdo diplom\u00e1tico en el que ha mediado el Gobierno suizo, en un encuentro en el que tambi\u00e9n particip\u00f3 la secretaria de Estado norteamericana, Hillary Clinton.<\/p>\n<p>\u00abLos historiadores deben evaluar el pasado, y los pueblos turcos y armenios han de aprender a convivir fraternalmente. Todos los pa\u00edses tienen sus problemas, los que pueden resolverse con di\u00e1logo, buena fe y negociaciones\u00bb, afirm\u00f3 el ministro.<\/p>\n<p>Los parlamentarios turcos y armenios tienen ahora la misi\u00f3n de aprobar el acuerdo en medio de la oposici\u00f3n de nacionalistas de ambos lados.<\/p>\n<p>Aunque el acuerdo de paz todav\u00eda no ha sido puesto en pr\u00e1ctica, cabe resaltar la iniciativa de ambas partes para acabar con uno de los numerosos conflictos diplom\u00e1ticos que contin\u00faan en el mundo y que acaban minando moralmente a sus respectivas naciones.<\/p>\n<p>*(Traducci\u00f3n: Pilar Royo)*<\/p>\n","protected":false},"excerpt":{"rendered":"<p>El tratado de paz firmado el s\u00e1bado 10 de octubre pretende normalizar las relaciones entre los dos pa\u00edses, que desde hace d\u00e9cadas ven\u00edan siendo conflictivas debido a la masacre de un mill\u00f3n de armenios llevada a cabo por las fuerzas turcas del Imperio Otomano durante la primera Guerra Mundial. El acuerdo fue firmado en Zurich, Suiza<\/p>\n","protected":false},"author":19,"featured_media":0,"comment_status":"closed","ping_status":"open","sticky":false,"template":"","format":"standard","meta":{"footnotes":""},"categories":[66,39,74],"tags":[],"class_list":["post-1710","post","type-post","status-publish","format-standard","hentry","category-europa-es","category-internacional","category-politica-es"],"yoast_head":"<!-- This site is optimized with the Yoast SEO plugin v27.1.1 - https:\/\/yoast.com\/product\/yoast-seo-wordpress\/ -->\n<title>Armenia y Turqu\u00eda firman acuerdo hist\u00f3rico de paz tras cien a\u00f1os de hostilidades<\/title>\n<meta name=\"description\" content=\"El tratado de paz firmado el s\u00e1bado 10 de octubre pretende normalizar las relaciones entre los dos pa\u00edses, que desde hace d\u00e9cadas ven\u00edan siendo conflictivas debido a la masacre de un mill\u00f3n de armenios llevada a cabo por las fuerzas turcas del Imperio Otomano durante la primera Guerra Mundial. El acuerdo fue firmado en Zurich, Suiza\" \/>\n<meta name=\"robots\" content=\"index, follow, max-snippet:-1, max-image-preview:large, max-video-preview:-1\" \/>\n<link rel=\"canonical\" href=\"https:\/\/www.pressenza.com\/es\/2009\/10\/armenia-y-turquia-firman-acuerdo-historico-de-paz-tras-cien-anos-de-hostilidades\/\" \/>\n<meta property=\"og:locale\" content=\"es_ES\" \/>\n<meta property=\"og:type\" content=\"article\" \/>\n<meta property=\"og:title\" content=\"Armenia y Turqu\u00eda firman acuerdo hist\u00f3rico de paz tras cien a\u00f1os de hostilidades\" \/>\n<meta property=\"og:description\" content=\"El tratado de paz firmado el s\u00e1bado 10 de octubre pretende normalizar las relaciones entre los dos pa\u00edses, que desde hace d\u00e9cadas ven\u00edan siendo conflictivas debido a la masacre de un mill\u00f3n de armenios llevada a cabo por las fuerzas turcas del Imperio Otomano durante la primera Guerra Mundial. El acuerdo fue firmado en Zurich, Suiza\" \/>\n<meta property=\"og:url\" content=\"https:\/\/www.pressenza.com\/es\/2009\/10\/armenia-y-turquia-firman-acuerdo-historico-de-paz-tras-cien-anos-de-hostilidades\/\" \/>\n<meta property=\"og:site_name\" content=\"Pressenza\" \/>\n<meta property=\"article:publisher\" content=\"https:\/\/www.facebook.com\/PressenzaItalia\" \/>\n<meta property=\"article:author\" content=\"https:\/\/www.facebook.com\/pressenza\" \/>\n<meta property=\"article:published_time\" content=\"2009-10-14T00:00:00+00:00\" \/>\n<meta property=\"article:modified_time\" content=\"2009-10-15T09:04:33+00:00\" \/>\n<meta name=\"author\" content=\"Pressenza IPA\" \/>\n<meta name=\"twitter:card\" content=\"summary_large_image\" \/>\n<meta name=\"twitter:creator\" content=\"@PressenzaIPA\" \/>\n<meta name=\"twitter:site\" content=\"@PressenzaIPA\" \/>\n<meta name=\"twitter:label1\" content=\"Escrito por\" \/>\n\t<meta name=\"twitter:data1\" content=\"Pressenza IPA\" \/>\n\t<meta name=\"twitter:label2\" content=\"Tiempo de lectura\" \/>\n\t<meta name=\"twitter:data2\" content=\"1 minuto\" \/>\n<script type=\"application\/ld+json\" class=\"yoast-schema-graph\">{\"@context\":\"https:\/\/schema.org\",\"@graph\":[{\"@type\":\"Article\",\"@id\":\"https:\/\/www.pressenza.com\/es\/2009\/10\/armenia-y-turquia-firman-acuerdo-historico-de-paz-tras-cien-anos-de-hostilidades\/#article\",\"isPartOf\":{\"@id\":\"https:\/\/www.pressenza.com\/es\/2009\/10\/armenia-y-turquia-firman-acuerdo-historico-de-paz-tras-cien-anos-de-hostilidades\/\"},\"author\":{\"name\":\"Pressenza IPA\",\"@id\":\"https:\/\/www.pressenza.com\/es\/#\/schema\/person\/010e5d02bcf40965427a1289a4cc8d75\"},\"headline\":\"Armenia y Turqu\u00eda firman acuerdo hist\u00f3rico de paz tras cien a\u00f1os de hostilidades\",\"datePublished\":\"2009-10-14T00:00:00+00:00\",\"dateModified\":\"2009-10-15T09:04:33+00:00\",\"mainEntityOfPage\":{\"@id\":\"https:\/\/www.pressenza.com\/es\/2009\/10\/armenia-y-turquia-firman-acuerdo-historico-de-paz-tras-cien-anos-de-hostilidades\/\"},\"wordCount\":175,\"publisher\":{\"@id\":\"https:\/\/www.pressenza.com\/es\/#organization\"},\"articleSection\":[\"Europa\",\"Internacional\",\"Pol\u00edtica\"],\"inLanguage\":\"es\"},{\"@type\":\"WebPage\",\"@id\":\"https:\/\/www.pressenza.com\/es\/2009\/10\/armenia-y-turquia-firman-acuerdo-historico-de-paz-tras-cien-anos-de-hostilidades\/\",\"url\":\"https:\/\/www.pressenza.com\/es\/2009\/10\/armenia-y-turquia-firman-acuerdo-historico-de-paz-tras-cien-anos-de-hostilidades\/\",\"name\":\"Armenia y Turqu\u00eda firman acuerdo hist\u00f3rico de paz tras cien a\u00f1os de hostilidades\",\"isPartOf\":{\"@id\":\"https:\/\/www.pressenza.com\/es\/#website\"},\"datePublished\":\"2009-10-14T00:00:00+00:00\",\"dateModified\":\"2009-10-15T09:04:33+00:00\",\"description\":\"El tratado de paz firmado el s\u00e1bado 10 de octubre pretende normalizar las relaciones entre los dos pa\u00edses, que desde hace d\u00e9cadas ven\u00edan siendo conflictivas debido a la masacre de un mill\u00f3n de armenios llevada a cabo por las fuerzas turcas del Imperio Otomano durante la primera Guerra Mundial. El acuerdo fue firmado en Zurich, Suiza\",\"breadcrumb\":{\"@id\":\"https:\/\/www.pressenza.com\/es\/2009\/10\/armenia-y-turquia-firman-acuerdo-historico-de-paz-tras-cien-anos-de-hostilidades\/#breadcrumb\"},\"inLanguage\":\"es\",\"potentialAction\":[{\"@type\":\"ReadAction\",\"target\":[\"https:\/\/www.pressenza.com\/es\/2009\/10\/armenia-y-turquia-firman-acuerdo-historico-de-paz-tras-cien-anos-de-hostilidades\/\"]}]},{\"@type\":\"BreadcrumbList\",\"@id\":\"https:\/\/www.pressenza.com\/es\/2009\/10\/armenia-y-turquia-firman-acuerdo-historico-de-paz-tras-cien-anos-de-hostilidades\/#breadcrumb\",\"itemListElement\":[{\"@type\":\"ListItem\",\"position\":1,\"name\":\"Accueil\",\"item\":\"https:\/\/www.pressenza.com\/es\/\"},{\"@type\":\"ListItem\",\"position\":2,\"name\":\"Armenia y Turqu\u00eda firman acuerdo hist\u00f3rico de paz tras cien a\u00f1os de hostilidades\"}]},{\"@type\":\"WebSite\",\"@id\":\"https:\/\/www.pressenza.com\/es\/#website\",\"url\":\"https:\/\/www.pressenza.com\/es\/\",\"name\":\"Pressenza\",\"description\":\"International Press Agency\",\"publisher\":{\"@id\":\"https:\/\/www.pressenza.com\/es\/#organization\"},\"potentialAction\":[{\"@type\":\"SearchAction\",\"target\":{\"@type\":\"EntryPoint\",\"urlTemplate\":\"https:\/\/www.pressenza.com\/es\/?s={search_term_string}\"},\"query-input\":{\"@type\":\"PropertyValueSpecification\",\"valueRequired\":true,\"valueName\":\"search_term_string\"}}],\"inLanguage\":\"es\"},{\"@type\":\"Organization\",\"@id\":\"https:\/\/www.pressenza.com\/es\/#organization\",\"name\":\"Pressenza\",\"url\":\"https:\/\/www.pressenza.com\/es\/\",\"logo\":{\"@type\":\"ImageObject\",\"inLanguage\":\"es\",\"@id\":\"https:\/\/www.pressenza.com\/es\/#\/schema\/logo\/image\/\",\"url\":\"https:\/\/www.pressenza.com\/wp-content\/uploads\/2022\/10\/pressenza_logo_200x200.jpg\",\"contentUrl\":\"https:\/\/www.pressenza.com\/wp-content\/uploads\/2022\/10\/pressenza_logo_200x200.jpg\",\"width\":200,\"height\":200,\"caption\":\"Pressenza\"},\"image\":{\"@id\":\"https:\/\/www.pressenza.com\/es\/#\/schema\/logo\/image\/\"},\"sameAs\":[\"https:\/\/www.facebook.com\/PressenzaItalia\",\"https:\/\/x.com\/PressenzaIPA\"]},{\"@type\":\"Person\",\"@id\":\"https:\/\/www.pressenza.com\/es\/#\/schema\/person\/010e5d02bcf40965427a1289a4cc8d75\",\"name\":\"Pressenza IPA\",\"description\":\"News from Pressenza IPA correspondents\",\"sameAs\":[\"https:\/\/www.facebook.com\/pressenza\",\"https:\/\/x.com\/PressenzaIPA\"],\"url\":\"https:\/\/www.pressenza.com\/es\/author\/pressenza-ipa\/\"}]}<\/script>\n<!-- \/ Yoast SEO plugin. -->","yoast_head_json":{"title":"Armenia y Turqu\u00eda firman acuerdo hist\u00f3rico de paz tras cien a\u00f1os de hostilidades","description":"El tratado de paz firmado el s\u00e1bado 10 de octubre pretende normalizar las relaciones entre los dos pa\u00edses, que desde hace d\u00e9cadas ven\u00edan siendo conflictivas debido a la masacre de un mill\u00f3n de armenios llevada a cabo por las fuerzas turcas del Imperio Otomano durante la primera Guerra Mundial. El acuerdo fue firmado en Zurich, Suiza","robots":{"index":"index","follow":"follow","max-snippet":"max-snippet:-1","max-image-preview":"max-image-preview:large","max-video-preview":"max-video-preview:-1"},"canonical":"https:\/\/www.pressenza.com\/es\/2009\/10\/armenia-y-turquia-firman-acuerdo-historico-de-paz-tras-cien-anos-de-hostilidades\/","og_locale":"es_ES","og_type":"article","og_title":"Armenia y Turqu\u00eda firman acuerdo hist\u00f3rico de paz tras cien a\u00f1os de hostilidades","og_description":"El tratado de paz firmado el s\u00e1bado 10 de octubre pretende normalizar las relaciones entre los dos pa\u00edses, que desde hace d\u00e9cadas ven\u00edan siendo conflictivas debido a la masacre de un mill\u00f3n de armenios llevada a cabo por las fuerzas turcas del Imperio Otomano durante la primera Guerra Mundial. El acuerdo fue firmado en Zurich, Suiza","og_url":"https:\/\/www.pressenza.com\/es\/2009\/10\/armenia-y-turquia-firman-acuerdo-historico-de-paz-tras-cien-anos-de-hostilidades\/","og_site_name":"Pressenza","article_publisher":"https:\/\/www.facebook.com\/PressenzaItalia","article_author":"https:\/\/www.facebook.com\/pressenza","article_published_time":"2009-10-14T00:00:00+00:00","article_modified_time":"2009-10-15T09:04:33+00:00","author":"Pressenza IPA","twitter_card":"summary_large_image","twitter_creator":"@PressenzaIPA","twitter_site":"@PressenzaIPA","twitter_misc":{"Escrito por":"Pressenza IPA","Tiempo de lectura":"1 minuto"},"schema":{"@context":"https:\/\/schema.org","@graph":[{"@type":"Article","@id":"https:\/\/www.pressenza.com\/es\/2009\/10\/armenia-y-turquia-firman-acuerdo-historico-de-paz-tras-cien-anos-de-hostilidades\/#article","isPartOf":{"@id":"https:\/\/www.pressenza.com\/es\/2009\/10\/armenia-y-turquia-firman-acuerdo-historico-de-paz-tras-cien-anos-de-hostilidades\/"},"author":{"name":"Pressenza IPA","@id":"https:\/\/www.pressenza.com\/es\/#\/schema\/person\/010e5d02bcf40965427a1289a4cc8d75"},"headline":"Armenia y Turqu\u00eda firman acuerdo hist\u00f3rico de paz tras cien a\u00f1os de hostilidades","datePublished":"2009-10-14T00:00:00+00:00","dateModified":"2009-10-15T09:04:33+00:00","mainEntityOfPage":{"@id":"https:\/\/www.pressenza.com\/es\/2009\/10\/armenia-y-turquia-firman-acuerdo-historico-de-paz-tras-cien-anos-de-hostilidades\/"},"wordCount":175,"publisher":{"@id":"https:\/\/www.pressenza.com\/es\/#organization"},"articleSection":["Europa","Internacional","Pol\u00edtica"],"inLanguage":"es"},{"@type":"WebPage","@id":"https:\/\/www.pressenza.com\/es\/2009\/10\/armenia-y-turquia-firman-acuerdo-historico-de-paz-tras-cien-anos-de-hostilidades\/","url":"https:\/\/www.pressenza.com\/es\/2009\/10\/armenia-y-turquia-firman-acuerdo-historico-de-paz-tras-cien-anos-de-hostilidades\/","name":"Armenia y Turqu\u00eda firman acuerdo hist\u00f3rico de paz tras cien a\u00f1os de hostilidades","isPartOf":{"@id":"https:\/\/www.pressenza.com\/es\/#website"},"datePublished":"2009-10-14T00:00:00+00:00","dateModified":"2009-10-15T09:04:33+00:00","description":"El tratado de paz firmado el s\u00e1bado 10 de octubre pretende normalizar las relaciones entre los dos pa\u00edses, que desde hace d\u00e9cadas ven\u00edan siendo conflictivas debido a la masacre de un mill\u00f3n de armenios llevada a cabo por las fuerzas turcas del Imperio Otomano durante la primera Guerra Mundial. El acuerdo fue firmado en Zurich, Suiza","breadcrumb":{"@id":"https:\/\/www.pressenza.com\/es\/2009\/10\/armenia-y-turquia-firman-acuerdo-historico-de-paz-tras-cien-anos-de-hostilidades\/#breadcrumb"},"inLanguage":"es","potentialAction":[{"@type":"ReadAction","target":["https:\/\/www.pressenza.com\/es\/2009\/10\/armenia-y-turquia-firman-acuerdo-historico-de-paz-tras-cien-anos-de-hostilidades\/"]}]},{"@type":"BreadcrumbList","@id":"https:\/\/www.pressenza.com\/es\/2009\/10\/armenia-y-turquia-firman-acuerdo-historico-de-paz-tras-cien-anos-de-hostilidades\/#breadcrumb","itemListElement":[{"@type":"ListItem","position":1,"name":"Accueil","item":"https:\/\/www.pressenza.com\/es\/"},{"@type":"ListItem","position":2,"name":"Armenia y Turqu\u00eda firman acuerdo hist\u00f3rico de paz tras cien a\u00f1os de hostilidades"}]},{"@type":"WebSite","@id":"https:\/\/www.pressenza.com\/es\/#website","url":"https:\/\/www.pressenza.com\/es\/","name":"Pressenza","description":"International Press Agency","publisher":{"@id":"https:\/\/www.pressenza.com\/es\/#organization"},"potentialAction":[{"@type":"SearchAction","target":{"@type":"EntryPoint","urlTemplate":"https:\/\/www.pressenza.com\/es\/?s={search_term_string}"},"query-input":{"@type":"PropertyValueSpecification","valueRequired":true,"valueName":"search_term_string"}}],"inLanguage":"es"},{"@type":"Organization","@id":"https:\/\/www.pressenza.com\/es\/#organization","name":"Pressenza","url":"https:\/\/www.pressenza.com\/es\/","logo":{"@type":"ImageObject","inLanguage":"es","@id":"https:\/\/www.pressenza.com\/es\/#\/schema\/logo\/image\/","url":"https:\/\/www.pressenza.com\/wp-content\/uploads\/2022\/10\/pressenza_logo_200x200.jpg","contentUrl":"https:\/\/www.pressenza.com\/wp-content\/uploads\/2022\/10\/pressenza_logo_200x200.jpg","width":200,"height":200,"caption":"Pressenza"},"image":{"@id":"https:\/\/www.pressenza.com\/es\/#\/schema\/logo\/image\/"},"sameAs":["https:\/\/www.facebook.com\/PressenzaItalia","https:\/\/x.com\/PressenzaIPA"]},{"@type":"Person","@id":"https:\/\/www.pressenza.com\/es\/#\/schema\/person\/010e5d02bcf40965427a1289a4cc8d75","name":"Pressenza IPA","description":"News from Pressenza IPA correspondents","sameAs":["https:\/\/www.facebook.com\/pressenza","https:\/\/x.com\/PressenzaIPA"],"url":"https:\/\/www.pressenza.com\/es\/author\/pressenza-ipa\/"}]}},"place":"Zurique","original_article_url":"","_links":{"self":[{"href":"https:\/\/www.pressenza.com\/es\/wp-json\/wp\/v2\/posts\/1710","targetHints":{"allow":["GET"]}}],"collection":[{"href":"https:\/\/www.pressenza.com\/es\/wp-json\/wp\/v2\/posts"}],"about":[{"href":"https:\/\/www.pressenza.com\/es\/wp-json\/wp\/v2\/types\/post"}],"author":[{"embeddable":true,"href":"https:\/\/www.pressenza.com\/es\/wp-json\/wp\/v2\/users\/19"}],"replies":[{"embeddable":true,"href":"https:\/\/www.pressenza.com\/es\/wp-json\/wp\/v2\/comments?post=1710"}],"version-history":[{"count":0,"href":"https:\/\/www.pressenza.com\/es\/wp-json\/wp\/v2\/posts\/1710\/revisions"}],"wp:attachment":[{"href":"https:\/\/www.pressenza.com\/es\/wp-json\/wp\/v2\/media?parent=1710"}],"wp:term":[{"taxonomy":"category","embeddable":true,"href":"https:\/\/www.pressenza.com\/es\/wp-json\/wp\/v2\/categories?post=1710"},{"taxonomy":"post_tag","embeddable":true,"href":"https:\/\/www.pressenza.com\/es\/wp-json\/wp\/v2\/tags?post=1710"}],"curies":[{"name":"wp","href":"https:\/\/api.w.org\/{rel}","templated":true}]}}