{"id":1709678,"date":"2023-01-15T13:11:43","date_gmt":"2023-01-15T13:11:43","guid":{"rendered":"https:\/\/www.pressenza.com\/?p=1709678"},"modified":"2023-01-15T13:11:43","modified_gmt":"2023-01-15T13:11:43","slug":"hallan-un-gigantesco-asentamiento-maya-de-2-000-anos-oculto-en-la-selva-de-guatemala","status":"publish","type":"post","link":"https:\/\/www.pressenza.com\/es\/2023\/01\/hallan-un-gigantesco-asentamiento-maya-de-2-000-anos-oculto-en-la-selva-de-guatemala\/","title":{"rendered":"Hallan un gigantesco asentamiento maya de 2.000 a\u00f1os oculto en la selva de Guatemala"},"content":{"rendered":"<p style=\"padding-left: 40px;\"><em>La magnitud del descubrimiento desaf\u00eda las capacidades organizativas de las entidades pol\u00edticas del periodo Precl\u00e1sico.<\/em><\/p>\n<p>Un equipo internacional de arque\u00f3logos descubri\u00f3 una civilizaci\u00f3n maya del Precl\u00e1sico (1000 a.C.\u2013150 d.C.), que floreci\u00f3 hace unos\u00a0<strong>2.000 a\u00f1os<\/strong> y ha permanecido oculto entre la selva de la cuenca k\u00e1rstica Mirador-Calakmul del norte de Guatemala.<\/p>\n<p>De acuerdo a los cient\u00edficos, gracias al uso de un esc\u00e1ner l\u00e1ser aerotransportado de tecnolog\u00eda LiDAR, hasta la fecha se han identificado\u00a0<strong>775<\/strong>\u00a0asentamientos dentro de la cuenca, as\u00ed como <strong>417<\/strong>\u00a0sitios que formaban ciudades, pueblos y aldeas antiguas en el sistema geomorfol\u00f3gico circundante, abarcando un \u00e1rea aproximada de\u00a0<strong>1.685<\/strong>\u00a0<strong>kil\u00f3metros<\/strong> cuadrados. La mayor\u00eda de las construcciones han sido datadas de los per\u00edodos Precl\u00e1sico medio y tard\u00edo.<\/p>\n<p>Seg\u00fan detallan los acad\u00e9micos en un art\u00edculo\u00a0<a href=\"https:\/\/www.cambridge.org\/core\/journals\/ancient-mesoamerica\/article\/lidar-analyses-in-the-contiguous-miradorcalakmul-karst-basin-guatemala-an-introduction-to-new-perspectives-on-regional-early-maya-socioeconomic-and-political-organization\/31075DFA8ADBAA5E7C7320CA6DB93E5E\" target=\"_blank\" rel=\"noopener noreferrer\">publicado<\/a>\u00a0en la revista Ancient Mesoamerica, la arquitectura monumental, los formatos arquitect\u00f3nicos consistentes, las instalaciones de gesti\u00f3n y recolecci\u00f3n de agua, as\u00ed como los\u00a0<strong>m\u00e1s de 177 km de calzadas<\/strong>\u00a0elevadas, indican la existencia de una jerarqu\u00eda de asentamientos de seis niveles.<\/p>\n<figure class=\"RTImage-root\">\n<div class=\"RTImage-image RTImage-original\">\n<div class=\"RTImage-image RTImage-original\"><picture class=\"Picture-root Picture-original\"><source srcset=\" \nhttps:\/\/mf.b37mrtl.ru\/actualidad\/public_images\/2023.01\/original\/63c39c6de9ff71588063759f.jpg 850w,\n                https:\/\/mf.b37mrtl.ru\/actualidad\/public_images\/2023.01\/original\/63c39c6de9ff71588063759f.jpg 1960w,\n            \" media=\"(-webkit-min-device-pixel-ratio: 2) and (min-resolution: 120dpi)\" sizes=\"912px\" data-srcset=\"\n                https:\/\/mf.b37mrtl.ru\/actualidad\/public_images\/2023.01\/original\/63c39c6de9ff71588063759f.jpg 850w,\n                https:\/\/mf.b37mrtl.ru\/actualidad\/public_images\/2023.01\/original\/63c39c6de9ff71588063759f.jpg 1960w,\n            \" \/><source srcset=\" \nhttps:\/\/mf.b37mrtl.ru\/actualidad\/public_images\/2023.01\/original\/63c39c6de9ff71588063759f.jpg 460w,\n              https:\/\/mf.b37mrtl.ru\/actualidad\/public_images\/2023.01\/original\/63c39c6de9ff71588063759f.jpg 980w,\n            \" sizes=\"912px\" data-srcset=\"\n              https:\/\/mf.b37mrtl.ru\/actualidad\/public_images\/2023.01\/original\/63c39c6de9ff71588063759f.jpg 460w,\n              https:\/\/mf.b37mrtl.ru\/actualidad\/public_images\/2023.01\/original\/63c39c6de9ff71588063759f.jpg 980w,\n            \" \/><img loading=\"lazy\" decoding=\"async\" class=\"Picture-root Picture-original lazyautosizes lazyloaded\" src=\"https:\/\/mf.b37mrtl.ru\/actualidad\/public_images\/2023.01\/original\/63c39c6de9ff71588063759f.jpg\" sizes=\"auto, 912px\" alt=\"\" width=\"575\" height=\"570\" data-sizes=\"auto\" data-src=\"https:\/\/mf.b37mrtl.ru\/actualidad\/public_images\/2023.01\/original\/63c39c6de9ff71588063759f.jpg\" \/><\/picture><\/div>\n<\/div><figcaption class=\"RTImage-footer\"><em><span class=\"RTImage-caption\"><span class=\"RTImage-captionItem\">Estructuras tri\u00e1dicas en la CMK reveladas con el instrumento LiDAR<\/span><\/span><span class=\"RTImage-source\"><span class=\"RTImage-captionItem\">Mart\u00ednez et al.<\/span><\/span><\/em><\/figcaption><\/figure>\n<p>Entre los hallazgos destaca la arquitectura ceremonial monumental, incluyendo complejos tri\u00e1dicos, calzadas entre sitios, canchas de juego de pelota, embalses, presas, canales, terrazas y campos elevados. La arquitectura residencial muestra una marcada desigualdad de tama\u00f1o y sofisticaci\u00f3n, lo que refleja las estructuras de organizaci\u00f3n social.<\/p>\n<p>Asimismo, el tama\u00f1o y la magnitud de las enormes plataformas, palacios, presas, calzadas y pir\u00e1mides\u00a0sugiere un sistema de gobierno capaz de mantener una homogeneidad pol\u00edtica e ideol\u00f3gica, y de organizar a \u00abmiles de trabajadores y especialistas, que van desde productores de cal, especialistas en mortero y canteras, t\u00e9cnicos l\u00edticos, arquitectos, especialistas en log\u00edstica y abastecimiento agr\u00edcola, y funcionarios encargados de hacer cumplir la ley\u00bb.<\/p>\n<p>El hallazgo, destacan los expertos, \u00abdesaf\u00eda las capacidades organizativas de entidades pol\u00edticas menores y representan las estrategias de gobierno en los per\u00edodos precl\u00e1sicos\u00bb.<\/p>\n<p>Para los autores de la publicaci\u00f3n, la distribuci\u00f3n de los asentamientos, la complejidad arquitect\u00f3nica, la continuidad cronol\u00f3gica y la organizaci\u00f3n jer\u00e1rquica de los sitios, ponen en evidencia una administraci\u00f3n centralizada temprana y dan cuenta de las estrategias socioecon\u00f3micas seguidas por esta civilizaci\u00f3n asentada en las tierras bajas mayas.<\/p>\n","protected":false},"excerpt":{"rendered":"<p>La magnitud del descubrimiento desaf\u00eda las capacidades organizativas de las entidades pol\u00edticas del periodo Precl\u00e1sico. Un equipo internacional de arque\u00f3logos descubri\u00f3 una civilizaci\u00f3n maya del Precl\u00e1sico (1000 a.C.\u2013150 d.C.), que floreci\u00f3 hace unos\u00a02.000 a\u00f1os y ha permanecido oculto entre la&hellip;<\/p>\n","protected":false},"author":1181,"featured_media":1709679,"comment_status":"closed","ping_status":"closed","sticky":false,"template":"","format":"standard","meta":{"footnotes":""},"categories":[69,497],"tags":[2914,598,51688,1828],"class_list":["post-1709678","post","type-post","status-publish","format-standard","has-post-thumbnail","hentry","category-america-central","category-ciencia-tecnologia","tag-arqueologia","tag-ciencia","tag-descubrimientos","tag-guatemala-es"],"yoast_head":"<!-- This site is optimized with the Yoast SEO plugin v27.1.1 - https:\/\/yoast.com\/product\/yoast-seo-wordpress\/ -->\n<title>Hallan un gigantesco asentamiento maya de 2.000 a\u00f1os oculto en la selva de Guatemala<\/title>\n<meta name=\"description\" content=\"La magnitud del descubrimiento desaf\u00eda las capacidades organizativas de las entidades pol\u00edticas del periodo Precl\u00e1sico. Un equipo internacional de\" \/>\n<meta name=\"robots\" content=\"index, follow, max-snippet:-1, max-image-preview:large, max-video-preview:-1\" \/>\n<link rel=\"canonical\" href=\"https:\/\/www.pressenza.com\/es\/2023\/01\/hallan-un-gigantesco-asentamiento-maya-de-2-000-anos-oculto-en-la-selva-de-guatemala\/\" \/>\n<meta property=\"og:locale\" content=\"es_ES\" \/>\n<meta property=\"og:type\" content=\"article\" \/>\n<meta property=\"og:title\" content=\"Hallan un gigantesco asentamiento maya de 2.000 a\u00f1os oculto en la selva de Guatemala\" \/>\n<meta property=\"og:description\" content=\"La magnitud del descubrimiento desaf\u00eda las capacidades organizativas de las entidades pol\u00edticas del periodo Precl\u00e1sico. Un equipo internacional de\" \/>\n<meta property=\"og:url\" content=\"https:\/\/www.pressenza.com\/es\/2023\/01\/hallan-un-gigantesco-asentamiento-maya-de-2-000-anos-oculto-en-la-selva-de-guatemala\/\" \/>\n<meta property=\"og:site_name\" content=\"Pressenza\" \/>\n<meta property=\"article:publisher\" content=\"https:\/\/www.facebook.com\/PressenzaItalia\" \/>\n<meta property=\"article:author\" content=\"https:\/\/www.facebook.com\/RTnews\" \/>\n<meta property=\"article:published_time\" content=\"2023-01-15T13:11:43+00:00\" \/>\n<meta property=\"og:image\" content=\"https:\/\/www.pressenza.com\/wp-content\/uploads\/2023\/01\/maya.jpeg\" \/>\n\t<meta property=\"og:image:width\" content=\"950\" \/>\n\t<meta property=\"og:image:height\" content=\"535\" \/>\n\t<meta property=\"og:image:type\" content=\"image\/jpeg\" \/>\n<meta name=\"author\" content=\"RT\" \/>\n<meta name=\"twitter:card\" content=\"summary_large_image\" \/>\n<meta name=\"twitter:creator\" content=\"@RT_com\" \/>\n<meta name=\"twitter:site\" content=\"@PressenzaIPA\" \/>\n<meta name=\"twitter:label1\" content=\"Escrito por\" \/>\n\t<meta name=\"twitter:data1\" content=\"RT\" \/>\n\t<meta name=\"twitter:label2\" content=\"Tiempo de lectura\" \/>\n\t<meta name=\"twitter:data2\" content=\"2 minutos\" \/>\n<script type=\"application\/ld+json\" class=\"yoast-schema-graph\">{\"@context\":\"https:\/\/schema.org\",\"@graph\":[{\"@type\":\"Article\",\"@id\":\"https:\/\/www.pressenza.com\/es\/2023\/01\/hallan-un-gigantesco-asentamiento-maya-de-2-000-anos-oculto-en-la-selva-de-guatemala\/#article\",\"isPartOf\":{\"@id\":\"https:\/\/www.pressenza.com\/es\/2023\/01\/hallan-un-gigantesco-asentamiento-maya-de-2-000-anos-oculto-en-la-selva-de-guatemala\/\"},\"author\":{\"name\":\"RT\",\"@id\":\"https:\/\/www.pressenza.com\/es\/#\/schema\/person\/a9bc3bac2cc72cc81fc57959c714a38e\"},\"headline\":\"Hallan un gigantesco asentamiento maya de 2.000 a\u00f1os oculto en la selva de Guatemala\",\"datePublished\":\"2023-01-15T13:11:43+00:00\",\"mainEntityOfPage\":{\"@id\":\"https:\/\/www.pressenza.com\/es\/2023\/01\/hallan-un-gigantesco-asentamiento-maya-de-2-000-anos-oculto-en-la-selva-de-guatemala\/\"},\"wordCount\":424,\"publisher\":{\"@id\":\"https:\/\/www.pressenza.com\/es\/#organization\"},\"image\":{\"@id\":\"https:\/\/www.pressenza.com\/es\/2023\/01\/hallan-un-gigantesco-asentamiento-maya-de-2-000-anos-oculto-en-la-selva-de-guatemala\/#primaryimage\"},\"thumbnailUrl\":\"https:\/\/www.pressenza.com\/wp-content\/uploads\/2023\/01\/maya.jpeg\",\"keywords\":[\"arqueolog\u00eda\",\"ciencia\",\"Descubrimientos\",\"Guatemala\"],\"articleSection\":[\"Am\u00e9rica Central\",\"Ciencia y Tecnolog\u00eda\"],\"inLanguage\":\"es\"},{\"@type\":\"WebPage\",\"@id\":\"https:\/\/www.pressenza.com\/es\/2023\/01\/hallan-un-gigantesco-asentamiento-maya-de-2-000-anos-oculto-en-la-selva-de-guatemala\/\",\"url\":\"https:\/\/www.pressenza.com\/es\/2023\/01\/hallan-un-gigantesco-asentamiento-maya-de-2-000-anos-oculto-en-la-selva-de-guatemala\/\",\"name\":\"Hallan un gigantesco asentamiento maya de 2.000 a\u00f1os oculto en la selva de Guatemala\",\"isPartOf\":{\"@id\":\"https:\/\/www.pressenza.com\/es\/#website\"},\"primaryImageOfPage\":{\"@id\":\"https:\/\/www.pressenza.com\/es\/2023\/01\/hallan-un-gigantesco-asentamiento-maya-de-2-000-anos-oculto-en-la-selva-de-guatemala\/#primaryimage\"},\"image\":{\"@id\":\"https:\/\/www.pressenza.com\/es\/2023\/01\/hallan-un-gigantesco-asentamiento-maya-de-2-000-anos-oculto-en-la-selva-de-guatemala\/#primaryimage\"},\"thumbnailUrl\":\"https:\/\/www.pressenza.com\/wp-content\/uploads\/2023\/01\/maya.jpeg\",\"datePublished\":\"2023-01-15T13:11:43+00:00\",\"description\":\"La magnitud del descubrimiento desaf\u00eda las capacidades organizativas de las entidades pol\u00edticas del periodo Precl\u00e1sico. Un equipo internacional de\",\"breadcrumb\":{\"@id\":\"https:\/\/www.pressenza.com\/es\/2023\/01\/hallan-un-gigantesco-asentamiento-maya-de-2-000-anos-oculto-en-la-selva-de-guatemala\/#breadcrumb\"},\"inLanguage\":\"es\",\"potentialAction\":[{\"@type\":\"ReadAction\",\"target\":[\"https:\/\/www.pressenza.com\/es\/2023\/01\/hallan-un-gigantesco-asentamiento-maya-de-2-000-anos-oculto-en-la-selva-de-guatemala\/\"]}]},{\"@type\":\"ImageObject\",\"inLanguage\":\"es\",\"@id\":\"https:\/\/www.pressenza.com\/es\/2023\/01\/hallan-un-gigantesco-asentamiento-maya-de-2-000-anos-oculto-en-la-selva-de-guatemala\/#primaryimage\",\"url\":\"https:\/\/www.pressenza.com\/wp-content\/uploads\/2023\/01\/maya.jpeg\",\"contentUrl\":\"https:\/\/www.pressenza.com\/wp-content\/uploads\/2023\/01\/maya.jpeg\",\"width\":950,\"height\":535},{\"@type\":\"BreadcrumbList\",\"@id\":\"https:\/\/www.pressenza.com\/es\/2023\/01\/hallan-un-gigantesco-asentamiento-maya-de-2-000-anos-oculto-en-la-selva-de-guatemala\/#breadcrumb\",\"itemListElement\":[{\"@type\":\"ListItem\",\"position\":1,\"name\":\"Accueil\",\"item\":\"https:\/\/www.pressenza.com\/es\/\"},{\"@type\":\"ListItem\",\"position\":2,\"name\":\"Hallan un gigantesco asentamiento maya de 2.000 a\u00f1os oculto en la selva de Guatemala\"}]},{\"@type\":\"WebSite\",\"@id\":\"https:\/\/www.pressenza.com\/es\/#website\",\"url\":\"https:\/\/www.pressenza.com\/es\/\",\"name\":\"Pressenza\",\"description\":\"International Press Agency\",\"publisher\":{\"@id\":\"https:\/\/www.pressenza.com\/es\/#organization\"},\"potentialAction\":[{\"@type\":\"SearchAction\",\"target\":{\"@type\":\"EntryPoint\",\"urlTemplate\":\"https:\/\/www.pressenza.com\/es\/?s={search_term_string}\"},\"query-input\":{\"@type\":\"PropertyValueSpecification\",\"valueRequired\":true,\"valueName\":\"search_term_string\"}}],\"inLanguage\":\"es\"},{\"@type\":\"Organization\",\"@id\":\"https:\/\/www.pressenza.com\/es\/#organization\",\"name\":\"Pressenza\",\"url\":\"https:\/\/www.pressenza.com\/es\/\",\"logo\":{\"@type\":\"ImageObject\",\"inLanguage\":\"es\",\"@id\":\"https:\/\/www.pressenza.com\/es\/#\/schema\/logo\/image\/\",\"url\":\"https:\/\/www.pressenza.com\/wp-content\/uploads\/2022\/10\/pressenza_logo_200x200.jpg\",\"contentUrl\":\"https:\/\/www.pressenza.com\/wp-content\/uploads\/2022\/10\/pressenza_logo_200x200.jpg\",\"width\":200,\"height\":200,\"caption\":\"Pressenza\"},\"image\":{\"@id\":\"https:\/\/www.pressenza.com\/es\/#\/schema\/logo\/image\/\"},\"sameAs\":[\"https:\/\/www.facebook.com\/PressenzaItalia\",\"https:\/\/x.com\/PressenzaIPA\"]},{\"@type\":\"Person\",\"@id\":\"https:\/\/www.pressenza.com\/es\/#\/schema\/person\/a9bc3bac2cc72cc81fc57959c714a38e\",\"name\":\"RT\",\"description\":\"With its first channel launched in December 2005, the RT network now consists of three global news channels broadcasting in English, Spanish and Arabic, RT America broadcasting from a Washington, DC studio, RT UK airing from London, and a documentary channel RTDoc \u2013 in English and Russian. Today RT has a global reach of over 700 million people in 100+ countries. Articles and photographs by RT on Pressenza do not fall under the Creative Commons license are are not reproducible in any way. RT news covers the major issues of our time for viewers wishing to question more and delivers stories often missed by the mainstream media to create news with an edge. RT provides an alternative perspective on major global events, and acquaints an international audience with the Russian viewpoint. rt.com\",\"sameAs\":[\"http:\/\/www.rt.com\",\"https:\/\/www.facebook.com\/RTnews\",\"https:\/\/x.com\/RT_com\"],\"url\":\"https:\/\/www.pressenza.com\/es\/author\/russia-today\/\"}]}<\/script>\n<!-- \/ Yoast SEO plugin. -->","yoast_head_json":{"title":"Hallan un gigantesco asentamiento maya de 2.000 a\u00f1os oculto en la selva de Guatemala","description":"La magnitud del descubrimiento desaf\u00eda las capacidades organizativas de las entidades pol\u00edticas del periodo Precl\u00e1sico. Un equipo internacional de","robots":{"index":"index","follow":"follow","max-snippet":"max-snippet:-1","max-image-preview":"max-image-preview:large","max-video-preview":"max-video-preview:-1"},"canonical":"https:\/\/www.pressenza.com\/es\/2023\/01\/hallan-un-gigantesco-asentamiento-maya-de-2-000-anos-oculto-en-la-selva-de-guatemala\/","og_locale":"es_ES","og_type":"article","og_title":"Hallan un gigantesco asentamiento maya de 2.000 a\u00f1os oculto en la selva de Guatemala","og_description":"La magnitud del descubrimiento desaf\u00eda las capacidades organizativas de las entidades pol\u00edticas del periodo Precl\u00e1sico. Un equipo internacional de","og_url":"https:\/\/www.pressenza.com\/es\/2023\/01\/hallan-un-gigantesco-asentamiento-maya-de-2-000-anos-oculto-en-la-selva-de-guatemala\/","og_site_name":"Pressenza","article_publisher":"https:\/\/www.facebook.com\/PressenzaItalia","article_author":"https:\/\/www.facebook.com\/RTnews","article_published_time":"2023-01-15T13:11:43+00:00","og_image":[{"width":950,"height":535,"url":"https:\/\/www.pressenza.com\/wp-content\/uploads\/2023\/01\/maya.jpeg","type":"image\/jpeg"}],"author":"RT","twitter_card":"summary_large_image","twitter_creator":"@RT_com","twitter_site":"@PressenzaIPA","twitter_misc":{"Escrito por":"RT","Tiempo de lectura":"2 minutos"},"schema":{"@context":"https:\/\/schema.org","@graph":[{"@type":"Article","@id":"https:\/\/www.pressenza.com\/es\/2023\/01\/hallan-un-gigantesco-asentamiento-maya-de-2-000-anos-oculto-en-la-selva-de-guatemala\/#article","isPartOf":{"@id":"https:\/\/www.pressenza.com\/es\/2023\/01\/hallan-un-gigantesco-asentamiento-maya-de-2-000-anos-oculto-en-la-selva-de-guatemala\/"},"author":{"name":"RT","@id":"https:\/\/www.pressenza.com\/es\/#\/schema\/person\/a9bc3bac2cc72cc81fc57959c714a38e"},"headline":"Hallan un gigantesco asentamiento maya de 2.000 a\u00f1os oculto en la selva de Guatemala","datePublished":"2023-01-15T13:11:43+00:00","mainEntityOfPage":{"@id":"https:\/\/www.pressenza.com\/es\/2023\/01\/hallan-un-gigantesco-asentamiento-maya-de-2-000-anos-oculto-en-la-selva-de-guatemala\/"},"wordCount":424,"publisher":{"@id":"https:\/\/www.pressenza.com\/es\/#organization"},"image":{"@id":"https:\/\/www.pressenza.com\/es\/2023\/01\/hallan-un-gigantesco-asentamiento-maya-de-2-000-anos-oculto-en-la-selva-de-guatemala\/#primaryimage"},"thumbnailUrl":"https:\/\/www.pressenza.com\/wp-content\/uploads\/2023\/01\/maya.jpeg","keywords":["arqueolog\u00eda","ciencia","Descubrimientos","Guatemala"],"articleSection":["Am\u00e9rica Central","Ciencia y Tecnolog\u00eda"],"inLanguage":"es"},{"@type":"WebPage","@id":"https:\/\/www.pressenza.com\/es\/2023\/01\/hallan-un-gigantesco-asentamiento-maya-de-2-000-anos-oculto-en-la-selva-de-guatemala\/","url":"https:\/\/www.pressenza.com\/es\/2023\/01\/hallan-un-gigantesco-asentamiento-maya-de-2-000-anos-oculto-en-la-selva-de-guatemala\/","name":"Hallan un gigantesco asentamiento maya de 2.000 a\u00f1os oculto en la selva de Guatemala","isPartOf":{"@id":"https:\/\/www.pressenza.com\/es\/#website"},"primaryImageOfPage":{"@id":"https:\/\/www.pressenza.com\/es\/2023\/01\/hallan-un-gigantesco-asentamiento-maya-de-2-000-anos-oculto-en-la-selva-de-guatemala\/#primaryimage"},"image":{"@id":"https:\/\/www.pressenza.com\/es\/2023\/01\/hallan-un-gigantesco-asentamiento-maya-de-2-000-anos-oculto-en-la-selva-de-guatemala\/#primaryimage"},"thumbnailUrl":"https:\/\/www.pressenza.com\/wp-content\/uploads\/2023\/01\/maya.jpeg","datePublished":"2023-01-15T13:11:43+00:00","description":"La magnitud del descubrimiento desaf\u00eda las capacidades organizativas de las entidades pol\u00edticas del periodo Precl\u00e1sico. Un equipo internacional de","breadcrumb":{"@id":"https:\/\/www.pressenza.com\/es\/2023\/01\/hallan-un-gigantesco-asentamiento-maya-de-2-000-anos-oculto-en-la-selva-de-guatemala\/#breadcrumb"},"inLanguage":"es","potentialAction":[{"@type":"ReadAction","target":["https:\/\/www.pressenza.com\/es\/2023\/01\/hallan-un-gigantesco-asentamiento-maya-de-2-000-anos-oculto-en-la-selva-de-guatemala\/"]}]},{"@type":"ImageObject","inLanguage":"es","@id":"https:\/\/www.pressenza.com\/es\/2023\/01\/hallan-un-gigantesco-asentamiento-maya-de-2-000-anos-oculto-en-la-selva-de-guatemala\/#primaryimage","url":"https:\/\/www.pressenza.com\/wp-content\/uploads\/2023\/01\/maya.jpeg","contentUrl":"https:\/\/www.pressenza.com\/wp-content\/uploads\/2023\/01\/maya.jpeg","width":950,"height":535},{"@type":"BreadcrumbList","@id":"https:\/\/www.pressenza.com\/es\/2023\/01\/hallan-un-gigantesco-asentamiento-maya-de-2-000-anos-oculto-en-la-selva-de-guatemala\/#breadcrumb","itemListElement":[{"@type":"ListItem","position":1,"name":"Accueil","item":"https:\/\/www.pressenza.com\/es\/"},{"@type":"ListItem","position":2,"name":"Hallan un gigantesco asentamiento maya de 2.000 a\u00f1os oculto en la selva de Guatemala"}]},{"@type":"WebSite","@id":"https:\/\/www.pressenza.com\/es\/#website","url":"https:\/\/www.pressenza.com\/es\/","name":"Pressenza","description":"International Press Agency","publisher":{"@id":"https:\/\/www.pressenza.com\/es\/#organization"},"potentialAction":[{"@type":"SearchAction","target":{"@type":"EntryPoint","urlTemplate":"https:\/\/www.pressenza.com\/es\/?s={search_term_string}"},"query-input":{"@type":"PropertyValueSpecification","valueRequired":true,"valueName":"search_term_string"}}],"inLanguage":"es"},{"@type":"Organization","@id":"https:\/\/www.pressenza.com\/es\/#organization","name":"Pressenza","url":"https:\/\/www.pressenza.com\/es\/","logo":{"@type":"ImageObject","inLanguage":"es","@id":"https:\/\/www.pressenza.com\/es\/#\/schema\/logo\/image\/","url":"https:\/\/www.pressenza.com\/wp-content\/uploads\/2022\/10\/pressenza_logo_200x200.jpg","contentUrl":"https:\/\/www.pressenza.com\/wp-content\/uploads\/2022\/10\/pressenza_logo_200x200.jpg","width":200,"height":200,"caption":"Pressenza"},"image":{"@id":"https:\/\/www.pressenza.com\/es\/#\/schema\/logo\/image\/"},"sameAs":["https:\/\/www.facebook.com\/PressenzaItalia","https:\/\/x.com\/PressenzaIPA"]},{"@type":"Person","@id":"https:\/\/www.pressenza.com\/es\/#\/schema\/person\/a9bc3bac2cc72cc81fc57959c714a38e","name":"RT","description":"With its first channel launched in December 2005, the RT network now consists of three global news channels broadcasting in English, Spanish and Arabic, RT America broadcasting from a Washington, DC studio, RT UK airing from London, and a documentary channel RTDoc \u2013 in English and Russian. Today RT has a global reach of over 700 million people in 100+ countries. Articles and photographs by RT on Pressenza do not fall under the Creative Commons license are are not reproducible in any way. RT news covers the major issues of our time for viewers wishing to question more and delivers stories often missed by the mainstream media to create news with an edge. RT provides an alternative perspective on major global events, and acquaints an international audience with the Russian viewpoint. rt.com","sameAs":["http:\/\/www.rt.com","https:\/\/www.facebook.com\/RTnews","https:\/\/x.com\/RT_com"],"url":"https:\/\/www.pressenza.com\/es\/author\/russia-today\/"}]}},"place":"","original_article_url":"https:\/\/actualidad.rt.com\/actualidad\/455132-gigantesco-asentamiento-maya-2000-anos-oculto-guatemala","_links":{"self":[{"href":"https:\/\/www.pressenza.com\/es\/wp-json\/wp\/v2\/posts\/1709678","targetHints":{"allow":["GET"]}}],"collection":[{"href":"https:\/\/www.pressenza.com\/es\/wp-json\/wp\/v2\/posts"}],"about":[{"href":"https:\/\/www.pressenza.com\/es\/wp-json\/wp\/v2\/types\/post"}],"author":[{"embeddable":true,"href":"https:\/\/www.pressenza.com\/es\/wp-json\/wp\/v2\/users\/1181"}],"replies":[{"embeddable":true,"href":"https:\/\/www.pressenza.com\/es\/wp-json\/wp\/v2\/comments?post=1709678"}],"version-history":[{"count":0,"href":"https:\/\/www.pressenza.com\/es\/wp-json\/wp\/v2\/posts\/1709678\/revisions"}],"wp:featuredmedia":[{"embeddable":true,"href":"https:\/\/www.pressenza.com\/es\/wp-json\/wp\/v2\/media\/1709679"}],"wp:attachment":[{"href":"https:\/\/www.pressenza.com\/es\/wp-json\/wp\/v2\/media?parent=1709678"}],"wp:term":[{"taxonomy":"category","embeddable":true,"href":"https:\/\/www.pressenza.com\/es\/wp-json\/wp\/v2\/categories?post=1709678"},{"taxonomy":"post_tag","embeddable":true,"href":"https:\/\/www.pressenza.com\/es\/wp-json\/wp\/v2\/tags?post=1709678"}],"curies":[{"name":"wp","href":"https:\/\/api.w.org\/{rel}","templated":true}]}}