{"id":1709264,"date":"2023-01-14T00:14:40","date_gmt":"2023-01-14T00:14:40","guid":{"rendered":"https:\/\/www.pressenza.com\/?p=1709264"},"modified":"2023-01-18T14:05:30","modified_gmt":"2023-01-18T14:05:30","slug":"diez-anos-de-la-partida-de-aron-swartz-un-gran-luchador-por-el-conocimiento-libre","status":"publish","type":"post","link":"https:\/\/www.pressenza.com\/es\/2023\/01\/diez-anos-de-la-partida-de-aron-swartz-un-gran-luchador-por-el-conocimiento-libre\/","title":{"rendered":"Diez a\u00f1os de la partida de Aaron Swartz, un gran  luchador por el conocimiento libre"},"content":{"rendered":"<p>Este 13 de Enero se cumplen diez a\u00f1os de la partida f\u00edsica de Aaron Swartz. D\u00eda que se ha instituido en su homenaje como el \u00abD\u00eda del Ciberactivismo\u00bb.<\/p>\n<p>Wikipedia &#8211; otro magn\u00edfico emprendimiento del acceso libre al saber colectivo &#8211; nos informa que Aaron, apodado \u00abel Pr\u00edncipe de Internet\u00bb, fue un prol\u00edfico programador y hacktivista estadounidense (entre otras virtudes), que ayud\u00f3 a desarrollar el formato RSS de fuentes web, la arquitectura t\u00e9cnica de Creative Commons, el marco web web.py y Markdown, un formato de lenguaje de marcado ligero.<\/p>\n<p>En una <a href=\"https:\/\/sursiendo.org\/2014\/01\/aaron-y-su-web-programable\/\">nota<\/a> de Jacobo N\u00e1jera publicada por el colectivo SurSiendo, lo defin\u00eda como un \u00abpromotor, divulgador y desarrollador de la llamada Web sem\u00e1ntica, aquella que defini\u00f3 Tim-Berners Lee como una \u00abextensi\u00f3n de la actual web en la que a la informaci\u00f3n se le da significado bien definido, que permite que las computadoras y la gente trabajen en cooperaci\u00f3n\u00bb.<\/p>\n<p>\u00abDivulgador de la ciencia, otras artesano; Aaron es una persona clave para aproximarse y observar generaciones en v\u00edas de manifestaci\u00f3n a trav\u00e9s de las ideas y la ciencia como eje rector. No solamente por su trabajo impecable como cient\u00edfico, sino por usar a la labor cient\u00edfica como un proceso de socializaci\u00f3n en s\u00ed misma\u00bb, agrega N\u00e1jera, tambi\u00e9n investigador y desarrollador de software libre.<\/p>\n<p>M\u00e1s all\u00e1 de sus contribuciones tecnol\u00f3gicas pr\u00e1cticas, el gran aporte de Swartz fue la concientizaci\u00f3n c\u00edvica sobre la necesidad de abrir el acceso al conocimiento para toda la humanidad sin restricci\u00f3n alguna y por habilitar su libre flujo en los espacios digitales. Fue uno de los principales impulsores de la campa\u00f1a que debilit\u00f3 la iniciativa Stop Online Piracy Act (SOPA) (Acta de cese a la pirater\u00eda en l\u00ednea).<\/p>\n<p>Un interesante documento que da cuenta de su ideario y fundamentan su accionar es el <a href=\"https:\/\/ia802908.us.archive.org\/32\/items\/ManifiestoPorLaGuerrillaDelAccesoAbiertoCopia\/Manifiesto%20por%20la%20Guerrilla%20del%20Acceso%20Abierto%20copia_text.pdf\">Manifiesto por la Guerrilla por el Acceso abierto<\/a>.<\/p>\n<p>All\u00ed puede leerse: \u00ab<span dir=\"ltr\" role=\"presentation\">A<\/span> <span dir=\"ltr\" role=\"presentation\">ustedes,<\/span> <span dir=\"ltr\" role=\"presentation\">con<\/span> <span dir=\"ltr\" role=\"presentation\">acceso a<\/span> <span dir=\"ltr\" role=\"presentation\">estos<\/span> <span dir=\"ltr\" role=\"presentation\">recursos<\/span> <span dir=\"ltr\" role=\"presentation\">-estudiantes,<\/span> <span dir=\"ltr\" role=\"presentation\">biblioteca<\/span><span dir=\"ltr\" role=\"presentation\">rios,<\/span> <span dir=\"ltr\" role=\"presentation\">cient\u00edficos- se<\/span> <span dir=\"ltr\" role=\"presentation\">les<\/span> <span dir=\"ltr\" role=\"presentation\">ha<\/span> <span dir=\"ltr\" role=\"presentation\">otorgado<\/span> <span dir=\"ltr\" role=\"presentation\">un<\/span> <span dir=\"ltr\" role=\"presentation\">privilegio.<\/span> <span dir=\"ltr\" role=\"presentation\">Ustedes<\/span> <span dir=\"ltr\" role=\"presentation\">pueden<\/span> <span dir=\"ltr\" role=\"presentation\">alimentarse<\/span> <span dir=\"ltr\" role=\"presentation\">en<\/span> <span dir=\"ltr\" role=\"presentation\">este<\/span> <span dir=\"ltr\" role=\"presentation\">banquete<\/span> <span dir=\"ltr\" role=\"presentation\">del<\/span> <span dir=\"ltr\" role=\"presentation\">conocimiento<\/span> <span dir=\"ltr\" role=\"presentation\">mientras<\/span> <span dir=\"ltr\" role=\"presentation\">el<\/span> <span dir=\"ltr\" role=\"presentation\">resto<\/span> <span dir=\"ltr\" role=\"presentation\">del<\/span> <span dir=\"ltr\" role=\"presentation\">mundo<\/span> <span dir=\"ltr\" role=\"presentation\">queda<\/span> <span dir=\"ltr\" role=\"presentation\">fuera.<\/span> <span dir=\"ltr\" role=\"presentation\">Pero<\/span> <span dir=\"ltr\" role=\"presentation\">no<\/span> <span dir=\"ltr\" role=\"presentation\">es<\/span> <span dir=\"ltr\" role=\"presentation\">necesario<\/span> <span dir=\"ltr\" role=\"presentation\">-de<\/span> <span dir=\"ltr\" role=\"presentation\">hecho,<\/span> <span dir=\"ltr\" role=\"presentation\">moral<\/span><span dir=\"ltr\" role=\"presentation\">mente,<\/span> <span dir=\"ltr\" role=\"presentation\">no<\/span> <span dir=\"ltr\" role=\"presentation\">es<\/span> <span dir=\"ltr\" role=\"presentation\">posible-<\/span> <span dir=\"ltr\" role=\"presentation\">que<\/span> <span dir=\"ltr\" role=\"presentation\">se<\/span> <span dir=\"ltr\" role=\"presentation\">queden<\/span> <span dir=\"ltr\" role=\"presentation\">este<\/span> <span dir=\"ltr\" role=\"presentation\">privilegio<\/span> <span dir=\"ltr\" role=\"presentation\">para<\/span> <span dir=\"ltr\" role=\"presentation\">ustedes.<\/span> <span dir=\"ltr\" role=\"presentation\">Tienen<\/span> <span dir=\"ltr\" role=\"presentation\">el<\/span> <span dir=\"ltr\" role=\"presentation\">deber<\/span> <span dir=\"ltr\" role=\"presentation\">de<\/span> <span dir=\"ltr\" role=\"presentation\">compartirlo<\/span> <span dir=\"ltr\" role=\"presentation\">con<\/span> <span dir=\"ltr\" role=\"presentation\">el<\/span> <span dir=\"ltr\" role=\"presentation\">mundo.\u00bb<\/span><\/p>\n<p>Su coherencia lo llev\u00f3 a conectar con la red del MIT utilizando una cuenta de usuario invitado que le hab\u00eda facilitado el instituto, y a compartir sistem\u00e1ticamente art\u00edculos de revistas acad\u00e9micas de JSTOR, por lo que fue detenido el 6 de enero de 2011.<\/p>\n<p>Los cargos que la fiscal\u00eda de Estado levant\u00f3 de manera exagerada en su contra supon\u00edan una pena m\u00e1xima de prisi\u00f3n de 50 a\u00f1os y 1 mill\u00f3n de d\u00f3lares de multa. Persecuci\u00f3n que sin duda pretend\u00eda vengarse del activismo libre y establecer un castigo ejemplarizador contra cualquiera que osara transgredir las sacrosantas normas de la propiedad intelectual.<\/p>\n<p>Renuente a aceptar una pena menor que no consideraba en absoluto justa por sus actos, puso fin a su existencia f\u00edsica a los veintis\u00e9is a\u00f1os un 13 de Enero de 2011.<\/p>\n<p>En un tuit conmemorativo, Tim Berners-Lee, considerado el padre de la World Wide Web, dijo: \u00abAaron ha muerto. Errantes del mundo, hemos perdido a un sabio anciano. Hackers por derecho, hemos perdido uno. Padres todos, hemos perdido un hijo. Lloremos.\u00bb<\/p>\n<p>Al igual que los grandes humanistas que con su valent\u00eda abrieron caminos nuevos, vedados por los prejuicios y las normas anacr\u00f3nicas, sus acciones perduran en la memoria, en el presente y futuro de todos aquellos que trabajan en y por el Buen Conocimiento, para el bien com\u00fan de la Humanidad.<\/p>\n","protected":false},"excerpt":{"rendered":"<p>Este 13 de Enero se cumplen diez a\u00f1os de la partida f\u00edsica de Aaron Swartz. D\u00eda que se ha instituido en su homenaje como el \u00abD\u00eda del Ciberactivismo\u00bb. Wikipedia &#8211; otro magn\u00edfico emprendimiento del acceso libre al saber colectivo &#8211;&hellip;<\/p>\n","protected":false},"author":970,"featured_media":1709270,"comment_status":"closed","ping_status":"closed","sticky":false,"template":"","format":"standard","meta":{"footnotes":""},"categories":[497,11389,75,1240,39,20607],"tags":[58802,28744,109014,109015,109097],"class_list":["post-1709264","post","type-post","status-publish","format-standard","has-post-thumbnail","hentry","category-ciencia-tecnologia","category-contenido-original","category-cultura-es","category-humanismo-espiritualidad","category-internacional","category-sin-categorizar","tag-aaron-swartz-es","tag-ciberactivismo","tag-conocimiento-compartido","tag-cultura-libre","tag-hacktivismo"],"yoast_head":"<!-- This site is optimized with the Yoast SEO plugin v27.1.1 - https:\/\/yoast.com\/product\/yoast-seo-wordpress\/ -->\n<title>Diez a\u00f1os de la partida de Aaron Swartz, un gran luchador por el conocimiento libre<\/title>\n<meta name=\"description\" content=\"Este 13 de Enero se cumplen diez a\u00f1os de la partida f\u00edsica de Aaron Swartz. D\u00eda que se ha instituido en su homenaje como el &quot;D\u00eda del Ciberactivismo&quot;.\" \/>\n<meta name=\"robots\" content=\"index, follow, max-snippet:-1, max-image-preview:large, max-video-preview:-1\" \/>\n<link rel=\"canonical\" href=\"https:\/\/www.pressenza.com\/es\/2023\/01\/diez-anos-de-la-partida-de-aron-swartz-un-gran-luchador-por-el-conocimiento-libre\/\" \/>\n<meta property=\"og:locale\" content=\"es_ES\" \/>\n<meta property=\"og:type\" content=\"article\" \/>\n<meta property=\"og:title\" content=\"Diez a\u00f1os de la partida de Aaron Swartz, un gran luchador por el conocimiento libre\" \/>\n<meta property=\"og:description\" content=\"Este 13 de Enero se cumplen diez a\u00f1os de la partida f\u00edsica de Aaron Swartz. D\u00eda que se ha instituido en su homenaje como el &quot;D\u00eda del Ciberactivismo&quot;.\" \/>\n<meta property=\"og:url\" content=\"https:\/\/www.pressenza.com\/es\/2023\/01\/diez-anos-de-la-partida-de-aron-swartz-un-gran-luchador-por-el-conocimiento-libre\/\" \/>\n<meta property=\"og:site_name\" content=\"Pressenza\" \/>\n<meta property=\"article:publisher\" content=\"https:\/\/www.facebook.com\/PressenzaItalia\" \/>\n<meta property=\"article:author\" content=\"https:\/\/www.facebook.com\/javier.tolcachier?fref=ts\" \/>\n<meta property=\"article:published_time\" content=\"2023-01-14T00:14:40+00:00\" \/>\n<meta property=\"article:modified_time\" content=\"2023-01-18T14:05:30+00:00\" \/>\n<meta property=\"og:image\" content=\"https:\/\/www.pressenza.com\/wp-content\/uploads\/2023\/01\/AaronSwartzPIPA.jpg\" \/>\n\t<meta property=\"og:image:width\" content=\"640\" \/>\n\t<meta property=\"og:image:height\" content=\"424\" \/>\n\t<meta property=\"og:image:type\" content=\"image\/jpeg\" \/>\n<meta name=\"author\" content=\"Javier Tolcachier\" \/>\n<meta name=\"twitter:card\" content=\"summary_large_image\" \/>\n<meta name=\"twitter:creator\" content=\"@jtolcachier\" \/>\n<meta name=\"twitter:site\" content=\"@PressenzaIPA\" \/>\n<meta name=\"twitter:label1\" content=\"Escrito por\" \/>\n\t<meta name=\"twitter:data1\" content=\"Javier Tolcachier\" \/>\n\t<meta name=\"twitter:label2\" content=\"Tiempo de lectura\" \/>\n\t<meta name=\"twitter:data2\" content=\"4 minutos\" \/>\n<script type=\"application\/ld+json\" class=\"yoast-schema-graph\">{\"@context\":\"https:\/\/schema.org\",\"@graph\":[{\"@type\":\"Article\",\"@id\":\"https:\/\/www.pressenza.com\/es\/2023\/01\/diez-anos-de-la-partida-de-aron-swartz-un-gran-luchador-por-el-conocimiento-libre\/#article\",\"isPartOf\":{\"@id\":\"https:\/\/www.pressenza.com\/es\/2023\/01\/diez-anos-de-la-partida-de-aron-swartz-un-gran-luchador-por-el-conocimiento-libre\/\"},\"author\":{\"name\":\"Javier Tolcachier\",\"@id\":\"https:\/\/www.pressenza.com\/es\/#\/schema\/person\/f353f6d4eed144101dedba60e6227564\"},\"headline\":\"Diez a\u00f1os de la partida de Aaron Swartz, un gran luchador por el conocimiento libre\",\"datePublished\":\"2023-01-14T00:14:40+00:00\",\"dateModified\":\"2023-01-18T14:05:30+00:00\",\"mainEntityOfPage\":{\"@id\":\"https:\/\/www.pressenza.com\/es\/2023\/01\/diez-anos-de-la-partida-de-aron-swartz-un-gran-luchador-por-el-conocimiento-libre\/\"},\"wordCount\":644,\"publisher\":{\"@id\":\"https:\/\/www.pressenza.com\/es\/#organization\"},\"image\":{\"@id\":\"https:\/\/www.pressenza.com\/es\/2023\/01\/diez-anos-de-la-partida-de-aron-swartz-un-gran-luchador-por-el-conocimiento-libre\/#primaryimage\"},\"thumbnailUrl\":\"https:\/\/www.pressenza.com\/wp-content\/uploads\/2023\/01\/AaronSwartzPIPA.jpg\",\"keywords\":[\"aaron swartz\",\"ciberactivismo\",\"conocimiento compartido\",\"cultura libre\",\"Hacktivismo\"],\"articleSection\":[\"Ciencia y Tecnolog\u00eda\",\"Contenido Original\",\"Cultura y Medios\",\"Humanismo y Espiritualidad\",\"Internacional\",\"Sin categorizar\"],\"inLanguage\":\"es\"},{\"@type\":\"WebPage\",\"@id\":\"https:\/\/www.pressenza.com\/es\/2023\/01\/diez-anos-de-la-partida-de-aron-swartz-un-gran-luchador-por-el-conocimiento-libre\/\",\"url\":\"https:\/\/www.pressenza.com\/es\/2023\/01\/diez-anos-de-la-partida-de-aron-swartz-un-gran-luchador-por-el-conocimiento-libre\/\",\"name\":\"Diez a\u00f1os de la partida de Aaron Swartz, un gran luchador por el conocimiento libre\",\"isPartOf\":{\"@id\":\"https:\/\/www.pressenza.com\/es\/#website\"},\"primaryImageOfPage\":{\"@id\":\"https:\/\/www.pressenza.com\/es\/2023\/01\/diez-anos-de-la-partida-de-aron-swartz-un-gran-luchador-por-el-conocimiento-libre\/#primaryimage\"},\"image\":{\"@id\":\"https:\/\/www.pressenza.com\/es\/2023\/01\/diez-anos-de-la-partida-de-aron-swartz-un-gran-luchador-por-el-conocimiento-libre\/#primaryimage\"},\"thumbnailUrl\":\"https:\/\/www.pressenza.com\/wp-content\/uploads\/2023\/01\/AaronSwartzPIPA.jpg\",\"datePublished\":\"2023-01-14T00:14:40+00:00\",\"dateModified\":\"2023-01-18T14:05:30+00:00\",\"description\":\"Este 13 de Enero se cumplen diez a\u00f1os de la partida f\u00edsica de Aaron Swartz. D\u00eda que se ha instituido en su homenaje como el \\\"D\u00eda del Ciberactivismo\\\".\",\"breadcrumb\":{\"@id\":\"https:\/\/www.pressenza.com\/es\/2023\/01\/diez-anos-de-la-partida-de-aron-swartz-un-gran-luchador-por-el-conocimiento-libre\/#breadcrumb\"},\"inLanguage\":\"es\",\"potentialAction\":[{\"@type\":\"ReadAction\",\"target\":[\"https:\/\/www.pressenza.com\/es\/2023\/01\/diez-anos-de-la-partida-de-aron-swartz-un-gran-luchador-por-el-conocimiento-libre\/\"]}]},{\"@type\":\"ImageObject\",\"inLanguage\":\"es\",\"@id\":\"https:\/\/www.pressenza.com\/es\/2023\/01\/diez-anos-de-la-partida-de-aron-swartz-un-gran-luchador-por-el-conocimiento-libre\/#primaryimage\",\"url\":\"https:\/\/www.pressenza.com\/wp-content\/uploads\/2023\/01\/AaronSwartzPIPA.jpg\",\"contentUrl\":\"https:\/\/www.pressenza.com\/wp-content\/uploads\/2023\/01\/AaronSwartzPIPA.jpg\",\"width\":640,\"height\":424},{\"@type\":\"BreadcrumbList\",\"@id\":\"https:\/\/www.pressenza.com\/es\/2023\/01\/diez-anos-de-la-partida-de-aron-swartz-un-gran-luchador-por-el-conocimiento-libre\/#breadcrumb\",\"itemListElement\":[{\"@type\":\"ListItem\",\"position\":1,\"name\":\"Accueil\",\"item\":\"https:\/\/www.pressenza.com\/es\/\"},{\"@type\":\"ListItem\",\"position\":2,\"name\":\"Diez a\u00f1os de la partida de Aaron Swartz, un gran luchador por el conocimiento libre\"}]},{\"@type\":\"WebSite\",\"@id\":\"https:\/\/www.pressenza.com\/es\/#website\",\"url\":\"https:\/\/www.pressenza.com\/es\/\",\"name\":\"Pressenza\",\"description\":\"International Press Agency\",\"publisher\":{\"@id\":\"https:\/\/www.pressenza.com\/es\/#organization\"},\"potentialAction\":[{\"@type\":\"SearchAction\",\"target\":{\"@type\":\"EntryPoint\",\"urlTemplate\":\"https:\/\/www.pressenza.com\/es\/?s={search_term_string}\"},\"query-input\":{\"@type\":\"PropertyValueSpecification\",\"valueRequired\":true,\"valueName\":\"search_term_string\"}}],\"inLanguage\":\"es\"},{\"@type\":\"Organization\",\"@id\":\"https:\/\/www.pressenza.com\/es\/#organization\",\"name\":\"Pressenza\",\"url\":\"https:\/\/www.pressenza.com\/es\/\",\"logo\":{\"@type\":\"ImageObject\",\"inLanguage\":\"es\",\"@id\":\"https:\/\/www.pressenza.com\/es\/#\/schema\/logo\/image\/\",\"url\":\"https:\/\/www.pressenza.com\/wp-content\/uploads\/2022\/10\/pressenza_logo_200x200.jpg\",\"contentUrl\":\"https:\/\/www.pressenza.com\/wp-content\/uploads\/2022\/10\/pressenza_logo_200x200.jpg\",\"width\":200,\"height\":200,\"caption\":\"Pressenza\"},\"image\":{\"@id\":\"https:\/\/www.pressenza.com\/es\/#\/schema\/logo\/image\/\"},\"sameAs\":[\"https:\/\/www.facebook.com\/PressenzaItalia\",\"https:\/\/x.com\/PressenzaIPA\"]},{\"@type\":\"Person\",\"@id\":\"https:\/\/www.pressenza.com\/es\/#\/schema\/person\/f353f6d4eed144101dedba60e6227564\",\"name\":\"Javier Tolcachier\",\"description\":\"Javier Tolcachier is a researcher from the World Centre of Humanist Studies, an organism of the Humanist Movement. Mail: javiertolcachier@disroot.org Twitter: @jtolcachier\",\"sameAs\":[\"https:\/\/www.facebook.com\/javier.tolcachier?fref=ts\",\"https:\/\/x.com\/jtolcachier\"],\"url\":\"https:\/\/www.pressenza.com\/es\/author\/javier-tolcachier\/\"}]}<\/script>\n<!-- \/ Yoast SEO plugin. -->","yoast_head_json":{"title":"Diez a\u00f1os de la partida de Aaron Swartz, un gran luchador por el conocimiento libre","description":"Este 13 de Enero se cumplen diez a\u00f1os de la partida f\u00edsica de Aaron Swartz. D\u00eda que se ha instituido en su homenaje como el \"D\u00eda del Ciberactivismo\".","robots":{"index":"index","follow":"follow","max-snippet":"max-snippet:-1","max-image-preview":"max-image-preview:large","max-video-preview":"max-video-preview:-1"},"canonical":"https:\/\/www.pressenza.com\/es\/2023\/01\/diez-anos-de-la-partida-de-aron-swartz-un-gran-luchador-por-el-conocimiento-libre\/","og_locale":"es_ES","og_type":"article","og_title":"Diez a\u00f1os de la partida de Aaron Swartz, un gran luchador por el conocimiento libre","og_description":"Este 13 de Enero se cumplen diez a\u00f1os de la partida f\u00edsica de Aaron Swartz. D\u00eda que se ha instituido en su homenaje como el \"D\u00eda del Ciberactivismo\".","og_url":"https:\/\/www.pressenza.com\/es\/2023\/01\/diez-anos-de-la-partida-de-aron-swartz-un-gran-luchador-por-el-conocimiento-libre\/","og_site_name":"Pressenza","article_publisher":"https:\/\/www.facebook.com\/PressenzaItalia","article_author":"https:\/\/www.facebook.com\/javier.tolcachier?fref=ts","article_published_time":"2023-01-14T00:14:40+00:00","article_modified_time":"2023-01-18T14:05:30+00:00","og_image":[{"width":640,"height":424,"url":"https:\/\/www.pressenza.com\/wp-content\/uploads\/2023\/01\/AaronSwartzPIPA.jpg","type":"image\/jpeg"}],"author":"Javier Tolcachier","twitter_card":"summary_large_image","twitter_creator":"@jtolcachier","twitter_site":"@PressenzaIPA","twitter_misc":{"Escrito por":"Javier Tolcachier","Tiempo de lectura":"4 minutos"},"schema":{"@context":"https:\/\/schema.org","@graph":[{"@type":"Article","@id":"https:\/\/www.pressenza.com\/es\/2023\/01\/diez-anos-de-la-partida-de-aron-swartz-un-gran-luchador-por-el-conocimiento-libre\/#article","isPartOf":{"@id":"https:\/\/www.pressenza.com\/es\/2023\/01\/diez-anos-de-la-partida-de-aron-swartz-un-gran-luchador-por-el-conocimiento-libre\/"},"author":{"name":"Javier Tolcachier","@id":"https:\/\/www.pressenza.com\/es\/#\/schema\/person\/f353f6d4eed144101dedba60e6227564"},"headline":"Diez a\u00f1os de la partida de Aaron Swartz, un gran luchador por el conocimiento libre","datePublished":"2023-01-14T00:14:40+00:00","dateModified":"2023-01-18T14:05:30+00:00","mainEntityOfPage":{"@id":"https:\/\/www.pressenza.com\/es\/2023\/01\/diez-anos-de-la-partida-de-aron-swartz-un-gran-luchador-por-el-conocimiento-libre\/"},"wordCount":644,"publisher":{"@id":"https:\/\/www.pressenza.com\/es\/#organization"},"image":{"@id":"https:\/\/www.pressenza.com\/es\/2023\/01\/diez-anos-de-la-partida-de-aron-swartz-un-gran-luchador-por-el-conocimiento-libre\/#primaryimage"},"thumbnailUrl":"https:\/\/www.pressenza.com\/wp-content\/uploads\/2023\/01\/AaronSwartzPIPA.jpg","keywords":["aaron swartz","ciberactivismo","conocimiento compartido","cultura libre","Hacktivismo"],"articleSection":["Ciencia y Tecnolog\u00eda","Contenido Original","Cultura y Medios","Humanismo y Espiritualidad","Internacional","Sin categorizar"],"inLanguage":"es"},{"@type":"WebPage","@id":"https:\/\/www.pressenza.com\/es\/2023\/01\/diez-anos-de-la-partida-de-aron-swartz-un-gran-luchador-por-el-conocimiento-libre\/","url":"https:\/\/www.pressenza.com\/es\/2023\/01\/diez-anos-de-la-partida-de-aron-swartz-un-gran-luchador-por-el-conocimiento-libre\/","name":"Diez a\u00f1os de la partida de Aaron Swartz, un gran luchador por el conocimiento libre","isPartOf":{"@id":"https:\/\/www.pressenza.com\/es\/#website"},"primaryImageOfPage":{"@id":"https:\/\/www.pressenza.com\/es\/2023\/01\/diez-anos-de-la-partida-de-aron-swartz-un-gran-luchador-por-el-conocimiento-libre\/#primaryimage"},"image":{"@id":"https:\/\/www.pressenza.com\/es\/2023\/01\/diez-anos-de-la-partida-de-aron-swartz-un-gran-luchador-por-el-conocimiento-libre\/#primaryimage"},"thumbnailUrl":"https:\/\/www.pressenza.com\/wp-content\/uploads\/2023\/01\/AaronSwartzPIPA.jpg","datePublished":"2023-01-14T00:14:40+00:00","dateModified":"2023-01-18T14:05:30+00:00","description":"Este 13 de Enero se cumplen diez a\u00f1os de la partida f\u00edsica de Aaron Swartz. D\u00eda que se ha instituido en su homenaje como el \"D\u00eda del Ciberactivismo\".","breadcrumb":{"@id":"https:\/\/www.pressenza.com\/es\/2023\/01\/diez-anos-de-la-partida-de-aron-swartz-un-gran-luchador-por-el-conocimiento-libre\/#breadcrumb"},"inLanguage":"es","potentialAction":[{"@type":"ReadAction","target":["https:\/\/www.pressenza.com\/es\/2023\/01\/diez-anos-de-la-partida-de-aron-swartz-un-gran-luchador-por-el-conocimiento-libre\/"]}]},{"@type":"ImageObject","inLanguage":"es","@id":"https:\/\/www.pressenza.com\/es\/2023\/01\/diez-anos-de-la-partida-de-aron-swartz-un-gran-luchador-por-el-conocimiento-libre\/#primaryimage","url":"https:\/\/www.pressenza.com\/wp-content\/uploads\/2023\/01\/AaronSwartzPIPA.jpg","contentUrl":"https:\/\/www.pressenza.com\/wp-content\/uploads\/2023\/01\/AaronSwartzPIPA.jpg","width":640,"height":424},{"@type":"BreadcrumbList","@id":"https:\/\/www.pressenza.com\/es\/2023\/01\/diez-anos-de-la-partida-de-aron-swartz-un-gran-luchador-por-el-conocimiento-libre\/#breadcrumb","itemListElement":[{"@type":"ListItem","position":1,"name":"Accueil","item":"https:\/\/www.pressenza.com\/es\/"},{"@type":"ListItem","position":2,"name":"Diez a\u00f1os de la partida de Aaron Swartz, un gran luchador por el conocimiento libre"}]},{"@type":"WebSite","@id":"https:\/\/www.pressenza.com\/es\/#website","url":"https:\/\/www.pressenza.com\/es\/","name":"Pressenza","description":"International Press Agency","publisher":{"@id":"https:\/\/www.pressenza.com\/es\/#organization"},"potentialAction":[{"@type":"SearchAction","target":{"@type":"EntryPoint","urlTemplate":"https:\/\/www.pressenza.com\/es\/?s={search_term_string}"},"query-input":{"@type":"PropertyValueSpecification","valueRequired":true,"valueName":"search_term_string"}}],"inLanguage":"es"},{"@type":"Organization","@id":"https:\/\/www.pressenza.com\/es\/#organization","name":"Pressenza","url":"https:\/\/www.pressenza.com\/es\/","logo":{"@type":"ImageObject","inLanguage":"es","@id":"https:\/\/www.pressenza.com\/es\/#\/schema\/logo\/image\/","url":"https:\/\/www.pressenza.com\/wp-content\/uploads\/2022\/10\/pressenza_logo_200x200.jpg","contentUrl":"https:\/\/www.pressenza.com\/wp-content\/uploads\/2022\/10\/pressenza_logo_200x200.jpg","width":200,"height":200,"caption":"Pressenza"},"image":{"@id":"https:\/\/www.pressenza.com\/es\/#\/schema\/logo\/image\/"},"sameAs":["https:\/\/www.facebook.com\/PressenzaItalia","https:\/\/x.com\/PressenzaIPA"]},{"@type":"Person","@id":"https:\/\/www.pressenza.com\/es\/#\/schema\/person\/f353f6d4eed144101dedba60e6227564","name":"Javier Tolcachier","description":"Javier Tolcachier is a researcher from the World Centre of Humanist Studies, an organism of the Humanist Movement. Mail: javiertolcachier@disroot.org Twitter: @jtolcachier","sameAs":["https:\/\/www.facebook.com\/javier.tolcachier?fref=ts","https:\/\/x.com\/jtolcachier"],"url":"https:\/\/www.pressenza.com\/es\/author\/javier-tolcachier\/"}]}},"place":"","original_article_url":"","_links":{"self":[{"href":"https:\/\/www.pressenza.com\/es\/wp-json\/wp\/v2\/posts\/1709264","targetHints":{"allow":["GET"]}}],"collection":[{"href":"https:\/\/www.pressenza.com\/es\/wp-json\/wp\/v2\/posts"}],"about":[{"href":"https:\/\/www.pressenza.com\/es\/wp-json\/wp\/v2\/types\/post"}],"author":[{"embeddable":true,"href":"https:\/\/www.pressenza.com\/es\/wp-json\/wp\/v2\/users\/970"}],"replies":[{"embeddable":true,"href":"https:\/\/www.pressenza.com\/es\/wp-json\/wp\/v2\/comments?post=1709264"}],"version-history":[{"count":0,"href":"https:\/\/www.pressenza.com\/es\/wp-json\/wp\/v2\/posts\/1709264\/revisions"}],"wp:featuredmedia":[{"embeddable":true,"href":"https:\/\/www.pressenza.com\/es\/wp-json\/wp\/v2\/media\/1709270"}],"wp:attachment":[{"href":"https:\/\/www.pressenza.com\/es\/wp-json\/wp\/v2\/media?parent=1709264"}],"wp:term":[{"taxonomy":"category","embeddable":true,"href":"https:\/\/www.pressenza.com\/es\/wp-json\/wp\/v2\/categories?post=1709264"},{"taxonomy":"post_tag","embeddable":true,"href":"https:\/\/www.pressenza.com\/es\/wp-json\/wp\/v2\/tags?post=1709264"}],"curies":[{"name":"wp","href":"https:\/\/api.w.org\/{rel}","templated":true}]}}