{"id":1709137,"date":"2023-01-12T22:38:07","date_gmt":"2023-01-12T22:38:07","guid":{"rendered":"https:\/\/www.pressenza.com\/?p=1709137"},"modified":"2023-01-12T22:39:25","modified_gmt":"2023-01-12T22:39:25","slug":"marcha-contra-la-guerra-en-ucrania-y-la-expansion-de-la-otan","status":"publish","type":"post","link":"https:\/\/www.pressenza.com\/es\/2023\/01\/marcha-contra-la-guerra-en-ucrania-y-la-expansion-de-la-otan\/","title":{"rendered":"Marcha en Nueva York contra la guerra en Ucrania y la expansi\u00f3n de la OTAN"},"content":{"rendered":"<p>Bajo el lema \u00ab\u00a1S\u00ed a la Paz en Ucrania, No a la Expansi\u00f3n de la OTAN\u00bb tendr\u00e1 lugar este S\u00e1bado 14 de enero una Marcha por la Paz en Nueva York.<\/p>\n<p>Est\u00e1 previsto que los manifestantes se reunan en Times Square a las 12:00 para marchar por el centro de Manhattan honrando el legado antib\u00e9lico del Dr. King y exigiendo el fin de la participaci\u00f3n de Estados Unidos en la guerra de Ucrania.<\/p>\n<p>\u00abD\u00e9cadas de pol\u00edtica gubernamental estadounidense han hecho que la guerra en Ucrania sea casi inevitable\u00bb, declar\u00f3 Brian Becker, Director Nacional de la Coalici\u00f3n ANSWER, una de las organizaciones patrocinadoras de la marcha.<\/p>\n<p>\u00abLa expansi\u00f3n de la OTAN en Europa del Este, la retirada de Estados Unidos de los principales tratados de control de armamento y la perspectiva de que Ucrania sea una base de operaciones para los sistemas avanzados de armamento de la OTAN han preparado el terreno para este conflicto\u00bb.<\/p>\n<p>Seg\u00fan la convocatoria, los manifestantes exigir\u00e1n que el dinero presupuestado para la guerra se destine a satisfacer las necesidades de la poblaci\u00f3n.<\/p>\n<p>\u00abEs un esc\u00e1ndalo que se hayan destinado 100.000 millones de d\u00f3lares a la guerra por poderes de Estados Unidos en Ucrania, mientras las escuelas carecen de fondos suficientes, las infraestructuras cr\u00edticas est\u00e1n desatendidas y la atenci\u00f3n sanitaria de calidad sigue estando fuera del alcance de millones de personas. Los \u00fanicos que ganan son los contratistas militares, que obtienen enormes beneficios mientras la guerra se prolonga\u00bb, declar\u00f3 Claudia De La Cruz, codirectora ejecutiva de The People&#8217;s Forum, tambi\u00e9n organizaci\u00f3n impulsora de la actividad.<\/p>\n<p>\u00abLa administraci\u00f3n Biden debe poner fin inmediatamente a su pol\u00edtica de escalada temeraria y negociar la paz\u00bb, agreg\u00f3.<\/p>\n<p>La manifestaci\u00f3n comenzar\u00e1 ante el centro de reclutamiento militar de Times Square con una concentraci\u00f3n en la que participar\u00e1n oradores de una amplia gama de organizaciones progresistas y antibelicistas, seguida de una marcha por las zonas cercanas.<\/p>\n<p>Esta acci\u00f3n fue iniciada por la Coalici\u00f3n ANSWER y The People&#8217;s Forum, y est\u00e1 respaldada por Veteranos por la Paz, CodePink, Party for Socialism and Liberation, United National Anti-War Coalition, Haiti Libert\u00e9, Rising Together, Peace in Ukraine Coalition, NYC-DSA Anti-War Working Group, Massachusetts Peace Action, y muchos otros.<\/p>\n<p>Esta marcha tiene lugar durante el fin de semana festivo de Martin Luther King, Jr. En el \u00faltimo a\u00f1o de su vida, antes de que la bala de un asesino acabara con \u00e9l, el Dr. King se organiz\u00f3 por todo el pa\u00eds contra lo que \u00e9l describi\u00f3 como los \u00abTres Males\u00bb de nuestra sociedad: militarismo, racismo y pobreza.<\/p>\n<p>Finalmente, los organizadores se\u00f1alaron que \u00abhonrar al Dr. King de manera significativa significa construir un movimiento cada vez m\u00e1s fuerte por la paz y contra la injusticia social y econ\u00f3mica. Esto debe incluir el uso de los vastos recursos de la sociedad para financiar la sanidad, la vivienda, la educaci\u00f3n y para salvar el medio ambiente, en lugar de seguir financiando con millones la ya abultada maquinaria b\u00e9lica.\u00bb<\/p>\n<p>&nbsp;<\/p>\n","protected":false},"excerpt":{"rendered":"<p>Bajo el lema \u00ab\u00a1S\u00ed a la Paz en Ucrania, No a la Expansi\u00f3n de la OTAN\u00bb tendr\u00e1 lugar este S\u00e1bado 14 de enero una Marcha por la Paz en Nueva York. Est\u00e1 previsto que los manifestantes se reunan en Times&hellip;<\/p>\n","protected":false},"author":1126,"featured_media":1709138,"comment_status":"closed","ping_status":"closed","sticky":false,"template":"","format":"standard","meta":{"footnotes":""},"categories":[149,68,1243],"tags":[794,38084,924,36149,8879],"class_list":["post-1709137","post","type-post","status-publish","format-standard","has-post-thumbnail","hentry","category-comunicados-de-prensa","category-norteamerica","category-paz-desarme","tag-armamentismo","tag-martin-luther-king-jr","tag-otan","tag-presupuesto-belico","tag-ucrania"],"yoast_head":"<!-- This site is optimized with the Yoast SEO plugin v27.1.1 - https:\/\/yoast.com\/product\/yoast-seo-wordpress\/ -->\n<title>Marcha en Nueva York contra la guerra en Ucrania y la expansi\u00f3n de la OTAN<\/title>\n<meta name=\"description\" content=\"Bajo el lema &quot;\u00a1S\u00ed a la Paz en Ucrania, No a la Expansi\u00f3n de la OTAN&quot; tendr\u00e1 lugar este S\u00e1bado 14 de enero una Marcha por la Paz en Nueva York. Est\u00e1\" \/>\n<meta name=\"robots\" content=\"index, follow, max-snippet:-1, max-image-preview:large, max-video-preview:-1\" \/>\n<link rel=\"canonical\" href=\"https:\/\/www.pressenza.com\/es\/2023\/01\/marcha-contra-la-guerra-en-ucrania-y-la-expansion-de-la-otan\/\" \/>\n<meta property=\"og:locale\" content=\"es_ES\" \/>\n<meta property=\"og:type\" content=\"article\" \/>\n<meta property=\"og:title\" content=\"Marcha en Nueva York contra la guerra en Ucrania y la expansi\u00f3n de la OTAN\" \/>\n<meta property=\"og:description\" content=\"Bajo el lema &quot;\u00a1S\u00ed a la Paz en Ucrania, No a la Expansi\u00f3n de la OTAN&quot; tendr\u00e1 lugar este S\u00e1bado 14 de enero una Marcha por la Paz en Nueva York. Est\u00e1\" \/>\n<meta property=\"og:url\" content=\"https:\/\/www.pressenza.com\/es\/2023\/01\/marcha-contra-la-guerra-en-ucrania-y-la-expansion-de-la-otan\/\" \/>\n<meta property=\"og:site_name\" content=\"Pressenza\" \/>\n<meta property=\"article:publisher\" content=\"https:\/\/www.facebook.com\/PressenzaItalia\" \/>\n<meta property=\"article:author\" content=\"https:\/\/www.facebook.com\/PressenzaEnglish\/\" \/>\n<meta property=\"article:published_time\" content=\"2023-01-12T22:38:07+00:00\" \/>\n<meta property=\"article:modified_time\" content=\"2023-01-12T22:39:25+00:00\" \/>\n<meta property=\"og:image\" content=\"https:\/\/www.pressenza.com\/wp-content\/uploads\/2023\/01\/MLK-1.jpg\" \/>\n\t<meta property=\"og:image:width\" content=\"1908\" \/>\n\t<meta property=\"og:image:height\" content=\"1456\" \/>\n\t<meta property=\"og:image:type\" content=\"image\/jpeg\" \/>\n<meta name=\"author\" content=\"Pressenza New York\" \/>\n<meta name=\"twitter:card\" content=\"summary_large_image\" \/>\n<meta name=\"twitter:creator\" content=\"@PressenzaIPA\" \/>\n<meta name=\"twitter:site\" content=\"@PressenzaIPA\" \/>\n<meta name=\"twitter:label1\" content=\"Escrito por\" \/>\n\t<meta name=\"twitter:data1\" content=\"Pressenza New York\" \/>\n\t<meta name=\"twitter:label2\" content=\"Tiempo de lectura\" \/>\n\t<meta name=\"twitter:data2\" content=\"3 minutos\" \/>\n<script type=\"application\/ld+json\" class=\"yoast-schema-graph\">{\"@context\":\"https:\/\/schema.org\",\"@graph\":[{\"@type\":\"Article\",\"@id\":\"https:\/\/www.pressenza.com\/es\/2023\/01\/marcha-contra-la-guerra-en-ucrania-y-la-expansion-de-la-otan\/#article\",\"isPartOf\":{\"@id\":\"https:\/\/www.pressenza.com\/es\/2023\/01\/marcha-contra-la-guerra-en-ucrania-y-la-expansion-de-la-otan\/\"},\"author\":{\"name\":\"Pressenza New York\",\"@id\":\"https:\/\/www.pressenza.com\/es\/#\/schema\/person\/75ff8ec4b4b03f1d2da977bba83672b3\"},\"headline\":\"Marcha en Nueva York contra la guerra en Ucrania y la expansi\u00f3n de la OTAN\",\"datePublished\":\"2023-01-12T22:38:07+00:00\",\"dateModified\":\"2023-01-12T22:39:25+00:00\",\"mainEntityOfPage\":{\"@id\":\"https:\/\/www.pressenza.com\/es\/2023\/01\/marcha-contra-la-guerra-en-ucrania-y-la-expansion-de-la-otan\/\"},\"wordCount\":535,\"publisher\":{\"@id\":\"https:\/\/www.pressenza.com\/es\/#organization\"},\"image\":{\"@id\":\"https:\/\/www.pressenza.com\/es\/2023\/01\/marcha-contra-la-guerra-en-ucrania-y-la-expansion-de-la-otan\/#primaryimage\"},\"thumbnailUrl\":\"https:\/\/www.pressenza.com\/wp-content\/uploads\/2023\/01\/MLK-1.jpg\",\"keywords\":[\"armamentismo\",\"Martin Luther King Jr.\",\"OTAN\",\"presupuesto b\u00e9lico\",\"Ucrania\"],\"articleSection\":[\"Comunicados de Prensa\",\"Norteam\u00e9rica\",\"Paz y Desarme\"],\"inLanguage\":\"es\"},{\"@type\":\"WebPage\",\"@id\":\"https:\/\/www.pressenza.com\/es\/2023\/01\/marcha-contra-la-guerra-en-ucrania-y-la-expansion-de-la-otan\/\",\"url\":\"https:\/\/www.pressenza.com\/es\/2023\/01\/marcha-contra-la-guerra-en-ucrania-y-la-expansion-de-la-otan\/\",\"name\":\"Marcha en Nueva York contra la guerra en Ucrania y la expansi\u00f3n de la OTAN\",\"isPartOf\":{\"@id\":\"https:\/\/www.pressenza.com\/es\/#website\"},\"primaryImageOfPage\":{\"@id\":\"https:\/\/www.pressenza.com\/es\/2023\/01\/marcha-contra-la-guerra-en-ucrania-y-la-expansion-de-la-otan\/#primaryimage\"},\"image\":{\"@id\":\"https:\/\/www.pressenza.com\/es\/2023\/01\/marcha-contra-la-guerra-en-ucrania-y-la-expansion-de-la-otan\/#primaryimage\"},\"thumbnailUrl\":\"https:\/\/www.pressenza.com\/wp-content\/uploads\/2023\/01\/MLK-1.jpg\",\"datePublished\":\"2023-01-12T22:38:07+00:00\",\"dateModified\":\"2023-01-12T22:39:25+00:00\",\"description\":\"Bajo el lema \\\"\u00a1S\u00ed a la Paz en Ucrania, No a la Expansi\u00f3n de la OTAN\\\" tendr\u00e1 lugar este S\u00e1bado 14 de enero una Marcha por la Paz en Nueva York. Est\u00e1\",\"breadcrumb\":{\"@id\":\"https:\/\/www.pressenza.com\/es\/2023\/01\/marcha-contra-la-guerra-en-ucrania-y-la-expansion-de-la-otan\/#breadcrumb\"},\"inLanguage\":\"es\",\"potentialAction\":[{\"@type\":\"ReadAction\",\"target\":[\"https:\/\/www.pressenza.com\/es\/2023\/01\/marcha-contra-la-guerra-en-ucrania-y-la-expansion-de-la-otan\/\"]}]},{\"@type\":\"ImageObject\",\"inLanguage\":\"es\",\"@id\":\"https:\/\/www.pressenza.com\/es\/2023\/01\/marcha-contra-la-guerra-en-ucrania-y-la-expansion-de-la-otan\/#primaryimage\",\"url\":\"https:\/\/www.pressenza.com\/wp-content\/uploads\/2023\/01\/MLK-1.jpg\",\"contentUrl\":\"https:\/\/www.pressenza.com\/wp-content\/uploads\/2023\/01\/MLK-1.jpg\",\"width\":1908,\"height\":1456},{\"@type\":\"BreadcrumbList\",\"@id\":\"https:\/\/www.pressenza.com\/es\/2023\/01\/marcha-contra-la-guerra-en-ucrania-y-la-expansion-de-la-otan\/#breadcrumb\",\"itemListElement\":[{\"@type\":\"ListItem\",\"position\":1,\"name\":\"Accueil\",\"item\":\"https:\/\/www.pressenza.com\/es\/\"},{\"@type\":\"ListItem\",\"position\":2,\"name\":\"Marcha en Nueva York contra la guerra en Ucrania y la expansi\u00f3n de la OTAN\"}]},{\"@type\":\"WebSite\",\"@id\":\"https:\/\/www.pressenza.com\/es\/#website\",\"url\":\"https:\/\/www.pressenza.com\/es\/\",\"name\":\"Pressenza\",\"description\":\"International Press Agency\",\"publisher\":{\"@id\":\"https:\/\/www.pressenza.com\/es\/#organization\"},\"potentialAction\":[{\"@type\":\"SearchAction\",\"target\":{\"@type\":\"EntryPoint\",\"urlTemplate\":\"https:\/\/www.pressenza.com\/es\/?s={search_term_string}\"},\"query-input\":{\"@type\":\"PropertyValueSpecification\",\"valueRequired\":true,\"valueName\":\"search_term_string\"}}],\"inLanguage\":\"es\"},{\"@type\":\"Organization\",\"@id\":\"https:\/\/www.pressenza.com\/es\/#organization\",\"name\":\"Pressenza\",\"url\":\"https:\/\/www.pressenza.com\/es\/\",\"logo\":{\"@type\":\"ImageObject\",\"inLanguage\":\"es\",\"@id\":\"https:\/\/www.pressenza.com\/es\/#\/schema\/logo\/image\/\",\"url\":\"https:\/\/www.pressenza.com\/wp-content\/uploads\/2022\/10\/pressenza_logo_200x200.jpg\",\"contentUrl\":\"https:\/\/www.pressenza.com\/wp-content\/uploads\/2022\/10\/pressenza_logo_200x200.jpg\",\"width\":200,\"height\":200,\"caption\":\"Pressenza\"},\"image\":{\"@id\":\"https:\/\/www.pressenza.com\/es\/#\/schema\/logo\/image\/\"},\"sameAs\":[\"https:\/\/www.facebook.com\/PressenzaItalia\",\"https:\/\/x.com\/PressenzaIPA\"]},{\"@type\":\"Person\",\"@id\":\"https:\/\/www.pressenza.com\/es\/#\/schema\/person\/75ff8ec4b4b03f1d2da977bba83672b3\",\"name\":\"Pressenza New York\",\"description\":\"News from the Pressenza Bureau in New York, United States\",\"sameAs\":[\"https:\/\/www.facebook.com\/PressenzaEnglish\/\",\"https:\/\/x.com\/PressenzaIPA\"],\"url\":\"https:\/\/www.pressenza.com\/es\/author\/pressenza-new-york\/\"}]}<\/script>\n<!-- \/ Yoast SEO plugin. -->","yoast_head_json":{"title":"Marcha en Nueva York contra la guerra en Ucrania y la expansi\u00f3n de la OTAN","description":"Bajo el lema \"\u00a1S\u00ed a la Paz en Ucrania, No a la Expansi\u00f3n de la OTAN\" tendr\u00e1 lugar este S\u00e1bado 14 de enero una Marcha por la Paz en Nueva York. Est\u00e1","robots":{"index":"index","follow":"follow","max-snippet":"max-snippet:-1","max-image-preview":"max-image-preview:large","max-video-preview":"max-video-preview:-1"},"canonical":"https:\/\/www.pressenza.com\/es\/2023\/01\/marcha-contra-la-guerra-en-ucrania-y-la-expansion-de-la-otan\/","og_locale":"es_ES","og_type":"article","og_title":"Marcha en Nueva York contra la guerra en Ucrania y la expansi\u00f3n de la OTAN","og_description":"Bajo el lema \"\u00a1S\u00ed a la Paz en Ucrania, No a la Expansi\u00f3n de la OTAN\" tendr\u00e1 lugar este S\u00e1bado 14 de enero una Marcha por la Paz en Nueva York. Est\u00e1","og_url":"https:\/\/www.pressenza.com\/es\/2023\/01\/marcha-contra-la-guerra-en-ucrania-y-la-expansion-de-la-otan\/","og_site_name":"Pressenza","article_publisher":"https:\/\/www.facebook.com\/PressenzaItalia","article_author":"https:\/\/www.facebook.com\/PressenzaEnglish\/","article_published_time":"2023-01-12T22:38:07+00:00","article_modified_time":"2023-01-12T22:39:25+00:00","og_image":[{"width":1908,"height":1456,"url":"https:\/\/www.pressenza.com\/wp-content\/uploads\/2023\/01\/MLK-1.jpg","type":"image\/jpeg"}],"author":"Pressenza New York","twitter_card":"summary_large_image","twitter_creator":"@PressenzaIPA","twitter_site":"@PressenzaIPA","twitter_misc":{"Escrito por":"Pressenza New York","Tiempo de lectura":"3 minutos"},"schema":{"@context":"https:\/\/schema.org","@graph":[{"@type":"Article","@id":"https:\/\/www.pressenza.com\/es\/2023\/01\/marcha-contra-la-guerra-en-ucrania-y-la-expansion-de-la-otan\/#article","isPartOf":{"@id":"https:\/\/www.pressenza.com\/es\/2023\/01\/marcha-contra-la-guerra-en-ucrania-y-la-expansion-de-la-otan\/"},"author":{"name":"Pressenza New York","@id":"https:\/\/www.pressenza.com\/es\/#\/schema\/person\/75ff8ec4b4b03f1d2da977bba83672b3"},"headline":"Marcha en Nueva York contra la guerra en Ucrania y la expansi\u00f3n de la OTAN","datePublished":"2023-01-12T22:38:07+00:00","dateModified":"2023-01-12T22:39:25+00:00","mainEntityOfPage":{"@id":"https:\/\/www.pressenza.com\/es\/2023\/01\/marcha-contra-la-guerra-en-ucrania-y-la-expansion-de-la-otan\/"},"wordCount":535,"publisher":{"@id":"https:\/\/www.pressenza.com\/es\/#organization"},"image":{"@id":"https:\/\/www.pressenza.com\/es\/2023\/01\/marcha-contra-la-guerra-en-ucrania-y-la-expansion-de-la-otan\/#primaryimage"},"thumbnailUrl":"https:\/\/www.pressenza.com\/wp-content\/uploads\/2023\/01\/MLK-1.jpg","keywords":["armamentismo","Martin Luther King Jr.","OTAN","presupuesto b\u00e9lico","Ucrania"],"articleSection":["Comunicados de Prensa","Norteam\u00e9rica","Paz y Desarme"],"inLanguage":"es"},{"@type":"WebPage","@id":"https:\/\/www.pressenza.com\/es\/2023\/01\/marcha-contra-la-guerra-en-ucrania-y-la-expansion-de-la-otan\/","url":"https:\/\/www.pressenza.com\/es\/2023\/01\/marcha-contra-la-guerra-en-ucrania-y-la-expansion-de-la-otan\/","name":"Marcha en Nueva York contra la guerra en Ucrania y la expansi\u00f3n de la OTAN","isPartOf":{"@id":"https:\/\/www.pressenza.com\/es\/#website"},"primaryImageOfPage":{"@id":"https:\/\/www.pressenza.com\/es\/2023\/01\/marcha-contra-la-guerra-en-ucrania-y-la-expansion-de-la-otan\/#primaryimage"},"image":{"@id":"https:\/\/www.pressenza.com\/es\/2023\/01\/marcha-contra-la-guerra-en-ucrania-y-la-expansion-de-la-otan\/#primaryimage"},"thumbnailUrl":"https:\/\/www.pressenza.com\/wp-content\/uploads\/2023\/01\/MLK-1.jpg","datePublished":"2023-01-12T22:38:07+00:00","dateModified":"2023-01-12T22:39:25+00:00","description":"Bajo el lema \"\u00a1S\u00ed a la Paz en Ucrania, No a la Expansi\u00f3n de la OTAN\" tendr\u00e1 lugar este S\u00e1bado 14 de enero una Marcha por la Paz en Nueva York. Est\u00e1","breadcrumb":{"@id":"https:\/\/www.pressenza.com\/es\/2023\/01\/marcha-contra-la-guerra-en-ucrania-y-la-expansion-de-la-otan\/#breadcrumb"},"inLanguage":"es","potentialAction":[{"@type":"ReadAction","target":["https:\/\/www.pressenza.com\/es\/2023\/01\/marcha-contra-la-guerra-en-ucrania-y-la-expansion-de-la-otan\/"]}]},{"@type":"ImageObject","inLanguage":"es","@id":"https:\/\/www.pressenza.com\/es\/2023\/01\/marcha-contra-la-guerra-en-ucrania-y-la-expansion-de-la-otan\/#primaryimage","url":"https:\/\/www.pressenza.com\/wp-content\/uploads\/2023\/01\/MLK-1.jpg","contentUrl":"https:\/\/www.pressenza.com\/wp-content\/uploads\/2023\/01\/MLK-1.jpg","width":1908,"height":1456},{"@type":"BreadcrumbList","@id":"https:\/\/www.pressenza.com\/es\/2023\/01\/marcha-contra-la-guerra-en-ucrania-y-la-expansion-de-la-otan\/#breadcrumb","itemListElement":[{"@type":"ListItem","position":1,"name":"Accueil","item":"https:\/\/www.pressenza.com\/es\/"},{"@type":"ListItem","position":2,"name":"Marcha en Nueva York contra la guerra en Ucrania y la expansi\u00f3n de la OTAN"}]},{"@type":"WebSite","@id":"https:\/\/www.pressenza.com\/es\/#website","url":"https:\/\/www.pressenza.com\/es\/","name":"Pressenza","description":"International Press Agency","publisher":{"@id":"https:\/\/www.pressenza.com\/es\/#organization"},"potentialAction":[{"@type":"SearchAction","target":{"@type":"EntryPoint","urlTemplate":"https:\/\/www.pressenza.com\/es\/?s={search_term_string}"},"query-input":{"@type":"PropertyValueSpecification","valueRequired":true,"valueName":"search_term_string"}}],"inLanguage":"es"},{"@type":"Organization","@id":"https:\/\/www.pressenza.com\/es\/#organization","name":"Pressenza","url":"https:\/\/www.pressenza.com\/es\/","logo":{"@type":"ImageObject","inLanguage":"es","@id":"https:\/\/www.pressenza.com\/es\/#\/schema\/logo\/image\/","url":"https:\/\/www.pressenza.com\/wp-content\/uploads\/2022\/10\/pressenza_logo_200x200.jpg","contentUrl":"https:\/\/www.pressenza.com\/wp-content\/uploads\/2022\/10\/pressenza_logo_200x200.jpg","width":200,"height":200,"caption":"Pressenza"},"image":{"@id":"https:\/\/www.pressenza.com\/es\/#\/schema\/logo\/image\/"},"sameAs":["https:\/\/www.facebook.com\/PressenzaItalia","https:\/\/x.com\/PressenzaIPA"]},{"@type":"Person","@id":"https:\/\/www.pressenza.com\/es\/#\/schema\/person\/75ff8ec4b4b03f1d2da977bba83672b3","name":"Pressenza New York","description":"News from the Pressenza Bureau in New York, United States","sameAs":["https:\/\/www.facebook.com\/PressenzaEnglish\/","https:\/\/x.com\/PressenzaIPA"],"url":"https:\/\/www.pressenza.com\/es\/author\/pressenza-new-york\/"}]}},"place":"Nueva York, EUA","original_article_url":"","_links":{"self":[{"href":"https:\/\/www.pressenza.com\/es\/wp-json\/wp\/v2\/posts\/1709137","targetHints":{"allow":["GET"]}}],"collection":[{"href":"https:\/\/www.pressenza.com\/es\/wp-json\/wp\/v2\/posts"}],"about":[{"href":"https:\/\/www.pressenza.com\/es\/wp-json\/wp\/v2\/types\/post"}],"author":[{"embeddable":true,"href":"https:\/\/www.pressenza.com\/es\/wp-json\/wp\/v2\/users\/1126"}],"replies":[{"embeddable":true,"href":"https:\/\/www.pressenza.com\/es\/wp-json\/wp\/v2\/comments?post=1709137"}],"version-history":[{"count":0,"href":"https:\/\/www.pressenza.com\/es\/wp-json\/wp\/v2\/posts\/1709137\/revisions"}],"wp:featuredmedia":[{"embeddable":true,"href":"https:\/\/www.pressenza.com\/es\/wp-json\/wp\/v2\/media\/1709138"}],"wp:attachment":[{"href":"https:\/\/www.pressenza.com\/es\/wp-json\/wp\/v2\/media?parent=1709137"}],"wp:term":[{"taxonomy":"category","embeddable":true,"href":"https:\/\/www.pressenza.com\/es\/wp-json\/wp\/v2\/categories?post=1709137"},{"taxonomy":"post_tag","embeddable":true,"href":"https:\/\/www.pressenza.com\/es\/wp-json\/wp\/v2\/tags?post=1709137"}],"curies":[{"name":"wp","href":"https:\/\/api.w.org\/{rel}","templated":true}]}}