{"id":1708762,"date":"2023-01-11T02:32:19","date_gmt":"2023-01-11T02:32:19","guid":{"rendered":"https:\/\/www.pressenza.com\/?p=1708762"},"modified":"2023-01-11T02:41:36","modified_gmt":"2023-01-11T02:41:36","slug":"libia-conferencia-de-reconciliacion-nacional-nuevamente-en-el-horizonte","status":"publish","type":"post","link":"https:\/\/www.pressenza.com\/es\/2023\/01\/libia-conferencia-de-reconciliacion-nacional-nuevamente-en-el-horizonte\/","title":{"rendered":"Libia: Conferencia de reconciliaci\u00f3n nacional nuevamente en el horizonte"},"content":{"rendered":"<p>Bajo los auspicios de la Uni\u00f3n Africana, una reuni\u00f3n preparatoria para una posible conferencia de reconciliaci\u00f3n nacional en Libia tuvo lugar en Tr\u00edpoli este 8 de Enero.<\/p>\n<p>El c\u00f3nclave, de car\u00e1cter t\u00e9cnico, puso las bases de un acuerdo para sentar en la misma mesa a los actores para resolver la prolongada crisis que atraviesa el pa\u00eds.<\/p>\n<p>El encuentro cont\u00f3 con la presencia del ministro congole\u00f1o de Asuntos Exteriores, Jean Claude Gakosso, quien en nombre del presidente del comit\u00e9 de Alto Nivel de la organizaci\u00f3n regional, hizo un llamamiento a los actores pol\u00edticos y a las partes implicadas en el conflicto para que trasciendan el rencor.<\/p>\n<p>Inst\u00f3, adem\u00e1s, a los libios a aprovechar esta oferta de la Uni\u00f3n Africana para llevar la paz definitiva al maltrecho pa\u00eds.<\/p>\n<p>Por su parte, el presidente de Senegal y de la Uni\u00f3n Africana (UA), Macky Sall, afirm\u00f3 el compromiso de la iniciativa de la UA y las Naciones Unidas para que la reconciliaci\u00f3n nacional \u00abconstituya un \u00e9xito para impulsar una soluci\u00f3n pol\u00edtica integral\u00bb.<\/p>\n<p>A su vez, el Consejo Nacional de Derechos Humanos critic\u00f3 la falta de participaci\u00f3n de instituciones de la sociedad civil, as\u00ed como de familiares de v\u00edctimas y afectados, para abordar la etapa de reconciliaci\u00f3n.<\/p>\n<p>Los participantes en esta reuni\u00f3n, que contin\u00faa hasta el pr\u00f3ximo jueves 12, dispusieron los preparativos para la Conferencia en subcomit\u00e9s de trabajo, que deber\u00e1n debatir y aunar criterios sobre el retorno de la seguridad, la forma de gobierno, la descentralizaci\u00f3n y cuestiones relativas a la justicia.<\/p>\n<p>En 2011, aprovechando el sismo de la Primavera \u00c1rabe, los intereses mezquinos de las corporaciones y la estrategia geopol\u00edtica atlantista, con el apoyo armado a facciones rebeldes y la persecuci\u00f3n de Muammar el Gadafi hasta su eliminaci\u00f3n f\u00edsica, no hicieron otra cosa que promover el fratricidio.<\/p>\n<p>M\u00e1s de una d\u00e9cada ha pasado desde entonces y en la actualidad Libia es una naci\u00f3n destruida, siendo principal territorio de paso de migrantes africanos a Europa.<\/p>\n<p>La paz y la reconciliaci\u00f3n constituyen el \u00fanico camino posible para este pa\u00eds otrora pujante, en el que los abundantes ingresos del petr\u00f3leo sirvieron para brindar educaci\u00f3n, salud y vivienda a la poblaci\u00f3n, aunque bajo presi\u00f3n de un gobierno autoritario y represivo contra los disidentes.<\/p>\n<p>Por primera vez desde la frustrada conferencia anunciada por Naciones Unidas para Abril de 2019, esta reuni\u00f3n logr\u00f3 el cometido de enhebrar un camino para acercar las reivindicaciones diametralmente opuestas de los bandos en pugna.<\/p>\n<p>Hoy parece estar m\u00e1s cerca un nuevo horizonte para Libia.<\/p>\n","protected":false},"excerpt":{"rendered":"<p>Bajo los auspicios de la Uni\u00f3n Africana, una reuni\u00f3n preparatoria para una posible conferencia de reconciliaci\u00f3n nacional en Libia tuvo lugar en Tr\u00edpoli este 8 de Enero. El c\u00f3nclave, de car\u00e1cter t\u00e9cnico, puso las bases de un acuerdo para sentar&hellip;<\/p>\n","protected":false},"author":19,"featured_media":1708763,"comment_status":"closed","ping_status":"closed","sticky":false,"template":"","format":"standard","meta":{"footnotes":""},"categories":[64,11389,106739,1243],"tags":[109025,1392,29067],"class_list":["post-1708762","post","type-post","status-publish","format-standard","has-post-thumbnail","hentry","category-africa-es","category-contenido-original","category-noticia","category-paz-desarme","tag-conferencia-reconciliacion-nacional","tag-libia-es","tag-union-africana"],"yoast_head":"<!-- This site is optimized with the Yoast SEO plugin v27.1.1 - https:\/\/yoast.com\/product\/yoast-seo-wordpress\/ -->\n<title>Libia: Conferencia de reconciliaci\u00f3n nacional nuevamente en el horizonte<\/title>\n<meta name=\"description\" content=\"Bajo los auspicios de la Uni\u00f3n Africana, una reuni\u00f3n preparatoria para una posible conferencia de reconciliaci\u00f3n nacional en Libia tuvo lugar en Tr\u00edpoli\" \/>\n<meta name=\"robots\" content=\"index, follow, max-snippet:-1, max-image-preview:large, max-video-preview:-1\" \/>\n<link rel=\"canonical\" href=\"https:\/\/www.pressenza.com\/es\/2023\/01\/libia-conferencia-de-reconciliacion-nacional-nuevamente-en-el-horizonte\/\" \/>\n<meta property=\"og:locale\" content=\"es_ES\" \/>\n<meta property=\"og:type\" content=\"article\" \/>\n<meta property=\"og:title\" content=\"Libia: Conferencia de reconciliaci\u00f3n nacional nuevamente en el horizonte\" \/>\n<meta property=\"og:description\" content=\"Bajo los auspicios de la Uni\u00f3n Africana, una reuni\u00f3n preparatoria para una posible conferencia de reconciliaci\u00f3n nacional en Libia tuvo lugar en Tr\u00edpoli\" \/>\n<meta property=\"og:url\" content=\"https:\/\/www.pressenza.com\/es\/2023\/01\/libia-conferencia-de-reconciliacion-nacional-nuevamente-en-el-horizonte\/\" \/>\n<meta property=\"og:site_name\" content=\"Pressenza\" \/>\n<meta property=\"article:publisher\" content=\"https:\/\/www.facebook.com\/PressenzaItalia\" \/>\n<meta property=\"article:author\" content=\"https:\/\/www.facebook.com\/pressenza\" \/>\n<meta property=\"article:published_time\" content=\"2023-01-11T02:32:19+00:00\" \/>\n<meta property=\"article:modified_time\" content=\"2023-01-11T02:41:36+00:00\" \/>\n<meta property=\"og:image\" content=\"https:\/\/www.pressenza.com\/wp-content\/uploads\/2023\/01\/Smile_Race_libia.jpg\" \/>\n\t<meta property=\"og:image:width\" content=\"1280\" \/>\n\t<meta property=\"og:image:height\" content=\"907\" \/>\n\t<meta property=\"og:image:type\" content=\"image\/jpeg\" \/>\n<meta name=\"author\" content=\"Pressenza IPA\" \/>\n<meta name=\"twitter:card\" content=\"summary_large_image\" \/>\n<meta name=\"twitter:creator\" content=\"@PressenzaIPA\" \/>\n<meta name=\"twitter:site\" content=\"@PressenzaIPA\" \/>\n<meta name=\"twitter:label1\" content=\"Escrito por\" \/>\n\t<meta name=\"twitter:data1\" content=\"Pressenza IPA\" \/>\n\t<meta name=\"twitter:label2\" content=\"Tiempo de lectura\" \/>\n\t<meta name=\"twitter:data2\" content=\"2 minutos\" \/>\n<script type=\"application\/ld+json\" class=\"yoast-schema-graph\">{\"@context\":\"https:\/\/schema.org\",\"@graph\":[{\"@type\":\"Article\",\"@id\":\"https:\/\/www.pressenza.com\/es\/2023\/01\/libia-conferencia-de-reconciliacion-nacional-nuevamente-en-el-horizonte\/#article\",\"isPartOf\":{\"@id\":\"https:\/\/www.pressenza.com\/es\/2023\/01\/libia-conferencia-de-reconciliacion-nacional-nuevamente-en-el-horizonte\/\"},\"author\":{\"name\":\"Pressenza IPA\",\"@id\":\"https:\/\/www.pressenza.com\/es\/#\/schema\/person\/010e5d02bcf40965427a1289a4cc8d75\"},\"headline\":\"Libia: Conferencia de reconciliaci\u00f3n nacional nuevamente en el horizonte\",\"datePublished\":\"2023-01-11T02:32:19+00:00\",\"dateModified\":\"2023-01-11T02:41:36+00:00\",\"mainEntityOfPage\":{\"@id\":\"https:\/\/www.pressenza.com\/es\/2023\/01\/libia-conferencia-de-reconciliacion-nacional-nuevamente-en-el-horizonte\/\"},\"wordCount\":459,\"publisher\":{\"@id\":\"https:\/\/www.pressenza.com\/es\/#organization\"},\"image\":{\"@id\":\"https:\/\/www.pressenza.com\/es\/2023\/01\/libia-conferencia-de-reconciliacion-nacional-nuevamente-en-el-horizonte\/#primaryimage\"},\"thumbnailUrl\":\"https:\/\/www.pressenza.com\/wp-content\/uploads\/2023\/01\/Smile_Race_libia.jpg\",\"keywords\":[\"Conferencia Reconciliaci\u00f3n Nacional\",\"Libia\",\"Uni\u00f3n Africana\"],\"articleSection\":[\"Africa\",\"Contenido Original\",\"Noticia\",\"Paz y Desarme\"],\"inLanguage\":\"es\"},{\"@type\":\"WebPage\",\"@id\":\"https:\/\/www.pressenza.com\/es\/2023\/01\/libia-conferencia-de-reconciliacion-nacional-nuevamente-en-el-horizonte\/\",\"url\":\"https:\/\/www.pressenza.com\/es\/2023\/01\/libia-conferencia-de-reconciliacion-nacional-nuevamente-en-el-horizonte\/\",\"name\":\"Libia: Conferencia de reconciliaci\u00f3n nacional nuevamente en el horizonte\",\"isPartOf\":{\"@id\":\"https:\/\/www.pressenza.com\/es\/#website\"},\"primaryImageOfPage\":{\"@id\":\"https:\/\/www.pressenza.com\/es\/2023\/01\/libia-conferencia-de-reconciliacion-nacional-nuevamente-en-el-horizonte\/#primaryimage\"},\"image\":{\"@id\":\"https:\/\/www.pressenza.com\/es\/2023\/01\/libia-conferencia-de-reconciliacion-nacional-nuevamente-en-el-horizonte\/#primaryimage\"},\"thumbnailUrl\":\"https:\/\/www.pressenza.com\/wp-content\/uploads\/2023\/01\/Smile_Race_libia.jpg\",\"datePublished\":\"2023-01-11T02:32:19+00:00\",\"dateModified\":\"2023-01-11T02:41:36+00:00\",\"description\":\"Bajo los auspicios de la Uni\u00f3n Africana, una reuni\u00f3n preparatoria para una posible conferencia de reconciliaci\u00f3n nacional en Libia tuvo lugar en Tr\u00edpoli\",\"breadcrumb\":{\"@id\":\"https:\/\/www.pressenza.com\/es\/2023\/01\/libia-conferencia-de-reconciliacion-nacional-nuevamente-en-el-horizonte\/#breadcrumb\"},\"inLanguage\":\"es\",\"potentialAction\":[{\"@type\":\"ReadAction\",\"target\":[\"https:\/\/www.pressenza.com\/es\/2023\/01\/libia-conferencia-de-reconciliacion-nacional-nuevamente-en-el-horizonte\/\"]}]},{\"@type\":\"ImageObject\",\"inLanguage\":\"es\",\"@id\":\"https:\/\/www.pressenza.com\/es\/2023\/01\/libia-conferencia-de-reconciliacion-nacional-nuevamente-en-el-horizonte\/#primaryimage\",\"url\":\"https:\/\/www.pressenza.com\/wp-content\/uploads\/2023\/01\/Smile_Race_libia.jpg\",\"contentUrl\":\"https:\/\/www.pressenza.com\/wp-content\/uploads\/2023\/01\/Smile_Race_libia.jpg\",\"width\":1280,\"height\":907},{\"@type\":\"BreadcrumbList\",\"@id\":\"https:\/\/www.pressenza.com\/es\/2023\/01\/libia-conferencia-de-reconciliacion-nacional-nuevamente-en-el-horizonte\/#breadcrumb\",\"itemListElement\":[{\"@type\":\"ListItem\",\"position\":1,\"name\":\"Accueil\",\"item\":\"https:\/\/www.pressenza.com\/es\/\"},{\"@type\":\"ListItem\",\"position\":2,\"name\":\"Libia: Conferencia de reconciliaci\u00f3n nacional nuevamente en el horizonte\"}]},{\"@type\":\"WebSite\",\"@id\":\"https:\/\/www.pressenza.com\/es\/#website\",\"url\":\"https:\/\/www.pressenza.com\/es\/\",\"name\":\"Pressenza\",\"description\":\"International Press Agency\",\"publisher\":{\"@id\":\"https:\/\/www.pressenza.com\/es\/#organization\"},\"potentialAction\":[{\"@type\":\"SearchAction\",\"target\":{\"@type\":\"EntryPoint\",\"urlTemplate\":\"https:\/\/www.pressenza.com\/es\/?s={search_term_string}\"},\"query-input\":{\"@type\":\"PropertyValueSpecification\",\"valueRequired\":true,\"valueName\":\"search_term_string\"}}],\"inLanguage\":\"es\"},{\"@type\":\"Organization\",\"@id\":\"https:\/\/www.pressenza.com\/es\/#organization\",\"name\":\"Pressenza\",\"url\":\"https:\/\/www.pressenza.com\/es\/\",\"logo\":{\"@type\":\"ImageObject\",\"inLanguage\":\"es\",\"@id\":\"https:\/\/www.pressenza.com\/es\/#\/schema\/logo\/image\/\",\"url\":\"https:\/\/www.pressenza.com\/wp-content\/uploads\/2022\/10\/pressenza_logo_200x200.jpg\",\"contentUrl\":\"https:\/\/www.pressenza.com\/wp-content\/uploads\/2022\/10\/pressenza_logo_200x200.jpg\",\"width\":200,\"height\":200,\"caption\":\"Pressenza\"},\"image\":{\"@id\":\"https:\/\/www.pressenza.com\/es\/#\/schema\/logo\/image\/\"},\"sameAs\":[\"https:\/\/www.facebook.com\/PressenzaItalia\",\"https:\/\/x.com\/PressenzaIPA\"]},{\"@type\":\"Person\",\"@id\":\"https:\/\/www.pressenza.com\/es\/#\/schema\/person\/010e5d02bcf40965427a1289a4cc8d75\",\"name\":\"Pressenza IPA\",\"description\":\"News from Pressenza IPA correspondents\",\"sameAs\":[\"https:\/\/www.facebook.com\/pressenza\",\"https:\/\/x.com\/PressenzaIPA\"],\"url\":\"https:\/\/www.pressenza.com\/es\/author\/pressenza-ipa\/\"}]}<\/script>\n<!-- \/ Yoast SEO plugin. -->","yoast_head_json":{"title":"Libia: Conferencia de reconciliaci\u00f3n nacional nuevamente en el horizonte","description":"Bajo los auspicios de la Uni\u00f3n Africana, una reuni\u00f3n preparatoria para una posible conferencia de reconciliaci\u00f3n nacional en Libia tuvo lugar en Tr\u00edpoli","robots":{"index":"index","follow":"follow","max-snippet":"max-snippet:-1","max-image-preview":"max-image-preview:large","max-video-preview":"max-video-preview:-1"},"canonical":"https:\/\/www.pressenza.com\/es\/2023\/01\/libia-conferencia-de-reconciliacion-nacional-nuevamente-en-el-horizonte\/","og_locale":"es_ES","og_type":"article","og_title":"Libia: Conferencia de reconciliaci\u00f3n nacional nuevamente en el horizonte","og_description":"Bajo los auspicios de la Uni\u00f3n Africana, una reuni\u00f3n preparatoria para una posible conferencia de reconciliaci\u00f3n nacional en Libia tuvo lugar en Tr\u00edpoli","og_url":"https:\/\/www.pressenza.com\/es\/2023\/01\/libia-conferencia-de-reconciliacion-nacional-nuevamente-en-el-horizonte\/","og_site_name":"Pressenza","article_publisher":"https:\/\/www.facebook.com\/PressenzaItalia","article_author":"https:\/\/www.facebook.com\/pressenza","article_published_time":"2023-01-11T02:32:19+00:00","article_modified_time":"2023-01-11T02:41:36+00:00","og_image":[{"width":1280,"height":907,"url":"https:\/\/www.pressenza.com\/wp-content\/uploads\/2023\/01\/Smile_Race_libia.jpg","type":"image\/jpeg"}],"author":"Pressenza IPA","twitter_card":"summary_large_image","twitter_creator":"@PressenzaIPA","twitter_site":"@PressenzaIPA","twitter_misc":{"Escrito por":"Pressenza IPA","Tiempo de lectura":"2 minutos"},"schema":{"@context":"https:\/\/schema.org","@graph":[{"@type":"Article","@id":"https:\/\/www.pressenza.com\/es\/2023\/01\/libia-conferencia-de-reconciliacion-nacional-nuevamente-en-el-horizonte\/#article","isPartOf":{"@id":"https:\/\/www.pressenza.com\/es\/2023\/01\/libia-conferencia-de-reconciliacion-nacional-nuevamente-en-el-horizonte\/"},"author":{"name":"Pressenza IPA","@id":"https:\/\/www.pressenza.com\/es\/#\/schema\/person\/010e5d02bcf40965427a1289a4cc8d75"},"headline":"Libia: Conferencia de reconciliaci\u00f3n nacional nuevamente en el horizonte","datePublished":"2023-01-11T02:32:19+00:00","dateModified":"2023-01-11T02:41:36+00:00","mainEntityOfPage":{"@id":"https:\/\/www.pressenza.com\/es\/2023\/01\/libia-conferencia-de-reconciliacion-nacional-nuevamente-en-el-horizonte\/"},"wordCount":459,"publisher":{"@id":"https:\/\/www.pressenza.com\/es\/#organization"},"image":{"@id":"https:\/\/www.pressenza.com\/es\/2023\/01\/libia-conferencia-de-reconciliacion-nacional-nuevamente-en-el-horizonte\/#primaryimage"},"thumbnailUrl":"https:\/\/www.pressenza.com\/wp-content\/uploads\/2023\/01\/Smile_Race_libia.jpg","keywords":["Conferencia Reconciliaci\u00f3n Nacional","Libia","Uni\u00f3n Africana"],"articleSection":["Africa","Contenido Original","Noticia","Paz y Desarme"],"inLanguage":"es"},{"@type":"WebPage","@id":"https:\/\/www.pressenza.com\/es\/2023\/01\/libia-conferencia-de-reconciliacion-nacional-nuevamente-en-el-horizonte\/","url":"https:\/\/www.pressenza.com\/es\/2023\/01\/libia-conferencia-de-reconciliacion-nacional-nuevamente-en-el-horizonte\/","name":"Libia: Conferencia de reconciliaci\u00f3n nacional nuevamente en el horizonte","isPartOf":{"@id":"https:\/\/www.pressenza.com\/es\/#website"},"primaryImageOfPage":{"@id":"https:\/\/www.pressenza.com\/es\/2023\/01\/libia-conferencia-de-reconciliacion-nacional-nuevamente-en-el-horizonte\/#primaryimage"},"image":{"@id":"https:\/\/www.pressenza.com\/es\/2023\/01\/libia-conferencia-de-reconciliacion-nacional-nuevamente-en-el-horizonte\/#primaryimage"},"thumbnailUrl":"https:\/\/www.pressenza.com\/wp-content\/uploads\/2023\/01\/Smile_Race_libia.jpg","datePublished":"2023-01-11T02:32:19+00:00","dateModified":"2023-01-11T02:41:36+00:00","description":"Bajo los auspicios de la Uni\u00f3n Africana, una reuni\u00f3n preparatoria para una posible conferencia de reconciliaci\u00f3n nacional en Libia tuvo lugar en Tr\u00edpoli","breadcrumb":{"@id":"https:\/\/www.pressenza.com\/es\/2023\/01\/libia-conferencia-de-reconciliacion-nacional-nuevamente-en-el-horizonte\/#breadcrumb"},"inLanguage":"es","potentialAction":[{"@type":"ReadAction","target":["https:\/\/www.pressenza.com\/es\/2023\/01\/libia-conferencia-de-reconciliacion-nacional-nuevamente-en-el-horizonte\/"]}]},{"@type":"ImageObject","inLanguage":"es","@id":"https:\/\/www.pressenza.com\/es\/2023\/01\/libia-conferencia-de-reconciliacion-nacional-nuevamente-en-el-horizonte\/#primaryimage","url":"https:\/\/www.pressenza.com\/wp-content\/uploads\/2023\/01\/Smile_Race_libia.jpg","contentUrl":"https:\/\/www.pressenza.com\/wp-content\/uploads\/2023\/01\/Smile_Race_libia.jpg","width":1280,"height":907},{"@type":"BreadcrumbList","@id":"https:\/\/www.pressenza.com\/es\/2023\/01\/libia-conferencia-de-reconciliacion-nacional-nuevamente-en-el-horizonte\/#breadcrumb","itemListElement":[{"@type":"ListItem","position":1,"name":"Accueil","item":"https:\/\/www.pressenza.com\/es\/"},{"@type":"ListItem","position":2,"name":"Libia: Conferencia de reconciliaci\u00f3n nacional nuevamente en el horizonte"}]},{"@type":"WebSite","@id":"https:\/\/www.pressenza.com\/es\/#website","url":"https:\/\/www.pressenza.com\/es\/","name":"Pressenza","description":"International Press Agency","publisher":{"@id":"https:\/\/www.pressenza.com\/es\/#organization"},"potentialAction":[{"@type":"SearchAction","target":{"@type":"EntryPoint","urlTemplate":"https:\/\/www.pressenza.com\/es\/?s={search_term_string}"},"query-input":{"@type":"PropertyValueSpecification","valueRequired":true,"valueName":"search_term_string"}}],"inLanguage":"es"},{"@type":"Organization","@id":"https:\/\/www.pressenza.com\/es\/#organization","name":"Pressenza","url":"https:\/\/www.pressenza.com\/es\/","logo":{"@type":"ImageObject","inLanguage":"es","@id":"https:\/\/www.pressenza.com\/es\/#\/schema\/logo\/image\/","url":"https:\/\/www.pressenza.com\/wp-content\/uploads\/2022\/10\/pressenza_logo_200x200.jpg","contentUrl":"https:\/\/www.pressenza.com\/wp-content\/uploads\/2022\/10\/pressenza_logo_200x200.jpg","width":200,"height":200,"caption":"Pressenza"},"image":{"@id":"https:\/\/www.pressenza.com\/es\/#\/schema\/logo\/image\/"},"sameAs":["https:\/\/www.facebook.com\/PressenzaItalia","https:\/\/x.com\/PressenzaIPA"]},{"@type":"Person","@id":"https:\/\/www.pressenza.com\/es\/#\/schema\/person\/010e5d02bcf40965427a1289a4cc8d75","name":"Pressenza IPA","description":"News from Pressenza IPA correspondents","sameAs":["https:\/\/www.facebook.com\/pressenza","https:\/\/x.com\/PressenzaIPA"],"url":"https:\/\/www.pressenza.com\/es\/author\/pressenza-ipa\/"}]}},"place":"Tr\u00edpoli, Libia","original_article_url":"","_links":{"self":[{"href":"https:\/\/www.pressenza.com\/es\/wp-json\/wp\/v2\/posts\/1708762","targetHints":{"allow":["GET"]}}],"collection":[{"href":"https:\/\/www.pressenza.com\/es\/wp-json\/wp\/v2\/posts"}],"about":[{"href":"https:\/\/www.pressenza.com\/es\/wp-json\/wp\/v2\/types\/post"}],"author":[{"embeddable":true,"href":"https:\/\/www.pressenza.com\/es\/wp-json\/wp\/v2\/users\/19"}],"replies":[{"embeddable":true,"href":"https:\/\/www.pressenza.com\/es\/wp-json\/wp\/v2\/comments?post=1708762"}],"version-history":[{"count":0,"href":"https:\/\/www.pressenza.com\/es\/wp-json\/wp\/v2\/posts\/1708762\/revisions"}],"wp:featuredmedia":[{"embeddable":true,"href":"https:\/\/www.pressenza.com\/es\/wp-json\/wp\/v2\/media\/1708763"}],"wp:attachment":[{"href":"https:\/\/www.pressenza.com\/es\/wp-json\/wp\/v2\/media?parent=1708762"}],"wp:term":[{"taxonomy":"category","embeddable":true,"href":"https:\/\/www.pressenza.com\/es\/wp-json\/wp\/v2\/categories?post=1708762"},{"taxonomy":"post_tag","embeddable":true,"href":"https:\/\/www.pressenza.com\/es\/wp-json\/wp\/v2\/tags?post=1708762"}],"curies":[{"name":"wp","href":"https:\/\/api.w.org\/{rel}","templated":true}]}}