{"id":170855,"date":"2015-03-17T01:34:51","date_gmt":"2015-03-17T01:34:51","guid":{"rendered":"http:\/\/www.pressenza.com\/?p=170855"},"modified":"2015-03-17T01:37:07","modified_gmt":"2015-03-17T01:37:07","slug":"los-problemas-de-todos-los-chilenos","status":"publish","type":"post","link":"https:\/\/www.pressenza.com\/es\/2015\/03\/los-problemas-de-todos-los-chilenos\/","title":{"rendered":"Los problemas de todos los chilenos"},"content":{"rendered":"<p style=\"text-align: justify;\"><span style=\"font-size: medium;\">En una entrevista reciente el subsecretario del Interior, Mahumd Aleuy, repite diez veces que los casos Penta y Caval son un problema de Chile, que es un problema de la sociedad entera, que Chile como pa\u00eds tiene un problema. Y que por eso seg\u00fan \u00e9l todos tenemos que contribuir en la soluci\u00f3n. Lo debemos arreglar entre todos los chilenos.<\/span><\/p>\n<p style=\"text-align: justify;\"><span style=\"font-size: medium;\">El subsecretario est\u00e1 profundamente equivocado. Son ellos, los instalados en el poder, los que se han coludido con las empresas para recibir su apoyo financiero a cambio de votar lo que \u00e9stas exigen. Son ellos los que no las tocan en sus negociados. <\/span><\/p>\n<p style=\"text-align: justify;\"><span style=\"font-size: medium;\">Los chilenos no han emitido boletas falsas, no han especulado con informaci\u00f3n privilegiada, no han intentado cambiar planos reguladores.<\/span><\/p>\n<p style=\"text-align: justify;\"><span style=\"font-size: medium;\">Su l\u00f3gica es la del perfecto \u201ccara de palo\u201d: Ellos roban, evaden impuestos, van a raspar la olla a las empresas, sus hijos hacen negociados por millones de d\u00f3lares y luego \u00e9l ol\u00edmpicamente nos dice que este es un problema de todos los chilenos y que tenemos que resolverlo entre todos.<\/span><\/p>\n<p style=\"text-align: justify;\"><span style=\"font-size: medium;\">El \u00fanico problema de todos los chilenos es que ellos se dedican a robar y siguen campantes en sus cargos. Que los diputados y senadores involucrados no renuncian y siguen votando leyes que los benefician directamente. El problema de todos los chilenos es que el hijo de la presidenta gane 4 millones de d\u00f3lares en una pasadita y ella no diga ni p\u00edo, salvo que nunca supo nada, como si jam\u00e1s hubiera visto uno de los cuatro Lexus estacionado afuera de su casa. <\/span><\/p>\n<p style=\"text-align: justify;\"><span style=\"font-size: medium;\">El problema de todos los chilenos Sr. Subsecretario, es que los crean idiotas como para tragarse los cuentos. El problema de todos los chilenos es que un abogado PPD, Samuel Donoso, invente un sistema oscuro que impida que se investiguen las platas que le dio Soquimich a la mal llamada Nueva Mayor\u00eda. El problema de todos nosotros es que el hijo de Enrique Correa pase directamente desde la Gerencia General de la m\u00e1s oscura empresa de Lobby, a la Direcci\u00f3n de Comunicaciones de La Moneda, mientras su padre maneja las relaciones p\u00fablicas del yerno de Pinochet, due\u00f1o de Soquimich desde que se la apropi\u00f3 en la dictadura. <\/span><\/p>\n<p style=\"text-align: justify;\"><span style=\"font-size: medium;\">El problema de todos los chilenos es que la Presidenta y sus asesores anuncien una Comisi\u00f3n Asesora para terminar con la corrupci\u00f3n y todos sabemos que la crearon \u00fanicamente porque apareci\u00f3 el hijo de la Presidenta \u201cmetiendo las manos\u201d. Pero adem\u00e1s, mientras tanto el SII del mismo gobierno, contra toda transparencia y b\u00fasqueda de justicia no se querella contra SQM impidiendo que se sepa cuanta plata le pasaron a la Nueva Mayor\u00eda.<\/span><\/p>\n<p style=\"text-align: justify;\"><span style=\"font-size: medium;\">Sr Subsecretario: El problema de Chile son ustedes. El problema de Chile es que ustedes sigan ah\u00ed, tratando de tapar, de esconder, de empatar, mientras dejan que Luksic haga lo que quiera porque los financia. <\/span><\/p>\n<p style=\"text-align: justify;\"><span style=\"font-size: medium;\">Cuando la Presidenta diga que su hijo fue un fresco y le exija devolver lo ganado con su movida, cuando ustedes reconozcan que Luksic y Ponce Lerou son sus financistas y jefes y dejen de favorecerlos y protegerlos, cuando recuperen el cobre y el agua, cuando terminen con las AFP, cuando llamen a una Asamblea Constituyente, solo entonces diremos que est\u00e1n respondiendo a los problemas de todos los chilenos.<\/span><\/p>\n","protected":false},"excerpt":{"rendered":"<p>En una entrevista reciente el subsecretario del Interior, Mahumd Aleuy, repite diez veces que los casos Penta y Caval son un problema de Chile, que es un problema de la sociedad entera, que Chile como pa\u00eds tiene un problema. Y&hellip;<\/p>\n","protected":false},"author":18,"featured_media":170923,"comment_status":"closed","ping_status":"open","sticky":false,"template":"","format":"standard","meta":{"footnotes":""},"categories":[11389,161,74,67],"tags":[16610,8242],"class_list":["post-170855","post","type-post","status-publish","format-standard","has-post-thumbnail","hentry","category-contenido-original","category-opiniones","category-politica-es","category-sudamerica","tag-dinero-y-politica","tag-michelle-bachelet-es"],"yoast_head":"<!-- This site is optimized with the Yoast SEO plugin v27.1.1 - https:\/\/yoast.com\/product\/yoast-seo-wordpress\/ -->\n<title>Los problemas de todos los chilenos<\/title>\n<meta name=\"description\" content=\"En una entrevista reciente el subsecretario del Interior, Mahumd Aleuy, repite diez veces que los casos Penta y Caval son un problema de Chile, que es un\" \/>\n<meta name=\"robots\" content=\"index, follow, max-snippet:-1, max-image-preview:large, max-video-preview:-1\" \/>\n<link rel=\"canonical\" href=\"https:\/\/www.pressenza.com\/es\/2015\/03\/los-problemas-de-todos-los-chilenos\/\" \/>\n<meta property=\"og:locale\" content=\"es_ES\" \/>\n<meta property=\"og:type\" content=\"article\" \/>\n<meta property=\"og:title\" content=\"Los problemas de todos los chilenos\" \/>\n<meta property=\"og:description\" content=\"En una entrevista reciente el subsecretario del Interior, Mahumd Aleuy, repite diez veces que los casos Penta y Caval son un problema de Chile, que es un\" \/>\n<meta property=\"og:url\" content=\"https:\/\/www.pressenza.com\/es\/2015\/03\/los-problemas-de-todos-los-chilenos\/\" \/>\n<meta property=\"og:site_name\" content=\"Pressenza\" \/>\n<meta property=\"article:publisher\" content=\"https:\/\/www.facebook.com\/PressenzaItalia\" \/>\n<meta property=\"article:published_time\" content=\"2015-03-17T01:34:51+00:00\" \/>\n<meta property=\"article:modified_time\" content=\"2015-03-17T01:37:07+00:00\" \/>\n<meta property=\"og:image\" content=\"https:\/\/www.pressenza.com\/wp-content\/uploads\/2015\/03\/Tom--s-se-expresa.jpg\" \/>\n\t<meta property=\"og:image:width\" content=\"1888\" \/>\n\t<meta property=\"og:image:height\" content=\"1200\" \/>\n\t<meta property=\"og:image:type\" content=\"image\/jpeg\" \/>\n<meta name=\"author\" content=\"Tom\u00e1s Hirsch\" \/>\n<meta name=\"twitter:card\" content=\"summary_large_image\" \/>\n<meta name=\"twitter:creator\" content=\"@PressenzaIPA\" \/>\n<meta name=\"twitter:site\" content=\"@PressenzaIPA\" \/>\n<meta name=\"twitter:label1\" content=\"Escrito por\" \/>\n\t<meta name=\"twitter:data1\" content=\"Tom\u00e1s Hirsch\" \/>\n\t<meta name=\"twitter:label2\" content=\"Tiempo de lectura\" \/>\n\t<meta name=\"twitter:data2\" content=\"3 minutos\" \/>\n<script type=\"application\/ld+json\" class=\"yoast-schema-graph\">{\"@context\":\"https:\/\/schema.org\",\"@graph\":[{\"@type\":\"Article\",\"@id\":\"https:\/\/www.pressenza.com\/es\/2015\/03\/los-problemas-de-todos-los-chilenos\/#article\",\"isPartOf\":{\"@id\":\"https:\/\/www.pressenza.com\/es\/2015\/03\/los-problemas-de-todos-los-chilenos\/\"},\"author\":{\"name\":\"Tom\u00e1s Hirsch\",\"@id\":\"https:\/\/www.pressenza.com\/es\/#\/schema\/person\/410c2763d16d8c23bafdff4e19d0d35b\"},\"headline\":\"Los problemas de todos los chilenos\",\"datePublished\":\"2015-03-17T01:34:51+00:00\",\"dateModified\":\"2015-03-17T01:37:07+00:00\",\"mainEntityOfPage\":{\"@id\":\"https:\/\/www.pressenza.com\/es\/2015\/03\/los-problemas-de-todos-los-chilenos\/\"},\"wordCount\":564,\"publisher\":{\"@id\":\"https:\/\/www.pressenza.com\/es\/#organization\"},\"image\":{\"@id\":\"https:\/\/www.pressenza.com\/es\/2015\/03\/los-problemas-de-todos-los-chilenos\/#primaryimage\"},\"thumbnailUrl\":\"https:\/\/www.pressenza.com\/wp-content\/uploads\/2015\/03\/Tom--s-se-expresa.jpg\",\"keywords\":[\"dinero y pol\u00edtica\",\"Michelle Bachelet\"],\"articleSection\":[\"Contenido Original\",\"Opiniones\",\"Pol\u00edtica\",\"Sudam\u00e9rica\"],\"inLanguage\":\"es\"},{\"@type\":\"WebPage\",\"@id\":\"https:\/\/www.pressenza.com\/es\/2015\/03\/los-problemas-de-todos-los-chilenos\/\",\"url\":\"https:\/\/www.pressenza.com\/es\/2015\/03\/los-problemas-de-todos-los-chilenos\/\",\"name\":\"Los problemas de todos los chilenos\",\"isPartOf\":{\"@id\":\"https:\/\/www.pressenza.com\/es\/#website\"},\"primaryImageOfPage\":{\"@id\":\"https:\/\/www.pressenza.com\/es\/2015\/03\/los-problemas-de-todos-los-chilenos\/#primaryimage\"},\"image\":{\"@id\":\"https:\/\/www.pressenza.com\/es\/2015\/03\/los-problemas-de-todos-los-chilenos\/#primaryimage\"},\"thumbnailUrl\":\"https:\/\/www.pressenza.com\/wp-content\/uploads\/2015\/03\/Tom--s-se-expresa.jpg\",\"datePublished\":\"2015-03-17T01:34:51+00:00\",\"dateModified\":\"2015-03-17T01:37:07+00:00\",\"description\":\"En una entrevista reciente el subsecretario del Interior, Mahumd Aleuy, repite diez veces que los casos Penta y Caval son un problema de Chile, que es un\",\"breadcrumb\":{\"@id\":\"https:\/\/www.pressenza.com\/es\/2015\/03\/los-problemas-de-todos-los-chilenos\/#breadcrumb\"},\"inLanguage\":\"es\",\"potentialAction\":[{\"@type\":\"ReadAction\",\"target\":[\"https:\/\/www.pressenza.com\/es\/2015\/03\/los-problemas-de-todos-los-chilenos\/\"]}]},{\"@type\":\"ImageObject\",\"inLanguage\":\"es\",\"@id\":\"https:\/\/www.pressenza.com\/es\/2015\/03\/los-problemas-de-todos-los-chilenos\/#primaryimage\",\"url\":\"https:\/\/www.pressenza.com\/wp-content\/uploads\/2015\/03\/Tom--s-se-expresa.jpg\",\"contentUrl\":\"https:\/\/www.pressenza.com\/wp-content\/uploads\/2015\/03\/Tom--s-se-expresa.jpg\",\"width\":1888,\"height\":1200},{\"@type\":\"BreadcrumbList\",\"@id\":\"https:\/\/www.pressenza.com\/es\/2015\/03\/los-problemas-de-todos-los-chilenos\/#breadcrumb\",\"itemListElement\":[{\"@type\":\"ListItem\",\"position\":1,\"name\":\"Accueil\",\"item\":\"https:\/\/www.pressenza.com\/es\/\"},{\"@type\":\"ListItem\",\"position\":2,\"name\":\"Los problemas de todos los chilenos\"}]},{\"@type\":\"WebSite\",\"@id\":\"https:\/\/www.pressenza.com\/es\/#website\",\"url\":\"https:\/\/www.pressenza.com\/es\/\",\"name\":\"Pressenza\",\"description\":\"International Press Agency\",\"publisher\":{\"@id\":\"https:\/\/www.pressenza.com\/es\/#organization\"},\"potentialAction\":[{\"@type\":\"SearchAction\",\"target\":{\"@type\":\"EntryPoint\",\"urlTemplate\":\"https:\/\/www.pressenza.com\/es\/?s={search_term_string}\"},\"query-input\":{\"@type\":\"PropertyValueSpecification\",\"valueRequired\":true,\"valueName\":\"search_term_string\"}}],\"inLanguage\":\"es\"},{\"@type\":\"Organization\",\"@id\":\"https:\/\/www.pressenza.com\/es\/#organization\",\"name\":\"Pressenza\",\"url\":\"https:\/\/www.pressenza.com\/es\/\",\"logo\":{\"@type\":\"ImageObject\",\"inLanguage\":\"es\",\"@id\":\"https:\/\/www.pressenza.com\/es\/#\/schema\/logo\/image\/\",\"url\":\"https:\/\/www.pressenza.com\/wp-content\/uploads\/2022\/10\/pressenza_logo_200x200.jpg\",\"contentUrl\":\"https:\/\/www.pressenza.com\/wp-content\/uploads\/2022\/10\/pressenza_logo_200x200.jpg\",\"width\":200,\"height\":200,\"caption\":\"Pressenza\"},\"image\":{\"@id\":\"https:\/\/www.pressenza.com\/es\/#\/schema\/logo\/image\/\"},\"sameAs\":[\"https:\/\/www.facebook.com\/PressenzaItalia\",\"https:\/\/x.com\/PressenzaIPA\"]},{\"@type\":\"Person\",\"@id\":\"https:\/\/www.pressenza.com\/es\/#\/schema\/person\/410c2763d16d8c23bafdff4e19d0d35b\",\"name\":\"Tom\u00e1s Hirsch\",\"description\":\"Tom\u00e1s lives in Santiago de Chile. He has been a member of the Humanist Party since its inception in 1985 and resigned in 2020. He was the spokesperson for New Humanism in Latin America and was twice a presidential candidate for the Chilean left-wing parties. He is currently one of the most progressive Chilean deputies.\",\"url\":\"https:\/\/www.pressenza.com\/es\/author\/tomas-hirsch\/\"}]}<\/script>\n<!-- \/ Yoast SEO plugin. -->","yoast_head_json":{"title":"Los problemas de todos los chilenos","description":"En una entrevista reciente el subsecretario del Interior, Mahumd Aleuy, repite diez veces que los casos Penta y Caval son un problema de Chile, que es un","robots":{"index":"index","follow":"follow","max-snippet":"max-snippet:-1","max-image-preview":"max-image-preview:large","max-video-preview":"max-video-preview:-1"},"canonical":"https:\/\/www.pressenza.com\/es\/2015\/03\/los-problemas-de-todos-los-chilenos\/","og_locale":"es_ES","og_type":"article","og_title":"Los problemas de todos los chilenos","og_description":"En una entrevista reciente el subsecretario del Interior, Mahumd Aleuy, repite diez veces que los casos Penta y Caval son un problema de Chile, que es un","og_url":"https:\/\/www.pressenza.com\/es\/2015\/03\/los-problemas-de-todos-los-chilenos\/","og_site_name":"Pressenza","article_publisher":"https:\/\/www.facebook.com\/PressenzaItalia","article_published_time":"2015-03-17T01:34:51+00:00","article_modified_time":"2015-03-17T01:37:07+00:00","og_image":[{"width":1888,"height":1200,"url":"https:\/\/www.pressenza.com\/wp-content\/uploads\/2015\/03\/Tom--s-se-expresa.jpg","type":"image\/jpeg"}],"author":"Tom\u00e1s Hirsch","twitter_card":"summary_large_image","twitter_creator":"@PressenzaIPA","twitter_site":"@PressenzaIPA","twitter_misc":{"Escrito por":"Tom\u00e1s Hirsch","Tiempo de lectura":"3 minutos"},"schema":{"@context":"https:\/\/schema.org","@graph":[{"@type":"Article","@id":"https:\/\/www.pressenza.com\/es\/2015\/03\/los-problemas-de-todos-los-chilenos\/#article","isPartOf":{"@id":"https:\/\/www.pressenza.com\/es\/2015\/03\/los-problemas-de-todos-los-chilenos\/"},"author":{"name":"Tom\u00e1s Hirsch","@id":"https:\/\/www.pressenza.com\/es\/#\/schema\/person\/410c2763d16d8c23bafdff4e19d0d35b"},"headline":"Los problemas de todos los chilenos","datePublished":"2015-03-17T01:34:51+00:00","dateModified":"2015-03-17T01:37:07+00:00","mainEntityOfPage":{"@id":"https:\/\/www.pressenza.com\/es\/2015\/03\/los-problemas-de-todos-los-chilenos\/"},"wordCount":564,"publisher":{"@id":"https:\/\/www.pressenza.com\/es\/#organization"},"image":{"@id":"https:\/\/www.pressenza.com\/es\/2015\/03\/los-problemas-de-todos-los-chilenos\/#primaryimage"},"thumbnailUrl":"https:\/\/www.pressenza.com\/wp-content\/uploads\/2015\/03\/Tom--s-se-expresa.jpg","keywords":["dinero y pol\u00edtica","Michelle Bachelet"],"articleSection":["Contenido Original","Opiniones","Pol\u00edtica","Sudam\u00e9rica"],"inLanguage":"es"},{"@type":"WebPage","@id":"https:\/\/www.pressenza.com\/es\/2015\/03\/los-problemas-de-todos-los-chilenos\/","url":"https:\/\/www.pressenza.com\/es\/2015\/03\/los-problemas-de-todos-los-chilenos\/","name":"Los problemas de todos los chilenos","isPartOf":{"@id":"https:\/\/www.pressenza.com\/es\/#website"},"primaryImageOfPage":{"@id":"https:\/\/www.pressenza.com\/es\/2015\/03\/los-problemas-de-todos-los-chilenos\/#primaryimage"},"image":{"@id":"https:\/\/www.pressenza.com\/es\/2015\/03\/los-problemas-de-todos-los-chilenos\/#primaryimage"},"thumbnailUrl":"https:\/\/www.pressenza.com\/wp-content\/uploads\/2015\/03\/Tom--s-se-expresa.jpg","datePublished":"2015-03-17T01:34:51+00:00","dateModified":"2015-03-17T01:37:07+00:00","description":"En una entrevista reciente el subsecretario del Interior, Mahumd Aleuy, repite diez veces que los casos Penta y Caval son un problema de Chile, que es un","breadcrumb":{"@id":"https:\/\/www.pressenza.com\/es\/2015\/03\/los-problemas-de-todos-los-chilenos\/#breadcrumb"},"inLanguage":"es","potentialAction":[{"@type":"ReadAction","target":["https:\/\/www.pressenza.com\/es\/2015\/03\/los-problemas-de-todos-los-chilenos\/"]}]},{"@type":"ImageObject","inLanguage":"es","@id":"https:\/\/www.pressenza.com\/es\/2015\/03\/los-problemas-de-todos-los-chilenos\/#primaryimage","url":"https:\/\/www.pressenza.com\/wp-content\/uploads\/2015\/03\/Tom--s-se-expresa.jpg","contentUrl":"https:\/\/www.pressenza.com\/wp-content\/uploads\/2015\/03\/Tom--s-se-expresa.jpg","width":1888,"height":1200},{"@type":"BreadcrumbList","@id":"https:\/\/www.pressenza.com\/es\/2015\/03\/los-problemas-de-todos-los-chilenos\/#breadcrumb","itemListElement":[{"@type":"ListItem","position":1,"name":"Accueil","item":"https:\/\/www.pressenza.com\/es\/"},{"@type":"ListItem","position":2,"name":"Los problemas de todos los chilenos"}]},{"@type":"WebSite","@id":"https:\/\/www.pressenza.com\/es\/#website","url":"https:\/\/www.pressenza.com\/es\/","name":"Pressenza","description":"International Press Agency","publisher":{"@id":"https:\/\/www.pressenza.com\/es\/#organization"},"potentialAction":[{"@type":"SearchAction","target":{"@type":"EntryPoint","urlTemplate":"https:\/\/www.pressenza.com\/es\/?s={search_term_string}"},"query-input":{"@type":"PropertyValueSpecification","valueRequired":true,"valueName":"search_term_string"}}],"inLanguage":"es"},{"@type":"Organization","@id":"https:\/\/www.pressenza.com\/es\/#organization","name":"Pressenza","url":"https:\/\/www.pressenza.com\/es\/","logo":{"@type":"ImageObject","inLanguage":"es","@id":"https:\/\/www.pressenza.com\/es\/#\/schema\/logo\/image\/","url":"https:\/\/www.pressenza.com\/wp-content\/uploads\/2022\/10\/pressenza_logo_200x200.jpg","contentUrl":"https:\/\/www.pressenza.com\/wp-content\/uploads\/2022\/10\/pressenza_logo_200x200.jpg","width":200,"height":200,"caption":"Pressenza"},"image":{"@id":"https:\/\/www.pressenza.com\/es\/#\/schema\/logo\/image\/"},"sameAs":["https:\/\/www.facebook.com\/PressenzaItalia","https:\/\/x.com\/PressenzaIPA"]},{"@type":"Person","@id":"https:\/\/www.pressenza.com\/es\/#\/schema\/person\/410c2763d16d8c23bafdff4e19d0d35b","name":"Tom\u00e1s Hirsch","description":"Tom\u00e1s lives in Santiago de Chile. He has been a member of the Humanist Party since its inception in 1985 and resigned in 2020. He was the spokesperson for New Humanism in Latin America and was twice a presidential candidate for the Chilean left-wing parties. He is currently one of the most progressive Chilean deputies.","url":"https:\/\/www.pressenza.com\/es\/author\/tomas-hirsch\/"}]}},"place":"","original_article_url":"","_links":{"self":[{"href":"https:\/\/www.pressenza.com\/es\/wp-json\/wp\/v2\/posts\/170855","targetHints":{"allow":["GET"]}}],"collection":[{"href":"https:\/\/www.pressenza.com\/es\/wp-json\/wp\/v2\/posts"}],"about":[{"href":"https:\/\/www.pressenza.com\/es\/wp-json\/wp\/v2\/types\/post"}],"author":[{"embeddable":true,"href":"https:\/\/www.pressenza.com\/es\/wp-json\/wp\/v2\/users\/18"}],"replies":[{"embeddable":true,"href":"https:\/\/www.pressenza.com\/es\/wp-json\/wp\/v2\/comments?post=170855"}],"version-history":[{"count":0,"href":"https:\/\/www.pressenza.com\/es\/wp-json\/wp\/v2\/posts\/170855\/revisions"}],"wp:featuredmedia":[{"embeddable":true,"href":"https:\/\/www.pressenza.com\/es\/wp-json\/wp\/v2\/media\/170923"}],"wp:attachment":[{"href":"https:\/\/www.pressenza.com\/es\/wp-json\/wp\/v2\/media?parent=170855"}],"wp:term":[{"taxonomy":"category","embeddable":true,"href":"https:\/\/www.pressenza.com\/es\/wp-json\/wp\/v2\/categories?post=170855"},{"taxonomy":"post_tag","embeddable":true,"href":"https:\/\/www.pressenza.com\/es\/wp-json\/wp\/v2\/tags?post=170855"}],"curies":[{"name":"wp","href":"https:\/\/api.w.org\/{rel}","templated":true}]}}