{"id":1708472,"date":"2023-01-09T22:58:12","date_gmt":"2023-01-09T22:58:12","guid":{"rendered":"https:\/\/www.pressenza.com\/?p=1708472"},"modified":"2023-01-09T22:58:12","modified_gmt":"2023-01-09T22:58:12","slug":"recuerdos-del-asilo-hace-50-anos-bajo-la-dictadura-chilena","status":"publish","type":"post","link":"https:\/\/www.pressenza.com\/es\/2023\/01\/recuerdos-del-asilo-hace-50-anos-bajo-la-dictadura-chilena\/","title":{"rendered":"Recuerdos del asilo hace 50 a\u00f1os, bajo la dictadura chilena\u00a0"},"content":{"rendered":"<p>Hay muchas palabras para denominar fen\u00f3menos iguales o parecidos: asilados, exiliados, refugiados, desplazados internos, migrantes.<\/p>\n<p>Creo que la m\u00e1s gen\u00e9rica podr\u00eda ser \u201cmigrante\u201d.\u00a0 Pero dentro de los migrantes hay emigrantes e inmigrantes.<\/p>\n<p>Migrantes\u00a0 son las personas que se van de un pa\u00eds a otro, de una regi\u00f3n a otra, hasta de un pueblo a otro.<\/p>\n<p>En Chile hubo hace poco un episodio muy desagradable y vergonzoso en Iquique, donde los inmigrantes fueron rechazados con violencia y con odio. Sobre eso escrib\u00ed un art\u00edculo en Clar\u00edn, que se llamaba \u201cPerd\u00f3nalos se\u00f1or, que no saben lo que hacen\u201d. Pero no es sobre esos migrantes que quiero hablar ahora, sino sobre los refugiados\u00a0 o exiliados pol\u00edticos. \u00a0Aunque s\u00f3lo quiero mencionar que los migrantes que intentan llegar a Europa, sea desde el \u00c1frica negra o desde el norte de \u00c1frica, de pa\u00edses musulmanes, son rechazados de tal modo que muchos,\u00a0 incluso muchos ni\u00f1os se ahogan cada d\u00eda en el mediterr\u00e1neo. Algo atroz de esta \u00e9poca moderna.<\/p>\n<p>Los exiliados pol\u00edticos hemos sido muchos, sobre todo desde Chile y otros \u00a0pa\u00edses de Am\u00e9rica \u00a0Latina, donde se entronizaron dictaduras sangrientas.<\/p>\n<p>Este a\u00f1o que se cumplen 50 desde que se implant\u00f3 la dictadura en Chile, es bueno recordar esos asuntos y esos tiempos. Es bueno recordarlos y conviene explic\u00e1rselos a las generaciones posteriores, porque es una parte importante de la historia de Chile.<\/p>\n<p>En 1973 nadie sab\u00eda muy bien c\u00f3mo iba a ser la cosa. Unos pensaban que iba a ser muy ben\u00e9vola: un importante\u00a0 dirigente pol\u00edtico me dijo: \u201cSi hay golpe yo me vuelvo a mi estudio de abogado, all\u00ed voy a estar mucho m\u00e1s \u00a0tranquilo.\u201d Y otro: \u201cSi hay golpe, va a salir Sergio Onofre Jarpa a los balcones de La Moneda y va a decir\u00a0 \u2018No hay vencedores ni vencidos\u00b4.<\/p>\n<p>Otros que eran funcionarios, fueron a entregar sus oficinas\u00a0 y sus autos y all\u00ed perdieron la vida. Algunos eran de izquierda poco conocidos y optaron por la pol\u00edtica del avestruz, que era lo m\u00e1s pr\u00e1ctico. \u00a0Otros, los menos, se pusieron a organizar la lucha contra\u00a0 la dictadura y all\u00ed fueron asesinados y se convirtieron en nuestros\u00a0 \u00a0m\u00e1rtires m\u00e1s queridos y siempre recordados. \u00a0Muy pocos sobrevivieron y son h\u00e9roes casi\u00a0 desconocidos que ya se est\u00e1n muriendo de viejos.<\/p>\n<p>Otros con m\u00e1s ojo se asilaron, porque cuando se ve que est\u00e1n bombardeando\u00a0 La Moneda, un edificio civil\u00a0 en que se encontraba el presidente y otras personas, no pueden caber dudas de c\u00f3mo viene la mano.<\/p>\n<p>Ahora, compa\u00f1eros y compa\u00f1eras, despu\u00e9s de ver lo que est\u00e1 pasando en Brasil, hay que estar siempre con el ojo avizor, los documentos de identidad, t\u00edtulos profesionales\u00a0 y la platita que se pueda, todo preparado y a mano. Es como deber\u00edamos estar listos por si hay un gran terremoto.\u00a0 No es para asustarse, al contrario, es para sentirnos m\u00e1s seguros porque la derecha chilena es fascista, pero ahora no tendr\u00e1 el apoyo norteamericano. Los yanquis est\u00e1n preocupados de cosas\u00a0 muy distintas, de Europa, de Rusia, de Ucrania y \u00a0de quien va a ser el pr\u00f3ximo presidente. Chile no les interesa, es un pa\u00eds peque\u00f1o, lejano y con un gobierno bastante sumiso.<\/p>\n<p>Y volviendo a recordar, dir\u00e9 que nosotros, mi compa\u00f1ero, yo y mis dos hijos peque\u00f1os fuimos a parar a la embajada de Panam\u00e1. \u00a0Uno se met\u00eda en la embajada que pod\u00eda.\u00a0 Era un departamento de unos 50 metros cuadrados\u00a0 en que se hacinaban alrededor de 250 personas. Dorm\u00edamos parados, apoyados en la pared, por turnos. Despu\u00e9s de una hora te despertaban y hab\u00eda que dejarle el lugar a otro. \u00a0Hab\u00eda un solo\u00a0 ba\u00f1o, para qu\u00e9 les digo m\u00e1s.<\/p>\n<p>Pero la solidaridad se hizo presente: las empleadas del departamento de arriba nos descolgaban tiestos con comida\u00a0 que entraban por la ventana, pues de otro modo nos habr\u00edamos muerto de hambre.<\/p>\n<p>El embajador s\u00f3lo se preocupaba de buscar y buscar una maleta con oro que supon\u00eda que alguien ten\u00eda que haber llevado.<\/p>\n<p>A m\u00ed me dejaron salir pronto con los ni\u00f1os, gracias al bendito machismo que imperaba entones. Mi compa\u00f1ero y otros estuvieron casi un a\u00f1o \u00a0hasta que les dieron el salvoconducto.<\/p>\n<p>Habr\u00eda miles de cosas que decir sobre esta experiencia, sobre \u00a0los pa\u00edses de asilo, sobre embajadores\u00a0 heroicos como Harald Edelstein de Suecia, \u00a0Gonzalo\u00a0 Mart\u00ednez Corbal\u00e1 de M\u00e9xico y varios otros.<\/p>\n<p>Es bueno recordar ahora\u00a0 estas cosas y manifestar nuestro reconocimiento a tantos y tantos pa\u00edses, pueblos y gobiernos\u00a0 solidarios.<\/p>\n<p>Quiz\u00e1s lo haga en otro art\u00edculo.<\/p>\n<p>&nbsp;<\/p>\n","protected":false},"excerpt":{"rendered":"<p>Hay muchas palabras para denominar fen\u00f3menos iguales o parecidos: asilados, exiliados, refugiados, desplazados internos, migrantes. Creo que la m\u00e1s gen\u00e9rica podr\u00eda ser \u201cmigrante\u201d.\u00a0 Pero dentro de los migrantes hay emigrantes e inmigrantes. Migrantes\u00a0 son las personas que se van de&hellip;<\/p>\n","protected":false},"author":2124,"featured_media":1708474,"comment_status":"closed","ping_status":"closed","sticky":false,"template":"","format":"standard","meta":{"footnotes":""},"categories":[11389,39,54574,161],"tags":[54175],"class_list":["post-1708472","post","type-post","status-publish","format-standard","has-post-thumbnail","hentry","category-contenido-original","category-internacional","category-migrantes-es","category-opiniones","tag-migrantes-es"],"yoast_head":"<!-- This site is optimized with the Yoast SEO plugin v27.1.1 - https:\/\/yoast.com\/product\/yoast-seo-wordpress\/ -->\n<title>Recuerdos del asilo hace 50 a\u00f1os, bajo la dictadura chilena\u00a0<\/title>\n<meta name=\"description\" content=\"Hay muchas palabras para denominar fen\u00f3menos iguales o parecidos: asilados, exiliados, refugiados, desplazados internos, migrantes. Creo que la m\u00e1s\" \/>\n<meta name=\"robots\" content=\"index, follow, max-snippet:-1, max-image-preview:large, max-video-preview:-1\" \/>\n<link rel=\"canonical\" href=\"https:\/\/www.pressenza.com\/es\/2023\/01\/recuerdos-del-asilo-hace-50-anos-bajo-la-dictadura-chilena\/\" \/>\n<meta property=\"og:locale\" content=\"es_ES\" \/>\n<meta property=\"og:type\" content=\"article\" \/>\n<meta property=\"og:title\" content=\"Recuerdos del asilo hace 50 a\u00f1os, bajo la dictadura chilena\u00a0\" \/>\n<meta property=\"og:description\" content=\"Hay muchas palabras para denominar fen\u00f3menos iguales o parecidos: asilados, exiliados, refugiados, desplazados internos, migrantes. Creo que la m\u00e1s\" \/>\n<meta property=\"og:url\" content=\"https:\/\/www.pressenza.com\/es\/2023\/01\/recuerdos-del-asilo-hace-50-anos-bajo-la-dictadura-chilena\/\" \/>\n<meta property=\"og:site_name\" content=\"Pressenza\" \/>\n<meta property=\"article:publisher\" content=\"https:\/\/www.facebook.com\/PressenzaItalia\" \/>\n<meta property=\"article:published_time\" content=\"2023-01-09T22:58:12+00:00\" \/>\n<meta property=\"og:image\" content=\"https:\/\/www.pressenza.com\/wp-content\/uploads\/2023\/01\/crisis-migratoria-1-1024x576-1.jpg\" \/>\n\t<meta property=\"og:image:width\" content=\"1024\" \/>\n\t<meta property=\"og:image:height\" content=\"576\" \/>\n\t<meta property=\"og:image:type\" content=\"image\/jpeg\" \/>\n<meta name=\"author\" content=\"Margarita Labarca Goddard\" \/>\n<meta name=\"twitter:card\" content=\"summary_large_image\" \/>\n<meta name=\"twitter:creator\" content=\"@PressenzaIPA\" \/>\n<meta name=\"twitter:site\" content=\"@PressenzaIPA\" \/>\n<meta name=\"twitter:label1\" content=\"Escrito por\" \/>\n\t<meta name=\"twitter:data1\" content=\"Margarita Labarca Goddard\" \/>\n\t<meta name=\"twitter:label2\" content=\"Tiempo de lectura\" \/>\n\t<meta name=\"twitter:data2\" content=\"4 minutos\" \/>\n<script type=\"application\/ld+json\" class=\"yoast-schema-graph\">{\"@context\":\"https:\/\/schema.org\",\"@graph\":[{\"@type\":\"Article\",\"@id\":\"https:\/\/www.pressenza.com\/es\/2023\/01\/recuerdos-del-asilo-hace-50-anos-bajo-la-dictadura-chilena\/#article\",\"isPartOf\":{\"@id\":\"https:\/\/www.pressenza.com\/es\/2023\/01\/recuerdos-del-asilo-hace-50-anos-bajo-la-dictadura-chilena\/\"},\"author\":{\"name\":\"Margarita Labarca Goddard\",\"@id\":\"https:\/\/www.pressenza.com\/es\/#\/schema\/person\/671f453ff8d847cc1742639e75e22e13\"},\"headline\":\"Recuerdos del asilo hace 50 a\u00f1os, bajo la dictadura chilena\u00a0\",\"datePublished\":\"2023-01-09T22:58:12+00:00\",\"mainEntityOfPage\":{\"@id\":\"https:\/\/www.pressenza.com\/es\/2023\/01\/recuerdos-del-asilo-hace-50-anos-bajo-la-dictadura-chilena\/\"},\"wordCount\":811,\"publisher\":{\"@id\":\"https:\/\/www.pressenza.com\/es\/#organization\"},\"image\":{\"@id\":\"https:\/\/www.pressenza.com\/es\/2023\/01\/recuerdos-del-asilo-hace-50-anos-bajo-la-dictadura-chilena\/#primaryimage\"},\"thumbnailUrl\":\"https:\/\/www.pressenza.com\/wp-content\/uploads\/2023\/01\/crisis-migratoria-1-1024x576-1.jpg\",\"keywords\":[\"migrantes\"],\"articleSection\":[\"Contenido Original\",\"Internacional\",\"Migrantes\",\"Opiniones\"],\"inLanguage\":\"es\"},{\"@type\":\"WebPage\",\"@id\":\"https:\/\/www.pressenza.com\/es\/2023\/01\/recuerdos-del-asilo-hace-50-anos-bajo-la-dictadura-chilena\/\",\"url\":\"https:\/\/www.pressenza.com\/es\/2023\/01\/recuerdos-del-asilo-hace-50-anos-bajo-la-dictadura-chilena\/\",\"name\":\"Recuerdos del asilo hace 50 a\u00f1os, bajo la dictadura chilena\u00a0\",\"isPartOf\":{\"@id\":\"https:\/\/www.pressenza.com\/es\/#website\"},\"primaryImageOfPage\":{\"@id\":\"https:\/\/www.pressenza.com\/es\/2023\/01\/recuerdos-del-asilo-hace-50-anos-bajo-la-dictadura-chilena\/#primaryimage\"},\"image\":{\"@id\":\"https:\/\/www.pressenza.com\/es\/2023\/01\/recuerdos-del-asilo-hace-50-anos-bajo-la-dictadura-chilena\/#primaryimage\"},\"thumbnailUrl\":\"https:\/\/www.pressenza.com\/wp-content\/uploads\/2023\/01\/crisis-migratoria-1-1024x576-1.jpg\",\"datePublished\":\"2023-01-09T22:58:12+00:00\",\"description\":\"Hay muchas palabras para denominar fen\u00f3menos iguales o parecidos: asilados, exiliados, refugiados, desplazados internos, migrantes. Creo que la m\u00e1s\",\"breadcrumb\":{\"@id\":\"https:\/\/www.pressenza.com\/es\/2023\/01\/recuerdos-del-asilo-hace-50-anos-bajo-la-dictadura-chilena\/#breadcrumb\"},\"inLanguage\":\"es\",\"potentialAction\":[{\"@type\":\"ReadAction\",\"target\":[\"https:\/\/www.pressenza.com\/es\/2023\/01\/recuerdos-del-asilo-hace-50-anos-bajo-la-dictadura-chilena\/\"]}]},{\"@type\":\"ImageObject\",\"inLanguage\":\"es\",\"@id\":\"https:\/\/www.pressenza.com\/es\/2023\/01\/recuerdos-del-asilo-hace-50-anos-bajo-la-dictadura-chilena\/#primaryimage\",\"url\":\"https:\/\/www.pressenza.com\/wp-content\/uploads\/2023\/01\/crisis-migratoria-1-1024x576-1.jpg\",\"contentUrl\":\"https:\/\/www.pressenza.com\/wp-content\/uploads\/2023\/01\/crisis-migratoria-1-1024x576-1.jpg\",\"width\":1024,\"height\":576},{\"@type\":\"BreadcrumbList\",\"@id\":\"https:\/\/www.pressenza.com\/es\/2023\/01\/recuerdos-del-asilo-hace-50-anos-bajo-la-dictadura-chilena\/#breadcrumb\",\"itemListElement\":[{\"@type\":\"ListItem\",\"position\":1,\"name\":\"Accueil\",\"item\":\"https:\/\/www.pressenza.com\/es\/\"},{\"@type\":\"ListItem\",\"position\":2,\"name\":\"Recuerdos del asilo hace 50 a\u00f1os, bajo la dictadura chilena\u00a0\"}]},{\"@type\":\"WebSite\",\"@id\":\"https:\/\/www.pressenza.com\/es\/#website\",\"url\":\"https:\/\/www.pressenza.com\/es\/\",\"name\":\"Pressenza\",\"description\":\"International Press Agency\",\"publisher\":{\"@id\":\"https:\/\/www.pressenza.com\/es\/#organization\"},\"potentialAction\":[{\"@type\":\"SearchAction\",\"target\":{\"@type\":\"EntryPoint\",\"urlTemplate\":\"https:\/\/www.pressenza.com\/es\/?s={search_term_string}\"},\"query-input\":{\"@type\":\"PropertyValueSpecification\",\"valueRequired\":true,\"valueName\":\"search_term_string\"}}],\"inLanguage\":\"es\"},{\"@type\":\"Organization\",\"@id\":\"https:\/\/www.pressenza.com\/es\/#organization\",\"name\":\"Pressenza\",\"url\":\"https:\/\/www.pressenza.com\/es\/\",\"logo\":{\"@type\":\"ImageObject\",\"inLanguage\":\"es\",\"@id\":\"https:\/\/www.pressenza.com\/es\/#\/schema\/logo\/image\/\",\"url\":\"https:\/\/www.pressenza.com\/wp-content\/uploads\/2022\/10\/pressenza_logo_200x200.jpg\",\"contentUrl\":\"https:\/\/www.pressenza.com\/wp-content\/uploads\/2022\/10\/pressenza_logo_200x200.jpg\",\"width\":200,\"height\":200,\"caption\":\"Pressenza\"},\"image\":{\"@id\":\"https:\/\/www.pressenza.com\/es\/#\/schema\/logo\/image\/\"},\"sameAs\":[\"https:\/\/www.facebook.com\/PressenzaItalia\",\"https:\/\/x.com\/PressenzaIPA\"]},{\"@type\":\"Person\",\"@id\":\"https:\/\/www.pressenza.com\/es\/#\/schema\/person\/671f453ff8d847cc1742639e75e22e13\",\"name\":\"Margarita Labarca Goddard\",\"description\":\"A graduate of the University of Chile\u2019s Law School (1960), she held a prominent role in public administration during Salvador Allende\u2019s government. Her life has been shaped by a deep international perspective, from an upbringing in Argentina and post-war Paris to political exile in Cuba and Mexico following the 1973 coup. A resident of Mexico since 1979 due to judicial persecution by the Chilean dictatorship, she brings to her writing extensive expertise in the legal, political, and social issues of Latin America.\",\"url\":\"https:\/\/www.pressenza.com\/es\/author\/margarita-labarca-goddard\/\"}]}<\/script>\n<!-- \/ Yoast SEO plugin. -->","yoast_head_json":{"title":"Recuerdos del asilo hace 50 a\u00f1os, bajo la dictadura chilena\u00a0","description":"Hay muchas palabras para denominar fen\u00f3menos iguales o parecidos: asilados, exiliados, refugiados, desplazados internos, migrantes. Creo que la m\u00e1s","robots":{"index":"index","follow":"follow","max-snippet":"max-snippet:-1","max-image-preview":"max-image-preview:large","max-video-preview":"max-video-preview:-1"},"canonical":"https:\/\/www.pressenza.com\/es\/2023\/01\/recuerdos-del-asilo-hace-50-anos-bajo-la-dictadura-chilena\/","og_locale":"es_ES","og_type":"article","og_title":"Recuerdos del asilo hace 50 a\u00f1os, bajo la dictadura chilena\u00a0","og_description":"Hay muchas palabras para denominar fen\u00f3menos iguales o parecidos: asilados, exiliados, refugiados, desplazados internos, migrantes. Creo que la m\u00e1s","og_url":"https:\/\/www.pressenza.com\/es\/2023\/01\/recuerdos-del-asilo-hace-50-anos-bajo-la-dictadura-chilena\/","og_site_name":"Pressenza","article_publisher":"https:\/\/www.facebook.com\/PressenzaItalia","article_published_time":"2023-01-09T22:58:12+00:00","og_image":[{"width":1024,"height":576,"url":"https:\/\/www.pressenza.com\/wp-content\/uploads\/2023\/01\/crisis-migratoria-1-1024x576-1.jpg","type":"image\/jpeg"}],"author":"Margarita Labarca Goddard","twitter_card":"summary_large_image","twitter_creator":"@PressenzaIPA","twitter_site":"@PressenzaIPA","twitter_misc":{"Escrito por":"Margarita Labarca Goddard","Tiempo de lectura":"4 minutos"},"schema":{"@context":"https:\/\/schema.org","@graph":[{"@type":"Article","@id":"https:\/\/www.pressenza.com\/es\/2023\/01\/recuerdos-del-asilo-hace-50-anos-bajo-la-dictadura-chilena\/#article","isPartOf":{"@id":"https:\/\/www.pressenza.com\/es\/2023\/01\/recuerdos-del-asilo-hace-50-anos-bajo-la-dictadura-chilena\/"},"author":{"name":"Margarita Labarca Goddard","@id":"https:\/\/www.pressenza.com\/es\/#\/schema\/person\/671f453ff8d847cc1742639e75e22e13"},"headline":"Recuerdos del asilo hace 50 a\u00f1os, bajo la dictadura chilena\u00a0","datePublished":"2023-01-09T22:58:12+00:00","mainEntityOfPage":{"@id":"https:\/\/www.pressenza.com\/es\/2023\/01\/recuerdos-del-asilo-hace-50-anos-bajo-la-dictadura-chilena\/"},"wordCount":811,"publisher":{"@id":"https:\/\/www.pressenza.com\/es\/#organization"},"image":{"@id":"https:\/\/www.pressenza.com\/es\/2023\/01\/recuerdos-del-asilo-hace-50-anos-bajo-la-dictadura-chilena\/#primaryimage"},"thumbnailUrl":"https:\/\/www.pressenza.com\/wp-content\/uploads\/2023\/01\/crisis-migratoria-1-1024x576-1.jpg","keywords":["migrantes"],"articleSection":["Contenido Original","Internacional","Migrantes","Opiniones"],"inLanguage":"es"},{"@type":"WebPage","@id":"https:\/\/www.pressenza.com\/es\/2023\/01\/recuerdos-del-asilo-hace-50-anos-bajo-la-dictadura-chilena\/","url":"https:\/\/www.pressenza.com\/es\/2023\/01\/recuerdos-del-asilo-hace-50-anos-bajo-la-dictadura-chilena\/","name":"Recuerdos del asilo hace 50 a\u00f1os, bajo la dictadura chilena\u00a0","isPartOf":{"@id":"https:\/\/www.pressenza.com\/es\/#website"},"primaryImageOfPage":{"@id":"https:\/\/www.pressenza.com\/es\/2023\/01\/recuerdos-del-asilo-hace-50-anos-bajo-la-dictadura-chilena\/#primaryimage"},"image":{"@id":"https:\/\/www.pressenza.com\/es\/2023\/01\/recuerdos-del-asilo-hace-50-anos-bajo-la-dictadura-chilena\/#primaryimage"},"thumbnailUrl":"https:\/\/www.pressenza.com\/wp-content\/uploads\/2023\/01\/crisis-migratoria-1-1024x576-1.jpg","datePublished":"2023-01-09T22:58:12+00:00","description":"Hay muchas palabras para denominar fen\u00f3menos iguales o parecidos: asilados, exiliados, refugiados, desplazados internos, migrantes. Creo que la m\u00e1s","breadcrumb":{"@id":"https:\/\/www.pressenza.com\/es\/2023\/01\/recuerdos-del-asilo-hace-50-anos-bajo-la-dictadura-chilena\/#breadcrumb"},"inLanguage":"es","potentialAction":[{"@type":"ReadAction","target":["https:\/\/www.pressenza.com\/es\/2023\/01\/recuerdos-del-asilo-hace-50-anos-bajo-la-dictadura-chilena\/"]}]},{"@type":"ImageObject","inLanguage":"es","@id":"https:\/\/www.pressenza.com\/es\/2023\/01\/recuerdos-del-asilo-hace-50-anos-bajo-la-dictadura-chilena\/#primaryimage","url":"https:\/\/www.pressenza.com\/wp-content\/uploads\/2023\/01\/crisis-migratoria-1-1024x576-1.jpg","contentUrl":"https:\/\/www.pressenza.com\/wp-content\/uploads\/2023\/01\/crisis-migratoria-1-1024x576-1.jpg","width":1024,"height":576},{"@type":"BreadcrumbList","@id":"https:\/\/www.pressenza.com\/es\/2023\/01\/recuerdos-del-asilo-hace-50-anos-bajo-la-dictadura-chilena\/#breadcrumb","itemListElement":[{"@type":"ListItem","position":1,"name":"Accueil","item":"https:\/\/www.pressenza.com\/es\/"},{"@type":"ListItem","position":2,"name":"Recuerdos del asilo hace 50 a\u00f1os, bajo la dictadura chilena\u00a0"}]},{"@type":"WebSite","@id":"https:\/\/www.pressenza.com\/es\/#website","url":"https:\/\/www.pressenza.com\/es\/","name":"Pressenza","description":"International Press Agency","publisher":{"@id":"https:\/\/www.pressenza.com\/es\/#organization"},"potentialAction":[{"@type":"SearchAction","target":{"@type":"EntryPoint","urlTemplate":"https:\/\/www.pressenza.com\/es\/?s={search_term_string}"},"query-input":{"@type":"PropertyValueSpecification","valueRequired":true,"valueName":"search_term_string"}}],"inLanguage":"es"},{"@type":"Organization","@id":"https:\/\/www.pressenza.com\/es\/#organization","name":"Pressenza","url":"https:\/\/www.pressenza.com\/es\/","logo":{"@type":"ImageObject","inLanguage":"es","@id":"https:\/\/www.pressenza.com\/es\/#\/schema\/logo\/image\/","url":"https:\/\/www.pressenza.com\/wp-content\/uploads\/2022\/10\/pressenza_logo_200x200.jpg","contentUrl":"https:\/\/www.pressenza.com\/wp-content\/uploads\/2022\/10\/pressenza_logo_200x200.jpg","width":200,"height":200,"caption":"Pressenza"},"image":{"@id":"https:\/\/www.pressenza.com\/es\/#\/schema\/logo\/image\/"},"sameAs":["https:\/\/www.facebook.com\/PressenzaItalia","https:\/\/x.com\/PressenzaIPA"]},{"@type":"Person","@id":"https:\/\/www.pressenza.com\/es\/#\/schema\/person\/671f453ff8d847cc1742639e75e22e13","name":"Margarita Labarca Goddard","description":"A graduate of the University of Chile\u2019s Law School (1960), she held a prominent role in public administration during Salvador Allende\u2019s government. Her life has been shaped by a deep international perspective, from an upbringing in Argentina and post-war Paris to political exile in Cuba and Mexico following the 1973 coup. A resident of Mexico since 1979 due to judicial persecution by the Chilean dictatorship, she brings to her writing extensive expertise in the legal, political, and social issues of Latin America.","url":"https:\/\/www.pressenza.com\/es\/author\/margarita-labarca-goddard\/"}]}},"place":"Ciudad de M\u00e9xico, M\u00e9xico","original_article_url":"","_links":{"self":[{"href":"https:\/\/www.pressenza.com\/es\/wp-json\/wp\/v2\/posts\/1708472","targetHints":{"allow":["GET"]}}],"collection":[{"href":"https:\/\/www.pressenza.com\/es\/wp-json\/wp\/v2\/posts"}],"about":[{"href":"https:\/\/www.pressenza.com\/es\/wp-json\/wp\/v2\/types\/post"}],"author":[{"embeddable":true,"href":"https:\/\/www.pressenza.com\/es\/wp-json\/wp\/v2\/users\/2124"}],"replies":[{"embeddable":true,"href":"https:\/\/www.pressenza.com\/es\/wp-json\/wp\/v2\/comments?post=1708472"}],"version-history":[{"count":0,"href":"https:\/\/www.pressenza.com\/es\/wp-json\/wp\/v2\/posts\/1708472\/revisions"}],"wp:featuredmedia":[{"embeddable":true,"href":"https:\/\/www.pressenza.com\/es\/wp-json\/wp\/v2\/media\/1708474"}],"wp:attachment":[{"href":"https:\/\/www.pressenza.com\/es\/wp-json\/wp\/v2\/media?parent=1708472"}],"wp:term":[{"taxonomy":"category","embeddable":true,"href":"https:\/\/www.pressenza.com\/es\/wp-json\/wp\/v2\/categories?post=1708472"},{"taxonomy":"post_tag","embeddable":true,"href":"https:\/\/www.pressenza.com\/es\/wp-json\/wp\/v2\/tags?post=1708472"}],"curies":[{"name":"wp","href":"https:\/\/api.w.org\/{rel}","templated":true}]}}