{"id":1706847,"date":"2023-01-08T01:17:30","date_gmt":"2023-01-08T01:17:30","guid":{"rendered":"https:\/\/www.pressenza.com\/?p=1706847"},"modified":"2023-01-08T01:17:30","modified_gmt":"2023-01-08T01:17:30","slug":"chile-momentos-duros-para-boric","status":"publish","type":"post","link":"https:\/\/www.pressenza.com\/es\/2023\/01\/chile-momentos-duros-para-boric\/","title":{"rendered":"(Chile) Momentos duros para Boric"},"content":{"rendered":"<p>por Ricardo Rojas<\/p>\n<p>&nbsp;<\/p>\n<p>Comienza 2023 con una fuerte arremetida de la oposici\u00f3n contra el gobierno de Boric. Adem\u00e1s, la Encuesta del CEP se\u00f1ala que un 61% de los que la respondieron desaprueba la gesti\u00f3n del Presidente. \u00bfSe puede confiar en las encuestas? Mientras, la derecha -la dura y la vestida de menos dura- prepara y desarrolla un arsenal de obst\u00e1culos contra las medidas del gobierno, en que las acusaciones constitucionales son la guinda de la torta: contra el ministro de Desarrollo Social Giorgio Jackson (por parte de los Republicanos, fundada en acusaciones de una ex Seremi militante del PPD); la amenaza de acusaci\u00f3n constitucional contra la ministra de Justicia Marcela R\u00edos, por los problemas en el nombramiento del Fiscal Nacional y por los recientes indultos, lo que provoca que deba dejar el cargo y se nombre un nuevo ministro de Justicia (generando un nuevo desajuste pol\u00edtico al interior del gobierno, al sacar tambi\u00e9n al jefe de gabinete de Boric); se suma a lo anterior la amenaza de acusar al Presidente, una carta del naipe que seguramente la oposici\u00f3n guardaba para una apuesta m\u00e1s fuerte.<\/p>\n<p>Lo anterior es una demostraci\u00f3n del permanente chantaje al gobierno, que se materializa en que las estas acusaciones se desactivar\u00edan si el gobierno nombrara como candidato a Fiscal a un abogado que es del gusto de la oposici\u00f3n, a pesar de una serie de antecedentes que por s\u00ed solos son contrarios a los principios declarados del gobierno. Pero eso no es todo: el chantaje tambi\u00e9n se expresa en el retiro de la oposici\u00f3n de la mesa de Seguridad convocada por la ministra del Interior Carolina Toh\u00e1 y, de la misma forma, se contin\u00faa con el libreto de oponerse, torpedear y chantajear, tanto en lo relacionado con la Reforma Tributaria como con la propuesta de Reforma Previsional. As\u00ed entonces, a punta de presiones y bloqueos, se logr\u00f3 el acuerdo para un nuevo proceso constitucional, en que todas sus caracter\u00edsticas se\u00f1alan que la derecha gan\u00f3 todos los puntos posibles en lo acordado, bas\u00e1ndose en el 62% que obtuvo el Rechazo en el Plebiscito de salida, realizado en septiembre pasado. De alguna manera, tal como ocurri\u00f3 con expresidente Sebasti\u00e1n Pi\u00f1era, se est\u00e1 llegando a un parlamentarismo de facto, en que todo pasa por el Congreso, y generalmente los votos de la derecha deciden el curso de los acontecimientos.<\/p>\n<p>Ser\u00eda bueno entender que el resultado del plebiscito no s\u00f3lo es responsabilidad de la propaganda de la derecha. Gran parte de esa derrota radica en que se pretendi\u00f3 crear una Constituci\u00f3n ideal sin considerar que para ganar en pol\u00edtica se debe contar con una correlaci\u00f3n de fuerzas favorable; fallaron los an\u00e1lisis de los involucrados en la propuesta, que sin duda es moderna y justa, al margen de lo que pudiera resultar discutible. Y sobre todo no existi\u00f3 pol\u00edtica, en cuanto a que muchos de los convencionales actuaron m\u00e1s por intereses regionales y\/o corporativos, y deseos particulares, creando acuerdos al interior de la asamblea sin ecos de envergadura en la sociedad, sin conducci\u00f3n y acompa\u00f1amiento de los partidos pol\u00edticos y sin los respaldos comunicacionales adecuados y necesarios. Muchos convencionales, encerrados en la burbuja de la Convenci\u00f3n, creyeron que podr\u00edan crear la rep\u00fablica socialista por decreto, sin pensar en que hab\u00eda que ganar voluntades colectivas para lograr la aprobaci\u00f3n<\/p>\n<p>Falt\u00f3 responsabilidad pol\u00edtica, como ocurre en este momento en que las llamadas Alianzas que conforman el gobierno no respaldan al Presidente de manera decidida, y vemos que diputados y senadores que, se supone, son oficialistas votan cada uno por su lado, sin comprender que cada acci\u00f3n divergente fortalece a la derecha, y olvidan la movilizaci\u00f3n nacional que gener\u00f3 el Estallido de 2019. De lo contrario, \u00bfc\u00f3mo se explica el avance de Republicanos o el surgimiento del Partido de la Gente? Si los partidos oficialistas actuaran en conjunto todo ser\u00eda diferente. Pero eso, sin ser un ideal, es una aspiraci\u00f3n dif\u00edcil de concretar, sobre todo con partidos reducidos a una m\u00ednima expresi\u00f3n cualitativa, desprestigiados, y que hacen pol\u00edtica de sal\u00f3n en el Congreso, sin arraigo en la sociedad.<\/p>\n<p>El Presidente vive momentos duros, y cabe preguntar a algunos diputados y senadores qu\u00e9 piensan o sienten al ver que la oposici\u00f3n hace y logra pr\u00e1cticamente todo lo que se propone, mientras ellos, aferrados a sus cargos, realizan purgas particulares o buscan destacar con declaraciones para la galer\u00eda, sin considerar que pasan los d\u00edas y el gobierno se debilita. Recordemos que este a\u00f1o es el cincuenta aniversario del Golpe de Estado, y que hace medio siglo la derecha se dio el gusto de derrocar al gobierno de Salvador Allende usando a los militares; pero antes de eso, se opuso a todo, chantaje\u00f3, obstaculiz\u00f3, muchos de los grandes empresarios sacaron sus fortunas del pa\u00eds y acus\u00f3 a ministros a su antojo, mientras desarrollaba la m\u00e1s grande campa\u00f1a comunicacional de la historia de Chile para lograr su objetivo: acallar los cambios que realizaba el gobierno de Allende y que no se hicieran las reformas\u00a0 que favorecieran al pueblo. Han pasado cincuenta a\u00f1os y las condiciones parecen ser otras, pero la derecha act\u00faa igual que antes, porque es su sino, su esencia, su \u00fanica raz\u00f3n de ser: impedir que nuestro pueblo, nuestra gente pueda vivir con dignidad y con sus necesidades b\u00e1sicas satisfechas. Y cuidar que el gran capital no pierda su poder. Es decir, que sigan las isapres, las AFP, la desigualdad en la educaci\u00f3n y la salud, la falta de vivienda; en fin, seguir igual que ahora, porque un pueblo agobiado es f\u00e1cil de manejar.<\/p>\n<p>Son momentos duros para el gobierno, y si no existe la unidad y la responsabilidad pol\u00edtica necesaria para generar una correlaci\u00f3n de fuerzas favorable, estos momentos duros podr\u00edan transformarse en algo permanente.<\/p>\n","protected":false},"excerpt":{"rendered":"<p>por Ricardo Rojas &nbsp; Comienza 2023 con una fuerte arremetida de la oposici\u00f3n contra el gobierno de Boric. Adem\u00e1s, la Encuesta del CEP se\u00f1ala que un 61% de los que la respondieron desaprueba la gesti\u00f3n del Presidente. \u00bfSe puede confiar&hellip;<\/p>\n","protected":false},"author":43,"featured_media":1703307,"comment_status":"closed","ping_status":"closed","sticky":false,"template":"","format":"standard","meta":{"footnotes":""},"categories":[11389,74,67],"tags":[108943,108941,69401,108940,108942],"class_list":["post-1706847","post","type-post","status-publish","format-standard","has-post-thumbnail","hentry","category-contenido-original","category-politica-es","category-sudamerica","tag-acusaciones-a-ministros","tag-chantaje-al-gobierno-de-boric","tag-convencion-constitucional","tag-derecha-dura","tag-plebiscito-de-2022"],"yoast_head":"<!-- This site is optimized with the Yoast SEO plugin v27.1.1 - https:\/\/yoast.com\/product\/yoast-seo-wordpress\/ -->\n<title>(Chile) Momentos duros para Boric<\/title>\n<meta name=\"description\" content=\"por Ricardo Rojas &nbsp; Comienza 2023 con una fuerte arremetida de la oposici\u00f3n contra el gobierno de Boric. Adem\u00e1s, la Encuesta del CEP se\u00f1ala que un\" \/>\n<meta name=\"robots\" content=\"index, follow, max-snippet:-1, max-image-preview:large, max-video-preview:-1\" \/>\n<link rel=\"canonical\" href=\"https:\/\/www.pressenza.com\/es\/2023\/01\/chile-momentos-duros-para-boric\/\" \/>\n<meta property=\"og:locale\" content=\"es_ES\" \/>\n<meta property=\"og:type\" content=\"article\" \/>\n<meta property=\"og:title\" content=\"(Chile) Momentos duros para Boric\" \/>\n<meta property=\"og:description\" content=\"por Ricardo Rojas &nbsp; Comienza 2023 con una fuerte arremetida de la oposici\u00f3n contra el gobierno de Boric. Adem\u00e1s, la Encuesta del CEP se\u00f1ala que un\" \/>\n<meta property=\"og:url\" content=\"https:\/\/www.pressenza.com\/es\/2023\/01\/chile-momentos-duros-para-boric\/\" \/>\n<meta property=\"og:site_name\" content=\"Pressenza\" \/>\n<meta property=\"article:publisher\" content=\"https:\/\/www.facebook.com\/PressenzaItalia\" \/>\n<meta property=\"article:author\" content=\"https:\/\/www.facebook.com\/pressenza\" \/>\n<meta property=\"article:published_time\" content=\"2023-01-08T01:17:30+00:00\" \/>\n<meta property=\"og:image\" content=\"https:\/\/www.pressenza.com\/wp-content\/uploads\/2022\/12\/oligarquia.jpg\" \/>\n\t<meta property=\"og:image:width\" content=\"1200\" \/>\n\t<meta property=\"og:image:height\" content=\"675\" \/>\n\t<meta property=\"og:image:type\" content=\"image\/jpeg\" \/>\n<meta name=\"author\" content=\"Redacci\u00f3n Chile\" \/>\n<meta name=\"twitter:card\" content=\"summary_large_image\" \/>\n<meta name=\"twitter:creator\" content=\"@pressenza\" \/>\n<meta name=\"twitter:site\" content=\"@PressenzaIPA\" \/>\n<meta name=\"twitter:label1\" content=\"Escrito por\" \/>\n\t<meta name=\"twitter:data1\" content=\"Redacci\u00f3n Chile\" \/>\n\t<meta name=\"twitter:label2\" content=\"Tiempo de lectura\" \/>\n\t<meta name=\"twitter:data2\" content=\"5 minutos\" \/>\n<script type=\"application\/ld+json\" class=\"yoast-schema-graph\">{\"@context\":\"https:\/\/schema.org\",\"@graph\":[{\"@type\":\"Article\",\"@id\":\"https:\/\/www.pressenza.com\/es\/2023\/01\/chile-momentos-duros-para-boric\/#article\",\"isPartOf\":{\"@id\":\"https:\/\/www.pressenza.com\/es\/2023\/01\/chile-momentos-duros-para-boric\/\"},\"author\":{\"name\":\"Redacci\u00f3n Chile\",\"@id\":\"https:\/\/www.pressenza.com\/es\/#\/schema\/person\/d7db40df35d6698ba69ba9ee260944ed\"},\"headline\":\"(Chile) Momentos duros para Boric\",\"datePublished\":\"2023-01-08T01:17:30+00:00\",\"mainEntityOfPage\":{\"@id\":\"https:\/\/www.pressenza.com\/es\/2023\/01\/chile-momentos-duros-para-boric\/\"},\"wordCount\":1018,\"publisher\":{\"@id\":\"https:\/\/www.pressenza.com\/es\/#organization\"},\"image\":{\"@id\":\"https:\/\/www.pressenza.com\/es\/2023\/01\/chile-momentos-duros-para-boric\/#primaryimage\"},\"thumbnailUrl\":\"https:\/\/www.pressenza.com\/wp-content\/uploads\/2022\/12\/oligarquia.jpg\",\"keywords\":[\"acusaciones a ministros\",\"chantaje al gobierno de Boric\",\"Convenci\u00f3n Constitucional\",\"derecha dura\",\"plebiscito de 2022\"],\"articleSection\":[\"Contenido Original\",\"Pol\u00edtica\",\"Sudam\u00e9rica\"],\"inLanguage\":\"es\"},{\"@type\":\"WebPage\",\"@id\":\"https:\/\/www.pressenza.com\/es\/2023\/01\/chile-momentos-duros-para-boric\/\",\"url\":\"https:\/\/www.pressenza.com\/es\/2023\/01\/chile-momentos-duros-para-boric\/\",\"name\":\"(Chile) Momentos duros para Boric\",\"isPartOf\":{\"@id\":\"https:\/\/www.pressenza.com\/es\/#website\"},\"primaryImageOfPage\":{\"@id\":\"https:\/\/www.pressenza.com\/es\/2023\/01\/chile-momentos-duros-para-boric\/#primaryimage\"},\"image\":{\"@id\":\"https:\/\/www.pressenza.com\/es\/2023\/01\/chile-momentos-duros-para-boric\/#primaryimage\"},\"thumbnailUrl\":\"https:\/\/www.pressenza.com\/wp-content\/uploads\/2022\/12\/oligarquia.jpg\",\"datePublished\":\"2023-01-08T01:17:30+00:00\",\"description\":\"por Ricardo Rojas &nbsp; Comienza 2023 con una fuerte arremetida de la oposici\u00f3n contra el gobierno de Boric. Adem\u00e1s, la Encuesta del CEP se\u00f1ala que un\",\"breadcrumb\":{\"@id\":\"https:\/\/www.pressenza.com\/es\/2023\/01\/chile-momentos-duros-para-boric\/#breadcrumb\"},\"inLanguage\":\"es\",\"potentialAction\":[{\"@type\":\"ReadAction\",\"target\":[\"https:\/\/www.pressenza.com\/es\/2023\/01\/chile-momentos-duros-para-boric\/\"]}]},{\"@type\":\"ImageObject\",\"inLanguage\":\"es\",\"@id\":\"https:\/\/www.pressenza.com\/es\/2023\/01\/chile-momentos-duros-para-boric\/#primaryimage\",\"url\":\"https:\/\/www.pressenza.com\/wp-content\/uploads\/2022\/12\/oligarquia.jpg\",\"contentUrl\":\"https:\/\/www.pressenza.com\/wp-content\/uploads\/2022\/12\/oligarquia.jpg\",\"width\":1200,\"height\":675,\"caption\":\"La sedici\u00f3n de la derecha dura\"},{\"@type\":\"BreadcrumbList\",\"@id\":\"https:\/\/www.pressenza.com\/es\/2023\/01\/chile-momentos-duros-para-boric\/#breadcrumb\",\"itemListElement\":[{\"@type\":\"ListItem\",\"position\":1,\"name\":\"Accueil\",\"item\":\"https:\/\/www.pressenza.com\/es\/\"},{\"@type\":\"ListItem\",\"position\":2,\"name\":\"(Chile) Momentos duros para Boric\"}]},{\"@type\":\"WebSite\",\"@id\":\"https:\/\/www.pressenza.com\/es\/#website\",\"url\":\"https:\/\/www.pressenza.com\/es\/\",\"name\":\"Pressenza\",\"description\":\"International Press Agency\",\"publisher\":{\"@id\":\"https:\/\/www.pressenza.com\/es\/#organization\"},\"potentialAction\":[{\"@type\":\"SearchAction\",\"target\":{\"@type\":\"EntryPoint\",\"urlTemplate\":\"https:\/\/www.pressenza.com\/es\/?s={search_term_string}\"},\"query-input\":{\"@type\":\"PropertyValueSpecification\",\"valueRequired\":true,\"valueName\":\"search_term_string\"}}],\"inLanguage\":\"es\"},{\"@type\":\"Organization\",\"@id\":\"https:\/\/www.pressenza.com\/es\/#organization\",\"name\":\"Pressenza\",\"url\":\"https:\/\/www.pressenza.com\/es\/\",\"logo\":{\"@type\":\"ImageObject\",\"inLanguage\":\"es\",\"@id\":\"https:\/\/www.pressenza.com\/es\/#\/schema\/logo\/image\/\",\"url\":\"https:\/\/www.pressenza.com\/wp-content\/uploads\/2022\/10\/pressenza_logo_200x200.jpg\",\"contentUrl\":\"https:\/\/www.pressenza.com\/wp-content\/uploads\/2022\/10\/pressenza_logo_200x200.jpg\",\"width\":200,\"height\":200,\"caption\":\"Pressenza\"},\"image\":{\"@id\":\"https:\/\/www.pressenza.com\/es\/#\/schema\/logo\/image\/\"},\"sameAs\":[\"https:\/\/www.facebook.com\/PressenzaItalia\",\"https:\/\/x.com\/PressenzaIPA\"]},{\"@type\":\"Person\",\"@id\":\"https:\/\/www.pressenza.com\/es\/#\/schema\/person\/d7db40df35d6698ba69ba9ee260944ed\",\"name\":\"Redacci\u00f3n Chile\",\"description\":\"News from the Pressenza Bureau in Chile\",\"sameAs\":[\"https:\/\/www.facebook.com\/pressenza\",\"https:\/\/x.com\/pressenza\"],\"url\":\"https:\/\/www.pressenza.com\/es\/author\/redaccion-chile\/\"}]}<\/script>\n<!-- \/ Yoast SEO plugin. -->","yoast_head_json":{"title":"(Chile) Momentos duros para Boric","description":"por Ricardo Rojas &nbsp; Comienza 2023 con una fuerte arremetida de la oposici\u00f3n contra el gobierno de Boric. Adem\u00e1s, la Encuesta del CEP se\u00f1ala que un","robots":{"index":"index","follow":"follow","max-snippet":"max-snippet:-1","max-image-preview":"max-image-preview:large","max-video-preview":"max-video-preview:-1"},"canonical":"https:\/\/www.pressenza.com\/es\/2023\/01\/chile-momentos-duros-para-boric\/","og_locale":"es_ES","og_type":"article","og_title":"(Chile) Momentos duros para Boric","og_description":"por Ricardo Rojas &nbsp; Comienza 2023 con una fuerte arremetida de la oposici\u00f3n contra el gobierno de Boric. Adem\u00e1s, la Encuesta del CEP se\u00f1ala que un","og_url":"https:\/\/www.pressenza.com\/es\/2023\/01\/chile-momentos-duros-para-boric\/","og_site_name":"Pressenza","article_publisher":"https:\/\/www.facebook.com\/PressenzaItalia","article_author":"https:\/\/www.facebook.com\/pressenza","article_published_time":"2023-01-08T01:17:30+00:00","og_image":[{"width":1200,"height":675,"url":"https:\/\/www.pressenza.com\/wp-content\/uploads\/2022\/12\/oligarquia.jpg","type":"image\/jpeg"}],"author":"Redacci\u00f3n Chile","twitter_card":"summary_large_image","twitter_creator":"@pressenza","twitter_site":"@PressenzaIPA","twitter_misc":{"Escrito por":"Redacci\u00f3n Chile","Tiempo de lectura":"5 minutos"},"schema":{"@context":"https:\/\/schema.org","@graph":[{"@type":"Article","@id":"https:\/\/www.pressenza.com\/es\/2023\/01\/chile-momentos-duros-para-boric\/#article","isPartOf":{"@id":"https:\/\/www.pressenza.com\/es\/2023\/01\/chile-momentos-duros-para-boric\/"},"author":{"name":"Redacci\u00f3n Chile","@id":"https:\/\/www.pressenza.com\/es\/#\/schema\/person\/d7db40df35d6698ba69ba9ee260944ed"},"headline":"(Chile) Momentos duros para Boric","datePublished":"2023-01-08T01:17:30+00:00","mainEntityOfPage":{"@id":"https:\/\/www.pressenza.com\/es\/2023\/01\/chile-momentos-duros-para-boric\/"},"wordCount":1018,"publisher":{"@id":"https:\/\/www.pressenza.com\/es\/#organization"},"image":{"@id":"https:\/\/www.pressenza.com\/es\/2023\/01\/chile-momentos-duros-para-boric\/#primaryimage"},"thumbnailUrl":"https:\/\/www.pressenza.com\/wp-content\/uploads\/2022\/12\/oligarquia.jpg","keywords":["acusaciones a ministros","chantaje al gobierno de Boric","Convenci\u00f3n Constitucional","derecha dura","plebiscito de 2022"],"articleSection":["Contenido Original","Pol\u00edtica","Sudam\u00e9rica"],"inLanguage":"es"},{"@type":"WebPage","@id":"https:\/\/www.pressenza.com\/es\/2023\/01\/chile-momentos-duros-para-boric\/","url":"https:\/\/www.pressenza.com\/es\/2023\/01\/chile-momentos-duros-para-boric\/","name":"(Chile) Momentos duros para Boric","isPartOf":{"@id":"https:\/\/www.pressenza.com\/es\/#website"},"primaryImageOfPage":{"@id":"https:\/\/www.pressenza.com\/es\/2023\/01\/chile-momentos-duros-para-boric\/#primaryimage"},"image":{"@id":"https:\/\/www.pressenza.com\/es\/2023\/01\/chile-momentos-duros-para-boric\/#primaryimage"},"thumbnailUrl":"https:\/\/www.pressenza.com\/wp-content\/uploads\/2022\/12\/oligarquia.jpg","datePublished":"2023-01-08T01:17:30+00:00","description":"por Ricardo Rojas &nbsp; Comienza 2023 con una fuerte arremetida de la oposici\u00f3n contra el gobierno de Boric. Adem\u00e1s, la Encuesta del CEP se\u00f1ala que un","breadcrumb":{"@id":"https:\/\/www.pressenza.com\/es\/2023\/01\/chile-momentos-duros-para-boric\/#breadcrumb"},"inLanguage":"es","potentialAction":[{"@type":"ReadAction","target":["https:\/\/www.pressenza.com\/es\/2023\/01\/chile-momentos-duros-para-boric\/"]}]},{"@type":"ImageObject","inLanguage":"es","@id":"https:\/\/www.pressenza.com\/es\/2023\/01\/chile-momentos-duros-para-boric\/#primaryimage","url":"https:\/\/www.pressenza.com\/wp-content\/uploads\/2022\/12\/oligarquia.jpg","contentUrl":"https:\/\/www.pressenza.com\/wp-content\/uploads\/2022\/12\/oligarquia.jpg","width":1200,"height":675,"caption":"La sedici\u00f3n de la derecha dura"},{"@type":"BreadcrumbList","@id":"https:\/\/www.pressenza.com\/es\/2023\/01\/chile-momentos-duros-para-boric\/#breadcrumb","itemListElement":[{"@type":"ListItem","position":1,"name":"Accueil","item":"https:\/\/www.pressenza.com\/es\/"},{"@type":"ListItem","position":2,"name":"(Chile) Momentos duros para Boric"}]},{"@type":"WebSite","@id":"https:\/\/www.pressenza.com\/es\/#website","url":"https:\/\/www.pressenza.com\/es\/","name":"Pressenza","description":"International Press Agency","publisher":{"@id":"https:\/\/www.pressenza.com\/es\/#organization"},"potentialAction":[{"@type":"SearchAction","target":{"@type":"EntryPoint","urlTemplate":"https:\/\/www.pressenza.com\/es\/?s={search_term_string}"},"query-input":{"@type":"PropertyValueSpecification","valueRequired":true,"valueName":"search_term_string"}}],"inLanguage":"es"},{"@type":"Organization","@id":"https:\/\/www.pressenza.com\/es\/#organization","name":"Pressenza","url":"https:\/\/www.pressenza.com\/es\/","logo":{"@type":"ImageObject","inLanguage":"es","@id":"https:\/\/www.pressenza.com\/es\/#\/schema\/logo\/image\/","url":"https:\/\/www.pressenza.com\/wp-content\/uploads\/2022\/10\/pressenza_logo_200x200.jpg","contentUrl":"https:\/\/www.pressenza.com\/wp-content\/uploads\/2022\/10\/pressenza_logo_200x200.jpg","width":200,"height":200,"caption":"Pressenza"},"image":{"@id":"https:\/\/www.pressenza.com\/es\/#\/schema\/logo\/image\/"},"sameAs":["https:\/\/www.facebook.com\/PressenzaItalia","https:\/\/x.com\/PressenzaIPA"]},{"@type":"Person","@id":"https:\/\/www.pressenza.com\/es\/#\/schema\/person\/d7db40df35d6698ba69ba9ee260944ed","name":"Redacci\u00f3n Chile","description":"News from the Pressenza Bureau in Chile","sameAs":["https:\/\/www.facebook.com\/pressenza","https:\/\/x.com\/pressenza"],"url":"https:\/\/www.pressenza.com\/es\/author\/redaccion-chile\/"}]}},"place":"","original_article_url":"","_links":{"self":[{"href":"https:\/\/www.pressenza.com\/es\/wp-json\/wp\/v2\/posts\/1706847","targetHints":{"allow":["GET"]}}],"collection":[{"href":"https:\/\/www.pressenza.com\/es\/wp-json\/wp\/v2\/posts"}],"about":[{"href":"https:\/\/www.pressenza.com\/es\/wp-json\/wp\/v2\/types\/post"}],"author":[{"embeddable":true,"href":"https:\/\/www.pressenza.com\/es\/wp-json\/wp\/v2\/users\/43"}],"replies":[{"embeddable":true,"href":"https:\/\/www.pressenza.com\/es\/wp-json\/wp\/v2\/comments?post=1706847"}],"version-history":[{"count":0,"href":"https:\/\/www.pressenza.com\/es\/wp-json\/wp\/v2\/posts\/1706847\/revisions"}],"wp:featuredmedia":[{"embeddable":true,"href":"https:\/\/www.pressenza.com\/es\/wp-json\/wp\/v2\/media\/1703307"}],"wp:attachment":[{"href":"https:\/\/www.pressenza.com\/es\/wp-json\/wp\/v2\/media?parent=1706847"}],"wp:term":[{"taxonomy":"category","embeddable":true,"href":"https:\/\/www.pressenza.com\/es\/wp-json\/wp\/v2\/categories?post=1706847"},{"taxonomy":"post_tag","embeddable":true,"href":"https:\/\/www.pressenza.com\/es\/wp-json\/wp\/v2\/tags?post=1706847"}],"curies":[{"name":"wp","href":"https:\/\/api.w.org\/{rel}","templated":true}]}}