{"id":1706482,"date":"2023-01-06T01:37:13","date_gmt":"2023-01-06T01:37:13","guid":{"rendered":"https:\/\/www.pressenza.com\/?p=1706482"},"modified":"2023-01-06T01:38:25","modified_gmt":"2023-01-06T01:38:25","slug":"honduras-primer-ano-de-gobierno","status":"publish","type":"post","link":"https:\/\/www.pressenza.com\/es\/2023\/01\/honduras-primer-ano-de-gobierno\/","title":{"rendered":"Honduras: primer a\u00f1o de gobierno"},"content":{"rendered":"<p>Por Leonel Ayala<\/p>\n<p>El desenlace de los acontecimientos en Per\u00fa ha encendido las alarmas en Honduras, ante la similitud de la campa\u00f1a que en los primeros d\u00edas de este a\u00f1o 2023, a tres semanas del primer a\u00f1o de gobierno de Xiomara Castro, se orquesta con representantes de los sectores ultraderechistas, ligados al gobierno anterior cuya cabeza, Juan Orlando Hern\u00e1ndez (JOH) fue extraditado a USA por narcotraficante.<\/p>\n<p>Horas despu\u00e9s que se conocieron los resultados de las elecciones de noviembre 2021, la empresa privada inici\u00f3 una escalada con el aumento de precios a los productos de la canasta b\u00e1sica. El 21 de enero de 2022, fecha establecida para elegir la junta directiva del Congreso Nacional; un grupo disidente del partido LIBRE que dio el triunfo a Xiomara Castro, los diputados del Partido Nacional de JOH y la mayor\u00eda de los diputados Liberales, reunidos en un club privado eligieron una junta directiva encabezada por Jorge C\u00e1lix disidente de LIBRE. Simult\u00e1neamente en el edificio del Congreso Nacional, con 110 diputados presentes entre propietarios y suplentes, de un total de 128, eligieron otra junta directiva encabezada por Luis Redondo, del Partido Salvador de Honduras (PSH).<\/p>\n<p>Esta situaci\u00f3n at\u00edpica y en base a lo establecido en la constituci\u00f3n, oblig\u00f3 a la actual presidenta a la juramentaci\u00f3n el 27 de enero de 2021, por una jueza de sentencia. Los seguidores de Xiomara Castro en apoyo a la junta directiva de Redondo, se aglomeraron en los alrededores del edificio del congreso con la consigna de evitar a quienes calificaron de traidores, de intentar consolidar este otro paso de la derecha, que se resiste a reconocer el ejercicio democr\u00e1tico, donde el pueblo con su voto decide.<\/p>\n<p>Con las primeras acciones de la presidenta eliminando pagos y prebendas a la prensa, se desat\u00f3 una campa\u00f1a con noticias falsas para desestabilizar al gobierno y calificando de ilegal la actual junta directiva del Congreso Nacional. Por su lado, representantes de la empresa privada empezaron a manifestar su preocupaci\u00f3n por el supuesto alejamiento de la inversi\u00f3n por inseguridad jur\u00eddica. Aparecen defensores de la democracia, figuras determinantes para el golpe de estado del 2009 en contra de Manuel Zelaya, manifestado su compromiso y determinaci\u00f3n de luchar en defensa de un estado de derecho.<\/p>\n<p>En junio, aparece Salvador Nasralla, actual designado presidencial, reclamando que no se le toma en cuenta en las grandes decisiones y anuncia la ruptura de la alianza entre LIBRE y su partido el PSH. Iniciando el 2023, el Cardenal Andr\u00e9s Rodr\u00edguez, m\u00e1ximo representante de la iglesia cat\u00f3lica, manifiesta su tambi\u00e9n preocupaci\u00f3n por la ilegalidad de la directiva del congreso nacional. Por su parte representantes de la confraternidad evang\u00e9lica, profetizan la muerte de Manuel Zelaya.<\/p>\n<p>Y otra vez como tantas en nuestra Am\u00e9rica, aparece la izquierda exigiendo lo imposible, dando argumentos a la derecha, contribuyendo de esta forma en la desestabilizaci\u00f3n de un gobierno que intenta refundar un estado eternamente empobrecido por una oligarqu\u00eda insaciable de poder y riquezas.<\/p>\n<p>\u00bfSe repetir\u00e1 una vez m\u00e1s la estrategia de golpes de estado a trav\u00e9s de Sustituciones Constitucionales?. El pueblo y sus organizaciones, tienen la respuesta.<\/p>\n<p>&nbsp;<\/p>\n<p>&nbsp;<\/p>\n","protected":false},"excerpt":{"rendered":"<p>Por Leonel Ayala El desenlace de los acontecimientos en Per\u00fa ha encendido las alarmas en Honduras, ante la similitud de la campa\u00f1a que en los primeros d\u00edas de este a\u00f1o 2023, a tres semanas del primer a\u00f1o de gobierno de&hellip;<\/p>\n","protected":false},"author":1788,"featured_media":1706484,"comment_status":"closed","ping_status":"closed","sticky":false,"template":"","format":"standard","meta":{"footnotes":""},"categories":[69,11389,161,74],"tags":[4341,40640],"class_list":["post-1706482","post","type-post","status-publish","format-standard","has-post-thumbnail","hentry","category-america-central","category-contenido-original","category-opiniones","category-politica-es","tag-honduras-es","tag-xiomara-castro"],"yoast_head":"<!-- This site is optimized with the Yoast SEO plugin v27.1.1 - https:\/\/yoast.com\/product\/yoast-seo-wordpress\/ -->\n<title>Honduras: primer a\u00f1o de gobierno<\/title>\n<meta name=\"description\" content=\"Por Leonel Ayala El desenlace de los acontecimientos en Per\u00fa ha encendido las alarmas en Honduras, ante la similitud de la campa\u00f1a que en los primeros\" \/>\n<meta name=\"robots\" content=\"index, follow, max-snippet:-1, max-image-preview:large, max-video-preview:-1\" \/>\n<link rel=\"canonical\" href=\"https:\/\/www.pressenza.com\/es\/2023\/01\/honduras-primer-ano-de-gobierno\/\" \/>\n<meta property=\"og:locale\" content=\"es_ES\" \/>\n<meta property=\"og:type\" content=\"article\" \/>\n<meta property=\"og:title\" content=\"Honduras: primer a\u00f1o de gobierno\" \/>\n<meta property=\"og:description\" content=\"Por Leonel Ayala El desenlace de los acontecimientos en Per\u00fa ha encendido las alarmas en Honduras, ante la similitud de la campa\u00f1a que en los primeros\" \/>\n<meta property=\"og:url\" content=\"https:\/\/www.pressenza.com\/es\/2023\/01\/honduras-primer-ano-de-gobierno\/\" \/>\n<meta property=\"og:site_name\" content=\"Pressenza\" \/>\n<meta property=\"article:publisher\" content=\"https:\/\/www.facebook.com\/PressenzaItalia\" \/>\n<meta property=\"article:published_time\" content=\"2023-01-06T01:37:13+00:00\" \/>\n<meta property=\"article:modified_time\" content=\"2023-01-06T01:38:25+00:00\" \/>\n<meta property=\"og:image\" content=\"https:\/\/www.pressenza.com\/wp-content\/uploads\/2023\/01\/xiomara-rcv_17720299_20211128231432-820x426-1.jpg\" \/>\n\t<meta property=\"og:image:width\" content=\"820\" \/>\n\t<meta property=\"og:image:height\" content=\"426\" \/>\n\t<meta property=\"og:image:type\" content=\"image\/jpeg\" \/>\n<meta name=\"author\" content=\"Redacci\u00f3n Costa Rica\" \/>\n<meta name=\"twitter:card\" content=\"summary_large_image\" \/>\n<meta name=\"twitter:creator\" content=\"@PressenzaIPA\" \/>\n<meta name=\"twitter:site\" content=\"@PressenzaIPA\" \/>\n<meta name=\"twitter:label1\" content=\"Escrito por\" \/>\n\t<meta name=\"twitter:data1\" content=\"Redacci\u00f3n Costa Rica\" \/>\n\t<meta name=\"twitter:label2\" content=\"Tiempo de lectura\" \/>\n\t<meta name=\"twitter:data2\" content=\"3 minutos\" \/>\n<script type=\"application\/ld+json\" class=\"yoast-schema-graph\">{\"@context\":\"https:\/\/schema.org\",\"@graph\":[{\"@type\":\"Article\",\"@id\":\"https:\/\/www.pressenza.com\/es\/2023\/01\/honduras-primer-ano-de-gobierno\/#article\",\"isPartOf\":{\"@id\":\"https:\/\/www.pressenza.com\/es\/2023\/01\/honduras-primer-ano-de-gobierno\/\"},\"author\":{\"name\":\"Redacci\u00f3n Costa Rica\",\"@id\":\"https:\/\/www.pressenza.com\/es\/#\/schema\/person\/40c0d2f56a79b08b150584c99cb7f2f0\"},\"headline\":\"Honduras: primer a\u00f1o de gobierno\",\"datePublished\":\"2023-01-06T01:37:13+00:00\",\"dateModified\":\"2023-01-06T01:38:25+00:00\",\"mainEntityOfPage\":{\"@id\":\"https:\/\/www.pressenza.com\/es\/2023\/01\/honduras-primer-ano-de-gobierno\/\"},\"wordCount\":541,\"publisher\":{\"@id\":\"https:\/\/www.pressenza.com\/es\/#organization\"},\"image\":{\"@id\":\"https:\/\/www.pressenza.com\/es\/2023\/01\/honduras-primer-ano-de-gobierno\/#primaryimage\"},\"thumbnailUrl\":\"https:\/\/www.pressenza.com\/wp-content\/uploads\/2023\/01\/xiomara-rcv_17720299_20211128231432-820x426-1.jpg\",\"keywords\":[\"Honduras\",\"Xiomara Castro\"],\"articleSection\":[\"Am\u00e9rica Central\",\"Contenido Original\",\"Opiniones\",\"Pol\u00edtica\"],\"inLanguage\":\"es\"},{\"@type\":\"WebPage\",\"@id\":\"https:\/\/www.pressenza.com\/es\/2023\/01\/honduras-primer-ano-de-gobierno\/\",\"url\":\"https:\/\/www.pressenza.com\/es\/2023\/01\/honduras-primer-ano-de-gobierno\/\",\"name\":\"Honduras: primer a\u00f1o de gobierno\",\"isPartOf\":{\"@id\":\"https:\/\/www.pressenza.com\/es\/#website\"},\"primaryImageOfPage\":{\"@id\":\"https:\/\/www.pressenza.com\/es\/2023\/01\/honduras-primer-ano-de-gobierno\/#primaryimage\"},\"image\":{\"@id\":\"https:\/\/www.pressenza.com\/es\/2023\/01\/honduras-primer-ano-de-gobierno\/#primaryimage\"},\"thumbnailUrl\":\"https:\/\/www.pressenza.com\/wp-content\/uploads\/2023\/01\/xiomara-rcv_17720299_20211128231432-820x426-1.jpg\",\"datePublished\":\"2023-01-06T01:37:13+00:00\",\"dateModified\":\"2023-01-06T01:38:25+00:00\",\"description\":\"Por Leonel Ayala El desenlace de los acontecimientos en Per\u00fa ha encendido las alarmas en Honduras, ante la similitud de la campa\u00f1a que en los primeros\",\"breadcrumb\":{\"@id\":\"https:\/\/www.pressenza.com\/es\/2023\/01\/honduras-primer-ano-de-gobierno\/#breadcrumb\"},\"inLanguage\":\"es\",\"potentialAction\":[{\"@type\":\"ReadAction\",\"target\":[\"https:\/\/www.pressenza.com\/es\/2023\/01\/honduras-primer-ano-de-gobierno\/\"]}]},{\"@type\":\"ImageObject\",\"inLanguage\":\"es\",\"@id\":\"https:\/\/www.pressenza.com\/es\/2023\/01\/honduras-primer-ano-de-gobierno\/#primaryimage\",\"url\":\"https:\/\/www.pressenza.com\/wp-content\/uploads\/2023\/01\/xiomara-rcv_17720299_20211128231432-820x426-1.jpg\",\"contentUrl\":\"https:\/\/www.pressenza.com\/wp-content\/uploads\/2023\/01\/xiomara-rcv_17720299_20211128231432-820x426-1.jpg\",\"width\":820,\"height\":426,\"caption\":\"prensa-latina.cu\"},{\"@type\":\"BreadcrumbList\",\"@id\":\"https:\/\/www.pressenza.com\/es\/2023\/01\/honduras-primer-ano-de-gobierno\/#breadcrumb\",\"itemListElement\":[{\"@type\":\"ListItem\",\"position\":1,\"name\":\"Accueil\",\"item\":\"https:\/\/www.pressenza.com\/es\/\"},{\"@type\":\"ListItem\",\"position\":2,\"name\":\"Honduras: primer a\u00f1o de gobierno\"}]},{\"@type\":\"WebSite\",\"@id\":\"https:\/\/www.pressenza.com\/es\/#website\",\"url\":\"https:\/\/www.pressenza.com\/es\/\",\"name\":\"Pressenza\",\"description\":\"International Press Agency\",\"publisher\":{\"@id\":\"https:\/\/www.pressenza.com\/es\/#organization\"},\"potentialAction\":[{\"@type\":\"SearchAction\",\"target\":{\"@type\":\"EntryPoint\",\"urlTemplate\":\"https:\/\/www.pressenza.com\/es\/?s={search_term_string}\"},\"query-input\":{\"@type\":\"PropertyValueSpecification\",\"valueRequired\":true,\"valueName\":\"search_term_string\"}}],\"inLanguage\":\"es\"},{\"@type\":\"Organization\",\"@id\":\"https:\/\/www.pressenza.com\/es\/#organization\",\"name\":\"Pressenza\",\"url\":\"https:\/\/www.pressenza.com\/es\/\",\"logo\":{\"@type\":\"ImageObject\",\"inLanguage\":\"es\",\"@id\":\"https:\/\/www.pressenza.com\/es\/#\/schema\/logo\/image\/\",\"url\":\"https:\/\/www.pressenza.com\/wp-content\/uploads\/2022\/10\/pressenza_logo_200x200.jpg\",\"contentUrl\":\"https:\/\/www.pressenza.com\/wp-content\/uploads\/2022\/10\/pressenza_logo_200x200.jpg\",\"width\":200,\"height\":200,\"caption\":\"Pressenza\"},\"image\":{\"@id\":\"https:\/\/www.pressenza.com\/es\/#\/schema\/logo\/image\/\"},\"sameAs\":[\"https:\/\/www.facebook.com\/PressenzaItalia\",\"https:\/\/x.com\/PressenzaIPA\"]},{\"@type\":\"Person\",\"@id\":\"https:\/\/www.pressenza.com\/es\/#\/schema\/person\/40c0d2f56a79b08b150584c99cb7f2f0\",\"name\":\"Redacci\u00f3n Costa Rica\",\"description\":\"News published by the Pressenza bureau in Costa Rica\",\"url\":\"https:\/\/www.pressenza.com\/es\/author\/redaccion-costa-rica\/\"}]}<\/script>\n<!-- \/ Yoast SEO plugin. -->","yoast_head_json":{"title":"Honduras: primer a\u00f1o de gobierno","description":"Por Leonel Ayala El desenlace de los acontecimientos en Per\u00fa ha encendido las alarmas en Honduras, ante la similitud de la campa\u00f1a que en los primeros","robots":{"index":"index","follow":"follow","max-snippet":"max-snippet:-1","max-image-preview":"max-image-preview:large","max-video-preview":"max-video-preview:-1"},"canonical":"https:\/\/www.pressenza.com\/es\/2023\/01\/honduras-primer-ano-de-gobierno\/","og_locale":"es_ES","og_type":"article","og_title":"Honduras: primer a\u00f1o de gobierno","og_description":"Por Leonel Ayala El desenlace de los acontecimientos en Per\u00fa ha encendido las alarmas en Honduras, ante la similitud de la campa\u00f1a que en los primeros","og_url":"https:\/\/www.pressenza.com\/es\/2023\/01\/honduras-primer-ano-de-gobierno\/","og_site_name":"Pressenza","article_publisher":"https:\/\/www.facebook.com\/PressenzaItalia","article_published_time":"2023-01-06T01:37:13+00:00","article_modified_time":"2023-01-06T01:38:25+00:00","og_image":[{"width":820,"height":426,"url":"https:\/\/www.pressenza.com\/wp-content\/uploads\/2023\/01\/xiomara-rcv_17720299_20211128231432-820x426-1.jpg","type":"image\/jpeg"}],"author":"Redacci\u00f3n Costa Rica","twitter_card":"summary_large_image","twitter_creator":"@PressenzaIPA","twitter_site":"@PressenzaIPA","twitter_misc":{"Escrito por":"Redacci\u00f3n Costa Rica","Tiempo de lectura":"3 minutos"},"schema":{"@context":"https:\/\/schema.org","@graph":[{"@type":"Article","@id":"https:\/\/www.pressenza.com\/es\/2023\/01\/honduras-primer-ano-de-gobierno\/#article","isPartOf":{"@id":"https:\/\/www.pressenza.com\/es\/2023\/01\/honduras-primer-ano-de-gobierno\/"},"author":{"name":"Redacci\u00f3n Costa Rica","@id":"https:\/\/www.pressenza.com\/es\/#\/schema\/person\/40c0d2f56a79b08b150584c99cb7f2f0"},"headline":"Honduras: primer a\u00f1o de gobierno","datePublished":"2023-01-06T01:37:13+00:00","dateModified":"2023-01-06T01:38:25+00:00","mainEntityOfPage":{"@id":"https:\/\/www.pressenza.com\/es\/2023\/01\/honduras-primer-ano-de-gobierno\/"},"wordCount":541,"publisher":{"@id":"https:\/\/www.pressenza.com\/es\/#organization"},"image":{"@id":"https:\/\/www.pressenza.com\/es\/2023\/01\/honduras-primer-ano-de-gobierno\/#primaryimage"},"thumbnailUrl":"https:\/\/www.pressenza.com\/wp-content\/uploads\/2023\/01\/xiomara-rcv_17720299_20211128231432-820x426-1.jpg","keywords":["Honduras","Xiomara Castro"],"articleSection":["Am\u00e9rica Central","Contenido Original","Opiniones","Pol\u00edtica"],"inLanguage":"es"},{"@type":"WebPage","@id":"https:\/\/www.pressenza.com\/es\/2023\/01\/honduras-primer-ano-de-gobierno\/","url":"https:\/\/www.pressenza.com\/es\/2023\/01\/honduras-primer-ano-de-gobierno\/","name":"Honduras: primer a\u00f1o de gobierno","isPartOf":{"@id":"https:\/\/www.pressenza.com\/es\/#website"},"primaryImageOfPage":{"@id":"https:\/\/www.pressenza.com\/es\/2023\/01\/honduras-primer-ano-de-gobierno\/#primaryimage"},"image":{"@id":"https:\/\/www.pressenza.com\/es\/2023\/01\/honduras-primer-ano-de-gobierno\/#primaryimage"},"thumbnailUrl":"https:\/\/www.pressenza.com\/wp-content\/uploads\/2023\/01\/xiomara-rcv_17720299_20211128231432-820x426-1.jpg","datePublished":"2023-01-06T01:37:13+00:00","dateModified":"2023-01-06T01:38:25+00:00","description":"Por Leonel Ayala El desenlace de los acontecimientos en Per\u00fa ha encendido las alarmas en Honduras, ante la similitud de la campa\u00f1a que en los primeros","breadcrumb":{"@id":"https:\/\/www.pressenza.com\/es\/2023\/01\/honduras-primer-ano-de-gobierno\/#breadcrumb"},"inLanguage":"es","potentialAction":[{"@type":"ReadAction","target":["https:\/\/www.pressenza.com\/es\/2023\/01\/honduras-primer-ano-de-gobierno\/"]}]},{"@type":"ImageObject","inLanguage":"es","@id":"https:\/\/www.pressenza.com\/es\/2023\/01\/honduras-primer-ano-de-gobierno\/#primaryimage","url":"https:\/\/www.pressenza.com\/wp-content\/uploads\/2023\/01\/xiomara-rcv_17720299_20211128231432-820x426-1.jpg","contentUrl":"https:\/\/www.pressenza.com\/wp-content\/uploads\/2023\/01\/xiomara-rcv_17720299_20211128231432-820x426-1.jpg","width":820,"height":426,"caption":"prensa-latina.cu"},{"@type":"BreadcrumbList","@id":"https:\/\/www.pressenza.com\/es\/2023\/01\/honduras-primer-ano-de-gobierno\/#breadcrumb","itemListElement":[{"@type":"ListItem","position":1,"name":"Accueil","item":"https:\/\/www.pressenza.com\/es\/"},{"@type":"ListItem","position":2,"name":"Honduras: primer a\u00f1o de gobierno"}]},{"@type":"WebSite","@id":"https:\/\/www.pressenza.com\/es\/#website","url":"https:\/\/www.pressenza.com\/es\/","name":"Pressenza","description":"International Press Agency","publisher":{"@id":"https:\/\/www.pressenza.com\/es\/#organization"},"potentialAction":[{"@type":"SearchAction","target":{"@type":"EntryPoint","urlTemplate":"https:\/\/www.pressenza.com\/es\/?s={search_term_string}"},"query-input":{"@type":"PropertyValueSpecification","valueRequired":true,"valueName":"search_term_string"}}],"inLanguage":"es"},{"@type":"Organization","@id":"https:\/\/www.pressenza.com\/es\/#organization","name":"Pressenza","url":"https:\/\/www.pressenza.com\/es\/","logo":{"@type":"ImageObject","inLanguage":"es","@id":"https:\/\/www.pressenza.com\/es\/#\/schema\/logo\/image\/","url":"https:\/\/www.pressenza.com\/wp-content\/uploads\/2022\/10\/pressenza_logo_200x200.jpg","contentUrl":"https:\/\/www.pressenza.com\/wp-content\/uploads\/2022\/10\/pressenza_logo_200x200.jpg","width":200,"height":200,"caption":"Pressenza"},"image":{"@id":"https:\/\/www.pressenza.com\/es\/#\/schema\/logo\/image\/"},"sameAs":["https:\/\/www.facebook.com\/PressenzaItalia","https:\/\/x.com\/PressenzaIPA"]},{"@type":"Person","@id":"https:\/\/www.pressenza.com\/es\/#\/schema\/person\/40c0d2f56a79b08b150584c99cb7f2f0","name":"Redacci\u00f3n Costa Rica","description":"News published by the Pressenza bureau in Costa Rica","url":"https:\/\/www.pressenza.com\/es\/author\/redaccion-costa-rica\/"}]}},"place":"Honduras","original_article_url":"","_links":{"self":[{"href":"https:\/\/www.pressenza.com\/es\/wp-json\/wp\/v2\/posts\/1706482","targetHints":{"allow":["GET"]}}],"collection":[{"href":"https:\/\/www.pressenza.com\/es\/wp-json\/wp\/v2\/posts"}],"about":[{"href":"https:\/\/www.pressenza.com\/es\/wp-json\/wp\/v2\/types\/post"}],"author":[{"embeddable":true,"href":"https:\/\/www.pressenza.com\/es\/wp-json\/wp\/v2\/users\/1788"}],"replies":[{"embeddable":true,"href":"https:\/\/www.pressenza.com\/es\/wp-json\/wp\/v2\/comments?post=1706482"}],"version-history":[{"count":0,"href":"https:\/\/www.pressenza.com\/es\/wp-json\/wp\/v2\/posts\/1706482\/revisions"}],"wp:featuredmedia":[{"embeddable":true,"href":"https:\/\/www.pressenza.com\/es\/wp-json\/wp\/v2\/media\/1706484"}],"wp:attachment":[{"href":"https:\/\/www.pressenza.com\/es\/wp-json\/wp\/v2\/media?parent=1706482"}],"wp:term":[{"taxonomy":"category","embeddable":true,"href":"https:\/\/www.pressenza.com\/es\/wp-json\/wp\/v2\/categories?post=1706482"},{"taxonomy":"post_tag","embeddable":true,"href":"https:\/\/www.pressenza.com\/es\/wp-json\/wp\/v2\/tags?post=1706482"}],"curies":[{"name":"wp","href":"https:\/\/api.w.org\/{rel}","templated":true}]}}