{"id":170603,"date":"2015-03-16T10:03:10","date_gmt":"2015-03-16T10:03:10","guid":{"rendered":"http:\/\/www.pressenza.com\/?p=170603"},"modified":"2015-03-16T10:03:10","modified_gmt":"2015-03-16T10:03:10","slug":"la-nueva-generacion-ante-la-disputa-del-presente","status":"publish","type":"post","link":"https:\/\/www.pressenza.com\/es\/2015\/03\/la-nueva-generacion-ante-la-disputa-del-presente\/","title":{"rendered":"La Nueva Generaci\u00f3n ante la disputa del presente"},"content":{"rendered":"<p id=\"yui_3_16_0_1_1426496569560_4499\">J\u00f3venes dirigentes sociales y pol\u00edticos de Am\u00e9rica Latina y Europa debatieron el s\u00e1bado 14 de marzo sobre los desaf\u00edos de la Nueva Generaci\u00f3n ante la disputa del presente, en el marco del cierre del Foro Internacional por la Emancipaci\u00f3n e Igualdad, organizado por el Ministerio de Cultura de la Naci\u00f3n en el Teatro Nacional Cervantes.<\/p>\n<p id=\"yui_3_16_0_1_1426496569560_4500\">Durante el encuentro, dialogaron Axel Kicillof, Ministro de Econom\u00eda y Finanzas P\u00fablicas de la Naci\u00f3n Argentina; Camila Vallejo Dowling, diputada y militante activa de las Juventudes Comunistas de Chile; \u00cd\u00f1igo Errej\u00f3n, representante del partido pol\u00edtico espa\u00f1ol Podemos; Marisa Matias, soci\u00f3loga y pol\u00edtica <em>portuguesa, <\/em>miembro del Parlamento Europeo; Gabriela Rivadeneira, presidenta de la Asamblea Nacional de Ecuador; y Mariano Recalde, presidente de Aerol\u00edneas Argentinas.<\/p>\n<p id=\"yui_3_16_0_1_1426496569560_4450\">La mesa estuvo moderada por Ricardo Forster, secretario de Coordinaci\u00f3n Estrat\u00e9gica para el Pensamiento Nacional del Ministerio de Cultura de la Naci\u00f3n.<\/p>\n<p>\u201cMuchos de los que son parte de este debate tienen una larga traves\u00eda en el mundo universitario, de la academia y de la cultura, y a su vez han entrado profundamente en el apasionante mundo de la pol\u00edtica y de la gesti\u00f3n, para luchar desde sus gobiernos o crear, desde la oposici\u00f3n, alternativas para generar cambios populares en pa\u00edses dominados por la derecha\u201d, plante\u00f3 a modo de introducci\u00f3n Forster, moderador del encuentro.<\/p>\n<p id=\"yui_3_16_0_1_1426496569560_4449\">Kicillof festej\u00f3 el encuentro de los \u00faltimos tres d\u00edas organizado por el Ministerio de Cultura de la Naci\u00f3n. \u201cEste foro es un acierto, abre un camino irrefutable. El pensamiento ortodoxo y conservador se sorprende de que podamos juntar tantos pensadores y pol\u00edticos de todo el mundo\u201d, dijo. Adem\u00e1s, evoc\u00f3 la marcha del pasado 1\u00b0 de marzo como un \u201caire de continuidad y de comienzo. Aprendan a no dar por muertos a los procesos populares, porque los pueblos luchan, siguen y vencen\u201d.<\/p>\n<p><a href=\"http:\/\/www.pressenza.com\/wp-content\/uploads\/2015\/03\/16814015385_3c7bc543e3_z.jpg\"><img loading=\"lazy\" decoding=\"async\" class=\"alignleft size-large wp-image-170605\" src=\"http:\/\/www.pressenza.com\/wp-content\/uploads\/2015\/03\/16814015385_3c7bc543e3_z-600x400.jpg\" alt=\"16814015385_3c7bc543e3_z\" width=\"600\" height=\"400\" srcset=\"https:\/\/www.pressenza.com\/wp-content\/uploads\/2015\/03\/16814015385_3c7bc543e3_z-600x400.jpg 600w, https:\/\/www.pressenza.com\/wp-content\/uploads\/2015\/03\/16814015385_3c7bc543e3_z-300x200.jpg 300w, https:\/\/www.pressenza.com\/wp-content\/uploads\/2015\/03\/16814015385_3c7bc543e3_z.jpg 640w\" sizes=\"auto, (max-width: 600px) 100vw, 600px\" \/><\/a><\/p>\n<p id=\"yui_3_16_0_1_1426496569560_4503\">El ministro de Econom\u00eda argentino record\u00f3 su primera militancia en el centro de estudiantes del Colegio Nacional Buenos Aires, junto a Mariano Recalde. \u201cAh\u00ed naci\u00f3 y se forj\u00f3 nuestra generaci\u00f3n, una generaci\u00f3n que es hija de la vuelta de la democracia, que es parte de la primavera alfonsinista y de las luchas de los a\u00f1os 90. Desde ese momento, no paramos nunca de militar\u201d. Y plante\u00f3: \u201cLas generaciones se crean con acontecimientos, y esos acontecimientos tienen siempre un ribete pol\u00edtico y econ\u00f3mico\u201d.<\/p>\n<p id=\"yui_3_16_0_1_1426496569560_4504\">Tambi\u00e9n record\u00f3 la generaci\u00f3n forjada en los 90 y las luchas desde la militancia universitaria por la Ley de Educaci\u00f3n Superior y proclam\u00f3: \u201cBasta de cobrar los bochazos, basta de cobrar los posgrados en las instituciones p\u00fablicas, basta de una universidad arancelada\u201d.<\/p>\n<p id=\"yui_3_16_0_1_1426496569560_4448\">\u201cHoy nos encontramos con una nueva generaci\u00f3n de j\u00f3venes que se ha forjado al calor del renacimiento de la pol\u00edtica que se vive desde el 2003. Aprendimos que el Estado que representa los intereses permanentes de un pueblo, es un poderoso instrumento de emancipaci\u00f3n. Hoy en Argentina tenemos un Estado rebelde, aut\u00f3nomo y que lucha contra los poderes preconcebidos y reales. Un Estado que se ha constituido como el principal e hist\u00f3rico instrumento de desarrollo e inclusi\u00f3n social\u201d.<\/p>\n<p id=\"yui_3_16_0_1_1426496569560_4507\">Y augur\u00f3: \u201cEl crecimiento no es un proceso natural. Se necesita un Estado que se ponga a la cabeza de un programa de transformaci\u00f3n de la sociedad, expresando la voluntad del pueblo. Hay un legado, hay mucho camino recorrido, la tarea de seguir transformando la Argentina es una tarea que queda sobre las nuevas generaciones, pero esto es irreversible. Y s\u00e9panlo bien: estamos de nuevo juntos. Latinoam\u00e9rica es una sola\u201d.<\/p>\n<p id=\"yui_3_16_0_1_1426496569560_4447\">En la misma l\u00ednea, Recalde, presidente de Aerol\u00edneas Argentinas y pre candidato a Jefe de Gobierno por la ciudad de Buenos Aires, ponder\u00f3 el advenimiento de una juventud organizada. \u201cEl proyecto pol\u00edtico que encabeza Cristina Fern\u00e1ndez de Kirchner ha parido una generaci\u00f3n organizada, que es la garant\u00eda y es la fuerza que va a permitir que este proceso sea irreversible. Lo primero que hicieron estos gobiernos fue poner a la militancia por delante de la pol\u00edtica\u201d, dijo.<\/p>\n<p id=\"yui_3_16_0_1_1426496569560_4509\">\u201cDemostramos que desde el gobierno se pod\u00eda ser rebelde, se pod\u00eda enfrentar a los poderosos, se pod\u00eda defender a las minor\u00edas. Que desde un gobierno con coraje no hay corporaci\u00f3n que resista. Ese gobierno de transformaciones fue enamorando poco a poco a una generaci\u00f3n que desconfiaba de la pol\u00edtica\u00bb, enfatiz\u00f3. \u00abPero todav\u00eda nos queda mucho por conseguir y por mejorar. No vamos a parar hasta ver una Latinoam\u00e9rica unida y no vamos a parar tampoco hasta ver una Europa conducida por gobiernos populares de verdad\u201d, finaliz\u00f3 Recalde.<\/p>\n<p id=\"yui_3_16_0_1_1426496569560_4511\">\u201cIncre\u00edble lo diametralmente distinto que es el discurso de los medios de comunicaci\u00f3n hegem\u00f3nicos de nuestro pa\u00eds con lo que expresa el pueblo de Argentina\u201d, plante\u00f3 la diputada chilena Vallejo antes de comenzar su discurso. \u201cParece que confunden populismo con el empoderamiento del pueblo, porque lo que hay aqu\u00ed es un nivel de conciencia y de politizaci\u00f3n admirables\u201d.<\/p>\n<p><a href=\"http:\/\/www.pressenza.com\/wp-content\/uploads\/2015\/03\/16194096183_3464299bd9_z.jpg\"><img loading=\"lazy\" decoding=\"async\" class=\"alignleft size-large wp-image-170611\" src=\"http:\/\/www.pressenza.com\/wp-content\/uploads\/2015\/03\/16194096183_3464299bd9_z-600x400.jpg\" alt=\"16194096183_3464299bd9_z\" width=\"600\" height=\"400\" srcset=\"https:\/\/www.pressenza.com\/wp-content\/uploads\/2015\/03\/16194096183_3464299bd9_z-600x400.jpg 600w, https:\/\/www.pressenza.com\/wp-content\/uploads\/2015\/03\/16194096183_3464299bd9_z-300x200.jpg 300w, https:\/\/www.pressenza.com\/wp-content\/uploads\/2015\/03\/16194096183_3464299bd9_z.jpg 640w\" sizes=\"auto, (max-width: 600px) 100vw, 600px\" \/><\/a><\/p>\n<p id=\"yui_3_16_0_1_1426496569560_4512\">La licenciada en geolog\u00eda y militante de las Juventudes Comunistas de Chile analiz\u00f3 la importancia del trabajo en conjunto e intergeneracional. \u201cEstoy convencida que la lucha no es entre generaciones. Los j\u00f3venes tenemos mucho que aprender de nuestra historia, porque de alguna manera los j\u00f3venes tambi\u00e9n somos historia. Somos presente, somos futuro. Tenemos que mirar hacia atr\u00e1s y encontrar herramientas para pensar nuestro presente y transformar nuestro futuro, en conjunto con todos nuestros compa\u00f1eros y compa\u00f1eras\u00bb, mencion\u00f3.<\/p>\n<p id=\"yui_3_16_0_1_1426496569560_4445\">\u00abEl movimiento que surgi\u00f3 en el 2011 en Chile no fue un movimiento espont\u00e1neo ni solo de j\u00f3venes, sino una s\u00edntesis de una larga lucha de estudiantes y trabajadores de nuestro pa\u00eds\u201d, contextualiz\u00f3 Vallejo acerca de la lucha que llev\u00f3 adelante como Presidenta de la Federaci\u00f3n de Estudiantes de la Universidad de Chile y como vocera de la Confederaci\u00f3n de Estudiantes, y que tuvo su foco en la demanda de gran parte del pueblo chileno por una reforma estructural de la Ley de Educaci\u00f3n. \u00abContinuamos la lucha que estudiantes, acad\u00e9micos, profesores y sindicatos de trabajadores llevaban adelante desde hace muchos a\u00f1os, planteando la necesidad de recuperar y fortalecer la educaci\u00f3n p\u00fablica, fuertemente deteriorada, destruida y desfinanciada desde la dictadura\u00bb, complet\u00f3.<\/p>\n<p id=\"yui_3_16_0_1_1426496569560_4514\">\u00abEntendimos que tenemos que cambiar el paradigma de la educaci\u00f3n, que la demanda por una reforma estructural en el sistema educativo tiene que ver tambi\u00e9n con la necesidad del pueblo de Chile de generar un proceso de emancipaci\u00f3n mayor. No basta simplemente con decir que la educaci\u00f3n tiene que ser un derecho social humano y habilitante, gratuito y de calidad, sino que tenemos que pensarla desde una l\u00f3gica de emancipaci\u00f3n. La madre de todas las batallas es el cambio de la Constituci\u00f3n pol\u00edtica de Chile, a trav\u00e9s de una Asamblea Constituyente. Hay que entregar las herramientas al pueblo. El pueblo de Chile tiene que ser capaz de exigir lo que le corresponde: el ejercicio de la soberan\u00eda\u00bb, continu\u00f3.<\/p>\n<p id=\"yui_3_16_0_1_1426496569560_4444\">Sobre el cierre de su ponencia, Vallejo analiz\u00f3 el futuro de las luchas de los movimientos pol\u00edticos y juveniles en su pa\u00eds. \u201cSoy una convencida de que la mera conflictividad social sin disputa pol\u00edtica no tiene sentido. Necesitamos hacer que estos movimientos tengan una articulaci\u00f3n entre sindicatos, organizaciones sociales, militantes, partidos pol\u00edticos que se planteen la disputa fuerte. Tenemos que mostrar la diferenciaci\u00f3n en la pol\u00edtica, lo que significa ser pol\u00edtico y revolucionario en todas sus palabras. Establecer las diferencias con los partidos dominantes que mantienen el sistema. Tenemos que mostrar que somos partido al servicio de los intereses del pueblo, con trabajo permanente, con convicci\u00f3n y en unidad. En momentos donde hay se\u00f1ales de intentos golpistas, que buscan poner en crisis a los gobiernos progresistas es cuando m\u00e1s se necesita que la izquierda est\u00e9 uni da, no solamente en la naci\u00f3n sino en toda la regi\u00f3n latinoamericana\u201d.<\/p>\n<p id=\"yui_3_16_0_1_1426496569560_4443\">Por su parte, Rivadeneira, una de las representantes m\u00e1s fuertes de la nueva generaci\u00f3n de la pol\u00edtica ecuatoriana, presidenta de la Asamblea Nacional -la m\u00e1s joven de Am\u00e9rica Latina en presidir un Parlamento-, agradeci\u00f3 la invitaci\u00f3n a participar de una mesa con representantes de la juventud latinoamericana y europea. \u201cQuiero agradecer a la juventud militante de la Argentina que mantiene vivo este proceso de transformaci\u00f3n en esta tierra\u201d, introdujo.<\/p>\n<p id=\"yui_3_16_0_1_1426496569560_4518\">\u201cCada uno de nuestros gobiernos revolucionarios y de izquierda de la regi\u00f3n est\u00e1n trabajando por construir y radicalizar la emancipaci\u00f3n para la igualdad de nuestros pueblos\u201d, consider\u00f3 Rivadeneira, quien durante su trayectoria pol\u00edtica ha sido Gobernadora de Imbabura, Vicealcaldesa y Concejala de Otavalo, as\u00ed como coordinadora de la Organizaci\u00f3n Pol\u00edtica de Juventudes de Alianza Pa\u00eds y miembro de la Comisi\u00f3n Nacional de Juventudes.<\/p>\n<p id=\"yui_3_16_0_1_1426496569560_4442\">\u201cTenemos que cambiarnos el chip inclaustrado por el neoliberalismo por uno que permita plantear nuevos paradigmas de desarrollo. Una revoluci\u00f3n, una sociedad, se construye en igualdad de posibilidades y derechos. Debemos poder definitivamente dar ese salto a esa sociedad del conocimiento\u201d, continu\u00f3 la dirigente, quien record\u00f3 que, luego de la ca\u00edda del Muro de Berl\u00edn, Latinoam\u00e9rica tuvo que esperar muchos a\u00f1os para que un sistema alternativo, socialista, funcione en la pr\u00e1ctica, y cit\u00f3 el ejemplo cubano, nicarag\u00fcense y de la revoluci\u00f3n bolivariana de Venezuela como referentes de esos logros. \u201cTenemos ahora el reto de potenciar las nuevas formas de hacer pol\u00edtica, la organizaci\u00f3n y la movilizaci\u00f3n permanente de nuestros pueblos, en una b\u00fasqueda permanente de las ilusiones y utop\u00edas movilizadoras\u00bb, cerr\u00f3.<\/p>\n<p id=\"yui_3_16_0_1_1426496569560_4520\">En tanto, Errej\u00f3n, doctor en Ciencias Pol\u00edticas y secretario pol\u00edtico del partido espa\u00f1ol Podemos, proclam\u00f3: \u201cYo no s\u00e9 si la historia se ha acabado pero, sin dudas, mirando este teatro, presente y futuro tenemos. Gracias a Argentina por haber demostrado que hay algunas cosas que no se negocian: la soberan\u00eda y la democracia no se negocian. Cuando tuvieron que elegir entre servir a la gente o ponerse de rodillas frente a los fondos buitre, hab\u00e9is elegido estar con vuestro pueblo\u201d.<\/p>\n<p id=\"yui_3_16_0_1_1426496569560_4441\">El joven dirigente, quien fue director de campa\u00f1a de Podemos en las elecciones al Parlamento Europeo de 2014, tambi\u00e9n reflexion\u00f3 acerca del rol de la juventud en la pol\u00edtica internacional actual. \u201cCuando hablamos de nuevas generaciones, decimos que estamos profundamente orgullosos de todos los que se sacrificaron antes que nosotros, los que dejaron la piel y la vida, luchando por condiciones dignas para la gente corriente. Somos herederos de todos los que pusieron el cuerpo antes. Nuestro homenaje es la sonrisa insolente con la que nos plantamos, nos atrevemos a hacer frente a los poderosos y les decimos &#8216;les vamos a ganar&#8217;. Tenemos que recuperar la pol\u00edtica y ponerla bajo control ciudadano, al servicio de los intereses colectivos\u201d, expres\u00f3.<\/p>\n<p id=\"yui_3_16_0_1_1426496569560_4521\">\u201cNosotros pensamos mejor, con m\u00e1s potencia, con m\u00e1s rigor y con m\u00e1s profundidad porque ponemos la piel en ello y porque pensamos desde el compromiso. Porque reconocemos desde d\u00f3nde pensamos, con qui\u00e9n nos comprometemos, al servicio de qu\u00e9 causas est\u00e1 nuestro pensamiento. Vamos a ganar con vosotros y vosotros van a ganar con nosotros. Transmitimos el esp\u00edritu de una \u00e9poca de cambio y de un cambio de \u00e9poca para Europa, Que nunca m\u00e1s haya pa\u00edses sin su gente, que nunca m\u00e1s haya democracias sordas y ciegas a las necesidades de sus pueblos\u201d, finaliz\u00f3 Errej\u00f3n.<\/p>\n<p><a href=\"http:\/\/www.pressenza.com\/wp-content\/uploads\/2015\/03\/16629995899_004af970a8_z.jpg\"><img loading=\"lazy\" decoding=\"async\" class=\"alignleft size-large wp-image-170617\" src=\"http:\/\/www.pressenza.com\/wp-content\/uploads\/2015\/03\/16629995899_004af970a8_z-600x400.jpg\" alt=\"16629995899_004af970a8_z\" width=\"600\" height=\"400\" srcset=\"https:\/\/www.pressenza.com\/wp-content\/uploads\/2015\/03\/16629995899_004af970a8_z-600x400.jpg 600w, https:\/\/www.pressenza.com\/wp-content\/uploads\/2015\/03\/16629995899_004af970a8_z-300x200.jpg 300w, https:\/\/www.pressenza.com\/wp-content\/uploads\/2015\/03\/16629995899_004af970a8_z.jpg 640w\" sizes=\"auto, (max-width: 600px) 100vw, 600px\" \/><\/a><\/p>\n<p id=\"yui_3_16_0_1_1426496569560_4440\">Marisa Matias, miembro del Parlamento Europeo y Vicepresidenta del Partido de Izquierda Europea, fue la encargada de cerrar el di\u00e1logo. \u00abAm\u00e9rica Latina es para nosotros un ejemplo de un continente que se convirti\u00f3 en los \u00faltimos a\u00f1os en pueblos orgullosos de pertenecer a sus pa\u00edses. Aqu\u00ed se comprob\u00f3 que es posible aquello que en Europa nos dicen a diario que es imposible\u00bb, analiz\u00f3.<\/p>\n<p id=\"yui_3_16_0_1_1426496569560_4523\">\u00abSoy de una generaci\u00f3n que no vio a sus padres tener la posibilidad de ser ni\u00f1os, y que ahora ve a las generaciones que no pueden ser adultos porque no tienen derecho al trabajo, a la autonom\u00eda, a la libertad. Cada vez que nos quitan los derechos b\u00e1sicos, nos est\u00e1n quitando la memoria de las conquistas conseguidas. Lo que sucede en Portugal y en el sur de Europa es un ataque a todos aquel que luch\u00f3 por conseguir los derechos para el pueblo y a los que tenemos la memoria de las conquistas sociales de los pueblos\u00bb, sostuvo la soci\u00f3loga y pol\u00edtica portuguesa.<\/p>\n<p id=\"yui_3_16_0_1_1426496569560_4430\">\u00abHoy Europa es una fortaleza, que cierra los ojos frente a lo que pasa en Palestina y en tantos lugares que hoy est\u00e1n muy por debajo de los m\u00ednimos de la dignidad humana, y utiliza la excusa del terrorismo para criminalizar cada vez m\u00e1s a los inmigrantes. Tenemos que continuar esta batalla para disputar la democracia y el poder, porque sino, Europa va hacia el camino de la refundaci\u00f3n o la destrucci\u00f3n\u00bb, complet\u00f3.<\/p>\n","protected":false},"excerpt":{"rendered":"<p>J\u00f3venes dirigentes sociales y pol\u00edticos de Am\u00e9rica Latina y Europa debatieron el s\u00e1bado 14 de marzo sobre los desaf\u00edos de la Nueva Generaci\u00f3n ante la disputa del presente, en el marco del cierre del Foro Internacional por la Emancipaci\u00f3n e&hellip;<\/p>\n","protected":false},"author":87,"featured_media":170624,"comment_status":"closed","ping_status":"open","sticky":false,"template":"","format":"standard","meta":{"footnotes":""},"categories":[149,75,66,39,74,67],"tags":[26,1146,336,696,441,393,16531,984,523,394,631],"class_list":["post-170603","post","type-post","status-publish","format-standard","has-post-thumbnail","hentry","category-comunicados-de-prensa","category-cultura-es","category-europa-es","category-internacional","category-politica-es","category-sudamerica","tag-argentina","tag-cristina-fernandez-de-kirchner","tag-cultura-2","tag-democracia","tag-derechos-humanos","tag-educacion","tag-foro-internacional-por-la-emancipacion-y-la-igualdad","tag-indignados-es","tag-medios-de-comunicacion","tag-protestas-sociales","tag-violencia-economica"],"yoast_head":"<!-- This site is optimized with the Yoast SEO plugin v27.1.1 - https:\/\/yoast.com\/product\/yoast-seo-wordpress\/ -->\n<title>La Nueva Generaci\u00f3n ante la disputa del presente<\/title>\n<meta name=\"description\" content=\"J\u00f3venes dirigentes sociales y pol\u00edticos de Am\u00e9rica Latina y Europa debatieron el s\u00e1bado 14 de marzo sobre los desaf\u00edos de la Nueva Generaci\u00f3n ante la\" \/>\n<meta name=\"robots\" content=\"index, follow, max-snippet:-1, max-image-preview:large, max-video-preview:-1\" \/>\n<link rel=\"canonical\" href=\"https:\/\/www.pressenza.com\/es\/2015\/03\/la-nueva-generacion-ante-la-disputa-del-presente\/\" \/>\n<meta property=\"og:locale\" content=\"es_ES\" \/>\n<meta property=\"og:type\" content=\"article\" \/>\n<meta property=\"og:title\" content=\"La Nueva Generaci\u00f3n ante la disputa del presente\" \/>\n<meta property=\"og:description\" content=\"J\u00f3venes dirigentes sociales y pol\u00edticos de Am\u00e9rica Latina y Europa debatieron el s\u00e1bado 14 de marzo sobre los desaf\u00edos de la Nueva Generaci\u00f3n ante la\" \/>\n<meta property=\"og:url\" content=\"https:\/\/www.pressenza.com\/es\/2015\/03\/la-nueva-generacion-ante-la-disputa-del-presente\/\" \/>\n<meta property=\"og:site_name\" content=\"Pressenza\" \/>\n<meta property=\"article:publisher\" content=\"https:\/\/www.facebook.com\/PressenzaItalia\" \/>\n<meta property=\"article:published_time\" content=\"2015-03-16T10:03:10+00:00\" \/>\n<meta property=\"og:image\" content=\"https:\/\/www.pressenza.com\/wp-content\/uploads\/2015\/03\/16812610972_e422897921_z.jpg\" \/>\n\t<meta property=\"og:image:width\" content=\"640\" \/>\n\t<meta property=\"og:image:height\" content=\"427\" \/>\n\t<meta property=\"og:image:type\" content=\"image\/jpeg\" \/>\n<meta name=\"author\" content=\"Redacci\u00f3n Argentina\" \/>\n<meta name=\"twitter:card\" content=\"summary_large_image\" \/>\n<meta name=\"twitter:creator\" content=\"@pressenza\" \/>\n<meta name=\"twitter:site\" content=\"@PressenzaIPA\" \/>\n<meta name=\"twitter:label1\" content=\"Escrito por\" \/>\n\t<meta name=\"twitter:data1\" content=\"Redacci\u00f3n Argentina\" \/>\n\t<meta name=\"twitter:label2\" content=\"Tiempo de lectura\" \/>\n\t<meta name=\"twitter:data2\" content=\"11 minutos\" \/>\n<script type=\"application\/ld+json\" class=\"yoast-schema-graph\">{\"@context\":\"https:\/\/schema.org\",\"@graph\":[{\"@type\":\"Article\",\"@id\":\"https:\/\/www.pressenza.com\/es\/2015\/03\/la-nueva-generacion-ante-la-disputa-del-presente\/#article\",\"isPartOf\":{\"@id\":\"https:\/\/www.pressenza.com\/es\/2015\/03\/la-nueva-generacion-ante-la-disputa-del-presente\/\"},\"author\":{\"name\":\"Redacci\u00f3n Argentina\",\"@id\":\"https:\/\/www.pressenza.com\/es\/#\/schema\/person\/0dda7d1b68267ad95b1e1d83abc98c89\"},\"headline\":\"La Nueva Generaci\u00f3n ante la disputa del presente\",\"datePublished\":\"2015-03-16T10:03:10+00:00\",\"mainEntityOfPage\":{\"@id\":\"https:\/\/www.pressenza.com\/es\/2015\/03\/la-nueva-generacion-ante-la-disputa-del-presente\/\"},\"wordCount\":2213,\"publisher\":{\"@id\":\"https:\/\/www.pressenza.com\/es\/#organization\"},\"image\":{\"@id\":\"https:\/\/www.pressenza.com\/es\/2015\/03\/la-nueva-generacion-ante-la-disputa-del-presente\/#primaryimage\"},\"thumbnailUrl\":\"https:\/\/www.pressenza.com\/wp-content\/uploads\/2015\/03\/16812610972_e422897921_z.jpg\",\"keywords\":[\"Argentina\",\"Cristina Fernandez de Kirchner\",\"cultura\",\"Democracia\",\"Derechos humanos\",\"Educaci\u00f3n\",\"Foro Internacional por la Emancipaci\u00f3n y la Igualdad\",\"indignados\",\"medios de comunicaci\u00f3n\",\"protestas sociales\",\"Violencia econ\u00f3mica\"],\"articleSection\":[\"Comunicados de Prensa\",\"Cultura y Medios\",\"Europa\",\"Internacional\",\"Pol\u00edtica\",\"Sudam\u00e9rica\"],\"inLanguage\":\"es\"},{\"@type\":\"WebPage\",\"@id\":\"https:\/\/www.pressenza.com\/es\/2015\/03\/la-nueva-generacion-ante-la-disputa-del-presente\/\",\"url\":\"https:\/\/www.pressenza.com\/es\/2015\/03\/la-nueva-generacion-ante-la-disputa-del-presente\/\",\"name\":\"La Nueva Generaci\u00f3n ante la disputa del presente\",\"isPartOf\":{\"@id\":\"https:\/\/www.pressenza.com\/es\/#website\"},\"primaryImageOfPage\":{\"@id\":\"https:\/\/www.pressenza.com\/es\/2015\/03\/la-nueva-generacion-ante-la-disputa-del-presente\/#primaryimage\"},\"image\":{\"@id\":\"https:\/\/www.pressenza.com\/es\/2015\/03\/la-nueva-generacion-ante-la-disputa-del-presente\/#primaryimage\"},\"thumbnailUrl\":\"https:\/\/www.pressenza.com\/wp-content\/uploads\/2015\/03\/16812610972_e422897921_z.jpg\",\"datePublished\":\"2015-03-16T10:03:10+00:00\",\"description\":\"J\u00f3venes dirigentes sociales y pol\u00edticos de Am\u00e9rica Latina y Europa debatieron el s\u00e1bado 14 de marzo sobre los desaf\u00edos de la Nueva Generaci\u00f3n ante la\",\"breadcrumb\":{\"@id\":\"https:\/\/www.pressenza.com\/es\/2015\/03\/la-nueva-generacion-ante-la-disputa-del-presente\/#breadcrumb\"},\"inLanguage\":\"es\",\"potentialAction\":[{\"@type\":\"ReadAction\",\"target\":[\"https:\/\/www.pressenza.com\/es\/2015\/03\/la-nueva-generacion-ante-la-disputa-del-presente\/\"]}]},{\"@type\":\"ImageObject\",\"inLanguage\":\"es\",\"@id\":\"https:\/\/www.pressenza.com\/es\/2015\/03\/la-nueva-generacion-ante-la-disputa-del-presente\/#primaryimage\",\"url\":\"https:\/\/www.pressenza.com\/wp-content\/uploads\/2015\/03\/16812610972_e422897921_z.jpg\",\"contentUrl\":\"https:\/\/www.pressenza.com\/wp-content\/uploads\/2015\/03\/16812610972_e422897921_z.jpg\",\"width\":640,\"height\":427},{\"@type\":\"BreadcrumbList\",\"@id\":\"https:\/\/www.pressenza.com\/es\/2015\/03\/la-nueva-generacion-ante-la-disputa-del-presente\/#breadcrumb\",\"itemListElement\":[{\"@type\":\"ListItem\",\"position\":1,\"name\":\"Accueil\",\"item\":\"https:\/\/www.pressenza.com\/es\/\"},{\"@type\":\"ListItem\",\"position\":2,\"name\":\"La Nueva Generaci\u00f3n ante la disputa del presente\"}]},{\"@type\":\"WebSite\",\"@id\":\"https:\/\/www.pressenza.com\/es\/#website\",\"url\":\"https:\/\/www.pressenza.com\/es\/\",\"name\":\"Pressenza\",\"description\":\"International Press Agency\",\"publisher\":{\"@id\":\"https:\/\/www.pressenza.com\/es\/#organization\"},\"potentialAction\":[{\"@type\":\"SearchAction\",\"target\":{\"@type\":\"EntryPoint\",\"urlTemplate\":\"https:\/\/www.pressenza.com\/es\/?s={search_term_string}\"},\"query-input\":{\"@type\":\"PropertyValueSpecification\",\"valueRequired\":true,\"valueName\":\"search_term_string\"}}],\"inLanguage\":\"es\"},{\"@type\":\"Organization\",\"@id\":\"https:\/\/www.pressenza.com\/es\/#organization\",\"name\":\"Pressenza\",\"url\":\"https:\/\/www.pressenza.com\/es\/\",\"logo\":{\"@type\":\"ImageObject\",\"inLanguage\":\"es\",\"@id\":\"https:\/\/www.pressenza.com\/es\/#\/schema\/logo\/image\/\",\"url\":\"https:\/\/www.pressenza.com\/wp-content\/uploads\/2022\/10\/pressenza_logo_200x200.jpg\",\"contentUrl\":\"https:\/\/www.pressenza.com\/wp-content\/uploads\/2022\/10\/pressenza_logo_200x200.jpg\",\"width\":200,\"height\":200,\"caption\":\"Pressenza\"},\"image\":{\"@id\":\"https:\/\/www.pressenza.com\/es\/#\/schema\/logo\/image\/\"},\"sameAs\":[\"https:\/\/www.facebook.com\/PressenzaItalia\",\"https:\/\/x.com\/PressenzaIPA\"]},{\"@type\":\"Person\",\"@id\":\"https:\/\/www.pressenza.com\/es\/#\/schema\/person\/0dda7d1b68267ad95b1e1d83abc98c89\",\"name\":\"Redacci\u00f3n Argentina\",\"description\":\"News from the Pressenza Bureau in Argentina.\",\"sameAs\":[\"https:\/\/x.com\/pressenza\"],\"url\":\"https:\/\/www.pressenza.com\/es\/author\/redaccion-argentina\/\"}]}<\/script>\n<!-- \/ Yoast SEO plugin. -->","yoast_head_json":{"title":"La Nueva Generaci\u00f3n ante la disputa del presente","description":"J\u00f3venes dirigentes sociales y pol\u00edticos de Am\u00e9rica Latina y Europa debatieron el s\u00e1bado 14 de marzo sobre los desaf\u00edos de la Nueva Generaci\u00f3n ante la","robots":{"index":"index","follow":"follow","max-snippet":"max-snippet:-1","max-image-preview":"max-image-preview:large","max-video-preview":"max-video-preview:-1"},"canonical":"https:\/\/www.pressenza.com\/es\/2015\/03\/la-nueva-generacion-ante-la-disputa-del-presente\/","og_locale":"es_ES","og_type":"article","og_title":"La Nueva Generaci\u00f3n ante la disputa del presente","og_description":"J\u00f3venes dirigentes sociales y pol\u00edticos de Am\u00e9rica Latina y Europa debatieron el s\u00e1bado 14 de marzo sobre los desaf\u00edos de la Nueva Generaci\u00f3n ante la","og_url":"https:\/\/www.pressenza.com\/es\/2015\/03\/la-nueva-generacion-ante-la-disputa-del-presente\/","og_site_name":"Pressenza","article_publisher":"https:\/\/www.facebook.com\/PressenzaItalia","article_published_time":"2015-03-16T10:03:10+00:00","og_image":[{"width":640,"height":427,"url":"https:\/\/www.pressenza.com\/wp-content\/uploads\/2015\/03\/16812610972_e422897921_z.jpg","type":"image\/jpeg"}],"author":"Redacci\u00f3n Argentina","twitter_card":"summary_large_image","twitter_creator":"@pressenza","twitter_site":"@PressenzaIPA","twitter_misc":{"Escrito por":"Redacci\u00f3n Argentina","Tiempo de lectura":"11 minutos"},"schema":{"@context":"https:\/\/schema.org","@graph":[{"@type":"Article","@id":"https:\/\/www.pressenza.com\/es\/2015\/03\/la-nueva-generacion-ante-la-disputa-del-presente\/#article","isPartOf":{"@id":"https:\/\/www.pressenza.com\/es\/2015\/03\/la-nueva-generacion-ante-la-disputa-del-presente\/"},"author":{"name":"Redacci\u00f3n Argentina","@id":"https:\/\/www.pressenza.com\/es\/#\/schema\/person\/0dda7d1b68267ad95b1e1d83abc98c89"},"headline":"La Nueva Generaci\u00f3n ante la disputa del presente","datePublished":"2015-03-16T10:03:10+00:00","mainEntityOfPage":{"@id":"https:\/\/www.pressenza.com\/es\/2015\/03\/la-nueva-generacion-ante-la-disputa-del-presente\/"},"wordCount":2213,"publisher":{"@id":"https:\/\/www.pressenza.com\/es\/#organization"},"image":{"@id":"https:\/\/www.pressenza.com\/es\/2015\/03\/la-nueva-generacion-ante-la-disputa-del-presente\/#primaryimage"},"thumbnailUrl":"https:\/\/www.pressenza.com\/wp-content\/uploads\/2015\/03\/16812610972_e422897921_z.jpg","keywords":["Argentina","Cristina Fernandez de Kirchner","cultura","Democracia","Derechos humanos","Educaci\u00f3n","Foro Internacional por la Emancipaci\u00f3n y la Igualdad","indignados","medios de comunicaci\u00f3n","protestas sociales","Violencia econ\u00f3mica"],"articleSection":["Comunicados de Prensa","Cultura y Medios","Europa","Internacional","Pol\u00edtica","Sudam\u00e9rica"],"inLanguage":"es"},{"@type":"WebPage","@id":"https:\/\/www.pressenza.com\/es\/2015\/03\/la-nueva-generacion-ante-la-disputa-del-presente\/","url":"https:\/\/www.pressenza.com\/es\/2015\/03\/la-nueva-generacion-ante-la-disputa-del-presente\/","name":"La Nueva Generaci\u00f3n ante la disputa del presente","isPartOf":{"@id":"https:\/\/www.pressenza.com\/es\/#website"},"primaryImageOfPage":{"@id":"https:\/\/www.pressenza.com\/es\/2015\/03\/la-nueva-generacion-ante-la-disputa-del-presente\/#primaryimage"},"image":{"@id":"https:\/\/www.pressenza.com\/es\/2015\/03\/la-nueva-generacion-ante-la-disputa-del-presente\/#primaryimage"},"thumbnailUrl":"https:\/\/www.pressenza.com\/wp-content\/uploads\/2015\/03\/16812610972_e422897921_z.jpg","datePublished":"2015-03-16T10:03:10+00:00","description":"J\u00f3venes dirigentes sociales y pol\u00edticos de Am\u00e9rica Latina y Europa debatieron el s\u00e1bado 14 de marzo sobre los desaf\u00edos de la Nueva Generaci\u00f3n ante la","breadcrumb":{"@id":"https:\/\/www.pressenza.com\/es\/2015\/03\/la-nueva-generacion-ante-la-disputa-del-presente\/#breadcrumb"},"inLanguage":"es","potentialAction":[{"@type":"ReadAction","target":["https:\/\/www.pressenza.com\/es\/2015\/03\/la-nueva-generacion-ante-la-disputa-del-presente\/"]}]},{"@type":"ImageObject","inLanguage":"es","@id":"https:\/\/www.pressenza.com\/es\/2015\/03\/la-nueva-generacion-ante-la-disputa-del-presente\/#primaryimage","url":"https:\/\/www.pressenza.com\/wp-content\/uploads\/2015\/03\/16812610972_e422897921_z.jpg","contentUrl":"https:\/\/www.pressenza.com\/wp-content\/uploads\/2015\/03\/16812610972_e422897921_z.jpg","width":640,"height":427},{"@type":"BreadcrumbList","@id":"https:\/\/www.pressenza.com\/es\/2015\/03\/la-nueva-generacion-ante-la-disputa-del-presente\/#breadcrumb","itemListElement":[{"@type":"ListItem","position":1,"name":"Accueil","item":"https:\/\/www.pressenza.com\/es\/"},{"@type":"ListItem","position":2,"name":"La Nueva Generaci\u00f3n ante la disputa del presente"}]},{"@type":"WebSite","@id":"https:\/\/www.pressenza.com\/es\/#website","url":"https:\/\/www.pressenza.com\/es\/","name":"Pressenza","description":"International Press Agency","publisher":{"@id":"https:\/\/www.pressenza.com\/es\/#organization"},"potentialAction":[{"@type":"SearchAction","target":{"@type":"EntryPoint","urlTemplate":"https:\/\/www.pressenza.com\/es\/?s={search_term_string}"},"query-input":{"@type":"PropertyValueSpecification","valueRequired":true,"valueName":"search_term_string"}}],"inLanguage":"es"},{"@type":"Organization","@id":"https:\/\/www.pressenza.com\/es\/#organization","name":"Pressenza","url":"https:\/\/www.pressenza.com\/es\/","logo":{"@type":"ImageObject","inLanguage":"es","@id":"https:\/\/www.pressenza.com\/es\/#\/schema\/logo\/image\/","url":"https:\/\/www.pressenza.com\/wp-content\/uploads\/2022\/10\/pressenza_logo_200x200.jpg","contentUrl":"https:\/\/www.pressenza.com\/wp-content\/uploads\/2022\/10\/pressenza_logo_200x200.jpg","width":200,"height":200,"caption":"Pressenza"},"image":{"@id":"https:\/\/www.pressenza.com\/es\/#\/schema\/logo\/image\/"},"sameAs":["https:\/\/www.facebook.com\/PressenzaItalia","https:\/\/x.com\/PressenzaIPA"]},{"@type":"Person","@id":"https:\/\/www.pressenza.com\/es\/#\/schema\/person\/0dda7d1b68267ad95b1e1d83abc98c89","name":"Redacci\u00f3n Argentina","description":"News from the Pressenza Bureau in Argentina.","sameAs":["https:\/\/x.com\/pressenza"],"url":"https:\/\/www.pressenza.com\/es\/author\/redaccion-argentina\/"}]}},"place":"Ciudad de Buenos Aires","original_article_url":"","_links":{"self":[{"href":"https:\/\/www.pressenza.com\/es\/wp-json\/wp\/v2\/posts\/170603","targetHints":{"allow":["GET"]}}],"collection":[{"href":"https:\/\/www.pressenza.com\/es\/wp-json\/wp\/v2\/posts"}],"about":[{"href":"https:\/\/www.pressenza.com\/es\/wp-json\/wp\/v2\/types\/post"}],"author":[{"embeddable":true,"href":"https:\/\/www.pressenza.com\/es\/wp-json\/wp\/v2\/users\/87"}],"replies":[{"embeddable":true,"href":"https:\/\/www.pressenza.com\/es\/wp-json\/wp\/v2\/comments?post=170603"}],"version-history":[{"count":0,"href":"https:\/\/www.pressenza.com\/es\/wp-json\/wp\/v2\/posts\/170603\/revisions"}],"wp:featuredmedia":[{"embeddable":true,"href":"https:\/\/www.pressenza.com\/es\/wp-json\/wp\/v2\/media\/170624"}],"wp:attachment":[{"href":"https:\/\/www.pressenza.com\/es\/wp-json\/wp\/v2\/media?parent=170603"}],"wp:term":[{"taxonomy":"category","embeddable":true,"href":"https:\/\/www.pressenza.com\/es\/wp-json\/wp\/v2\/categories?post=170603"},{"taxonomy":"post_tag","embeddable":true,"href":"https:\/\/www.pressenza.com\/es\/wp-json\/wp\/v2\/tags?post=170603"}],"curies":[{"name":"wp","href":"https:\/\/api.w.org\/{rel}","templated":true}]}}