{"id":170503,"date":"2015-03-16T03:49:23","date_gmt":"2015-03-16T03:49:23","guid":{"rendered":"http:\/\/www.pressenza.com\/?p=170503"},"modified":"2017-12-13T21:23:45","modified_gmt":"2017-12-13T21:23:45","slug":"poco-a-poco-comenzara-a-clarear-el-alba-de-un-nuevo-dia","status":"publish","type":"post","link":"https:\/\/www.pressenza.com\/es\/2015\/03\/poco-a-poco-comenzara-a-clarear-el-alba-de-un-nuevo-dia\/","title":{"rendered":"Poco a poco comenzar\u00e1 a clarear el alba de un nuevo d\u00eda"},"content":{"rendered":"<p>Una tarde oto\u00f1al de mayo hace poco m\u00e1s de diez a\u00f1os, en los Andes al sur de sudam\u00e9rica, nos dec\u00eda Silo: \u00abEstamos al final de un obscuro per\u00edodo hist\u00f3rico y ya nada ser\u00e1 igual que antes. Poco a poco comenzar\u00e1 a clarear el alba de un nuevo d\u00eda; las culturas empezar\u00e1n a entenderse; los pueblos experimentar\u00e1n un ansia creciente de progreso para todos entendiendo que el progreso de unos pocos termina en progreso de nadie. Si, habr\u00e1 paz y por necesidad se comprender\u00e1 que se comienza a perfilar una naci\u00f3n humana universal\u00bb. Y sembraba as\u00ed en nuestros corazones la esperanza de un mundo mejor.<\/p>\n<p>Hoy es necesario tomar y retomar el contacto para fortalecer esa esperanza, hacerla crecer dentro nuestro, proyectarla. Porque el mundo est\u00e1 convulsionado, la humanidad afectada por graves amenazas a futuro principalmente en lo referido al posible desastre nuclear y a la cat\u00e1strofe ecol\u00f3gica. Nos encontramos ante un momento hist\u00f3rico dado por una crucial encrucijada, donde lo viejo no termina de morir y lo nuevo no termina de nacer; donde se expresa lo mejor, lo luminoso, las buenas intenciones de los seres humanos; pero al mismo tiempo toma cuerpo por momentos, tambi\u00e9n lo obscuro que habita en los abismos de la interioridad de algunas mentes afiebradas.<\/p>\n<p>Entonces es necesario volver a Silo una vez m\u00e1s. Tener certeza en que el progreso de unos pocos termina con el progreso de nadie, sentir la necesidad de que la paz entre pueblos y culturas nos lleve a perfilar la anhelada Naci\u00f3n Humana Universal. Para que eso luminoso que siempre empuj\u00f3 a la especie humana desde el fondo de la historia, tome fuerza y se proyecte. Entonces cambiar\u00e1n nuestras sociedades al mismo tiempo que nosotros internamente nos transformamos.<\/p>\n<p>Porque es este el tiempo tambi\u00e9n, lamentablemente, en que esos deseos groseros y destructivos buscan aferrarse. Lo vemos en los conflictos violentos, en los choques b\u00e9licos y en la invasi\u00f3n de territorios por parte de las fuerzas imperiales de siempre. Lo encontramos en la voracidad de un poder financiero monopolizado por un grupo de insaciables inescrupulosos que buscan quedarse con los recursos naturales, con las riquezas de los pueblos; que ambiciosos desean hipotecar el futuro de los empobrecidos, para clausurar por siempre los sue\u00f1os de la gente buena.<\/p>\n<p>Pero esa esperanza del mundo mejor renace en el alba de cada d\u00eda. Renace, reconforta, cuando vemos a los j\u00f3venes involucrarse en la acci\u00f3n solidaria, social y pol\u00edtica intentando hacerse cargo de su destino. La vislumbramos en los avances cient\u00edficos y tecnol\u00f3gicos que llevan a superar el dolor en el cuerpo humano causado por las enfermedades y las necesidades b\u00e1sicas insatisfechas. Se manifiesta eso luminoso en la integraci\u00f3n humana de los pueblos y las regiones colaborando mutuamente en paz para dar soluci\u00f3n a los problemas comunes. Lo sentimos posible cuando el ser humano intenta, logra, romper sus l\u00edmites, buscar nuevos horizontes, explorar el Cosmos, para luego volver a su centro. Y llega al centro del nuevo horizonte espiritual que ya se est\u00e1 manifestando.<\/p>\n<p>Nos dijo Silo esa tarde del 4 de mayo de 2004 en Punta de Vacas que poco a poco comenzar\u00e1 a clarear el alba de un nuevo d\u00eda. Ese nuevo d\u00eda nace ya en nuestros corazones, est\u00e1 llegando al hermano, al vecino, al pr\u00f3jimo; est\u00e1 poniendo en pie los cimientos de la Naci\u00f3n Humana Universal como ideal que ya anida en el interior de las almas grandes.<\/p>\n","protected":false},"excerpt":{"rendered":"<p>Una tarde oto\u00f1al de mayo hace poco m\u00e1s de diez a\u00f1os, en los Andes al sur de sudam\u00e9rica, nos dec\u00eda Silo: \u00abEstamos al final de un obscuro per\u00edodo hist\u00f3rico y ya nada ser\u00e1 igual que antes. Poco a poco comenzar\u00e1&hellip;<\/p>\n","protected":false},"author":20,"featured_media":571433,"comment_status":"closed","ping_status":"open","sticky":false,"template":"","format":"standard","meta":{"footnotes":""},"categories":[11389,78,1240,39,161,1243],"tags":[16593,3075,866],"class_list":["post-170503","post","type-post","status-publish","format-standard","has-post-thumbnail","hentry","category-contenido-original","category-medio-ambiente-ecologia","category-humanismo-espiritualidad","category-internacional","category-opiniones","category-paz-desarme","tag-cambio-social","tag-futuro","tag-humanismo"],"yoast_head":"<!-- This site is optimized with the Yoast SEO plugin v27.1.1 - https:\/\/yoast.com\/product\/yoast-seo-wordpress\/ -->\n<title>Poco a poco comenzar\u00e1 a clarear el alba de un nuevo d\u00eda<\/title>\n<meta name=\"description\" content=\"Una tarde oto\u00f1al de mayo hace poco m\u00e1s de diez a\u00f1os, en los Andes al sur de sudam\u00e9rica, nos dec\u00eda Silo: &quot;Estamos al final de un obscuro per\u00edodo hist\u00f3rico\" \/>\n<meta name=\"robots\" content=\"index, follow, max-snippet:-1, max-image-preview:large, max-video-preview:-1\" \/>\n<link rel=\"canonical\" href=\"https:\/\/www.pressenza.com\/es\/2015\/03\/poco-a-poco-comenzara-a-clarear-el-alba-de-un-nuevo-dia\/\" \/>\n<meta property=\"og:locale\" content=\"es_ES\" \/>\n<meta property=\"og:type\" content=\"article\" \/>\n<meta property=\"og:title\" content=\"Poco a poco comenzar\u00e1 a clarear el alba de un nuevo d\u00eda\" \/>\n<meta property=\"og:description\" content=\"Una tarde oto\u00f1al de mayo hace poco m\u00e1s de diez a\u00f1os, en los Andes al sur de sudam\u00e9rica, nos dec\u00eda Silo: &quot;Estamos al final de un obscuro per\u00edodo hist\u00f3rico\" \/>\n<meta property=\"og:url\" content=\"https:\/\/www.pressenza.com\/es\/2015\/03\/poco-a-poco-comenzara-a-clarear-el-alba-de-un-nuevo-dia\/\" \/>\n<meta property=\"og:site_name\" content=\"Pressenza\" \/>\n<meta property=\"article:publisher\" content=\"https:\/\/www.facebook.com\/PressenzaItalia\" \/>\n<meta property=\"article:published_time\" content=\"2015-03-16T03:49:23+00:00\" \/>\n<meta property=\"article:modified_time\" content=\"2017-12-13T21:23:45+00:00\" \/>\n<meta property=\"og:image\" content=\"https:\/\/www.pressenza.com\/wp-content\/uploads\/2015\/03\/Poco-a-poco-comenzar---a-clarear-el-alba-de-un-nuevo-d--a.jpg\" \/>\n\t<meta property=\"og:image:width\" content=\"750\" \/>\n\t<meta property=\"og:image:height\" content=\"534\" \/>\n\t<meta property=\"og:image:type\" content=\"image\/jpeg\" \/>\n<meta name=\"author\" content=\"ivan novotny\" \/>\n<meta name=\"twitter:card\" content=\"summary_large_image\" \/>\n<meta name=\"twitter:creator\" content=\"@ivanovotny\" \/>\n<meta name=\"twitter:site\" content=\"@PressenzaIPA\" \/>\n<meta name=\"twitter:label1\" content=\"Escrito por\" \/>\n\t<meta name=\"twitter:data1\" content=\"ivan novotny\" \/>\n\t<meta name=\"twitter:label2\" content=\"Tiempo de lectura\" \/>\n\t<meta name=\"twitter:data2\" content=\"3 minutos\" \/>\n<script type=\"application\/ld+json\" class=\"yoast-schema-graph\">{\"@context\":\"https:\/\/schema.org\",\"@graph\":[{\"@type\":\"Article\",\"@id\":\"https:\/\/www.pressenza.com\/es\/2015\/03\/poco-a-poco-comenzara-a-clarear-el-alba-de-un-nuevo-dia\/#article\",\"isPartOf\":{\"@id\":\"https:\/\/www.pressenza.com\/es\/2015\/03\/poco-a-poco-comenzara-a-clarear-el-alba-de-un-nuevo-dia\/\"},\"author\":{\"name\":\"ivan novotny\",\"@id\":\"https:\/\/www.pressenza.com\/es\/#\/schema\/person\/074b2cdde387af1b7a93f788a03ec37a\"},\"headline\":\"Poco a poco comenzar\u00e1 a clarear el alba de un nuevo d\u00eda\",\"datePublished\":\"2015-03-16T03:49:23+00:00\",\"dateModified\":\"2017-12-13T21:23:45+00:00\",\"mainEntityOfPage\":{\"@id\":\"https:\/\/www.pressenza.com\/es\/2015\/03\/poco-a-poco-comenzara-a-clarear-el-alba-de-un-nuevo-dia\/\"},\"wordCount\":612,\"publisher\":{\"@id\":\"https:\/\/www.pressenza.com\/es\/#organization\"},\"image\":{\"@id\":\"https:\/\/www.pressenza.com\/es\/2015\/03\/poco-a-poco-comenzara-a-clarear-el-alba-de-un-nuevo-dia\/#primaryimage\"},\"thumbnailUrl\":\"https:\/\/www.pressenza.com\/wp-content\/uploads\/2015\/03\/Poco-a-poco-comenzar---a-clarear-el-alba-de-un-nuevo-d--a.jpg\",\"keywords\":[\"cambio social\",\"futuro\",\"Humanismo\"],\"articleSection\":[\"Contenido Original\",\"Ecolog\u00eda y Medio Ambiente\",\"Humanismo y Espiritualidad\",\"Internacional\",\"Opiniones\",\"Paz y Desarme\"],\"inLanguage\":\"es\"},{\"@type\":\"WebPage\",\"@id\":\"https:\/\/www.pressenza.com\/es\/2015\/03\/poco-a-poco-comenzara-a-clarear-el-alba-de-un-nuevo-dia\/\",\"url\":\"https:\/\/www.pressenza.com\/es\/2015\/03\/poco-a-poco-comenzara-a-clarear-el-alba-de-un-nuevo-dia\/\",\"name\":\"Poco a poco comenzar\u00e1 a clarear el alba de un nuevo d\u00eda\",\"isPartOf\":{\"@id\":\"https:\/\/www.pressenza.com\/es\/#website\"},\"primaryImageOfPage\":{\"@id\":\"https:\/\/www.pressenza.com\/es\/2015\/03\/poco-a-poco-comenzara-a-clarear-el-alba-de-un-nuevo-dia\/#primaryimage\"},\"image\":{\"@id\":\"https:\/\/www.pressenza.com\/es\/2015\/03\/poco-a-poco-comenzara-a-clarear-el-alba-de-un-nuevo-dia\/#primaryimage\"},\"thumbnailUrl\":\"https:\/\/www.pressenza.com\/wp-content\/uploads\/2015\/03\/Poco-a-poco-comenzar---a-clarear-el-alba-de-un-nuevo-d--a.jpg\",\"datePublished\":\"2015-03-16T03:49:23+00:00\",\"dateModified\":\"2017-12-13T21:23:45+00:00\",\"description\":\"Una tarde oto\u00f1al de mayo hace poco m\u00e1s de diez a\u00f1os, en los Andes al sur de sudam\u00e9rica, nos dec\u00eda Silo: \\\"Estamos al final de un obscuro per\u00edodo hist\u00f3rico\",\"breadcrumb\":{\"@id\":\"https:\/\/www.pressenza.com\/es\/2015\/03\/poco-a-poco-comenzara-a-clarear-el-alba-de-un-nuevo-dia\/#breadcrumb\"},\"inLanguage\":\"es\",\"potentialAction\":[{\"@type\":\"ReadAction\",\"target\":[\"https:\/\/www.pressenza.com\/es\/2015\/03\/poco-a-poco-comenzara-a-clarear-el-alba-de-un-nuevo-dia\/\"]}]},{\"@type\":\"ImageObject\",\"inLanguage\":\"es\",\"@id\":\"https:\/\/www.pressenza.com\/es\/2015\/03\/poco-a-poco-comenzara-a-clarear-el-alba-de-un-nuevo-dia\/#primaryimage\",\"url\":\"https:\/\/www.pressenza.com\/wp-content\/uploads\/2015\/03\/Poco-a-poco-comenzar---a-clarear-el-alba-de-un-nuevo-d--a.jpg\",\"contentUrl\":\"https:\/\/www.pressenza.com\/wp-content\/uploads\/2015\/03\/Poco-a-poco-comenzar---a-clarear-el-alba-de-un-nuevo-d--a.jpg\",\"width\":750,\"height\":534},{\"@type\":\"BreadcrumbList\",\"@id\":\"https:\/\/www.pressenza.com\/es\/2015\/03\/poco-a-poco-comenzara-a-clarear-el-alba-de-un-nuevo-dia\/#breadcrumb\",\"itemListElement\":[{\"@type\":\"ListItem\",\"position\":1,\"name\":\"Accueil\",\"item\":\"https:\/\/www.pressenza.com\/es\/\"},{\"@type\":\"ListItem\",\"position\":2,\"name\":\"Poco a poco comenzar\u00e1 a clarear el alba de un nuevo d\u00eda\"}]},{\"@type\":\"WebSite\",\"@id\":\"https:\/\/www.pressenza.com\/es\/#website\",\"url\":\"https:\/\/www.pressenza.com\/es\/\",\"name\":\"Pressenza\",\"description\":\"International Press Agency\",\"publisher\":{\"@id\":\"https:\/\/www.pressenza.com\/es\/#organization\"},\"potentialAction\":[{\"@type\":\"SearchAction\",\"target\":{\"@type\":\"EntryPoint\",\"urlTemplate\":\"https:\/\/www.pressenza.com\/es\/?s={search_term_string}\"},\"query-input\":{\"@type\":\"PropertyValueSpecification\",\"valueRequired\":true,\"valueName\":\"search_term_string\"}}],\"inLanguage\":\"es\"},{\"@type\":\"Organization\",\"@id\":\"https:\/\/www.pressenza.com\/es\/#organization\",\"name\":\"Pressenza\",\"url\":\"https:\/\/www.pressenza.com\/es\/\",\"logo\":{\"@type\":\"ImageObject\",\"inLanguage\":\"es\",\"@id\":\"https:\/\/www.pressenza.com\/es\/#\/schema\/logo\/image\/\",\"url\":\"https:\/\/www.pressenza.com\/wp-content\/uploads\/2022\/10\/pressenza_logo_200x200.jpg\",\"contentUrl\":\"https:\/\/www.pressenza.com\/wp-content\/uploads\/2022\/10\/pressenza_logo_200x200.jpg\",\"width\":200,\"height\":200,\"caption\":\"Pressenza\"},\"image\":{\"@id\":\"https:\/\/www.pressenza.com\/es\/#\/schema\/logo\/image\/\"},\"sameAs\":[\"https:\/\/www.facebook.com\/PressenzaItalia\",\"https:\/\/x.com\/PressenzaIPA\"]},{\"@type\":\"Person\",\"@id\":\"https:\/\/www.pressenza.com\/es\/#\/schema\/person\/074b2cdde387af1b7a93f788a03ec37a\",\"name\":\"ivan novotny\",\"description\":\"A graduate in Communication Science from the University of Buenos Aires.\",\"sameAs\":[\"https:\/\/www.instagram.com\/inovotny\",\"https:\/\/x.com\/ivanovotny\"],\"url\":\"https:\/\/www.pressenza.com\/es\/author\/ivan-novotny\/\"}]}<\/script>\n<!-- \/ Yoast SEO plugin. -->","yoast_head_json":{"title":"Poco a poco comenzar\u00e1 a clarear el alba de un nuevo d\u00eda","description":"Una tarde oto\u00f1al de mayo hace poco m\u00e1s de diez a\u00f1os, en los Andes al sur de sudam\u00e9rica, nos dec\u00eda Silo: \"Estamos al final de un obscuro per\u00edodo hist\u00f3rico","robots":{"index":"index","follow":"follow","max-snippet":"max-snippet:-1","max-image-preview":"max-image-preview:large","max-video-preview":"max-video-preview:-1"},"canonical":"https:\/\/www.pressenza.com\/es\/2015\/03\/poco-a-poco-comenzara-a-clarear-el-alba-de-un-nuevo-dia\/","og_locale":"es_ES","og_type":"article","og_title":"Poco a poco comenzar\u00e1 a clarear el alba de un nuevo d\u00eda","og_description":"Una tarde oto\u00f1al de mayo hace poco m\u00e1s de diez a\u00f1os, en los Andes al sur de sudam\u00e9rica, nos dec\u00eda Silo: \"Estamos al final de un obscuro per\u00edodo hist\u00f3rico","og_url":"https:\/\/www.pressenza.com\/es\/2015\/03\/poco-a-poco-comenzara-a-clarear-el-alba-de-un-nuevo-dia\/","og_site_name":"Pressenza","article_publisher":"https:\/\/www.facebook.com\/PressenzaItalia","article_published_time":"2015-03-16T03:49:23+00:00","article_modified_time":"2017-12-13T21:23:45+00:00","og_image":[{"width":750,"height":534,"url":"https:\/\/www.pressenza.com\/wp-content\/uploads\/2015\/03\/Poco-a-poco-comenzar---a-clarear-el-alba-de-un-nuevo-d--a.jpg","type":"image\/jpeg"}],"author":"ivan novotny","twitter_card":"summary_large_image","twitter_creator":"@ivanovotny","twitter_site":"@PressenzaIPA","twitter_misc":{"Escrito por":"ivan novotny","Tiempo de lectura":"3 minutos"},"schema":{"@context":"https:\/\/schema.org","@graph":[{"@type":"Article","@id":"https:\/\/www.pressenza.com\/es\/2015\/03\/poco-a-poco-comenzara-a-clarear-el-alba-de-un-nuevo-dia\/#article","isPartOf":{"@id":"https:\/\/www.pressenza.com\/es\/2015\/03\/poco-a-poco-comenzara-a-clarear-el-alba-de-un-nuevo-dia\/"},"author":{"name":"ivan novotny","@id":"https:\/\/www.pressenza.com\/es\/#\/schema\/person\/074b2cdde387af1b7a93f788a03ec37a"},"headline":"Poco a poco comenzar\u00e1 a clarear el alba de un nuevo d\u00eda","datePublished":"2015-03-16T03:49:23+00:00","dateModified":"2017-12-13T21:23:45+00:00","mainEntityOfPage":{"@id":"https:\/\/www.pressenza.com\/es\/2015\/03\/poco-a-poco-comenzara-a-clarear-el-alba-de-un-nuevo-dia\/"},"wordCount":612,"publisher":{"@id":"https:\/\/www.pressenza.com\/es\/#organization"},"image":{"@id":"https:\/\/www.pressenza.com\/es\/2015\/03\/poco-a-poco-comenzara-a-clarear-el-alba-de-un-nuevo-dia\/#primaryimage"},"thumbnailUrl":"https:\/\/www.pressenza.com\/wp-content\/uploads\/2015\/03\/Poco-a-poco-comenzar---a-clarear-el-alba-de-un-nuevo-d--a.jpg","keywords":["cambio social","futuro","Humanismo"],"articleSection":["Contenido Original","Ecolog\u00eda y Medio Ambiente","Humanismo y Espiritualidad","Internacional","Opiniones","Paz y Desarme"],"inLanguage":"es"},{"@type":"WebPage","@id":"https:\/\/www.pressenza.com\/es\/2015\/03\/poco-a-poco-comenzara-a-clarear-el-alba-de-un-nuevo-dia\/","url":"https:\/\/www.pressenza.com\/es\/2015\/03\/poco-a-poco-comenzara-a-clarear-el-alba-de-un-nuevo-dia\/","name":"Poco a poco comenzar\u00e1 a clarear el alba de un nuevo d\u00eda","isPartOf":{"@id":"https:\/\/www.pressenza.com\/es\/#website"},"primaryImageOfPage":{"@id":"https:\/\/www.pressenza.com\/es\/2015\/03\/poco-a-poco-comenzara-a-clarear-el-alba-de-un-nuevo-dia\/#primaryimage"},"image":{"@id":"https:\/\/www.pressenza.com\/es\/2015\/03\/poco-a-poco-comenzara-a-clarear-el-alba-de-un-nuevo-dia\/#primaryimage"},"thumbnailUrl":"https:\/\/www.pressenza.com\/wp-content\/uploads\/2015\/03\/Poco-a-poco-comenzar---a-clarear-el-alba-de-un-nuevo-d--a.jpg","datePublished":"2015-03-16T03:49:23+00:00","dateModified":"2017-12-13T21:23:45+00:00","description":"Una tarde oto\u00f1al de mayo hace poco m\u00e1s de diez a\u00f1os, en los Andes al sur de sudam\u00e9rica, nos dec\u00eda Silo: \"Estamos al final de un obscuro per\u00edodo hist\u00f3rico","breadcrumb":{"@id":"https:\/\/www.pressenza.com\/es\/2015\/03\/poco-a-poco-comenzara-a-clarear-el-alba-de-un-nuevo-dia\/#breadcrumb"},"inLanguage":"es","potentialAction":[{"@type":"ReadAction","target":["https:\/\/www.pressenza.com\/es\/2015\/03\/poco-a-poco-comenzara-a-clarear-el-alba-de-un-nuevo-dia\/"]}]},{"@type":"ImageObject","inLanguage":"es","@id":"https:\/\/www.pressenza.com\/es\/2015\/03\/poco-a-poco-comenzara-a-clarear-el-alba-de-un-nuevo-dia\/#primaryimage","url":"https:\/\/www.pressenza.com\/wp-content\/uploads\/2015\/03\/Poco-a-poco-comenzar---a-clarear-el-alba-de-un-nuevo-d--a.jpg","contentUrl":"https:\/\/www.pressenza.com\/wp-content\/uploads\/2015\/03\/Poco-a-poco-comenzar---a-clarear-el-alba-de-un-nuevo-d--a.jpg","width":750,"height":534},{"@type":"BreadcrumbList","@id":"https:\/\/www.pressenza.com\/es\/2015\/03\/poco-a-poco-comenzara-a-clarear-el-alba-de-un-nuevo-dia\/#breadcrumb","itemListElement":[{"@type":"ListItem","position":1,"name":"Accueil","item":"https:\/\/www.pressenza.com\/es\/"},{"@type":"ListItem","position":2,"name":"Poco a poco comenzar\u00e1 a clarear el alba de un nuevo d\u00eda"}]},{"@type":"WebSite","@id":"https:\/\/www.pressenza.com\/es\/#website","url":"https:\/\/www.pressenza.com\/es\/","name":"Pressenza","description":"International Press Agency","publisher":{"@id":"https:\/\/www.pressenza.com\/es\/#organization"},"potentialAction":[{"@type":"SearchAction","target":{"@type":"EntryPoint","urlTemplate":"https:\/\/www.pressenza.com\/es\/?s={search_term_string}"},"query-input":{"@type":"PropertyValueSpecification","valueRequired":true,"valueName":"search_term_string"}}],"inLanguage":"es"},{"@type":"Organization","@id":"https:\/\/www.pressenza.com\/es\/#organization","name":"Pressenza","url":"https:\/\/www.pressenza.com\/es\/","logo":{"@type":"ImageObject","inLanguage":"es","@id":"https:\/\/www.pressenza.com\/es\/#\/schema\/logo\/image\/","url":"https:\/\/www.pressenza.com\/wp-content\/uploads\/2022\/10\/pressenza_logo_200x200.jpg","contentUrl":"https:\/\/www.pressenza.com\/wp-content\/uploads\/2022\/10\/pressenza_logo_200x200.jpg","width":200,"height":200,"caption":"Pressenza"},"image":{"@id":"https:\/\/www.pressenza.com\/es\/#\/schema\/logo\/image\/"},"sameAs":["https:\/\/www.facebook.com\/PressenzaItalia","https:\/\/x.com\/PressenzaIPA"]},{"@type":"Person","@id":"https:\/\/www.pressenza.com\/es\/#\/schema\/person\/074b2cdde387af1b7a93f788a03ec37a","name":"ivan novotny","description":"A graduate in Communication Science from the University of Buenos Aires.","sameAs":["https:\/\/www.instagram.com\/inovotny","https:\/\/x.com\/ivanovotny"],"url":"https:\/\/www.pressenza.com\/es\/author\/ivan-novotny\/"}]}},"place":"","original_article_url":"","_links":{"self":[{"href":"https:\/\/www.pressenza.com\/es\/wp-json\/wp\/v2\/posts\/170503","targetHints":{"allow":["GET"]}}],"collection":[{"href":"https:\/\/www.pressenza.com\/es\/wp-json\/wp\/v2\/posts"}],"about":[{"href":"https:\/\/www.pressenza.com\/es\/wp-json\/wp\/v2\/types\/post"}],"author":[{"embeddable":true,"href":"https:\/\/www.pressenza.com\/es\/wp-json\/wp\/v2\/users\/20"}],"replies":[{"embeddable":true,"href":"https:\/\/www.pressenza.com\/es\/wp-json\/wp\/v2\/comments?post=170503"}],"version-history":[{"count":0,"href":"https:\/\/www.pressenza.com\/es\/wp-json\/wp\/v2\/posts\/170503\/revisions"}],"wp:featuredmedia":[{"embeddable":true,"href":"https:\/\/www.pressenza.com\/es\/wp-json\/wp\/v2\/media\/571433"}],"wp:attachment":[{"href":"https:\/\/www.pressenza.com\/es\/wp-json\/wp\/v2\/media?parent=170503"}],"wp:term":[{"taxonomy":"category","embeddable":true,"href":"https:\/\/www.pressenza.com\/es\/wp-json\/wp\/v2\/categories?post=170503"},{"taxonomy":"post_tag","embeddable":true,"href":"https:\/\/www.pressenza.com\/es\/wp-json\/wp\/v2\/tags?post=170503"}],"curies":[{"name":"wp","href":"https:\/\/api.w.org\/{rel}","templated":true}]}}