{"id":1703663,"date":"2023-01-03T14:47:27","date_gmt":"2023-01-03T14:47:27","guid":{"rendered":"https:\/\/www.pressenza.com\/?p=1703663"},"modified":"2023-01-03T14:47:27","modified_gmt":"2023-01-03T14:47:27","slug":"antonio-guterres-mensaje-del-secretario-general-de-la-onu-por-ano-nuevo","status":"publish","type":"post","link":"https:\/\/www.pressenza.com\/es\/2023\/01\/antonio-guterres-mensaje-del-secretario-general-de-la-onu-por-ano-nuevo\/","title":{"rendered":"Antonio Guterres: mensaje del secretario general de la ONU por A\u00f1o Nuevo."},"content":{"rendered":"<p><em>Transcribimos a continuaci\u00f3n el mensaje de Guterres al mundo, en ocasi\u00f3n del fin del a\u00f1o 2022 y el inicio del 2023<\/em><\/p>\n<p>En Nochevieja, decimos adi\u00f3s al a\u00f1o saliente y miramos hacia el futuro con esperanza.<\/p>\n<p>De hecho, en 2022, millones de personas en todo el mundo tuvieron que decir adi\u00f3s a la vida que llevaban.<\/p>\n<p>De Ucrania a Afganist\u00e1n, pasando por la Rep\u00fablica Democr\u00e1tica del Congo y m\u00e1s all\u00e1, muchos se vieron obligados a abandonar las ruinas de sus hogares y medios de vida en busca de algo mejor.<\/p>\n<p>Globalmente, cien millones de personas se han tenido que desplazar huyendo de guerras, incendios, sequ\u00edas, pobreza y hambre.<\/p>\n<p>En 2023, necesitamos, m\u00e1s que nunca, paz.<\/p>\n<p>Paz en la convivencia, dialogando para poner fin a los conflictos.<\/p>\n<p>Paz con la naturaleza y con nuestro clima, para construir un mundo m\u00e1s sostenible.<\/p>\n<p>Paz en nuestros hogares, para que mujeres y ni\u00f1as puedan vivir con dignidad y seguridad.<\/p>\n<p>Paz en las calles y en nuestras comunidades, con plena protecci\u00f3n de todos los derechos humanos.<\/p>\n<p>Paz en nuestros lugares de culto, con respeto a las creencias de los dem\u00e1s.<\/p>\n<p>Y paz en la red, poniendo fin a los abusos y a los discursos del odio.<\/p>\n<p>En 2023, hagamos que la paz sea piedra de toque de nuestras palabras y acciones.<\/p>\n<p>Juntos, hagamos que 2023 sea un a\u00f1o en el que la paz vuelva a nuestras vidas, nuestros hogares y nuestro mundo.<\/p>\n","protected":false},"excerpt":{"rendered":"<p>Transcribimos a continuaci\u00f3n el mensaje de Guterres al mundo, en ocasi\u00f3n del fin del a\u00f1o 2022 y el inicio del 2023 En Nochevieja, decimos adi\u00f3s al a\u00f1o saliente y miramos hacia el futuro con esperanza. De hecho, en 2022, millones&hellip;<\/p>\n","protected":false},"author":19,"featured_media":1703664,"comment_status":"closed","ping_status":"closed","sticky":false,"template":"","format":"standard","meta":{"footnotes":""},"categories":[76,79,1243],"tags":[55633],"class_list":["post-1703663","post","type-post","status-publish","format-standard","has-post-thumbnail","hentry","category-relaciones-exteriores","category-derechos-humanos","category-paz-desarme","tag-antonio-guterres-es"],"yoast_head":"<!-- This site is optimized with the Yoast SEO plugin v27.1.1 - https:\/\/yoast.com\/product\/yoast-seo-wordpress\/ -->\n<title>Antonio Guterres: mensaje del secretario general de la ONU por A\u00f1o Nuevo.<\/title>\n<meta name=\"description\" content=\"Transcribimos a continuaci\u00f3n el mensaje de Guterres al mundo, en ocasi\u00f3n del fin del a\u00f1o 2022 y el inicio del 2023 En Nochevieja, decimos adi\u00f3s al a\u00f1o\" \/>\n<meta name=\"robots\" content=\"index, follow, max-snippet:-1, max-image-preview:large, max-video-preview:-1\" \/>\n<link rel=\"canonical\" href=\"https:\/\/www.pressenza.com\/es\/2023\/01\/antonio-guterres-mensaje-del-secretario-general-de-la-onu-por-ano-nuevo\/\" \/>\n<meta property=\"og:locale\" content=\"es_ES\" \/>\n<meta property=\"og:type\" content=\"article\" \/>\n<meta property=\"og:title\" content=\"Antonio Guterres: mensaje del secretario general de la ONU por A\u00f1o Nuevo.\" \/>\n<meta property=\"og:description\" content=\"Transcribimos a continuaci\u00f3n el mensaje de Guterres al mundo, en ocasi\u00f3n del fin del a\u00f1o 2022 y el inicio del 2023 En Nochevieja, decimos adi\u00f3s al a\u00f1o\" \/>\n<meta property=\"og:url\" content=\"https:\/\/www.pressenza.com\/es\/2023\/01\/antonio-guterres-mensaje-del-secretario-general-de-la-onu-por-ano-nuevo\/\" \/>\n<meta property=\"og:site_name\" content=\"Pressenza\" \/>\n<meta property=\"article:publisher\" content=\"https:\/\/www.facebook.com\/PressenzaItalia\" \/>\n<meta property=\"article:author\" content=\"https:\/\/www.facebook.com\/pressenza\" \/>\n<meta property=\"article:published_time\" content=\"2023-01-03T14:47:27+00:00\" \/>\n<meta property=\"og:image\" content=\"https:\/\/www.pressenza.com\/wp-content\/uploads\/2023\/01\/UN7959215-960x640-1.jpg\" \/>\n\t<meta property=\"og:image:width\" content=\"960\" \/>\n\t<meta property=\"og:image:height\" content=\"640\" \/>\n\t<meta property=\"og:image:type\" content=\"image\/jpeg\" \/>\n<meta name=\"author\" content=\"Pressenza IPA\" \/>\n<meta name=\"twitter:card\" content=\"summary_large_image\" \/>\n<meta name=\"twitter:creator\" content=\"@PressenzaIPA\" \/>\n<meta name=\"twitter:site\" content=\"@PressenzaIPA\" \/>\n<meta name=\"twitter:label1\" content=\"Escrito por\" \/>\n\t<meta name=\"twitter:data1\" content=\"Pressenza IPA\" \/>\n<script type=\"application\/ld+json\" class=\"yoast-schema-graph\">{\"@context\":\"https:\/\/schema.org\",\"@graph\":[{\"@type\":\"Article\",\"@id\":\"https:\/\/www.pressenza.com\/es\/2023\/01\/antonio-guterres-mensaje-del-secretario-general-de-la-onu-por-ano-nuevo\/#article\",\"isPartOf\":{\"@id\":\"https:\/\/www.pressenza.com\/es\/2023\/01\/antonio-guterres-mensaje-del-secretario-general-de-la-onu-por-ano-nuevo\/\"},\"author\":{\"name\":\"Pressenza IPA\",\"@id\":\"https:\/\/www.pressenza.com\/es\/#\/schema\/person\/010e5d02bcf40965427a1289a4cc8d75\"},\"headline\":\"Antonio Guterres: mensaje del secretario general de la ONU por A\u00f1o Nuevo.\",\"datePublished\":\"2023-01-03T14:47:27+00:00\",\"mainEntityOfPage\":{\"@id\":\"https:\/\/www.pressenza.com\/es\/2023\/01\/antonio-guterres-mensaje-del-secretario-general-de-la-onu-por-ano-nuevo\/\"},\"wordCount\":260,\"publisher\":{\"@id\":\"https:\/\/www.pressenza.com\/es\/#organization\"},\"image\":{\"@id\":\"https:\/\/www.pressenza.com\/es\/2023\/01\/antonio-guterres-mensaje-del-secretario-general-de-la-onu-por-ano-nuevo\/#primaryimage\"},\"thumbnailUrl\":\"https:\/\/www.pressenza.com\/wp-content\/uploads\/2023\/01\/UN7959215-960x640-1.jpg\",\"keywords\":[\"Antonio Guterres\"],\"articleSection\":[\"Asuntos internacionales\",\"Derechos Humanos\",\"Paz y Desarme\"],\"inLanguage\":\"es\"},{\"@type\":\"WebPage\",\"@id\":\"https:\/\/www.pressenza.com\/es\/2023\/01\/antonio-guterres-mensaje-del-secretario-general-de-la-onu-por-ano-nuevo\/\",\"url\":\"https:\/\/www.pressenza.com\/es\/2023\/01\/antonio-guterres-mensaje-del-secretario-general-de-la-onu-por-ano-nuevo\/\",\"name\":\"Antonio Guterres: mensaje del secretario general de la ONU por A\u00f1o Nuevo.\",\"isPartOf\":{\"@id\":\"https:\/\/www.pressenza.com\/es\/#website\"},\"primaryImageOfPage\":{\"@id\":\"https:\/\/www.pressenza.com\/es\/2023\/01\/antonio-guterres-mensaje-del-secretario-general-de-la-onu-por-ano-nuevo\/#primaryimage\"},\"image\":{\"@id\":\"https:\/\/www.pressenza.com\/es\/2023\/01\/antonio-guterres-mensaje-del-secretario-general-de-la-onu-por-ano-nuevo\/#primaryimage\"},\"thumbnailUrl\":\"https:\/\/www.pressenza.com\/wp-content\/uploads\/2023\/01\/UN7959215-960x640-1.jpg\",\"datePublished\":\"2023-01-03T14:47:27+00:00\",\"description\":\"Transcribimos a continuaci\u00f3n el mensaje de Guterres al mundo, en ocasi\u00f3n del fin del a\u00f1o 2022 y el inicio del 2023 En Nochevieja, decimos adi\u00f3s al a\u00f1o\",\"breadcrumb\":{\"@id\":\"https:\/\/www.pressenza.com\/es\/2023\/01\/antonio-guterres-mensaje-del-secretario-general-de-la-onu-por-ano-nuevo\/#breadcrumb\"},\"inLanguage\":\"es\",\"potentialAction\":[{\"@type\":\"ReadAction\",\"target\":[\"https:\/\/www.pressenza.com\/es\/2023\/01\/antonio-guterres-mensaje-del-secretario-general-de-la-onu-por-ano-nuevo\/\"]}]},{\"@type\":\"ImageObject\",\"inLanguage\":\"es\",\"@id\":\"https:\/\/www.pressenza.com\/es\/2023\/01\/antonio-guterres-mensaje-del-secretario-general-de-la-onu-por-ano-nuevo\/#primaryimage\",\"url\":\"https:\/\/www.pressenza.com\/wp-content\/uploads\/2023\/01\/UN7959215-960x640-1.jpg\",\"contentUrl\":\"https:\/\/www.pressenza.com\/wp-content\/uploads\/2023\/01\/UN7959215-960x640-1.jpg\",\"width\":960,\"height\":640},{\"@type\":\"BreadcrumbList\",\"@id\":\"https:\/\/www.pressenza.com\/es\/2023\/01\/antonio-guterres-mensaje-del-secretario-general-de-la-onu-por-ano-nuevo\/#breadcrumb\",\"itemListElement\":[{\"@type\":\"ListItem\",\"position\":1,\"name\":\"Accueil\",\"item\":\"https:\/\/www.pressenza.com\/es\/\"},{\"@type\":\"ListItem\",\"position\":2,\"name\":\"Antonio Guterres: mensaje del secretario general de la ONU por A\u00f1o Nuevo.\"}]},{\"@type\":\"WebSite\",\"@id\":\"https:\/\/www.pressenza.com\/es\/#website\",\"url\":\"https:\/\/www.pressenza.com\/es\/\",\"name\":\"Pressenza\",\"description\":\"International Press Agency\",\"publisher\":{\"@id\":\"https:\/\/www.pressenza.com\/es\/#organization\"},\"potentialAction\":[{\"@type\":\"SearchAction\",\"target\":{\"@type\":\"EntryPoint\",\"urlTemplate\":\"https:\/\/www.pressenza.com\/es\/?s={search_term_string}\"},\"query-input\":{\"@type\":\"PropertyValueSpecification\",\"valueRequired\":true,\"valueName\":\"search_term_string\"}}],\"inLanguage\":\"es\"},{\"@type\":\"Organization\",\"@id\":\"https:\/\/www.pressenza.com\/es\/#organization\",\"name\":\"Pressenza\",\"url\":\"https:\/\/www.pressenza.com\/es\/\",\"logo\":{\"@type\":\"ImageObject\",\"inLanguage\":\"es\",\"@id\":\"https:\/\/www.pressenza.com\/es\/#\/schema\/logo\/image\/\",\"url\":\"https:\/\/www.pressenza.com\/wp-content\/uploads\/2022\/10\/pressenza_logo_200x200.jpg\",\"contentUrl\":\"https:\/\/www.pressenza.com\/wp-content\/uploads\/2022\/10\/pressenza_logo_200x200.jpg\",\"width\":200,\"height\":200,\"caption\":\"Pressenza\"},\"image\":{\"@id\":\"https:\/\/www.pressenza.com\/es\/#\/schema\/logo\/image\/\"},\"sameAs\":[\"https:\/\/www.facebook.com\/PressenzaItalia\",\"https:\/\/x.com\/PressenzaIPA\"]},{\"@type\":\"Person\",\"@id\":\"https:\/\/www.pressenza.com\/es\/#\/schema\/person\/010e5d02bcf40965427a1289a4cc8d75\",\"name\":\"Pressenza IPA\",\"description\":\"News from Pressenza IPA correspondents\",\"sameAs\":[\"https:\/\/www.facebook.com\/pressenza\",\"https:\/\/x.com\/PressenzaIPA\"],\"url\":\"https:\/\/www.pressenza.com\/es\/author\/pressenza-ipa\/\"}]}<\/script>\n<!-- \/ Yoast SEO plugin. -->","yoast_head_json":{"title":"Antonio Guterres: mensaje del secretario general de la ONU por A\u00f1o Nuevo.","description":"Transcribimos a continuaci\u00f3n el mensaje de Guterres al mundo, en ocasi\u00f3n del fin del a\u00f1o 2022 y el inicio del 2023 En Nochevieja, decimos adi\u00f3s al a\u00f1o","robots":{"index":"index","follow":"follow","max-snippet":"max-snippet:-1","max-image-preview":"max-image-preview:large","max-video-preview":"max-video-preview:-1"},"canonical":"https:\/\/www.pressenza.com\/es\/2023\/01\/antonio-guterres-mensaje-del-secretario-general-de-la-onu-por-ano-nuevo\/","og_locale":"es_ES","og_type":"article","og_title":"Antonio Guterres: mensaje del secretario general de la ONU por A\u00f1o Nuevo.","og_description":"Transcribimos a continuaci\u00f3n el mensaje de Guterres al mundo, en ocasi\u00f3n del fin del a\u00f1o 2022 y el inicio del 2023 En Nochevieja, decimos adi\u00f3s al a\u00f1o","og_url":"https:\/\/www.pressenza.com\/es\/2023\/01\/antonio-guterres-mensaje-del-secretario-general-de-la-onu-por-ano-nuevo\/","og_site_name":"Pressenza","article_publisher":"https:\/\/www.facebook.com\/PressenzaItalia","article_author":"https:\/\/www.facebook.com\/pressenza","article_published_time":"2023-01-03T14:47:27+00:00","og_image":[{"width":960,"height":640,"url":"https:\/\/www.pressenza.com\/wp-content\/uploads\/2023\/01\/UN7959215-960x640-1.jpg","type":"image\/jpeg"}],"author":"Pressenza IPA","twitter_card":"summary_large_image","twitter_creator":"@PressenzaIPA","twitter_site":"@PressenzaIPA","twitter_misc":{"Escrito por":"Pressenza IPA"},"schema":{"@context":"https:\/\/schema.org","@graph":[{"@type":"Article","@id":"https:\/\/www.pressenza.com\/es\/2023\/01\/antonio-guterres-mensaje-del-secretario-general-de-la-onu-por-ano-nuevo\/#article","isPartOf":{"@id":"https:\/\/www.pressenza.com\/es\/2023\/01\/antonio-guterres-mensaje-del-secretario-general-de-la-onu-por-ano-nuevo\/"},"author":{"name":"Pressenza IPA","@id":"https:\/\/www.pressenza.com\/es\/#\/schema\/person\/010e5d02bcf40965427a1289a4cc8d75"},"headline":"Antonio Guterres: mensaje del secretario general de la ONU por A\u00f1o Nuevo.","datePublished":"2023-01-03T14:47:27+00:00","mainEntityOfPage":{"@id":"https:\/\/www.pressenza.com\/es\/2023\/01\/antonio-guterres-mensaje-del-secretario-general-de-la-onu-por-ano-nuevo\/"},"wordCount":260,"publisher":{"@id":"https:\/\/www.pressenza.com\/es\/#organization"},"image":{"@id":"https:\/\/www.pressenza.com\/es\/2023\/01\/antonio-guterres-mensaje-del-secretario-general-de-la-onu-por-ano-nuevo\/#primaryimage"},"thumbnailUrl":"https:\/\/www.pressenza.com\/wp-content\/uploads\/2023\/01\/UN7959215-960x640-1.jpg","keywords":["Antonio Guterres"],"articleSection":["Asuntos internacionales","Derechos Humanos","Paz y Desarme"],"inLanguage":"es"},{"@type":"WebPage","@id":"https:\/\/www.pressenza.com\/es\/2023\/01\/antonio-guterres-mensaje-del-secretario-general-de-la-onu-por-ano-nuevo\/","url":"https:\/\/www.pressenza.com\/es\/2023\/01\/antonio-guterres-mensaje-del-secretario-general-de-la-onu-por-ano-nuevo\/","name":"Antonio Guterres: mensaje del secretario general de la ONU por A\u00f1o Nuevo.","isPartOf":{"@id":"https:\/\/www.pressenza.com\/es\/#website"},"primaryImageOfPage":{"@id":"https:\/\/www.pressenza.com\/es\/2023\/01\/antonio-guterres-mensaje-del-secretario-general-de-la-onu-por-ano-nuevo\/#primaryimage"},"image":{"@id":"https:\/\/www.pressenza.com\/es\/2023\/01\/antonio-guterres-mensaje-del-secretario-general-de-la-onu-por-ano-nuevo\/#primaryimage"},"thumbnailUrl":"https:\/\/www.pressenza.com\/wp-content\/uploads\/2023\/01\/UN7959215-960x640-1.jpg","datePublished":"2023-01-03T14:47:27+00:00","description":"Transcribimos a continuaci\u00f3n el mensaje de Guterres al mundo, en ocasi\u00f3n del fin del a\u00f1o 2022 y el inicio del 2023 En Nochevieja, decimos adi\u00f3s al a\u00f1o","breadcrumb":{"@id":"https:\/\/www.pressenza.com\/es\/2023\/01\/antonio-guterres-mensaje-del-secretario-general-de-la-onu-por-ano-nuevo\/#breadcrumb"},"inLanguage":"es","potentialAction":[{"@type":"ReadAction","target":["https:\/\/www.pressenza.com\/es\/2023\/01\/antonio-guterres-mensaje-del-secretario-general-de-la-onu-por-ano-nuevo\/"]}]},{"@type":"ImageObject","inLanguage":"es","@id":"https:\/\/www.pressenza.com\/es\/2023\/01\/antonio-guterres-mensaje-del-secretario-general-de-la-onu-por-ano-nuevo\/#primaryimage","url":"https:\/\/www.pressenza.com\/wp-content\/uploads\/2023\/01\/UN7959215-960x640-1.jpg","contentUrl":"https:\/\/www.pressenza.com\/wp-content\/uploads\/2023\/01\/UN7959215-960x640-1.jpg","width":960,"height":640},{"@type":"BreadcrumbList","@id":"https:\/\/www.pressenza.com\/es\/2023\/01\/antonio-guterres-mensaje-del-secretario-general-de-la-onu-por-ano-nuevo\/#breadcrumb","itemListElement":[{"@type":"ListItem","position":1,"name":"Accueil","item":"https:\/\/www.pressenza.com\/es\/"},{"@type":"ListItem","position":2,"name":"Antonio Guterres: mensaje del secretario general de la ONU por A\u00f1o Nuevo."}]},{"@type":"WebSite","@id":"https:\/\/www.pressenza.com\/es\/#website","url":"https:\/\/www.pressenza.com\/es\/","name":"Pressenza","description":"International Press Agency","publisher":{"@id":"https:\/\/www.pressenza.com\/es\/#organization"},"potentialAction":[{"@type":"SearchAction","target":{"@type":"EntryPoint","urlTemplate":"https:\/\/www.pressenza.com\/es\/?s={search_term_string}"},"query-input":{"@type":"PropertyValueSpecification","valueRequired":true,"valueName":"search_term_string"}}],"inLanguage":"es"},{"@type":"Organization","@id":"https:\/\/www.pressenza.com\/es\/#organization","name":"Pressenza","url":"https:\/\/www.pressenza.com\/es\/","logo":{"@type":"ImageObject","inLanguage":"es","@id":"https:\/\/www.pressenza.com\/es\/#\/schema\/logo\/image\/","url":"https:\/\/www.pressenza.com\/wp-content\/uploads\/2022\/10\/pressenza_logo_200x200.jpg","contentUrl":"https:\/\/www.pressenza.com\/wp-content\/uploads\/2022\/10\/pressenza_logo_200x200.jpg","width":200,"height":200,"caption":"Pressenza"},"image":{"@id":"https:\/\/www.pressenza.com\/es\/#\/schema\/logo\/image\/"},"sameAs":["https:\/\/www.facebook.com\/PressenzaItalia","https:\/\/x.com\/PressenzaIPA"]},{"@type":"Person","@id":"https:\/\/www.pressenza.com\/es\/#\/schema\/person\/010e5d02bcf40965427a1289a4cc8d75","name":"Pressenza IPA","description":"News from Pressenza IPA correspondents","sameAs":["https:\/\/www.facebook.com\/pressenza","https:\/\/x.com\/PressenzaIPA"],"url":"https:\/\/www.pressenza.com\/es\/author\/pressenza-ipa\/"}]}},"place":"Nueva York","original_article_url":"","_links":{"self":[{"href":"https:\/\/www.pressenza.com\/es\/wp-json\/wp\/v2\/posts\/1703663","targetHints":{"allow":["GET"]}}],"collection":[{"href":"https:\/\/www.pressenza.com\/es\/wp-json\/wp\/v2\/posts"}],"about":[{"href":"https:\/\/www.pressenza.com\/es\/wp-json\/wp\/v2\/types\/post"}],"author":[{"embeddable":true,"href":"https:\/\/www.pressenza.com\/es\/wp-json\/wp\/v2\/users\/19"}],"replies":[{"embeddable":true,"href":"https:\/\/www.pressenza.com\/es\/wp-json\/wp\/v2\/comments?post=1703663"}],"version-history":[{"count":0,"href":"https:\/\/www.pressenza.com\/es\/wp-json\/wp\/v2\/posts\/1703663\/revisions"}],"wp:featuredmedia":[{"embeddable":true,"href":"https:\/\/www.pressenza.com\/es\/wp-json\/wp\/v2\/media\/1703664"}],"wp:attachment":[{"href":"https:\/\/www.pressenza.com\/es\/wp-json\/wp\/v2\/media?parent=1703663"}],"wp:term":[{"taxonomy":"category","embeddable":true,"href":"https:\/\/www.pressenza.com\/es\/wp-json\/wp\/v2\/categories?post=1703663"},{"taxonomy":"post_tag","embeddable":true,"href":"https:\/\/www.pressenza.com\/es\/wp-json\/wp\/v2\/tags?post=1703663"}],"curies":[{"name":"wp","href":"https:\/\/api.w.org\/{rel}","templated":true}]}}