{"id":1702842,"date":"2022-12-29T19:57:39","date_gmt":"2022-12-29T19:57:39","guid":{"rendered":"https:\/\/www.pressenza.com\/?p=1702842"},"modified":"2022-12-29T19:57:39","modified_gmt":"2022-12-29T19:57:39","slug":"los-dichos-y-los-hechos","status":"publish","type":"post","link":"https:\/\/www.pressenza.com\/es\/2022\/12\/los-dichos-y-los-hechos\/","title":{"rendered":"Los dichos y los hechos"},"content":{"rendered":"<p>El \u201cT\u00fa ser\u00e1s lo que quieras ser\u201d no siempre funciona. Y lo digo aqu\u00ed, en \u00e9ste de hoy, en un intento de evitar frustraciones de cara al nuevo a\u00f1o en miles \u2013 quiz\u00e1 cientos de miles \u2013 de personas que no logran ser, ni hacen lo que desearon hacer, ni siquiera est\u00e1n en el lugar que so\u00f1aban estar\u2026 Y me atrevo con este tema, perd\u00f3nenme, porque parecemos vivir en una \u00e9poca donde las m\u00e1ximas de mejoramiento por la voluntad empapan cualquier estrato social. Se venden libros de autoayuda, tratados de \u201ct\u00fa puedes, hazlo\u201d, se dan conferencias donde se pone de manifiesto lo de que \u201cel querer es poder\u201d, etc. y se consigue algo muy injusto: que el que no pueda se considere a s\u00ed mismo fracasado. Y esas cosas que llenan los escaparates de \u201cautoayudismo\u201d terminan por hundir, m\u00e1s que ayudar, a la gente.<\/p>\n<p>Adem\u00e1s, crean expectativas falsas del tipo: yo tengo que conseguir lo que quiero, porque lo merezco, y porque la sociedad me lo debe, y porque tengo derecho a tener lo que deseo\u2026 Y no es as\u00ed, en modo alguno, y con esto no quiero disminuir el valor de la voluntad y del autoesfuerzo en cumplir los objetivos fijados por cada cual, o por cada <em>cuala<\/em>, no me vayan ustedes a malinterpretar. Ni quiero tampoco devaluar el fruto de ese esfuerzo en la gente, tampoco\u2026 Pero las circunstancias, llamemos como llamemos a eso, tambi\u00e9n cuentan, por aparentemente misterioso que eso sea. Recordemos a Paul Elouard: \u201cexisten otros mundos, y est\u00e1n en \u00e9ste\u201d.<\/p>\n<p>Cuando yo era un zagal, en aquella \u00e9poca de posguerra y de supervivencia, en aquella sociedad de vencedores y vencidos, en aquel status de tenencias y carencias\u2026 y de imposibles querencias, apenas en la escuela (luego un llamado Bachiller Elemental a pulso de bolsillo y que hoy apenas ser\u00eda lo m\u00e1s bajo del colegio) ya despuntaban apetencias en mi humilde personajillo. Con aquellos escasos a\u00f1os ya me rondaban un par de cosas o tres por la cabeza: quer\u00eda ser periodista, o profesor, o m\u00e9dico. Con una claridad meridiana, adem\u00e1s. Lo dem\u00e1s, me la repampinflaba y el proseguir con la actividad comercial a la que mi padre se vio abocado por haber perdido una guerra, que, encima, nunca consider\u00f3 suya, me horrorizaba. De hecho, me repel\u00eda. Ni me gustaba entonces, ni me gust\u00f3 durante toda mi vida activa, ni me gusta ahora, en el resto de mi vida pasiva.<\/p>\n<p>Llegado el momento en que me vi forzado a dejar mis muy escuetos estudios, y enfrentarme a mi no menos escuetas posibilidades, tuve que asumir la no existencia de los milagros\u2026 Mi padre me sent\u00f3 junto a \u00e9l y frente a la realidad: no pod\u00eda sufragar estudios algunos (entonces todo val\u00eda una pasta con la que apenas se empinaba la olla). Ni profesor, ni m\u00e9dico, ni periodista, ni ninguna otra cosa. Nada. Cero. Con suerte, seguir con el negocio familiar de mercachifler\u00eda, y dando muchas gracias a Dios que eso, con otras labores a las que \u00e9l se aplicaba, pudiera darnos de comer a la familia.<\/p>\n<p>Pude negarme, rebelarme, marcharme con lo puesto y dispuesto, y arriesgarme\u2026 Es cierto. Pero no lo hice. Ll\u00e1menlo cobard\u00eda, si quieren, tampoco lo voy a negar. En aquel momento pens\u00e9 en mi madre, encadenada a un mostrador y que suspiraba por alg\u00fan dia tener una casa normal, por pobre que fuera, en vez de en una casatienda abierta a la gente 16 horas al d\u00eda todos los del a\u00f1o\u2026 O en mi propio padre, forzado a vivir una vida que tampoco quer\u00eda, porque no era la que hab\u00eda elegido, y que tambi\u00e9n le encasquetaron con un \u201co lo tomas, o lo dejas\u201d si quieres empinar las lentejas\u2026 O en mi hermano, que ven\u00eda detr\u00e1s de m\u00ed, y que puede que, con un poco de suerte, \u00e9l la tuviera mejor que la m\u00eda, que tampoco rehusaba del todo en ese momento a lo que en verdad deseaba\u2026 Adem\u00e1s, resulta que mi ayuda era necesaria ya mismo\u00a0 \u00a0 p\u00b4ayer es tarde. El \u201cpan debajo del brazo\u201d ya se estaba poniendo duro. A marchas forzadas.<\/p>\n<p>No tuve otra opci\u00f3n que la renuncia\u2026 \u00bfo s\u00ed?, de escabullirme a un destino atado a una argolla de hierro. El resto de mi pu\u00f1etera existencia ha sido cumplir lo mejor posible. Lo mejor que he sabido, o podido, con lo que un d\u00eda acept\u00e9, con lo que eleg\u00ed\u2026 Porque s\u00ed, al fin y al cabo, fue una especie de elecci\u00f3n, reconozc\u00e1moslo. Yo lo admit\u00ed voluntariamente. Porque si fui medroso en ella, entonces acept\u00e9 la responsabilidad que conllev\u00f3 mi asentimiento, \u00bfo no?.. y he tenido que apechugar, al fin y a cabo, con las consecuencias del mismo.<\/p>\n<p>Al final, todo <em>quisque<\/em> ha de elegir en cualquier momento. Que las oportunidades, como pregonan los profetas de las autoayudas, sean consecuencia de tu voluntad, no es algo falso tampoco. Llevan raz\u00f3n en el margen que la llevan, es cierto. Pero no es un dogma que se cumpla a rajatabla. Ni una certeza tampoco. No existe garant\u00eda alguna\u2026 Las circunstancias tambi\u00e9n cuentan, y mandan lo suyo, y no hay que dar explicaciones a nadie por ello\u2026 Hoy hay muchos miles de ingenieros, abogados o economistas trabajando de camareros, como triste ejemplo. La cuesti\u00f3n, creo yo, est\u00e1 en asumir honestamente lo que a uno le toca, jugando las cartas que le son dadas en el reparto\u2026 Yo, al final, no he tenido tiempo de sentirme defraudado, porque he estado muy ocupado.<\/p>\n","protected":false},"excerpt":{"rendered":"<p>El \u201cT\u00fa ser\u00e1s lo que quieras ser\u201d no siempre funciona. Y lo digo aqu\u00ed, en \u00e9ste de hoy, en un intento de evitar frustraciones de cara al nuevo a\u00f1o en miles \u2013 quiz\u00e1 cientos de miles \u2013 de personas que&hellip;<\/p>\n","protected":false},"author":2195,"featured_media":1702868,"comment_status":"closed","ping_status":"closed","sticky":false,"template":"","format":"standard","meta":{"footnotes":""},"categories":[161],"tags":[62498],"class_list":["post-1702842","post","type-post","status-publish","format-standard","has-post-thumbnail","hentry","category-opiniones","tag-desigualdad-de-oportunidades"],"yoast_head":"<!-- This site is optimized with the Yoast SEO plugin v27.1.1 - https:\/\/yoast.com\/product\/yoast-seo-wordpress\/ -->\n<title>Los dichos y los hechos<\/title>\n<meta name=\"description\" content=\"El \u201cT\u00fa ser\u00e1s lo que quieras ser\u201d no siempre funciona. Y lo digo aqu\u00ed, en \u00e9ste de hoy, en un intento de evitar frustraciones de cara al nuevo a\u00f1o en miles\" \/>\n<meta name=\"robots\" content=\"index, follow, max-snippet:-1, max-image-preview:large, max-video-preview:-1\" \/>\n<link rel=\"canonical\" href=\"https:\/\/www.pressenza.com\/es\/2022\/12\/los-dichos-y-los-hechos\/\" \/>\n<meta property=\"og:locale\" content=\"es_ES\" \/>\n<meta property=\"og:type\" content=\"article\" \/>\n<meta property=\"og:title\" content=\"Los dichos y los hechos\" \/>\n<meta property=\"og:description\" content=\"El \u201cT\u00fa ser\u00e1s lo que quieras ser\u201d no siempre funciona. Y lo digo aqu\u00ed, en \u00e9ste de hoy, en un intento de evitar frustraciones de cara al nuevo a\u00f1o en miles\" \/>\n<meta property=\"og:url\" content=\"https:\/\/www.pressenza.com\/es\/2022\/12\/los-dichos-y-los-hechos\/\" \/>\n<meta property=\"og:site_name\" content=\"Pressenza\" \/>\n<meta property=\"article:publisher\" content=\"https:\/\/www.facebook.com\/PressenzaItalia\" \/>\n<meta property=\"article:published_time\" content=\"2022-12-29T19:57:39+00:00\" \/>\n<meta property=\"og:image\" content=\"https:\/\/www.pressenza.com\/wp-content\/uploads\/2022\/12\/pexels-pixabay-327533.jpg\" \/>\n\t<meta property=\"og:image:width\" content=\"1280\" \/>\n\t<meta property=\"og:image:height\" content=\"802\" \/>\n\t<meta property=\"og:image:type\" content=\"image\/jpeg\" \/>\n<meta name=\"author\" content=\"Miguel Galindo S\u00e1nchez\" \/>\n<meta name=\"twitter:card\" content=\"summary_large_image\" \/>\n<meta name=\"twitter:creator\" content=\"@PressenzaIPA\" \/>\n<meta name=\"twitter:site\" content=\"@PressenzaIPA\" \/>\n<meta name=\"twitter:label1\" content=\"Escrito por\" \/>\n\t<meta name=\"twitter:data1\" content=\"Miguel Galindo S\u00e1nchez\" \/>\n\t<meta name=\"twitter:label2\" content=\"Tiempo de lectura\" \/>\n\t<meta name=\"twitter:data2\" content=\"5 minutos\" \/>\n<script type=\"application\/ld+json\" class=\"yoast-schema-graph\">{\"@context\":\"https:\/\/schema.org\",\"@graph\":[{\"@type\":\"Article\",\"@id\":\"https:\/\/www.pressenza.com\/es\/2022\/12\/los-dichos-y-los-hechos\/#article\",\"isPartOf\":{\"@id\":\"https:\/\/www.pressenza.com\/es\/2022\/12\/los-dichos-y-los-hechos\/\"},\"author\":{\"name\":\"Miguel Galindo S\u00e1nchez\",\"@id\":\"https:\/\/www.pressenza.com\/es\/#\/schema\/person\/d74252d5ecc118e8dfa2bc75b59787cc\"},\"headline\":\"Los dichos y los hechos\",\"datePublished\":\"2022-12-29T19:57:39+00:00\",\"mainEntityOfPage\":{\"@id\":\"https:\/\/www.pressenza.com\/es\/2022\/12\/los-dichos-y-los-hechos\/\"},\"wordCount\":953,\"publisher\":{\"@id\":\"https:\/\/www.pressenza.com\/es\/#organization\"},\"image\":{\"@id\":\"https:\/\/www.pressenza.com\/es\/2022\/12\/los-dichos-y-los-hechos\/#primaryimage\"},\"thumbnailUrl\":\"https:\/\/www.pressenza.com\/wp-content\/uploads\/2022\/12\/pexels-pixabay-327533.jpg\",\"keywords\":[\"desigualdad de oportunidades\"],\"articleSection\":[\"Opiniones\"],\"inLanguage\":\"es\"},{\"@type\":\"WebPage\",\"@id\":\"https:\/\/www.pressenza.com\/es\/2022\/12\/los-dichos-y-los-hechos\/\",\"url\":\"https:\/\/www.pressenza.com\/es\/2022\/12\/los-dichos-y-los-hechos\/\",\"name\":\"Los dichos y los hechos\",\"isPartOf\":{\"@id\":\"https:\/\/www.pressenza.com\/es\/#website\"},\"primaryImageOfPage\":{\"@id\":\"https:\/\/www.pressenza.com\/es\/2022\/12\/los-dichos-y-los-hechos\/#primaryimage\"},\"image\":{\"@id\":\"https:\/\/www.pressenza.com\/es\/2022\/12\/los-dichos-y-los-hechos\/#primaryimage\"},\"thumbnailUrl\":\"https:\/\/www.pressenza.com\/wp-content\/uploads\/2022\/12\/pexels-pixabay-327533.jpg\",\"datePublished\":\"2022-12-29T19:57:39+00:00\",\"description\":\"El \u201cT\u00fa ser\u00e1s lo que quieras ser\u201d no siempre funciona. Y lo digo aqu\u00ed, en \u00e9ste de hoy, en un intento de evitar frustraciones de cara al nuevo a\u00f1o en miles\",\"breadcrumb\":{\"@id\":\"https:\/\/www.pressenza.com\/es\/2022\/12\/los-dichos-y-los-hechos\/#breadcrumb\"},\"inLanguage\":\"es\",\"potentialAction\":[{\"@type\":\"ReadAction\",\"target\":[\"https:\/\/www.pressenza.com\/es\/2022\/12\/los-dichos-y-los-hechos\/\"]}]},{\"@type\":\"ImageObject\",\"inLanguage\":\"es\",\"@id\":\"https:\/\/www.pressenza.com\/es\/2022\/12\/los-dichos-y-los-hechos\/#primaryimage\",\"url\":\"https:\/\/www.pressenza.com\/wp-content\/uploads\/2022\/12\/pexels-pixabay-327533.jpg\",\"contentUrl\":\"https:\/\/www.pressenza.com\/wp-content\/uploads\/2022\/12\/pexels-pixabay-327533.jpg\",\"width\":1280,\"height\":802},{\"@type\":\"BreadcrumbList\",\"@id\":\"https:\/\/www.pressenza.com\/es\/2022\/12\/los-dichos-y-los-hechos\/#breadcrumb\",\"itemListElement\":[{\"@type\":\"ListItem\",\"position\":1,\"name\":\"Accueil\",\"item\":\"https:\/\/www.pressenza.com\/es\/\"},{\"@type\":\"ListItem\",\"position\":2,\"name\":\"Los dichos y los hechos\"}]},{\"@type\":\"WebSite\",\"@id\":\"https:\/\/www.pressenza.com\/es\/#website\",\"url\":\"https:\/\/www.pressenza.com\/es\/\",\"name\":\"Pressenza\",\"description\":\"International Press Agency\",\"publisher\":{\"@id\":\"https:\/\/www.pressenza.com\/es\/#organization\"},\"potentialAction\":[{\"@type\":\"SearchAction\",\"target\":{\"@type\":\"EntryPoint\",\"urlTemplate\":\"https:\/\/www.pressenza.com\/es\/?s={search_term_string}\"},\"query-input\":{\"@type\":\"PropertyValueSpecification\",\"valueRequired\":true,\"valueName\":\"search_term_string\"}}],\"inLanguage\":\"es\"},{\"@type\":\"Organization\",\"@id\":\"https:\/\/www.pressenza.com\/es\/#organization\",\"name\":\"Pressenza\",\"url\":\"https:\/\/www.pressenza.com\/es\/\",\"logo\":{\"@type\":\"ImageObject\",\"inLanguage\":\"es\",\"@id\":\"https:\/\/www.pressenza.com\/es\/#\/schema\/logo\/image\/\",\"url\":\"https:\/\/www.pressenza.com\/wp-content\/uploads\/2022\/10\/pressenza_logo_200x200.jpg\",\"contentUrl\":\"https:\/\/www.pressenza.com\/wp-content\/uploads\/2022\/10\/pressenza_logo_200x200.jpg\",\"width\":200,\"height\":200,\"caption\":\"Pressenza\"},\"image\":{\"@id\":\"https:\/\/www.pressenza.com\/es\/#\/schema\/logo\/image\/\"},\"sameAs\":[\"https:\/\/www.facebook.com\/PressenzaItalia\",\"https:\/\/x.com\/PressenzaIPA\"]},{\"@type\":\"Person\",\"@id\":\"https:\/\/www.pressenza.com\/es\/#\/schema\/person\/d74252d5ecc118e8dfa2bc75b59787cc\",\"name\":\"Miguel Galindo S\u00e1nchez\",\"description\":\"Miguel Galindo S\u00e1nchez fu\u00e9 juez de paz, fundador de varias ong\u00b4s y presidente de organizaciones empresariales y otras, durante mucho tiempo. Hoy es mediador profesional, diplomado en RSC y patr\u00f3n de la fundaci\u00f3n Entorno Slow. Tiene publicados cinco libros.\",\"url\":\"https:\/\/www.pressenza.com\/es\/author\/miguel-galindo-sanchez\/\"}]}<\/script>\n<!-- \/ Yoast SEO plugin. -->","yoast_head_json":{"title":"Los dichos y los hechos","description":"El \u201cT\u00fa ser\u00e1s lo que quieras ser\u201d no siempre funciona. Y lo digo aqu\u00ed, en \u00e9ste de hoy, en un intento de evitar frustraciones de cara al nuevo a\u00f1o en miles","robots":{"index":"index","follow":"follow","max-snippet":"max-snippet:-1","max-image-preview":"max-image-preview:large","max-video-preview":"max-video-preview:-1"},"canonical":"https:\/\/www.pressenza.com\/es\/2022\/12\/los-dichos-y-los-hechos\/","og_locale":"es_ES","og_type":"article","og_title":"Los dichos y los hechos","og_description":"El \u201cT\u00fa ser\u00e1s lo que quieras ser\u201d no siempre funciona. Y lo digo aqu\u00ed, en \u00e9ste de hoy, en un intento de evitar frustraciones de cara al nuevo a\u00f1o en miles","og_url":"https:\/\/www.pressenza.com\/es\/2022\/12\/los-dichos-y-los-hechos\/","og_site_name":"Pressenza","article_publisher":"https:\/\/www.facebook.com\/PressenzaItalia","article_published_time":"2022-12-29T19:57:39+00:00","og_image":[{"width":1280,"height":802,"url":"https:\/\/www.pressenza.com\/wp-content\/uploads\/2022\/12\/pexels-pixabay-327533.jpg","type":"image\/jpeg"}],"author":"Miguel Galindo S\u00e1nchez","twitter_card":"summary_large_image","twitter_creator":"@PressenzaIPA","twitter_site":"@PressenzaIPA","twitter_misc":{"Escrito por":"Miguel Galindo S\u00e1nchez","Tiempo de lectura":"5 minutos"},"schema":{"@context":"https:\/\/schema.org","@graph":[{"@type":"Article","@id":"https:\/\/www.pressenza.com\/es\/2022\/12\/los-dichos-y-los-hechos\/#article","isPartOf":{"@id":"https:\/\/www.pressenza.com\/es\/2022\/12\/los-dichos-y-los-hechos\/"},"author":{"name":"Miguel Galindo S\u00e1nchez","@id":"https:\/\/www.pressenza.com\/es\/#\/schema\/person\/d74252d5ecc118e8dfa2bc75b59787cc"},"headline":"Los dichos y los hechos","datePublished":"2022-12-29T19:57:39+00:00","mainEntityOfPage":{"@id":"https:\/\/www.pressenza.com\/es\/2022\/12\/los-dichos-y-los-hechos\/"},"wordCount":953,"publisher":{"@id":"https:\/\/www.pressenza.com\/es\/#organization"},"image":{"@id":"https:\/\/www.pressenza.com\/es\/2022\/12\/los-dichos-y-los-hechos\/#primaryimage"},"thumbnailUrl":"https:\/\/www.pressenza.com\/wp-content\/uploads\/2022\/12\/pexels-pixabay-327533.jpg","keywords":["desigualdad de oportunidades"],"articleSection":["Opiniones"],"inLanguage":"es"},{"@type":"WebPage","@id":"https:\/\/www.pressenza.com\/es\/2022\/12\/los-dichos-y-los-hechos\/","url":"https:\/\/www.pressenza.com\/es\/2022\/12\/los-dichos-y-los-hechos\/","name":"Los dichos y los hechos","isPartOf":{"@id":"https:\/\/www.pressenza.com\/es\/#website"},"primaryImageOfPage":{"@id":"https:\/\/www.pressenza.com\/es\/2022\/12\/los-dichos-y-los-hechos\/#primaryimage"},"image":{"@id":"https:\/\/www.pressenza.com\/es\/2022\/12\/los-dichos-y-los-hechos\/#primaryimage"},"thumbnailUrl":"https:\/\/www.pressenza.com\/wp-content\/uploads\/2022\/12\/pexels-pixabay-327533.jpg","datePublished":"2022-12-29T19:57:39+00:00","description":"El \u201cT\u00fa ser\u00e1s lo que quieras ser\u201d no siempre funciona. Y lo digo aqu\u00ed, en \u00e9ste de hoy, en un intento de evitar frustraciones de cara al nuevo a\u00f1o en miles","breadcrumb":{"@id":"https:\/\/www.pressenza.com\/es\/2022\/12\/los-dichos-y-los-hechos\/#breadcrumb"},"inLanguage":"es","potentialAction":[{"@type":"ReadAction","target":["https:\/\/www.pressenza.com\/es\/2022\/12\/los-dichos-y-los-hechos\/"]}]},{"@type":"ImageObject","inLanguage":"es","@id":"https:\/\/www.pressenza.com\/es\/2022\/12\/los-dichos-y-los-hechos\/#primaryimage","url":"https:\/\/www.pressenza.com\/wp-content\/uploads\/2022\/12\/pexels-pixabay-327533.jpg","contentUrl":"https:\/\/www.pressenza.com\/wp-content\/uploads\/2022\/12\/pexels-pixabay-327533.jpg","width":1280,"height":802},{"@type":"BreadcrumbList","@id":"https:\/\/www.pressenza.com\/es\/2022\/12\/los-dichos-y-los-hechos\/#breadcrumb","itemListElement":[{"@type":"ListItem","position":1,"name":"Accueil","item":"https:\/\/www.pressenza.com\/es\/"},{"@type":"ListItem","position":2,"name":"Los dichos y los hechos"}]},{"@type":"WebSite","@id":"https:\/\/www.pressenza.com\/es\/#website","url":"https:\/\/www.pressenza.com\/es\/","name":"Pressenza","description":"International Press Agency","publisher":{"@id":"https:\/\/www.pressenza.com\/es\/#organization"},"potentialAction":[{"@type":"SearchAction","target":{"@type":"EntryPoint","urlTemplate":"https:\/\/www.pressenza.com\/es\/?s={search_term_string}"},"query-input":{"@type":"PropertyValueSpecification","valueRequired":true,"valueName":"search_term_string"}}],"inLanguage":"es"},{"@type":"Organization","@id":"https:\/\/www.pressenza.com\/es\/#organization","name":"Pressenza","url":"https:\/\/www.pressenza.com\/es\/","logo":{"@type":"ImageObject","inLanguage":"es","@id":"https:\/\/www.pressenza.com\/es\/#\/schema\/logo\/image\/","url":"https:\/\/www.pressenza.com\/wp-content\/uploads\/2022\/10\/pressenza_logo_200x200.jpg","contentUrl":"https:\/\/www.pressenza.com\/wp-content\/uploads\/2022\/10\/pressenza_logo_200x200.jpg","width":200,"height":200,"caption":"Pressenza"},"image":{"@id":"https:\/\/www.pressenza.com\/es\/#\/schema\/logo\/image\/"},"sameAs":["https:\/\/www.facebook.com\/PressenzaItalia","https:\/\/x.com\/PressenzaIPA"]},{"@type":"Person","@id":"https:\/\/www.pressenza.com\/es\/#\/schema\/person\/d74252d5ecc118e8dfa2bc75b59787cc","name":"Miguel Galindo S\u00e1nchez","description":"Miguel Galindo S\u00e1nchez fu\u00e9 juez de paz, fundador de varias ong\u00b4s y presidente de organizaciones empresariales y otras, durante mucho tiempo. Hoy es mediador profesional, diplomado en RSC y patr\u00f3n de la fundaci\u00f3n Entorno Slow. Tiene publicados cinco libros.","url":"https:\/\/www.pressenza.com\/es\/author\/miguel-galindo-sanchez\/"}]}},"place":"Torre-Pacheco (Murcia)","original_article_url":"","_links":{"self":[{"href":"https:\/\/www.pressenza.com\/es\/wp-json\/wp\/v2\/posts\/1702842","targetHints":{"allow":["GET"]}}],"collection":[{"href":"https:\/\/www.pressenza.com\/es\/wp-json\/wp\/v2\/posts"}],"about":[{"href":"https:\/\/www.pressenza.com\/es\/wp-json\/wp\/v2\/types\/post"}],"author":[{"embeddable":true,"href":"https:\/\/www.pressenza.com\/es\/wp-json\/wp\/v2\/users\/2195"}],"replies":[{"embeddable":true,"href":"https:\/\/www.pressenza.com\/es\/wp-json\/wp\/v2\/comments?post=1702842"}],"version-history":[{"count":0,"href":"https:\/\/www.pressenza.com\/es\/wp-json\/wp\/v2\/posts\/1702842\/revisions"}],"wp:featuredmedia":[{"embeddable":true,"href":"https:\/\/www.pressenza.com\/es\/wp-json\/wp\/v2\/media\/1702868"}],"wp:attachment":[{"href":"https:\/\/www.pressenza.com\/es\/wp-json\/wp\/v2\/media?parent=1702842"}],"wp:term":[{"taxonomy":"category","embeddable":true,"href":"https:\/\/www.pressenza.com\/es\/wp-json\/wp\/v2\/categories?post=1702842"},{"taxonomy":"post_tag","embeddable":true,"href":"https:\/\/www.pressenza.com\/es\/wp-json\/wp\/v2\/tags?post=1702842"}],"curies":[{"name":"wp","href":"https:\/\/api.w.org\/{rel}","templated":true}]}}