{"id":1702074,"date":"2022-12-23T20:22:31","date_gmt":"2022-12-23T20:22:31","guid":{"rendered":"https:\/\/www.pressenza.com\/?p=1702074"},"modified":"2022-12-23T20:24:55","modified_gmt":"2022-12-23T20:24:55","slug":"feliz-navidad-y-feliz-catastrofe","status":"publish","type":"post","link":"https:\/\/www.pressenza.com\/es\/2022\/12\/feliz-navidad-y-feliz-catastrofe\/","title":{"rendered":"Feliz Navidad y feliz cat\u00e1strofe"},"content":{"rendered":"<p>En el mundo occidental, nos invade el \u00abambiente navide\u00f1o\u00bb lleno de deliciosas peticiones para ser m\u00e1s buenos y comprar las cosas que representan la bondad: dulces y regalos. Al final fue una conocida empresa de refrescos la que visti\u00f3 de rojo a Santa Klaus&#8230;<\/p>\n<p>Cuando, como regalo de Navidad, pedimos, como Peppe Sini, una tregua navide\u00f1a para todas las guerras, incluida la de Ucrania, o\u00edmos respuestas de las partes sobre el terreno de que no puede hacerse.<\/p>\n<p>Aqu\u00ed en Italia asistimos estos d\u00edas a la maniobra financiera; suponemos que es un ritual com\u00fan a todos los gobiernos del mundo y esperar\u00edamos, ante la crisis energ\u00e9tica y ecol\u00f3gica, medidas en\u00e9rgicas para combatir el cambio clim\u00e1tico; francamente, no vemos ni rastro de ellas en el l\u00edo de enmiendas para complacer a quien m\u00e1s tira de la chaqueta del ministro.<\/p>\n<p>Aqu\u00ed en Italia, una campa\u00f1a bien merecida, <a href=\"https:\/\/sbilanciamoci.info\/\">Sbilanciamoci<\/a>!, lleva desde 1999 haciendo cada a\u00f1o una propuesta de finanzas alternativas con la justicia econ\u00f3mica y social, la sostenibilidad medioambiental, la paz y la solidaridad en su centro. \u00bfSer\u00e1n valores \u00abnavide\u00f1os\u00bb? Parece que no, dado lo mucho que se ha hablado estos d\u00edas de esta iniciativa en las noticias.<\/p>\n<p>Como ya hemos dicho: \u00abbusiness as usual\u00bb: ya sea pandemia o guerra, la cuesti\u00f3n crucial es si se puede obtener un beneficio, y un buen beneficio adem\u00e1s, con lo que estamos hablando. As\u00ed que en el horizonte se vislumbra una descomunal crisis energ\u00e9tica de dif\u00edcil soluci\u00f3n, pero empezamos con la propaganda de la \u00abenerg\u00eda nuclear limpia\u00bb, de la quimera de ciencia ficci\u00f3n de construir el sol en la tierra y hacer que produzca toda la energ\u00eda que necesitamos; y ello sin preguntarnos si nuestro constante despilfarro de energ\u00eda tiene alg\u00fan viso de racionalidad o s\u00f3lo sirve a los que venden energ\u00eda. Por supuesto, hacer, por ejemplo, de cada edificio p\u00fablico una casa pasiva (para quien no lo sepa, es un edificio que produce tanta energ\u00eda como consume) es una inversi\u00f3n m\u00ednima y un ahorro energ\u00e9tico y econ\u00f3mico definitivo, pero no har\u00e1 rico a nadie porque, una vez terminadas las obras de reforma, s\u00f3lo se gasta un poco de dinero en mantenimiento. \u00bfPodr\u00eda la administraci\u00f3n p\u00fablica, central y perif\u00e9rica, regalarnos por Navidad un edificio municipal, escuelas, hospitales, etc. como casa pasiva?<\/p>\n<p>Empec\u00e9 a escribir este art\u00edculo antes de que saliera la noticia de que medio Estados Unidos est\u00e1 bajo una tormenta de hielo: que ha llegado otra cat\u00e1strofe clim\u00e1tica. Esto tuvo una cobertura de prensa inmediata y una \u00abevaluaci\u00f3n de da\u00f1os\u00bb inmediata, lo que ya significa frotarse las manos de los que ya est\u00e1n pensando en la reconstrucci\u00f3n, como la generosa conferencia de donantes para Ucrania; que haya familias muriendo de fr\u00edo gracias a una guerra que s\u00f3lo beneficia a los fabricantes de armas, que por fin pueden ver c\u00f3mo se usan y as\u00ed vender m\u00e1s, no interesa. Pero, \u00bfqu\u00e9 pasa con las cat\u00e1strofes olvidadas de la langosta en \u00c1frica, la desertizaci\u00f3n o la \u00abend\u00e9mica\u00bb de los mil millones de personas al borde de la inanici\u00f3n? \u00bfY esa cat\u00e1strofe mental de gente con un futuro cerrado y sin esperanza?<\/p>\n<p>Pero hay un sentimiento humano que recorre la Navidad y que no quiero olvidar: el deseo sincero de una vida mejor para los seres queridos y quiz\u00e1 tambi\u00e9n para el resto de la humanidad. Este deseo no puede ser una formalidad, sino que debe convertirse decididamente en un compromiso para cambiar radicalmente este mundo, para cambiar su paradigma fundamental: \u00abel dinero da la felicidad\u00bb; es un cambio de mentalidad, de relaciones econ\u00f3micas, sociales, humanas; es un cambio espiritual profundo que recuerda la Regla de Oro expresada por todos los sabios de la historia: trata a los dem\u00e1s como quieres que te traten.<\/p>\n<p>Podemos tomar este profundo deseo, hacerlo nuestro y transformarlo en acciones cotidianas, y podemos hacerlo uni\u00e9ndonos a otros constructores de un mundo nuevo, urgentemente necesario, donde el valor sea el Ser Humano, su planeta, el Bien Com\u00fan, la felicidad y el bienestar de todos y todas.<\/p>\n","protected":false},"excerpt":{"rendered":"<p>En el mundo occidental, nos invade el \u00abambiente navide\u00f1o\u00bb lleno de deliciosas peticiones para ser m\u00e1s buenos y comprar las cosas que representan la bondad: dulces y regalos. Al final fue una conocida empresa de refrescos la que visti\u00f3 de&hellip;<\/p>\n","protected":false},"author":10,"featured_media":1702075,"comment_status":"closed","ping_status":"closed","sticky":false,"template":"","format":"standard","meta":{"footnotes":""},"categories":[11389,1240,161],"tags":[],"class_list":["post-1702074","post","type-post","status-publish","format-standard","has-post-thumbnail","hentry","category-contenido-original","category-humanismo-espiritualidad","category-opiniones"],"yoast_head":"<!-- This site is optimized with the Yoast SEO plugin v27.1.1 - https:\/\/yoast.com\/product\/yoast-seo-wordpress\/ -->\n<title>Feliz Navidad y feliz cat\u00e1strofe<\/title>\n<meta name=\"description\" content=\"En el mundo occidental, nos invade el &quot;ambiente navide\u00f1o&quot; lleno de deliciosas peticiones para ser m\u00e1s buenos y comprar las cosas que representan la\" \/>\n<meta name=\"robots\" content=\"index, follow, max-snippet:-1, max-image-preview:large, max-video-preview:-1\" \/>\n<link rel=\"canonical\" href=\"https:\/\/www.pressenza.com\/es\/2022\/12\/feliz-navidad-y-feliz-catastrofe\/\" \/>\n<meta property=\"og:locale\" content=\"es_ES\" \/>\n<meta property=\"og:type\" content=\"article\" \/>\n<meta property=\"og:title\" content=\"Feliz Navidad y feliz cat\u00e1strofe\" \/>\n<meta property=\"og:description\" content=\"En el mundo occidental, nos invade el &quot;ambiente navide\u00f1o&quot; lleno de deliciosas peticiones para ser m\u00e1s buenos y comprar las cosas que representan la\" \/>\n<meta property=\"og:url\" content=\"https:\/\/www.pressenza.com\/es\/2022\/12\/feliz-navidad-y-feliz-catastrofe\/\" \/>\n<meta property=\"og:site_name\" content=\"Pressenza\" \/>\n<meta property=\"article:publisher\" content=\"https:\/\/www.facebook.com\/PressenzaItalia\" \/>\n<meta property=\"article:published_time\" content=\"2022-12-23T20:22:31+00:00\" \/>\n<meta property=\"article:modified_time\" content=\"2022-12-23T20:24:55+00:00\" \/>\n<meta property=\"og:image\" content=\"https:\/\/www.pressenza.com\/wp-content\/uploads\/2022\/12\/buon-Natale-Paola-Balestra.jpg\" \/>\n\t<meta property=\"og:image:width\" content=\"850\" \/>\n\t<meta property=\"og:image:height\" content=\"531\" \/>\n\t<meta property=\"og:image:type\" content=\"image\/jpeg\" \/>\n<meta name=\"author\" content=\"Olivier Turquet\" \/>\n<meta name=\"twitter:card\" content=\"summary_large_image\" \/>\n<meta name=\"twitter:creator\" content=\"@PressenzaIPA\" \/>\n<meta name=\"twitter:site\" content=\"@PressenzaIPA\" \/>\n<meta name=\"twitter:label1\" content=\"Escrito por\" \/>\n\t<meta name=\"twitter:data1\" content=\"Olivier Turquet\" \/>\n\t<meta name=\"twitter:label2\" content=\"Tiempo de lectura\" \/>\n\t<meta name=\"twitter:data2\" content=\"4 minutos\" \/>\n<script type=\"application\/ld+json\" class=\"yoast-schema-graph\">{\"@context\":\"https:\/\/schema.org\",\"@graph\":[{\"@type\":\"Article\",\"@id\":\"https:\/\/www.pressenza.com\/es\/2022\/12\/feliz-navidad-y-feliz-catastrofe\/#article\",\"isPartOf\":{\"@id\":\"https:\/\/www.pressenza.com\/es\/2022\/12\/feliz-navidad-y-feliz-catastrofe\/\"},\"author\":{\"name\":\"Olivier Turquet\",\"@id\":\"https:\/\/www.pressenza.com\/es\/#\/schema\/person\/636f8feb51f63f34e7378d5fcdd1de53\"},\"headline\":\"Feliz Navidad y feliz cat\u00e1strofe\",\"datePublished\":\"2022-12-23T20:22:31+00:00\",\"dateModified\":\"2022-12-23T20:24:55+00:00\",\"mainEntityOfPage\":{\"@id\":\"https:\/\/www.pressenza.com\/es\/2022\/12\/feliz-navidad-y-feliz-catastrofe\/\"},\"wordCount\":728,\"publisher\":{\"@id\":\"https:\/\/www.pressenza.com\/es\/#organization\"},\"image\":{\"@id\":\"https:\/\/www.pressenza.com\/es\/2022\/12\/feliz-navidad-y-feliz-catastrofe\/#primaryimage\"},\"thumbnailUrl\":\"https:\/\/www.pressenza.com\/wp-content\/uploads\/2022\/12\/buon-Natale-Paola-Balestra.jpg\",\"articleSection\":[\"Contenido Original\",\"Humanismo y Espiritualidad\",\"Opiniones\"],\"inLanguage\":\"es\"},{\"@type\":\"WebPage\",\"@id\":\"https:\/\/www.pressenza.com\/es\/2022\/12\/feliz-navidad-y-feliz-catastrofe\/\",\"url\":\"https:\/\/www.pressenza.com\/es\/2022\/12\/feliz-navidad-y-feliz-catastrofe\/\",\"name\":\"Feliz Navidad y feliz cat\u00e1strofe\",\"isPartOf\":{\"@id\":\"https:\/\/www.pressenza.com\/es\/#website\"},\"primaryImageOfPage\":{\"@id\":\"https:\/\/www.pressenza.com\/es\/2022\/12\/feliz-navidad-y-feliz-catastrofe\/#primaryimage\"},\"image\":{\"@id\":\"https:\/\/www.pressenza.com\/es\/2022\/12\/feliz-navidad-y-feliz-catastrofe\/#primaryimage\"},\"thumbnailUrl\":\"https:\/\/www.pressenza.com\/wp-content\/uploads\/2022\/12\/buon-Natale-Paola-Balestra.jpg\",\"datePublished\":\"2022-12-23T20:22:31+00:00\",\"dateModified\":\"2022-12-23T20:24:55+00:00\",\"description\":\"En el mundo occidental, nos invade el \\\"ambiente navide\u00f1o\\\" lleno de deliciosas peticiones para ser m\u00e1s buenos y comprar las cosas que representan la\",\"breadcrumb\":{\"@id\":\"https:\/\/www.pressenza.com\/es\/2022\/12\/feliz-navidad-y-feliz-catastrofe\/#breadcrumb\"},\"inLanguage\":\"es\",\"potentialAction\":[{\"@type\":\"ReadAction\",\"target\":[\"https:\/\/www.pressenza.com\/es\/2022\/12\/feliz-navidad-y-feliz-catastrofe\/\"]}]},{\"@type\":\"ImageObject\",\"inLanguage\":\"es\",\"@id\":\"https:\/\/www.pressenza.com\/es\/2022\/12\/feliz-navidad-y-feliz-catastrofe\/#primaryimage\",\"url\":\"https:\/\/www.pressenza.com\/wp-content\/uploads\/2022\/12\/buon-Natale-Paola-Balestra.jpg\",\"contentUrl\":\"https:\/\/www.pressenza.com\/wp-content\/uploads\/2022\/12\/buon-Natale-Paola-Balestra.jpg\",\"width\":850,\"height\":531},{\"@type\":\"BreadcrumbList\",\"@id\":\"https:\/\/www.pressenza.com\/es\/2022\/12\/feliz-navidad-y-feliz-catastrofe\/#breadcrumb\",\"itemListElement\":[{\"@type\":\"ListItem\",\"position\":1,\"name\":\"Accueil\",\"item\":\"https:\/\/www.pressenza.com\/es\/\"},{\"@type\":\"ListItem\",\"position\":2,\"name\":\"Feliz Navidad y feliz cat\u00e1strofe\"}]},{\"@type\":\"WebSite\",\"@id\":\"https:\/\/www.pressenza.com\/es\/#website\",\"url\":\"https:\/\/www.pressenza.com\/es\/\",\"name\":\"Pressenza\",\"description\":\"International Press Agency\",\"publisher\":{\"@id\":\"https:\/\/www.pressenza.com\/es\/#organization\"},\"potentialAction\":[{\"@type\":\"SearchAction\",\"target\":{\"@type\":\"EntryPoint\",\"urlTemplate\":\"https:\/\/www.pressenza.com\/es\/?s={search_term_string}\"},\"query-input\":{\"@type\":\"PropertyValueSpecification\",\"valueRequired\":true,\"valueName\":\"search_term_string\"}}],\"inLanguage\":\"es\"},{\"@type\":\"Organization\",\"@id\":\"https:\/\/www.pressenza.com\/es\/#organization\",\"name\":\"Pressenza\",\"url\":\"https:\/\/www.pressenza.com\/es\/\",\"logo\":{\"@type\":\"ImageObject\",\"inLanguage\":\"es\",\"@id\":\"https:\/\/www.pressenza.com\/es\/#\/schema\/logo\/image\/\",\"url\":\"https:\/\/www.pressenza.com\/wp-content\/uploads\/2022\/10\/pressenza_logo_200x200.jpg\",\"contentUrl\":\"https:\/\/www.pressenza.com\/wp-content\/uploads\/2022\/10\/pressenza_logo_200x200.jpg\",\"width\":200,\"height\":200,\"caption\":\"Pressenza\"},\"image\":{\"@id\":\"https:\/\/www.pressenza.com\/es\/#\/schema\/logo\/image\/\"},\"sameAs\":[\"https:\/\/www.facebook.com\/PressenzaItalia\",\"https:\/\/x.com\/PressenzaIPA\"]},{\"@type\":\"Person\",\"@id\":\"https:\/\/www.pressenza.com\/es\/#\/schema\/person\/636f8feb51f63f34e7378d5fcdd1de53\",\"name\":\"Olivier Turquet\",\"description\":\"Takes care of writing to tell the reality for about 40 years. He has worked with paper publications, radio and electronic He founded the electronic news agency humanist Good News. He was press secretary to various events such as: the International Humanist, Florence Play, the World March for Peace and Nonviolence. Currently coordinates the Italian team of Pressenza. olivierturquet.wordpress.com\",\"sameAs\":[\"http:\/\/olivierturquet.wordpress.com\"],\"url\":\"https:\/\/www.pressenza.com\/es\/author\/olivier-turquet\/\"}]}<\/script>\n<!-- \/ Yoast SEO plugin. -->","yoast_head_json":{"title":"Feliz Navidad y feliz cat\u00e1strofe","description":"En el mundo occidental, nos invade el \"ambiente navide\u00f1o\" lleno de deliciosas peticiones para ser m\u00e1s buenos y comprar las cosas que representan la","robots":{"index":"index","follow":"follow","max-snippet":"max-snippet:-1","max-image-preview":"max-image-preview:large","max-video-preview":"max-video-preview:-1"},"canonical":"https:\/\/www.pressenza.com\/es\/2022\/12\/feliz-navidad-y-feliz-catastrofe\/","og_locale":"es_ES","og_type":"article","og_title":"Feliz Navidad y feliz cat\u00e1strofe","og_description":"En el mundo occidental, nos invade el \"ambiente navide\u00f1o\" lleno de deliciosas peticiones para ser m\u00e1s buenos y comprar las cosas que representan la","og_url":"https:\/\/www.pressenza.com\/es\/2022\/12\/feliz-navidad-y-feliz-catastrofe\/","og_site_name":"Pressenza","article_publisher":"https:\/\/www.facebook.com\/PressenzaItalia","article_published_time":"2022-12-23T20:22:31+00:00","article_modified_time":"2022-12-23T20:24:55+00:00","og_image":[{"width":850,"height":531,"url":"https:\/\/www.pressenza.com\/wp-content\/uploads\/2022\/12\/buon-Natale-Paola-Balestra.jpg","type":"image\/jpeg"}],"author":"Olivier Turquet","twitter_card":"summary_large_image","twitter_creator":"@PressenzaIPA","twitter_site":"@PressenzaIPA","twitter_misc":{"Escrito por":"Olivier Turquet","Tiempo de lectura":"4 minutos"},"schema":{"@context":"https:\/\/schema.org","@graph":[{"@type":"Article","@id":"https:\/\/www.pressenza.com\/es\/2022\/12\/feliz-navidad-y-feliz-catastrofe\/#article","isPartOf":{"@id":"https:\/\/www.pressenza.com\/es\/2022\/12\/feliz-navidad-y-feliz-catastrofe\/"},"author":{"name":"Olivier Turquet","@id":"https:\/\/www.pressenza.com\/es\/#\/schema\/person\/636f8feb51f63f34e7378d5fcdd1de53"},"headline":"Feliz Navidad y feliz cat\u00e1strofe","datePublished":"2022-12-23T20:22:31+00:00","dateModified":"2022-12-23T20:24:55+00:00","mainEntityOfPage":{"@id":"https:\/\/www.pressenza.com\/es\/2022\/12\/feliz-navidad-y-feliz-catastrofe\/"},"wordCount":728,"publisher":{"@id":"https:\/\/www.pressenza.com\/es\/#organization"},"image":{"@id":"https:\/\/www.pressenza.com\/es\/2022\/12\/feliz-navidad-y-feliz-catastrofe\/#primaryimage"},"thumbnailUrl":"https:\/\/www.pressenza.com\/wp-content\/uploads\/2022\/12\/buon-Natale-Paola-Balestra.jpg","articleSection":["Contenido Original","Humanismo y Espiritualidad","Opiniones"],"inLanguage":"es"},{"@type":"WebPage","@id":"https:\/\/www.pressenza.com\/es\/2022\/12\/feliz-navidad-y-feliz-catastrofe\/","url":"https:\/\/www.pressenza.com\/es\/2022\/12\/feliz-navidad-y-feliz-catastrofe\/","name":"Feliz Navidad y feliz cat\u00e1strofe","isPartOf":{"@id":"https:\/\/www.pressenza.com\/es\/#website"},"primaryImageOfPage":{"@id":"https:\/\/www.pressenza.com\/es\/2022\/12\/feliz-navidad-y-feliz-catastrofe\/#primaryimage"},"image":{"@id":"https:\/\/www.pressenza.com\/es\/2022\/12\/feliz-navidad-y-feliz-catastrofe\/#primaryimage"},"thumbnailUrl":"https:\/\/www.pressenza.com\/wp-content\/uploads\/2022\/12\/buon-Natale-Paola-Balestra.jpg","datePublished":"2022-12-23T20:22:31+00:00","dateModified":"2022-12-23T20:24:55+00:00","description":"En el mundo occidental, nos invade el \"ambiente navide\u00f1o\" lleno de deliciosas peticiones para ser m\u00e1s buenos y comprar las cosas que representan la","breadcrumb":{"@id":"https:\/\/www.pressenza.com\/es\/2022\/12\/feliz-navidad-y-feliz-catastrofe\/#breadcrumb"},"inLanguage":"es","potentialAction":[{"@type":"ReadAction","target":["https:\/\/www.pressenza.com\/es\/2022\/12\/feliz-navidad-y-feliz-catastrofe\/"]}]},{"@type":"ImageObject","inLanguage":"es","@id":"https:\/\/www.pressenza.com\/es\/2022\/12\/feliz-navidad-y-feliz-catastrofe\/#primaryimage","url":"https:\/\/www.pressenza.com\/wp-content\/uploads\/2022\/12\/buon-Natale-Paola-Balestra.jpg","contentUrl":"https:\/\/www.pressenza.com\/wp-content\/uploads\/2022\/12\/buon-Natale-Paola-Balestra.jpg","width":850,"height":531},{"@type":"BreadcrumbList","@id":"https:\/\/www.pressenza.com\/es\/2022\/12\/feliz-navidad-y-feliz-catastrofe\/#breadcrumb","itemListElement":[{"@type":"ListItem","position":1,"name":"Accueil","item":"https:\/\/www.pressenza.com\/es\/"},{"@type":"ListItem","position":2,"name":"Feliz Navidad y feliz cat\u00e1strofe"}]},{"@type":"WebSite","@id":"https:\/\/www.pressenza.com\/es\/#website","url":"https:\/\/www.pressenza.com\/es\/","name":"Pressenza","description":"International Press Agency","publisher":{"@id":"https:\/\/www.pressenza.com\/es\/#organization"},"potentialAction":[{"@type":"SearchAction","target":{"@type":"EntryPoint","urlTemplate":"https:\/\/www.pressenza.com\/es\/?s={search_term_string}"},"query-input":{"@type":"PropertyValueSpecification","valueRequired":true,"valueName":"search_term_string"}}],"inLanguage":"es"},{"@type":"Organization","@id":"https:\/\/www.pressenza.com\/es\/#organization","name":"Pressenza","url":"https:\/\/www.pressenza.com\/es\/","logo":{"@type":"ImageObject","inLanguage":"es","@id":"https:\/\/www.pressenza.com\/es\/#\/schema\/logo\/image\/","url":"https:\/\/www.pressenza.com\/wp-content\/uploads\/2022\/10\/pressenza_logo_200x200.jpg","contentUrl":"https:\/\/www.pressenza.com\/wp-content\/uploads\/2022\/10\/pressenza_logo_200x200.jpg","width":200,"height":200,"caption":"Pressenza"},"image":{"@id":"https:\/\/www.pressenza.com\/es\/#\/schema\/logo\/image\/"},"sameAs":["https:\/\/www.facebook.com\/PressenzaItalia","https:\/\/x.com\/PressenzaIPA"]},{"@type":"Person","@id":"https:\/\/www.pressenza.com\/es\/#\/schema\/person\/636f8feb51f63f34e7378d5fcdd1de53","name":"Olivier Turquet","description":"Takes care of writing to tell the reality for about 40 years. He has worked with paper publications, radio and electronic He founded the electronic news agency humanist Good News. He was press secretary to various events such as: the International Humanist, Florence Play, the World March for Peace and Nonviolence. Currently coordinates the Italian team of Pressenza. olivierturquet.wordpress.com","sameAs":["http:\/\/olivierturquet.wordpress.com"],"url":"https:\/\/www.pressenza.com\/es\/author\/olivier-turquet\/"}]}},"place":"","original_article_url":"","_links":{"self":[{"href":"https:\/\/www.pressenza.com\/es\/wp-json\/wp\/v2\/posts\/1702074","targetHints":{"allow":["GET"]}}],"collection":[{"href":"https:\/\/www.pressenza.com\/es\/wp-json\/wp\/v2\/posts"}],"about":[{"href":"https:\/\/www.pressenza.com\/es\/wp-json\/wp\/v2\/types\/post"}],"author":[{"embeddable":true,"href":"https:\/\/www.pressenza.com\/es\/wp-json\/wp\/v2\/users\/10"}],"replies":[{"embeddable":true,"href":"https:\/\/www.pressenza.com\/es\/wp-json\/wp\/v2\/comments?post=1702074"}],"version-history":[{"count":0,"href":"https:\/\/www.pressenza.com\/es\/wp-json\/wp\/v2\/posts\/1702074\/revisions"}],"wp:featuredmedia":[{"embeddable":true,"href":"https:\/\/www.pressenza.com\/es\/wp-json\/wp\/v2\/media\/1702075"}],"wp:attachment":[{"href":"https:\/\/www.pressenza.com\/es\/wp-json\/wp\/v2\/media?parent=1702074"}],"wp:term":[{"taxonomy":"category","embeddable":true,"href":"https:\/\/www.pressenza.com\/es\/wp-json\/wp\/v2\/categories?post=1702074"},{"taxonomy":"post_tag","embeddable":true,"href":"https:\/\/www.pressenza.com\/es\/wp-json\/wp\/v2\/tags?post=1702074"}],"curies":[{"name":"wp","href":"https:\/\/api.w.org\/{rel}","templated":true}]}}