{"id":1700681,"date":"2022-12-18T03:29:24","date_gmt":"2022-12-18T03:29:24","guid":{"rendered":"https:\/\/www.pressenza.com\/?p=1700681"},"modified":"2022-12-16T19:30:51","modified_gmt":"2022-12-16T19:30:51","slug":"romanticismo","status":"publish","type":"post","link":"https:\/\/www.pressenza.com\/es\/2022\/12\/romanticismo\/","title":{"rendered":"Romanticismo"},"content":{"rendered":"<p>Mi estimada \u201c<em>partenaire\u201d <\/em>en el programa radiof\u00f3nico que desl\u00edo cada semana, Micaela, alma sensible donde las haya, siempre me insta a que mis temas tratados sean apacibles, rom\u00e1nticos, amables, de tonos buc\u00f3licos, a ser posible\u2026 Es mi apreciado contraste, mi pi\u00e9 de rey, mi piedra de toque&#8230; Yo suelo arrancarme por peteneras y ella intenta contrarrestarme con un vals; ella me empuja a contrapesar con tonos ros\u00e1ceos, mientras yo tiendo a ser pol\u00e9mico, casi en rojo. A veces le hago caso, o hago por complacerla dentro de lo posible, aunque mi tendencia apache sea pintarme el rostro con los colores de guerra.<\/p>\n<p>Pero si analizamos el significado de \u201cromanticismo\u201d nos podemos encontrar que no siempre suele ser aquello que esperamos, porque as\u00ed lo creemos. No todo lo que es rom\u00e1ntico, o se supone que lo es, resulta placentero. En realidad muchas historias consideradas rom\u00e1nticas son de sufrimiento, sobretodo las de tema amoroso. Puede parecernos rom\u00e1ntico a terceros, a los de la barrera, pero no creo que le parezca as\u00ed a los que sufren su propia historia (\u00e9chenle un vistazo a los dramas de Shakespeare, por ejemplo). Entonces, en tales casos, lo rom\u00e1ntico se traduce en tragedia. Etimol\u00f3gicamente, la palabra \u201c<em>romanticismo\u201d<\/em> viene de la antigua lengua derivada del lat\u00edn, de la que proviene la nuestra: del \u201c<em>romance\u201d<\/em> &#8211; de ah\u00ed tambi\u00e9n \u201c<em>rom\u00e1nico<\/em>\u201d -, o sea: un estilo de expresi\u00f3n, una forma de comunicarse, una manera de hablar y escribir\u2026 nada que ver con el sentimiento.<\/p>\n<p>Nosotros lo hemos asociado precisamente a eso mismo: a la sensibilidad, esto es, una persona rom\u00e1ntica forzosamente ha de ser una persona sensible, y nunca, jam\u00e1s, dir\u00e9 yo que no se as\u00ed, aunque las palabras \u201c<em>sensible<\/em>\u201d o \u201c<em>sensibilidad<\/em>\u201d deriven de sensitivo, o sea, de todo lo que se siente y puede sentirse, hasta un dolor de muelas o un c\u00f3lico nefr\u00edtico, con todo lo poco de rom\u00e1ntico que sea eso. Yo creo, y esto es una elucubraci\u00f3n muy personal m\u00eda, por supuesto, que esta asociaci\u00f3n de ideas ya establecida, viene precisamente de esa lengua romance antigua a que alud\u00eda. Todas las gestas, obras cl\u00e1sicas y escritos del amor galante, por ejemplo, fueron escritas en romance, y de ah\u00ed, quiz\u00e1, que se relacione con el romanticismo.<\/p>\n<p>Naturalmente, no deseo establecer nada, ni tampoco quiero cambiar nada, ni much\u00edsimo menos. Bien est\u00e1 lo que est\u00e1 bien. Lo \u00fanico que intento es establecer un hilo conductor que nos lleve a entender que no existe una definici\u00f3n, una idea, ni siquiera un sentimiento, estrictamente puro; que usamos las palabras para adoptar y adaptar nuestras sensaciones a ellas, sin ser conscientes de que esas mismas palabras igual terminan por adoptarnos a nosotros. No s\u00e9 si me explico\u2026 No obstante, esto bien puede ser un buen tema para polemizar, miren ustedes por d\u00f3nde&#8230;<\/p>\n<p>\u2026Y miren por d\u00f3nde, aqu\u00ed venimos a lo que vamos, y sirva esta digresi\u00f3n para justificarme, si ello es posible, ante mi muy eficiente conductora de programa. Y es que a m\u00ed, lo que me gusta precisamente es eso mismo: polemizar, y ustedes sepan perdonarme por esa tendencia que, para muchos, se considera nefasta y maliciosa. Pero, miren, yo es que soy de los que creen que de la pol\u00e9mica nace la luz, el conocimiento, o, al menos, el contraste de pareceres, que eso, bien llevado, siempre enriquece tanto al que polemiza como al que escucha\u2026 Y no dir\u00e9 que los temas pl\u00e1cidos, como los rom\u00e1nticos, sean de segunda fila, que no. Son buenos, positivos y necesarios para saborearlos y gozarlos; para complacernos en ellos, como nos llena un buen concierto. Muy cierto. Pero se aprende m\u00e1s de una buena y bien llevada pol\u00e9mica que de un buen relato rom\u00e1ntico, no me digan que no.<\/p>\n<p>Perm\u00edtanme establecer una comparaci\u00f3n, por burda que parezca: los dulces suelen servirse despu\u00e9s de las comidas, a modo de postre, como una exquisitez que paladear, pero lo que alimenta de verdad es la comida, no el dulce. Una persona no puede alimentarse a base de dulces, pues su salud ser\u00eda deficitaria. Pues igual con esto que tratamos. Lo rom\u00e1ntico es el dulce, la confitura, lo grato al paladar; y la pol\u00e9mica es el resto de la comida que nos lleva a una alimentaci\u00f3n integral y completa de la mente. Y ya digo, no deja de ser una suposici\u00f3n personal que someto a ustedes, que tienen a bien acogerme en mis escritos y programas de radio. Y si esta opini\u00f3n m\u00eda a tal respecto, suscita pol\u00e9mica, pues miren, al final hemos venido a lo que intento explicar desde el principio.<\/p>\n<p>El m\u00e1s arcano y sabio de los evangelistas, San Juan, dej\u00f3 caer que \u201c<em>al principio de todo fue el Verbo<\/em>\u201d, la palabra, y que \u201c<em>el Verbo estaba con Dios, porque el Verbo era Dios<\/em>\u201d; luego se deduce que solo exist\u00eda la Palabra de Dios, \u201c<em>por la que todo fue hecho<\/em>\u201d, se aclara adem\u00e1s. Y luego, despu\u00e9s, tambi\u00e9n se dice: \u201c<em>y el Verbo se hizo carne y habit\u00f3 entre nosotros<\/em>\u201d O sea, la palabra tuvo que hacerse humana para convertirse en m\u00faltiples opiniones de las que nosotros, entre todos, pudi\u00e9ramos sacar la luz. Esto es para polemizar, para acabar entendi\u00e9ndonos entre nosotros, si es que eso es posible.<\/p>\n<p>Ya s\u00e9 que Micaela, a la que someto la decisi\u00f3n de que este art\u00edculo se haga \u201ccarne\u201d, digo programa de radio, \u201cque habite entre nosotros\u201d, o no, me va decir que \u201c<em>le he tomado la vuelta<\/em>\u201d, y que, de alguna forma y manera, \u201c<em>se la he liado\u201d<\/em> como siempre. Pero no es del todo as\u00ed. Lo que he intentado hacer, no s\u00e9 si con \u00e9xito o no, es, atendiendo a sus deseos, echar al guisado alg\u00fan ingrediente m\u00e1s para realzarle el sabor y el saber; para que resulte m\u00e1s interesante, si no un poquico m\u00e1s pol\u00e9mico. Ustedes tienen la \u00faltima palabra.<\/p>\n","protected":false},"excerpt":{"rendered":"<p>Mi estimada \u201cpartenaire\u201d en el programa radiof\u00f3nico que desl\u00edo cada semana, Micaela, alma sensible donde las haya, siempre me insta a que mis temas tratados sean apacibles, rom\u00e1nticos, amables, de tonos buc\u00f3licos, a ser posible\u2026 Es mi apreciado contraste, mi&hellip;<\/p>\n","protected":false},"author":2195,"featured_media":1700683,"comment_status":"closed","ping_status":"closed","sticky":false,"template":"","format":"standard","meta":{"footnotes":""},"categories":[75,161],"tags":[],"class_list":["post-1700681","post","type-post","status-publish","format-standard","has-post-thumbnail","hentry","category-cultura-es","category-opiniones"],"yoast_head":"<!-- This site is optimized with the Yoast SEO plugin v27.1.1 - https:\/\/yoast.com\/product\/yoast-seo-wordpress\/ -->\n<title>Romanticismo<\/title>\n<meta name=\"description\" content=\"Mi estimada \u201cpartenaire\u201d en el programa radiof\u00f3nico que desl\u00edo cada semana, Micaela, alma sensible donde las haya, siempre me insta a que mis temas\" \/>\n<meta name=\"robots\" content=\"index, follow, max-snippet:-1, max-image-preview:large, max-video-preview:-1\" \/>\n<link rel=\"canonical\" href=\"https:\/\/www.pressenza.com\/es\/2022\/12\/romanticismo\/\" \/>\n<meta property=\"og:locale\" content=\"es_ES\" \/>\n<meta property=\"og:type\" content=\"article\" \/>\n<meta property=\"og:title\" content=\"Romanticismo\" \/>\n<meta property=\"og:description\" content=\"Mi estimada \u201cpartenaire\u201d en el programa radiof\u00f3nico que desl\u00edo cada semana, Micaela, alma sensible donde las haya, siempre me insta a que mis temas\" \/>\n<meta property=\"og:url\" content=\"https:\/\/www.pressenza.com\/es\/2022\/12\/romanticismo\/\" \/>\n<meta property=\"og:site_name\" content=\"Pressenza\" \/>\n<meta property=\"article:publisher\" content=\"https:\/\/www.facebook.com\/PressenzaItalia\" \/>\n<meta property=\"article:published_time\" content=\"2022-12-18T03:29:24+00:00\" \/>\n<meta property=\"og:image\" content=\"https:\/\/www.pressenza.com\/wp-content\/uploads\/2022\/12\/pexels-mike-b-189532.jpg\" \/>\n\t<meta property=\"og:image:width\" content=\"1280\" \/>\n\t<meta property=\"og:image:height\" content=\"720\" \/>\n\t<meta property=\"og:image:type\" content=\"image\/jpeg\" \/>\n<meta name=\"author\" content=\"Miguel Galindo S\u00e1nchez\" \/>\n<meta name=\"twitter:card\" content=\"summary_large_image\" \/>\n<meta name=\"twitter:creator\" content=\"@PressenzaIPA\" \/>\n<meta name=\"twitter:site\" content=\"@PressenzaIPA\" \/>\n<meta name=\"twitter:label1\" content=\"Escrito por\" \/>\n\t<meta name=\"twitter:data1\" content=\"Miguel Galindo S\u00e1nchez\" \/>\n\t<meta name=\"twitter:label2\" content=\"Tiempo de lectura\" \/>\n\t<meta name=\"twitter:data2\" content=\"5 minutos\" \/>\n<script type=\"application\/ld+json\" class=\"yoast-schema-graph\">{\"@context\":\"https:\/\/schema.org\",\"@graph\":[{\"@type\":\"Article\",\"@id\":\"https:\/\/www.pressenza.com\/es\/2022\/12\/romanticismo\/#article\",\"isPartOf\":{\"@id\":\"https:\/\/www.pressenza.com\/es\/2022\/12\/romanticismo\/\"},\"author\":{\"name\":\"Miguel Galindo S\u00e1nchez\",\"@id\":\"https:\/\/www.pressenza.com\/es\/#\/schema\/person\/d74252d5ecc118e8dfa2bc75b59787cc\"},\"headline\":\"Romanticismo\",\"datePublished\":\"2022-12-18T03:29:24+00:00\",\"mainEntityOfPage\":{\"@id\":\"https:\/\/www.pressenza.com\/es\/2022\/12\/romanticismo\/\"},\"wordCount\":1026,\"publisher\":{\"@id\":\"https:\/\/www.pressenza.com\/es\/#organization\"},\"image\":{\"@id\":\"https:\/\/www.pressenza.com\/es\/2022\/12\/romanticismo\/#primaryimage\"},\"thumbnailUrl\":\"https:\/\/www.pressenza.com\/wp-content\/uploads\/2022\/12\/pexels-mike-b-189532.jpg\",\"articleSection\":[\"Cultura y Medios\",\"Opiniones\"],\"inLanguage\":\"es\"},{\"@type\":\"WebPage\",\"@id\":\"https:\/\/www.pressenza.com\/es\/2022\/12\/romanticismo\/\",\"url\":\"https:\/\/www.pressenza.com\/es\/2022\/12\/romanticismo\/\",\"name\":\"Romanticismo\",\"isPartOf\":{\"@id\":\"https:\/\/www.pressenza.com\/es\/#website\"},\"primaryImageOfPage\":{\"@id\":\"https:\/\/www.pressenza.com\/es\/2022\/12\/romanticismo\/#primaryimage\"},\"image\":{\"@id\":\"https:\/\/www.pressenza.com\/es\/2022\/12\/romanticismo\/#primaryimage\"},\"thumbnailUrl\":\"https:\/\/www.pressenza.com\/wp-content\/uploads\/2022\/12\/pexels-mike-b-189532.jpg\",\"datePublished\":\"2022-12-18T03:29:24+00:00\",\"description\":\"Mi estimada \u201cpartenaire\u201d en el programa radiof\u00f3nico que desl\u00edo cada semana, Micaela, alma sensible donde las haya, siempre me insta a que mis temas\",\"breadcrumb\":{\"@id\":\"https:\/\/www.pressenza.com\/es\/2022\/12\/romanticismo\/#breadcrumb\"},\"inLanguage\":\"es\",\"potentialAction\":[{\"@type\":\"ReadAction\",\"target\":[\"https:\/\/www.pressenza.com\/es\/2022\/12\/romanticismo\/\"]}]},{\"@type\":\"ImageObject\",\"inLanguage\":\"es\",\"@id\":\"https:\/\/www.pressenza.com\/es\/2022\/12\/romanticismo\/#primaryimage\",\"url\":\"https:\/\/www.pressenza.com\/wp-content\/uploads\/2022\/12\/pexels-mike-b-189532.jpg\",\"contentUrl\":\"https:\/\/www.pressenza.com\/wp-content\/uploads\/2022\/12\/pexels-mike-b-189532.jpg\",\"width\":1280,\"height\":720},{\"@type\":\"BreadcrumbList\",\"@id\":\"https:\/\/www.pressenza.com\/es\/2022\/12\/romanticismo\/#breadcrumb\",\"itemListElement\":[{\"@type\":\"ListItem\",\"position\":1,\"name\":\"Accueil\",\"item\":\"https:\/\/www.pressenza.com\/es\/\"},{\"@type\":\"ListItem\",\"position\":2,\"name\":\"Romanticismo\"}]},{\"@type\":\"WebSite\",\"@id\":\"https:\/\/www.pressenza.com\/es\/#website\",\"url\":\"https:\/\/www.pressenza.com\/es\/\",\"name\":\"Pressenza\",\"description\":\"International Press Agency\",\"publisher\":{\"@id\":\"https:\/\/www.pressenza.com\/es\/#organization\"},\"potentialAction\":[{\"@type\":\"SearchAction\",\"target\":{\"@type\":\"EntryPoint\",\"urlTemplate\":\"https:\/\/www.pressenza.com\/es\/?s={search_term_string}\"},\"query-input\":{\"@type\":\"PropertyValueSpecification\",\"valueRequired\":true,\"valueName\":\"search_term_string\"}}],\"inLanguage\":\"es\"},{\"@type\":\"Organization\",\"@id\":\"https:\/\/www.pressenza.com\/es\/#organization\",\"name\":\"Pressenza\",\"url\":\"https:\/\/www.pressenza.com\/es\/\",\"logo\":{\"@type\":\"ImageObject\",\"inLanguage\":\"es\",\"@id\":\"https:\/\/www.pressenza.com\/es\/#\/schema\/logo\/image\/\",\"url\":\"https:\/\/www.pressenza.com\/wp-content\/uploads\/2022\/10\/pressenza_logo_200x200.jpg\",\"contentUrl\":\"https:\/\/www.pressenza.com\/wp-content\/uploads\/2022\/10\/pressenza_logo_200x200.jpg\",\"width\":200,\"height\":200,\"caption\":\"Pressenza\"},\"image\":{\"@id\":\"https:\/\/www.pressenza.com\/es\/#\/schema\/logo\/image\/\"},\"sameAs\":[\"https:\/\/www.facebook.com\/PressenzaItalia\",\"https:\/\/x.com\/PressenzaIPA\"]},{\"@type\":\"Person\",\"@id\":\"https:\/\/www.pressenza.com\/es\/#\/schema\/person\/d74252d5ecc118e8dfa2bc75b59787cc\",\"name\":\"Miguel Galindo S\u00e1nchez\",\"description\":\"Miguel Galindo S\u00e1nchez fu\u00e9 juez de paz, fundador de varias ong\u00b4s y presidente de organizaciones empresariales y otras, durante mucho tiempo. Hoy es mediador profesional, diplomado en RSC y patr\u00f3n de la fundaci\u00f3n Entorno Slow. Tiene publicados cinco libros.\",\"url\":\"https:\/\/www.pressenza.com\/es\/author\/miguel-galindo-sanchez\/\"}]}<\/script>\n<!-- \/ Yoast SEO plugin. -->","yoast_head_json":{"title":"Romanticismo","description":"Mi estimada \u201cpartenaire\u201d en el programa radiof\u00f3nico que desl\u00edo cada semana, Micaela, alma sensible donde las haya, siempre me insta a que mis temas","robots":{"index":"index","follow":"follow","max-snippet":"max-snippet:-1","max-image-preview":"max-image-preview:large","max-video-preview":"max-video-preview:-1"},"canonical":"https:\/\/www.pressenza.com\/es\/2022\/12\/romanticismo\/","og_locale":"es_ES","og_type":"article","og_title":"Romanticismo","og_description":"Mi estimada \u201cpartenaire\u201d en el programa radiof\u00f3nico que desl\u00edo cada semana, Micaela, alma sensible donde las haya, siempre me insta a que mis temas","og_url":"https:\/\/www.pressenza.com\/es\/2022\/12\/romanticismo\/","og_site_name":"Pressenza","article_publisher":"https:\/\/www.facebook.com\/PressenzaItalia","article_published_time":"2022-12-18T03:29:24+00:00","og_image":[{"width":1280,"height":720,"url":"https:\/\/www.pressenza.com\/wp-content\/uploads\/2022\/12\/pexels-mike-b-189532.jpg","type":"image\/jpeg"}],"author":"Miguel Galindo S\u00e1nchez","twitter_card":"summary_large_image","twitter_creator":"@PressenzaIPA","twitter_site":"@PressenzaIPA","twitter_misc":{"Escrito por":"Miguel Galindo S\u00e1nchez","Tiempo de lectura":"5 minutos"},"schema":{"@context":"https:\/\/schema.org","@graph":[{"@type":"Article","@id":"https:\/\/www.pressenza.com\/es\/2022\/12\/romanticismo\/#article","isPartOf":{"@id":"https:\/\/www.pressenza.com\/es\/2022\/12\/romanticismo\/"},"author":{"name":"Miguel Galindo S\u00e1nchez","@id":"https:\/\/www.pressenza.com\/es\/#\/schema\/person\/d74252d5ecc118e8dfa2bc75b59787cc"},"headline":"Romanticismo","datePublished":"2022-12-18T03:29:24+00:00","mainEntityOfPage":{"@id":"https:\/\/www.pressenza.com\/es\/2022\/12\/romanticismo\/"},"wordCount":1026,"publisher":{"@id":"https:\/\/www.pressenza.com\/es\/#organization"},"image":{"@id":"https:\/\/www.pressenza.com\/es\/2022\/12\/romanticismo\/#primaryimage"},"thumbnailUrl":"https:\/\/www.pressenza.com\/wp-content\/uploads\/2022\/12\/pexels-mike-b-189532.jpg","articleSection":["Cultura y Medios","Opiniones"],"inLanguage":"es"},{"@type":"WebPage","@id":"https:\/\/www.pressenza.com\/es\/2022\/12\/romanticismo\/","url":"https:\/\/www.pressenza.com\/es\/2022\/12\/romanticismo\/","name":"Romanticismo","isPartOf":{"@id":"https:\/\/www.pressenza.com\/es\/#website"},"primaryImageOfPage":{"@id":"https:\/\/www.pressenza.com\/es\/2022\/12\/romanticismo\/#primaryimage"},"image":{"@id":"https:\/\/www.pressenza.com\/es\/2022\/12\/romanticismo\/#primaryimage"},"thumbnailUrl":"https:\/\/www.pressenza.com\/wp-content\/uploads\/2022\/12\/pexels-mike-b-189532.jpg","datePublished":"2022-12-18T03:29:24+00:00","description":"Mi estimada \u201cpartenaire\u201d en el programa radiof\u00f3nico que desl\u00edo cada semana, Micaela, alma sensible donde las haya, siempre me insta a que mis temas","breadcrumb":{"@id":"https:\/\/www.pressenza.com\/es\/2022\/12\/romanticismo\/#breadcrumb"},"inLanguage":"es","potentialAction":[{"@type":"ReadAction","target":["https:\/\/www.pressenza.com\/es\/2022\/12\/romanticismo\/"]}]},{"@type":"ImageObject","inLanguage":"es","@id":"https:\/\/www.pressenza.com\/es\/2022\/12\/romanticismo\/#primaryimage","url":"https:\/\/www.pressenza.com\/wp-content\/uploads\/2022\/12\/pexels-mike-b-189532.jpg","contentUrl":"https:\/\/www.pressenza.com\/wp-content\/uploads\/2022\/12\/pexels-mike-b-189532.jpg","width":1280,"height":720},{"@type":"BreadcrumbList","@id":"https:\/\/www.pressenza.com\/es\/2022\/12\/romanticismo\/#breadcrumb","itemListElement":[{"@type":"ListItem","position":1,"name":"Accueil","item":"https:\/\/www.pressenza.com\/es\/"},{"@type":"ListItem","position":2,"name":"Romanticismo"}]},{"@type":"WebSite","@id":"https:\/\/www.pressenza.com\/es\/#website","url":"https:\/\/www.pressenza.com\/es\/","name":"Pressenza","description":"International Press Agency","publisher":{"@id":"https:\/\/www.pressenza.com\/es\/#organization"},"potentialAction":[{"@type":"SearchAction","target":{"@type":"EntryPoint","urlTemplate":"https:\/\/www.pressenza.com\/es\/?s={search_term_string}"},"query-input":{"@type":"PropertyValueSpecification","valueRequired":true,"valueName":"search_term_string"}}],"inLanguage":"es"},{"@type":"Organization","@id":"https:\/\/www.pressenza.com\/es\/#organization","name":"Pressenza","url":"https:\/\/www.pressenza.com\/es\/","logo":{"@type":"ImageObject","inLanguage":"es","@id":"https:\/\/www.pressenza.com\/es\/#\/schema\/logo\/image\/","url":"https:\/\/www.pressenza.com\/wp-content\/uploads\/2022\/10\/pressenza_logo_200x200.jpg","contentUrl":"https:\/\/www.pressenza.com\/wp-content\/uploads\/2022\/10\/pressenza_logo_200x200.jpg","width":200,"height":200,"caption":"Pressenza"},"image":{"@id":"https:\/\/www.pressenza.com\/es\/#\/schema\/logo\/image\/"},"sameAs":["https:\/\/www.facebook.com\/PressenzaItalia","https:\/\/x.com\/PressenzaIPA"]},{"@type":"Person","@id":"https:\/\/www.pressenza.com\/es\/#\/schema\/person\/d74252d5ecc118e8dfa2bc75b59787cc","name":"Miguel Galindo S\u00e1nchez","description":"Miguel Galindo S\u00e1nchez fu\u00e9 juez de paz, fundador de varias ong\u00b4s y presidente de organizaciones empresariales y otras, durante mucho tiempo. Hoy es mediador profesional, diplomado en RSC y patr\u00f3n de la fundaci\u00f3n Entorno Slow. Tiene publicados cinco libros.","url":"https:\/\/www.pressenza.com\/es\/author\/miguel-galindo-sanchez\/"}]}},"place":"Torre-Pacheco (Murcia)","original_article_url":"","_links":{"self":[{"href":"https:\/\/www.pressenza.com\/es\/wp-json\/wp\/v2\/posts\/1700681","targetHints":{"allow":["GET"]}}],"collection":[{"href":"https:\/\/www.pressenza.com\/es\/wp-json\/wp\/v2\/posts"}],"about":[{"href":"https:\/\/www.pressenza.com\/es\/wp-json\/wp\/v2\/types\/post"}],"author":[{"embeddable":true,"href":"https:\/\/www.pressenza.com\/es\/wp-json\/wp\/v2\/users\/2195"}],"replies":[{"embeddable":true,"href":"https:\/\/www.pressenza.com\/es\/wp-json\/wp\/v2\/comments?post=1700681"}],"version-history":[{"count":0,"href":"https:\/\/www.pressenza.com\/es\/wp-json\/wp\/v2\/posts\/1700681\/revisions"}],"wp:featuredmedia":[{"embeddable":true,"href":"https:\/\/www.pressenza.com\/es\/wp-json\/wp\/v2\/media\/1700683"}],"wp:attachment":[{"href":"https:\/\/www.pressenza.com\/es\/wp-json\/wp\/v2\/media?parent=1700681"}],"wp:term":[{"taxonomy":"category","embeddable":true,"href":"https:\/\/www.pressenza.com\/es\/wp-json\/wp\/v2\/categories?post=1700681"},{"taxonomy":"post_tag","embeddable":true,"href":"https:\/\/www.pressenza.com\/es\/wp-json\/wp\/v2\/tags?post=1700681"}],"curies":[{"name":"wp","href":"https:\/\/api.w.org\/{rel}","templated":true}]}}