{"id":1698994,"date":"2022-12-11T14:59:59","date_gmt":"2022-12-11T14:59:59","guid":{"rendered":"https:\/\/www.pressenza.com\/?p=1698994"},"modified":"2022-12-11T14:59:59","modified_gmt":"2022-12-11T14:59:59","slug":"de-contragolpe-recrudece-la-subversion-antidemocratica-de-la-derecha-en-america-latina","status":"publish","type":"post","link":"https:\/\/www.pressenza.com\/es\/2022\/12\/de-contragolpe-recrudece-la-subversion-antidemocratica-de-la-derecha-en-america-latina\/","title":{"rendered":"De contragolpe: Recrudece la subversi\u00f3n antidemocr\u00e1tica de la derecha en Am\u00e9rica Latina"},"content":{"rendered":"<p>Mientras millones de miradas \u2013incluida la de este cronista- devoran las coloridas incidencias del circo montado por la monarqu\u00eda din\u00e1stica catar\u00ed en connivencia con la FIFA, otros eventos, acaso mucho m\u00e1s relevantes para la vida de los pueblos, contin\u00faan sucediendo en estas tierras tan amantes del f\u00fatbol.<\/p>\n<p>As\u00ed, al tiempo que en las pantallas se suceden clasificaciones y amarguras, en el territorio plagado de rect\u00e1ngulos descampados con arcos improvisados, el hambre, la miseria y el sufrimiento contin\u00faan derrotando a las mayor\u00edas, empecinadas pese a todo en sobrevivir en una cancha inclinada, hasta que suene el pitazo final.<\/p>\n<p>Peor a\u00fan, en ocultos vestuarios reservados solo a las minor\u00edas opulentas e insensibles, se traman golpes contrarios a la necesidad de los excluidos de equilibrar en algo sus opciones de vida.<\/p>\n<p><strong>Los golpes de la contra<\/strong><\/p>\n<p>Al igual que lo sucedido en incontables ocasiones anteriores, cada vez que un gobierno act\u00faa para reducir las flagrantes injusticias o para aumentar la capacidad de soberan\u00eda de su pueblo, el poder dominante \u2013 extranjero y local &#8211; ajusta la mira para voltearlo, proscribiendo, enviando al exilio o eliminando f\u00edsicamente a sus l\u00edderes y cuadros intermedios.<\/p>\n<p>Las mismas minor\u00edas de anta\u00f1o, en alianza con los mismos colonialismos extraterritoriales, utilizan ahora en algunos pa\u00edses m\u00e9todos apenas m\u00e1s sutiles para lograr sus inhumanos fines. Cooptar las ramas judiciales o legislativas del Estado con la omnipresente colaboraci\u00f3n de los medios hegem\u00f3nicos a su servicio, siempre prestos a denostar a quien pague menos o amenace su monopolio, es hoy el libreto preferido para expulsar el virus transformador. En un papel aparentemente m\u00e1s secundario, se requiere tambi\u00e9n la fuerza bruta de generales presuntamente apegados al \u201corden constitucional\u201d que avalen la medida.<\/p>\n<p>En otros lugares, donde el \u00edmpetu revolucionario logra transformaciones m\u00e1s veloces y de ra\u00edz para modificar las condiciones sociales, la t\u00e1ctica es el aislamiento, el bloqueo,\u00a0 la condena moral y la aplicaci\u00f3n de medidas coercitivas unilaterales \u2013 llamadas en la jerga punitiva imperialista \u201csanciones\u201d-, cuyo prop\u00f3sito es impedir que estas revoluciones act\u00faen como modelos a ser replicados y al mismo tiempo, para asfixiar a sus poblaciones intentando la sublevaci\u00f3n interna contra sus gobiernos.<\/p>\n<p>De este modo, al hacerse manifiesto el clamor popular en diversos lugares de Am\u00e9rica por condiciones de vida dignas, aparecen coincidentemente, de contragolpe, virulentas reacciones de las \u00e9lites.<\/p>\n<p>El m\u00e1s reciente cap\u00edtulo de esta saga de gui\u00f3n repetido se ha producido en el Per\u00fa. En la otrora capital del virreinato y del Grupo de Lima (creado por Washington para intentar acorralar a la revoluci\u00f3n bolivariana y socavar la integraci\u00f3n regional), se violenta la victoria electoral de un maestro y sindicalista proveniente del entorno rural, con la argucia de que \u00e9ste pretend\u00eda la disoluci\u00f3n irregular del parlamento.<\/p>\n<p>La iron\u00eda hist\u00f3rica es fulminante: mientras el discurso del golpismo real, para justificar el derrocamiento de Castillo difunde la sombre del autogolpe de Alberto Fujimori de 1992, fue precisamente el bloque aliado a Keiko, su hija y sucesora, el que desde el minuto cero, neg\u00f3 su derrota electoral y coloc\u00f3 todas las trabas posible al gobierno leg\u00edtimo, intentando su destituci\u00f3n en tres oportunidades en el lapso de un a\u00f1o y medio.<\/p>\n<p>La similitud con lo ocurrido en Honduras (2009), Paraguay (2012) y Brasil (2016) con el derrocamiento de Manuel Zelaya, Fernando Lugo y Dilma Rousseff con argumentos pueriles y los mismos actores destituyentes, es abrumadora.<\/p>\n<p>Otro tanto sucede con la persecuci\u00f3n judicial, consumada la sentencia sin prueba alguna contra la vicepresidenta argentina y principal referente del espacio popular Cristina Fern\u00e1ndez de Kirchner. Muy presente en la memoria est\u00e1n los casos id\u00e9nticos del hoy electo presidente Lula da Silva, vilipendiado y encarcelado por acci\u00f3n de la prensa y de un juez y un fiscal de alquiler y del ex presidente ecuatoriano Rafael Correa, quien de no haber salido del pa\u00eds al igual que otras figuras prominentes de su gobierno, hubiera corrido la suerte de su ex vicepresidente Jorge Glas, preso durante cinco a\u00f1os para dejar expedito el camino a la re-entronizaci\u00f3n del neoliberalismo en Ecuador.<\/p>\n<p>En Brasil, una vez conocido el resultado que devuelve a Lula a la presidencia, el bolsonarismo intent\u00f3 emular nuevamente al negacionismo trumpista, con la variante barroca de ir a orar a los cuarteles para pedir intervenci\u00f3n militar.<\/p>\n<p>Tampoco descansa la subversi\u00f3n antidemocr\u00e1tica de la derecha en Bolivia. Al igual que en el proceso constituyente que culmin\u00f3 con la refundaci\u00f3n del pa\u00eds en un Estado Plurinacional o el desconocimiento de los resultados electorales que llevaron al golpe del 2019, las logias cruce\u00f1as dominantes escenificaron una nueva intentona para conmocionar al pa\u00eds, esta vez con la excusa de las fechas del censo nacional.<\/p>\n<p>Mientras tanto en Chile, luego del esquivo resultado en el plebiscito de salida que deb\u00eda ratificar el nuevo texto constitucional para dejar atr\u00e1s la herencia pinochetista, las envalentonadas derechas pretenden, como era previsible, reducir la redacci\u00f3n de una nueva constituci\u00f3n a modificaciones cosm\u00e9ticas introduciendo a sus parlamentarios como protagonistas de una nueva convenci\u00f3n mixta.<\/p>\n<p>Este panorama muestra se\u00f1ales de alarma que sin duda no pasan desapercibidas a los gobiernos progresistas de Gustavo Petro, Xiomara Castro y L\u00f3pez Obrador, gobiernos que est\u00e1n desandando de manera valiente el escabroso sendero de la pacificaci\u00f3n y el intento de mejoras sociales para sus violentadas poblaciones.<\/p>\n<p><strong>Tarjeta roja para el sistema<\/strong><\/p>\n<p>No es necesario revisar muchas veces las mismas jugadas para entender la estrategia antipopular de los sectores conservadores. La verdad hist\u00f3rica es contundente al respecto.<\/p>\n<p>La derecha pol\u00edtica, representante del poder establecido y de los intereses geopol\u00edticos de Estados Unidos en Am\u00e9rica Latina y el Caribe, no respeta ni respetar\u00e1 ninguna norma, si esta allana el camino para modificaciones del esquema capitalista de asfixia y depredaci\u00f3n.<\/p>\n<p>Lo mismo vale para el pretendido imperio, hoy desafiado por el multilateralismo emergente.<\/p>\n<p>Tal como se ha expresado ya en m\u00faltiples ocasiones, es ingenuo pensar en la viabilidad de un sistema pol\u00edtico democr\u00e1tico y soberano, un gobierno del demos, en el marco de un sistema econ\u00f3mico plutocr\u00e1tico cada vez m\u00e1s concentrado y transnacional.<\/p>\n<p>Del mismo modo, es un absurdo creer que el debate social pueda ser amplio y los habitantes contar con toda la informaci\u00f3n necesaria para optar libremente, al ser los medios propiedad de unos pocos conglomerados y estar el espacio digital intervenido por corporaciones al servicio del statu quo.<\/p>\n<p>Analizado con mayor profundidad, no es solo la incidencia de los inescrupulosos mercaderes lo que sostiene al sistema, sino tambi\u00e9n la inercia de valores y esquemas anquilosados en la interioridad humana, lo que impide la irrupci\u00f3n de un nuevo mundo, de todos y para todos.<\/p>\n<p>El sistema muestra hoy a todas luces su fracaso, dejando a la intemperie a la mayor parte de la humanidad. Las frases huecas y el discurso hip\u00f3crita convencional tienden a ser reemplazados en la actualidad por los alaridos regresivos de la ultraderecha que despunta como una nueva maniobra gatopardista del capital. Lo que queda expuesto, es el deterioro irreversible de la democracia formal, se\u00f1alando la profundizaci\u00f3n hacia una democracia real multidimensional como una necesaria luz en el horizonte pol\u00edtico. Es preciso que el pueblo recupere, como en otras ocasiones de la historia, la soberan\u00eda arrebatada.<\/p>\n<p>Tal como aconsejan los sabios de este deporte que el imperialismo ingl\u00e9s implant\u00f3 en Latinoam\u00e9rica para que los obreros de sus frigor\u00edficos, ferrocarriles, minas y haciendas tuvieran alg\u00fan esparcimiento, los pueblos debemos tomar nuevamente el control de la pelota.<\/p>\n","protected":false},"excerpt":{"rendered":"<p>Mientras millones de miradas \u2013incluida la de este cronista- devoran las coloridas incidencias del circo montado por la monarqu\u00eda din\u00e1stica catar\u00ed en connivencia con la FIFA, otros eventos, acaso mucho m\u00e1s relevantes para la vida de los pueblos, contin\u00faan sucediendo&hellip;<\/p>\n","protected":false},"author":970,"featured_media":1698995,"comment_status":"closed","ping_status":"closed","sticky":false,"template":"","format":"standard","meta":{"footnotes":""},"categories":[69,11389,68,74,67],"tags":[],"class_list":["post-1698994","post","type-post","status-publish","format-standard","has-post-thumbnail","hentry","category-america-central","category-contenido-original","category-norteamerica","category-politica-es","category-sudamerica"],"yoast_head":"<!-- This site is optimized with the Yoast SEO plugin v27.1.1 - https:\/\/yoast.com\/product\/yoast-seo-wordpress\/ -->\n<title>De contragolpe: Recrudece la subversi\u00f3n antidemocr\u00e1tica de la derecha en Am\u00e9rica Latina<\/title>\n<meta name=\"description\" content=\"Mientras millones de miradas \u2013incluida la de este cronista- devoran las coloridas incidencias del circo montado por la monarqu\u00eda din\u00e1stica catar\u00ed en\" \/>\n<meta name=\"robots\" content=\"index, follow, max-snippet:-1, max-image-preview:large, max-video-preview:-1\" \/>\n<link rel=\"canonical\" href=\"https:\/\/www.pressenza.com\/es\/2022\/12\/de-contragolpe-recrudece-la-subversion-antidemocratica-de-la-derecha-en-america-latina\/\" \/>\n<meta property=\"og:locale\" content=\"es_ES\" \/>\n<meta property=\"og:type\" content=\"article\" \/>\n<meta property=\"og:title\" content=\"De contragolpe: Recrudece la subversi\u00f3n antidemocr\u00e1tica de la derecha en Am\u00e9rica Latina\" \/>\n<meta property=\"og:description\" content=\"Mientras millones de miradas \u2013incluida la de este cronista- devoran las coloridas incidencias del circo montado por la monarqu\u00eda din\u00e1stica catar\u00ed en\" \/>\n<meta property=\"og:url\" content=\"https:\/\/www.pressenza.com\/es\/2022\/12\/de-contragolpe-recrudece-la-subversion-antidemocratica-de-la-derecha-en-america-latina\/\" \/>\n<meta property=\"og:site_name\" content=\"Pressenza\" \/>\n<meta property=\"article:publisher\" content=\"https:\/\/www.facebook.com\/PressenzaItalia\" \/>\n<meta property=\"article:author\" content=\"https:\/\/www.facebook.com\/javier.tolcachier?fref=ts\" \/>\n<meta property=\"article:published_time\" content=\"2022-12-11T14:59:59+00:00\" \/>\n<meta property=\"og:image\" content=\"https:\/\/www.pressenza.com\/wp-content\/uploads\/2022\/12\/Golpes.jpg\" \/>\n\t<meta property=\"og:image:width\" content=\"1024\" \/>\n\t<meta property=\"og:image:height\" content=\"768\" \/>\n\t<meta property=\"og:image:type\" content=\"image\/jpeg\" \/>\n<meta name=\"author\" content=\"Javier Tolcachier\" \/>\n<meta name=\"twitter:card\" content=\"summary_large_image\" \/>\n<meta name=\"twitter:creator\" content=\"@jtolcachier\" \/>\n<meta name=\"twitter:site\" content=\"@PressenzaIPA\" \/>\n<meta name=\"twitter:label1\" content=\"Escrito por\" \/>\n\t<meta name=\"twitter:data1\" content=\"Javier Tolcachier\" \/>\n\t<meta name=\"twitter:label2\" content=\"Tiempo de lectura\" \/>\n\t<meta name=\"twitter:data2\" content=\"6 minutos\" \/>\n<script type=\"application\/ld+json\" class=\"yoast-schema-graph\">{\"@context\":\"https:\/\/schema.org\",\"@graph\":[{\"@type\":\"Article\",\"@id\":\"https:\/\/www.pressenza.com\/es\/2022\/12\/de-contragolpe-recrudece-la-subversion-antidemocratica-de-la-derecha-en-america-latina\/#article\",\"isPartOf\":{\"@id\":\"https:\/\/www.pressenza.com\/es\/2022\/12\/de-contragolpe-recrudece-la-subversion-antidemocratica-de-la-derecha-en-america-latina\/\"},\"author\":{\"name\":\"Javier Tolcachier\",\"@id\":\"https:\/\/www.pressenza.com\/es\/#\/schema\/person\/f353f6d4eed144101dedba60e6227564\"},\"headline\":\"De contragolpe: Recrudece la subversi\u00f3n antidemocr\u00e1tica de la derecha en Am\u00e9rica Latina\",\"datePublished\":\"2022-12-11T14:59:59+00:00\",\"mainEntityOfPage\":{\"@id\":\"https:\/\/www.pressenza.com\/es\/2022\/12\/de-contragolpe-recrudece-la-subversion-antidemocratica-de-la-derecha-en-america-latina\/\"},\"wordCount\":1315,\"publisher\":{\"@id\":\"https:\/\/www.pressenza.com\/es\/#organization\"},\"image\":{\"@id\":\"https:\/\/www.pressenza.com\/es\/2022\/12\/de-contragolpe-recrudece-la-subversion-antidemocratica-de-la-derecha-en-america-latina\/#primaryimage\"},\"thumbnailUrl\":\"https:\/\/www.pressenza.com\/wp-content\/uploads\/2022\/12\/Golpes.jpg\",\"articleSection\":[\"Am\u00e9rica Central\",\"Contenido Original\",\"Norteam\u00e9rica\",\"Pol\u00edtica\",\"Sudam\u00e9rica\"],\"inLanguage\":\"es\"},{\"@type\":\"WebPage\",\"@id\":\"https:\/\/www.pressenza.com\/es\/2022\/12\/de-contragolpe-recrudece-la-subversion-antidemocratica-de-la-derecha-en-america-latina\/\",\"url\":\"https:\/\/www.pressenza.com\/es\/2022\/12\/de-contragolpe-recrudece-la-subversion-antidemocratica-de-la-derecha-en-america-latina\/\",\"name\":\"De contragolpe: Recrudece la subversi\u00f3n antidemocr\u00e1tica de la derecha en Am\u00e9rica Latina\",\"isPartOf\":{\"@id\":\"https:\/\/www.pressenza.com\/es\/#website\"},\"primaryImageOfPage\":{\"@id\":\"https:\/\/www.pressenza.com\/es\/2022\/12\/de-contragolpe-recrudece-la-subversion-antidemocratica-de-la-derecha-en-america-latina\/#primaryimage\"},\"image\":{\"@id\":\"https:\/\/www.pressenza.com\/es\/2022\/12\/de-contragolpe-recrudece-la-subversion-antidemocratica-de-la-derecha-en-america-latina\/#primaryimage\"},\"thumbnailUrl\":\"https:\/\/www.pressenza.com\/wp-content\/uploads\/2022\/12\/Golpes.jpg\",\"datePublished\":\"2022-12-11T14:59:59+00:00\",\"description\":\"Mientras millones de miradas \u2013incluida la de este cronista- devoran las coloridas incidencias del circo montado por la monarqu\u00eda din\u00e1stica catar\u00ed en\",\"breadcrumb\":{\"@id\":\"https:\/\/www.pressenza.com\/es\/2022\/12\/de-contragolpe-recrudece-la-subversion-antidemocratica-de-la-derecha-en-america-latina\/#breadcrumb\"},\"inLanguage\":\"es\",\"potentialAction\":[{\"@type\":\"ReadAction\",\"target\":[\"https:\/\/www.pressenza.com\/es\/2022\/12\/de-contragolpe-recrudece-la-subversion-antidemocratica-de-la-derecha-en-america-latina\/\"]}]},{\"@type\":\"ImageObject\",\"inLanguage\":\"es\",\"@id\":\"https:\/\/www.pressenza.com\/es\/2022\/12\/de-contragolpe-recrudece-la-subversion-antidemocratica-de-la-derecha-en-america-latina\/#primaryimage\",\"url\":\"https:\/\/www.pressenza.com\/wp-content\/uploads\/2022\/12\/Golpes.jpg\",\"contentUrl\":\"https:\/\/www.pressenza.com\/wp-content\/uploads\/2022\/12\/Golpes.jpg\",\"width\":1024,\"height\":768},{\"@type\":\"BreadcrumbList\",\"@id\":\"https:\/\/www.pressenza.com\/es\/2022\/12\/de-contragolpe-recrudece-la-subversion-antidemocratica-de-la-derecha-en-america-latina\/#breadcrumb\",\"itemListElement\":[{\"@type\":\"ListItem\",\"position\":1,\"name\":\"Accueil\",\"item\":\"https:\/\/www.pressenza.com\/es\/\"},{\"@type\":\"ListItem\",\"position\":2,\"name\":\"De contragolpe: Recrudece la subversi\u00f3n antidemocr\u00e1tica de la derecha en Am\u00e9rica Latina\"}]},{\"@type\":\"WebSite\",\"@id\":\"https:\/\/www.pressenza.com\/es\/#website\",\"url\":\"https:\/\/www.pressenza.com\/es\/\",\"name\":\"Pressenza\",\"description\":\"International Press Agency\",\"publisher\":{\"@id\":\"https:\/\/www.pressenza.com\/es\/#organization\"},\"potentialAction\":[{\"@type\":\"SearchAction\",\"target\":{\"@type\":\"EntryPoint\",\"urlTemplate\":\"https:\/\/www.pressenza.com\/es\/?s={search_term_string}\"},\"query-input\":{\"@type\":\"PropertyValueSpecification\",\"valueRequired\":true,\"valueName\":\"search_term_string\"}}],\"inLanguage\":\"es\"},{\"@type\":\"Organization\",\"@id\":\"https:\/\/www.pressenza.com\/es\/#organization\",\"name\":\"Pressenza\",\"url\":\"https:\/\/www.pressenza.com\/es\/\",\"logo\":{\"@type\":\"ImageObject\",\"inLanguage\":\"es\",\"@id\":\"https:\/\/www.pressenza.com\/es\/#\/schema\/logo\/image\/\",\"url\":\"https:\/\/www.pressenza.com\/wp-content\/uploads\/2022\/10\/pressenza_logo_200x200.jpg\",\"contentUrl\":\"https:\/\/www.pressenza.com\/wp-content\/uploads\/2022\/10\/pressenza_logo_200x200.jpg\",\"width\":200,\"height\":200,\"caption\":\"Pressenza\"},\"image\":{\"@id\":\"https:\/\/www.pressenza.com\/es\/#\/schema\/logo\/image\/\"},\"sameAs\":[\"https:\/\/www.facebook.com\/PressenzaItalia\",\"https:\/\/x.com\/PressenzaIPA\"]},{\"@type\":\"Person\",\"@id\":\"https:\/\/www.pressenza.com\/es\/#\/schema\/person\/f353f6d4eed144101dedba60e6227564\",\"name\":\"Javier Tolcachier\",\"description\":\"Javier Tolcachier is a researcher from the World Centre of Humanist Studies, an organism of the Humanist Movement. Mail: javiertolcachier@disroot.org Twitter: @jtolcachier\",\"sameAs\":[\"https:\/\/www.facebook.com\/javier.tolcachier?fref=ts\",\"https:\/\/x.com\/jtolcachier\"],\"url\":\"https:\/\/www.pressenza.com\/es\/author\/javier-tolcachier\/\"}]}<\/script>\n<!-- \/ Yoast SEO plugin. -->","yoast_head_json":{"title":"De contragolpe: Recrudece la subversi\u00f3n antidemocr\u00e1tica de la derecha en Am\u00e9rica Latina","description":"Mientras millones de miradas \u2013incluida la de este cronista- devoran las coloridas incidencias del circo montado por la monarqu\u00eda din\u00e1stica catar\u00ed en","robots":{"index":"index","follow":"follow","max-snippet":"max-snippet:-1","max-image-preview":"max-image-preview:large","max-video-preview":"max-video-preview:-1"},"canonical":"https:\/\/www.pressenza.com\/es\/2022\/12\/de-contragolpe-recrudece-la-subversion-antidemocratica-de-la-derecha-en-america-latina\/","og_locale":"es_ES","og_type":"article","og_title":"De contragolpe: Recrudece la subversi\u00f3n antidemocr\u00e1tica de la derecha en Am\u00e9rica Latina","og_description":"Mientras millones de miradas \u2013incluida la de este cronista- devoran las coloridas incidencias del circo montado por la monarqu\u00eda din\u00e1stica catar\u00ed en","og_url":"https:\/\/www.pressenza.com\/es\/2022\/12\/de-contragolpe-recrudece-la-subversion-antidemocratica-de-la-derecha-en-america-latina\/","og_site_name":"Pressenza","article_publisher":"https:\/\/www.facebook.com\/PressenzaItalia","article_author":"https:\/\/www.facebook.com\/javier.tolcachier?fref=ts","article_published_time":"2022-12-11T14:59:59+00:00","og_image":[{"width":1024,"height":768,"url":"https:\/\/www.pressenza.com\/wp-content\/uploads\/2022\/12\/Golpes.jpg","type":"image\/jpeg"}],"author":"Javier Tolcachier","twitter_card":"summary_large_image","twitter_creator":"@jtolcachier","twitter_site":"@PressenzaIPA","twitter_misc":{"Escrito por":"Javier Tolcachier","Tiempo de lectura":"6 minutos"},"schema":{"@context":"https:\/\/schema.org","@graph":[{"@type":"Article","@id":"https:\/\/www.pressenza.com\/es\/2022\/12\/de-contragolpe-recrudece-la-subversion-antidemocratica-de-la-derecha-en-america-latina\/#article","isPartOf":{"@id":"https:\/\/www.pressenza.com\/es\/2022\/12\/de-contragolpe-recrudece-la-subversion-antidemocratica-de-la-derecha-en-america-latina\/"},"author":{"name":"Javier Tolcachier","@id":"https:\/\/www.pressenza.com\/es\/#\/schema\/person\/f353f6d4eed144101dedba60e6227564"},"headline":"De contragolpe: Recrudece la subversi\u00f3n antidemocr\u00e1tica de la derecha en Am\u00e9rica Latina","datePublished":"2022-12-11T14:59:59+00:00","mainEntityOfPage":{"@id":"https:\/\/www.pressenza.com\/es\/2022\/12\/de-contragolpe-recrudece-la-subversion-antidemocratica-de-la-derecha-en-america-latina\/"},"wordCount":1315,"publisher":{"@id":"https:\/\/www.pressenza.com\/es\/#organization"},"image":{"@id":"https:\/\/www.pressenza.com\/es\/2022\/12\/de-contragolpe-recrudece-la-subversion-antidemocratica-de-la-derecha-en-america-latina\/#primaryimage"},"thumbnailUrl":"https:\/\/www.pressenza.com\/wp-content\/uploads\/2022\/12\/Golpes.jpg","articleSection":["Am\u00e9rica Central","Contenido Original","Norteam\u00e9rica","Pol\u00edtica","Sudam\u00e9rica"],"inLanguage":"es"},{"@type":"WebPage","@id":"https:\/\/www.pressenza.com\/es\/2022\/12\/de-contragolpe-recrudece-la-subversion-antidemocratica-de-la-derecha-en-america-latina\/","url":"https:\/\/www.pressenza.com\/es\/2022\/12\/de-contragolpe-recrudece-la-subversion-antidemocratica-de-la-derecha-en-america-latina\/","name":"De contragolpe: Recrudece la subversi\u00f3n antidemocr\u00e1tica de la derecha en Am\u00e9rica Latina","isPartOf":{"@id":"https:\/\/www.pressenza.com\/es\/#website"},"primaryImageOfPage":{"@id":"https:\/\/www.pressenza.com\/es\/2022\/12\/de-contragolpe-recrudece-la-subversion-antidemocratica-de-la-derecha-en-america-latina\/#primaryimage"},"image":{"@id":"https:\/\/www.pressenza.com\/es\/2022\/12\/de-contragolpe-recrudece-la-subversion-antidemocratica-de-la-derecha-en-america-latina\/#primaryimage"},"thumbnailUrl":"https:\/\/www.pressenza.com\/wp-content\/uploads\/2022\/12\/Golpes.jpg","datePublished":"2022-12-11T14:59:59+00:00","description":"Mientras millones de miradas \u2013incluida la de este cronista- devoran las coloridas incidencias del circo montado por la monarqu\u00eda din\u00e1stica catar\u00ed en","breadcrumb":{"@id":"https:\/\/www.pressenza.com\/es\/2022\/12\/de-contragolpe-recrudece-la-subversion-antidemocratica-de-la-derecha-en-america-latina\/#breadcrumb"},"inLanguage":"es","potentialAction":[{"@type":"ReadAction","target":["https:\/\/www.pressenza.com\/es\/2022\/12\/de-contragolpe-recrudece-la-subversion-antidemocratica-de-la-derecha-en-america-latina\/"]}]},{"@type":"ImageObject","inLanguage":"es","@id":"https:\/\/www.pressenza.com\/es\/2022\/12\/de-contragolpe-recrudece-la-subversion-antidemocratica-de-la-derecha-en-america-latina\/#primaryimage","url":"https:\/\/www.pressenza.com\/wp-content\/uploads\/2022\/12\/Golpes.jpg","contentUrl":"https:\/\/www.pressenza.com\/wp-content\/uploads\/2022\/12\/Golpes.jpg","width":1024,"height":768},{"@type":"BreadcrumbList","@id":"https:\/\/www.pressenza.com\/es\/2022\/12\/de-contragolpe-recrudece-la-subversion-antidemocratica-de-la-derecha-en-america-latina\/#breadcrumb","itemListElement":[{"@type":"ListItem","position":1,"name":"Accueil","item":"https:\/\/www.pressenza.com\/es\/"},{"@type":"ListItem","position":2,"name":"De contragolpe: Recrudece la subversi\u00f3n antidemocr\u00e1tica de la derecha en Am\u00e9rica Latina"}]},{"@type":"WebSite","@id":"https:\/\/www.pressenza.com\/es\/#website","url":"https:\/\/www.pressenza.com\/es\/","name":"Pressenza","description":"International Press Agency","publisher":{"@id":"https:\/\/www.pressenza.com\/es\/#organization"},"potentialAction":[{"@type":"SearchAction","target":{"@type":"EntryPoint","urlTemplate":"https:\/\/www.pressenza.com\/es\/?s={search_term_string}"},"query-input":{"@type":"PropertyValueSpecification","valueRequired":true,"valueName":"search_term_string"}}],"inLanguage":"es"},{"@type":"Organization","@id":"https:\/\/www.pressenza.com\/es\/#organization","name":"Pressenza","url":"https:\/\/www.pressenza.com\/es\/","logo":{"@type":"ImageObject","inLanguage":"es","@id":"https:\/\/www.pressenza.com\/es\/#\/schema\/logo\/image\/","url":"https:\/\/www.pressenza.com\/wp-content\/uploads\/2022\/10\/pressenza_logo_200x200.jpg","contentUrl":"https:\/\/www.pressenza.com\/wp-content\/uploads\/2022\/10\/pressenza_logo_200x200.jpg","width":200,"height":200,"caption":"Pressenza"},"image":{"@id":"https:\/\/www.pressenza.com\/es\/#\/schema\/logo\/image\/"},"sameAs":["https:\/\/www.facebook.com\/PressenzaItalia","https:\/\/x.com\/PressenzaIPA"]},{"@type":"Person","@id":"https:\/\/www.pressenza.com\/es\/#\/schema\/person\/f353f6d4eed144101dedba60e6227564","name":"Javier Tolcachier","description":"Javier Tolcachier is a researcher from the World Centre of Humanist Studies, an organism of the Humanist Movement. Mail: javiertolcachier@disroot.org Twitter: @jtolcachier","sameAs":["https:\/\/www.facebook.com\/javier.tolcachier?fref=ts","https:\/\/x.com\/jtolcachier"],"url":"https:\/\/www.pressenza.com\/es\/author\/javier-tolcachier\/"}]}},"place":"","original_article_url":"","_links":{"self":[{"href":"https:\/\/www.pressenza.com\/es\/wp-json\/wp\/v2\/posts\/1698994","targetHints":{"allow":["GET"]}}],"collection":[{"href":"https:\/\/www.pressenza.com\/es\/wp-json\/wp\/v2\/posts"}],"about":[{"href":"https:\/\/www.pressenza.com\/es\/wp-json\/wp\/v2\/types\/post"}],"author":[{"embeddable":true,"href":"https:\/\/www.pressenza.com\/es\/wp-json\/wp\/v2\/users\/970"}],"replies":[{"embeddable":true,"href":"https:\/\/www.pressenza.com\/es\/wp-json\/wp\/v2\/comments?post=1698994"}],"version-history":[{"count":0,"href":"https:\/\/www.pressenza.com\/es\/wp-json\/wp\/v2\/posts\/1698994\/revisions"}],"wp:featuredmedia":[{"embeddable":true,"href":"https:\/\/www.pressenza.com\/es\/wp-json\/wp\/v2\/media\/1698995"}],"wp:attachment":[{"href":"https:\/\/www.pressenza.com\/es\/wp-json\/wp\/v2\/media?parent=1698994"}],"wp:term":[{"taxonomy":"category","embeddable":true,"href":"https:\/\/www.pressenza.com\/es\/wp-json\/wp\/v2\/categories?post=1698994"},{"taxonomy":"post_tag","embeddable":true,"href":"https:\/\/www.pressenza.com\/es\/wp-json\/wp\/v2\/tags?post=1698994"}],"curies":[{"name":"wp","href":"https:\/\/api.w.org\/{rel}","templated":true}]}}