{"id":1698089,"date":"2022-12-06T23:14:09","date_gmt":"2022-12-06T23:14:09","guid":{"rendered":"https:\/\/www.pressenza.com\/?p=1698089"},"modified":"2022-12-06T23:20:01","modified_gmt":"2022-12-06T23:20:01","slug":"cristina-fernandez-mafia-judicial-y-estado-paralelo-eso-es-lo-que-funciona-hoy-en-la-argentina","status":"publish","type":"post","link":"https:\/\/www.pressenza.com\/es\/2022\/12\/cristina-fernandez-mafia-judicial-y-estado-paralelo-eso-es-lo-que-funciona-hoy-en-la-argentina\/","title":{"rendered":"Cristina Fern\u00e1ndez: \u00abMafia judicial y Estado paralelo. Eso es lo que funciona hoy en la Argentina\u00bb"},"content":{"rendered":"<p>En una elocuente y extensa comunicaci\u00f3n, la vicepresidenta de la Naci\u00f3n Argentina Cristina Fern\u00e1ndez de Kirchner se refiri\u00f3 al marco estructural en el que se produce una sentencia en su contra en la \u00abcausa Vialidad\u00bb, conden\u00e1ndola a seis a\u00f1os de c\u00e1rcel e inhabilitaci\u00f3n perpetua para ejercer cargos p\u00fablicos.<\/p>\n<p>Detall\u00f3 en sus explicaciones las relaciones conspirativas existentes entre el poder judicial y el poder medi\u00e1tico &#8211; sobre todo del Grupo Clar\u00edn &#8211; cuyo objetivo es proscribirla del terreno pol\u00edtico. Me quieren muerta o encarcelada, se\u00f1al\u00f3, aludiendo al reciente intento de magnicidio en su contra.<\/p>\n<p>\u00abEl poder econ\u00f3mico y medi\u00e1tico controla en una suerte de Estado paralelo y coarta. Es un sistema disciplinador de la dirigencia pol\u00edtica argentina. No a los que piensan como ellos, los de Juntos por el Cambio. Hablo de nosotros, del peronismo, de los que tenemos un compromiso con los derechos de la gente. Me condenan porque condenan un modelo econ\u00f3mico. La condena real que dan es la inhabilitaci\u00f3n perpetua a acceder a cargos p\u00fablicos\u00bb, afirm\u00f3 la Vicepresidenta.<\/p>\n<p>A modo de ejemplo del funcionamiento de este entramado mafioso, ley\u00f3 en vivo una serie de chats en el que participan jueces federales, funcionarios del gobierno (opositor) de la Ciudad de Buenos Aires, el CEO de Clar\u00edn y el sobrino de su principal accionista, H\u00e9ctor Magnetto, en el que se intenta ocultar, violando m\u00faltiples leyes, un viaje conjunto pago que llevaron a cabo a la estancia del magnate brit\u00e1nico Joe Lewis &#8211; muy cercano a Mauricio Macri &#8211; en Lago Escondido, en el Sur del pa\u00eds.<\/p>\n<p>Fern\u00e1ndez devel\u00f3 las severas irregularidades y la corrupci\u00f3n en las que se encuentra sumido el poder judicial, cuyos jueces apegados a la Constituci\u00f3n, indic\u00f3, \u00abson una especie en extinci\u00f3n\u00bb. Sin eufemismo alguno, la dos veces presidenta de Argentina, incluy\u00f3 en su fundada indignaci\u00f3n la situaci\u00f3n del m\u00e1ximo escal\u00f3n judicial, la Corte Suprema de Justicia, comandada por Horacio Rossatti (puesto \u00aba dedo\u00bb por Macri y\u00a0 tambi\u00e9n autoelegido presidente de la misma y del Consejo de la Magistratura).<\/p>\n<p>La motivaci\u00f3n de la causa y la sentencia en su contra, antecedida por otras por las que fuera ya sobreseida, tiene su ra\u00edz evidente, adem\u00e1s de la resistencia durante sus mandatos a ser \u00abuna mascota del poder\u00bb, como lo se\u00f1al\u00f3 con contundencia, en la estrategia de persecuci\u00f3n pol\u00edtica por v\u00eda judicial a liderazgos populares progresistas en la regi\u00f3n, como en los casos del ahora presidente electo de Brasil Lula da Silva o Rafael Correa en Ecuador.<\/p>\n<p>El fallo ser\u00e1 apelado, pero lo fundamental ser\u00e1 el repudio masivo y la movilizaci\u00f3n de una gran parte del pueblo argentino -estafado en su buena fe por los poderes concentrados y sus lacayos judiciales y medi\u00e1ticos. Es tiempo de profundizar de una buena vez en la posibilidad de que las condiciones de vida de cada ser humano mejoren, en el marco de una democracia real y una mayor autodeterminaci\u00f3n.<\/p>\n<p>A continuaci\u00f3n, la alocuci\u00f3n \u00edntegra de la Vicepresidenta argentina.<\/p>\n<p><iframe loading=\"lazy\" title=\"YouTube video player\" src=\"https:\/\/www.youtube.com\/embed\/0u0Vzt7cKTs\" width=\"560\" height=\"315\" frameborder=\"0\" allowfullscreen=\"allowfullscreen\"><\/iframe><\/p>\n","protected":false},"excerpt":{"rendered":"<p>En una elocuente y extensa comunicaci\u00f3n, la vicepresidenta de la Naci\u00f3n Argentina Cristina Fern\u00e1ndez de Kirchner se refiri\u00f3 al marco estructural en el que se produce una sentencia en su contra en la \u00abcausa Vialidad\u00bb, conden\u00e1ndola a seis a\u00f1os de&hellip;<\/p>\n","protected":false},"author":87,"featured_media":1698094,"comment_status":"closed","ping_status":"closed","sticky":false,"template":"","format":"standard","meta":{"footnotes":""},"categories":[11389,74,67,25678],"tags":[1146,1787,43171,108230,108229],"class_list":["post-1698089","post","type-post","status-publish","format-standard","has-post-thumbnail","hentry","category-contenido-original","category-politica-es","category-sudamerica","category-video-es","tag-cristina-fernandez-de-kirchner","tag-grupo-clarin","tag-lawfare","tag-mafia-judicial","tag-paraestado"],"yoast_head":"<!-- This site is optimized with the Yoast SEO plugin v27.1.1 - https:\/\/yoast.com\/product\/yoast-seo-wordpress\/ -->\n<title>Cristina Fern\u00e1ndez: &quot;Mafia judicial y Estado paralelo. Eso es lo que funciona hoy en la Argentina&quot;<\/title>\n<meta name=\"description\" content=\"En una elocuente y extensa comunicaci\u00f3n, la vicepresidenta de la Naci\u00f3n Argentina Cristina Fern\u00e1ndez de Kirchner se refiri\u00f3 al marco estructural en el que\" \/>\n<meta name=\"robots\" content=\"index, follow, max-snippet:-1, max-image-preview:large, max-video-preview:-1\" \/>\n<link rel=\"canonical\" href=\"https:\/\/www.pressenza.com\/es\/2022\/12\/cristina-fernandez-mafia-judicial-y-estado-paralelo-eso-es-lo-que-funciona-hoy-en-la-argentina\/\" \/>\n<meta property=\"og:locale\" content=\"es_ES\" \/>\n<meta property=\"og:type\" content=\"article\" \/>\n<meta property=\"og:title\" content=\"Cristina Fern\u00e1ndez: &quot;Mafia judicial y Estado paralelo. Eso es lo que funciona hoy en la Argentina&quot;\" \/>\n<meta property=\"og:description\" content=\"En una elocuente y extensa comunicaci\u00f3n, la vicepresidenta de la Naci\u00f3n Argentina Cristina Fern\u00e1ndez de Kirchner se refiri\u00f3 al marco estructural en el que\" \/>\n<meta property=\"og:url\" content=\"https:\/\/www.pressenza.com\/es\/2022\/12\/cristina-fernandez-mafia-judicial-y-estado-paralelo-eso-es-lo-que-funciona-hoy-en-la-argentina\/\" \/>\n<meta property=\"og:site_name\" content=\"Pressenza\" \/>\n<meta property=\"article:publisher\" content=\"https:\/\/www.facebook.com\/PressenzaItalia\" \/>\n<meta property=\"article:published_time\" content=\"2022-12-06T23:14:09+00:00\" \/>\n<meta property=\"article:modified_time\" content=\"2022-12-06T23:20:01+00:00\" \/>\n<meta property=\"og:image\" content=\"https:\/\/www.pressenza.com\/wp-content\/uploads\/2022\/12\/cfk.png\" \/>\n\t<meta property=\"og:image:width\" content=\"873\" \/>\n\t<meta property=\"og:image:height\" content=\"421\" \/>\n\t<meta property=\"og:image:type\" content=\"image\/png\" \/>\n<meta name=\"author\" content=\"Redacci\u00f3n Argentina\" \/>\n<meta name=\"twitter:card\" content=\"summary_large_image\" \/>\n<meta name=\"twitter:creator\" content=\"@pressenza\" \/>\n<meta name=\"twitter:site\" content=\"@PressenzaIPA\" \/>\n<meta name=\"twitter:label1\" content=\"Escrito por\" \/>\n\t<meta name=\"twitter:data1\" content=\"Redacci\u00f3n Argentina\" \/>\n\t<meta name=\"twitter:label2\" content=\"Tiempo de lectura\" \/>\n\t<meta name=\"twitter:data2\" content=\"3 minutos\" \/>\n<script type=\"application\/ld+json\" class=\"yoast-schema-graph\">{\"@context\":\"https:\/\/schema.org\",\"@graph\":[{\"@type\":\"Article\",\"@id\":\"https:\/\/www.pressenza.com\/es\/2022\/12\/cristina-fernandez-mafia-judicial-y-estado-paralelo-eso-es-lo-que-funciona-hoy-en-la-argentina\/#article\",\"isPartOf\":{\"@id\":\"https:\/\/www.pressenza.com\/es\/2022\/12\/cristina-fernandez-mafia-judicial-y-estado-paralelo-eso-es-lo-que-funciona-hoy-en-la-argentina\/\"},\"author\":{\"name\":\"Redacci\u00f3n Argentina\",\"@id\":\"https:\/\/www.pressenza.com\/es\/#\/schema\/person\/0dda7d1b68267ad95b1e1d83abc98c89\"},\"headline\":\"Cristina Fern\u00e1ndez: \u00abMafia judicial y Estado paralelo. Eso es lo que funciona hoy en la Argentina\u00bb\",\"datePublished\":\"2022-12-06T23:14:09+00:00\",\"dateModified\":\"2022-12-06T23:20:01+00:00\",\"mainEntityOfPage\":{\"@id\":\"https:\/\/www.pressenza.com\/es\/2022\/12\/cristina-fernandez-mafia-judicial-y-estado-paralelo-eso-es-lo-que-funciona-hoy-en-la-argentina\/\"},\"wordCount\":548,\"publisher\":{\"@id\":\"https:\/\/www.pressenza.com\/es\/#organization\"},\"image\":{\"@id\":\"https:\/\/www.pressenza.com\/es\/2022\/12\/cristina-fernandez-mafia-judicial-y-estado-paralelo-eso-es-lo-que-funciona-hoy-en-la-argentina\/#primaryimage\"},\"thumbnailUrl\":\"https:\/\/www.pressenza.com\/wp-content\/uploads\/2022\/12\/cfk.png\",\"keywords\":[\"Cristina Fernandez de Kirchner\",\"Grupo Clarin\",\"Lawfare\",\"mafia judicial\",\"paraestado\"],\"articleSection\":[\"Contenido Original\",\"Pol\u00edtica\",\"Sudam\u00e9rica\",\"Video\"],\"inLanguage\":\"es\"},{\"@type\":\"WebPage\",\"@id\":\"https:\/\/www.pressenza.com\/es\/2022\/12\/cristina-fernandez-mafia-judicial-y-estado-paralelo-eso-es-lo-que-funciona-hoy-en-la-argentina\/\",\"url\":\"https:\/\/www.pressenza.com\/es\/2022\/12\/cristina-fernandez-mafia-judicial-y-estado-paralelo-eso-es-lo-que-funciona-hoy-en-la-argentina\/\",\"name\":\"Cristina Fern\u00e1ndez: \\\"Mafia judicial y Estado paralelo. Eso es lo que funciona hoy en la Argentina\\\"\",\"isPartOf\":{\"@id\":\"https:\/\/www.pressenza.com\/es\/#website\"},\"primaryImageOfPage\":{\"@id\":\"https:\/\/www.pressenza.com\/es\/2022\/12\/cristina-fernandez-mafia-judicial-y-estado-paralelo-eso-es-lo-que-funciona-hoy-en-la-argentina\/#primaryimage\"},\"image\":{\"@id\":\"https:\/\/www.pressenza.com\/es\/2022\/12\/cristina-fernandez-mafia-judicial-y-estado-paralelo-eso-es-lo-que-funciona-hoy-en-la-argentina\/#primaryimage\"},\"thumbnailUrl\":\"https:\/\/www.pressenza.com\/wp-content\/uploads\/2022\/12\/cfk.png\",\"datePublished\":\"2022-12-06T23:14:09+00:00\",\"dateModified\":\"2022-12-06T23:20:01+00:00\",\"description\":\"En una elocuente y extensa comunicaci\u00f3n, la vicepresidenta de la Naci\u00f3n Argentina Cristina Fern\u00e1ndez de Kirchner se refiri\u00f3 al marco estructural en el que\",\"breadcrumb\":{\"@id\":\"https:\/\/www.pressenza.com\/es\/2022\/12\/cristina-fernandez-mafia-judicial-y-estado-paralelo-eso-es-lo-que-funciona-hoy-en-la-argentina\/#breadcrumb\"},\"inLanguage\":\"es\",\"potentialAction\":[{\"@type\":\"ReadAction\",\"target\":[\"https:\/\/www.pressenza.com\/es\/2022\/12\/cristina-fernandez-mafia-judicial-y-estado-paralelo-eso-es-lo-que-funciona-hoy-en-la-argentina\/\"]}]},{\"@type\":\"ImageObject\",\"inLanguage\":\"es\",\"@id\":\"https:\/\/www.pressenza.com\/es\/2022\/12\/cristina-fernandez-mafia-judicial-y-estado-paralelo-eso-es-lo-que-funciona-hoy-en-la-argentina\/#primaryimage\",\"url\":\"https:\/\/www.pressenza.com\/wp-content\/uploads\/2022\/12\/cfk.png\",\"contentUrl\":\"https:\/\/www.pressenza.com\/wp-content\/uploads\/2022\/12\/cfk.png\",\"width\":873,\"height\":421},{\"@type\":\"BreadcrumbList\",\"@id\":\"https:\/\/www.pressenza.com\/es\/2022\/12\/cristina-fernandez-mafia-judicial-y-estado-paralelo-eso-es-lo-que-funciona-hoy-en-la-argentina\/#breadcrumb\",\"itemListElement\":[{\"@type\":\"ListItem\",\"position\":1,\"name\":\"Accueil\",\"item\":\"https:\/\/www.pressenza.com\/es\/\"},{\"@type\":\"ListItem\",\"position\":2,\"name\":\"Cristina Fern\u00e1ndez: \u00abMafia judicial y Estado paralelo. Eso es lo que funciona hoy en la Argentina\u00bb\"}]},{\"@type\":\"WebSite\",\"@id\":\"https:\/\/www.pressenza.com\/es\/#website\",\"url\":\"https:\/\/www.pressenza.com\/es\/\",\"name\":\"Pressenza\",\"description\":\"International Press Agency\",\"publisher\":{\"@id\":\"https:\/\/www.pressenza.com\/es\/#organization\"},\"potentialAction\":[{\"@type\":\"SearchAction\",\"target\":{\"@type\":\"EntryPoint\",\"urlTemplate\":\"https:\/\/www.pressenza.com\/es\/?s={search_term_string}\"},\"query-input\":{\"@type\":\"PropertyValueSpecification\",\"valueRequired\":true,\"valueName\":\"search_term_string\"}}],\"inLanguage\":\"es\"},{\"@type\":\"Organization\",\"@id\":\"https:\/\/www.pressenza.com\/es\/#organization\",\"name\":\"Pressenza\",\"url\":\"https:\/\/www.pressenza.com\/es\/\",\"logo\":{\"@type\":\"ImageObject\",\"inLanguage\":\"es\",\"@id\":\"https:\/\/www.pressenza.com\/es\/#\/schema\/logo\/image\/\",\"url\":\"https:\/\/www.pressenza.com\/wp-content\/uploads\/2022\/10\/pressenza_logo_200x200.jpg\",\"contentUrl\":\"https:\/\/www.pressenza.com\/wp-content\/uploads\/2022\/10\/pressenza_logo_200x200.jpg\",\"width\":200,\"height\":200,\"caption\":\"Pressenza\"},\"image\":{\"@id\":\"https:\/\/www.pressenza.com\/es\/#\/schema\/logo\/image\/\"},\"sameAs\":[\"https:\/\/www.facebook.com\/PressenzaItalia\",\"https:\/\/x.com\/PressenzaIPA\"]},{\"@type\":\"Person\",\"@id\":\"https:\/\/www.pressenza.com\/es\/#\/schema\/person\/0dda7d1b68267ad95b1e1d83abc98c89\",\"name\":\"Redacci\u00f3n Argentina\",\"description\":\"News from the Pressenza Bureau in Argentina.\",\"sameAs\":[\"https:\/\/x.com\/pressenza\"],\"url\":\"https:\/\/www.pressenza.com\/es\/author\/redaccion-argentina\/\"}]}<\/script>\n<!-- \/ Yoast SEO plugin. -->","yoast_head_json":{"title":"Cristina Fern\u00e1ndez: \"Mafia judicial y Estado paralelo. Eso es lo que funciona hoy en la Argentina\"","description":"En una elocuente y extensa comunicaci\u00f3n, la vicepresidenta de la Naci\u00f3n Argentina Cristina Fern\u00e1ndez de Kirchner se refiri\u00f3 al marco estructural en el que","robots":{"index":"index","follow":"follow","max-snippet":"max-snippet:-1","max-image-preview":"max-image-preview:large","max-video-preview":"max-video-preview:-1"},"canonical":"https:\/\/www.pressenza.com\/es\/2022\/12\/cristina-fernandez-mafia-judicial-y-estado-paralelo-eso-es-lo-que-funciona-hoy-en-la-argentina\/","og_locale":"es_ES","og_type":"article","og_title":"Cristina Fern\u00e1ndez: \"Mafia judicial y Estado paralelo. Eso es lo que funciona hoy en la Argentina\"","og_description":"En una elocuente y extensa comunicaci\u00f3n, la vicepresidenta de la Naci\u00f3n Argentina Cristina Fern\u00e1ndez de Kirchner se refiri\u00f3 al marco estructural en el que","og_url":"https:\/\/www.pressenza.com\/es\/2022\/12\/cristina-fernandez-mafia-judicial-y-estado-paralelo-eso-es-lo-que-funciona-hoy-en-la-argentina\/","og_site_name":"Pressenza","article_publisher":"https:\/\/www.facebook.com\/PressenzaItalia","article_published_time":"2022-12-06T23:14:09+00:00","article_modified_time":"2022-12-06T23:20:01+00:00","og_image":[{"width":873,"height":421,"url":"https:\/\/www.pressenza.com\/wp-content\/uploads\/2022\/12\/cfk.png","type":"image\/png"}],"author":"Redacci\u00f3n Argentina","twitter_card":"summary_large_image","twitter_creator":"@pressenza","twitter_site":"@PressenzaIPA","twitter_misc":{"Escrito por":"Redacci\u00f3n Argentina","Tiempo de lectura":"3 minutos"},"schema":{"@context":"https:\/\/schema.org","@graph":[{"@type":"Article","@id":"https:\/\/www.pressenza.com\/es\/2022\/12\/cristina-fernandez-mafia-judicial-y-estado-paralelo-eso-es-lo-que-funciona-hoy-en-la-argentina\/#article","isPartOf":{"@id":"https:\/\/www.pressenza.com\/es\/2022\/12\/cristina-fernandez-mafia-judicial-y-estado-paralelo-eso-es-lo-que-funciona-hoy-en-la-argentina\/"},"author":{"name":"Redacci\u00f3n Argentina","@id":"https:\/\/www.pressenza.com\/es\/#\/schema\/person\/0dda7d1b68267ad95b1e1d83abc98c89"},"headline":"Cristina Fern\u00e1ndez: \u00abMafia judicial y Estado paralelo. Eso es lo que funciona hoy en la Argentina\u00bb","datePublished":"2022-12-06T23:14:09+00:00","dateModified":"2022-12-06T23:20:01+00:00","mainEntityOfPage":{"@id":"https:\/\/www.pressenza.com\/es\/2022\/12\/cristina-fernandez-mafia-judicial-y-estado-paralelo-eso-es-lo-que-funciona-hoy-en-la-argentina\/"},"wordCount":548,"publisher":{"@id":"https:\/\/www.pressenza.com\/es\/#organization"},"image":{"@id":"https:\/\/www.pressenza.com\/es\/2022\/12\/cristina-fernandez-mafia-judicial-y-estado-paralelo-eso-es-lo-que-funciona-hoy-en-la-argentina\/#primaryimage"},"thumbnailUrl":"https:\/\/www.pressenza.com\/wp-content\/uploads\/2022\/12\/cfk.png","keywords":["Cristina Fernandez de Kirchner","Grupo Clarin","Lawfare","mafia judicial","paraestado"],"articleSection":["Contenido Original","Pol\u00edtica","Sudam\u00e9rica","Video"],"inLanguage":"es"},{"@type":"WebPage","@id":"https:\/\/www.pressenza.com\/es\/2022\/12\/cristina-fernandez-mafia-judicial-y-estado-paralelo-eso-es-lo-que-funciona-hoy-en-la-argentina\/","url":"https:\/\/www.pressenza.com\/es\/2022\/12\/cristina-fernandez-mafia-judicial-y-estado-paralelo-eso-es-lo-que-funciona-hoy-en-la-argentina\/","name":"Cristina Fern\u00e1ndez: \"Mafia judicial y Estado paralelo. Eso es lo que funciona hoy en la Argentina\"","isPartOf":{"@id":"https:\/\/www.pressenza.com\/es\/#website"},"primaryImageOfPage":{"@id":"https:\/\/www.pressenza.com\/es\/2022\/12\/cristina-fernandez-mafia-judicial-y-estado-paralelo-eso-es-lo-que-funciona-hoy-en-la-argentina\/#primaryimage"},"image":{"@id":"https:\/\/www.pressenza.com\/es\/2022\/12\/cristina-fernandez-mafia-judicial-y-estado-paralelo-eso-es-lo-que-funciona-hoy-en-la-argentina\/#primaryimage"},"thumbnailUrl":"https:\/\/www.pressenza.com\/wp-content\/uploads\/2022\/12\/cfk.png","datePublished":"2022-12-06T23:14:09+00:00","dateModified":"2022-12-06T23:20:01+00:00","description":"En una elocuente y extensa comunicaci\u00f3n, la vicepresidenta de la Naci\u00f3n Argentina Cristina Fern\u00e1ndez de Kirchner se refiri\u00f3 al marco estructural en el que","breadcrumb":{"@id":"https:\/\/www.pressenza.com\/es\/2022\/12\/cristina-fernandez-mafia-judicial-y-estado-paralelo-eso-es-lo-que-funciona-hoy-en-la-argentina\/#breadcrumb"},"inLanguage":"es","potentialAction":[{"@type":"ReadAction","target":["https:\/\/www.pressenza.com\/es\/2022\/12\/cristina-fernandez-mafia-judicial-y-estado-paralelo-eso-es-lo-que-funciona-hoy-en-la-argentina\/"]}]},{"@type":"ImageObject","inLanguage":"es","@id":"https:\/\/www.pressenza.com\/es\/2022\/12\/cristina-fernandez-mafia-judicial-y-estado-paralelo-eso-es-lo-que-funciona-hoy-en-la-argentina\/#primaryimage","url":"https:\/\/www.pressenza.com\/wp-content\/uploads\/2022\/12\/cfk.png","contentUrl":"https:\/\/www.pressenza.com\/wp-content\/uploads\/2022\/12\/cfk.png","width":873,"height":421},{"@type":"BreadcrumbList","@id":"https:\/\/www.pressenza.com\/es\/2022\/12\/cristina-fernandez-mafia-judicial-y-estado-paralelo-eso-es-lo-que-funciona-hoy-en-la-argentina\/#breadcrumb","itemListElement":[{"@type":"ListItem","position":1,"name":"Accueil","item":"https:\/\/www.pressenza.com\/es\/"},{"@type":"ListItem","position":2,"name":"Cristina Fern\u00e1ndez: \u00abMafia judicial y Estado paralelo. Eso es lo que funciona hoy en la Argentina\u00bb"}]},{"@type":"WebSite","@id":"https:\/\/www.pressenza.com\/es\/#website","url":"https:\/\/www.pressenza.com\/es\/","name":"Pressenza","description":"International Press Agency","publisher":{"@id":"https:\/\/www.pressenza.com\/es\/#organization"},"potentialAction":[{"@type":"SearchAction","target":{"@type":"EntryPoint","urlTemplate":"https:\/\/www.pressenza.com\/es\/?s={search_term_string}"},"query-input":{"@type":"PropertyValueSpecification","valueRequired":true,"valueName":"search_term_string"}}],"inLanguage":"es"},{"@type":"Organization","@id":"https:\/\/www.pressenza.com\/es\/#organization","name":"Pressenza","url":"https:\/\/www.pressenza.com\/es\/","logo":{"@type":"ImageObject","inLanguage":"es","@id":"https:\/\/www.pressenza.com\/es\/#\/schema\/logo\/image\/","url":"https:\/\/www.pressenza.com\/wp-content\/uploads\/2022\/10\/pressenza_logo_200x200.jpg","contentUrl":"https:\/\/www.pressenza.com\/wp-content\/uploads\/2022\/10\/pressenza_logo_200x200.jpg","width":200,"height":200,"caption":"Pressenza"},"image":{"@id":"https:\/\/www.pressenza.com\/es\/#\/schema\/logo\/image\/"},"sameAs":["https:\/\/www.facebook.com\/PressenzaItalia","https:\/\/x.com\/PressenzaIPA"]},{"@type":"Person","@id":"https:\/\/www.pressenza.com\/es\/#\/schema\/person\/0dda7d1b68267ad95b1e1d83abc98c89","name":"Redacci\u00f3n Argentina","description":"News from the Pressenza Bureau in Argentina.","sameAs":["https:\/\/x.com\/pressenza"],"url":"https:\/\/www.pressenza.com\/es\/author\/redaccion-argentina\/"}]}},"place":"","original_article_url":"","_links":{"self":[{"href":"https:\/\/www.pressenza.com\/es\/wp-json\/wp\/v2\/posts\/1698089","targetHints":{"allow":["GET"]}}],"collection":[{"href":"https:\/\/www.pressenza.com\/es\/wp-json\/wp\/v2\/posts"}],"about":[{"href":"https:\/\/www.pressenza.com\/es\/wp-json\/wp\/v2\/types\/post"}],"author":[{"embeddable":true,"href":"https:\/\/www.pressenza.com\/es\/wp-json\/wp\/v2\/users\/87"}],"replies":[{"embeddable":true,"href":"https:\/\/www.pressenza.com\/es\/wp-json\/wp\/v2\/comments?post=1698089"}],"version-history":[{"count":0,"href":"https:\/\/www.pressenza.com\/es\/wp-json\/wp\/v2\/posts\/1698089\/revisions"}],"wp:featuredmedia":[{"embeddable":true,"href":"https:\/\/www.pressenza.com\/es\/wp-json\/wp\/v2\/media\/1698094"}],"wp:attachment":[{"href":"https:\/\/www.pressenza.com\/es\/wp-json\/wp\/v2\/media?parent=1698089"}],"wp:term":[{"taxonomy":"category","embeddable":true,"href":"https:\/\/www.pressenza.com\/es\/wp-json\/wp\/v2\/categories?post=1698089"},{"taxonomy":"post_tag","embeddable":true,"href":"https:\/\/www.pressenza.com\/es\/wp-json\/wp\/v2\/tags?post=1698089"}],"curies":[{"name":"wp","href":"https:\/\/api.w.org\/{rel}","templated":true}]}}