{"id":1697921,"date":"2022-12-05T18:30:46","date_gmt":"2022-12-05T18:30:46","guid":{"rendered":"https:\/\/www.pressenza.com\/?p=1697921"},"modified":"2022-12-05T18:30:46","modified_gmt":"2022-12-05T18:30:46","slug":"de-alli-venimos","status":"publish","type":"post","link":"https:\/\/www.pressenza.com\/es\/2022\/12\/de-alli-venimos\/","title":{"rendered":"De all\u00ed venimos"},"content":{"rendered":"<p>Le\u00ed en uno de sus dominicales a Arturo P\u00e9rez Reverte\u2026 \u201c<em>Cuando fui soldado sovi\u00e9tico<\/em>\u201d, titulaba el art\u00edculo. Y narraba una de sus aventuras infantiles, inspirada por aquellos tebeos (no c\u00f3mics) de Haza\u00f1as B\u00e9licas postgu\u00e9rricos, en que se pas\u00f3 subrepticiamente de unas historias favorables a los alemanes y a las potencias del Eje, a un apoyo incondicional a los aliados en general y a los americanos en particular, en consonancia a la evoluci\u00f3n interesada cuando perdieron la guerra los socios del r\u00e9gimen (los nazis), y se fueron cambiando la chaqueta para hacerse \u00fatiles a los que fueron \u201cenemigos\u201d y ganaron la guerra. Todo val\u00eda \u2013 y sigue valiendo \u2013 para asegurarse el poder y tener el culo en el mando en plaza.<\/p>\n<p>P\u00e9rez Reverte es algunos a\u00f1os m\u00e1s joven que yo, pero resulta curioso el paralelismo, en varios art\u00edculos ya, que he se\u00f1alado con \u00e9l en cuanto a sus \u201c<em>aventis<\/em>\u201d y sus recuerdos, en relaci\u00f3n con mi propia vida de entonces, o con mis propias valoraciones, al menos, de esa misma vida\u2026 En este art\u00edculo suyo que refiero aqu\u00ed hoy, tambi\u00e9n se desliza una casualidad, ya no s\u00e9 si fruto del azar o de esa otra <em>causalidad <\/em>que, aparentemente, rigen las existencias\u2026<\/p>\n<p>A m\u00ed tambi\u00e9n me ocurr\u00eda que, embelesado por aquellos personajes de tales tebeos: Capit\u00e1n Trueno, Jabato, El Guerrero del Antifaz, El Llanero Solitario, Superm\u00e1n, H\u00f3palong Cassidy, o las propias Haza\u00f1as B\u00e9licas, de Bo\u00edxcar (un represaliado, precisamente, de nuestra Guerra Civil), en mis primeras infancias \u2013 hay varias infancias, no lo duden \u2013 siempre con algunos amigos de juegos, nos tocaba encarnar alg\u00fan que otro h\u00e9roe, seg\u00fan dependiera de las \u201carmas\u201d y\/o <em>atrezzo <\/em>que tuvi\u00e9ramos m\u00e1s a mano, si bien los medios eran tan r\u00fasticos con reversibles (ventajas de la imaginaci\u00f3n) y pod\u00edamos convertir una vara de palmera, o una ca\u00f1a gruesa, tanto en una espada como en una escopeta, llegado el caso, incluso en una ametralladora, si le aplic\u00e1bamos la onomatopeya del <em>rat-at-at<\/em> al asunto\u2026 Lo dem\u00e1s, las batallas y escaramuzas, seg\u00fan ciertas reglas pactadas previamente con el \u201cenemigo\u201d. Y, como en el deporte de la esgrima, todo se desarrollaba justo hasta la \u201c<em>vista de sangre\u201d,<\/em> aunque hab\u00eda veces que ni as\u00ed amainaba el calor de la contienda.<\/p>\n<p>Y, como a Arturo, a m\u00ed tambi\u00e9n me sucedi\u00f3 un hecho mal encarado. Estoy hablando de una \u00e9poca \u2013 y lo aclaro para las generaciones j\u00f3venes \u2013 en que el comunismo en Espa\u00f1a estaba considerado como el satanismo. Cu\u00e1nto oliera a izquierdas, fruto y consecuencia de la cercana guerra civil, era apestar a puro azufre. La exhibici\u00f3n de alg\u00fan s\u00edmbolo sovi\u00e9tico era prisi\u00f3n directa y luego ya se ver\u00eda, y el tarareo de La Internacional te llevaba ya directamente al pared\u00f3n, o casi.<\/p>\n<p>Con la recomendaci\u00f3n de alg\u00fan personaje de derechas probadas y aupadas, quiz\u00e1 podr\u00edas salir, con suerte, del envite, con alg\u00fan escarmiento brutal como \u201caviso a navegantes\u201d incorporado, claro\u2026 Ese era el clima pol\u00edtico y el ambiente social que dominaban calles y cen\u00e1culos\u2026 Bien, pues, como dec\u00eda, yo era entonces muy aficionado al dibujo, llenando y emborronando hojas de libreta compulsivamente con aquellos l\u00e1pices de colores rudimentarios que no llegaban a Alpinos, no solo de personajes b\u00e9licos, si no tambi\u00e9n de banderas, escudos, blasones, insignias, anagramas\u2026<\/p>\n<p>\u2026 Que si la cruz gamada; que si las barras y estrellas, realmente dif\u00edcil \u00e9sta; que si el c\u00edrculo <em>colorao<\/em> japon\u00e9s, muy f\u00e1cil esta otra; que si la hoz y el martillo\u2026 \u00a1\u00a1 La hoz y el martillo \u00a1!, chiquillo\u2026 Cuando mi maestro, por un casual hech\u00f3 un vistazo al pupitre que ocupaba y vi\u00f3 lo que estaba dibijando, lo v\u00ed ponerse l\u00edvido, mirar de un lado para otro, nervioso y pasmado, mientras tapaba de un manotazo mi obra de arte, y su galillo sub\u00eda y bajaba como un montacargas\u2026 Se llev\u00f3 estrujada la libreta, mudo y tembloroso, y estruj\u00f3 la hoja de la ignominia, y, de espaldas a la clase, lo not\u00e9 hacerla a\u00f1icos, pedacitos min\u00fasculos, que se meti\u00f3 en el bolsillo de su descolgada chaqueta si ni siquiera molestarse en tirarlos a la papelera\u2026 No me dijo nada, tan solo me mir\u00f3. Pero en esa amirada intensa iban todas las advertencias del mundo: las que comprend\u00eda y las que no, todas ellas.<\/p>\n<p>Si llego a caer en la clase de al lado, no s\u00e9 lo que hubiera pasado, por decirlo en suave pareado. Tuve la gran, enorme, suerte, de tener un maestro no exactamente afecto por el r\u00e9gimen (f\u00edjense el detalle que no digo afecto al r\u00e9gimen, m\u00e1s bien lo contrario); para m\u00ed, desde luego, el mejor maestro que pude tener; un don Joaqu\u00edn que no nos merec\u00edamos ninguno de aquellos <em>desasnables<\/em>; un Don Joaqu\u00edn como la copa de un pino, al que nunca, jam\u00e1s, ya podremos agradecer lo que hizo por todos y cada uno de nosotros, pues justo en esa clase de al lado, lo que se apreciaba a trav\u00e9s del tabique, era otra cosa, muy, muy distinta\u2026 En f\u00edn, cosas de la \u00e9poca y casos de la historia.<\/p>\n<p>Lo que el art\u00edculo de P\u00e9rez Reverte me devolvi\u00f3 a la memoria y me trajo al pensamiento, no es tan solo que un recuerdo infantil. Es bastante m\u00e1s que eso\u2026 Es la valoraci\u00f3n de lo que superamos para llegar a d\u00f3nde ahora estamos\u2026 Es la constataci\u00f3n del poco valor que los j\u00f3venes de hoy conceden a lo que tienen\u2026 Es incluso el desprecio del regalo de la democracia por parte de los propios pol\u00edticos subidos al carro del poder gracias a esa misma democracia\u2026 El poner la incultura como derecho y el insulto como deshecho en nuestros parlamentos; y esos desgraciados sistemas educativos en los colegios, donde hacen preguntar a los nuevos ignorantes lo de\u2026 <em>\u201d\u00bfpero no fue la Rep\u00fablica la que se levant\u00f3 contra Franco?<\/em>..\u201d. (literal y ver\u00eddico).<\/p>\n","protected":false},"excerpt":{"rendered":"<p>Le\u00ed en uno de sus dominicales a Arturo P\u00e9rez Reverte\u2026 \u201cCuando fui soldado sovi\u00e9tico\u201d, titulaba el art\u00edculo. Y narraba una de sus aventuras infantiles, inspirada por aquellos tebeos (no c\u00f3mics) de Haza\u00f1as B\u00e9licas postgu\u00e9rricos, en que se pas\u00f3 subrepticiamente de&hellip;<\/p>\n","protected":false},"author":2195,"featured_media":1697922,"comment_status":"closed","ping_status":"closed","sticky":false,"template":"","format":"standard","meta":{"footnotes":""},"categories":[20607],"tags":[],"class_list":["post-1697921","post","type-post","status-publish","format-standard","has-post-thumbnail","hentry","category-sin-categorizar"],"yoast_head":"<!-- This site is optimized with the Yoast SEO plugin v27.1.1 - https:\/\/yoast.com\/product\/yoast-seo-wordpress\/ -->\n<title>De all\u00ed venimos<\/title>\n<meta name=\"description\" content=\"Le\u00ed en uno de sus dominicales a Arturo P\u00e9rez Reverte\u2026 \u201cCuando fui soldado sovi\u00e9tico\u201d, titulaba el art\u00edculo. Y narraba una de sus aventuras infantiles,\" \/>\n<meta name=\"robots\" content=\"index, follow, max-snippet:-1, max-image-preview:large, max-video-preview:-1\" \/>\n<link rel=\"canonical\" href=\"https:\/\/www.pressenza.com\/es\/2022\/12\/de-alli-venimos\/\" \/>\n<meta property=\"og:locale\" content=\"es_ES\" \/>\n<meta property=\"og:type\" content=\"article\" \/>\n<meta property=\"og:title\" content=\"De all\u00ed venimos\" \/>\n<meta property=\"og:description\" content=\"Le\u00ed en uno de sus dominicales a Arturo P\u00e9rez Reverte\u2026 \u201cCuando fui soldado sovi\u00e9tico\u201d, titulaba el art\u00edculo. Y narraba una de sus aventuras infantiles,\" \/>\n<meta property=\"og:url\" content=\"https:\/\/www.pressenza.com\/es\/2022\/12\/de-alli-venimos\/\" \/>\n<meta property=\"og:site_name\" content=\"Pressenza\" \/>\n<meta property=\"article:publisher\" content=\"https:\/\/www.facebook.com\/PressenzaItalia\" \/>\n<meta property=\"article:published_time\" content=\"2022-12-05T18:30:46+00:00\" \/>\n<meta property=\"og:image\" content=\"https:\/\/www.pressenza.com\/wp-content\/uploads\/2022\/12\/IMG-5543-min.jpg\" \/>\n\t<meta property=\"og:image:width\" content=\"1920\" \/>\n\t<meta property=\"og:image:height\" content=\"1440\" \/>\n\t<meta property=\"og:image:type\" content=\"image\/jpeg\" \/>\n<meta name=\"author\" content=\"Miguel Galindo S\u00e1nchez\" \/>\n<meta name=\"twitter:card\" content=\"summary_large_image\" \/>\n<meta name=\"twitter:creator\" content=\"@PressenzaIPA\" \/>\n<meta name=\"twitter:site\" content=\"@PressenzaIPA\" \/>\n<meta name=\"twitter:label1\" content=\"Escrito por\" \/>\n\t<meta name=\"twitter:data1\" content=\"Miguel Galindo S\u00e1nchez\" \/>\n\t<meta name=\"twitter:label2\" content=\"Tiempo de lectura\" \/>\n\t<meta name=\"twitter:data2\" content=\"5 minutos\" \/>\n<script type=\"application\/ld+json\" class=\"yoast-schema-graph\">{\"@context\":\"https:\/\/schema.org\",\"@graph\":[{\"@type\":\"Article\",\"@id\":\"https:\/\/www.pressenza.com\/es\/2022\/12\/de-alli-venimos\/#article\",\"isPartOf\":{\"@id\":\"https:\/\/www.pressenza.com\/es\/2022\/12\/de-alli-venimos\/\"},\"author\":{\"name\":\"Miguel Galindo S\u00e1nchez\",\"@id\":\"https:\/\/www.pressenza.com\/es\/#\/schema\/person\/d74252d5ecc118e8dfa2bc75b59787cc\"},\"headline\":\"De all\u00ed venimos\",\"datePublished\":\"2022-12-05T18:30:46+00:00\",\"mainEntityOfPage\":{\"@id\":\"https:\/\/www.pressenza.com\/es\/2022\/12\/de-alli-venimos\/\"},\"wordCount\":1043,\"publisher\":{\"@id\":\"https:\/\/www.pressenza.com\/es\/#organization\"},\"image\":{\"@id\":\"https:\/\/www.pressenza.com\/es\/2022\/12\/de-alli-venimos\/#primaryimage\"},\"thumbnailUrl\":\"https:\/\/www.pressenza.com\/wp-content\/uploads\/2022\/12\/IMG-5543-min.jpg\",\"articleSection\":[\"Sin categorizar\"],\"inLanguage\":\"es\"},{\"@type\":\"WebPage\",\"@id\":\"https:\/\/www.pressenza.com\/es\/2022\/12\/de-alli-venimos\/\",\"url\":\"https:\/\/www.pressenza.com\/es\/2022\/12\/de-alli-venimos\/\",\"name\":\"De all\u00ed venimos\",\"isPartOf\":{\"@id\":\"https:\/\/www.pressenza.com\/es\/#website\"},\"primaryImageOfPage\":{\"@id\":\"https:\/\/www.pressenza.com\/es\/2022\/12\/de-alli-venimos\/#primaryimage\"},\"image\":{\"@id\":\"https:\/\/www.pressenza.com\/es\/2022\/12\/de-alli-venimos\/#primaryimage\"},\"thumbnailUrl\":\"https:\/\/www.pressenza.com\/wp-content\/uploads\/2022\/12\/IMG-5543-min.jpg\",\"datePublished\":\"2022-12-05T18:30:46+00:00\",\"description\":\"Le\u00ed en uno de sus dominicales a Arturo P\u00e9rez Reverte\u2026 \u201cCuando fui soldado sovi\u00e9tico\u201d, titulaba el art\u00edculo. Y narraba una de sus aventuras infantiles,\",\"breadcrumb\":{\"@id\":\"https:\/\/www.pressenza.com\/es\/2022\/12\/de-alli-venimos\/#breadcrumb\"},\"inLanguage\":\"es\",\"potentialAction\":[{\"@type\":\"ReadAction\",\"target\":[\"https:\/\/www.pressenza.com\/es\/2022\/12\/de-alli-venimos\/\"]}]},{\"@type\":\"ImageObject\",\"inLanguage\":\"es\",\"@id\":\"https:\/\/www.pressenza.com\/es\/2022\/12\/de-alli-venimos\/#primaryimage\",\"url\":\"https:\/\/www.pressenza.com\/wp-content\/uploads\/2022\/12\/IMG-5543-min.jpg\",\"contentUrl\":\"https:\/\/www.pressenza.com\/wp-content\/uploads\/2022\/12\/IMG-5543-min.jpg\",\"width\":1920,\"height\":1440},{\"@type\":\"BreadcrumbList\",\"@id\":\"https:\/\/www.pressenza.com\/es\/2022\/12\/de-alli-venimos\/#breadcrumb\",\"itemListElement\":[{\"@type\":\"ListItem\",\"position\":1,\"name\":\"Accueil\",\"item\":\"https:\/\/www.pressenza.com\/es\/\"},{\"@type\":\"ListItem\",\"position\":2,\"name\":\"De all\u00ed venimos\"}]},{\"@type\":\"WebSite\",\"@id\":\"https:\/\/www.pressenza.com\/es\/#website\",\"url\":\"https:\/\/www.pressenza.com\/es\/\",\"name\":\"Pressenza\",\"description\":\"International Press Agency\",\"publisher\":{\"@id\":\"https:\/\/www.pressenza.com\/es\/#organization\"},\"potentialAction\":[{\"@type\":\"SearchAction\",\"target\":{\"@type\":\"EntryPoint\",\"urlTemplate\":\"https:\/\/www.pressenza.com\/es\/?s={search_term_string}\"},\"query-input\":{\"@type\":\"PropertyValueSpecification\",\"valueRequired\":true,\"valueName\":\"search_term_string\"}}],\"inLanguage\":\"es\"},{\"@type\":\"Organization\",\"@id\":\"https:\/\/www.pressenza.com\/es\/#organization\",\"name\":\"Pressenza\",\"url\":\"https:\/\/www.pressenza.com\/es\/\",\"logo\":{\"@type\":\"ImageObject\",\"inLanguage\":\"es\",\"@id\":\"https:\/\/www.pressenza.com\/es\/#\/schema\/logo\/image\/\",\"url\":\"https:\/\/www.pressenza.com\/wp-content\/uploads\/2022\/10\/pressenza_logo_200x200.jpg\",\"contentUrl\":\"https:\/\/www.pressenza.com\/wp-content\/uploads\/2022\/10\/pressenza_logo_200x200.jpg\",\"width\":200,\"height\":200,\"caption\":\"Pressenza\"},\"image\":{\"@id\":\"https:\/\/www.pressenza.com\/es\/#\/schema\/logo\/image\/\"},\"sameAs\":[\"https:\/\/www.facebook.com\/PressenzaItalia\",\"https:\/\/x.com\/PressenzaIPA\"]},{\"@type\":\"Person\",\"@id\":\"https:\/\/www.pressenza.com\/es\/#\/schema\/person\/d74252d5ecc118e8dfa2bc75b59787cc\",\"name\":\"Miguel Galindo S\u00e1nchez\",\"description\":\"Miguel Galindo S\u00e1nchez fu\u00e9 juez de paz, fundador de varias ong\u00b4s y presidente de organizaciones empresariales y otras, durante mucho tiempo. Hoy es mediador profesional, diplomado en RSC y patr\u00f3n de la fundaci\u00f3n Entorno Slow. Tiene publicados cinco libros.\",\"url\":\"https:\/\/www.pressenza.com\/es\/author\/miguel-galindo-sanchez\/\"}]}<\/script>\n<!-- \/ Yoast SEO plugin. -->","yoast_head_json":{"title":"De all\u00ed venimos","description":"Le\u00ed en uno de sus dominicales a Arturo P\u00e9rez Reverte\u2026 \u201cCuando fui soldado sovi\u00e9tico\u201d, titulaba el art\u00edculo. Y narraba una de sus aventuras infantiles,","robots":{"index":"index","follow":"follow","max-snippet":"max-snippet:-1","max-image-preview":"max-image-preview:large","max-video-preview":"max-video-preview:-1"},"canonical":"https:\/\/www.pressenza.com\/es\/2022\/12\/de-alli-venimos\/","og_locale":"es_ES","og_type":"article","og_title":"De all\u00ed venimos","og_description":"Le\u00ed en uno de sus dominicales a Arturo P\u00e9rez Reverte\u2026 \u201cCuando fui soldado sovi\u00e9tico\u201d, titulaba el art\u00edculo. Y narraba una de sus aventuras infantiles,","og_url":"https:\/\/www.pressenza.com\/es\/2022\/12\/de-alli-venimos\/","og_site_name":"Pressenza","article_publisher":"https:\/\/www.facebook.com\/PressenzaItalia","article_published_time":"2022-12-05T18:30:46+00:00","og_image":[{"width":1920,"height":1440,"url":"https:\/\/www.pressenza.com\/wp-content\/uploads\/2022\/12\/IMG-5543-min.jpg","type":"image\/jpeg"}],"author":"Miguel Galindo S\u00e1nchez","twitter_card":"summary_large_image","twitter_creator":"@PressenzaIPA","twitter_site":"@PressenzaIPA","twitter_misc":{"Escrito por":"Miguel Galindo S\u00e1nchez","Tiempo de lectura":"5 minutos"},"schema":{"@context":"https:\/\/schema.org","@graph":[{"@type":"Article","@id":"https:\/\/www.pressenza.com\/es\/2022\/12\/de-alli-venimos\/#article","isPartOf":{"@id":"https:\/\/www.pressenza.com\/es\/2022\/12\/de-alli-venimos\/"},"author":{"name":"Miguel Galindo S\u00e1nchez","@id":"https:\/\/www.pressenza.com\/es\/#\/schema\/person\/d74252d5ecc118e8dfa2bc75b59787cc"},"headline":"De all\u00ed venimos","datePublished":"2022-12-05T18:30:46+00:00","mainEntityOfPage":{"@id":"https:\/\/www.pressenza.com\/es\/2022\/12\/de-alli-venimos\/"},"wordCount":1043,"publisher":{"@id":"https:\/\/www.pressenza.com\/es\/#organization"},"image":{"@id":"https:\/\/www.pressenza.com\/es\/2022\/12\/de-alli-venimos\/#primaryimage"},"thumbnailUrl":"https:\/\/www.pressenza.com\/wp-content\/uploads\/2022\/12\/IMG-5543-min.jpg","articleSection":["Sin categorizar"],"inLanguage":"es"},{"@type":"WebPage","@id":"https:\/\/www.pressenza.com\/es\/2022\/12\/de-alli-venimos\/","url":"https:\/\/www.pressenza.com\/es\/2022\/12\/de-alli-venimos\/","name":"De all\u00ed venimos","isPartOf":{"@id":"https:\/\/www.pressenza.com\/es\/#website"},"primaryImageOfPage":{"@id":"https:\/\/www.pressenza.com\/es\/2022\/12\/de-alli-venimos\/#primaryimage"},"image":{"@id":"https:\/\/www.pressenza.com\/es\/2022\/12\/de-alli-venimos\/#primaryimage"},"thumbnailUrl":"https:\/\/www.pressenza.com\/wp-content\/uploads\/2022\/12\/IMG-5543-min.jpg","datePublished":"2022-12-05T18:30:46+00:00","description":"Le\u00ed en uno de sus dominicales a Arturo P\u00e9rez Reverte\u2026 \u201cCuando fui soldado sovi\u00e9tico\u201d, titulaba el art\u00edculo. Y narraba una de sus aventuras infantiles,","breadcrumb":{"@id":"https:\/\/www.pressenza.com\/es\/2022\/12\/de-alli-venimos\/#breadcrumb"},"inLanguage":"es","potentialAction":[{"@type":"ReadAction","target":["https:\/\/www.pressenza.com\/es\/2022\/12\/de-alli-venimos\/"]}]},{"@type":"ImageObject","inLanguage":"es","@id":"https:\/\/www.pressenza.com\/es\/2022\/12\/de-alli-venimos\/#primaryimage","url":"https:\/\/www.pressenza.com\/wp-content\/uploads\/2022\/12\/IMG-5543-min.jpg","contentUrl":"https:\/\/www.pressenza.com\/wp-content\/uploads\/2022\/12\/IMG-5543-min.jpg","width":1920,"height":1440},{"@type":"BreadcrumbList","@id":"https:\/\/www.pressenza.com\/es\/2022\/12\/de-alli-venimos\/#breadcrumb","itemListElement":[{"@type":"ListItem","position":1,"name":"Accueil","item":"https:\/\/www.pressenza.com\/es\/"},{"@type":"ListItem","position":2,"name":"De all\u00ed venimos"}]},{"@type":"WebSite","@id":"https:\/\/www.pressenza.com\/es\/#website","url":"https:\/\/www.pressenza.com\/es\/","name":"Pressenza","description":"International Press Agency","publisher":{"@id":"https:\/\/www.pressenza.com\/es\/#organization"},"potentialAction":[{"@type":"SearchAction","target":{"@type":"EntryPoint","urlTemplate":"https:\/\/www.pressenza.com\/es\/?s={search_term_string}"},"query-input":{"@type":"PropertyValueSpecification","valueRequired":true,"valueName":"search_term_string"}}],"inLanguage":"es"},{"@type":"Organization","@id":"https:\/\/www.pressenza.com\/es\/#organization","name":"Pressenza","url":"https:\/\/www.pressenza.com\/es\/","logo":{"@type":"ImageObject","inLanguage":"es","@id":"https:\/\/www.pressenza.com\/es\/#\/schema\/logo\/image\/","url":"https:\/\/www.pressenza.com\/wp-content\/uploads\/2022\/10\/pressenza_logo_200x200.jpg","contentUrl":"https:\/\/www.pressenza.com\/wp-content\/uploads\/2022\/10\/pressenza_logo_200x200.jpg","width":200,"height":200,"caption":"Pressenza"},"image":{"@id":"https:\/\/www.pressenza.com\/es\/#\/schema\/logo\/image\/"},"sameAs":["https:\/\/www.facebook.com\/PressenzaItalia","https:\/\/x.com\/PressenzaIPA"]},{"@type":"Person","@id":"https:\/\/www.pressenza.com\/es\/#\/schema\/person\/d74252d5ecc118e8dfa2bc75b59787cc","name":"Miguel Galindo S\u00e1nchez","description":"Miguel Galindo S\u00e1nchez fu\u00e9 juez de paz, fundador de varias ong\u00b4s y presidente de organizaciones empresariales y otras, durante mucho tiempo. Hoy es mediador profesional, diplomado en RSC y patr\u00f3n de la fundaci\u00f3n Entorno Slow. Tiene publicados cinco libros.","url":"https:\/\/www.pressenza.com\/es\/author\/miguel-galindo-sanchez\/"}]}},"place":"Torre-Pacheco (Murcia)","original_article_url":"","_links":{"self":[{"href":"https:\/\/www.pressenza.com\/es\/wp-json\/wp\/v2\/posts\/1697921","targetHints":{"allow":["GET"]}}],"collection":[{"href":"https:\/\/www.pressenza.com\/es\/wp-json\/wp\/v2\/posts"}],"about":[{"href":"https:\/\/www.pressenza.com\/es\/wp-json\/wp\/v2\/types\/post"}],"author":[{"embeddable":true,"href":"https:\/\/www.pressenza.com\/es\/wp-json\/wp\/v2\/users\/2195"}],"replies":[{"embeddable":true,"href":"https:\/\/www.pressenza.com\/es\/wp-json\/wp\/v2\/comments?post=1697921"}],"version-history":[{"count":0,"href":"https:\/\/www.pressenza.com\/es\/wp-json\/wp\/v2\/posts\/1697921\/revisions"}],"wp:featuredmedia":[{"embeddable":true,"href":"https:\/\/www.pressenza.com\/es\/wp-json\/wp\/v2\/media\/1697922"}],"wp:attachment":[{"href":"https:\/\/www.pressenza.com\/es\/wp-json\/wp\/v2\/media?parent=1697921"}],"wp:term":[{"taxonomy":"category","embeddable":true,"href":"https:\/\/www.pressenza.com\/es\/wp-json\/wp\/v2\/categories?post=1697921"},{"taxonomy":"post_tag","embeddable":true,"href":"https:\/\/www.pressenza.com\/es\/wp-json\/wp\/v2\/tags?post=1697921"}],"curies":[{"name":"wp","href":"https:\/\/api.w.org\/{rel}","templated":true}]}}