{"id":169719,"date":"2015-03-13T00:25:42","date_gmt":"2015-03-13T00:25:42","guid":{"rendered":"http:\/\/www.pressenza.com\/?p=169719"},"modified":"2015-03-13T00:25:42","modified_gmt":"2015-03-13T00:25:42","slug":"conferencia-magistral-de-noam-chomsky-referente-ineludible-para-pensar-la-emancipacion-y-la-igualdad","status":"publish","type":"post","link":"https:\/\/www.pressenza.com\/es\/2015\/03\/conferencia-magistral-de-noam-chomsky-referente-ineludible-para-pensar-la-emancipacion-y-la-igualdad\/","title":{"rendered":"Conferencia Magistral de Noam Chomsky, referente ineludible para pensar la emancipaci\u00f3n y la igualdad"},"content":{"rendered":"<p id=\"yui_3_16_0_1_1426153265029_118877\">El ling\u00fcista, fil\u00f3sofo y activista estadounidense Noam Chomsky brind\u00f3 el jueves 12 de marzo una Conferencia Magistral en la que analiz\u00f3\u00a0la evoluci\u00f3n del sistema internacional en el per\u00edodo posterior a la segunda guerra mundial y los procesos pol\u00edticos que atraviesan algunos pa\u00edses de Am\u00e9rica Latina y Europa, durante la jornada de apertura del Foro Internacional por la Emancipaci\u00f3n y la Igualdad.<\/p>\n<p id=\"yui_3_16_0_1_1426153265029_118970\">El profesor Anthony Arnove, cuyas palabras introductorias dieron inicio a la conferencia, se\u00f1al\u00f3 que \u201cning\u00fan escritor de los \u00faltimos tiempos ha hecho tanto por documentar los cr\u00edmenes de los Estados Unidos y expandir los horizontes de la emancipaci\u00f3n y la igualdad como lo hizo Noam Chomsky\u201d.<\/p>\n<p id=\"yui_3_16_0_1_1426153265029_118974\">Arnove consider\u00f3 a Chomsky \u201cuna inspiraci\u00f3n para millones de habitantes que en el planeta buscan un mundo mejor, llevando la esperanza incluso en los momentos m\u00e1s dif\u00edciles\u201d.<\/p>\n<p id=\"yui_3_16_0_1_1426153265029_118976\">Un Teatro Cervantes colmado y un aplauso en\u00e9rgico y cerrado dieron la bienvenida al profesor Chomsky, cr\u00edtico del modelo neoliberal, de las pol\u00edticas imperiales de los Estados Unidos y referente ineludible de la izquierda norteamericana.<\/p>\n<p id=\"yui_3_16_0_1_1426153265029_118980\">Chomsky hizo referencia a uno de los desarrollos, a su entender, m\u00e1s espectaculares de este per\u00edodo en Am\u00e9rica Latina: \u201cPor primera vez, en 500 a\u00f1os, Am\u00e9rica Latina ha dado pasos significativos hacia la liberaci\u00f3n del dominio imperial\u201d. Estos son desarrollos, agreg\u00f3, \u201cde un significado hist\u00f3rico muy profundo que tienen una gran transcendencia para el futuro\u201d.<\/p>\n<p id=\"yui_3_16_0_1_1426153265029_118982\">Figura destacada de la ling\u00fc\u00edstica del siglo XX, Chomsky se ha transformado en uno de los principales cr\u00edticos de la pol\u00edtica exterior de su pa\u00eds, de su dirigencia y en un defensor a ultranza de los derechos humanos.<\/p>\n<p id=\"yui_3_16_0_1_1426153265029_118985\">Durante la Clase Magistral de esta tarde, su an\u00e1lisis gir\u00f3 en torno de las diversas situaciones de crisis y violencia pol\u00edtica que enfrentan los pueblos, sobre todo en lo que respecta a la evoluci\u00f3n de los asuntos mundiales luego de 1945.\u00a0\u201cPara fines de la d\u00e9cada del &#8217;70, la situaci\u00f3n estaba cambiando. El ataque neoliberal se aceler\u00f3 durante los a\u00f1os de Reagan-Tatcher, persisti\u00f3 despu\u00e9s de ello y se convirti\u00f3 en un ataque sobre los derechos humanos b\u00e1sicos y la democracia\u201d, avanz\u00f3. Luego, con el colapso de la regulaci\u00f3n, Chomsky mencion\u00f3 que \u201clas crisis financieras comenzaron a aparecer por primera vez desde la Depresi\u00f3n. Pero para los perpetradores, las instituciones financieras, los bancos, las crisis no son un problema a muy serio porque hay una pol\u00edtica gubernamental que los protege de cualquier amenaza\u201d.<\/p>\n<p id=\"yui_3_16_0_1_1426153265029_119000\">\u201cA las empresas y a los ricos les va bien, mientras que para la sociedad la situaci\u00f3n es otra: sufre, en todo el mundo\u201d, dijo. Y continu\u00f3: \u201cEn los Estados Unidos, gracias al per\u00edodo neoliberal, la mayor\u00eda de la poblaci\u00f3n sufri\u00f3 estancamiento o declinaci\u00f3n. Un indicio es que los salarios reales de los trabajadores hoy en d\u00eda est\u00e1n al nivel de 1968\u201d.<\/p>\n<p id=\"yui_3_16_0_1_1426153265029_118988\">Con respecto a las pol\u00edticas de austeridad durante los a\u00f1os de la recesi\u00f3n, el pensador evalu\u00f3 que \u201chan sido desastrosas; y as\u00ed lo reconoce incluso el Fondo Monetario Internacional (FMI)\u201d. Sin embargo, complet\u00f3, \u201cen t\u00e9rmino de la guerra de clases, est\u00e1n teniendo \u00e9xito en erosionar el estado de bienestar y la democracia popular\u201d.<\/p>\n<p id=\"yui_3_16_0_1_1426153265029_118990\">Defensor de la soberan\u00eda, la libertad y los derechos de los pueblos, Chomsky destac\u00f3 el rol de la regi\u00f3n frente a los atropellos del capitalismo: \u201cAm\u00e9rica Latina ha estado a la vanguardia en luchar contra el ataque neoliberal. Esto lo demuestran nuevos movimientos que surgen tambi\u00e9n en Europa del sur, en Grecia o Espa\u00f1a\u201d. Y concluy\u00f3: \u201cel sistema capitalista estatal global est\u00e1 en uno de sus peores per\u00edodos de crisis. Los resultados, como siempre, depender\u00e1n de c\u00f3mo el p\u00fablico responda\u201d.<\/p>\n<p id=\"yui_3_16_0_1_1426153265029_118994\">Organizado por el Ministerio de Cultura de la Naci\u00f3n, mediante la Secretar\u00eda de Coordinaci\u00f3n Estrat\u00e9gica para el Pensamiento Nacional, el Foro Internacional por la Emancipaci\u00f3n y la Igualdad se desarrolla entre el 12 y el 14 de marzo en el Teatro Cervantes de la ciudad de Buenos Aires, con la participaci\u00f3n de importantes pensadores y pol\u00edticos de Am\u00e9rica y Europa.<\/p>\n","protected":false},"excerpt":{"rendered":"<p>El ling\u00fcista, fil\u00f3sofo y activista estadounidense Noam Chomsky brind\u00f3 el jueves 12 de marzo una Conferencia Magistral en la que analiz\u00f3\u00a0la evoluci\u00f3n del sistema internacional en el per\u00edodo posterior a la segunda guerra mundial y los procesos pol\u00edticos que atraviesan&hellip;<\/p>\n","protected":false},"author":87,"featured_media":169720,"comment_status":"closed","ping_status":"open","sticky":false,"template":"","format":"standard","meta":{"footnotes":""},"categories":[76,149,39,74],"tags":[10793,16531,12497,5495,381,623,631],"class_list":["post-169719","post","type-post","status-publish","format-standard","has-post-thumbnail","hentry","category-relaciones-exteriores","category-comunicados-de-prensa","category-internacional","category-politica-es","tag-estados-unidos-de-norteamerica","tag-foro-internacional-por-la-emancipacion-y-la-igualdad","tag-guerra-nuclear","tag-noam-chomsky-es","tag-recursos-naturales","tag-violencia","tag-violencia-economica"],"yoast_head":"<!-- This site is optimized with the Yoast SEO plugin v27.1.1 - https:\/\/yoast.com\/product\/yoast-seo-wordpress\/ -->\n<title>Conferencia Magistral de Noam Chomsky, referente ineludible para pensar la emancipaci\u00f3n y la igualdad<\/title>\n<meta name=\"description\" content=\"El ling\u00fcista, fil\u00f3sofo y activista estadounidense Noam Chomsky brind\u00f3 el jueves 12 de marzo una Conferencia Magistral en la que analiz\u00f3\u00a0la evoluci\u00f3n del\" \/>\n<meta name=\"robots\" content=\"index, follow, max-snippet:-1, max-image-preview:large, max-video-preview:-1\" \/>\n<link rel=\"canonical\" href=\"https:\/\/www.pressenza.com\/es\/2015\/03\/conferencia-magistral-de-noam-chomsky-referente-ineludible-para-pensar-la-emancipacion-y-la-igualdad\/\" \/>\n<meta property=\"og:locale\" content=\"es_ES\" \/>\n<meta property=\"og:type\" content=\"article\" \/>\n<meta property=\"og:title\" content=\"Conferencia Magistral de Noam Chomsky, referente ineludible para pensar la emancipaci\u00f3n y la igualdad\" \/>\n<meta property=\"og:description\" content=\"El ling\u00fcista, fil\u00f3sofo y activista estadounidense Noam Chomsky brind\u00f3 el jueves 12 de marzo una Conferencia Magistral en la que analiz\u00f3\u00a0la evoluci\u00f3n del\" \/>\n<meta property=\"og:url\" content=\"https:\/\/www.pressenza.com\/es\/2015\/03\/conferencia-magistral-de-noam-chomsky-referente-ineludible-para-pensar-la-emancipacion-y-la-igualdad\/\" \/>\n<meta property=\"og:site_name\" content=\"Pressenza\" \/>\n<meta property=\"article:publisher\" content=\"https:\/\/www.facebook.com\/PressenzaItalia\" \/>\n<meta property=\"article:published_time\" content=\"2015-03-13T00:25:42+00:00\" \/>\n<meta property=\"og:image\" content=\"https:\/\/www.pressenza.com\/wp-content\/uploads\/2015\/03\/16177512733_c9c2f7614c_z.jpg\" \/>\n\t<meta property=\"og:image:width\" content=\"640\" \/>\n\t<meta property=\"og:image:height\" content=\"427\" \/>\n\t<meta property=\"og:image:type\" content=\"image\/jpeg\" \/>\n<meta name=\"author\" content=\"Redacci\u00f3n Argentina\" \/>\n<meta name=\"twitter:card\" content=\"summary_large_image\" \/>\n<meta name=\"twitter:creator\" content=\"@pressenza\" \/>\n<meta name=\"twitter:site\" content=\"@PressenzaIPA\" \/>\n<meta name=\"twitter:label1\" content=\"Escrito por\" \/>\n\t<meta name=\"twitter:data1\" content=\"Redacci\u00f3n Argentina\" \/>\n\t<meta name=\"twitter:label2\" content=\"Tiempo de lectura\" \/>\n\t<meta name=\"twitter:data2\" content=\"4 minutos\" \/>\n<script type=\"application\/ld+json\" class=\"yoast-schema-graph\">{\"@context\":\"https:\/\/schema.org\",\"@graph\":[{\"@type\":\"Article\",\"@id\":\"https:\/\/www.pressenza.com\/es\/2015\/03\/conferencia-magistral-de-noam-chomsky-referente-ineludible-para-pensar-la-emancipacion-y-la-igualdad\/#article\",\"isPartOf\":{\"@id\":\"https:\/\/www.pressenza.com\/es\/2015\/03\/conferencia-magistral-de-noam-chomsky-referente-ineludible-para-pensar-la-emancipacion-y-la-igualdad\/\"},\"author\":{\"name\":\"Redacci\u00f3n Argentina\",\"@id\":\"https:\/\/www.pressenza.com\/es\/#\/schema\/person\/0dda7d1b68267ad95b1e1d83abc98c89\"},\"headline\":\"Conferencia Magistral de Noam Chomsky, referente ineludible para pensar la emancipaci\u00f3n y la igualdad\",\"datePublished\":\"2015-03-13T00:25:42+00:00\",\"mainEntityOfPage\":{\"@id\":\"https:\/\/www.pressenza.com\/es\/2015\/03\/conferencia-magistral-de-noam-chomsky-referente-ineludible-para-pensar-la-emancipacion-y-la-igualdad\/\"},\"wordCount\":727,\"publisher\":{\"@id\":\"https:\/\/www.pressenza.com\/es\/#organization\"},\"image\":{\"@id\":\"https:\/\/www.pressenza.com\/es\/2015\/03\/conferencia-magistral-de-noam-chomsky-referente-ineludible-para-pensar-la-emancipacion-y-la-igualdad\/#primaryimage\"},\"thumbnailUrl\":\"https:\/\/www.pressenza.com\/wp-content\/uploads\/2015\/03\/16177512733_c9c2f7614c_z.jpg\",\"keywords\":[\"Estados Unidos de Norteam\u00e9rica\",\"Foro Internacional por la Emancipaci\u00f3n y la Igualdad\",\"Guerra nuclear\",\"Noam Chomsky\",\"Recursos naturales\",\"Violencia\",\"Violencia econ\u00f3mica\"],\"articleSection\":[\"Asuntos internacionales\",\"Comunicados de Prensa\",\"Internacional\",\"Pol\u00edtica\"],\"inLanguage\":\"es\"},{\"@type\":\"WebPage\",\"@id\":\"https:\/\/www.pressenza.com\/es\/2015\/03\/conferencia-magistral-de-noam-chomsky-referente-ineludible-para-pensar-la-emancipacion-y-la-igualdad\/\",\"url\":\"https:\/\/www.pressenza.com\/es\/2015\/03\/conferencia-magistral-de-noam-chomsky-referente-ineludible-para-pensar-la-emancipacion-y-la-igualdad\/\",\"name\":\"Conferencia Magistral de Noam Chomsky, referente ineludible para pensar la emancipaci\u00f3n y la igualdad\",\"isPartOf\":{\"@id\":\"https:\/\/www.pressenza.com\/es\/#website\"},\"primaryImageOfPage\":{\"@id\":\"https:\/\/www.pressenza.com\/es\/2015\/03\/conferencia-magistral-de-noam-chomsky-referente-ineludible-para-pensar-la-emancipacion-y-la-igualdad\/#primaryimage\"},\"image\":{\"@id\":\"https:\/\/www.pressenza.com\/es\/2015\/03\/conferencia-magistral-de-noam-chomsky-referente-ineludible-para-pensar-la-emancipacion-y-la-igualdad\/#primaryimage\"},\"thumbnailUrl\":\"https:\/\/www.pressenza.com\/wp-content\/uploads\/2015\/03\/16177512733_c9c2f7614c_z.jpg\",\"datePublished\":\"2015-03-13T00:25:42+00:00\",\"description\":\"El ling\u00fcista, fil\u00f3sofo y activista estadounidense Noam Chomsky brind\u00f3 el jueves 12 de marzo una Conferencia Magistral en la que analiz\u00f3\u00a0la evoluci\u00f3n del\",\"breadcrumb\":{\"@id\":\"https:\/\/www.pressenza.com\/es\/2015\/03\/conferencia-magistral-de-noam-chomsky-referente-ineludible-para-pensar-la-emancipacion-y-la-igualdad\/#breadcrumb\"},\"inLanguage\":\"es\",\"potentialAction\":[{\"@type\":\"ReadAction\",\"target\":[\"https:\/\/www.pressenza.com\/es\/2015\/03\/conferencia-magistral-de-noam-chomsky-referente-ineludible-para-pensar-la-emancipacion-y-la-igualdad\/\"]}]},{\"@type\":\"ImageObject\",\"inLanguage\":\"es\",\"@id\":\"https:\/\/www.pressenza.com\/es\/2015\/03\/conferencia-magistral-de-noam-chomsky-referente-ineludible-para-pensar-la-emancipacion-y-la-igualdad\/#primaryimage\",\"url\":\"https:\/\/www.pressenza.com\/wp-content\/uploads\/2015\/03\/16177512733_c9c2f7614c_z.jpg\",\"contentUrl\":\"https:\/\/www.pressenza.com\/wp-content\/uploads\/2015\/03\/16177512733_c9c2f7614c_z.jpg\",\"width\":640,\"height\":427},{\"@type\":\"BreadcrumbList\",\"@id\":\"https:\/\/www.pressenza.com\/es\/2015\/03\/conferencia-magistral-de-noam-chomsky-referente-ineludible-para-pensar-la-emancipacion-y-la-igualdad\/#breadcrumb\",\"itemListElement\":[{\"@type\":\"ListItem\",\"position\":1,\"name\":\"Accueil\",\"item\":\"https:\/\/www.pressenza.com\/es\/\"},{\"@type\":\"ListItem\",\"position\":2,\"name\":\"Conferencia Magistral de Noam Chomsky, referente ineludible para pensar la emancipaci\u00f3n y la igualdad\"}]},{\"@type\":\"WebSite\",\"@id\":\"https:\/\/www.pressenza.com\/es\/#website\",\"url\":\"https:\/\/www.pressenza.com\/es\/\",\"name\":\"Pressenza\",\"description\":\"International Press Agency\",\"publisher\":{\"@id\":\"https:\/\/www.pressenza.com\/es\/#organization\"},\"potentialAction\":[{\"@type\":\"SearchAction\",\"target\":{\"@type\":\"EntryPoint\",\"urlTemplate\":\"https:\/\/www.pressenza.com\/es\/?s={search_term_string}\"},\"query-input\":{\"@type\":\"PropertyValueSpecification\",\"valueRequired\":true,\"valueName\":\"search_term_string\"}}],\"inLanguage\":\"es\"},{\"@type\":\"Organization\",\"@id\":\"https:\/\/www.pressenza.com\/es\/#organization\",\"name\":\"Pressenza\",\"url\":\"https:\/\/www.pressenza.com\/es\/\",\"logo\":{\"@type\":\"ImageObject\",\"inLanguage\":\"es\",\"@id\":\"https:\/\/www.pressenza.com\/es\/#\/schema\/logo\/image\/\",\"url\":\"https:\/\/www.pressenza.com\/wp-content\/uploads\/2022\/10\/pressenza_logo_200x200.jpg\",\"contentUrl\":\"https:\/\/www.pressenza.com\/wp-content\/uploads\/2022\/10\/pressenza_logo_200x200.jpg\",\"width\":200,\"height\":200,\"caption\":\"Pressenza\"},\"image\":{\"@id\":\"https:\/\/www.pressenza.com\/es\/#\/schema\/logo\/image\/\"},\"sameAs\":[\"https:\/\/www.facebook.com\/PressenzaItalia\",\"https:\/\/x.com\/PressenzaIPA\"]},{\"@type\":\"Person\",\"@id\":\"https:\/\/www.pressenza.com\/es\/#\/schema\/person\/0dda7d1b68267ad95b1e1d83abc98c89\",\"name\":\"Redacci\u00f3n Argentina\",\"description\":\"News from the Pressenza Bureau in Argentina.\",\"sameAs\":[\"https:\/\/x.com\/pressenza\"],\"url\":\"https:\/\/www.pressenza.com\/es\/author\/redaccion-argentina\/\"}]}<\/script>\n<!-- \/ Yoast SEO plugin. -->","yoast_head_json":{"title":"Conferencia Magistral de Noam Chomsky, referente ineludible para pensar la emancipaci\u00f3n y la igualdad","description":"El ling\u00fcista, fil\u00f3sofo y activista estadounidense Noam Chomsky brind\u00f3 el jueves 12 de marzo una Conferencia Magistral en la que analiz\u00f3\u00a0la evoluci\u00f3n del","robots":{"index":"index","follow":"follow","max-snippet":"max-snippet:-1","max-image-preview":"max-image-preview:large","max-video-preview":"max-video-preview:-1"},"canonical":"https:\/\/www.pressenza.com\/es\/2015\/03\/conferencia-magistral-de-noam-chomsky-referente-ineludible-para-pensar-la-emancipacion-y-la-igualdad\/","og_locale":"es_ES","og_type":"article","og_title":"Conferencia Magistral de Noam Chomsky, referente ineludible para pensar la emancipaci\u00f3n y la igualdad","og_description":"El ling\u00fcista, fil\u00f3sofo y activista estadounidense Noam Chomsky brind\u00f3 el jueves 12 de marzo una Conferencia Magistral en la que analiz\u00f3\u00a0la evoluci\u00f3n del","og_url":"https:\/\/www.pressenza.com\/es\/2015\/03\/conferencia-magistral-de-noam-chomsky-referente-ineludible-para-pensar-la-emancipacion-y-la-igualdad\/","og_site_name":"Pressenza","article_publisher":"https:\/\/www.facebook.com\/PressenzaItalia","article_published_time":"2015-03-13T00:25:42+00:00","og_image":[{"width":640,"height":427,"url":"https:\/\/www.pressenza.com\/wp-content\/uploads\/2015\/03\/16177512733_c9c2f7614c_z.jpg","type":"image\/jpeg"}],"author":"Redacci\u00f3n Argentina","twitter_card":"summary_large_image","twitter_creator":"@pressenza","twitter_site":"@PressenzaIPA","twitter_misc":{"Escrito por":"Redacci\u00f3n Argentina","Tiempo de lectura":"4 minutos"},"schema":{"@context":"https:\/\/schema.org","@graph":[{"@type":"Article","@id":"https:\/\/www.pressenza.com\/es\/2015\/03\/conferencia-magistral-de-noam-chomsky-referente-ineludible-para-pensar-la-emancipacion-y-la-igualdad\/#article","isPartOf":{"@id":"https:\/\/www.pressenza.com\/es\/2015\/03\/conferencia-magistral-de-noam-chomsky-referente-ineludible-para-pensar-la-emancipacion-y-la-igualdad\/"},"author":{"name":"Redacci\u00f3n Argentina","@id":"https:\/\/www.pressenza.com\/es\/#\/schema\/person\/0dda7d1b68267ad95b1e1d83abc98c89"},"headline":"Conferencia Magistral de Noam Chomsky, referente ineludible para pensar la emancipaci\u00f3n y la igualdad","datePublished":"2015-03-13T00:25:42+00:00","mainEntityOfPage":{"@id":"https:\/\/www.pressenza.com\/es\/2015\/03\/conferencia-magistral-de-noam-chomsky-referente-ineludible-para-pensar-la-emancipacion-y-la-igualdad\/"},"wordCount":727,"publisher":{"@id":"https:\/\/www.pressenza.com\/es\/#organization"},"image":{"@id":"https:\/\/www.pressenza.com\/es\/2015\/03\/conferencia-magistral-de-noam-chomsky-referente-ineludible-para-pensar-la-emancipacion-y-la-igualdad\/#primaryimage"},"thumbnailUrl":"https:\/\/www.pressenza.com\/wp-content\/uploads\/2015\/03\/16177512733_c9c2f7614c_z.jpg","keywords":["Estados Unidos de Norteam\u00e9rica","Foro Internacional por la Emancipaci\u00f3n y la Igualdad","Guerra nuclear","Noam Chomsky","Recursos naturales","Violencia","Violencia econ\u00f3mica"],"articleSection":["Asuntos internacionales","Comunicados de Prensa","Internacional","Pol\u00edtica"],"inLanguage":"es"},{"@type":"WebPage","@id":"https:\/\/www.pressenza.com\/es\/2015\/03\/conferencia-magistral-de-noam-chomsky-referente-ineludible-para-pensar-la-emancipacion-y-la-igualdad\/","url":"https:\/\/www.pressenza.com\/es\/2015\/03\/conferencia-magistral-de-noam-chomsky-referente-ineludible-para-pensar-la-emancipacion-y-la-igualdad\/","name":"Conferencia Magistral de Noam Chomsky, referente ineludible para pensar la emancipaci\u00f3n y la igualdad","isPartOf":{"@id":"https:\/\/www.pressenza.com\/es\/#website"},"primaryImageOfPage":{"@id":"https:\/\/www.pressenza.com\/es\/2015\/03\/conferencia-magistral-de-noam-chomsky-referente-ineludible-para-pensar-la-emancipacion-y-la-igualdad\/#primaryimage"},"image":{"@id":"https:\/\/www.pressenza.com\/es\/2015\/03\/conferencia-magistral-de-noam-chomsky-referente-ineludible-para-pensar-la-emancipacion-y-la-igualdad\/#primaryimage"},"thumbnailUrl":"https:\/\/www.pressenza.com\/wp-content\/uploads\/2015\/03\/16177512733_c9c2f7614c_z.jpg","datePublished":"2015-03-13T00:25:42+00:00","description":"El ling\u00fcista, fil\u00f3sofo y activista estadounidense Noam Chomsky brind\u00f3 el jueves 12 de marzo una Conferencia Magistral en la que analiz\u00f3\u00a0la evoluci\u00f3n del","breadcrumb":{"@id":"https:\/\/www.pressenza.com\/es\/2015\/03\/conferencia-magistral-de-noam-chomsky-referente-ineludible-para-pensar-la-emancipacion-y-la-igualdad\/#breadcrumb"},"inLanguage":"es","potentialAction":[{"@type":"ReadAction","target":["https:\/\/www.pressenza.com\/es\/2015\/03\/conferencia-magistral-de-noam-chomsky-referente-ineludible-para-pensar-la-emancipacion-y-la-igualdad\/"]}]},{"@type":"ImageObject","inLanguage":"es","@id":"https:\/\/www.pressenza.com\/es\/2015\/03\/conferencia-magistral-de-noam-chomsky-referente-ineludible-para-pensar-la-emancipacion-y-la-igualdad\/#primaryimage","url":"https:\/\/www.pressenza.com\/wp-content\/uploads\/2015\/03\/16177512733_c9c2f7614c_z.jpg","contentUrl":"https:\/\/www.pressenza.com\/wp-content\/uploads\/2015\/03\/16177512733_c9c2f7614c_z.jpg","width":640,"height":427},{"@type":"BreadcrumbList","@id":"https:\/\/www.pressenza.com\/es\/2015\/03\/conferencia-magistral-de-noam-chomsky-referente-ineludible-para-pensar-la-emancipacion-y-la-igualdad\/#breadcrumb","itemListElement":[{"@type":"ListItem","position":1,"name":"Accueil","item":"https:\/\/www.pressenza.com\/es\/"},{"@type":"ListItem","position":2,"name":"Conferencia Magistral de Noam Chomsky, referente ineludible para pensar la emancipaci\u00f3n y la igualdad"}]},{"@type":"WebSite","@id":"https:\/\/www.pressenza.com\/es\/#website","url":"https:\/\/www.pressenza.com\/es\/","name":"Pressenza","description":"International Press Agency","publisher":{"@id":"https:\/\/www.pressenza.com\/es\/#organization"},"potentialAction":[{"@type":"SearchAction","target":{"@type":"EntryPoint","urlTemplate":"https:\/\/www.pressenza.com\/es\/?s={search_term_string}"},"query-input":{"@type":"PropertyValueSpecification","valueRequired":true,"valueName":"search_term_string"}}],"inLanguage":"es"},{"@type":"Organization","@id":"https:\/\/www.pressenza.com\/es\/#organization","name":"Pressenza","url":"https:\/\/www.pressenza.com\/es\/","logo":{"@type":"ImageObject","inLanguage":"es","@id":"https:\/\/www.pressenza.com\/es\/#\/schema\/logo\/image\/","url":"https:\/\/www.pressenza.com\/wp-content\/uploads\/2022\/10\/pressenza_logo_200x200.jpg","contentUrl":"https:\/\/www.pressenza.com\/wp-content\/uploads\/2022\/10\/pressenza_logo_200x200.jpg","width":200,"height":200,"caption":"Pressenza"},"image":{"@id":"https:\/\/www.pressenza.com\/es\/#\/schema\/logo\/image\/"},"sameAs":["https:\/\/www.facebook.com\/PressenzaItalia","https:\/\/x.com\/PressenzaIPA"]},{"@type":"Person","@id":"https:\/\/www.pressenza.com\/es\/#\/schema\/person\/0dda7d1b68267ad95b1e1d83abc98c89","name":"Redacci\u00f3n Argentina","description":"News from the Pressenza Bureau in Argentina.","sameAs":["https:\/\/x.com\/pressenza"],"url":"https:\/\/www.pressenza.com\/es\/author\/redaccion-argentina\/"}]}},"place":"Ciudad de Buenos Aires","original_article_url":"","_links":{"self":[{"href":"https:\/\/www.pressenza.com\/es\/wp-json\/wp\/v2\/posts\/169719","targetHints":{"allow":["GET"]}}],"collection":[{"href":"https:\/\/www.pressenza.com\/es\/wp-json\/wp\/v2\/posts"}],"about":[{"href":"https:\/\/www.pressenza.com\/es\/wp-json\/wp\/v2\/types\/post"}],"author":[{"embeddable":true,"href":"https:\/\/www.pressenza.com\/es\/wp-json\/wp\/v2\/users\/87"}],"replies":[{"embeddable":true,"href":"https:\/\/www.pressenza.com\/es\/wp-json\/wp\/v2\/comments?post=169719"}],"version-history":[{"count":0,"href":"https:\/\/www.pressenza.com\/es\/wp-json\/wp\/v2\/posts\/169719\/revisions"}],"wp:featuredmedia":[{"embeddable":true,"href":"https:\/\/www.pressenza.com\/es\/wp-json\/wp\/v2\/media\/169720"}],"wp:attachment":[{"href":"https:\/\/www.pressenza.com\/es\/wp-json\/wp\/v2\/media?parent=169719"}],"wp:term":[{"taxonomy":"category","embeddable":true,"href":"https:\/\/www.pressenza.com\/es\/wp-json\/wp\/v2\/categories?post=169719"},{"taxonomy":"post_tag","embeddable":true,"href":"https:\/\/www.pressenza.com\/es\/wp-json\/wp\/v2\/tags?post=169719"}],"curies":[{"name":"wp","href":"https:\/\/api.w.org\/{rel}","templated":true}]}}