{"id":1696615,"date":"2022-11-28T22:17:52","date_gmt":"2022-11-28T22:17:52","guid":{"rendered":"https:\/\/www.pressenza.com\/?p=1696615"},"modified":"2022-11-28T22:17:52","modified_gmt":"2022-11-28T22:17:52","slug":"continentes-y-contenidos-24-11-2022-hebe-de-bonafini-y-red-de-jovenes-afropanamenos","status":"publish","type":"post","link":"https:\/\/www.pressenza.com\/es\/2022\/11\/continentes-y-contenidos-24-11-2022-hebe-de-bonafini-y-red-de-jovenes-afropanamenos\/","title":{"rendered":"Continentes y Contenidos 24\/11\/2022 Hebe de Bonafini y Red de J\u00f3venes Afropaname\u00f1os"},"content":{"rendered":"<p>Hablamos con quien dirigiera la c\u00e1tedra de periodismo de la Universidad de las Madres de Plaza de Mayo y se ocupara tambi\u00e9n durante a\u00f1os de la prensa de la asociaci\u00f3n, Luis Zarranz para homenajear a quien dirigiera la organizaci\u00f3n, Hebe de Bonafini.<\/p>\n<p>Tambi\u00e9n viajamos hasta el Dari\u00e9n para hablar con Mizbar Powell, directora de la Red de J\u00f3venes Afropaname\u00f1os para interiorizarnos de sus actividades solidarias con migrantes y la discriminaci\u00f3n que sufren las personas afro en Panam\u00e1.<\/p>\n<!--[if lt IE 9]><script>document.createElement('audio');<\/script><![endif]-->\n<audio class=\"wp-audio-shortcode\" id=\"audio-1696615-1\" preload=\"none\" style=\"width: 100%;\" controls=\"controls\"><source type=\"audio\/mpeg\" src=\"https:\/\/www.ivoox.com\/continentes-contenidos-24-11-2022-hebe-bonafini-y_md_97132663_wp_1.mp3?_=1\" \/><a href=\"https:\/\/www.ivoox.com\/continentes-contenidos-24-11-2022-hebe-bonafini-y_md_97132663_wp_1.mp3\">https:\/\/www.ivoox.com\/continentes-contenidos-24-11-2022-hebe-bonafini-y_md_97132663_wp_1.mp3<\/a><\/audio>\n<p><a title=\"Continentes y Contenidos 24\/11\/2022 Hebe de Bonafini y Red de J\u00f3venes Afropaname\u00f1os\" href=\"https:\/\/go.ivoox.com\/rf\/97132663\">Ir a descargar<\/a><\/p>\n","protected":false},"excerpt":{"rendered":"<p>Hablamos con quien dirigiera la c\u00e1tedra de periodismo de la Universidad de las Madres de Plaza de Mayo y se ocupara tambi\u00e9n durante a\u00f1os de la prensa de la asociaci\u00f3n, Luis Zarranz para homenajear a quien dirigiera la organizaci\u00f3n, Hebe&hellip;<\/p>\n","protected":false},"author":1011,"featured_media":1696616,"comment_status":"closed","ping_status":"closed","sticky":false,"template":"","format":"standard","meta":{"footnotes":""},"categories":[11389,75,79,39,46976,22754],"tags":[26,43283,9049,22906,3977,5166,40752,54738,107994],"class_list":["post-1696615","post","type-post","status-publish","format-standard","has-post-thumbnail","hentry","category-contenido-original","category-cultura-es","category-derechos-humanos","category-internacional","category-jovenes","category-radio-es","tag-argentina","tag-asociacion-madres-de-plaza-de-mayo","tag-continentes-y-contenidos","tag-hebe-de-bonafini","tag-madres-de-plaza-de-mayo","tag-panama","tag-pressenza-internacional","tag-radio-es","tag-red-de-jovenes-afropanamenos"],"yoast_head":"<!-- This site is optimized with the Yoast SEO plugin v27.1.1 - https:\/\/yoast.com\/product\/yoast-seo-wordpress\/ -->\n<title>Continentes y Contenidos 24\/11\/2022 Hebe de Bonafini y Red de J\u00f3venes Afropaname\u00f1os<\/title>\n<meta name=\"description\" content=\"Hablamos con quien dirigiera la c\u00e1tedra de periodismo de la Universidad de las Madres de Plaza de Mayo y se ocupara tambi\u00e9n durante a\u00f1os de la prensa de\" \/>\n<meta name=\"robots\" content=\"index, follow, max-snippet:-1, max-image-preview:large, max-video-preview:-1\" \/>\n<link rel=\"canonical\" href=\"https:\/\/www.pressenza.com\/es\/2022\/11\/continentes-y-contenidos-24-11-2022-hebe-de-bonafini-y-red-de-jovenes-afropanamenos\/\" \/>\n<meta property=\"og:locale\" content=\"es_ES\" \/>\n<meta property=\"og:type\" content=\"article\" \/>\n<meta property=\"og:title\" content=\"Continentes y Contenidos 24\/11\/2022 Hebe de Bonafini y Red de J\u00f3venes Afropaname\u00f1os\" \/>\n<meta property=\"og:description\" content=\"Hablamos con quien dirigiera la c\u00e1tedra de periodismo de la Universidad de las Madres de Plaza de Mayo y se ocupara tambi\u00e9n durante a\u00f1os de la prensa de\" \/>\n<meta property=\"og:url\" content=\"https:\/\/www.pressenza.com\/es\/2022\/11\/continentes-y-contenidos-24-11-2022-hebe-de-bonafini-y-red-de-jovenes-afropanamenos\/\" \/>\n<meta property=\"og:site_name\" content=\"Pressenza\" \/>\n<meta property=\"article:publisher\" content=\"https:\/\/www.facebook.com\/PressenzaItalia\" \/>\n<meta property=\"article:published_time\" content=\"2022-11-28T22:17:52+00:00\" \/>\n<meta property=\"og:image\" content=\"https:\/\/www.pressenza.com\/wp-content\/uploads\/2022\/11\/Programas-CyC2022-22.jpg\" \/>\n\t<meta property=\"og:image:width\" content=\"1920\" \/>\n\t<meta property=\"og:image:height\" content=\"1536\" \/>\n\t<meta property=\"og:image:type\" content=\"image\/jpeg\" \/>\n<meta name=\"author\" content=\"Redacci\u00f3n Ecuador\" \/>\n<meta name=\"twitter:card\" content=\"summary_large_image\" \/>\n<meta name=\"twitter:creator\" content=\"@PressenzaIPA\" \/>\n<meta name=\"twitter:site\" content=\"@PressenzaIPA\" \/>\n<meta name=\"twitter:label1\" content=\"Escrito por\" \/>\n\t<meta name=\"twitter:data1\" content=\"Redacci\u00f3n Ecuador\" \/>\n\t<meta name=\"twitter:label2\" content=\"Tiempo de lectura\" \/>\n\t<meta name=\"twitter:data2\" content=\"1 minuto\" \/>\n<script type=\"application\/ld+json\" class=\"yoast-schema-graph\">{\"@context\":\"https:\/\/schema.org\",\"@graph\":[{\"@type\":\"Article\",\"@id\":\"https:\/\/www.pressenza.com\/es\/2022\/11\/continentes-y-contenidos-24-11-2022-hebe-de-bonafini-y-red-de-jovenes-afropanamenos\/#article\",\"isPartOf\":{\"@id\":\"https:\/\/www.pressenza.com\/es\/2022\/11\/continentes-y-contenidos-24-11-2022-hebe-de-bonafini-y-red-de-jovenes-afropanamenos\/\"},\"author\":{\"name\":\"Redacci\u00f3n Ecuador\",\"@id\":\"https:\/\/www.pressenza.com\/es\/#\/schema\/person\/883a735c40665759bcc6fe0c26bcb46f\"},\"headline\":\"Continentes y Contenidos 24\/11\/2022 Hebe de Bonafini y Red de J\u00f3venes Afropaname\u00f1os\",\"datePublished\":\"2022-11-28T22:17:52+00:00\",\"mainEntityOfPage\":{\"@id\":\"https:\/\/www.pressenza.com\/es\/2022\/11\/continentes-y-contenidos-24-11-2022-hebe-de-bonafini-y-red-de-jovenes-afropanamenos\/\"},\"wordCount\":116,\"publisher\":{\"@id\":\"https:\/\/www.pressenza.com\/es\/#organization\"},\"image\":{\"@id\":\"https:\/\/www.pressenza.com\/es\/2022\/11\/continentes-y-contenidos-24-11-2022-hebe-de-bonafini-y-red-de-jovenes-afropanamenos\/#primaryimage\"},\"thumbnailUrl\":\"https:\/\/www.pressenza.com\/wp-content\/uploads\/2022\/11\/Programas-CyC2022-22.jpg\",\"keywords\":[\"Argentina\",\"Asociaci\u00f3n Madres de Plaza de Mayo\",\"Continentes y Contenidos\",\"Hebe de Bonafini\",\"Madres de Plaza de mayo\",\"Panam\u00e1\",\"Pressenza Internacional\",\"radio\",\"Red de J\u00f3venes Afropaname\u00f1os\"],\"articleSection\":[\"Contenido Original\",\"Cultura y Medios\",\"Derechos Humanos\",\"Internacional\",\"J\u00f3venes\",\"Radio\"],\"inLanguage\":\"es\"},{\"@type\":\"WebPage\",\"@id\":\"https:\/\/www.pressenza.com\/es\/2022\/11\/continentes-y-contenidos-24-11-2022-hebe-de-bonafini-y-red-de-jovenes-afropanamenos\/\",\"url\":\"https:\/\/www.pressenza.com\/es\/2022\/11\/continentes-y-contenidos-24-11-2022-hebe-de-bonafini-y-red-de-jovenes-afropanamenos\/\",\"name\":\"Continentes y Contenidos 24\/11\/2022 Hebe de Bonafini y Red de J\u00f3venes Afropaname\u00f1os\",\"isPartOf\":{\"@id\":\"https:\/\/www.pressenza.com\/es\/#website\"},\"primaryImageOfPage\":{\"@id\":\"https:\/\/www.pressenza.com\/es\/2022\/11\/continentes-y-contenidos-24-11-2022-hebe-de-bonafini-y-red-de-jovenes-afropanamenos\/#primaryimage\"},\"image\":{\"@id\":\"https:\/\/www.pressenza.com\/es\/2022\/11\/continentes-y-contenidos-24-11-2022-hebe-de-bonafini-y-red-de-jovenes-afropanamenos\/#primaryimage\"},\"thumbnailUrl\":\"https:\/\/www.pressenza.com\/wp-content\/uploads\/2022\/11\/Programas-CyC2022-22.jpg\",\"datePublished\":\"2022-11-28T22:17:52+00:00\",\"description\":\"Hablamos con quien dirigiera la c\u00e1tedra de periodismo de la Universidad de las Madres de Plaza de Mayo y se ocupara tambi\u00e9n durante a\u00f1os de la prensa de\",\"breadcrumb\":{\"@id\":\"https:\/\/www.pressenza.com\/es\/2022\/11\/continentes-y-contenidos-24-11-2022-hebe-de-bonafini-y-red-de-jovenes-afropanamenos\/#breadcrumb\"},\"inLanguage\":\"es\",\"potentialAction\":[{\"@type\":\"ReadAction\",\"target\":[\"https:\/\/www.pressenza.com\/es\/2022\/11\/continentes-y-contenidos-24-11-2022-hebe-de-bonafini-y-red-de-jovenes-afropanamenos\/\"]}]},{\"@type\":\"ImageObject\",\"inLanguage\":\"es\",\"@id\":\"https:\/\/www.pressenza.com\/es\/2022\/11\/continentes-y-contenidos-24-11-2022-hebe-de-bonafini-y-red-de-jovenes-afropanamenos\/#primaryimage\",\"url\":\"https:\/\/www.pressenza.com\/wp-content\/uploads\/2022\/11\/Programas-CyC2022-22.jpg\",\"contentUrl\":\"https:\/\/www.pressenza.com\/wp-content\/uploads\/2022\/11\/Programas-CyC2022-22.jpg\",\"width\":1920,\"height\":1536},{\"@type\":\"BreadcrumbList\",\"@id\":\"https:\/\/www.pressenza.com\/es\/2022\/11\/continentes-y-contenidos-24-11-2022-hebe-de-bonafini-y-red-de-jovenes-afropanamenos\/#breadcrumb\",\"itemListElement\":[{\"@type\":\"ListItem\",\"position\":1,\"name\":\"Accueil\",\"item\":\"https:\/\/www.pressenza.com\/es\/\"},{\"@type\":\"ListItem\",\"position\":2,\"name\":\"Continentes y Contenidos 24\/11\/2022 Hebe de Bonafini y Red de J\u00f3venes Afropaname\u00f1os\"}]},{\"@type\":\"WebSite\",\"@id\":\"https:\/\/www.pressenza.com\/es\/#website\",\"url\":\"https:\/\/www.pressenza.com\/es\/\",\"name\":\"Pressenza\",\"description\":\"International Press Agency\",\"publisher\":{\"@id\":\"https:\/\/www.pressenza.com\/es\/#organization\"},\"potentialAction\":[{\"@type\":\"SearchAction\",\"target\":{\"@type\":\"EntryPoint\",\"urlTemplate\":\"https:\/\/www.pressenza.com\/es\/?s={search_term_string}\"},\"query-input\":{\"@type\":\"PropertyValueSpecification\",\"valueRequired\":true,\"valueName\":\"search_term_string\"}}],\"inLanguage\":\"es\"},{\"@type\":\"Organization\",\"@id\":\"https:\/\/www.pressenza.com\/es\/#organization\",\"name\":\"Pressenza\",\"url\":\"https:\/\/www.pressenza.com\/es\/\",\"logo\":{\"@type\":\"ImageObject\",\"inLanguage\":\"es\",\"@id\":\"https:\/\/www.pressenza.com\/es\/#\/schema\/logo\/image\/\",\"url\":\"https:\/\/www.pressenza.com\/wp-content\/uploads\/2022\/10\/pressenza_logo_200x200.jpg\",\"contentUrl\":\"https:\/\/www.pressenza.com\/wp-content\/uploads\/2022\/10\/pressenza_logo_200x200.jpg\",\"width\":200,\"height\":200,\"caption\":\"Pressenza\"},\"image\":{\"@id\":\"https:\/\/www.pressenza.com\/es\/#\/schema\/logo\/image\/\"},\"sameAs\":[\"https:\/\/www.facebook.com\/PressenzaItalia\",\"https:\/\/x.com\/PressenzaIPA\"]},{\"@type\":\"Person\",\"@id\":\"https:\/\/www.pressenza.com\/es\/#\/schema\/person\/883a735c40665759bcc6fe0c26bcb46f\",\"name\":\"Redacci\u00f3n Ecuador\",\"description\":\"News published by the Pressenza bureau in Quito, Ecuador\",\"url\":\"https:\/\/www.pressenza.com\/es\/author\/redaccion-ecuador\/\"}]}<\/script>\n<!-- \/ Yoast SEO plugin. -->","yoast_head_json":{"title":"Continentes y Contenidos 24\/11\/2022 Hebe de Bonafini y Red de J\u00f3venes Afropaname\u00f1os","description":"Hablamos con quien dirigiera la c\u00e1tedra de periodismo de la Universidad de las Madres de Plaza de Mayo y se ocupara tambi\u00e9n durante a\u00f1os de la prensa de","robots":{"index":"index","follow":"follow","max-snippet":"max-snippet:-1","max-image-preview":"max-image-preview:large","max-video-preview":"max-video-preview:-1"},"canonical":"https:\/\/www.pressenza.com\/es\/2022\/11\/continentes-y-contenidos-24-11-2022-hebe-de-bonafini-y-red-de-jovenes-afropanamenos\/","og_locale":"es_ES","og_type":"article","og_title":"Continentes y Contenidos 24\/11\/2022 Hebe de Bonafini y Red de J\u00f3venes Afropaname\u00f1os","og_description":"Hablamos con quien dirigiera la c\u00e1tedra de periodismo de la Universidad de las Madres de Plaza de Mayo y se ocupara tambi\u00e9n durante a\u00f1os de la prensa de","og_url":"https:\/\/www.pressenza.com\/es\/2022\/11\/continentes-y-contenidos-24-11-2022-hebe-de-bonafini-y-red-de-jovenes-afropanamenos\/","og_site_name":"Pressenza","article_publisher":"https:\/\/www.facebook.com\/PressenzaItalia","article_published_time":"2022-11-28T22:17:52+00:00","og_image":[{"width":1920,"height":1536,"url":"https:\/\/www.pressenza.com\/wp-content\/uploads\/2022\/11\/Programas-CyC2022-22.jpg","type":"image\/jpeg"}],"author":"Redacci\u00f3n Ecuador","twitter_card":"summary_large_image","twitter_creator":"@PressenzaIPA","twitter_site":"@PressenzaIPA","twitter_misc":{"Escrito por":"Redacci\u00f3n Ecuador","Tiempo de lectura":"1 minuto"},"schema":{"@context":"https:\/\/schema.org","@graph":[{"@type":"Article","@id":"https:\/\/www.pressenza.com\/es\/2022\/11\/continentes-y-contenidos-24-11-2022-hebe-de-bonafini-y-red-de-jovenes-afropanamenos\/#article","isPartOf":{"@id":"https:\/\/www.pressenza.com\/es\/2022\/11\/continentes-y-contenidos-24-11-2022-hebe-de-bonafini-y-red-de-jovenes-afropanamenos\/"},"author":{"name":"Redacci\u00f3n Ecuador","@id":"https:\/\/www.pressenza.com\/es\/#\/schema\/person\/883a735c40665759bcc6fe0c26bcb46f"},"headline":"Continentes y Contenidos 24\/11\/2022 Hebe de Bonafini y Red de J\u00f3venes Afropaname\u00f1os","datePublished":"2022-11-28T22:17:52+00:00","mainEntityOfPage":{"@id":"https:\/\/www.pressenza.com\/es\/2022\/11\/continentes-y-contenidos-24-11-2022-hebe-de-bonafini-y-red-de-jovenes-afropanamenos\/"},"wordCount":116,"publisher":{"@id":"https:\/\/www.pressenza.com\/es\/#organization"},"image":{"@id":"https:\/\/www.pressenza.com\/es\/2022\/11\/continentes-y-contenidos-24-11-2022-hebe-de-bonafini-y-red-de-jovenes-afropanamenos\/#primaryimage"},"thumbnailUrl":"https:\/\/www.pressenza.com\/wp-content\/uploads\/2022\/11\/Programas-CyC2022-22.jpg","keywords":["Argentina","Asociaci\u00f3n Madres de Plaza de Mayo","Continentes y Contenidos","Hebe de Bonafini","Madres de Plaza de mayo","Panam\u00e1","Pressenza Internacional","radio","Red de J\u00f3venes Afropaname\u00f1os"],"articleSection":["Contenido Original","Cultura y Medios","Derechos Humanos","Internacional","J\u00f3venes","Radio"],"inLanguage":"es"},{"@type":"WebPage","@id":"https:\/\/www.pressenza.com\/es\/2022\/11\/continentes-y-contenidos-24-11-2022-hebe-de-bonafini-y-red-de-jovenes-afropanamenos\/","url":"https:\/\/www.pressenza.com\/es\/2022\/11\/continentes-y-contenidos-24-11-2022-hebe-de-bonafini-y-red-de-jovenes-afropanamenos\/","name":"Continentes y Contenidos 24\/11\/2022 Hebe de Bonafini y Red de J\u00f3venes Afropaname\u00f1os","isPartOf":{"@id":"https:\/\/www.pressenza.com\/es\/#website"},"primaryImageOfPage":{"@id":"https:\/\/www.pressenza.com\/es\/2022\/11\/continentes-y-contenidos-24-11-2022-hebe-de-bonafini-y-red-de-jovenes-afropanamenos\/#primaryimage"},"image":{"@id":"https:\/\/www.pressenza.com\/es\/2022\/11\/continentes-y-contenidos-24-11-2022-hebe-de-bonafini-y-red-de-jovenes-afropanamenos\/#primaryimage"},"thumbnailUrl":"https:\/\/www.pressenza.com\/wp-content\/uploads\/2022\/11\/Programas-CyC2022-22.jpg","datePublished":"2022-11-28T22:17:52+00:00","description":"Hablamos con quien dirigiera la c\u00e1tedra de periodismo de la Universidad de las Madres de Plaza de Mayo y se ocupara tambi\u00e9n durante a\u00f1os de la prensa de","breadcrumb":{"@id":"https:\/\/www.pressenza.com\/es\/2022\/11\/continentes-y-contenidos-24-11-2022-hebe-de-bonafini-y-red-de-jovenes-afropanamenos\/#breadcrumb"},"inLanguage":"es","potentialAction":[{"@type":"ReadAction","target":["https:\/\/www.pressenza.com\/es\/2022\/11\/continentes-y-contenidos-24-11-2022-hebe-de-bonafini-y-red-de-jovenes-afropanamenos\/"]}]},{"@type":"ImageObject","inLanguage":"es","@id":"https:\/\/www.pressenza.com\/es\/2022\/11\/continentes-y-contenidos-24-11-2022-hebe-de-bonafini-y-red-de-jovenes-afropanamenos\/#primaryimage","url":"https:\/\/www.pressenza.com\/wp-content\/uploads\/2022\/11\/Programas-CyC2022-22.jpg","contentUrl":"https:\/\/www.pressenza.com\/wp-content\/uploads\/2022\/11\/Programas-CyC2022-22.jpg","width":1920,"height":1536},{"@type":"BreadcrumbList","@id":"https:\/\/www.pressenza.com\/es\/2022\/11\/continentes-y-contenidos-24-11-2022-hebe-de-bonafini-y-red-de-jovenes-afropanamenos\/#breadcrumb","itemListElement":[{"@type":"ListItem","position":1,"name":"Accueil","item":"https:\/\/www.pressenza.com\/es\/"},{"@type":"ListItem","position":2,"name":"Continentes y Contenidos 24\/11\/2022 Hebe de Bonafini y Red de J\u00f3venes Afropaname\u00f1os"}]},{"@type":"WebSite","@id":"https:\/\/www.pressenza.com\/es\/#website","url":"https:\/\/www.pressenza.com\/es\/","name":"Pressenza","description":"International Press Agency","publisher":{"@id":"https:\/\/www.pressenza.com\/es\/#organization"},"potentialAction":[{"@type":"SearchAction","target":{"@type":"EntryPoint","urlTemplate":"https:\/\/www.pressenza.com\/es\/?s={search_term_string}"},"query-input":{"@type":"PropertyValueSpecification","valueRequired":true,"valueName":"search_term_string"}}],"inLanguage":"es"},{"@type":"Organization","@id":"https:\/\/www.pressenza.com\/es\/#organization","name":"Pressenza","url":"https:\/\/www.pressenza.com\/es\/","logo":{"@type":"ImageObject","inLanguage":"es","@id":"https:\/\/www.pressenza.com\/es\/#\/schema\/logo\/image\/","url":"https:\/\/www.pressenza.com\/wp-content\/uploads\/2022\/10\/pressenza_logo_200x200.jpg","contentUrl":"https:\/\/www.pressenza.com\/wp-content\/uploads\/2022\/10\/pressenza_logo_200x200.jpg","width":200,"height":200,"caption":"Pressenza"},"image":{"@id":"https:\/\/www.pressenza.com\/es\/#\/schema\/logo\/image\/"},"sameAs":["https:\/\/www.facebook.com\/PressenzaItalia","https:\/\/x.com\/PressenzaIPA"]},{"@type":"Person","@id":"https:\/\/www.pressenza.com\/es\/#\/schema\/person\/883a735c40665759bcc6fe0c26bcb46f","name":"Redacci\u00f3n Ecuador","description":"News published by the Pressenza bureau in Quito, Ecuador","url":"https:\/\/www.pressenza.com\/es\/author\/redaccion-ecuador\/"}]}},"place":"Quito - Buenos Aires - Bogot\u00e1 - Panam\u00e1","original_article_url":"","_links":{"self":[{"href":"https:\/\/www.pressenza.com\/es\/wp-json\/wp\/v2\/posts\/1696615","targetHints":{"allow":["GET"]}}],"collection":[{"href":"https:\/\/www.pressenza.com\/es\/wp-json\/wp\/v2\/posts"}],"about":[{"href":"https:\/\/www.pressenza.com\/es\/wp-json\/wp\/v2\/types\/post"}],"author":[{"embeddable":true,"href":"https:\/\/www.pressenza.com\/es\/wp-json\/wp\/v2\/users\/1011"}],"replies":[{"embeddable":true,"href":"https:\/\/www.pressenza.com\/es\/wp-json\/wp\/v2\/comments?post=1696615"}],"version-history":[{"count":0,"href":"https:\/\/www.pressenza.com\/es\/wp-json\/wp\/v2\/posts\/1696615\/revisions"}],"wp:featuredmedia":[{"embeddable":true,"href":"https:\/\/www.pressenza.com\/es\/wp-json\/wp\/v2\/media\/1696616"}],"wp:attachment":[{"href":"https:\/\/www.pressenza.com\/es\/wp-json\/wp\/v2\/media?parent=1696615"}],"wp:term":[{"taxonomy":"category","embeddable":true,"href":"https:\/\/www.pressenza.com\/es\/wp-json\/wp\/v2\/categories?post=1696615"},{"taxonomy":"post_tag","embeddable":true,"href":"https:\/\/www.pressenza.com\/es\/wp-json\/wp\/v2\/tags?post=1696615"}],"curies":[{"name":"wp","href":"https:\/\/api.w.org\/{rel}","templated":true}]}}