{"id":1696511,"date":"2022-11-28T16:23:58","date_gmt":"2022-11-28T16:23:58","guid":{"rendered":"https:\/\/www.pressenza.com\/?p=1696511"},"modified":"2022-11-28T16:23:58","modified_gmt":"2022-11-28T16:23:58","slug":"nueva-version-de-expodiversidad-llenara-de-color-santiago-de-chile","status":"publish","type":"post","link":"https:\/\/www.pressenza.com\/es\/2022\/11\/nueva-version-de-expodiversidad-llenara-de-color-santiago-de-chile\/","title":{"rendered":"Nueva versi\u00f3n de ExpoDiversidad llenar\u00e1 de color Santiago de Chile"},"content":{"rendered":"<p>Luego de 4 versiones anteriores \u2013 dos de ellas totalmente online- regresa Expo Diversidad, evento cuyo principal objetivo es celebrar y visibilizar la lucha de la comunidad LGBTIQA+, a trav\u00e9s de espacio seguro de diversidad, inclusi\u00f3n e igualdad, permitiendo que cada vez m\u00e1s personas puedan recibir m\u00e1s informaci\u00f3n social y educacional sobre estos temas muchas veces ocultos en la sociedad.<\/p>\n<p>En su quinta versi\u00f3n, la exposici\u00f3n tendr\u00e1 entrada liberada durante toda la jornada -desde las 12 hasta las 22 hrs-, en donde los asistentes podr\u00e1n encontrarse con varios stands de emprendedores, zonas de experiencias y entretenci\u00f3n (como Just Dance) adem\u00e1s de cambios de look, la realizaci\u00f3n de tatuajes totalmente gratuitos e. incluso, oportunidades laborales.<\/p>\n<p>En lo que a m\u00fasica respecta, el show estar\u00e1 a cargo de artistas como\u00a0 Drag Queens de Spectrum Channel y Cari Monteci, quien dio vida al himno oficial de la Roja Femenina, adem\u00e1s de destacados Drag Kings. Los fan\u00e1ticos del baile, podr\u00e1n tomar clases de <em>vouge femme<\/em> cuya forma de house dance se populariz\u00f3 con la reina del pop, Madonna, con su canci\u00f3n del mismo nombre en los a\u00f1os 90\u00b4s. Por supuesto, el K-Pop no puede quedar fuera, ya que se ha convertido en una de las fuertes influencias musicales del \u00faltimo tiempo.<\/p>\n<p>Para m\u00e1s informaci\u00f3n puedes visitar las redes sociales @expodiversidadoficial en Instagram o la web expodiversidad.org<\/p>\n<p style=\"text-align: center;\"><strong>Expo-Diversidad <\/strong><br \/>\nS\u00e1bado 03 diciembre 2022<br \/>\nDe 12 a 22 hrs<br \/>\nEntrada Liberada<br \/>\nRio de Janeiro 335, Recoleta (Metro Patronato)<\/p>\n<p>&nbsp;<\/p>\n<p>&nbsp;<\/p>\n","protected":false},"excerpt":{"rendered":"<p>Luego de 4 versiones anteriores \u2013 dos de ellas totalmente online- regresa Expo Diversidad, evento cuyo principal objetivo es celebrar y visibilizar la lucha de la comunidad LGBTIQA+, a trav\u00e9s de espacio seguro de diversidad, inclusi\u00f3n e igualdad, permitiendo que&hellip;<\/p>\n","protected":false},"author":43,"featured_media":1696514,"comment_status":"closed","ping_status":"closed","sticky":false,"template":"","format":"standard","meta":{"footnotes":""},"categories":[1241,54515,67],"tags":[107980,107979,107978,107977,15108],"class_list":["post-1696511","post","type-post","status-publish","format-standard","has-post-thumbnail","hentry","category-diversidad","category-genero-y-feminismos","category-sudamerica","tag-disdencias-sexuales","tag-drag-kings","tag-drag-queens","tag-expodiversidad","tag-lgbt-es"],"yoast_head":"<!-- This site is optimized with the Yoast SEO plugin v27.1.1 - https:\/\/yoast.com\/product\/yoast-seo-wordpress\/ -->\n<title>Nueva versi\u00f3n de ExpoDiversidad llenar\u00e1 de color Santiago de Chile<\/title>\n<meta name=\"description\" content=\"Luego de 4 versiones anteriores \u2013 dos de ellas totalmente online- regresa Expo Diversidad, evento cuyo principal objetivo es celebrar y visibilizar la\" \/>\n<meta name=\"robots\" content=\"index, follow, max-snippet:-1, max-image-preview:large, max-video-preview:-1\" \/>\n<link rel=\"canonical\" href=\"https:\/\/www.pressenza.com\/es\/2022\/11\/nueva-version-de-expodiversidad-llenara-de-color-santiago-de-chile\/\" \/>\n<meta property=\"og:locale\" content=\"es_ES\" \/>\n<meta property=\"og:type\" content=\"article\" \/>\n<meta property=\"og:title\" content=\"Nueva versi\u00f3n de ExpoDiversidad llenar\u00e1 de color Santiago de Chile\" \/>\n<meta property=\"og:description\" content=\"Luego de 4 versiones anteriores \u2013 dos de ellas totalmente online- regresa Expo Diversidad, evento cuyo principal objetivo es celebrar y visibilizar la\" \/>\n<meta property=\"og:url\" content=\"https:\/\/www.pressenza.com\/es\/2022\/11\/nueva-version-de-expodiversidad-llenara-de-color-santiago-de-chile\/\" \/>\n<meta property=\"og:site_name\" content=\"Pressenza\" \/>\n<meta property=\"article:publisher\" content=\"https:\/\/www.facebook.com\/PressenzaItalia\" \/>\n<meta property=\"article:author\" content=\"https:\/\/www.facebook.com\/pressenza\" \/>\n<meta property=\"article:published_time\" content=\"2022-11-28T16:23:58+00:00\" \/>\n<meta property=\"og:image\" content=\"https:\/\/www.pressenza.com\/wp-content\/uploads\/2022\/11\/Expo-Diversidad-Nov-2022-SCL.jpeg\" \/>\n\t<meta property=\"og:image:width\" content=\"720\" \/>\n\t<meta property=\"og:image:height\" content=\"1280\" \/>\n\t<meta property=\"og:image:type\" content=\"image\/jpeg\" \/>\n<meta name=\"author\" content=\"Redacci\u00f3n Chile\" \/>\n<meta name=\"twitter:card\" content=\"summary_large_image\" \/>\n<meta name=\"twitter:creator\" content=\"@pressenza\" \/>\n<meta name=\"twitter:site\" content=\"@PressenzaIPA\" \/>\n<meta name=\"twitter:label1\" content=\"Escrito por\" \/>\n\t<meta name=\"twitter:data1\" content=\"Redacci\u00f3n Chile\" \/>\n\t<meta name=\"twitter:label2\" content=\"Tiempo de lectura\" \/>\n\t<meta name=\"twitter:data2\" content=\"2 minutos\" \/>\n<script type=\"application\/ld+json\" class=\"yoast-schema-graph\">{\"@context\":\"https:\/\/schema.org\",\"@graph\":[{\"@type\":\"Article\",\"@id\":\"https:\/\/www.pressenza.com\/es\/2022\/11\/nueva-version-de-expodiversidad-llenara-de-color-santiago-de-chile\/#article\",\"isPartOf\":{\"@id\":\"https:\/\/www.pressenza.com\/es\/2022\/11\/nueva-version-de-expodiversidad-llenara-de-color-santiago-de-chile\/\"},\"author\":{\"name\":\"Redacci\u00f3n Chile\",\"@id\":\"https:\/\/www.pressenza.com\/es\/#\/schema\/person\/d7db40df35d6698ba69ba9ee260944ed\"},\"headline\":\"Nueva versi\u00f3n de ExpoDiversidad llenar\u00e1 de color Santiago de Chile\",\"datePublished\":\"2022-11-28T16:23:58+00:00\",\"mainEntityOfPage\":{\"@id\":\"https:\/\/www.pressenza.com\/es\/2022\/11\/nueva-version-de-expodiversidad-llenara-de-color-santiago-de-chile\/\"},\"wordCount\":266,\"publisher\":{\"@id\":\"https:\/\/www.pressenza.com\/es\/#organization\"},\"image\":{\"@id\":\"https:\/\/www.pressenza.com\/es\/2022\/11\/nueva-version-de-expodiversidad-llenara-de-color-santiago-de-chile\/#primaryimage\"},\"thumbnailUrl\":\"https:\/\/www.pressenza.com\/wp-content\/uploads\/2022\/11\/Expo-Diversidad-Nov-2022-SCL.jpeg\",\"keywords\":[\"disdencias sexuales\",\"drag kings\",\"drag queens\",\"expoDiversidad\",\"LGBT\"],\"articleSection\":[\"Diversidad\",\"G\u00e9nero y Feminismos\",\"Sudam\u00e9rica\"],\"inLanguage\":\"es\"},{\"@type\":\"WebPage\",\"@id\":\"https:\/\/www.pressenza.com\/es\/2022\/11\/nueva-version-de-expodiversidad-llenara-de-color-santiago-de-chile\/\",\"url\":\"https:\/\/www.pressenza.com\/es\/2022\/11\/nueva-version-de-expodiversidad-llenara-de-color-santiago-de-chile\/\",\"name\":\"Nueva versi\u00f3n de ExpoDiversidad llenar\u00e1 de color Santiago de Chile\",\"isPartOf\":{\"@id\":\"https:\/\/www.pressenza.com\/es\/#website\"},\"primaryImageOfPage\":{\"@id\":\"https:\/\/www.pressenza.com\/es\/2022\/11\/nueva-version-de-expodiversidad-llenara-de-color-santiago-de-chile\/#primaryimage\"},\"image\":{\"@id\":\"https:\/\/www.pressenza.com\/es\/2022\/11\/nueva-version-de-expodiversidad-llenara-de-color-santiago-de-chile\/#primaryimage\"},\"thumbnailUrl\":\"https:\/\/www.pressenza.com\/wp-content\/uploads\/2022\/11\/Expo-Diversidad-Nov-2022-SCL.jpeg\",\"datePublished\":\"2022-11-28T16:23:58+00:00\",\"description\":\"Luego de 4 versiones anteriores \u2013 dos de ellas totalmente online- regresa Expo Diversidad, evento cuyo principal objetivo es celebrar y visibilizar la\",\"breadcrumb\":{\"@id\":\"https:\/\/www.pressenza.com\/es\/2022\/11\/nueva-version-de-expodiversidad-llenara-de-color-santiago-de-chile\/#breadcrumb\"},\"inLanguage\":\"es\",\"potentialAction\":[{\"@type\":\"ReadAction\",\"target\":[\"https:\/\/www.pressenza.com\/es\/2022\/11\/nueva-version-de-expodiversidad-llenara-de-color-santiago-de-chile\/\"]}]},{\"@type\":\"ImageObject\",\"inLanguage\":\"es\",\"@id\":\"https:\/\/www.pressenza.com\/es\/2022\/11\/nueva-version-de-expodiversidad-llenara-de-color-santiago-de-chile\/#primaryimage\",\"url\":\"https:\/\/www.pressenza.com\/wp-content\/uploads\/2022\/11\/Expo-Diversidad-Nov-2022-SCL.jpeg\",\"contentUrl\":\"https:\/\/www.pressenza.com\/wp-content\/uploads\/2022\/11\/Expo-Diversidad-Nov-2022-SCL.jpeg\",\"width\":720,\"height\":1280,\"caption\":\"ExpoDiversidad 03 Diciembre Santiago de Chile\"},{\"@type\":\"BreadcrumbList\",\"@id\":\"https:\/\/www.pressenza.com\/es\/2022\/11\/nueva-version-de-expodiversidad-llenara-de-color-santiago-de-chile\/#breadcrumb\",\"itemListElement\":[{\"@type\":\"ListItem\",\"position\":1,\"name\":\"Accueil\",\"item\":\"https:\/\/www.pressenza.com\/es\/\"},{\"@type\":\"ListItem\",\"position\":2,\"name\":\"Nueva versi\u00f3n de ExpoDiversidad llenar\u00e1 de color Santiago de Chile\"}]},{\"@type\":\"WebSite\",\"@id\":\"https:\/\/www.pressenza.com\/es\/#website\",\"url\":\"https:\/\/www.pressenza.com\/es\/\",\"name\":\"Pressenza\",\"description\":\"International Press Agency\",\"publisher\":{\"@id\":\"https:\/\/www.pressenza.com\/es\/#organization\"},\"potentialAction\":[{\"@type\":\"SearchAction\",\"target\":{\"@type\":\"EntryPoint\",\"urlTemplate\":\"https:\/\/www.pressenza.com\/es\/?s={search_term_string}\"},\"query-input\":{\"@type\":\"PropertyValueSpecification\",\"valueRequired\":true,\"valueName\":\"search_term_string\"}}],\"inLanguage\":\"es\"},{\"@type\":\"Organization\",\"@id\":\"https:\/\/www.pressenza.com\/es\/#organization\",\"name\":\"Pressenza\",\"url\":\"https:\/\/www.pressenza.com\/es\/\",\"logo\":{\"@type\":\"ImageObject\",\"inLanguage\":\"es\",\"@id\":\"https:\/\/www.pressenza.com\/es\/#\/schema\/logo\/image\/\",\"url\":\"https:\/\/www.pressenza.com\/wp-content\/uploads\/2022\/10\/pressenza_logo_200x200.jpg\",\"contentUrl\":\"https:\/\/www.pressenza.com\/wp-content\/uploads\/2022\/10\/pressenza_logo_200x200.jpg\",\"width\":200,\"height\":200,\"caption\":\"Pressenza\"},\"image\":{\"@id\":\"https:\/\/www.pressenza.com\/es\/#\/schema\/logo\/image\/\"},\"sameAs\":[\"https:\/\/www.facebook.com\/PressenzaItalia\",\"https:\/\/x.com\/PressenzaIPA\"]},{\"@type\":\"Person\",\"@id\":\"https:\/\/www.pressenza.com\/es\/#\/schema\/person\/d7db40df35d6698ba69ba9ee260944ed\",\"name\":\"Redacci\u00f3n Chile\",\"description\":\"News from the Pressenza Bureau in Chile\",\"sameAs\":[\"https:\/\/www.facebook.com\/pressenza\",\"https:\/\/x.com\/pressenza\"],\"url\":\"https:\/\/www.pressenza.com\/es\/author\/redaccion-chile\/\"}]}<\/script>\n<!-- \/ Yoast SEO plugin. -->","yoast_head_json":{"title":"Nueva versi\u00f3n de ExpoDiversidad llenar\u00e1 de color Santiago de Chile","description":"Luego de 4 versiones anteriores \u2013 dos de ellas totalmente online- regresa Expo Diversidad, evento cuyo principal objetivo es celebrar y visibilizar la","robots":{"index":"index","follow":"follow","max-snippet":"max-snippet:-1","max-image-preview":"max-image-preview:large","max-video-preview":"max-video-preview:-1"},"canonical":"https:\/\/www.pressenza.com\/es\/2022\/11\/nueva-version-de-expodiversidad-llenara-de-color-santiago-de-chile\/","og_locale":"es_ES","og_type":"article","og_title":"Nueva versi\u00f3n de ExpoDiversidad llenar\u00e1 de color Santiago de Chile","og_description":"Luego de 4 versiones anteriores \u2013 dos de ellas totalmente online- regresa Expo Diversidad, evento cuyo principal objetivo es celebrar y visibilizar la","og_url":"https:\/\/www.pressenza.com\/es\/2022\/11\/nueva-version-de-expodiversidad-llenara-de-color-santiago-de-chile\/","og_site_name":"Pressenza","article_publisher":"https:\/\/www.facebook.com\/PressenzaItalia","article_author":"https:\/\/www.facebook.com\/pressenza","article_published_time":"2022-11-28T16:23:58+00:00","og_image":[{"width":720,"height":1280,"url":"https:\/\/www.pressenza.com\/wp-content\/uploads\/2022\/11\/Expo-Diversidad-Nov-2022-SCL.jpeg","type":"image\/jpeg"}],"author":"Redacci\u00f3n Chile","twitter_card":"summary_large_image","twitter_creator":"@pressenza","twitter_site":"@PressenzaIPA","twitter_misc":{"Escrito por":"Redacci\u00f3n Chile","Tiempo de lectura":"2 minutos"},"schema":{"@context":"https:\/\/schema.org","@graph":[{"@type":"Article","@id":"https:\/\/www.pressenza.com\/es\/2022\/11\/nueva-version-de-expodiversidad-llenara-de-color-santiago-de-chile\/#article","isPartOf":{"@id":"https:\/\/www.pressenza.com\/es\/2022\/11\/nueva-version-de-expodiversidad-llenara-de-color-santiago-de-chile\/"},"author":{"name":"Redacci\u00f3n Chile","@id":"https:\/\/www.pressenza.com\/es\/#\/schema\/person\/d7db40df35d6698ba69ba9ee260944ed"},"headline":"Nueva versi\u00f3n de ExpoDiversidad llenar\u00e1 de color Santiago de Chile","datePublished":"2022-11-28T16:23:58+00:00","mainEntityOfPage":{"@id":"https:\/\/www.pressenza.com\/es\/2022\/11\/nueva-version-de-expodiversidad-llenara-de-color-santiago-de-chile\/"},"wordCount":266,"publisher":{"@id":"https:\/\/www.pressenza.com\/es\/#organization"},"image":{"@id":"https:\/\/www.pressenza.com\/es\/2022\/11\/nueva-version-de-expodiversidad-llenara-de-color-santiago-de-chile\/#primaryimage"},"thumbnailUrl":"https:\/\/www.pressenza.com\/wp-content\/uploads\/2022\/11\/Expo-Diversidad-Nov-2022-SCL.jpeg","keywords":["disdencias sexuales","drag kings","drag queens","expoDiversidad","LGBT"],"articleSection":["Diversidad","G\u00e9nero y Feminismos","Sudam\u00e9rica"],"inLanguage":"es"},{"@type":"WebPage","@id":"https:\/\/www.pressenza.com\/es\/2022\/11\/nueva-version-de-expodiversidad-llenara-de-color-santiago-de-chile\/","url":"https:\/\/www.pressenza.com\/es\/2022\/11\/nueva-version-de-expodiversidad-llenara-de-color-santiago-de-chile\/","name":"Nueva versi\u00f3n de ExpoDiversidad llenar\u00e1 de color Santiago de Chile","isPartOf":{"@id":"https:\/\/www.pressenza.com\/es\/#website"},"primaryImageOfPage":{"@id":"https:\/\/www.pressenza.com\/es\/2022\/11\/nueva-version-de-expodiversidad-llenara-de-color-santiago-de-chile\/#primaryimage"},"image":{"@id":"https:\/\/www.pressenza.com\/es\/2022\/11\/nueva-version-de-expodiversidad-llenara-de-color-santiago-de-chile\/#primaryimage"},"thumbnailUrl":"https:\/\/www.pressenza.com\/wp-content\/uploads\/2022\/11\/Expo-Diversidad-Nov-2022-SCL.jpeg","datePublished":"2022-11-28T16:23:58+00:00","description":"Luego de 4 versiones anteriores \u2013 dos de ellas totalmente online- regresa Expo Diversidad, evento cuyo principal objetivo es celebrar y visibilizar la","breadcrumb":{"@id":"https:\/\/www.pressenza.com\/es\/2022\/11\/nueva-version-de-expodiversidad-llenara-de-color-santiago-de-chile\/#breadcrumb"},"inLanguage":"es","potentialAction":[{"@type":"ReadAction","target":["https:\/\/www.pressenza.com\/es\/2022\/11\/nueva-version-de-expodiversidad-llenara-de-color-santiago-de-chile\/"]}]},{"@type":"ImageObject","inLanguage":"es","@id":"https:\/\/www.pressenza.com\/es\/2022\/11\/nueva-version-de-expodiversidad-llenara-de-color-santiago-de-chile\/#primaryimage","url":"https:\/\/www.pressenza.com\/wp-content\/uploads\/2022\/11\/Expo-Diversidad-Nov-2022-SCL.jpeg","contentUrl":"https:\/\/www.pressenza.com\/wp-content\/uploads\/2022\/11\/Expo-Diversidad-Nov-2022-SCL.jpeg","width":720,"height":1280,"caption":"ExpoDiversidad 03 Diciembre Santiago de Chile"},{"@type":"BreadcrumbList","@id":"https:\/\/www.pressenza.com\/es\/2022\/11\/nueva-version-de-expodiversidad-llenara-de-color-santiago-de-chile\/#breadcrumb","itemListElement":[{"@type":"ListItem","position":1,"name":"Accueil","item":"https:\/\/www.pressenza.com\/es\/"},{"@type":"ListItem","position":2,"name":"Nueva versi\u00f3n de ExpoDiversidad llenar\u00e1 de color Santiago de Chile"}]},{"@type":"WebSite","@id":"https:\/\/www.pressenza.com\/es\/#website","url":"https:\/\/www.pressenza.com\/es\/","name":"Pressenza","description":"International Press Agency","publisher":{"@id":"https:\/\/www.pressenza.com\/es\/#organization"},"potentialAction":[{"@type":"SearchAction","target":{"@type":"EntryPoint","urlTemplate":"https:\/\/www.pressenza.com\/es\/?s={search_term_string}"},"query-input":{"@type":"PropertyValueSpecification","valueRequired":true,"valueName":"search_term_string"}}],"inLanguage":"es"},{"@type":"Organization","@id":"https:\/\/www.pressenza.com\/es\/#organization","name":"Pressenza","url":"https:\/\/www.pressenza.com\/es\/","logo":{"@type":"ImageObject","inLanguage":"es","@id":"https:\/\/www.pressenza.com\/es\/#\/schema\/logo\/image\/","url":"https:\/\/www.pressenza.com\/wp-content\/uploads\/2022\/10\/pressenza_logo_200x200.jpg","contentUrl":"https:\/\/www.pressenza.com\/wp-content\/uploads\/2022\/10\/pressenza_logo_200x200.jpg","width":200,"height":200,"caption":"Pressenza"},"image":{"@id":"https:\/\/www.pressenza.com\/es\/#\/schema\/logo\/image\/"},"sameAs":["https:\/\/www.facebook.com\/PressenzaItalia","https:\/\/x.com\/PressenzaIPA"]},{"@type":"Person","@id":"https:\/\/www.pressenza.com\/es\/#\/schema\/person\/d7db40df35d6698ba69ba9ee260944ed","name":"Redacci\u00f3n Chile","description":"News from the Pressenza Bureau in Chile","sameAs":["https:\/\/www.facebook.com\/pressenza","https:\/\/x.com\/pressenza"],"url":"https:\/\/www.pressenza.com\/es\/author\/redaccion-chile\/"}]}},"place":"Santiago de Chile","original_article_url":"","_links":{"self":[{"href":"https:\/\/www.pressenza.com\/es\/wp-json\/wp\/v2\/posts\/1696511","targetHints":{"allow":["GET"]}}],"collection":[{"href":"https:\/\/www.pressenza.com\/es\/wp-json\/wp\/v2\/posts"}],"about":[{"href":"https:\/\/www.pressenza.com\/es\/wp-json\/wp\/v2\/types\/post"}],"author":[{"embeddable":true,"href":"https:\/\/www.pressenza.com\/es\/wp-json\/wp\/v2\/users\/43"}],"replies":[{"embeddable":true,"href":"https:\/\/www.pressenza.com\/es\/wp-json\/wp\/v2\/comments?post=1696511"}],"version-history":[{"count":0,"href":"https:\/\/www.pressenza.com\/es\/wp-json\/wp\/v2\/posts\/1696511\/revisions"}],"wp:featuredmedia":[{"embeddable":true,"href":"https:\/\/www.pressenza.com\/es\/wp-json\/wp\/v2\/media\/1696514"}],"wp:attachment":[{"href":"https:\/\/www.pressenza.com\/es\/wp-json\/wp\/v2\/media?parent=1696511"}],"wp:term":[{"taxonomy":"category","embeddable":true,"href":"https:\/\/www.pressenza.com\/es\/wp-json\/wp\/v2\/categories?post=1696511"},{"taxonomy":"post_tag","embeddable":true,"href":"https:\/\/www.pressenza.com\/es\/wp-json\/wp\/v2\/tags?post=1696511"}],"curies":[{"name":"wp","href":"https:\/\/api.w.org\/{rel}","templated":true}]}}