{"id":1696454,"date":"2022-11-28T13:26:16","date_gmt":"2022-11-28T13:26:16","guid":{"rendered":"https:\/\/www.pressenza.com\/?p=1696454"},"modified":"2022-11-28T13:26:16","modified_gmt":"2022-11-28T13:26:16","slug":"los-feminismos-sensibles-transformaran-al-mundo","status":"publish","type":"post","link":"https:\/\/www.pressenza.com\/es\/2022\/11\/los-feminismos-sensibles-transformaran-al-mundo\/","title":{"rendered":"Los feminismos sensibles, transformar\u00e1n al mundo"},"content":{"rendered":"<p>El contacto entre las mujeres, en conjunto, desde un estado de sensibilidad, hace que el mundo se transforme. Esta experiencia la vivo cuando nos reunimos, conversamos y empezamos a accionar en el mundo. Entonces comienzo a preguntarme: \u00bfqu\u00e9 es la sensibilidad para m\u00ed? Y \u00bfc\u00f3mo se construye o se alimenta?\u00a0 \u00bfEjercemos la sensibilidad m\u00e1s all\u00e1 de lo que nombramos como \u201clo sensible\u201d? \u00bfC\u00f3mo transformarnos en algo que no podemos imaginar a\u00fan?<\/p>\n<p>Tengo el anhelo de que la sensibilidad nos lleve a revolucionar el mundo. Un anhelo que se siente con fuerza, palpitante, por dentro, grita. Quiz\u00e1s esa sensibilidad de la que hablo est\u00e1 escondida, tal vez no nos animamos a ejercerla. \u00bfY si fuera que el mandato patriarcal es tan fuerte que creemos que es errado que nosotras lo visibilicemos y ejerzamos?<\/p>\n<p>Esta civilizaci\u00f3n patriarcal nos afecta: aprendimos en un mundo de valores, competencias y jerarqu\u00edas. Esas pr\u00e1cticas que tenemos instituidas entre las mujeres de ponernos en lugares de competencia y maltratarnos, son pr\u00e1cticas de supervivencia ya que si no hacemos el ejercicio de respetar el mundo patriarcal, somos brutalmente discriminadas. Peleamos con otras mujeres porque con los varones no podemos competir; pero en la intimidad, toda esa competencia, toda esa acci\u00f3n externa est\u00e1 relacionada con la propia falta de confianza y autoestima, que nos lleva a dudar constantemente de nuestro potencial. Estas actitudes nos hacen tener una mirada sesgada hacia las otras mujeres, dificultad para apreciarlas, ya que la mirada de las dem\u00e1s y las apariencias siempre est\u00e1n por encima. Convivimos en dos mundos, porque tambi\u00e9n tenemos que ser perfectas madres, amas de casas, mujeres maravilla, entre otros roles que el sistema nos ense\u00f1a para esta vida. Entonces, las experiencias de vida se vuelven superficiales.<\/p>\n<p>La falta de sensibilidad tiene que ver con el mundo patriarcal que nosotras tambi\u00e9n hemos ejercido con otras, inclusive con las ni\u00f1eces. Hay siempre una actitud despectiva con respecto a los planteamientos de las mujeres. El miedo y el temor nos hacen perder la sensibilidad. Todo lo hacemos por temor, llevamos el temor adelante todo el tiempo.<\/p>\n<p>Cuando una amiga hablaba criticando a otra mujer, yo intentaba sentir la falta de sensibilidad en los tratos personales. Creo que nos importa poco lo que sienta la otra, lo cual puede traer consecuencias de ruptura vincular. Esto que nos pasa tenemos que traerlo al di\u00e1logo para que aparezca entre nosotras, para que se manifieste un modo nuevo de sensibilidad entre las mujeres. Todas estamos inmiscuidas en esas conductas patriarcales occidentales competitivas y violentas. El ponerse en el lugar de la otra como una pr\u00e1ctica intencional es, tambi\u00e9n, ponernos en el lugar que nos tenemos que dar.<\/p>\n<p>Quiero comprender y ponerme en el lugar de las que transgreden, inconformes, hastiadas, incomprendidas, inc\u00f3modas, insatisfechas, inoportunas, irreverentes, incorregibles e incontrolables, tambi\u00e9n el de las conservadoras, tradicionales y conformistas, cuando no quieren cambiar nada.<\/p>\n<p>\u00abLa sororidad es poderosa\u00bb. Podemos tejer sensibilidades abriendo los espacios, la mente, el cuerpo, el coraz\u00f3n, experimentar sin temor esa sensibilidad que est\u00e1n relacionada con nuestra historia, con nuestro registro perceptual, subjetivo y singular. Somos parte de una individualidad que crea comunidad, ya no nos registramos separadas, y eso es un sentir sensible ecol\u00f3gico del mundo del que somos parte.<\/p>\n<p>Si soy sensible, estoy m\u00e1s abierta a la comprensi\u00f3n hacia las otras. La sensibilidad es una forma de inteligencia; un nuevo estado de la conciencia. Es posible la validaci\u00f3n y habilitaci\u00f3n de lo sensible en lo cotidiano como potencia y fuerza de lucha, incluso como herramienta.<\/p>\n<p>Se siente m\u00e1s cuando hay di\u00e1logos intensos, abrazos profundos, cuando irradia alegr\u00eda, amasa bondades, cuando hay coraje para mostrarlo y resistimos a las ofensas. No hay razones, hay sentires.<\/p>\n<p>Hay que traspasar los l\u00edmites permitidos.<\/p>\n<p>Liberarse de los l\u00edmites impuestos.<\/p>\n<p>Es necesario, all\u00ed vamos, volando alegres, creyendo que es posible, que el mundo nos va a escuchar, que podemos mirar el sol y sentir su calidez cuando creemos en esto, que las estrellas nos alumbran con m\u00e1s brillo, que los girasoles se dan vuelta a vernos porque hay mucha luz, que los p\u00e1jaros cantan y nos dicen que vamos por buen camino.<\/p>\n<p>Vamos cambi\u00e1ndonos entre nosotras para que la compasi\u00f3n por todas est\u00e9 siempre presente. Vamos, apresuradas, choc\u00e1ndonos unas con otras, queremos que sea ya. Irrumpimos, nos convocamos, construimos met\u00e1foras amables con la fuerza de nuestros deseos. Nos tejemos sin importar el color, la edad. Las diferencias no las vemos, pero tampoco las sentimos. La esperanza nos mueve a salir de este absurdo y gris\u00e1ceo mundo. Vamos despeinadas, desarregladas, con zapatos rotos, como podemos acudimos, nos encontramos, cantamos, bailamos, nos disfrazamos. Presentes, nosotras dispuestas a todo. Sin rodeos ni vueltas ni miedos.<\/p>\n<p>Un anhelo que viene desde el adentro profundo.<\/p>\n","protected":false},"excerpt":{"rendered":"<p>El contacto entre las mujeres, en conjunto, desde un estado de sensibilidad, hace que el mundo se transforme. Esta experiencia la vivo cuando nos reunimos, conversamos y empezamos a accionar en el mundo. Entonces comienzo a preguntarme: \u00bfqu\u00e9 es la&hellip;<\/p>\n","protected":false},"author":1782,"featured_media":1696460,"comment_status":"closed","ping_status":"closed","sticky":false,"template":"","format":"standard","meta":{"footnotes":""},"categories":[11389,54515,161,20607,67],"tags":[44232,27815,107963,25075],"class_list":["post-1696454","post","type-post","status-publish","format-standard","has-post-thumbnail","hentry","category-contenido-original","category-genero-y-feminismos","category-opiniones","category-sin-categorizar","category-sudamerica","tag-feminismos","tag-mujer","tag-sensibilidad","tag-transformacion"],"yoast_head":"<!-- This site is optimized with the Yoast SEO plugin v27.1.1 - https:\/\/yoast.com\/product\/yoast-seo-wordpress\/ -->\n<title>Los feminismos sensibles, transformar\u00e1n al mundo<\/title>\n<meta name=\"description\" content=\"El contacto entre las mujeres, en conjunto, desde un estado de sensibilidad, hace que el mundo se transforme. Esta experiencia la vivo cuando nos\" \/>\n<meta name=\"robots\" content=\"index, follow, max-snippet:-1, max-image-preview:large, max-video-preview:-1\" \/>\n<link rel=\"canonical\" href=\"https:\/\/www.pressenza.com\/es\/2022\/11\/los-feminismos-sensibles-transformaran-al-mundo\/\" \/>\n<meta property=\"og:locale\" content=\"es_ES\" \/>\n<meta property=\"og:type\" content=\"article\" \/>\n<meta property=\"og:title\" content=\"Los feminismos sensibles, transformar\u00e1n al mundo\" \/>\n<meta property=\"og:description\" content=\"El contacto entre las mujeres, en conjunto, desde un estado de sensibilidad, hace que el mundo se transforme. Esta experiencia la vivo cuando nos\" \/>\n<meta property=\"og:url\" content=\"https:\/\/www.pressenza.com\/es\/2022\/11\/los-feminismos-sensibles-transformaran-al-mundo\/\" \/>\n<meta property=\"og:site_name\" content=\"Pressenza\" \/>\n<meta property=\"article:publisher\" content=\"https:\/\/www.facebook.com\/PressenzaItalia\" \/>\n<meta property=\"article:published_time\" content=\"2022-11-28T13:26:16+00:00\" \/>\n<meta property=\"og:image\" content=\"https:\/\/www.pressenza.com\/wp-content\/uploads\/2022\/11\/Stefan-Keller-en-Pixabay.jpg\" \/>\n\t<meta property=\"og:image:width\" content=\"960\" \/>\n\t<meta property=\"og:image:height\" content=\"441\" \/>\n\t<meta property=\"og:image:type\" content=\"image\/jpeg\" \/>\n<meta name=\"author\" content=\"Esther Amelia Delvenne\" \/>\n<meta name=\"twitter:card\" content=\"summary_large_image\" \/>\n<meta name=\"twitter:creator\" content=\"@PressenzaIPA\" \/>\n<meta name=\"twitter:site\" content=\"@PressenzaIPA\" \/>\n<meta name=\"twitter:label1\" content=\"Escrito por\" \/>\n\t<meta name=\"twitter:data1\" content=\"Esther Amelia Delvenne\" \/>\n\t<meta name=\"twitter:label2\" content=\"Tiempo de lectura\" \/>\n\t<meta name=\"twitter:data2\" content=\"4 minutos\" \/>\n<script type=\"application\/ld+json\" class=\"yoast-schema-graph\">{\"@context\":\"https:\/\/schema.org\",\"@graph\":[{\"@type\":\"Article\",\"@id\":\"https:\/\/www.pressenza.com\/es\/2022\/11\/los-feminismos-sensibles-transformaran-al-mundo\/#article\",\"isPartOf\":{\"@id\":\"https:\/\/www.pressenza.com\/es\/2022\/11\/los-feminismos-sensibles-transformaran-al-mundo\/\"},\"author\":{\"name\":\"Esther Amelia Delvenne\",\"@id\":\"https:\/\/www.pressenza.com\/es\/#\/schema\/person\/9a744165a2bd1a5de9b92bf6e15e9482\"},\"headline\":\"Los feminismos sensibles, transformar\u00e1n al mundo\",\"datePublished\":\"2022-11-28T13:26:16+00:00\",\"mainEntityOfPage\":{\"@id\":\"https:\/\/www.pressenza.com\/es\/2022\/11\/los-feminismos-sensibles-transformaran-al-mundo\/\"},\"wordCount\":827,\"publisher\":{\"@id\":\"https:\/\/www.pressenza.com\/es\/#organization\"},\"image\":{\"@id\":\"https:\/\/www.pressenza.com\/es\/2022\/11\/los-feminismos-sensibles-transformaran-al-mundo\/#primaryimage\"},\"thumbnailUrl\":\"https:\/\/www.pressenza.com\/wp-content\/uploads\/2022\/11\/Stefan-Keller-en-Pixabay.jpg\",\"keywords\":[\"feminismos\",\"mujer\",\"sensibilidad\",\"transformaci\u00f3n\"],\"articleSection\":[\"Contenido Original\",\"G\u00e9nero y Feminismos\",\"Opiniones\",\"Sin categorizar\",\"Sudam\u00e9rica\"],\"inLanguage\":\"es\"},{\"@type\":\"WebPage\",\"@id\":\"https:\/\/www.pressenza.com\/es\/2022\/11\/los-feminismos-sensibles-transformaran-al-mundo\/\",\"url\":\"https:\/\/www.pressenza.com\/es\/2022\/11\/los-feminismos-sensibles-transformaran-al-mundo\/\",\"name\":\"Los feminismos sensibles, transformar\u00e1n al mundo\",\"isPartOf\":{\"@id\":\"https:\/\/www.pressenza.com\/es\/#website\"},\"primaryImageOfPage\":{\"@id\":\"https:\/\/www.pressenza.com\/es\/2022\/11\/los-feminismos-sensibles-transformaran-al-mundo\/#primaryimage\"},\"image\":{\"@id\":\"https:\/\/www.pressenza.com\/es\/2022\/11\/los-feminismos-sensibles-transformaran-al-mundo\/#primaryimage\"},\"thumbnailUrl\":\"https:\/\/www.pressenza.com\/wp-content\/uploads\/2022\/11\/Stefan-Keller-en-Pixabay.jpg\",\"datePublished\":\"2022-11-28T13:26:16+00:00\",\"description\":\"El contacto entre las mujeres, en conjunto, desde un estado de sensibilidad, hace que el mundo se transforme. Esta experiencia la vivo cuando nos\",\"breadcrumb\":{\"@id\":\"https:\/\/www.pressenza.com\/es\/2022\/11\/los-feminismos-sensibles-transformaran-al-mundo\/#breadcrumb\"},\"inLanguage\":\"es\",\"potentialAction\":[{\"@type\":\"ReadAction\",\"target\":[\"https:\/\/www.pressenza.com\/es\/2022\/11\/los-feminismos-sensibles-transformaran-al-mundo\/\"]}]},{\"@type\":\"ImageObject\",\"inLanguage\":\"es\",\"@id\":\"https:\/\/www.pressenza.com\/es\/2022\/11\/los-feminismos-sensibles-transformaran-al-mundo\/#primaryimage\",\"url\":\"https:\/\/www.pressenza.com\/wp-content\/uploads\/2022\/11\/Stefan-Keller-en-Pixabay.jpg\",\"contentUrl\":\"https:\/\/www.pressenza.com\/wp-content\/uploads\/2022\/11\/Stefan-Keller-en-Pixabay.jpg\",\"width\":960,\"height\":441},{\"@type\":\"BreadcrumbList\",\"@id\":\"https:\/\/www.pressenza.com\/es\/2022\/11\/los-feminismos-sensibles-transformaran-al-mundo\/#breadcrumb\",\"itemListElement\":[{\"@type\":\"ListItem\",\"position\":1,\"name\":\"Accueil\",\"item\":\"https:\/\/www.pressenza.com\/es\/\"},{\"@type\":\"ListItem\",\"position\":2,\"name\":\"Los feminismos sensibles, transformar\u00e1n al mundo\"}]},{\"@type\":\"WebSite\",\"@id\":\"https:\/\/www.pressenza.com\/es\/#website\",\"url\":\"https:\/\/www.pressenza.com\/es\/\",\"name\":\"Pressenza\",\"description\":\"International Press Agency\",\"publisher\":{\"@id\":\"https:\/\/www.pressenza.com\/es\/#organization\"},\"potentialAction\":[{\"@type\":\"SearchAction\",\"target\":{\"@type\":\"EntryPoint\",\"urlTemplate\":\"https:\/\/www.pressenza.com\/es\/?s={search_term_string}\"},\"query-input\":{\"@type\":\"PropertyValueSpecification\",\"valueRequired\":true,\"valueName\":\"search_term_string\"}}],\"inLanguage\":\"es\"},{\"@type\":\"Organization\",\"@id\":\"https:\/\/www.pressenza.com\/es\/#organization\",\"name\":\"Pressenza\",\"url\":\"https:\/\/www.pressenza.com\/es\/\",\"logo\":{\"@type\":\"ImageObject\",\"inLanguage\":\"es\",\"@id\":\"https:\/\/www.pressenza.com\/es\/#\/schema\/logo\/image\/\",\"url\":\"https:\/\/www.pressenza.com\/wp-content\/uploads\/2022\/10\/pressenza_logo_200x200.jpg\",\"contentUrl\":\"https:\/\/www.pressenza.com\/wp-content\/uploads\/2022\/10\/pressenza_logo_200x200.jpg\",\"width\":200,\"height\":200,\"caption\":\"Pressenza\"},\"image\":{\"@id\":\"https:\/\/www.pressenza.com\/es\/#\/schema\/logo\/image\/\"},\"sameAs\":[\"https:\/\/www.facebook.com\/PressenzaItalia\",\"https:\/\/x.com\/PressenzaIPA\"]},{\"@type\":\"Person\",\"@id\":\"https:\/\/www.pressenza.com\/es\/#\/schema\/person\/9a744165a2bd1a5de9b92bf6e15e9482\",\"name\":\"Esther Amelia Delvenne\",\"description\":\"Participante del Movimiento Siloista desde 1973, militante en varios pa\u00edses de Latinoam\u00e9rica. Dedicada a investigar y trabajar por el tema de la Mujer. Particip\u00f3 en varios Congresos internacionales, regionales y de Argentina como Miembro del Movimiento Humanista. Naci\u00f3 en 1953), vive en Argentina. estherdelvenne@gmail.com https:\/\/estherdelvenne.blogspot.com\/\",\"url\":\"https:\/\/www.pressenza.com\/es\/author\/esther-delvenne\/\"}]}<\/script>\n<!-- \/ Yoast SEO plugin. -->","yoast_head_json":{"title":"Los feminismos sensibles, transformar\u00e1n al mundo","description":"El contacto entre las mujeres, en conjunto, desde un estado de sensibilidad, hace que el mundo se transforme. Esta experiencia la vivo cuando nos","robots":{"index":"index","follow":"follow","max-snippet":"max-snippet:-1","max-image-preview":"max-image-preview:large","max-video-preview":"max-video-preview:-1"},"canonical":"https:\/\/www.pressenza.com\/es\/2022\/11\/los-feminismos-sensibles-transformaran-al-mundo\/","og_locale":"es_ES","og_type":"article","og_title":"Los feminismos sensibles, transformar\u00e1n al mundo","og_description":"El contacto entre las mujeres, en conjunto, desde un estado de sensibilidad, hace que el mundo se transforme. Esta experiencia la vivo cuando nos","og_url":"https:\/\/www.pressenza.com\/es\/2022\/11\/los-feminismos-sensibles-transformaran-al-mundo\/","og_site_name":"Pressenza","article_publisher":"https:\/\/www.facebook.com\/PressenzaItalia","article_published_time":"2022-11-28T13:26:16+00:00","og_image":[{"width":960,"height":441,"url":"https:\/\/www.pressenza.com\/wp-content\/uploads\/2022\/11\/Stefan-Keller-en-Pixabay.jpg","type":"image\/jpeg"}],"author":"Esther Amelia Delvenne","twitter_card":"summary_large_image","twitter_creator":"@PressenzaIPA","twitter_site":"@PressenzaIPA","twitter_misc":{"Escrito por":"Esther Amelia Delvenne","Tiempo de lectura":"4 minutos"},"schema":{"@context":"https:\/\/schema.org","@graph":[{"@type":"Article","@id":"https:\/\/www.pressenza.com\/es\/2022\/11\/los-feminismos-sensibles-transformaran-al-mundo\/#article","isPartOf":{"@id":"https:\/\/www.pressenza.com\/es\/2022\/11\/los-feminismos-sensibles-transformaran-al-mundo\/"},"author":{"name":"Esther Amelia Delvenne","@id":"https:\/\/www.pressenza.com\/es\/#\/schema\/person\/9a744165a2bd1a5de9b92bf6e15e9482"},"headline":"Los feminismos sensibles, transformar\u00e1n al mundo","datePublished":"2022-11-28T13:26:16+00:00","mainEntityOfPage":{"@id":"https:\/\/www.pressenza.com\/es\/2022\/11\/los-feminismos-sensibles-transformaran-al-mundo\/"},"wordCount":827,"publisher":{"@id":"https:\/\/www.pressenza.com\/es\/#organization"},"image":{"@id":"https:\/\/www.pressenza.com\/es\/2022\/11\/los-feminismos-sensibles-transformaran-al-mundo\/#primaryimage"},"thumbnailUrl":"https:\/\/www.pressenza.com\/wp-content\/uploads\/2022\/11\/Stefan-Keller-en-Pixabay.jpg","keywords":["feminismos","mujer","sensibilidad","transformaci\u00f3n"],"articleSection":["Contenido Original","G\u00e9nero y Feminismos","Opiniones","Sin categorizar","Sudam\u00e9rica"],"inLanguage":"es"},{"@type":"WebPage","@id":"https:\/\/www.pressenza.com\/es\/2022\/11\/los-feminismos-sensibles-transformaran-al-mundo\/","url":"https:\/\/www.pressenza.com\/es\/2022\/11\/los-feminismos-sensibles-transformaran-al-mundo\/","name":"Los feminismos sensibles, transformar\u00e1n al mundo","isPartOf":{"@id":"https:\/\/www.pressenza.com\/es\/#website"},"primaryImageOfPage":{"@id":"https:\/\/www.pressenza.com\/es\/2022\/11\/los-feminismos-sensibles-transformaran-al-mundo\/#primaryimage"},"image":{"@id":"https:\/\/www.pressenza.com\/es\/2022\/11\/los-feminismos-sensibles-transformaran-al-mundo\/#primaryimage"},"thumbnailUrl":"https:\/\/www.pressenza.com\/wp-content\/uploads\/2022\/11\/Stefan-Keller-en-Pixabay.jpg","datePublished":"2022-11-28T13:26:16+00:00","description":"El contacto entre las mujeres, en conjunto, desde un estado de sensibilidad, hace que el mundo se transforme. Esta experiencia la vivo cuando nos","breadcrumb":{"@id":"https:\/\/www.pressenza.com\/es\/2022\/11\/los-feminismos-sensibles-transformaran-al-mundo\/#breadcrumb"},"inLanguage":"es","potentialAction":[{"@type":"ReadAction","target":["https:\/\/www.pressenza.com\/es\/2022\/11\/los-feminismos-sensibles-transformaran-al-mundo\/"]}]},{"@type":"ImageObject","inLanguage":"es","@id":"https:\/\/www.pressenza.com\/es\/2022\/11\/los-feminismos-sensibles-transformaran-al-mundo\/#primaryimage","url":"https:\/\/www.pressenza.com\/wp-content\/uploads\/2022\/11\/Stefan-Keller-en-Pixabay.jpg","contentUrl":"https:\/\/www.pressenza.com\/wp-content\/uploads\/2022\/11\/Stefan-Keller-en-Pixabay.jpg","width":960,"height":441},{"@type":"BreadcrumbList","@id":"https:\/\/www.pressenza.com\/es\/2022\/11\/los-feminismos-sensibles-transformaran-al-mundo\/#breadcrumb","itemListElement":[{"@type":"ListItem","position":1,"name":"Accueil","item":"https:\/\/www.pressenza.com\/es\/"},{"@type":"ListItem","position":2,"name":"Los feminismos sensibles, transformar\u00e1n al mundo"}]},{"@type":"WebSite","@id":"https:\/\/www.pressenza.com\/es\/#website","url":"https:\/\/www.pressenza.com\/es\/","name":"Pressenza","description":"International Press Agency","publisher":{"@id":"https:\/\/www.pressenza.com\/es\/#organization"},"potentialAction":[{"@type":"SearchAction","target":{"@type":"EntryPoint","urlTemplate":"https:\/\/www.pressenza.com\/es\/?s={search_term_string}"},"query-input":{"@type":"PropertyValueSpecification","valueRequired":true,"valueName":"search_term_string"}}],"inLanguage":"es"},{"@type":"Organization","@id":"https:\/\/www.pressenza.com\/es\/#organization","name":"Pressenza","url":"https:\/\/www.pressenza.com\/es\/","logo":{"@type":"ImageObject","inLanguage":"es","@id":"https:\/\/www.pressenza.com\/es\/#\/schema\/logo\/image\/","url":"https:\/\/www.pressenza.com\/wp-content\/uploads\/2022\/10\/pressenza_logo_200x200.jpg","contentUrl":"https:\/\/www.pressenza.com\/wp-content\/uploads\/2022\/10\/pressenza_logo_200x200.jpg","width":200,"height":200,"caption":"Pressenza"},"image":{"@id":"https:\/\/www.pressenza.com\/es\/#\/schema\/logo\/image\/"},"sameAs":["https:\/\/www.facebook.com\/PressenzaItalia","https:\/\/x.com\/PressenzaIPA"]},{"@type":"Person","@id":"https:\/\/www.pressenza.com\/es\/#\/schema\/person\/9a744165a2bd1a5de9b92bf6e15e9482","name":"Esther Amelia Delvenne","description":"Participante del Movimiento Siloista desde 1973, militante en varios pa\u00edses de Latinoam\u00e9rica. Dedicada a investigar y trabajar por el tema de la Mujer. Particip\u00f3 en varios Congresos internacionales, regionales y de Argentina como Miembro del Movimiento Humanista. Naci\u00f3 en 1953), vive en Argentina. estherdelvenne@gmail.com https:\/\/estherdelvenne.blogspot.com\/","url":"https:\/\/www.pressenza.com\/es\/author\/esther-delvenne\/"}]}},"place":"Ciudad de Buenos Aires, Argentina","original_article_url":"","_links":{"self":[{"href":"https:\/\/www.pressenza.com\/es\/wp-json\/wp\/v2\/posts\/1696454","targetHints":{"allow":["GET"]}}],"collection":[{"href":"https:\/\/www.pressenza.com\/es\/wp-json\/wp\/v2\/posts"}],"about":[{"href":"https:\/\/www.pressenza.com\/es\/wp-json\/wp\/v2\/types\/post"}],"author":[{"embeddable":true,"href":"https:\/\/www.pressenza.com\/es\/wp-json\/wp\/v2\/users\/1782"}],"replies":[{"embeddable":true,"href":"https:\/\/www.pressenza.com\/es\/wp-json\/wp\/v2\/comments?post=1696454"}],"version-history":[{"count":0,"href":"https:\/\/www.pressenza.com\/es\/wp-json\/wp\/v2\/posts\/1696454\/revisions"}],"wp:featuredmedia":[{"embeddable":true,"href":"https:\/\/www.pressenza.com\/es\/wp-json\/wp\/v2\/media\/1696460"}],"wp:attachment":[{"href":"https:\/\/www.pressenza.com\/es\/wp-json\/wp\/v2\/media?parent=1696454"}],"wp:term":[{"taxonomy":"category","embeddable":true,"href":"https:\/\/www.pressenza.com\/es\/wp-json\/wp\/v2\/categories?post=1696454"},{"taxonomy":"post_tag","embeddable":true,"href":"https:\/\/www.pressenza.com\/es\/wp-json\/wp\/v2\/tags?post=1696454"}],"curies":[{"name":"wp","href":"https:\/\/api.w.org\/{rel}","templated":true}]}}