{"id":1696070,"date":"2022-11-26T02:41:53","date_gmt":"2022-11-26T02:41:53","guid":{"rendered":"https:\/\/www.pressenza.com\/?p=1696070"},"modified":"2022-11-26T02:41:53","modified_gmt":"2022-11-26T02:41:53","slug":"fidel-es-el-sol","status":"publish","type":"post","link":"https:\/\/www.pressenza.com\/es\/2022\/11\/fidel-es-el-sol\/","title":{"rendered":"Fidel es el Sol"},"content":{"rendered":"<p>Por Ana Luc\u00eda Calder\u00f3n<\/p>\n<p><em>\u00abFidel es el sol\u00bb, as\u00ed lo llamaba Haide\u00e9 Santamar\u00eda (1923-1980)<\/em><\/p>\n<p>Hay hombres que mueren, como dicen en mi tierra al mejor estilo, cuando \u201cmi dios quiere\u201d y otros como Fidel, que mueren cuando les da la gana.<\/p>\n<p>Hoy es el aniversario de la partida f\u00edsica de Fidel, o al menos el gobierno cubano y sus allegados eso nos contaron, decidiendo decir que un d\u00eda como hoy fue su deceso. Muchas preguntas a m\u00ed me quedaron por el inmenso secretismo, en parte muy comprensible, al igual que su pronto ritual de despedida con la incineraci\u00f3n de su cuerpo. Me parece coherente y creo que debi\u00f3 ser su deseo. Pero no haber conocido las causas de su muerte, las cuales son de la pertinencia de todo aquel que lo haya admirado, seguido y amado, me parece que es nuestro derecho y el del pueblo cubano, porque no es s\u00f3lo un l\u00edder, es un familiar nuestro. En fin, as\u00ed la cuesti\u00f3n ha quedado. Parad\u00f3jicamente hoy yo siento a Fidel m\u00e1s vivo que en los a\u00f1os anteriores en que aparec\u00eda poco y dejaba de escribir sus reflexiones. Hoy Fidel retumba desde donde vive, en la historia de la humanidad y desde ese siglo XX fascinante y contradictorio. Vive con toda la fuerza de su carisma, de su energ\u00eda y de su pensamiento que es inspiraci\u00f3n y ejemplo para quienes lo amamos, es miedo y rencor para quienes nunca pudieron con \u00e9l y lo odian.<\/p>\n<p>Qu\u00e9 puedo yo decir de mi amado Comandante en Jefe. Desde su muerte f\u00edsica, no he podido nunca escribir de \u00e9l y mucho menos hacerle una canci\u00f3n. Tampoco llor\u00e9, aunque toda mi vida esperaba con miedo ese d\u00eda, pensando que mi coraz\u00f3n quedar\u00eda devastado con esa dolorosa noticia, pero no fue as\u00ed. Por alguna raz\u00f3n sent\u00eda un alivio, y me dije, ahora Fidel es m\u00edo, s\u00f3lo para m\u00ed.<\/p>\n<div id=\"attachment_1696071\" class=\"wp-caption alignnone\"><img loading=\"lazy\" decoding=\"async\" aria-describedby=\"caption-attachment-1696071\" class=\"wp-image-1696071 size-full\" src=\"https:\/\/www.pressenza.com\/wp-content\/uploads\/2022\/11\/5355ee6dc736e46e38eb1.jpg\" alt=\"\" width=\"900\" height=\"643\" srcset=\"https:\/\/www.pressenza.com\/wp-content\/uploads\/2022\/11\/5355ee6dc736e46e38eb1.jpg 900w, https:\/\/www.pressenza.com\/wp-content\/uploads\/2022\/11\/5355ee6dc736e46e38eb1-300x214.jpg 300w, https:\/\/www.pressenza.com\/wp-content\/uploads\/2022\/11\/5355ee6dc736e46e38eb1-820x586.jpg 820w\" sizes=\"auto, (max-width: 900px) 100vw, 900px\" \/><p id=\"caption-attachment-1696071\" class=\"wp-caption-text\">Fidel estrat\u00e9gico y brillante<\/p><\/div>\n<p>Entre la nebulosa de mi infancia, no recuerdo tan claramente c\u00f3mo fue que un d\u00eda me encontr\u00e9 frente al televisor escuchando un peque\u00f1o fragmento de sus palabras, en alg\u00fan noticiero en el que se refer\u00edan a \u00e9l como al mism\u00edsimo demonio y yo pude concentrarme en lo que \u00e9l dec\u00eda y dejarme seducir por completo por su fuerza de oratoria, por su honestidad y su inmensa figura y despu\u00e9s, preguntar a los grandes, por qu\u00e9 as\u00ed hablaban de ese buen hombre. Era gigante no s\u00f3lo por su estatura. Yo tendr\u00eda quiz\u00e1s cinco a\u00f1os. El tiempo en que empezamos a tener noci\u00f3n de la muerte, de los miedos, de las p\u00e9rdidas, de la guerra, de la permanencia en la existencia. Al menos yo eso me lo pregunt\u00e9 pronto y vi en la coherencia de su discurso y de sus palabras, lo que yo quer\u00eda descubrir. Hablaba sobre el capitalismo. Hablaba sobre las guerras, por qu\u00e9 los poderosos somet\u00edan a pa\u00edses como los nuestros. Hablaba sobre lo importante que era el saber, aprender, el conocimiento, el trabajo, so\u00f1ar, descubrir el mundo. Desde ese primer momento, no hubo entrevista que me perdiese, y despu\u00e9s tan pronto pude aprender a leer, fueron mis lecturas favoritas, sus palabras. Siempre lo entend\u00ed.<\/p>\n<p>Fue as\u00ed que mi primera carta, despu\u00e9s de que un d\u00eda a mis siete a\u00f1os, escribiendo en el sal\u00f3n de clases, me vi mi letra tan fea, decid\u00ed que en la p\u00e1gina siguiente comenzar\u00eda a hacerla bonita, como yo sab\u00eda que pod\u00eda hacerla, y la cambi\u00e9, para poder escribirle mis ideas a Fidel y mandarle mis cartas. Yo hab\u00eda escuchado que \u00e9l le hab\u00eda contestado unas cartas a unos ni\u00f1os cubanos. Desde ese d\u00eda y por muchos a\u00f1os, le escrib\u00ed largas cartas, relat\u00e1ndole mis planes, mis ideas, mis desacuerdos con \u00e9l, haci\u00e9ndole preguntas. Desafortunadamente nunca me contest\u00f3, pero tampoco volvieron a m\u00ed, las cartas. En alguna parte estar\u00e1 la persona que se muri\u00f3 de risa burl\u00e1ndose de mis pensamientos, seguramente. Fue as\u00ed como me acerqu\u00e9 m\u00e1s a la profesi\u00f3n de comediante o payasa, mientras buscaba ser oradora.<\/p>\n<div id=\"attachment_1696073\" class=\"wp-caption alignnone\"><img loading=\"lazy\" decoding=\"async\" aria-describedby=\"caption-attachment-1696073\" class=\"wp-image-1696073 size-full\" src=\"https:\/\/www.pressenza.com\/wp-content\/uploads\/2022\/11\/f5b41a17e66424ed9b173.jpg\" alt=\"\" width=\"960\" height=\"640\" srcset=\"https:\/\/www.pressenza.com\/wp-content\/uploads\/2022\/11\/f5b41a17e66424ed9b173.jpg 960w, https:\/\/www.pressenza.com\/wp-content\/uploads\/2022\/11\/f5b41a17e66424ed9b173-300x200.jpg 300w, https:\/\/www.pressenza.com\/wp-content\/uploads\/2022\/11\/f5b41a17e66424ed9b173-820x547.jpg 820w\" sizes=\"auto, (max-width: 960px) 100vw, 960px\" \/><p id=\"caption-attachment-1696073\" class=\"wp-caption-text\">Fidel deportista, siempre supo la importancia del balance cuerpo y mente<\/p><\/div>\n<p>Estoy convencida de que Fidel le marc\u00f3 la vida no solo a una ni\u00f1a colombiana, como yo, sino a miles y millones de personas en quien sembr\u00f3 valores e ideales que no le hacen da\u00f1o a la humanidad, a diferencia de los ideales del Capit\u00e1n Am\u00e9rica o los ejemplos de los Simpson o de la Lady Gaga. Yo espero que quien haya sido marcado por su inmensidad, sea tremendamente humano, solidario, estudioso, consagrado, riguroso y sobre todo coherente, \u00e9tico, porque la Revoluci\u00f3n ser\u00e1 cuando no haya que mentir jam\u00e1s.<\/p>\n<p>Me fascinaba leer sus biograf\u00edas, incluso las que todos los gusanos y enemigos escribieron, que eran las \u00fanicas que en Colombia yo pod\u00eda tener, mientras obviaba las palabras de desprecio o de acusaci\u00f3n a su grandeza, yo me enteraba de detalles, de las propias citas de sus relatos y entrevistas, donde \u00e9l contaba c\u00f3mo se fueron gestando sus ideas, tambi\u00e9n c\u00f3mo sal\u00eda a la luz su car\u00e1cter.<\/p>\n<p>Una de las cosas m\u00e1s incre\u00edbles fue que cuando era muy ni\u00f1o, quiz\u00e1s tres a\u00f1os, iba corriendo y suponemos que hablando, y por eso se cay\u00f3 y se clav\u00f3 una puntilla en la lengua. Era bell\u00edsimo leer esto porque en esos d\u00edas de mis lecturas, el gato me hab\u00eda ara\u00f1ado la lengua mientras yo no lo dejaba en paz encima de su cara ech\u00e1ndole cuentos.<\/p>\n<p>Despu\u00e9s quise ser abogada como \u00e9l, pero mi hechura no estaba para esos caminos tan crudos de la realidad y la fantas\u00eda era mi \u00fanica salvaci\u00f3n para soportar la pol\u00edtica y sus preocupaciones.<\/p>\n<p>Por eso siempre me pregunt\u00e9 de \u00e9l, c\u00f3mo una persona pod\u00eda tener tal grado de convicci\u00f3n en s\u00ed mismo y en sus ideas, sin dudar, sin tener basura dentro desvi\u00e1ndolo de sus metas. C\u00f3mo se logra hacerse uno mismo as\u00ed, c\u00f3mo podemos evadir la depresi\u00f3n, la decepci\u00f3n, el des\u00e1nimo, ante los retos inmensos dif\u00edciles de cumplir. C\u00f3mo pod\u00eda \u00e9l\u2026 y m\u00e1s all\u00e1 de todas sus ideas pol\u00edticas, ideol\u00f3gicas, de su papel en la historia, yo guardo de \u00e9l ese ejemplo, entendiendo por qu\u00e9 le encantaba el Quijote de la Mancha. Quienes no alberguen ideas ni sue\u00f1os, ni siquiera se arriesgan a desear algo distinto. Por eso todo revolucionario, primero que nada es un creador de posibilidades que otros no gestan.<\/p>\n<p>Cuando Oliver Stone le pregunta si alguna vez hab\u00eda sentido la necesidad de buscar un sic\u00f3logo, \u00e9l se sorprende, le dice que nunca le hab\u00edan hecho esa pregunta en su vida y dice tan honestamente, que no, que nunca. Sorprendido porque \u00e9l nunca se sinti\u00f3 fracasado, dudoso de lograr nada.<\/p>\n<p><img loading=\"lazy\" decoding=\"async\" class=\"alignnone wp-image-1696074 size-full\" src=\"https:\/\/www.pressenza.com\/wp-content\/uploads\/2022\/11\/e8e8304a024bc20c8f27c.jpg\" alt=\"\" width=\"962\" height=\"804\" srcset=\"https:\/\/www.pressenza.com\/wp-content\/uploads\/2022\/11\/e8e8304a024bc20c8f27c.jpg 962w, https:\/\/www.pressenza.com\/wp-content\/uploads\/2022\/11\/e8e8304a024bc20c8f27c-300x251.jpg 300w, https:\/\/www.pressenza.com\/wp-content\/uploads\/2022\/11\/e8e8304a024bc20c8f27c-820x685.jpg 820w\" sizes=\"auto, (max-width: 962px) 100vw, 962px\" \/><\/p>\n<p>Queridos amigos, para m\u00ed, esa es la lecci\u00f3n m\u00e1s grande que Fidel tall\u00f3 en m\u00ed. No importa cu\u00e1n grande sea tu sue\u00f1o, cu\u00e1ntos obst\u00e1culos, ni imposibilidades existan, si eres juicioso, si buscas con constancia, esfuerzo el camino, si no sirve el plan A, busca el plan B, sino el C o el que sea, la resistencia, la rebeld\u00eda, la imaginaci\u00f3n y la persistencia en lo que quieras, es lo que har\u00e1 que otros te crean y se sumen a tu idea.<\/p>\n<p>Imaginen a este muchacho, exiliado en M\u00e9xico, despu\u00e9s de haberse salvado de la muerte en la Cuba del temible dictador Batista, vuelve, que convence a unos chicos para que se vayan en un barco a hacer la Revoluci\u00f3n a una isla \u00a1que es grande!, era una absoluta quijotada y solo un hombre convencido de s\u00ed mismo lo logr\u00f3. Despu\u00e9s, convenci\u00f3 a todo un pueblo de ser capaces de ganarle al peor enemigo de la humanidad que nunca existi\u00f3, y lo lograron. Que si hoy Cuba deja de existir, que si el pueblo cubano decide otro camino, que si el socialismo no es as\u00ed, lo que sea que ustedes piensen, s\u00f3lo dir\u00e9 que ya con eso Fidel no tiene m\u00e1s que ver. Dej\u00e9moslo descansar en paz, como bien se merece.<\/p>\n<p>Continuemos su obra buscando la salvaci\u00f3n de la humanidad y la construcci\u00f3n de nuevos sue\u00f1os como \u00e9l nos ense\u00f1\u00f3. Seamos todos un poquito Fidel.<\/p>\n<p>&nbsp;<\/p>\n","protected":false},"excerpt":{"rendered":"<p>Por Ana Luc\u00eda Calder\u00f3n \u00abFidel es el sol\u00bb, as\u00ed lo llamaba Haide\u00e9 Santamar\u00eda (1923-1980) Hay hombres que mueren, como dicen en mi tierra al mejor estilo, cuando \u201cmi dios quiere\u201d y otros como Fidel, que mueren cuando les da la&hellip;<\/p>\n","protected":false},"author":1053,"featured_media":1696072,"comment_status":"closed","ping_status":"closed","sticky":false,"template":"","format":"standard","meta":{"footnotes":""},"categories":[69,11389,161,74],"tags":[379,8316],"class_list":["post-1696070","post","type-post","status-publish","format-standard","has-post-thumbnail","hentry","category-america-central","category-contenido-original","category-opiniones","category-politica-es","tag-cuba-es","tag-fidel-castro-es"],"yoast_head":"<!-- This site is optimized with the Yoast SEO plugin v27.1.1 - https:\/\/yoast.com\/product\/yoast-seo-wordpress\/ -->\n<title>Fidel es el Sol<\/title>\n<meta name=\"description\" content=\"Por Ana Luc\u00eda Calder\u00f3n &quot;Fidel es el sol&quot;, as\u00ed lo llamaba Haide\u00e9 Santamar\u00eda (1923-1980) Hay hombres que mueren, como dicen en mi tierra al mejor estilo,\" \/>\n<meta name=\"robots\" content=\"index, follow, max-snippet:-1, max-image-preview:large, max-video-preview:-1\" \/>\n<link rel=\"canonical\" href=\"https:\/\/www.pressenza.com\/es\/2022\/11\/fidel-es-el-sol\/\" \/>\n<meta property=\"og:locale\" content=\"es_ES\" \/>\n<meta property=\"og:type\" content=\"article\" \/>\n<meta property=\"og:title\" content=\"Fidel es el Sol\" \/>\n<meta property=\"og:description\" content=\"Por Ana Luc\u00eda Calder\u00f3n &quot;Fidel es el sol&quot;, as\u00ed lo llamaba Haide\u00e9 Santamar\u00eda (1923-1980) Hay hombres que mueren, como dicen en mi tierra al mejor estilo,\" \/>\n<meta property=\"og:url\" content=\"https:\/\/www.pressenza.com\/es\/2022\/11\/fidel-es-el-sol\/\" \/>\n<meta property=\"og:site_name\" content=\"Pressenza\" \/>\n<meta property=\"article:publisher\" content=\"https:\/\/www.facebook.com\/PressenzaItalia\" \/>\n<meta property=\"article:published_time\" content=\"2022-11-26T02:41:53+00:00\" \/>\n<meta property=\"og:image\" content=\"https:\/\/www.pressenza.com\/wp-content\/uploads\/2022\/11\/fidel.jpg\" \/>\n\t<meta property=\"og:image:width\" content=\"900\" \/>\n\t<meta property=\"og:image:height\" content=\"603\" \/>\n\t<meta property=\"og:image:type\" content=\"image\/jpeg\" \/>\n<meta name=\"author\" content=\"Redacci\u00f3n Colombia\" \/>\n<meta name=\"twitter:card\" content=\"summary_large_image\" \/>\n<meta name=\"twitter:creator\" content=\"@PressenzaIPA\" \/>\n<meta name=\"twitter:site\" content=\"@PressenzaIPA\" \/>\n<meta name=\"twitter:label1\" content=\"Escrito por\" \/>\n\t<meta name=\"twitter:data1\" content=\"Redacci\u00f3n Colombia\" \/>\n\t<meta name=\"twitter:label2\" content=\"Tiempo de lectura\" \/>\n\t<meta name=\"twitter:data2\" content=\"7 minutos\" \/>\n<script type=\"application\/ld+json\" class=\"yoast-schema-graph\">{\"@context\":\"https:\/\/schema.org\",\"@graph\":[{\"@type\":\"Article\",\"@id\":\"https:\/\/www.pressenza.com\/es\/2022\/11\/fidel-es-el-sol\/#article\",\"isPartOf\":{\"@id\":\"https:\/\/www.pressenza.com\/es\/2022\/11\/fidel-es-el-sol\/\"},\"author\":{\"name\":\"Redacci\u00f3n Colombia\",\"@id\":\"https:\/\/www.pressenza.com\/es\/#\/schema\/person\/7c8ee170a4502d638436c91e385315f2\"},\"headline\":\"Fidel es el Sol\",\"datePublished\":\"2022-11-26T02:41:53+00:00\",\"mainEntityOfPage\":{\"@id\":\"https:\/\/www.pressenza.com\/es\/2022\/11\/fidel-es-el-sol\/\"},\"wordCount\":1474,\"publisher\":{\"@id\":\"https:\/\/www.pressenza.com\/es\/#organization\"},\"image\":{\"@id\":\"https:\/\/www.pressenza.com\/es\/2022\/11\/fidel-es-el-sol\/#primaryimage\"},\"thumbnailUrl\":\"https:\/\/www.pressenza.com\/wp-content\/uploads\/2022\/11\/fidel.jpg\",\"keywords\":[\"Cuba\",\"Fidel Castro\"],\"articleSection\":[\"Am\u00e9rica Central\",\"Contenido Original\",\"Opiniones\",\"Pol\u00edtica\"],\"inLanguage\":\"es\"},{\"@type\":\"WebPage\",\"@id\":\"https:\/\/www.pressenza.com\/es\/2022\/11\/fidel-es-el-sol\/\",\"url\":\"https:\/\/www.pressenza.com\/es\/2022\/11\/fidel-es-el-sol\/\",\"name\":\"Fidel es el Sol\",\"isPartOf\":{\"@id\":\"https:\/\/www.pressenza.com\/es\/#website\"},\"primaryImageOfPage\":{\"@id\":\"https:\/\/www.pressenza.com\/es\/2022\/11\/fidel-es-el-sol\/#primaryimage\"},\"image\":{\"@id\":\"https:\/\/www.pressenza.com\/es\/2022\/11\/fidel-es-el-sol\/#primaryimage\"},\"thumbnailUrl\":\"https:\/\/www.pressenza.com\/wp-content\/uploads\/2022\/11\/fidel.jpg\",\"datePublished\":\"2022-11-26T02:41:53+00:00\",\"description\":\"Por Ana Luc\u00eda Calder\u00f3n \\\"Fidel es el sol\\\", as\u00ed lo llamaba Haide\u00e9 Santamar\u00eda (1923-1980) Hay hombres que mueren, como dicen en mi tierra al mejor estilo,\",\"breadcrumb\":{\"@id\":\"https:\/\/www.pressenza.com\/es\/2022\/11\/fidel-es-el-sol\/#breadcrumb\"},\"inLanguage\":\"es\",\"potentialAction\":[{\"@type\":\"ReadAction\",\"target\":[\"https:\/\/www.pressenza.com\/es\/2022\/11\/fidel-es-el-sol\/\"]}]},{\"@type\":\"ImageObject\",\"inLanguage\":\"es\",\"@id\":\"https:\/\/www.pressenza.com\/es\/2022\/11\/fidel-es-el-sol\/#primaryimage\",\"url\":\"https:\/\/www.pressenza.com\/wp-content\/uploads\/2022\/11\/fidel.jpg\",\"contentUrl\":\"https:\/\/www.pressenza.com\/wp-content\/uploads\/2022\/11\/fidel.jpg\",\"width\":900,\"height\":603},{\"@type\":\"BreadcrumbList\",\"@id\":\"https:\/\/www.pressenza.com\/es\/2022\/11\/fidel-es-el-sol\/#breadcrumb\",\"itemListElement\":[{\"@type\":\"ListItem\",\"position\":1,\"name\":\"Accueil\",\"item\":\"https:\/\/www.pressenza.com\/es\/\"},{\"@type\":\"ListItem\",\"position\":2,\"name\":\"Fidel es el Sol\"}]},{\"@type\":\"WebSite\",\"@id\":\"https:\/\/www.pressenza.com\/es\/#website\",\"url\":\"https:\/\/www.pressenza.com\/es\/\",\"name\":\"Pressenza\",\"description\":\"International Press Agency\",\"publisher\":{\"@id\":\"https:\/\/www.pressenza.com\/es\/#organization\"},\"potentialAction\":[{\"@type\":\"SearchAction\",\"target\":{\"@type\":\"EntryPoint\",\"urlTemplate\":\"https:\/\/www.pressenza.com\/es\/?s={search_term_string}\"},\"query-input\":{\"@type\":\"PropertyValueSpecification\",\"valueRequired\":true,\"valueName\":\"search_term_string\"}}],\"inLanguage\":\"es\"},{\"@type\":\"Organization\",\"@id\":\"https:\/\/www.pressenza.com\/es\/#organization\",\"name\":\"Pressenza\",\"url\":\"https:\/\/www.pressenza.com\/es\/\",\"logo\":{\"@type\":\"ImageObject\",\"inLanguage\":\"es\",\"@id\":\"https:\/\/www.pressenza.com\/es\/#\/schema\/logo\/image\/\",\"url\":\"https:\/\/www.pressenza.com\/wp-content\/uploads\/2022\/10\/pressenza_logo_200x200.jpg\",\"contentUrl\":\"https:\/\/www.pressenza.com\/wp-content\/uploads\/2022\/10\/pressenza_logo_200x200.jpg\",\"width\":200,\"height\":200,\"caption\":\"Pressenza\"},\"image\":{\"@id\":\"https:\/\/www.pressenza.com\/es\/#\/schema\/logo\/image\/\"},\"sameAs\":[\"https:\/\/www.facebook.com\/PressenzaItalia\",\"https:\/\/x.com\/PressenzaIPA\"]},{\"@type\":\"Person\",\"@id\":\"https:\/\/www.pressenza.com\/es\/#\/schema\/person\/7c8ee170a4502d638436c91e385315f2\",\"name\":\"Redacci\u00f3n Colombia\",\"description\":\"News published by the Pressenza bureau in Colombia\",\"url\":\"https:\/\/www.pressenza.com\/es\/author\/redaccion-colombia\/\"}]}<\/script>\n<!-- \/ Yoast SEO plugin. -->","yoast_head_json":{"title":"Fidel es el Sol","description":"Por Ana Luc\u00eda Calder\u00f3n \"Fidel es el sol\", as\u00ed lo llamaba Haide\u00e9 Santamar\u00eda (1923-1980) Hay hombres que mueren, como dicen en mi tierra al mejor estilo,","robots":{"index":"index","follow":"follow","max-snippet":"max-snippet:-1","max-image-preview":"max-image-preview:large","max-video-preview":"max-video-preview:-1"},"canonical":"https:\/\/www.pressenza.com\/es\/2022\/11\/fidel-es-el-sol\/","og_locale":"es_ES","og_type":"article","og_title":"Fidel es el Sol","og_description":"Por Ana Luc\u00eda Calder\u00f3n \"Fidel es el sol\", as\u00ed lo llamaba Haide\u00e9 Santamar\u00eda (1923-1980) Hay hombres que mueren, como dicen en mi tierra al mejor estilo,","og_url":"https:\/\/www.pressenza.com\/es\/2022\/11\/fidel-es-el-sol\/","og_site_name":"Pressenza","article_publisher":"https:\/\/www.facebook.com\/PressenzaItalia","article_published_time":"2022-11-26T02:41:53+00:00","og_image":[{"width":900,"height":603,"url":"https:\/\/www.pressenza.com\/wp-content\/uploads\/2022\/11\/fidel.jpg","type":"image\/jpeg"}],"author":"Redacci\u00f3n Colombia","twitter_card":"summary_large_image","twitter_creator":"@PressenzaIPA","twitter_site":"@PressenzaIPA","twitter_misc":{"Escrito por":"Redacci\u00f3n Colombia","Tiempo de lectura":"7 minutos"},"schema":{"@context":"https:\/\/schema.org","@graph":[{"@type":"Article","@id":"https:\/\/www.pressenza.com\/es\/2022\/11\/fidel-es-el-sol\/#article","isPartOf":{"@id":"https:\/\/www.pressenza.com\/es\/2022\/11\/fidel-es-el-sol\/"},"author":{"name":"Redacci\u00f3n Colombia","@id":"https:\/\/www.pressenza.com\/es\/#\/schema\/person\/7c8ee170a4502d638436c91e385315f2"},"headline":"Fidel es el Sol","datePublished":"2022-11-26T02:41:53+00:00","mainEntityOfPage":{"@id":"https:\/\/www.pressenza.com\/es\/2022\/11\/fidel-es-el-sol\/"},"wordCount":1474,"publisher":{"@id":"https:\/\/www.pressenza.com\/es\/#organization"},"image":{"@id":"https:\/\/www.pressenza.com\/es\/2022\/11\/fidel-es-el-sol\/#primaryimage"},"thumbnailUrl":"https:\/\/www.pressenza.com\/wp-content\/uploads\/2022\/11\/fidel.jpg","keywords":["Cuba","Fidel Castro"],"articleSection":["Am\u00e9rica Central","Contenido Original","Opiniones","Pol\u00edtica"],"inLanguage":"es"},{"@type":"WebPage","@id":"https:\/\/www.pressenza.com\/es\/2022\/11\/fidel-es-el-sol\/","url":"https:\/\/www.pressenza.com\/es\/2022\/11\/fidel-es-el-sol\/","name":"Fidel es el Sol","isPartOf":{"@id":"https:\/\/www.pressenza.com\/es\/#website"},"primaryImageOfPage":{"@id":"https:\/\/www.pressenza.com\/es\/2022\/11\/fidel-es-el-sol\/#primaryimage"},"image":{"@id":"https:\/\/www.pressenza.com\/es\/2022\/11\/fidel-es-el-sol\/#primaryimage"},"thumbnailUrl":"https:\/\/www.pressenza.com\/wp-content\/uploads\/2022\/11\/fidel.jpg","datePublished":"2022-11-26T02:41:53+00:00","description":"Por Ana Luc\u00eda Calder\u00f3n \"Fidel es el sol\", as\u00ed lo llamaba Haide\u00e9 Santamar\u00eda (1923-1980) Hay hombres que mueren, como dicen en mi tierra al mejor estilo,","breadcrumb":{"@id":"https:\/\/www.pressenza.com\/es\/2022\/11\/fidel-es-el-sol\/#breadcrumb"},"inLanguage":"es","potentialAction":[{"@type":"ReadAction","target":["https:\/\/www.pressenza.com\/es\/2022\/11\/fidel-es-el-sol\/"]}]},{"@type":"ImageObject","inLanguage":"es","@id":"https:\/\/www.pressenza.com\/es\/2022\/11\/fidel-es-el-sol\/#primaryimage","url":"https:\/\/www.pressenza.com\/wp-content\/uploads\/2022\/11\/fidel.jpg","contentUrl":"https:\/\/www.pressenza.com\/wp-content\/uploads\/2022\/11\/fidel.jpg","width":900,"height":603},{"@type":"BreadcrumbList","@id":"https:\/\/www.pressenza.com\/es\/2022\/11\/fidel-es-el-sol\/#breadcrumb","itemListElement":[{"@type":"ListItem","position":1,"name":"Accueil","item":"https:\/\/www.pressenza.com\/es\/"},{"@type":"ListItem","position":2,"name":"Fidel es el Sol"}]},{"@type":"WebSite","@id":"https:\/\/www.pressenza.com\/es\/#website","url":"https:\/\/www.pressenza.com\/es\/","name":"Pressenza","description":"International Press Agency","publisher":{"@id":"https:\/\/www.pressenza.com\/es\/#organization"},"potentialAction":[{"@type":"SearchAction","target":{"@type":"EntryPoint","urlTemplate":"https:\/\/www.pressenza.com\/es\/?s={search_term_string}"},"query-input":{"@type":"PropertyValueSpecification","valueRequired":true,"valueName":"search_term_string"}}],"inLanguage":"es"},{"@type":"Organization","@id":"https:\/\/www.pressenza.com\/es\/#organization","name":"Pressenza","url":"https:\/\/www.pressenza.com\/es\/","logo":{"@type":"ImageObject","inLanguage":"es","@id":"https:\/\/www.pressenza.com\/es\/#\/schema\/logo\/image\/","url":"https:\/\/www.pressenza.com\/wp-content\/uploads\/2022\/10\/pressenza_logo_200x200.jpg","contentUrl":"https:\/\/www.pressenza.com\/wp-content\/uploads\/2022\/10\/pressenza_logo_200x200.jpg","width":200,"height":200,"caption":"Pressenza"},"image":{"@id":"https:\/\/www.pressenza.com\/es\/#\/schema\/logo\/image\/"},"sameAs":["https:\/\/www.facebook.com\/PressenzaItalia","https:\/\/x.com\/PressenzaIPA"]},{"@type":"Person","@id":"https:\/\/www.pressenza.com\/es\/#\/schema\/person\/7c8ee170a4502d638436c91e385315f2","name":"Redacci\u00f3n Colombia","description":"News published by the Pressenza bureau in Colombia","url":"https:\/\/www.pressenza.com\/es\/author\/redaccion-colombia\/"}]}},"place":"La Habana, Cuba","original_article_url":"","_links":{"self":[{"href":"https:\/\/www.pressenza.com\/es\/wp-json\/wp\/v2\/posts\/1696070","targetHints":{"allow":["GET"]}}],"collection":[{"href":"https:\/\/www.pressenza.com\/es\/wp-json\/wp\/v2\/posts"}],"about":[{"href":"https:\/\/www.pressenza.com\/es\/wp-json\/wp\/v2\/types\/post"}],"author":[{"embeddable":true,"href":"https:\/\/www.pressenza.com\/es\/wp-json\/wp\/v2\/users\/1053"}],"replies":[{"embeddable":true,"href":"https:\/\/www.pressenza.com\/es\/wp-json\/wp\/v2\/comments?post=1696070"}],"version-history":[{"count":0,"href":"https:\/\/www.pressenza.com\/es\/wp-json\/wp\/v2\/posts\/1696070\/revisions"}],"wp:featuredmedia":[{"embeddable":true,"href":"https:\/\/www.pressenza.com\/es\/wp-json\/wp\/v2\/media\/1696072"}],"wp:attachment":[{"href":"https:\/\/www.pressenza.com\/es\/wp-json\/wp\/v2\/media?parent=1696070"}],"wp:term":[{"taxonomy":"category","embeddable":true,"href":"https:\/\/www.pressenza.com\/es\/wp-json\/wp\/v2\/categories?post=1696070"},{"taxonomy":"post_tag","embeddable":true,"href":"https:\/\/www.pressenza.com\/es\/wp-json\/wp\/v2\/tags?post=1696070"}],"curies":[{"name":"wp","href":"https:\/\/api.w.org\/{rel}","templated":true}]}}