{"id":1696,"date":"2009-10-11T00:00:00","date_gmt":"2009-10-11T00:00:00","guid":{"rendered":""},"modified":"2009-10-11T19:49:50","modified_gmt":"2009-10-11T19:49:50","slug":"senegal-quiere-una-xmuralla-verdex-en-africa","status":"publish","type":"post","link":"https:\/\/www.pressenza.com\/es\/2009\/10\/senegal-quiere-una-xmuralla-verdex-en-africa\/","title":{"rendered":"Senegal quiere una \u00abmuralla verde\u00bb en \u00c1frica"},"content":{"rendered":"<p>Senegal ha pedido a la comunidad internacional apoyo para el proyecto de la \u00abGran Muralla Verde\u00bb en \u00c1frica. La iniciativa consiste en la plantaci\u00f3n de \u00e1rboles a lo largo de todo el continente, del este el oeste, como un esfuerzo para reducir el impacto de la desertificaci\u00f3n. <\/p>\n<p>El proyecto consiste en la plantaci\u00f3n de \u00e1rboles en un \u00e1rea que atraviesa todo el continente, del este el oeste, en un esfuerzo para reducir los efectos de la sequ\u00eda. <\/p>\n<p>En su discurso ante la Asamblea General de Naciones Unidas, en Nueva York, el presidente senegal\u00e9s, Abdoulaye Wade, afirm\u00f3 que la ONU deber\u00eda aprobar el proyecto que va a contribuir a proteger el medio ambiente y ayudar en la lucha contra el cambio clim\u00e1tico.<\/p>\n<p>La Gran Muralla Verde se extender\u00eda desde Dakar, la capital de Senegal, a Yibuti, en el Cuerno de \u00c1frica, con una longitud total de unos 7,000 kil\u00f3metros y una anchura de 15 kil\u00f3metros.<\/p>\n<p>Senegal tiene la responsabilidad de coordinar el proyecto y el presidente Wade dijo en la Asamblea General que su pa\u00eds ya plant\u00f3 cerca de 525 kil\u00f3metros de \u00e1rboles, adem\u00e1s de revelar que Mal\u00ed y Chad ya han confirmado su participaci\u00f3n en breve en la campa\u00f1a.<\/p>\n<p>El jefe de Estado senegal\u00e9s indic\u00f3 que expertos internacionales podr\u00edan ayudar a los pa\u00edses africanos a elegir especies adaptables a las condiciones \u00e1ridas de la zona del Sahel.<\/p>\n<p>Wade subray\u00f3 en su discurso que \u00c1frica debe desempe\u00f1ar su papel dentro de los esfuerzos globales de protecci\u00f3n del medio ambiente, afirmando que la muralla verde forma parte de esos esfuerzos y concluyendo que el proyecto podr\u00e1 ayudar en la movilizaci\u00f3n de muchos j\u00f3venes africanos al servicio de una causa que refuerza la paz y el medio ambiente.<\/p>\n","protected":false},"excerpt":{"rendered":"<p>El proyecto consiste en plantar \u00e1rboles desde Dakar \u2013la capital senegalesa- hasta Yibuti en el cuerno del continente; una extensi\u00f3n de 7,000 kil\u00f3metros a lo largo de todo el continente para reducir el impacto de la desertificaci\u00f3n. Senegal ha pedido a la comunidad internacional apoyo para el proyecto de la \u00abGran Muralla Verde\u00bb en \u00c1frica<\/p>\n","protected":false},"author":19,"featured_media":0,"comment_status":"closed","ping_status":"open","sticky":false,"template":"","format":"standard","meta":{"footnotes":""},"categories":[64,75],"tags":[],"class_list":["post-1696","post","type-post","status-publish","format-standard","hentry","category-africa-es","category-cultura-es"],"yoast_head":"<!-- This site is optimized with the Yoast SEO plugin v27.1.1 - https:\/\/yoast.com\/product\/yoast-seo-wordpress\/ -->\n<title>Senegal quiere una &quot;muralla verde&quot; en \u00c1frica<\/title>\n<meta name=\"description\" content=\"El proyecto consiste en plantar \u00e1rboles desde Dakar \u2013la capital senegalesa- hasta Yibuti en el cuerno del continente; una extensi\u00f3n de 7,000 kil\u00f3metros a lo largo de todo el continente para reducir el impacto de la desertificaci\u00f3n. Senegal ha pedido a la comunidad internacional apoyo para el proyecto de la &quot;Gran Muralla Verde&quot; en \u00c1frica\" \/>\n<meta name=\"robots\" content=\"index, follow, max-snippet:-1, max-image-preview:large, max-video-preview:-1\" \/>\n<link rel=\"canonical\" href=\"https:\/\/www.pressenza.com\/es\/2009\/10\/senegal-quiere-una-xmuralla-verdex-en-africa\/\" \/>\n<meta property=\"og:locale\" content=\"es_ES\" \/>\n<meta property=\"og:type\" content=\"article\" \/>\n<meta property=\"og:title\" content=\"Senegal quiere una &quot;muralla verde&quot; en \u00c1frica\" \/>\n<meta property=\"og:description\" content=\"El proyecto consiste en plantar \u00e1rboles desde Dakar \u2013la capital senegalesa- hasta Yibuti en el cuerno del continente; una extensi\u00f3n de 7,000 kil\u00f3metros a lo largo de todo el continente para reducir el impacto de la desertificaci\u00f3n. Senegal ha pedido a la comunidad internacional apoyo para el proyecto de la &quot;Gran Muralla Verde&quot; en \u00c1frica\" \/>\n<meta property=\"og:url\" content=\"https:\/\/www.pressenza.com\/es\/2009\/10\/senegal-quiere-una-xmuralla-verdex-en-africa\/\" \/>\n<meta property=\"og:site_name\" content=\"Pressenza\" \/>\n<meta property=\"article:publisher\" content=\"https:\/\/www.facebook.com\/PressenzaItalia\" \/>\n<meta property=\"article:author\" content=\"https:\/\/www.facebook.com\/pressenza\" \/>\n<meta property=\"article:published_time\" content=\"2009-10-11T00:00:00+00:00\" \/>\n<meta property=\"article:modified_time\" content=\"2009-10-11T19:49:50+00:00\" \/>\n<meta name=\"author\" content=\"Pressenza IPA\" \/>\n<meta name=\"twitter:card\" content=\"summary_large_image\" \/>\n<meta name=\"twitter:creator\" content=\"@PressenzaIPA\" \/>\n<meta name=\"twitter:site\" content=\"@PressenzaIPA\" \/>\n<meta name=\"twitter:label1\" content=\"Escrito por\" \/>\n\t<meta name=\"twitter:data1\" content=\"Pressenza IPA\" \/>\n\t<meta name=\"twitter:label2\" content=\"Tiempo de lectura\" \/>\n\t<meta name=\"twitter:data2\" content=\"2 minutos\" \/>\n<script type=\"application\/ld+json\" class=\"yoast-schema-graph\">{\"@context\":\"https:\/\/schema.org\",\"@graph\":[{\"@type\":\"Article\",\"@id\":\"https:\/\/www.pressenza.com\/es\/2009\/10\/senegal-quiere-una-xmuralla-verdex-en-africa\/#article\",\"isPartOf\":{\"@id\":\"https:\/\/www.pressenza.com\/es\/2009\/10\/senegal-quiere-una-xmuralla-verdex-en-africa\/\"},\"author\":{\"name\":\"Pressenza IPA\",\"@id\":\"https:\/\/www.pressenza.com\/es\/#\/schema\/person\/010e5d02bcf40965427a1289a4cc8d75\"},\"headline\":\"Senegal quiere una \u00abmuralla verde\u00bb en \u00c1frica\",\"datePublished\":\"2009-10-11T00:00:00+00:00\",\"dateModified\":\"2009-10-11T19:49:50+00:00\",\"mainEntityOfPage\":{\"@id\":\"https:\/\/www.pressenza.com\/es\/2009\/10\/senegal-quiere-una-xmuralla-verdex-en-africa\/\"},\"wordCount\":311,\"publisher\":{\"@id\":\"https:\/\/www.pressenza.com\/es\/#organization\"},\"articleSection\":[\"Africa\",\"Cultura y Medios\"],\"inLanguage\":\"es\"},{\"@type\":\"WebPage\",\"@id\":\"https:\/\/www.pressenza.com\/es\/2009\/10\/senegal-quiere-una-xmuralla-verdex-en-africa\/\",\"url\":\"https:\/\/www.pressenza.com\/es\/2009\/10\/senegal-quiere-una-xmuralla-verdex-en-africa\/\",\"name\":\"Senegal quiere una \\\"muralla verde\\\" en \u00c1frica\",\"isPartOf\":{\"@id\":\"https:\/\/www.pressenza.com\/es\/#website\"},\"datePublished\":\"2009-10-11T00:00:00+00:00\",\"dateModified\":\"2009-10-11T19:49:50+00:00\",\"description\":\"El proyecto consiste en plantar \u00e1rboles desde Dakar \u2013la capital senegalesa- hasta Yibuti en el cuerno del continente; una extensi\u00f3n de 7,000 kil\u00f3metros a lo largo de todo el continente para reducir el impacto de la desertificaci\u00f3n. Senegal ha pedido a la comunidad internacional apoyo para el proyecto de la \\\"Gran Muralla Verde\\\" en \u00c1frica\",\"breadcrumb\":{\"@id\":\"https:\/\/www.pressenza.com\/es\/2009\/10\/senegal-quiere-una-xmuralla-verdex-en-africa\/#breadcrumb\"},\"inLanguage\":\"es\",\"potentialAction\":[{\"@type\":\"ReadAction\",\"target\":[\"https:\/\/www.pressenza.com\/es\/2009\/10\/senegal-quiere-una-xmuralla-verdex-en-africa\/\"]}]},{\"@type\":\"BreadcrumbList\",\"@id\":\"https:\/\/www.pressenza.com\/es\/2009\/10\/senegal-quiere-una-xmuralla-verdex-en-africa\/#breadcrumb\",\"itemListElement\":[{\"@type\":\"ListItem\",\"position\":1,\"name\":\"Accueil\",\"item\":\"https:\/\/www.pressenza.com\/es\/\"},{\"@type\":\"ListItem\",\"position\":2,\"name\":\"Senegal quiere una \u00abmuralla verde\u00bb en \u00c1frica\"}]},{\"@type\":\"WebSite\",\"@id\":\"https:\/\/www.pressenza.com\/es\/#website\",\"url\":\"https:\/\/www.pressenza.com\/es\/\",\"name\":\"Pressenza\",\"description\":\"International Press Agency\",\"publisher\":{\"@id\":\"https:\/\/www.pressenza.com\/es\/#organization\"},\"potentialAction\":[{\"@type\":\"SearchAction\",\"target\":{\"@type\":\"EntryPoint\",\"urlTemplate\":\"https:\/\/www.pressenza.com\/es\/?s={search_term_string}\"},\"query-input\":{\"@type\":\"PropertyValueSpecification\",\"valueRequired\":true,\"valueName\":\"search_term_string\"}}],\"inLanguage\":\"es\"},{\"@type\":\"Organization\",\"@id\":\"https:\/\/www.pressenza.com\/es\/#organization\",\"name\":\"Pressenza\",\"url\":\"https:\/\/www.pressenza.com\/es\/\",\"logo\":{\"@type\":\"ImageObject\",\"inLanguage\":\"es\",\"@id\":\"https:\/\/www.pressenza.com\/es\/#\/schema\/logo\/image\/\",\"url\":\"https:\/\/www.pressenza.com\/wp-content\/uploads\/2022\/10\/pressenza_logo_200x200.jpg\",\"contentUrl\":\"https:\/\/www.pressenza.com\/wp-content\/uploads\/2022\/10\/pressenza_logo_200x200.jpg\",\"width\":200,\"height\":200,\"caption\":\"Pressenza\"},\"image\":{\"@id\":\"https:\/\/www.pressenza.com\/es\/#\/schema\/logo\/image\/\"},\"sameAs\":[\"https:\/\/www.facebook.com\/PressenzaItalia\",\"https:\/\/x.com\/PressenzaIPA\"]},{\"@type\":\"Person\",\"@id\":\"https:\/\/www.pressenza.com\/es\/#\/schema\/person\/010e5d02bcf40965427a1289a4cc8d75\",\"name\":\"Pressenza IPA\",\"description\":\"News from Pressenza IPA correspondents\",\"sameAs\":[\"https:\/\/www.facebook.com\/pressenza\",\"https:\/\/x.com\/PressenzaIPA\"],\"url\":\"https:\/\/www.pressenza.com\/es\/author\/pressenza-ipa\/\"}]}<\/script>\n<!-- \/ Yoast SEO plugin. -->","yoast_head_json":{"title":"Senegal quiere una \"muralla verde\" en \u00c1frica","description":"El proyecto consiste en plantar \u00e1rboles desde Dakar \u2013la capital senegalesa- hasta Yibuti en el cuerno del continente; una extensi\u00f3n de 7,000 kil\u00f3metros a lo largo de todo el continente para reducir el impacto de la desertificaci\u00f3n. Senegal ha pedido a la comunidad internacional apoyo para el proyecto de la \"Gran Muralla Verde\" en \u00c1frica","robots":{"index":"index","follow":"follow","max-snippet":"max-snippet:-1","max-image-preview":"max-image-preview:large","max-video-preview":"max-video-preview:-1"},"canonical":"https:\/\/www.pressenza.com\/es\/2009\/10\/senegal-quiere-una-xmuralla-verdex-en-africa\/","og_locale":"es_ES","og_type":"article","og_title":"Senegal quiere una \"muralla verde\" en \u00c1frica","og_description":"El proyecto consiste en plantar \u00e1rboles desde Dakar \u2013la capital senegalesa- hasta Yibuti en el cuerno del continente; una extensi\u00f3n de 7,000 kil\u00f3metros a lo largo de todo el continente para reducir el impacto de la desertificaci\u00f3n. Senegal ha pedido a la comunidad internacional apoyo para el proyecto de la \"Gran Muralla Verde\" en \u00c1frica","og_url":"https:\/\/www.pressenza.com\/es\/2009\/10\/senegal-quiere-una-xmuralla-verdex-en-africa\/","og_site_name":"Pressenza","article_publisher":"https:\/\/www.facebook.com\/PressenzaItalia","article_author":"https:\/\/www.facebook.com\/pressenza","article_published_time":"2009-10-11T00:00:00+00:00","article_modified_time":"2009-10-11T19:49:50+00:00","author":"Pressenza IPA","twitter_card":"summary_large_image","twitter_creator":"@PressenzaIPA","twitter_site":"@PressenzaIPA","twitter_misc":{"Escrito por":"Pressenza IPA","Tiempo de lectura":"2 minutos"},"schema":{"@context":"https:\/\/schema.org","@graph":[{"@type":"Article","@id":"https:\/\/www.pressenza.com\/es\/2009\/10\/senegal-quiere-una-xmuralla-verdex-en-africa\/#article","isPartOf":{"@id":"https:\/\/www.pressenza.com\/es\/2009\/10\/senegal-quiere-una-xmuralla-verdex-en-africa\/"},"author":{"name":"Pressenza IPA","@id":"https:\/\/www.pressenza.com\/es\/#\/schema\/person\/010e5d02bcf40965427a1289a4cc8d75"},"headline":"Senegal quiere una \u00abmuralla verde\u00bb en \u00c1frica","datePublished":"2009-10-11T00:00:00+00:00","dateModified":"2009-10-11T19:49:50+00:00","mainEntityOfPage":{"@id":"https:\/\/www.pressenza.com\/es\/2009\/10\/senegal-quiere-una-xmuralla-verdex-en-africa\/"},"wordCount":311,"publisher":{"@id":"https:\/\/www.pressenza.com\/es\/#organization"},"articleSection":["Africa","Cultura y Medios"],"inLanguage":"es"},{"@type":"WebPage","@id":"https:\/\/www.pressenza.com\/es\/2009\/10\/senegal-quiere-una-xmuralla-verdex-en-africa\/","url":"https:\/\/www.pressenza.com\/es\/2009\/10\/senegal-quiere-una-xmuralla-verdex-en-africa\/","name":"Senegal quiere una \"muralla verde\" en \u00c1frica","isPartOf":{"@id":"https:\/\/www.pressenza.com\/es\/#website"},"datePublished":"2009-10-11T00:00:00+00:00","dateModified":"2009-10-11T19:49:50+00:00","description":"El proyecto consiste en plantar \u00e1rboles desde Dakar \u2013la capital senegalesa- hasta Yibuti en el cuerno del continente; una extensi\u00f3n de 7,000 kil\u00f3metros a lo largo de todo el continente para reducir el impacto de la desertificaci\u00f3n. Senegal ha pedido a la comunidad internacional apoyo para el proyecto de la \"Gran Muralla Verde\" en \u00c1frica","breadcrumb":{"@id":"https:\/\/www.pressenza.com\/es\/2009\/10\/senegal-quiere-una-xmuralla-verdex-en-africa\/#breadcrumb"},"inLanguage":"es","potentialAction":[{"@type":"ReadAction","target":["https:\/\/www.pressenza.com\/es\/2009\/10\/senegal-quiere-una-xmuralla-verdex-en-africa\/"]}]},{"@type":"BreadcrumbList","@id":"https:\/\/www.pressenza.com\/es\/2009\/10\/senegal-quiere-una-xmuralla-verdex-en-africa\/#breadcrumb","itemListElement":[{"@type":"ListItem","position":1,"name":"Accueil","item":"https:\/\/www.pressenza.com\/es\/"},{"@type":"ListItem","position":2,"name":"Senegal quiere una \u00abmuralla verde\u00bb en \u00c1frica"}]},{"@type":"WebSite","@id":"https:\/\/www.pressenza.com\/es\/#website","url":"https:\/\/www.pressenza.com\/es\/","name":"Pressenza","description":"International Press Agency","publisher":{"@id":"https:\/\/www.pressenza.com\/es\/#organization"},"potentialAction":[{"@type":"SearchAction","target":{"@type":"EntryPoint","urlTemplate":"https:\/\/www.pressenza.com\/es\/?s={search_term_string}"},"query-input":{"@type":"PropertyValueSpecification","valueRequired":true,"valueName":"search_term_string"}}],"inLanguage":"es"},{"@type":"Organization","@id":"https:\/\/www.pressenza.com\/es\/#organization","name":"Pressenza","url":"https:\/\/www.pressenza.com\/es\/","logo":{"@type":"ImageObject","inLanguage":"es","@id":"https:\/\/www.pressenza.com\/es\/#\/schema\/logo\/image\/","url":"https:\/\/www.pressenza.com\/wp-content\/uploads\/2022\/10\/pressenza_logo_200x200.jpg","contentUrl":"https:\/\/www.pressenza.com\/wp-content\/uploads\/2022\/10\/pressenza_logo_200x200.jpg","width":200,"height":200,"caption":"Pressenza"},"image":{"@id":"https:\/\/www.pressenza.com\/es\/#\/schema\/logo\/image\/"},"sameAs":["https:\/\/www.facebook.com\/PressenzaItalia","https:\/\/x.com\/PressenzaIPA"]},{"@type":"Person","@id":"https:\/\/www.pressenza.com\/es\/#\/schema\/person\/010e5d02bcf40965427a1289a4cc8d75","name":"Pressenza IPA","description":"News from Pressenza IPA correspondents","sameAs":["https:\/\/www.facebook.com\/pressenza","https:\/\/x.com\/PressenzaIPA"],"url":"https:\/\/www.pressenza.com\/es\/author\/pressenza-ipa\/"}]}},"place":"Dakar","original_article_url":"","_links":{"self":[{"href":"https:\/\/www.pressenza.com\/es\/wp-json\/wp\/v2\/posts\/1696","targetHints":{"allow":["GET"]}}],"collection":[{"href":"https:\/\/www.pressenza.com\/es\/wp-json\/wp\/v2\/posts"}],"about":[{"href":"https:\/\/www.pressenza.com\/es\/wp-json\/wp\/v2\/types\/post"}],"author":[{"embeddable":true,"href":"https:\/\/www.pressenza.com\/es\/wp-json\/wp\/v2\/users\/19"}],"replies":[{"embeddable":true,"href":"https:\/\/www.pressenza.com\/es\/wp-json\/wp\/v2\/comments?post=1696"}],"version-history":[{"count":0,"href":"https:\/\/www.pressenza.com\/es\/wp-json\/wp\/v2\/posts\/1696\/revisions"}],"wp:attachment":[{"href":"https:\/\/www.pressenza.com\/es\/wp-json\/wp\/v2\/media?parent=1696"}],"wp:term":[{"taxonomy":"category","embeddable":true,"href":"https:\/\/www.pressenza.com\/es\/wp-json\/wp\/v2\/categories?post=1696"},{"taxonomy":"post_tag","embeddable":true,"href":"https:\/\/www.pressenza.com\/es\/wp-json\/wp\/v2\/tags?post=1696"}],"curies":[{"name":"wp","href":"https:\/\/api.w.org\/{rel}","templated":true}]}}