{"id":1695453,"date":"2022-11-22T17:09:42","date_gmt":"2022-11-22T17:09:42","guid":{"rendered":"https:\/\/www.pressenza.com\/?p=1695453"},"modified":"2022-11-22T17:09:42","modified_gmt":"2022-11-22T17:09:42","slug":"hebe-de-bonafini-ya-no-nos-hablara-los-jueves-en-la-plaza-pero-alli-estara","status":"publish","type":"post","link":"https:\/\/www.pressenza.com\/es\/2022\/11\/hebe-de-bonafini-ya-no-nos-hablara-los-jueves-en-la-plaza-pero-alli-estara\/","title":{"rendered":"Hebe de Bonafini ya no nos hablar\u00e1 los jueves en la Plaza. Pero all\u00ed estar\u00e1"},"content":{"rendered":"<p>Por Jorge Pard\u00e9s<\/p>\n<p>A las 9:20 de la ma\u00f1ana del d\u00eda 20 de noviembre, en la ciudad de La Plata, parti\u00f3 hacia otro espacio y otro tiempo Hebe de Bonafini, presidenta de la Asociaci\u00f3n Madres de Plaza de Mayo.<br \/>\nHebe fue una mujer, que como muchas otras, salieron a buscar, desesperadamente, a sus hijos desaparecidos.<br \/>\nEso fue en el marco de la dictadura mas feroz que vivi\u00f3 nuestro pa\u00eds, en la que el Estado con un gobierno de facto torturaba, asesinaba y desaparec\u00eda a j\u00f3venes y trabajadores por pensar diferente.<br \/>\nEsas mujeres desde una ingenuidad incipiente cre\u00edan poder incidir en que el gobierno las ayudara a encontrar a sus hijos. As\u00ed naci\u00f3, y con ese fin, el 30 de abril de 1977 la primera reuni\u00f3n de estas mujeres en la Plaza de Mayo con el deseo de llamar la atenci\u00f3n del dictador Videla, para que las ayudara.<br \/>\nComenzaron a marchar porque debido al Estado de sitio, la polic\u00eda no les permit\u00eda estar reunidas en la plaza y machete en mano les indicaba que circulen.<br \/>\nEn una entrevista con la prensa internacional, un a\u00f1o despu\u00e9s, ya sin ingenuidad alguna, relacionando fechas de cumplea\u00f1os de nietitos y an\u00e9cdotas de cambios de d\u00edas, -que los viernes no, porque era el d\u00eda de brujas, que el s\u00e1bado no hab\u00eda nadie en la Plaza y no las ver\u00edan- pudieron definir la fecha de la primera marcha de las \u201cLocas de la Plaza\u201d que este jueves 17 de noviembre pasado llegaron a las 2327.<br \/>\nHebe no estuvo, pero s\u00ed lo hizo el jueves 10 en el que con voz potente y mensaje claro \u2013m\u00e1s all\u00e1 del deterioro f\u00edsico que se pod\u00eda observar- se dirigi\u00f3 a unos centenares de personas que cada jueves marchan alrededor de la Pir\u00e1mide de Mayo evocando la epopeya de 45 a\u00f1os de lucha por Memoria Verdad y Justicia.<br \/>\nPidi\u00f3 con fuerza una \u201cpueblada\u201d contra la Corte Suprema de Justicia a quienes consider\u00f3 comprometidos con perdonar asesinos. \u201cNo s\u00f3lo perdonan a los que quisieron matar a Cristina. Vienen perdonando desde antes, a los asesinos de nuestras hijas e hijos\u201d. Pidi\u00f3 apoyo para la vicepresidenta y alert\u00f3 acerca de que el miedo es la peor c\u00e1rcel.<br \/>\nFue su \u00faltimo mensaje p\u00fablico. Volvi\u00f3 a la plaza despu\u00e9s de un tiempo de convalecencia con el evidente prop\u00f3sito de dejar este mensaje, como si supiera que ser\u00eda el \u00faltimo. Como si supiera que deb\u00eda resonar fuerte su voz porque no volver\u00eda a ser escuchada en forma directa, en otra Marcha de los jueves.<br \/>\nAquel 30 de abril de 1977 estaba naciendo, sin que ellas lo supieran, un colectivo que se conoce como Madres de Plaza de Mayo, pilar fundamental de la lucha del pueblo argentino por la recuperaci\u00f3n de la democracia y por una concepci\u00f3n que a nuestro modo de ver cambi\u00f3 la historia de este pueblo y fue modelo de transformaci\u00f3n de las luchas sociales en la direcci\u00f3n de la no violencia. La inclaudicable b\u00fasqueda de Memoria, Verdad y Justicia.<br \/>\nOtro hecho trascendente fue la decisi\u00f3n adoptada de la socializaci\u00f3n de la maternidad. Esas madres, esas mujeres que nunca dejaron de buscar a sus hijos desaparecidos y de reclamar aparici\u00f3n con vida, se definieron como madres de los 30000 y transformaron la lucha por la aparici\u00f3n de sus propios hijos, en la lucha por la aparici\u00f3n de todos. Aparici\u00f3n con vida, como reza la leyenda de sus m\u00edticos pa\u00f1uelos blancos.<br \/>\nAs\u00ed naci\u00f3 el movimiento social en el que se convirtieron esas mujeres desesperadas que salieron de sus cocinas y por m\u00e1s de 45 a\u00f1os nunca dejaron de reclamar Memoria, Verdad y Justicia.<br \/>\nLas marchas de la resistencia fueron la concreci\u00f3n de la potencia de lucha de las Madres de Plaza de Mayo. Esas marchas que se hicieron desde tiempos de la dictadura fueron levantadas cuando lleg\u00f3 N\u00e9stor Kirchner al gobierno y durante los gobiernos de Cristina Fern\u00e1ndez de Kirchner, \u201cporque el enemigo ya no estaba en la Casa Rosada\u201d<br \/>\nEl mismo d\u00eda de la asunci\u00f3n de Mauricio Macri se reestablecieron como forma de lucha, nuevamente, las marchas de la resistencia -impidiendo que el reci\u00e9n asumido presidente atravesara caminando la Plaza de Mayo como lo hac\u00edan hist\u00f3ricamente los presidentes-. Las Madres se instalaron en la Plaza y no lo dejaron pasar. Poco tiempo despu\u00e9s se autodefinir\u00edan como una organizaci\u00f3n pol\u00edtica, no solo como un organismo de derechos humanos.<br \/>\nEsa es Hebe, es una de las Madres que siempre se concibieron como un colectivo y se convirtieron en un faro para millones. Son un grito de rebeld\u00eda, son la determinaci\u00f3n contra el absurdo, son la transformaci\u00f3n del dolor por la p\u00e9rdida de sus hijos, en amor a su pueblo.<br \/>\nHoy comienza la leyenda, comienza a aparecer el mito y el pr\u00f3ximo jueves, miles, seguir\u00e1n marchando por Memoria Verdad y Justicia como cada jueves desde hace 2328 jueves. Aunque no pueda escucharse, su voz resonar\u00e1 en el coraz\u00f3n de todes.<br \/>\nMe permito cerrar este intento de obituario, este testimonio, con una an\u00e9cdota personal que muestra la fortaleza y la ternura de esta mujer que hoy despedimos.<br \/>\nTuve el privilegio de ser el productor de su programa en Radio Caput por tres a\u00f1os. Estuve muy cerca de Hebe, todo lo cerca que se pod\u00eda estar de su enormidad y su simb\u00f3lica humanidad durante los \u00faltimos seis a\u00f1os.<br \/>\nSiempre me retaba en p\u00fablico y me acariciaba el alma en privado. Creo que la divert\u00eda retarme porque yo siempre le contestaba algo, y le gustaba la irreverencia.<br \/>\nTuve la oportunidad de escuchar sus historias, para escribir un cap\u00edtulo del libro que coordin\u00f3 Luis Zarranz: El mundo es un pa\u00f1uelo, y de pescarle en las acentuaciones, con claridad, qu\u00e9 es lo que quer\u00eda que se contara, cu\u00e1les eran los mensajes que esas epopeyas de las Madres deb\u00edan quedar para ser recordadas. Con ella todo era l\u00fadico y profundo. Siempre elocuente, clara, mostrando el camino.<br \/>\nUn mi\u00e9rcoles como cada mi\u00e9rcoles baj\u00e9 a buscarla para acompa\u00f1arla al cuarto piso de la radio a hacer su programa. En el trayecto del ascensor me dio una indicaci\u00f3n llam\u00e1ndome por mi nombre. Hebe no sol\u00eda acordarse los nombres de todos los que la rode\u00e1bamos, as\u00ed que dej\u00e9 de lado la indicaci\u00f3n y le dije: \u201c\u00a1Hebe. Me llamaste por mi nombre!\u201d Fue justo cuando el ascensor llegaba al cuarto piso y Sofi, su asistenta, abr\u00eda la puerta.<br \/>\nMe puso una mano en el pecho y me dijo con una ternura inconmensurable y con esos ojos azules que me miraban profundo: \u00a1C\u00f3mo no me voy a acordar de tu nombre si es el nombre de mi hijo! Su hijo mayor desaparecido se llamaba Jorge. Ella avanz\u00f3 resuelta, como si nada hubiera sucedido. Yo qued\u00e9 pegado a la pared del ascensor por varios minutos y nunca podr\u00e9 olvidar la correntada de amor que me regal\u00f3 aquella ma\u00f1ana.<\/p>\n<p>\u00a1Te voy a extra\u00f1ar mucho Hebe querida! Buen viaje. Paz en el coraz\u00f3n y Luz en el entendimiento.<\/p>\n","protected":false},"excerpt":{"rendered":"<p>Por Jorge Pard\u00e9s A las 9:20 de la ma\u00f1ana del d\u00eda 20 de noviembre, en la ciudad de La Plata, parti\u00f3 hacia otro espacio y otro tiempo Hebe de Bonafini, presidenta de la Asociaci\u00f3n Madres de Plaza de Mayo. Hebe&hellip;<\/p>\n","protected":false},"author":87,"featured_media":1695454,"comment_status":"closed","ping_status":"closed","sticky":false,"template":"","format":"standard","meta":{"footnotes":""},"categories":[11389,79,106739,67],"tags":[26,43283,22906],"class_list":["post-1695453","post","type-post","status-publish","format-standard","has-post-thumbnail","hentry","category-contenido-original","category-derechos-humanos","category-noticia","category-sudamerica","tag-argentina","tag-asociacion-madres-de-plaza-de-mayo","tag-hebe-de-bonafini"],"yoast_head":"<!-- This site is optimized with the Yoast SEO plugin v27.1.1 - https:\/\/yoast.com\/product\/yoast-seo-wordpress\/ -->\n<title>Hebe de Bonafini ya no nos hablar\u00e1 los jueves en la Plaza. Pero all\u00ed estar\u00e1<\/title>\n<meta name=\"description\" content=\"Por Jorge Pard\u00e9s A las 9:20 de la ma\u00f1ana del d\u00eda 20 de noviembre, en la ciudad de La Plata, parti\u00f3 hacia otro espacio y otro tiempo Hebe de Bonafini,\" \/>\n<meta name=\"robots\" content=\"index, follow, max-snippet:-1, max-image-preview:large, max-video-preview:-1\" \/>\n<link rel=\"canonical\" href=\"https:\/\/www.pressenza.com\/es\/2022\/11\/hebe-de-bonafini-ya-no-nos-hablara-los-jueves-en-la-plaza-pero-alli-estara\/\" \/>\n<meta property=\"og:locale\" content=\"es_ES\" \/>\n<meta property=\"og:type\" content=\"article\" \/>\n<meta property=\"og:title\" content=\"Hebe de Bonafini ya no nos hablar\u00e1 los jueves en la Plaza. Pero all\u00ed estar\u00e1\" \/>\n<meta property=\"og:description\" content=\"Por Jorge Pard\u00e9s A las 9:20 de la ma\u00f1ana del d\u00eda 20 de noviembre, en la ciudad de La Plata, parti\u00f3 hacia otro espacio y otro tiempo Hebe de Bonafini,\" \/>\n<meta property=\"og:url\" content=\"https:\/\/www.pressenza.com\/es\/2022\/11\/hebe-de-bonafini-ya-no-nos-hablara-los-jueves-en-la-plaza-pero-alli-estara\/\" \/>\n<meta property=\"og:site_name\" content=\"Pressenza\" \/>\n<meta property=\"article:publisher\" content=\"https:\/\/www.facebook.com\/PressenzaItalia\" \/>\n<meta property=\"article:published_time\" content=\"2022-11-22T17:09:42+00:00\" \/>\n<meta property=\"og:image\" content=\"https:\/\/www.pressenza.com\/wp-content\/uploads\/2022\/11\/hebe.jpg\" \/>\n\t<meta property=\"og:image:width\" content=\"1920\" \/>\n\t<meta property=\"og:image:height\" content=\"1080\" \/>\n\t<meta property=\"og:image:type\" content=\"image\/jpeg\" \/>\n<meta name=\"author\" content=\"Redacci\u00f3n Argentina\" \/>\n<meta name=\"twitter:card\" content=\"summary_large_image\" \/>\n<meta name=\"twitter:creator\" content=\"@pressenza\" \/>\n<meta name=\"twitter:site\" content=\"@PressenzaIPA\" \/>\n<meta name=\"twitter:label1\" content=\"Escrito por\" \/>\n\t<meta name=\"twitter:data1\" content=\"Redacci\u00f3n Argentina\" \/>\n\t<meta name=\"twitter:label2\" content=\"Tiempo de lectura\" \/>\n\t<meta name=\"twitter:data2\" content=\"6 minutos\" \/>\n<script type=\"application\/ld+json\" class=\"yoast-schema-graph\">{\"@context\":\"https:\/\/schema.org\",\"@graph\":[{\"@type\":\"Article\",\"@id\":\"https:\/\/www.pressenza.com\/es\/2022\/11\/hebe-de-bonafini-ya-no-nos-hablara-los-jueves-en-la-plaza-pero-alli-estara\/#article\",\"isPartOf\":{\"@id\":\"https:\/\/www.pressenza.com\/es\/2022\/11\/hebe-de-bonafini-ya-no-nos-hablara-los-jueves-en-la-plaza-pero-alli-estara\/\"},\"author\":{\"name\":\"Redacci\u00f3n Argentina\",\"@id\":\"https:\/\/www.pressenza.com\/es\/#\/schema\/person\/0dda7d1b68267ad95b1e1d83abc98c89\"},\"headline\":\"Hebe de Bonafini ya no nos hablar\u00e1 los jueves en la Plaza. Pero all\u00ed estar\u00e1\",\"datePublished\":\"2022-11-22T17:09:42+00:00\",\"mainEntityOfPage\":{\"@id\":\"https:\/\/www.pressenza.com\/es\/2022\/11\/hebe-de-bonafini-ya-no-nos-hablara-los-jueves-en-la-plaza-pero-alli-estara\/\"},\"wordCount\":1240,\"publisher\":{\"@id\":\"https:\/\/www.pressenza.com\/es\/#organization\"},\"image\":{\"@id\":\"https:\/\/www.pressenza.com\/es\/2022\/11\/hebe-de-bonafini-ya-no-nos-hablara-los-jueves-en-la-plaza-pero-alli-estara\/#primaryimage\"},\"thumbnailUrl\":\"https:\/\/www.pressenza.com\/wp-content\/uploads\/2022\/11\/hebe.jpg\",\"keywords\":[\"Argentina\",\"Asociaci\u00f3n Madres de Plaza de Mayo\",\"Hebe de Bonafini\"],\"articleSection\":[\"Contenido Original\",\"Derechos Humanos\",\"Noticia\",\"Sudam\u00e9rica\"],\"inLanguage\":\"es\"},{\"@type\":\"WebPage\",\"@id\":\"https:\/\/www.pressenza.com\/es\/2022\/11\/hebe-de-bonafini-ya-no-nos-hablara-los-jueves-en-la-plaza-pero-alli-estara\/\",\"url\":\"https:\/\/www.pressenza.com\/es\/2022\/11\/hebe-de-bonafini-ya-no-nos-hablara-los-jueves-en-la-plaza-pero-alli-estara\/\",\"name\":\"Hebe de Bonafini ya no nos hablar\u00e1 los jueves en la Plaza. Pero all\u00ed estar\u00e1\",\"isPartOf\":{\"@id\":\"https:\/\/www.pressenza.com\/es\/#website\"},\"primaryImageOfPage\":{\"@id\":\"https:\/\/www.pressenza.com\/es\/2022\/11\/hebe-de-bonafini-ya-no-nos-hablara-los-jueves-en-la-plaza-pero-alli-estara\/#primaryimage\"},\"image\":{\"@id\":\"https:\/\/www.pressenza.com\/es\/2022\/11\/hebe-de-bonafini-ya-no-nos-hablara-los-jueves-en-la-plaza-pero-alli-estara\/#primaryimage\"},\"thumbnailUrl\":\"https:\/\/www.pressenza.com\/wp-content\/uploads\/2022\/11\/hebe.jpg\",\"datePublished\":\"2022-11-22T17:09:42+00:00\",\"description\":\"Por Jorge Pard\u00e9s A las 9:20 de la ma\u00f1ana del d\u00eda 20 de noviembre, en la ciudad de La Plata, parti\u00f3 hacia otro espacio y otro tiempo Hebe de Bonafini,\",\"breadcrumb\":{\"@id\":\"https:\/\/www.pressenza.com\/es\/2022\/11\/hebe-de-bonafini-ya-no-nos-hablara-los-jueves-en-la-plaza-pero-alli-estara\/#breadcrumb\"},\"inLanguage\":\"es\",\"potentialAction\":[{\"@type\":\"ReadAction\",\"target\":[\"https:\/\/www.pressenza.com\/es\/2022\/11\/hebe-de-bonafini-ya-no-nos-hablara-los-jueves-en-la-plaza-pero-alli-estara\/\"]}]},{\"@type\":\"ImageObject\",\"inLanguage\":\"es\",\"@id\":\"https:\/\/www.pressenza.com\/es\/2022\/11\/hebe-de-bonafini-ya-no-nos-hablara-los-jueves-en-la-plaza-pero-alli-estara\/#primaryimage\",\"url\":\"https:\/\/www.pressenza.com\/wp-content\/uploads\/2022\/11\/hebe.jpg\",\"contentUrl\":\"https:\/\/www.pressenza.com\/wp-content\/uploads\/2022\/11\/hebe.jpg\",\"width\":1920,\"height\":1080,\"caption\":\"Jorge Pard\u00e9s\"},{\"@type\":\"BreadcrumbList\",\"@id\":\"https:\/\/www.pressenza.com\/es\/2022\/11\/hebe-de-bonafini-ya-no-nos-hablara-los-jueves-en-la-plaza-pero-alli-estara\/#breadcrumb\",\"itemListElement\":[{\"@type\":\"ListItem\",\"position\":1,\"name\":\"Accueil\",\"item\":\"https:\/\/www.pressenza.com\/es\/\"},{\"@type\":\"ListItem\",\"position\":2,\"name\":\"Hebe de Bonafini ya no nos hablar\u00e1 los jueves en la Plaza. Pero all\u00ed estar\u00e1\"}]},{\"@type\":\"WebSite\",\"@id\":\"https:\/\/www.pressenza.com\/es\/#website\",\"url\":\"https:\/\/www.pressenza.com\/es\/\",\"name\":\"Pressenza\",\"description\":\"International Press Agency\",\"publisher\":{\"@id\":\"https:\/\/www.pressenza.com\/es\/#organization\"},\"potentialAction\":[{\"@type\":\"SearchAction\",\"target\":{\"@type\":\"EntryPoint\",\"urlTemplate\":\"https:\/\/www.pressenza.com\/es\/?s={search_term_string}\"},\"query-input\":{\"@type\":\"PropertyValueSpecification\",\"valueRequired\":true,\"valueName\":\"search_term_string\"}}],\"inLanguage\":\"es\"},{\"@type\":\"Organization\",\"@id\":\"https:\/\/www.pressenza.com\/es\/#organization\",\"name\":\"Pressenza\",\"url\":\"https:\/\/www.pressenza.com\/es\/\",\"logo\":{\"@type\":\"ImageObject\",\"inLanguage\":\"es\",\"@id\":\"https:\/\/www.pressenza.com\/es\/#\/schema\/logo\/image\/\",\"url\":\"https:\/\/www.pressenza.com\/wp-content\/uploads\/2022\/10\/pressenza_logo_200x200.jpg\",\"contentUrl\":\"https:\/\/www.pressenza.com\/wp-content\/uploads\/2022\/10\/pressenza_logo_200x200.jpg\",\"width\":200,\"height\":200,\"caption\":\"Pressenza\"},\"image\":{\"@id\":\"https:\/\/www.pressenza.com\/es\/#\/schema\/logo\/image\/\"},\"sameAs\":[\"https:\/\/www.facebook.com\/PressenzaItalia\",\"https:\/\/x.com\/PressenzaIPA\"]},{\"@type\":\"Person\",\"@id\":\"https:\/\/www.pressenza.com\/es\/#\/schema\/person\/0dda7d1b68267ad95b1e1d83abc98c89\",\"name\":\"Redacci\u00f3n Argentina\",\"description\":\"News from the Pressenza Bureau in Argentina.\",\"sameAs\":[\"https:\/\/x.com\/pressenza\"],\"url\":\"https:\/\/www.pressenza.com\/es\/author\/redaccion-argentina\/\"}]}<\/script>\n<!-- \/ Yoast SEO plugin. -->","yoast_head_json":{"title":"Hebe de Bonafini ya no nos hablar\u00e1 los jueves en la Plaza. Pero all\u00ed estar\u00e1","description":"Por Jorge Pard\u00e9s A las 9:20 de la ma\u00f1ana del d\u00eda 20 de noviembre, en la ciudad de La Plata, parti\u00f3 hacia otro espacio y otro tiempo Hebe de Bonafini,","robots":{"index":"index","follow":"follow","max-snippet":"max-snippet:-1","max-image-preview":"max-image-preview:large","max-video-preview":"max-video-preview:-1"},"canonical":"https:\/\/www.pressenza.com\/es\/2022\/11\/hebe-de-bonafini-ya-no-nos-hablara-los-jueves-en-la-plaza-pero-alli-estara\/","og_locale":"es_ES","og_type":"article","og_title":"Hebe de Bonafini ya no nos hablar\u00e1 los jueves en la Plaza. Pero all\u00ed estar\u00e1","og_description":"Por Jorge Pard\u00e9s A las 9:20 de la ma\u00f1ana del d\u00eda 20 de noviembre, en la ciudad de La Plata, parti\u00f3 hacia otro espacio y otro tiempo Hebe de Bonafini,","og_url":"https:\/\/www.pressenza.com\/es\/2022\/11\/hebe-de-bonafini-ya-no-nos-hablara-los-jueves-en-la-plaza-pero-alli-estara\/","og_site_name":"Pressenza","article_publisher":"https:\/\/www.facebook.com\/PressenzaItalia","article_published_time":"2022-11-22T17:09:42+00:00","og_image":[{"width":1920,"height":1080,"url":"https:\/\/www.pressenza.com\/wp-content\/uploads\/2022\/11\/hebe.jpg","type":"image\/jpeg"}],"author":"Redacci\u00f3n Argentina","twitter_card":"summary_large_image","twitter_creator":"@pressenza","twitter_site":"@PressenzaIPA","twitter_misc":{"Escrito por":"Redacci\u00f3n Argentina","Tiempo de lectura":"6 minutos"},"schema":{"@context":"https:\/\/schema.org","@graph":[{"@type":"Article","@id":"https:\/\/www.pressenza.com\/es\/2022\/11\/hebe-de-bonafini-ya-no-nos-hablara-los-jueves-en-la-plaza-pero-alli-estara\/#article","isPartOf":{"@id":"https:\/\/www.pressenza.com\/es\/2022\/11\/hebe-de-bonafini-ya-no-nos-hablara-los-jueves-en-la-plaza-pero-alli-estara\/"},"author":{"name":"Redacci\u00f3n Argentina","@id":"https:\/\/www.pressenza.com\/es\/#\/schema\/person\/0dda7d1b68267ad95b1e1d83abc98c89"},"headline":"Hebe de Bonafini ya no nos hablar\u00e1 los jueves en la Plaza. Pero all\u00ed estar\u00e1","datePublished":"2022-11-22T17:09:42+00:00","mainEntityOfPage":{"@id":"https:\/\/www.pressenza.com\/es\/2022\/11\/hebe-de-bonafini-ya-no-nos-hablara-los-jueves-en-la-plaza-pero-alli-estara\/"},"wordCount":1240,"publisher":{"@id":"https:\/\/www.pressenza.com\/es\/#organization"},"image":{"@id":"https:\/\/www.pressenza.com\/es\/2022\/11\/hebe-de-bonafini-ya-no-nos-hablara-los-jueves-en-la-plaza-pero-alli-estara\/#primaryimage"},"thumbnailUrl":"https:\/\/www.pressenza.com\/wp-content\/uploads\/2022\/11\/hebe.jpg","keywords":["Argentina","Asociaci\u00f3n Madres de Plaza de Mayo","Hebe de Bonafini"],"articleSection":["Contenido Original","Derechos Humanos","Noticia","Sudam\u00e9rica"],"inLanguage":"es"},{"@type":"WebPage","@id":"https:\/\/www.pressenza.com\/es\/2022\/11\/hebe-de-bonafini-ya-no-nos-hablara-los-jueves-en-la-plaza-pero-alli-estara\/","url":"https:\/\/www.pressenza.com\/es\/2022\/11\/hebe-de-bonafini-ya-no-nos-hablara-los-jueves-en-la-plaza-pero-alli-estara\/","name":"Hebe de Bonafini ya no nos hablar\u00e1 los jueves en la Plaza. Pero all\u00ed estar\u00e1","isPartOf":{"@id":"https:\/\/www.pressenza.com\/es\/#website"},"primaryImageOfPage":{"@id":"https:\/\/www.pressenza.com\/es\/2022\/11\/hebe-de-bonafini-ya-no-nos-hablara-los-jueves-en-la-plaza-pero-alli-estara\/#primaryimage"},"image":{"@id":"https:\/\/www.pressenza.com\/es\/2022\/11\/hebe-de-bonafini-ya-no-nos-hablara-los-jueves-en-la-plaza-pero-alli-estara\/#primaryimage"},"thumbnailUrl":"https:\/\/www.pressenza.com\/wp-content\/uploads\/2022\/11\/hebe.jpg","datePublished":"2022-11-22T17:09:42+00:00","description":"Por Jorge Pard\u00e9s A las 9:20 de la ma\u00f1ana del d\u00eda 20 de noviembre, en la ciudad de La Plata, parti\u00f3 hacia otro espacio y otro tiempo Hebe de Bonafini,","breadcrumb":{"@id":"https:\/\/www.pressenza.com\/es\/2022\/11\/hebe-de-bonafini-ya-no-nos-hablara-los-jueves-en-la-plaza-pero-alli-estara\/#breadcrumb"},"inLanguage":"es","potentialAction":[{"@type":"ReadAction","target":["https:\/\/www.pressenza.com\/es\/2022\/11\/hebe-de-bonafini-ya-no-nos-hablara-los-jueves-en-la-plaza-pero-alli-estara\/"]}]},{"@type":"ImageObject","inLanguage":"es","@id":"https:\/\/www.pressenza.com\/es\/2022\/11\/hebe-de-bonafini-ya-no-nos-hablara-los-jueves-en-la-plaza-pero-alli-estara\/#primaryimage","url":"https:\/\/www.pressenza.com\/wp-content\/uploads\/2022\/11\/hebe.jpg","contentUrl":"https:\/\/www.pressenza.com\/wp-content\/uploads\/2022\/11\/hebe.jpg","width":1920,"height":1080,"caption":"Jorge Pard\u00e9s"},{"@type":"BreadcrumbList","@id":"https:\/\/www.pressenza.com\/es\/2022\/11\/hebe-de-bonafini-ya-no-nos-hablara-los-jueves-en-la-plaza-pero-alli-estara\/#breadcrumb","itemListElement":[{"@type":"ListItem","position":1,"name":"Accueil","item":"https:\/\/www.pressenza.com\/es\/"},{"@type":"ListItem","position":2,"name":"Hebe de Bonafini ya no nos hablar\u00e1 los jueves en la Plaza. Pero all\u00ed estar\u00e1"}]},{"@type":"WebSite","@id":"https:\/\/www.pressenza.com\/es\/#website","url":"https:\/\/www.pressenza.com\/es\/","name":"Pressenza","description":"International Press Agency","publisher":{"@id":"https:\/\/www.pressenza.com\/es\/#organization"},"potentialAction":[{"@type":"SearchAction","target":{"@type":"EntryPoint","urlTemplate":"https:\/\/www.pressenza.com\/es\/?s={search_term_string}"},"query-input":{"@type":"PropertyValueSpecification","valueRequired":true,"valueName":"search_term_string"}}],"inLanguage":"es"},{"@type":"Organization","@id":"https:\/\/www.pressenza.com\/es\/#organization","name":"Pressenza","url":"https:\/\/www.pressenza.com\/es\/","logo":{"@type":"ImageObject","inLanguage":"es","@id":"https:\/\/www.pressenza.com\/es\/#\/schema\/logo\/image\/","url":"https:\/\/www.pressenza.com\/wp-content\/uploads\/2022\/10\/pressenza_logo_200x200.jpg","contentUrl":"https:\/\/www.pressenza.com\/wp-content\/uploads\/2022\/10\/pressenza_logo_200x200.jpg","width":200,"height":200,"caption":"Pressenza"},"image":{"@id":"https:\/\/www.pressenza.com\/es\/#\/schema\/logo\/image\/"},"sameAs":["https:\/\/www.facebook.com\/PressenzaItalia","https:\/\/x.com\/PressenzaIPA"]},{"@type":"Person","@id":"https:\/\/www.pressenza.com\/es\/#\/schema\/person\/0dda7d1b68267ad95b1e1d83abc98c89","name":"Redacci\u00f3n Argentina","description":"News from the Pressenza Bureau in Argentina.","sameAs":["https:\/\/x.com\/pressenza"],"url":"https:\/\/www.pressenza.com\/es\/author\/redaccion-argentina\/"}]}},"place":"Buenos Aires, Argentina","original_article_url":"","_links":{"self":[{"href":"https:\/\/www.pressenza.com\/es\/wp-json\/wp\/v2\/posts\/1695453","targetHints":{"allow":["GET"]}}],"collection":[{"href":"https:\/\/www.pressenza.com\/es\/wp-json\/wp\/v2\/posts"}],"about":[{"href":"https:\/\/www.pressenza.com\/es\/wp-json\/wp\/v2\/types\/post"}],"author":[{"embeddable":true,"href":"https:\/\/www.pressenza.com\/es\/wp-json\/wp\/v2\/users\/87"}],"replies":[{"embeddable":true,"href":"https:\/\/www.pressenza.com\/es\/wp-json\/wp\/v2\/comments?post=1695453"}],"version-history":[{"count":0,"href":"https:\/\/www.pressenza.com\/es\/wp-json\/wp\/v2\/posts\/1695453\/revisions"}],"wp:featuredmedia":[{"embeddable":true,"href":"https:\/\/www.pressenza.com\/es\/wp-json\/wp\/v2\/media\/1695454"}],"wp:attachment":[{"href":"https:\/\/www.pressenza.com\/es\/wp-json\/wp\/v2\/media?parent=1695453"}],"wp:term":[{"taxonomy":"category","embeddable":true,"href":"https:\/\/www.pressenza.com\/es\/wp-json\/wp\/v2\/categories?post=1695453"},{"taxonomy":"post_tag","embeddable":true,"href":"https:\/\/www.pressenza.com\/es\/wp-json\/wp\/v2\/tags?post=1695453"}],"curies":[{"name":"wp","href":"https:\/\/api.w.org\/{rel}","templated":true}]}}