{"id":1695433,"date":"2022-11-22T14:03:54","date_gmt":"2022-11-22T14:03:54","guid":{"rendered":"https:\/\/www.pressenza.com\/?p=1695433"},"modified":"2022-11-22T14:03:54","modified_gmt":"2022-11-22T14:03:54","slug":"ante-tanta-concentracion-de-riquezas-vulneracion-de-derechos-e-inseguridad-ciudadana-caramba-quien-podra-defendernos","status":"publish","type":"post","link":"https:\/\/www.pressenza.com\/es\/2022\/11\/ante-tanta-concentracion-de-riquezas-vulneracion-de-derechos-e-inseguridad-ciudadana-caramba-quien-podra-defendernos\/","title":{"rendered":"Ante tanta concentraci\u00f3n de riquezas, vulneraci\u00f3n de derechos e inseguridad ciudadana\u2026\u2026.. Caramba, \u00bfQui\u00e9n podr\u00e1 defendernos?"},"content":{"rendered":"<p><strong>Globalizaci\u00f3n y destrucci\u00f3n del Estado<\/strong><br \/>\nEn el \u00faltimo cuarto de este siglo se dio inicio a la instalaci\u00f3n global de la teor\u00eda pol\u00edtica y econ\u00f3mica, que ha venido transformando al mundo, denominada neoliberalismo. Est\u00e1 nueva forma de pensar lo econ\u00f3mico, d\u00f3nde el concepto de mercado se integra a todas las \u00e1reas de la sociedad, reduciendo al m\u00ednimo la intervenci\u00f3n del Estado.<br \/>\nLos pilares fundamentales del neoliberalismo son la privatizaci\u00f3n y la desregulaci\u00f3n, en un proceso de aceleraci\u00f3n y desarrollo de las fuerzas productivas a niveles impresionantes, pero tambi\u00e9n una ola expansiva y de dominaci\u00f3n de un sistema financiero especulativo, estableciendo niveles crecientes de desigualdades entre los pa\u00edses desarrollados y subdesarrollados.<br \/>\nA nivel pa\u00eds, esto impacta con efectos sociales nefastos, como una institucionalidad fallida de todos los poderes del Estado, con una derivada de autoritarismo para gobernar.<br \/>\nEn los territorios, se manifiesta en la instalaci\u00f3n normalizada de la segregaci\u00f3n urbana, lo que conlleva el deterioro, dispersi\u00f3n y fragmentaci\u00f3n de la vida en las ciudades; la crisis ecol\u00f3gica, y el aumento exponencial y descontrolado de la violencia y la inseguridad ciudadana; todo lo cual d\u00eda a d\u00eda hace evidente el deterioro exponencial en los diferentes \u00e1mbitos de la existencia humana.<\/p>\n<p><strong>Las evidencias en Chile: El fraccionamiento del sector artesanal y las grandes riquezas de las industrias pesqueras<\/strong><br \/>\nA principios de a\u00f1o la justicia conden\u00f3 a un exsenador a cinco a\u00f1os de c\u00e1rcel por cohecho y fraude al fisco por el caso Corpesca. La investigaci\u00f3n realizada comprob\u00f3 il\u00edcitos que involucr\u00f3 a la clase pol\u00edtica y d\u00f3nde queda en evidencia los pauteos realizados por las grandes empresas sobre las materias legislativas a discutir.<br \/>\nLa cr\u00edtica m\u00e1s fuerte realizada a la Ley de Pesca, ley involucrada en este fallo de la justicia, es a la fragmentaci\u00f3n de la cuota de pesca entregadas en una amplia proporci\u00f3n a las industriales siendo un<br \/>\nejemplo la pesca de jurel que queda en un 90% , entre Arica y Palena, para los industriales y el 10% para los artesanales.<br \/>\nDe igual forma se cuestiona la duraci\u00f3n de derechos que es de 20 a\u00f1os, con la posibilidad sucesiva y sin dificultades de renovaci\u00f3n por 20 a\u00f1os m\u00e1s. Estos derechos, recibidos casi gratuitamente, se concentran espec\u00edficamente en las empresas correspondientes a los cinco conglomerados pesqueros (Grupo Alimar, Corpesca, Blumar, Camanchaca, Orizon) que estaban en el centro de la pol\u00e9mica, mientras se tramitaba la ley, y que pertenecen a las cinco familias catalogadas c\u00f3mo \u201c due\u00f1as del mar chileno\u201d Angelini, Izquierdo, Yaconi-Santa Cruz, Sarquis, Stengel, Lecaros y Fern\u00e1ndez, y cuyas ganancias en la actualidad, equivalen a miles de millones de d\u00f3lares en valor mercado gracias a estas concesiones.<\/p>\n<p>Esta situaci\u00f3n es una acci\u00f3n concertada para la concentraci\u00f3n de riquezas en manos de unos pocos, en desmedro de la mayor\u00eda y deja a un n\u00famero importante de trabajadores con fuentes laborales<br \/>\nprecarizadas y en riesgo de desaparecer, y paralelamente propicia el deterioro del medio ambiente, todos efectos propios del sistema econ\u00f3mico neoliberal.<\/p>\n<p><strong>Otro caso: La inseguridad ciudadana crece a la par del negocio de las alarmas y sus derivados<\/strong><br \/>\nDe la mano de los avances tecnol\u00f3gicos y de la constante exposici\u00f3n d\u00eda a d\u00eda, en los medios de comunicaci\u00f3n de hechos de violencia, que amplifican la sensaci\u00f3n de vulnerabilidad en la ciudadan\u00eda, el negocio de alarmas, seguros, c\u00e1maras, drones, etc., y cualquier sistema de seguridad para los hogares est\u00e1 en su mejor momento. La necesidad de la gente de sentirse m\u00e1s segura en sus casas explica el fuerte incremento de una demanda que todav\u00eda no encuentra su techo.<br \/>\n\u201cEl negocio est\u00e1 en pleno crecimiento. La venta de alarmas de Verisure se ha incrementado en un 200% en relaci\u00f3n con julio de 2021, llegando con nuestro servicio de protecci\u00f3n a m\u00e1s de 20.000 clientes.<br \/>\nEsperamos que este n\u00famero mantenga la tendencia en los pr\u00f3ximos meses\u201d, asegura el director general de Verisure Argentina, compa\u00f1\u00eda proveedora de alarmas monitoreadas para los hogares y los comercios con operaciones en pa\u00edses de Europa y Am\u00e9rica Latina.<br \/>\nSin embargo, en Chile, el registro de alarmas del 2008 informo 377.457 alarmas, de las que el 90% eran falsas, seg\u00fan datos de las propias empresas. Luego la aplicaci\u00f3n en el 2012 de la Ley de Seguridad Privada redujo estas a 20.600. Este exceso y algunos impedimentos legales dificultan la plena eficiencia de estos sistemas, cuya diversidad y accesibilidad dependen igualmente del nivel socioecon\u00f3mico, merman la capacidad de respuesta ante alertas reales, dej\u00e1ndonos la inc\u00f3gnita permanente de que si efectivamente dan soluci\u00f3n a un problema real o solo tienen un efecto placebo cuyo trasfondo es lucrar con una necesidad humana, l\u00f3gica de la oferta y la demanda muy propia del neoliberalismo.<\/p>\n<p><strong>Un Estado fallido: Las entidades con sello autoritario y la vulneraci\u00f3n de derechos<\/strong><br \/>\nEl estallido social del 2019 evidenci\u00f3 todas las problem\u00e1ticas sociales permanentes, que ni los gobiernos anteriores ni el actual a la fecha han logrado abordar y menos resolver. En este contexto, el<br \/>\ncuestionamiento a las entidades que manejan el poder es elocuente, y de sobre manera a aquellas involucradas en temas poco \u00e9ticos c\u00f3mo las grandes empresas, algunas personalidades pol\u00edticas, las<br \/>\nentidades estatales o privadas y las fuerzas armadas, est\u00e1s \u00faltimas custodias de la seguridad de un pa\u00eds y de su gente, a pesar de su sello jer\u00e1rquico y autoritario, y una de las cuales hoy se encuentra ad portas de una querella judicial.<br \/>\nEl reciente lunes 14, el Instituto Nacional de Derechos Humanos, encabezado actualmente por Consuelo Contreras, y que durante la direcci\u00f3n de Sergio Micco acordar\u00e1 por unanimidad interponer una querella contra los altos mandos de Carabineros, aprob\u00f3 por siete votos contra dos, el texto de la acci\u00f3n judicial.<br \/>\nSe indica que en el per\u00edodo entre el 18 de octubre y el 19 de noviembre de 2019, jefaturas de la instituci\u00f3n policial, a pesar de estar en conocimientos de los ataques, la violencia, las amenazas, el<br \/>\nhostigamiento y el uso desmedido de la fuerza, principalmente de Carabineros, no dictaron \u00f3rdenes que hubiesen podido frenar este accionar y disminuir el da\u00f1o f\u00edsico y moral de un sin n\u00famero de<br \/>\ncompatriotas.<br \/>\nSeg\u00fan el texto se busca que \u201cse cumpla con las obligaciones estatales relativas a la investigaci\u00f3n y sanci\u00f3n de estas graves violaciones de derechos, procurando perseguir una de las dimensiones de la<br \/>\nresponsabilidad penal, la de los mandos policiales, que en el per\u00edodo comprendido entre el 18 de octubre y el 19 de noviembre de 2019 omitieron impedir o hacer cesar la aplicaci\u00f3n de apremios<br \/>\nileg\u00edtimos y otros tratos, teniendo la facultad o autoridad necesaria para ello o estando en posici\u00f3n de hacerlo\u201d.<br \/>\nLos generales Mauricio Rodr\u00edguez, exjefe Zona Metropolitana; Enrique Bassaletti, exjefe Zona Santiago Este; Jorge \u00c1vila, exjefe de la Zona Control Orden P\u00fablico e Intervenci\u00f3n; Jorge Valenzuela, exdirector nacional de Apoyo a las Operaciones Policiales; Jean Camus, exdirector de Log\u00edstica; Enrique Monr\u00e1s, jefe de la Zona Santiago Oeste, y Hugo Zenteno, exjefe de la V Zona Valpara\u00edso m\u00e1s el otrora general director Mario Rozas, quien recibi\u00f3 un informe con las situaciones que se presentaron hasta el 30 de octubre de 2019, son a quienes la Contralor\u00eda les imputo un conjunto de infracciones a la normativa que fija los marcos y protocolos de actuaci\u00f3n de esta entidad.<br \/>\nLa presentaci\u00f3n de esta querella tiene como objetivo dar cumplimiento a la obligaci\u00f3n estatal de garantizar el ejercicio y goce de los derechos humanos y cumplir con las recomendaciones, realizada por la Comisi\u00f3n Interamericana de Derechos Humanos (CIDH) a prop\u00f3sito de la crisis social, en relaci\u00f3n a tomar todas las medidas necesarias para investigar y sancionar pronta, adecuada y efectivamente todas las situaciones y responsables de vulneraci\u00f3n de derechos en el contexto de las movilizaciones ciudadanas y que son el resultado del accionar violento y autoritario de instituciones jer\u00e1rquicas y b\u00e9licas.<\/p>\n<p><strong>La defensa del futuro que queremos<\/strong><br \/>\nA partir de lo expuesto y tras un simple an\u00e1lisis, podemos se\u00f1alar que, si bien es cierto, la prosperidad econ\u00f3mica es importante para el desarrollo de un pa\u00eds y de sus habitantes, la instalaci\u00f3n en una<br \/>\nsociedad del dinero como valor central, con toda la concentraci\u00f3n de poder que conlleva, se aleja sustancialmente de lo que la ciudadan\u00eda reclama y requiere en estos tiempos.<br \/>\nBasar la grandeza del ser humano en la capacidad que tiene para generar ingresos monetarios, ha aumentado progresivamente el individualismo enfermizo, la delincuencia en todos los estratos sociales en diferentes escalas, y la competencia por ganar y poseer de cualquier manera, donde priman la inhumanidad, la codicia, la avaricia y la corrupci\u00f3n que provoca mayor desigualdad, inequidad e injusticia en nuestra sociedad, lo que aviva en la poblaci\u00f3n consciente una lucha diaria por revertir los males del monstruo llamado neoliberalismo.<br \/>\nEl ser humano debe ser siempre el valor central de cualquier sociedad. Nuestro llamado es a cambiar el paradigma de este momento hist\u00f3rico, buscando un punto de inflexi\u00f3n que cambie la globalizaci\u00f3n uniformante y de pensamiento \u00fanico, por una mundializaci\u00f3n que valore la convergencia de lo diverso, avanzado con ello hacia una futura naci\u00f3n humana universal.<\/p>\n<p>&nbsp;<\/p>\n<p>Redacci\u00f3n colaborativa M. Ang\u00e9lica Alvear Montecinos; Gladys Mendoza Jaque y Guillermo Garc\u00e9s Parada. Comisi\u00f3n pol\u00edtica.<\/p>\n","protected":false},"excerpt":{"rendered":"<p>Globalizaci\u00f3n y destrucci\u00f3n del Estado En el \u00faltimo cuarto de este siglo se dio inicio a la instalaci\u00f3n global de la teor\u00eda pol\u00edtica y econ\u00f3mica, que ha venido transformando al mundo, denominada neoliberalismo. Est\u00e1 nueva forma de pensar lo econ\u00f3mico,&hellip;<\/p>\n","protected":false},"author":386,"featured_media":1695434,"comment_status":"closed","ping_status":"closed","sticky":false,"template":"","format":"standard","meta":{"footnotes":""},"categories":[149,11389,74,67],"tags":[29,10964,2815,1307,11064,68533],"class_list":["post-1695433","post","type-post","status-publish","format-standard","has-post-thumbnail","hentry","category-comunicados-de-prensa","category-contenido-original","category-politica-es","category-sudamerica","tag-chile","tag-inequidad","tag-inseguridad","tag-ley-de-pesca","tag-neoliberalismo","tag-vulneracion-de-derechos"],"yoast_head":"<!-- This site is optimized with the Yoast SEO plugin v27.1.1 - https:\/\/yoast.com\/product\/yoast-seo-wordpress\/ -->\n<title>Ante tanta concentraci\u00f3n de riquezas, vulneraci\u00f3n de derechos e inseguridad ciudadana\u2026\u2026.. Caramba, \u00bfQui\u00e9n podr\u00e1 defendernos?<\/title>\n<meta name=\"description\" content=\"Globalizaci\u00f3n y destrucci\u00f3n del Estado En el \u00faltimo cuarto de este siglo se dio inicio a la instalaci\u00f3n global de la teor\u00eda pol\u00edtica y econ\u00f3mica, que ha\" \/>\n<meta name=\"robots\" content=\"index, follow, max-snippet:-1, max-image-preview:large, max-video-preview:-1\" \/>\n<link rel=\"canonical\" href=\"https:\/\/www.pressenza.com\/es\/2022\/11\/ante-tanta-concentracion-de-riquezas-vulneracion-de-derechos-e-inseguridad-ciudadana-caramba-quien-podra-defendernos\/\" \/>\n<meta property=\"og:locale\" content=\"es_ES\" \/>\n<meta property=\"og:type\" content=\"article\" \/>\n<meta property=\"og:title\" content=\"Ante tanta concentraci\u00f3n de riquezas, vulneraci\u00f3n de derechos e inseguridad ciudadana\u2026\u2026.. Caramba, \u00bfQui\u00e9n podr\u00e1 defendernos?\" \/>\n<meta property=\"og:description\" content=\"Globalizaci\u00f3n y destrucci\u00f3n del Estado En el \u00faltimo cuarto de este siglo se dio inicio a la instalaci\u00f3n global de la teor\u00eda pol\u00edtica y econ\u00f3mica, que ha\" \/>\n<meta property=\"og:url\" content=\"https:\/\/www.pressenza.com\/es\/2022\/11\/ante-tanta-concentracion-de-riquezas-vulneracion-de-derechos-e-inseguridad-ciudadana-caramba-quien-podra-defendernos\/\" \/>\n<meta property=\"og:site_name\" content=\"Pressenza\" \/>\n<meta property=\"article:publisher\" content=\"https:\/\/www.facebook.com\/PressenzaItalia\" \/>\n<meta property=\"article:author\" content=\"https:\/\/www.facebook.com\/PartidoHumanistaChile?fref=ts\" \/>\n<meta property=\"article:published_time\" content=\"2022-11-22T14:03:54+00:00\" \/>\n<meta property=\"og:image\" content=\"https:\/\/www.pressenza.com\/wp-content\/uploads\/2022\/11\/7316998064_e1f8a14436_c.jpg\" \/>\n\t<meta property=\"og:image:width\" content=\"800\" \/>\n\t<meta property=\"og:image:height\" content=\"600\" \/>\n\t<meta property=\"og:image:type\" content=\"image\/jpeg\" \/>\n<meta name=\"author\" content=\"Partido Humanista de Chile\" \/>\n<meta name=\"twitter:card\" content=\"summary_large_image\" \/>\n<meta name=\"twitter:creator\" content=\"@phumanista\" \/>\n<meta name=\"twitter:site\" content=\"@PressenzaIPA\" \/>\n<meta name=\"twitter:label1\" content=\"Escrito por\" \/>\n\t<meta name=\"twitter:data1\" content=\"Partido Humanista de Chile\" \/>\n\t<meta name=\"twitter:label2\" content=\"Tiempo de lectura\" \/>\n\t<meta name=\"twitter:data2\" content=\"8 minutos\" \/>\n<script type=\"application\/ld+json\" class=\"yoast-schema-graph\">{\"@context\":\"https:\/\/schema.org\",\"@graph\":[{\"@type\":\"Article\",\"@id\":\"https:\/\/www.pressenza.com\/es\/2022\/11\/ante-tanta-concentracion-de-riquezas-vulneracion-de-derechos-e-inseguridad-ciudadana-caramba-quien-podra-defendernos\/#article\",\"isPartOf\":{\"@id\":\"https:\/\/www.pressenza.com\/es\/2022\/11\/ante-tanta-concentracion-de-riquezas-vulneracion-de-derechos-e-inseguridad-ciudadana-caramba-quien-podra-defendernos\/\"},\"author\":{\"name\":\"Partido Humanista de Chile\",\"@id\":\"https:\/\/www.pressenza.com\/es\/#\/schema\/person\/21472c42980bab786ff5a256b8239bf5\"},\"headline\":\"Ante tanta concentraci\u00f3n de riquezas, vulneraci\u00f3n de derechos e inseguridad ciudadana\u2026\u2026.. Caramba, \u00bfQui\u00e9n podr\u00e1 defendernos?\",\"datePublished\":\"2022-11-22T14:03:54+00:00\",\"mainEntityOfPage\":{\"@id\":\"https:\/\/www.pressenza.com\/es\/2022\/11\/ante-tanta-concentracion-de-riquezas-vulneracion-de-derechos-e-inseguridad-ciudadana-caramba-quien-podra-defendernos\/\"},\"wordCount\":1632,\"publisher\":{\"@id\":\"https:\/\/www.pressenza.com\/es\/#organization\"},\"image\":{\"@id\":\"https:\/\/www.pressenza.com\/es\/2022\/11\/ante-tanta-concentracion-de-riquezas-vulneracion-de-derechos-e-inseguridad-ciudadana-caramba-quien-podra-defendernos\/#primaryimage\"},\"thumbnailUrl\":\"https:\/\/www.pressenza.com\/wp-content\/uploads\/2022\/11\/7316998064_e1f8a14436_c.jpg\",\"keywords\":[\"Chile\",\"inequidad\",\"inseguridad\",\"Ley de Pesca\",\"neoliberalismo\",\"vulneracion de derechos\"],\"articleSection\":[\"Comunicados de Prensa\",\"Contenido Original\",\"Pol\u00edtica\",\"Sudam\u00e9rica\"],\"inLanguage\":\"es\"},{\"@type\":\"WebPage\",\"@id\":\"https:\/\/www.pressenza.com\/es\/2022\/11\/ante-tanta-concentracion-de-riquezas-vulneracion-de-derechos-e-inseguridad-ciudadana-caramba-quien-podra-defendernos\/\",\"url\":\"https:\/\/www.pressenza.com\/es\/2022\/11\/ante-tanta-concentracion-de-riquezas-vulneracion-de-derechos-e-inseguridad-ciudadana-caramba-quien-podra-defendernos\/\",\"name\":\"Ante tanta concentraci\u00f3n de riquezas, vulneraci\u00f3n de derechos e inseguridad ciudadana\u2026\u2026.. Caramba, \u00bfQui\u00e9n podr\u00e1 defendernos?\",\"isPartOf\":{\"@id\":\"https:\/\/www.pressenza.com\/es\/#website\"},\"primaryImageOfPage\":{\"@id\":\"https:\/\/www.pressenza.com\/es\/2022\/11\/ante-tanta-concentracion-de-riquezas-vulneracion-de-derechos-e-inseguridad-ciudadana-caramba-quien-podra-defendernos\/#primaryimage\"},\"image\":{\"@id\":\"https:\/\/www.pressenza.com\/es\/2022\/11\/ante-tanta-concentracion-de-riquezas-vulneracion-de-derechos-e-inseguridad-ciudadana-caramba-quien-podra-defendernos\/#primaryimage\"},\"thumbnailUrl\":\"https:\/\/www.pressenza.com\/wp-content\/uploads\/2022\/11\/7316998064_e1f8a14436_c.jpg\",\"datePublished\":\"2022-11-22T14:03:54+00:00\",\"description\":\"Globalizaci\u00f3n y destrucci\u00f3n del Estado En el \u00faltimo cuarto de este siglo se dio inicio a la instalaci\u00f3n global de la teor\u00eda pol\u00edtica y econ\u00f3mica, que ha\",\"breadcrumb\":{\"@id\":\"https:\/\/www.pressenza.com\/es\/2022\/11\/ante-tanta-concentracion-de-riquezas-vulneracion-de-derechos-e-inseguridad-ciudadana-caramba-quien-podra-defendernos\/#breadcrumb\"},\"inLanguage\":\"es\",\"potentialAction\":[{\"@type\":\"ReadAction\",\"target\":[\"https:\/\/www.pressenza.com\/es\/2022\/11\/ante-tanta-concentracion-de-riquezas-vulneracion-de-derechos-e-inseguridad-ciudadana-caramba-quien-podra-defendernos\/\"]}]},{\"@type\":\"ImageObject\",\"inLanguage\":\"es\",\"@id\":\"https:\/\/www.pressenza.com\/es\/2022\/11\/ante-tanta-concentracion-de-riquezas-vulneracion-de-derechos-e-inseguridad-ciudadana-caramba-quien-podra-defendernos\/#primaryimage\",\"url\":\"https:\/\/www.pressenza.com\/wp-content\/uploads\/2022\/11\/7316998064_e1f8a14436_c.jpg\",\"contentUrl\":\"https:\/\/www.pressenza.com\/wp-content\/uploads\/2022\/11\/7316998064_e1f8a14436_c.jpg\",\"width\":800,\"height\":600,\"caption\":\"Rafael Edwards\"},{\"@type\":\"BreadcrumbList\",\"@id\":\"https:\/\/www.pressenza.com\/es\/2022\/11\/ante-tanta-concentracion-de-riquezas-vulneracion-de-derechos-e-inseguridad-ciudadana-caramba-quien-podra-defendernos\/#breadcrumb\",\"itemListElement\":[{\"@type\":\"ListItem\",\"position\":1,\"name\":\"Accueil\",\"item\":\"https:\/\/www.pressenza.com\/es\/\"},{\"@type\":\"ListItem\",\"position\":2,\"name\":\"Ante tanta concentraci\u00f3n de riquezas, vulneraci\u00f3n de derechos e inseguridad ciudadana\u2026\u2026.. Caramba, \u00bfQui\u00e9n podr\u00e1 defendernos?\"}]},{\"@type\":\"WebSite\",\"@id\":\"https:\/\/www.pressenza.com\/es\/#website\",\"url\":\"https:\/\/www.pressenza.com\/es\/\",\"name\":\"Pressenza\",\"description\":\"International Press Agency\",\"publisher\":{\"@id\":\"https:\/\/www.pressenza.com\/es\/#organization\"},\"potentialAction\":[{\"@type\":\"SearchAction\",\"target\":{\"@type\":\"EntryPoint\",\"urlTemplate\":\"https:\/\/www.pressenza.com\/es\/?s={search_term_string}\"},\"query-input\":{\"@type\":\"PropertyValueSpecification\",\"valueRequired\":true,\"valueName\":\"search_term_string\"}}],\"inLanguage\":\"es\"},{\"@type\":\"Organization\",\"@id\":\"https:\/\/www.pressenza.com\/es\/#organization\",\"name\":\"Pressenza\",\"url\":\"https:\/\/www.pressenza.com\/es\/\",\"logo\":{\"@type\":\"ImageObject\",\"inLanguage\":\"es\",\"@id\":\"https:\/\/www.pressenza.com\/es\/#\/schema\/logo\/image\/\",\"url\":\"https:\/\/www.pressenza.com\/wp-content\/uploads\/2022\/10\/pressenza_logo_200x200.jpg\",\"contentUrl\":\"https:\/\/www.pressenza.com\/wp-content\/uploads\/2022\/10\/pressenza_logo_200x200.jpg\",\"width\":200,\"height\":200,\"caption\":\"Pressenza\"},\"image\":{\"@id\":\"https:\/\/www.pressenza.com\/es\/#\/schema\/logo\/image\/\"},\"sameAs\":[\"https:\/\/www.facebook.com\/PressenzaItalia\",\"https:\/\/x.com\/PressenzaIPA\"]},{\"@type\":\"Person\",\"@id\":\"https:\/\/www.pressenza.com\/es\/#\/schema\/person\/21472c42980bab786ff5a256b8239bf5\",\"name\":\"Partido Humanista de Chile\",\"description\":\"www.partidohumanista.cl\",\"sameAs\":[\"https:\/\/www.facebook.com\/PartidoHumanistaChile?fref=ts\",\"https:\/\/x.com\/phumanista\"],\"url\":\"https:\/\/www.pressenza.com\/es\/author\/partido-humanista-de-chile\/\"}]}<\/script>\n<!-- \/ Yoast SEO plugin. -->","yoast_head_json":{"title":"Ante tanta concentraci\u00f3n de riquezas, vulneraci\u00f3n de derechos e inseguridad ciudadana\u2026\u2026.. Caramba, \u00bfQui\u00e9n podr\u00e1 defendernos?","description":"Globalizaci\u00f3n y destrucci\u00f3n del Estado En el \u00faltimo cuarto de este siglo se dio inicio a la instalaci\u00f3n global de la teor\u00eda pol\u00edtica y econ\u00f3mica, que ha","robots":{"index":"index","follow":"follow","max-snippet":"max-snippet:-1","max-image-preview":"max-image-preview:large","max-video-preview":"max-video-preview:-1"},"canonical":"https:\/\/www.pressenza.com\/es\/2022\/11\/ante-tanta-concentracion-de-riquezas-vulneracion-de-derechos-e-inseguridad-ciudadana-caramba-quien-podra-defendernos\/","og_locale":"es_ES","og_type":"article","og_title":"Ante tanta concentraci\u00f3n de riquezas, vulneraci\u00f3n de derechos e inseguridad ciudadana\u2026\u2026.. Caramba, \u00bfQui\u00e9n podr\u00e1 defendernos?","og_description":"Globalizaci\u00f3n y destrucci\u00f3n del Estado En el \u00faltimo cuarto de este siglo se dio inicio a la instalaci\u00f3n global de la teor\u00eda pol\u00edtica y econ\u00f3mica, que ha","og_url":"https:\/\/www.pressenza.com\/es\/2022\/11\/ante-tanta-concentracion-de-riquezas-vulneracion-de-derechos-e-inseguridad-ciudadana-caramba-quien-podra-defendernos\/","og_site_name":"Pressenza","article_publisher":"https:\/\/www.facebook.com\/PressenzaItalia","article_author":"https:\/\/www.facebook.com\/PartidoHumanistaChile?fref=ts","article_published_time":"2022-11-22T14:03:54+00:00","og_image":[{"width":800,"height":600,"url":"https:\/\/www.pressenza.com\/wp-content\/uploads\/2022\/11\/7316998064_e1f8a14436_c.jpg","type":"image\/jpeg"}],"author":"Partido Humanista de Chile","twitter_card":"summary_large_image","twitter_creator":"@phumanista","twitter_site":"@PressenzaIPA","twitter_misc":{"Escrito por":"Partido Humanista de Chile","Tiempo de lectura":"8 minutos"},"schema":{"@context":"https:\/\/schema.org","@graph":[{"@type":"Article","@id":"https:\/\/www.pressenza.com\/es\/2022\/11\/ante-tanta-concentracion-de-riquezas-vulneracion-de-derechos-e-inseguridad-ciudadana-caramba-quien-podra-defendernos\/#article","isPartOf":{"@id":"https:\/\/www.pressenza.com\/es\/2022\/11\/ante-tanta-concentracion-de-riquezas-vulneracion-de-derechos-e-inseguridad-ciudadana-caramba-quien-podra-defendernos\/"},"author":{"name":"Partido Humanista de Chile","@id":"https:\/\/www.pressenza.com\/es\/#\/schema\/person\/21472c42980bab786ff5a256b8239bf5"},"headline":"Ante tanta concentraci\u00f3n de riquezas, vulneraci\u00f3n de derechos e inseguridad ciudadana\u2026\u2026.. Caramba, \u00bfQui\u00e9n podr\u00e1 defendernos?","datePublished":"2022-11-22T14:03:54+00:00","mainEntityOfPage":{"@id":"https:\/\/www.pressenza.com\/es\/2022\/11\/ante-tanta-concentracion-de-riquezas-vulneracion-de-derechos-e-inseguridad-ciudadana-caramba-quien-podra-defendernos\/"},"wordCount":1632,"publisher":{"@id":"https:\/\/www.pressenza.com\/es\/#organization"},"image":{"@id":"https:\/\/www.pressenza.com\/es\/2022\/11\/ante-tanta-concentracion-de-riquezas-vulneracion-de-derechos-e-inseguridad-ciudadana-caramba-quien-podra-defendernos\/#primaryimage"},"thumbnailUrl":"https:\/\/www.pressenza.com\/wp-content\/uploads\/2022\/11\/7316998064_e1f8a14436_c.jpg","keywords":["Chile","inequidad","inseguridad","Ley de Pesca","neoliberalismo","vulneracion de derechos"],"articleSection":["Comunicados de Prensa","Contenido Original","Pol\u00edtica","Sudam\u00e9rica"],"inLanguage":"es"},{"@type":"WebPage","@id":"https:\/\/www.pressenza.com\/es\/2022\/11\/ante-tanta-concentracion-de-riquezas-vulneracion-de-derechos-e-inseguridad-ciudadana-caramba-quien-podra-defendernos\/","url":"https:\/\/www.pressenza.com\/es\/2022\/11\/ante-tanta-concentracion-de-riquezas-vulneracion-de-derechos-e-inseguridad-ciudadana-caramba-quien-podra-defendernos\/","name":"Ante tanta concentraci\u00f3n de riquezas, vulneraci\u00f3n de derechos e inseguridad ciudadana\u2026\u2026.. Caramba, \u00bfQui\u00e9n podr\u00e1 defendernos?","isPartOf":{"@id":"https:\/\/www.pressenza.com\/es\/#website"},"primaryImageOfPage":{"@id":"https:\/\/www.pressenza.com\/es\/2022\/11\/ante-tanta-concentracion-de-riquezas-vulneracion-de-derechos-e-inseguridad-ciudadana-caramba-quien-podra-defendernos\/#primaryimage"},"image":{"@id":"https:\/\/www.pressenza.com\/es\/2022\/11\/ante-tanta-concentracion-de-riquezas-vulneracion-de-derechos-e-inseguridad-ciudadana-caramba-quien-podra-defendernos\/#primaryimage"},"thumbnailUrl":"https:\/\/www.pressenza.com\/wp-content\/uploads\/2022\/11\/7316998064_e1f8a14436_c.jpg","datePublished":"2022-11-22T14:03:54+00:00","description":"Globalizaci\u00f3n y destrucci\u00f3n del Estado En el \u00faltimo cuarto de este siglo se dio inicio a la instalaci\u00f3n global de la teor\u00eda pol\u00edtica y econ\u00f3mica, que ha","breadcrumb":{"@id":"https:\/\/www.pressenza.com\/es\/2022\/11\/ante-tanta-concentracion-de-riquezas-vulneracion-de-derechos-e-inseguridad-ciudadana-caramba-quien-podra-defendernos\/#breadcrumb"},"inLanguage":"es","potentialAction":[{"@type":"ReadAction","target":["https:\/\/www.pressenza.com\/es\/2022\/11\/ante-tanta-concentracion-de-riquezas-vulneracion-de-derechos-e-inseguridad-ciudadana-caramba-quien-podra-defendernos\/"]}]},{"@type":"ImageObject","inLanguage":"es","@id":"https:\/\/www.pressenza.com\/es\/2022\/11\/ante-tanta-concentracion-de-riquezas-vulneracion-de-derechos-e-inseguridad-ciudadana-caramba-quien-podra-defendernos\/#primaryimage","url":"https:\/\/www.pressenza.com\/wp-content\/uploads\/2022\/11\/7316998064_e1f8a14436_c.jpg","contentUrl":"https:\/\/www.pressenza.com\/wp-content\/uploads\/2022\/11\/7316998064_e1f8a14436_c.jpg","width":800,"height":600,"caption":"Rafael Edwards"},{"@type":"BreadcrumbList","@id":"https:\/\/www.pressenza.com\/es\/2022\/11\/ante-tanta-concentracion-de-riquezas-vulneracion-de-derechos-e-inseguridad-ciudadana-caramba-quien-podra-defendernos\/#breadcrumb","itemListElement":[{"@type":"ListItem","position":1,"name":"Accueil","item":"https:\/\/www.pressenza.com\/es\/"},{"@type":"ListItem","position":2,"name":"Ante tanta concentraci\u00f3n de riquezas, vulneraci\u00f3n de derechos e inseguridad ciudadana\u2026\u2026.. Caramba, \u00bfQui\u00e9n podr\u00e1 defendernos?"}]},{"@type":"WebSite","@id":"https:\/\/www.pressenza.com\/es\/#website","url":"https:\/\/www.pressenza.com\/es\/","name":"Pressenza","description":"International Press Agency","publisher":{"@id":"https:\/\/www.pressenza.com\/es\/#organization"},"potentialAction":[{"@type":"SearchAction","target":{"@type":"EntryPoint","urlTemplate":"https:\/\/www.pressenza.com\/es\/?s={search_term_string}"},"query-input":{"@type":"PropertyValueSpecification","valueRequired":true,"valueName":"search_term_string"}}],"inLanguage":"es"},{"@type":"Organization","@id":"https:\/\/www.pressenza.com\/es\/#organization","name":"Pressenza","url":"https:\/\/www.pressenza.com\/es\/","logo":{"@type":"ImageObject","inLanguage":"es","@id":"https:\/\/www.pressenza.com\/es\/#\/schema\/logo\/image\/","url":"https:\/\/www.pressenza.com\/wp-content\/uploads\/2022\/10\/pressenza_logo_200x200.jpg","contentUrl":"https:\/\/www.pressenza.com\/wp-content\/uploads\/2022\/10\/pressenza_logo_200x200.jpg","width":200,"height":200,"caption":"Pressenza"},"image":{"@id":"https:\/\/www.pressenza.com\/es\/#\/schema\/logo\/image\/"},"sameAs":["https:\/\/www.facebook.com\/PressenzaItalia","https:\/\/x.com\/PressenzaIPA"]},{"@type":"Person","@id":"https:\/\/www.pressenza.com\/es\/#\/schema\/person\/21472c42980bab786ff5a256b8239bf5","name":"Partido Humanista de Chile","description":"www.partidohumanista.cl","sameAs":["https:\/\/www.facebook.com\/PartidoHumanistaChile?fref=ts","https:\/\/x.com\/phumanista"],"url":"https:\/\/www.pressenza.com\/es\/author\/partido-humanista-de-chile\/"}]}},"place":"Santiago de Chile","original_article_url":"","_links":{"self":[{"href":"https:\/\/www.pressenza.com\/es\/wp-json\/wp\/v2\/posts\/1695433","targetHints":{"allow":["GET"]}}],"collection":[{"href":"https:\/\/www.pressenza.com\/es\/wp-json\/wp\/v2\/posts"}],"about":[{"href":"https:\/\/www.pressenza.com\/es\/wp-json\/wp\/v2\/types\/post"}],"author":[{"embeddable":true,"href":"https:\/\/www.pressenza.com\/es\/wp-json\/wp\/v2\/users\/386"}],"replies":[{"embeddable":true,"href":"https:\/\/www.pressenza.com\/es\/wp-json\/wp\/v2\/comments?post=1695433"}],"version-history":[{"count":0,"href":"https:\/\/www.pressenza.com\/es\/wp-json\/wp\/v2\/posts\/1695433\/revisions"}],"wp:featuredmedia":[{"embeddable":true,"href":"https:\/\/www.pressenza.com\/es\/wp-json\/wp\/v2\/media\/1695434"}],"wp:attachment":[{"href":"https:\/\/www.pressenza.com\/es\/wp-json\/wp\/v2\/media?parent=1695433"}],"wp:term":[{"taxonomy":"category","embeddable":true,"href":"https:\/\/www.pressenza.com\/es\/wp-json\/wp\/v2\/categories?post=1695433"},{"taxonomy":"post_tag","embeddable":true,"href":"https:\/\/www.pressenza.com\/es\/wp-json\/wp\/v2\/tags?post=1695433"}],"curies":[{"name":"wp","href":"https:\/\/api.w.org\/{rel}","templated":true}]}}