{"id":1695165,"date":"2022-11-20T22:36:33","date_gmt":"2022-11-20T22:36:33","guid":{"rendered":"https:\/\/www.pressenza.com\/?p=1695165"},"modified":"2022-11-20T22:36:33","modified_gmt":"2022-11-20T22:36:33","slug":"hebe-de-bonafini-faro-infinito","status":"publish","type":"post","link":"https:\/\/www.pressenza.com\/es\/2022\/11\/hebe-de-bonafini-faro-infinito\/","title":{"rendered":"Hebe de Bonafini: Faro infinito"},"content":{"rendered":"<p>Hay personas que son modelos toda su vida. Hebe de Bonafini forma parte de los que adem\u00e1s seguir\u00e1n siendo modelo toda su muerte.<\/p>\n<p>Pocas personas simbolizan de manera tan concreta la lucha inquebrantable e incorruptible. Desde la desaparici\u00f3n de sus dos hijos Jorge Omar, en febrero de 1977 y Ra\u00fal Alfredo en diciembre del mismo a\u00f1o, adem\u00e1s de sufrir la desaparici\u00f3n de la esposa de Jorge, Mar\u00eda Elena Bugnone Cepeda, en 1978, no ha cejado en su defensa de los derechos humanos y la condena de los genocidas de la \u00faltima dictadura, no solo de los militares, sino tambi\u00e9n de los responsables civiles, judiciales y eclesi\u00e1sticos.<\/p>\n<p>Hebe presidi\u00f3 la Asociaci\u00f3n de Madres de Plaza de Mayo desde 1979, aunque un sector de las Madres se separara de la Asociaci\u00f3n y creara L\u00ednea Fundadora en 1986.<\/p>\n<p>Reconocida por no tener pelos en la lengua y llamar a las cosas por su nombre, la falta de protocolo tambi\u00e9n le ha permitido abrir todas las puertas que fueran necesarias para el bien de su causa.<\/p>\n<p>Solidaria, comprometida, coherente y con una fortaleza que le permiti\u00f3 sostener un ritmo de trabajo y dedicaci\u00f3n imposible de seguir para el resto de los mortales. Quiz\u00e1s ah\u00ed radicaba el secreto: la inmortalidad.<\/p>\n<p>Su figura divide las aguas en la Argentina, para algunos odiada y detestada, mientras para otros era un faro que ilumina y nos indica para d\u00f3nde seguir. Movilizando, interpelando e inspirando.<\/p>\n<p>Un mundo sin Hebe es inimaginable, no tiene sentido. Por eso a partir de hoy, m\u00e1s que nunca, debemos abrazar su ense\u00f1anza y dejarnos que ilumine nuestros d\u00edas ante la confusi\u00f3n, el pesimismo o la flaqueza.<\/p>\n<p><iframe loading=\"lazy\" style=\"border: none; overflow: hidden;\" src=\"https:\/\/www.facebook.com\/plugins\/video.php?height=404&amp;href=https%3A%2F%2Fwww.facebook.com%2FClaudioMarianiOk%2Fvideos%2F560615912543284%2F&amp;show_text=false&amp;width=560&amp;t=0\" width=\"560\" height=\"404\" frameborder=\"0\" scrolling=\"no\" allowfullscreen=\"allowfullscreen\"><\/iframe><\/p>\n","protected":false},"excerpt":{"rendered":"<p>Hay personas que son modelos toda su vida. Hebe de Bonafini forma parte de los que adem\u00e1s seguir\u00e1n siendo modelo toda su muerte. Pocas personas simbolizan de manera tan concreta la lucha inquebrantable e incorruptible. Desde la desaparici\u00f3n de sus&hellip;<\/p>\n","protected":false},"author":96,"featured_media":1695166,"comment_status":"closed","ping_status":"closed","sticky":false,"template":"","format":"standard","meta":{"footnotes":""},"categories":[11389,79,161,67],"tags":[26,22906,3977,16300],"class_list":["post-1695165","post","type-post","status-publish","format-standard","has-post-thumbnail","hentry","category-contenido-original","category-derechos-humanos","category-opiniones","category-sudamerica","tag-argentina","tag-hebe-de-bonafini","tag-madres-de-plaza-de-mayo","tag-memoria-verdad-y-justicia"],"yoast_head":"<!-- This site is optimized with the Yoast SEO plugin v27.1.1 - https:\/\/yoast.com\/product\/yoast-seo-wordpress\/ -->\n<title>Hebe de Bonafini: Faro infinito<\/title>\n<meta name=\"description\" content=\"Hay personas que son modelos toda su vida. Hebe de Bonafini forma parte de los que adem\u00e1s seguir\u00e1n siendo modelo toda su muerte. Pocas personas simbolizan\" \/>\n<meta name=\"robots\" content=\"index, follow, max-snippet:-1, max-image-preview:large, max-video-preview:-1\" \/>\n<link rel=\"canonical\" href=\"https:\/\/www.pressenza.com\/es\/2022\/11\/hebe-de-bonafini-faro-infinito\/\" \/>\n<meta property=\"og:locale\" content=\"es_ES\" \/>\n<meta property=\"og:type\" content=\"article\" \/>\n<meta property=\"og:title\" content=\"Hebe de Bonafini: Faro infinito\" \/>\n<meta property=\"og:description\" content=\"Hay personas que son modelos toda su vida. Hebe de Bonafini forma parte de los que adem\u00e1s seguir\u00e1n siendo modelo toda su muerte. Pocas personas simbolizan\" \/>\n<meta property=\"og:url\" content=\"https:\/\/www.pressenza.com\/es\/2022\/11\/hebe-de-bonafini-faro-infinito\/\" \/>\n<meta property=\"og:site_name\" content=\"Pressenza\" \/>\n<meta property=\"article:publisher\" content=\"https:\/\/www.facebook.com\/PressenzaItalia\" \/>\n<meta property=\"article:author\" content=\"https:\/\/www.facebook.com\/mariano.quiroga.779\" \/>\n<meta property=\"article:published_time\" content=\"2022-11-20T22:36:33+00:00\" \/>\n<meta property=\"og:image\" content=\"https:\/\/www.pressenza.com\/wp-content\/uploads\/2022\/11\/Hebe-por-Estanislao-Santos.jpg\" \/>\n\t<meta property=\"og:image:width\" content=\"1440\" \/>\n\t<meta property=\"og:image:height\" content=\"960\" \/>\n\t<meta property=\"og:image:type\" content=\"image\/jpeg\" \/>\n<meta name=\"author\" content=\"Mariano Quiroga\" \/>\n<meta name=\"twitter:card\" content=\"summary_large_image\" \/>\n<meta name=\"twitter:creator\" content=\"@MaruchoQuiroga\" \/>\n<meta name=\"twitter:site\" content=\"@PressenzaIPA\" \/>\n<meta name=\"twitter:label1\" content=\"Escrito por\" \/>\n\t<meta name=\"twitter:data1\" content=\"Mariano Quiroga\" \/>\n\t<meta name=\"twitter:label2\" content=\"Tiempo de lectura\" \/>\n\t<meta name=\"twitter:data2\" content=\"1 minuto\" \/>\n<script type=\"application\/ld+json\" class=\"yoast-schema-graph\">{\"@context\":\"https:\/\/schema.org\",\"@graph\":[{\"@type\":\"Article\",\"@id\":\"https:\/\/www.pressenza.com\/es\/2022\/11\/hebe-de-bonafini-faro-infinito\/#article\",\"isPartOf\":{\"@id\":\"https:\/\/www.pressenza.com\/es\/2022\/11\/hebe-de-bonafini-faro-infinito\/\"},\"author\":{\"name\":\"Mariano Quiroga\",\"@id\":\"https:\/\/www.pressenza.com\/es\/#\/schema\/person\/a0856fe41d8234b92503e6b28dc2585e\"},\"headline\":\"Hebe de Bonafini: Faro infinito\",\"datePublished\":\"2022-11-20T22:36:33+00:00\",\"mainEntityOfPage\":{\"@id\":\"https:\/\/www.pressenza.com\/es\/2022\/11\/hebe-de-bonafini-faro-infinito\/\"},\"wordCount\":294,\"publisher\":{\"@id\":\"https:\/\/www.pressenza.com\/es\/#organization\"},\"image\":{\"@id\":\"https:\/\/www.pressenza.com\/es\/2022\/11\/hebe-de-bonafini-faro-infinito\/#primaryimage\"},\"thumbnailUrl\":\"https:\/\/www.pressenza.com\/wp-content\/uploads\/2022\/11\/Hebe-por-Estanislao-Santos.jpg\",\"keywords\":[\"Argentina\",\"Hebe de Bonafini\",\"Madres de Plaza de mayo\",\"Memoria Verdad y Justicia\"],\"articleSection\":[\"Contenido Original\",\"Derechos Humanos\",\"Opiniones\",\"Sudam\u00e9rica\"],\"inLanguage\":\"es\"},{\"@type\":\"WebPage\",\"@id\":\"https:\/\/www.pressenza.com\/es\/2022\/11\/hebe-de-bonafini-faro-infinito\/\",\"url\":\"https:\/\/www.pressenza.com\/es\/2022\/11\/hebe-de-bonafini-faro-infinito\/\",\"name\":\"Hebe de Bonafini: Faro infinito\",\"isPartOf\":{\"@id\":\"https:\/\/www.pressenza.com\/es\/#website\"},\"primaryImageOfPage\":{\"@id\":\"https:\/\/www.pressenza.com\/es\/2022\/11\/hebe-de-bonafini-faro-infinito\/#primaryimage\"},\"image\":{\"@id\":\"https:\/\/www.pressenza.com\/es\/2022\/11\/hebe-de-bonafini-faro-infinito\/#primaryimage\"},\"thumbnailUrl\":\"https:\/\/www.pressenza.com\/wp-content\/uploads\/2022\/11\/Hebe-por-Estanislao-Santos.jpg\",\"datePublished\":\"2022-11-20T22:36:33+00:00\",\"description\":\"Hay personas que son modelos toda su vida. Hebe de Bonafini forma parte de los que adem\u00e1s seguir\u00e1n siendo modelo toda su muerte. Pocas personas simbolizan\",\"breadcrumb\":{\"@id\":\"https:\/\/www.pressenza.com\/es\/2022\/11\/hebe-de-bonafini-faro-infinito\/#breadcrumb\"},\"inLanguage\":\"es\",\"potentialAction\":[{\"@type\":\"ReadAction\",\"target\":[\"https:\/\/www.pressenza.com\/es\/2022\/11\/hebe-de-bonafini-faro-infinito\/\"]}]},{\"@type\":\"ImageObject\",\"inLanguage\":\"es\",\"@id\":\"https:\/\/www.pressenza.com\/es\/2022\/11\/hebe-de-bonafini-faro-infinito\/#primaryimage\",\"url\":\"https:\/\/www.pressenza.com\/wp-content\/uploads\/2022\/11\/Hebe-por-Estanislao-Santos.jpg\",\"contentUrl\":\"https:\/\/www.pressenza.com\/wp-content\/uploads\/2022\/11\/Hebe-por-Estanislao-Santos.jpg\",\"width\":1440,\"height\":960},{\"@type\":\"BreadcrumbList\",\"@id\":\"https:\/\/www.pressenza.com\/es\/2022\/11\/hebe-de-bonafini-faro-infinito\/#breadcrumb\",\"itemListElement\":[{\"@type\":\"ListItem\",\"position\":1,\"name\":\"Accueil\",\"item\":\"https:\/\/www.pressenza.com\/es\/\"},{\"@type\":\"ListItem\",\"position\":2,\"name\":\"Hebe de Bonafini: Faro infinito\"}]},{\"@type\":\"WebSite\",\"@id\":\"https:\/\/www.pressenza.com\/es\/#website\",\"url\":\"https:\/\/www.pressenza.com\/es\/\",\"name\":\"Pressenza\",\"description\":\"International Press Agency\",\"publisher\":{\"@id\":\"https:\/\/www.pressenza.com\/es\/#organization\"},\"potentialAction\":[{\"@type\":\"SearchAction\",\"target\":{\"@type\":\"EntryPoint\",\"urlTemplate\":\"https:\/\/www.pressenza.com\/es\/?s={search_term_string}\"},\"query-input\":{\"@type\":\"PropertyValueSpecification\",\"valueRequired\":true,\"valueName\":\"search_term_string\"}}],\"inLanguage\":\"es\"},{\"@type\":\"Organization\",\"@id\":\"https:\/\/www.pressenza.com\/es\/#organization\",\"name\":\"Pressenza\",\"url\":\"https:\/\/www.pressenza.com\/es\/\",\"logo\":{\"@type\":\"ImageObject\",\"inLanguage\":\"es\",\"@id\":\"https:\/\/www.pressenza.com\/es\/#\/schema\/logo\/image\/\",\"url\":\"https:\/\/www.pressenza.com\/wp-content\/uploads\/2022\/10\/pressenza_logo_200x200.jpg\",\"contentUrl\":\"https:\/\/www.pressenza.com\/wp-content\/uploads\/2022\/10\/pressenza_logo_200x200.jpg\",\"width\":200,\"height\":200,\"caption\":\"Pressenza\"},\"image\":{\"@id\":\"https:\/\/www.pressenza.com\/es\/#\/schema\/logo\/image\/\"},\"sameAs\":[\"https:\/\/www.facebook.com\/PressenzaItalia\",\"https:\/\/x.com\/PressenzaIPA\"]},{\"@type\":\"Person\",\"@id\":\"https:\/\/www.pressenza.com\/es\/#\/schema\/person\/a0856fe41d8234b92503e6b28dc2585e\",\"name\":\"Mariano Quiroga\",\"description\":\"Born in Buenos Aires, Argentina, in 1976, Mariano is a journalist, poet and international editor for Pressenza. His career includes publications in different countries and languages. Currently he is presenter on radio programmes in Ecuador and Argentina. A humanist communicator specialising in international politics, his vocation has led him to seek to build bridges that allow relationships to be made between data, events, people and contexts in order to create an inclusive look that synthesises the noblest searches for social justice and humanisation of the planet.\",\"sameAs\":[\"https:\/\/www.facebook.com\/mariano.quiroga.779\",\"https:\/\/x.com\/MaruchoQuiroga\"],\"url\":\"https:\/\/www.pressenza.com\/es\/author\/mariano-quiroga\/\"}]}<\/script>\n<!-- \/ Yoast SEO plugin. -->","yoast_head_json":{"title":"Hebe de Bonafini: Faro infinito","description":"Hay personas que son modelos toda su vida. Hebe de Bonafini forma parte de los que adem\u00e1s seguir\u00e1n siendo modelo toda su muerte. Pocas personas simbolizan","robots":{"index":"index","follow":"follow","max-snippet":"max-snippet:-1","max-image-preview":"max-image-preview:large","max-video-preview":"max-video-preview:-1"},"canonical":"https:\/\/www.pressenza.com\/es\/2022\/11\/hebe-de-bonafini-faro-infinito\/","og_locale":"es_ES","og_type":"article","og_title":"Hebe de Bonafini: Faro infinito","og_description":"Hay personas que son modelos toda su vida. Hebe de Bonafini forma parte de los que adem\u00e1s seguir\u00e1n siendo modelo toda su muerte. Pocas personas simbolizan","og_url":"https:\/\/www.pressenza.com\/es\/2022\/11\/hebe-de-bonafini-faro-infinito\/","og_site_name":"Pressenza","article_publisher":"https:\/\/www.facebook.com\/PressenzaItalia","article_author":"https:\/\/www.facebook.com\/mariano.quiroga.779","article_published_time":"2022-11-20T22:36:33+00:00","og_image":[{"width":1440,"height":960,"url":"https:\/\/www.pressenza.com\/wp-content\/uploads\/2022\/11\/Hebe-por-Estanislao-Santos.jpg","type":"image\/jpeg"}],"author":"Mariano Quiroga","twitter_card":"summary_large_image","twitter_creator":"@MaruchoQuiroga","twitter_site":"@PressenzaIPA","twitter_misc":{"Escrito por":"Mariano Quiroga","Tiempo de lectura":"1 minuto"},"schema":{"@context":"https:\/\/schema.org","@graph":[{"@type":"Article","@id":"https:\/\/www.pressenza.com\/es\/2022\/11\/hebe-de-bonafini-faro-infinito\/#article","isPartOf":{"@id":"https:\/\/www.pressenza.com\/es\/2022\/11\/hebe-de-bonafini-faro-infinito\/"},"author":{"name":"Mariano Quiroga","@id":"https:\/\/www.pressenza.com\/es\/#\/schema\/person\/a0856fe41d8234b92503e6b28dc2585e"},"headline":"Hebe de Bonafini: Faro infinito","datePublished":"2022-11-20T22:36:33+00:00","mainEntityOfPage":{"@id":"https:\/\/www.pressenza.com\/es\/2022\/11\/hebe-de-bonafini-faro-infinito\/"},"wordCount":294,"publisher":{"@id":"https:\/\/www.pressenza.com\/es\/#organization"},"image":{"@id":"https:\/\/www.pressenza.com\/es\/2022\/11\/hebe-de-bonafini-faro-infinito\/#primaryimage"},"thumbnailUrl":"https:\/\/www.pressenza.com\/wp-content\/uploads\/2022\/11\/Hebe-por-Estanislao-Santos.jpg","keywords":["Argentina","Hebe de Bonafini","Madres de Plaza de mayo","Memoria Verdad y Justicia"],"articleSection":["Contenido Original","Derechos Humanos","Opiniones","Sudam\u00e9rica"],"inLanguage":"es"},{"@type":"WebPage","@id":"https:\/\/www.pressenza.com\/es\/2022\/11\/hebe-de-bonafini-faro-infinito\/","url":"https:\/\/www.pressenza.com\/es\/2022\/11\/hebe-de-bonafini-faro-infinito\/","name":"Hebe de Bonafini: Faro infinito","isPartOf":{"@id":"https:\/\/www.pressenza.com\/es\/#website"},"primaryImageOfPage":{"@id":"https:\/\/www.pressenza.com\/es\/2022\/11\/hebe-de-bonafini-faro-infinito\/#primaryimage"},"image":{"@id":"https:\/\/www.pressenza.com\/es\/2022\/11\/hebe-de-bonafini-faro-infinito\/#primaryimage"},"thumbnailUrl":"https:\/\/www.pressenza.com\/wp-content\/uploads\/2022\/11\/Hebe-por-Estanislao-Santos.jpg","datePublished":"2022-11-20T22:36:33+00:00","description":"Hay personas que son modelos toda su vida. Hebe de Bonafini forma parte de los que adem\u00e1s seguir\u00e1n siendo modelo toda su muerte. Pocas personas simbolizan","breadcrumb":{"@id":"https:\/\/www.pressenza.com\/es\/2022\/11\/hebe-de-bonafini-faro-infinito\/#breadcrumb"},"inLanguage":"es","potentialAction":[{"@type":"ReadAction","target":["https:\/\/www.pressenza.com\/es\/2022\/11\/hebe-de-bonafini-faro-infinito\/"]}]},{"@type":"ImageObject","inLanguage":"es","@id":"https:\/\/www.pressenza.com\/es\/2022\/11\/hebe-de-bonafini-faro-infinito\/#primaryimage","url":"https:\/\/www.pressenza.com\/wp-content\/uploads\/2022\/11\/Hebe-por-Estanislao-Santos.jpg","contentUrl":"https:\/\/www.pressenza.com\/wp-content\/uploads\/2022\/11\/Hebe-por-Estanislao-Santos.jpg","width":1440,"height":960},{"@type":"BreadcrumbList","@id":"https:\/\/www.pressenza.com\/es\/2022\/11\/hebe-de-bonafini-faro-infinito\/#breadcrumb","itemListElement":[{"@type":"ListItem","position":1,"name":"Accueil","item":"https:\/\/www.pressenza.com\/es\/"},{"@type":"ListItem","position":2,"name":"Hebe de Bonafini: Faro infinito"}]},{"@type":"WebSite","@id":"https:\/\/www.pressenza.com\/es\/#website","url":"https:\/\/www.pressenza.com\/es\/","name":"Pressenza","description":"International Press Agency","publisher":{"@id":"https:\/\/www.pressenza.com\/es\/#organization"},"potentialAction":[{"@type":"SearchAction","target":{"@type":"EntryPoint","urlTemplate":"https:\/\/www.pressenza.com\/es\/?s={search_term_string}"},"query-input":{"@type":"PropertyValueSpecification","valueRequired":true,"valueName":"search_term_string"}}],"inLanguage":"es"},{"@type":"Organization","@id":"https:\/\/www.pressenza.com\/es\/#organization","name":"Pressenza","url":"https:\/\/www.pressenza.com\/es\/","logo":{"@type":"ImageObject","inLanguage":"es","@id":"https:\/\/www.pressenza.com\/es\/#\/schema\/logo\/image\/","url":"https:\/\/www.pressenza.com\/wp-content\/uploads\/2022\/10\/pressenza_logo_200x200.jpg","contentUrl":"https:\/\/www.pressenza.com\/wp-content\/uploads\/2022\/10\/pressenza_logo_200x200.jpg","width":200,"height":200,"caption":"Pressenza"},"image":{"@id":"https:\/\/www.pressenza.com\/es\/#\/schema\/logo\/image\/"},"sameAs":["https:\/\/www.facebook.com\/PressenzaItalia","https:\/\/x.com\/PressenzaIPA"]},{"@type":"Person","@id":"https:\/\/www.pressenza.com\/es\/#\/schema\/person\/a0856fe41d8234b92503e6b28dc2585e","name":"Mariano Quiroga","description":"Born in Buenos Aires, Argentina, in 1976, Mariano is a journalist, poet and international editor for Pressenza. His career includes publications in different countries and languages. Currently he is presenter on radio programmes in Ecuador and Argentina. A humanist communicator specialising in international politics, his vocation has led him to seek to build bridges that allow relationships to be made between data, events, people and contexts in order to create an inclusive look that synthesises the noblest searches for social justice and humanisation of the planet.","sameAs":["https:\/\/www.facebook.com\/mariano.quiroga.779","https:\/\/x.com\/MaruchoQuiroga"],"url":"https:\/\/www.pressenza.com\/es\/author\/mariano-quiroga\/"}]}},"place":"Ciudad de Buenos Aires, Argentina","original_article_url":"","_links":{"self":[{"href":"https:\/\/www.pressenza.com\/es\/wp-json\/wp\/v2\/posts\/1695165","targetHints":{"allow":["GET"]}}],"collection":[{"href":"https:\/\/www.pressenza.com\/es\/wp-json\/wp\/v2\/posts"}],"about":[{"href":"https:\/\/www.pressenza.com\/es\/wp-json\/wp\/v2\/types\/post"}],"author":[{"embeddable":true,"href":"https:\/\/www.pressenza.com\/es\/wp-json\/wp\/v2\/users\/96"}],"replies":[{"embeddable":true,"href":"https:\/\/www.pressenza.com\/es\/wp-json\/wp\/v2\/comments?post=1695165"}],"version-history":[{"count":0,"href":"https:\/\/www.pressenza.com\/es\/wp-json\/wp\/v2\/posts\/1695165\/revisions"}],"wp:featuredmedia":[{"embeddable":true,"href":"https:\/\/www.pressenza.com\/es\/wp-json\/wp\/v2\/media\/1695166"}],"wp:attachment":[{"href":"https:\/\/www.pressenza.com\/es\/wp-json\/wp\/v2\/media?parent=1695165"}],"wp:term":[{"taxonomy":"category","embeddable":true,"href":"https:\/\/www.pressenza.com\/es\/wp-json\/wp\/v2\/categories?post=1695165"},{"taxonomy":"post_tag","embeddable":true,"href":"https:\/\/www.pressenza.com\/es\/wp-json\/wp\/v2\/tags?post=1695165"}],"curies":[{"name":"wp","href":"https:\/\/api.w.org\/{rel}","templated":true}]}}