{"id":1695,"date":"2009-10-11T00:00:00","date_gmt":"2009-10-11T00:00:00","guid":{"rendered":""},"modified":"2009-10-12T17:03:08","modified_gmt":"2009-10-12T17:03:08","slug":"comienza-la-minga-global-por-la-madre-tierra-y-los-derechos-de-los-pueblos","status":"publish","type":"post","link":"https:\/\/www.pressenza.com\/es\/2009\/10\/comienza-la-minga-global-por-la-madre-tierra-y-los-derechos-de-los-pueblos\/","title":{"rendered":"Comienza la Minga Global por la Madre Tierra y los Derechos de los Pueblos"},"content":{"rendered":"<p>Bajo el lema \u201cSalvemos el planeta\u201d, los movimientos ind\u00edgenas de todo el mundo han convocado a la \u201cMinga Global por la Madre Tierra\u201d, que se realiza del 12 al 16 de octubre de 2009. Se trata de una gran movilizaci\u00f3n pac\u00edfica hacia la sede de la Organizaci\u00f3n de las Naciones Unidas (ONU), donde los organizadores entregar\u00e1n la propuesta de los pueblos originarios para detener el calentamiento global. Asimismo, durante su paso por Bolivia, inaugurar\u00e1 el primer Tribunal de Justicia Clim\u00e1tica. <\/p>\n<p>\u201cLa contaminaci\u00f3n generada por las grandes industrias ha alterado el orden natural de nuestro planeta\u201d, explica Miguel Palac\u00edn Quispe, Coordinador General de la Coordinadora Andina de Organizaciones Ind\u00edgenas (CAOI). \u201cEl calentamiento global est\u00e1 amenazando la biodiversidad de la Madre Tierra y cada minuto, en distintas partes del mundo, ocurren sucesos calamitosos provocados por las sequ\u00edas, inundaciones, derrumbes y deshielos\u201d. <\/p>\n<p>Frente a esta situaci\u00f3n, organizaciones de movimientos ind\u00edgenas y sociales han decidido realizar esta marcha cuyo principal objetivo es \u201cluchar por la vigencia de la vida, la paz con la Tierra\u201d, realizar actividades culturales de concientizaci\u00f3n y denunciar la mercantilizaci\u00f3n de la vida (los alimentos, los bienes naturales), la contaminaci\u00f3n del agua y la depredaci\u00f3n minera, de hidrocarburos, y la deforestaci\u00f3n por la ganader\u00eda intensiva, los agrocombustibles o el uso de transg\u00e9nicos. <\/p>\n<p>Palac\u00edn Quispe afirm\u00f3 que desean demostrar que es posible enfrentar ese cambio \u201cdesde las propuestas y las pr\u00e1cticas de los pueblos, en armon\u00eda y reciprocidad con la Madre Naturaleza: con Buen Vivir, Estados Plurinacionales y un modelo de integraci\u00f3n desde la equidad, la reciprocidad y la complementariedad\u00bb, rasgos caracter\u00edsticos de los pueblos ind\u00edgenas de Am\u00e9rica Latina que quieren dar a conocer a la Convenci\u00f3n de Cambio Clim\u00e1tico, la Convenci\u00f3n de Diversidad Biol\u00f3gica, y la Comisi\u00f3n Interamericana de Derechos Humanos (CIDH). <\/p>\n<p>\u201cHoy ofrecemos nuestros valores, nuestras pr\u00e1cticas y nuestros saberes, para salvar al planeta. Sin imposici\u00f3n capitalista, destrucci\u00f3n ni contaminaci\u00f3n\u201d, aseguran los organizadores de \u201cLa Minga\u201d (palabra kichwa que significa trabajo o acci\u00f3n comunitaria\/solidaria). Entre sus propuestas, se destacan la defensa de la soberan\u00eda alimentaria y el apoyo de los cultivos nativos, el consumo interno y las econom\u00edas comunitarias en oposici\u00f3n al modelo transnacional de extracci\u00f3n a gran escala. <\/p>\n<p>Palac\u00edn Quispe anunci\u00f3 tambi\u00e9n que, en el marco de la Minga Global, los d\u00edas 13 y 14 de octubre, en Cochabamba, Bolivia, se instalar\u00e1 el primer Tribunal de Justicia Clim\u00e1tica, que permitir\u00e1 identificar y sancionar moralmente a las compa\u00f1\u00edas transnacionales y los Estados c\u00f3mplices \u201cque saquean los bienes naturales y vulneran los derechos de los pueblos y la Madre Naturaleza\u201d. <\/p>\n<p>Este Tribunal fue pensado como un paso previo a la formaci\u00f3n de un Tribunal Internacional de Justicia Ambiental, al estilo del Tribunal de La Haya. El objetivo es hacer visible la relaci\u00f3n causa-efecto entre el modelo de desarrollo extractivo y corporativizado de las transnacionales y el cambio clim\u00e1tico. \u201cY juzgar\u00e1 \u00e9ticamente a los responsables de la deuda ecol\u00f3gica, provocada por el consumismo que convierte a la biodiversidad en materia prima\u201d, agregan. <\/p>\n<p>La \u201cdeuda ecol\u00f3gica\u201d refiere al hecho que si bien el 85% de las emisiones de di\u00f3xido de carbono que causan el calentamiento global se genera en los pa\u00edses m\u00e1s ricos y s\u00f3lo un 6% en Am\u00e9rica Latina (c\u00f3mo explica un reciente informe del Banco Mundial), es en los pa\u00edses m\u00e1s pobres (y no industrializados) d\u00f3nde se producen sus efectos m\u00e1s nocivos, como las inundaciones y las sequ\u00edas en tierras f\u00e9rtiles. <\/p>\n<p>En este sentido, \u201cLa Minga\u201d albergar\u00e1 asambleas de articulaci\u00f3n de estrategias hacia la Cumbre Alternativa a la Conferencia del Protocolo de Kyoto, que se realizar\u00e1 en Copenhage, Dinamarca, en diciembre de este a\u00f1o. A menos de dos meses de esta nueva Cumbre del Medio Ambiente, las potencias mundiales contin\u00faan sin llegar a un acuerdo que sustituya al de Kyoto. Y de acuerdo a la Oficina Meteorol\u00f3gica de Gran Breta\u00f1a, de no hacerlo para 2012, los escenarios m\u00e1s apocal\u00edpticos ser\u00e1n ineludibles. <\/p>\n<p>\u201cSabemos que otros mundos no son solo urgentes: son, sobre todo, posibles \u2013aseguran los impulsores de la Minga Global-. Y ya los estamos construyendo\u201d.<\/p>\n","protected":false},"excerpt":{"rendered":"<p>Los movimientos ind\u00edgenas de todo el mundo han convocado a la \u201cMinga Global por la Madre Tierra\u201d, que se realiza del 12 al 16 de octubre de 2009. Se trata de una gran movilizaci\u00f3n pac\u00edfica hacia la ONU para detener el calentamiento global. Asimismo, durante su paso por Bolivia, inaugurar\u00e1 el primer Tribunal de Justicia Clim\u00e1tica. <\/p>\n","protected":false},"author":19,"featured_media":0,"comment_status":"closed","ping_status":"open","sticky":false,"template":"","format":"standard","meta":{"footnotes":""},"categories":[75,39,67],"tags":[],"class_list":["post-1695","post","type-post","status-publish","format-standard","hentry","category-cultura-es","category-internacional","category-sudamerica"],"yoast_head":"<!-- This site is optimized with the Yoast SEO plugin v27.1.1 - https:\/\/yoast.com\/product\/yoast-seo-wordpress\/ -->\n<title>Comienza la Minga Global por la Madre Tierra y los Derechos de los Pueblos<\/title>\n<meta name=\"description\" content=\"Los movimientos ind\u00edgenas de todo el mundo han convocado a la \u201cMinga Global por la Madre Tierra\u201d, que se realiza del 12 al 16 de octubre de 2009. Se trata de una gran movilizaci\u00f3n pac\u00edfica hacia la ONU para detener el calentamiento global. Asimismo, durante su paso por Bolivia, inaugurar\u00e1 el primer Tribunal de Justicia Clim\u00e1tica.\" \/>\n<meta name=\"robots\" content=\"index, follow, max-snippet:-1, max-image-preview:large, max-video-preview:-1\" \/>\n<link rel=\"canonical\" href=\"https:\/\/www.pressenza.com\/es\/2009\/10\/comienza-la-minga-global-por-la-madre-tierra-y-los-derechos-de-los-pueblos\/\" \/>\n<meta property=\"og:locale\" content=\"es_ES\" \/>\n<meta property=\"og:type\" content=\"article\" \/>\n<meta property=\"og:title\" content=\"Comienza la Minga Global por la Madre Tierra y los Derechos de los Pueblos\" \/>\n<meta property=\"og:description\" content=\"Los movimientos ind\u00edgenas de todo el mundo han convocado a la \u201cMinga Global por la Madre Tierra\u201d, que se realiza del 12 al 16 de octubre de 2009. Se trata de una gran movilizaci\u00f3n pac\u00edfica hacia la ONU para detener el calentamiento global. Asimismo, durante su paso por Bolivia, inaugurar\u00e1 el primer Tribunal de Justicia Clim\u00e1tica.\" \/>\n<meta property=\"og:url\" content=\"https:\/\/www.pressenza.com\/es\/2009\/10\/comienza-la-minga-global-por-la-madre-tierra-y-los-derechos-de-los-pueblos\/\" \/>\n<meta property=\"og:site_name\" content=\"Pressenza\" \/>\n<meta property=\"article:publisher\" content=\"https:\/\/www.facebook.com\/PressenzaItalia\" \/>\n<meta property=\"article:author\" content=\"https:\/\/www.facebook.com\/pressenza\" \/>\n<meta property=\"article:published_time\" content=\"2009-10-11T00:00:00+00:00\" \/>\n<meta property=\"article:modified_time\" content=\"2009-10-12T17:03:08+00:00\" \/>\n<meta name=\"author\" content=\"Pressenza IPA\" \/>\n<meta name=\"twitter:card\" content=\"summary_large_image\" \/>\n<meta name=\"twitter:creator\" content=\"@PressenzaIPA\" \/>\n<meta name=\"twitter:site\" content=\"@PressenzaIPA\" \/>\n<meta name=\"twitter:label1\" content=\"Escrito por\" \/>\n\t<meta name=\"twitter:data1\" content=\"Pressenza IPA\" \/>\n\t<meta name=\"twitter:label2\" content=\"Tiempo de lectura\" \/>\n\t<meta name=\"twitter:data2\" content=\"4 minutos\" \/>\n<script type=\"application\/ld+json\" class=\"yoast-schema-graph\">{\"@context\":\"https:\/\/schema.org\",\"@graph\":[{\"@type\":\"Article\",\"@id\":\"https:\/\/www.pressenza.com\/es\/2009\/10\/comienza-la-minga-global-por-la-madre-tierra-y-los-derechos-de-los-pueblos\/#article\",\"isPartOf\":{\"@id\":\"https:\/\/www.pressenza.com\/es\/2009\/10\/comienza-la-minga-global-por-la-madre-tierra-y-los-derechos-de-los-pueblos\/\"},\"author\":{\"name\":\"Pressenza IPA\",\"@id\":\"https:\/\/www.pressenza.com\/es\/#\/schema\/person\/010e5d02bcf40965427a1289a4cc8d75\"},\"headline\":\"Comienza la Minga Global por la Madre Tierra y los Derechos de los Pueblos\",\"datePublished\":\"2009-10-11T00:00:00+00:00\",\"dateModified\":\"2009-10-12T17:03:08+00:00\",\"mainEntityOfPage\":{\"@id\":\"https:\/\/www.pressenza.com\/es\/2009\/10\/comienza-la-minga-global-por-la-madre-tierra-y-los-derechos-de-los-pueblos\/\"},\"wordCount\":742,\"publisher\":{\"@id\":\"https:\/\/www.pressenza.com\/es\/#organization\"},\"articleSection\":[\"Cultura y Medios\",\"Internacional\",\"Sudam\u00e9rica\"],\"inLanguage\":\"es\"},{\"@type\":\"WebPage\",\"@id\":\"https:\/\/www.pressenza.com\/es\/2009\/10\/comienza-la-minga-global-por-la-madre-tierra-y-los-derechos-de-los-pueblos\/\",\"url\":\"https:\/\/www.pressenza.com\/es\/2009\/10\/comienza-la-minga-global-por-la-madre-tierra-y-los-derechos-de-los-pueblos\/\",\"name\":\"Comienza la Minga Global por la Madre Tierra y los Derechos de los Pueblos\",\"isPartOf\":{\"@id\":\"https:\/\/www.pressenza.com\/es\/#website\"},\"datePublished\":\"2009-10-11T00:00:00+00:00\",\"dateModified\":\"2009-10-12T17:03:08+00:00\",\"description\":\"Los movimientos ind\u00edgenas de todo el mundo han convocado a la \u201cMinga Global por la Madre Tierra\u201d, que se realiza del 12 al 16 de octubre de 2009. Se trata de una gran movilizaci\u00f3n pac\u00edfica hacia la ONU para detener el calentamiento global. Asimismo, durante su paso por Bolivia, inaugurar\u00e1 el primer Tribunal de Justicia Clim\u00e1tica.\",\"breadcrumb\":{\"@id\":\"https:\/\/www.pressenza.com\/es\/2009\/10\/comienza-la-minga-global-por-la-madre-tierra-y-los-derechos-de-los-pueblos\/#breadcrumb\"},\"inLanguage\":\"es\",\"potentialAction\":[{\"@type\":\"ReadAction\",\"target\":[\"https:\/\/www.pressenza.com\/es\/2009\/10\/comienza-la-minga-global-por-la-madre-tierra-y-los-derechos-de-los-pueblos\/\"]}]},{\"@type\":\"BreadcrumbList\",\"@id\":\"https:\/\/www.pressenza.com\/es\/2009\/10\/comienza-la-minga-global-por-la-madre-tierra-y-los-derechos-de-los-pueblos\/#breadcrumb\",\"itemListElement\":[{\"@type\":\"ListItem\",\"position\":1,\"name\":\"Accueil\",\"item\":\"https:\/\/www.pressenza.com\/es\/\"},{\"@type\":\"ListItem\",\"position\":2,\"name\":\"Comienza la Minga Global por la Madre Tierra y los Derechos de los Pueblos\"}]},{\"@type\":\"WebSite\",\"@id\":\"https:\/\/www.pressenza.com\/es\/#website\",\"url\":\"https:\/\/www.pressenza.com\/es\/\",\"name\":\"Pressenza\",\"description\":\"International Press Agency\",\"publisher\":{\"@id\":\"https:\/\/www.pressenza.com\/es\/#organization\"},\"potentialAction\":[{\"@type\":\"SearchAction\",\"target\":{\"@type\":\"EntryPoint\",\"urlTemplate\":\"https:\/\/www.pressenza.com\/es\/?s={search_term_string}\"},\"query-input\":{\"@type\":\"PropertyValueSpecification\",\"valueRequired\":true,\"valueName\":\"search_term_string\"}}],\"inLanguage\":\"es\"},{\"@type\":\"Organization\",\"@id\":\"https:\/\/www.pressenza.com\/es\/#organization\",\"name\":\"Pressenza\",\"url\":\"https:\/\/www.pressenza.com\/es\/\",\"logo\":{\"@type\":\"ImageObject\",\"inLanguage\":\"es\",\"@id\":\"https:\/\/www.pressenza.com\/es\/#\/schema\/logo\/image\/\",\"url\":\"https:\/\/www.pressenza.com\/wp-content\/uploads\/2022\/10\/pressenza_logo_200x200.jpg\",\"contentUrl\":\"https:\/\/www.pressenza.com\/wp-content\/uploads\/2022\/10\/pressenza_logo_200x200.jpg\",\"width\":200,\"height\":200,\"caption\":\"Pressenza\"},\"image\":{\"@id\":\"https:\/\/www.pressenza.com\/es\/#\/schema\/logo\/image\/\"},\"sameAs\":[\"https:\/\/www.facebook.com\/PressenzaItalia\",\"https:\/\/x.com\/PressenzaIPA\"]},{\"@type\":\"Person\",\"@id\":\"https:\/\/www.pressenza.com\/es\/#\/schema\/person\/010e5d02bcf40965427a1289a4cc8d75\",\"name\":\"Pressenza IPA\",\"description\":\"News from Pressenza IPA correspondents\",\"sameAs\":[\"https:\/\/www.facebook.com\/pressenza\",\"https:\/\/x.com\/PressenzaIPA\"],\"url\":\"https:\/\/www.pressenza.com\/es\/author\/pressenza-ipa\/\"}]}<\/script>\n<!-- \/ Yoast SEO plugin. -->","yoast_head_json":{"title":"Comienza la Minga Global por la Madre Tierra y los Derechos de los Pueblos","description":"Los movimientos ind\u00edgenas de todo el mundo han convocado a la \u201cMinga Global por la Madre Tierra\u201d, que se realiza del 12 al 16 de octubre de 2009. Se trata de una gran movilizaci\u00f3n pac\u00edfica hacia la ONU para detener el calentamiento global. Asimismo, durante su paso por Bolivia, inaugurar\u00e1 el primer Tribunal de Justicia Clim\u00e1tica.","robots":{"index":"index","follow":"follow","max-snippet":"max-snippet:-1","max-image-preview":"max-image-preview:large","max-video-preview":"max-video-preview:-1"},"canonical":"https:\/\/www.pressenza.com\/es\/2009\/10\/comienza-la-minga-global-por-la-madre-tierra-y-los-derechos-de-los-pueblos\/","og_locale":"es_ES","og_type":"article","og_title":"Comienza la Minga Global por la Madre Tierra y los Derechos de los Pueblos","og_description":"Los movimientos ind\u00edgenas de todo el mundo han convocado a la \u201cMinga Global por la Madre Tierra\u201d, que se realiza del 12 al 16 de octubre de 2009. Se trata de una gran movilizaci\u00f3n pac\u00edfica hacia la ONU para detener el calentamiento global. Asimismo, durante su paso por Bolivia, inaugurar\u00e1 el primer Tribunal de Justicia Clim\u00e1tica.","og_url":"https:\/\/www.pressenza.com\/es\/2009\/10\/comienza-la-minga-global-por-la-madre-tierra-y-los-derechos-de-los-pueblos\/","og_site_name":"Pressenza","article_publisher":"https:\/\/www.facebook.com\/PressenzaItalia","article_author":"https:\/\/www.facebook.com\/pressenza","article_published_time":"2009-10-11T00:00:00+00:00","article_modified_time":"2009-10-12T17:03:08+00:00","author":"Pressenza IPA","twitter_card":"summary_large_image","twitter_creator":"@PressenzaIPA","twitter_site":"@PressenzaIPA","twitter_misc":{"Escrito por":"Pressenza IPA","Tiempo de lectura":"4 minutos"},"schema":{"@context":"https:\/\/schema.org","@graph":[{"@type":"Article","@id":"https:\/\/www.pressenza.com\/es\/2009\/10\/comienza-la-minga-global-por-la-madre-tierra-y-los-derechos-de-los-pueblos\/#article","isPartOf":{"@id":"https:\/\/www.pressenza.com\/es\/2009\/10\/comienza-la-minga-global-por-la-madre-tierra-y-los-derechos-de-los-pueblos\/"},"author":{"name":"Pressenza IPA","@id":"https:\/\/www.pressenza.com\/es\/#\/schema\/person\/010e5d02bcf40965427a1289a4cc8d75"},"headline":"Comienza la Minga Global por la Madre Tierra y los Derechos de los Pueblos","datePublished":"2009-10-11T00:00:00+00:00","dateModified":"2009-10-12T17:03:08+00:00","mainEntityOfPage":{"@id":"https:\/\/www.pressenza.com\/es\/2009\/10\/comienza-la-minga-global-por-la-madre-tierra-y-los-derechos-de-los-pueblos\/"},"wordCount":742,"publisher":{"@id":"https:\/\/www.pressenza.com\/es\/#organization"},"articleSection":["Cultura y Medios","Internacional","Sudam\u00e9rica"],"inLanguage":"es"},{"@type":"WebPage","@id":"https:\/\/www.pressenza.com\/es\/2009\/10\/comienza-la-minga-global-por-la-madre-tierra-y-los-derechos-de-los-pueblos\/","url":"https:\/\/www.pressenza.com\/es\/2009\/10\/comienza-la-minga-global-por-la-madre-tierra-y-los-derechos-de-los-pueblos\/","name":"Comienza la Minga Global por la Madre Tierra y los Derechos de los Pueblos","isPartOf":{"@id":"https:\/\/www.pressenza.com\/es\/#website"},"datePublished":"2009-10-11T00:00:00+00:00","dateModified":"2009-10-12T17:03:08+00:00","description":"Los movimientos ind\u00edgenas de todo el mundo han convocado a la \u201cMinga Global por la Madre Tierra\u201d, que se realiza del 12 al 16 de octubre de 2009. Se trata de una gran movilizaci\u00f3n pac\u00edfica hacia la ONU para detener el calentamiento global. Asimismo, durante su paso por Bolivia, inaugurar\u00e1 el primer Tribunal de Justicia Clim\u00e1tica.","breadcrumb":{"@id":"https:\/\/www.pressenza.com\/es\/2009\/10\/comienza-la-minga-global-por-la-madre-tierra-y-los-derechos-de-los-pueblos\/#breadcrumb"},"inLanguage":"es","potentialAction":[{"@type":"ReadAction","target":["https:\/\/www.pressenza.com\/es\/2009\/10\/comienza-la-minga-global-por-la-madre-tierra-y-los-derechos-de-los-pueblos\/"]}]},{"@type":"BreadcrumbList","@id":"https:\/\/www.pressenza.com\/es\/2009\/10\/comienza-la-minga-global-por-la-madre-tierra-y-los-derechos-de-los-pueblos\/#breadcrumb","itemListElement":[{"@type":"ListItem","position":1,"name":"Accueil","item":"https:\/\/www.pressenza.com\/es\/"},{"@type":"ListItem","position":2,"name":"Comienza la Minga Global por la Madre Tierra y los Derechos de los Pueblos"}]},{"@type":"WebSite","@id":"https:\/\/www.pressenza.com\/es\/#website","url":"https:\/\/www.pressenza.com\/es\/","name":"Pressenza","description":"International Press Agency","publisher":{"@id":"https:\/\/www.pressenza.com\/es\/#organization"},"potentialAction":[{"@type":"SearchAction","target":{"@type":"EntryPoint","urlTemplate":"https:\/\/www.pressenza.com\/es\/?s={search_term_string}"},"query-input":{"@type":"PropertyValueSpecification","valueRequired":true,"valueName":"search_term_string"}}],"inLanguage":"es"},{"@type":"Organization","@id":"https:\/\/www.pressenza.com\/es\/#organization","name":"Pressenza","url":"https:\/\/www.pressenza.com\/es\/","logo":{"@type":"ImageObject","inLanguage":"es","@id":"https:\/\/www.pressenza.com\/es\/#\/schema\/logo\/image\/","url":"https:\/\/www.pressenza.com\/wp-content\/uploads\/2022\/10\/pressenza_logo_200x200.jpg","contentUrl":"https:\/\/www.pressenza.com\/wp-content\/uploads\/2022\/10\/pressenza_logo_200x200.jpg","width":200,"height":200,"caption":"Pressenza"},"image":{"@id":"https:\/\/www.pressenza.com\/es\/#\/schema\/logo\/image\/"},"sameAs":["https:\/\/www.facebook.com\/PressenzaItalia","https:\/\/x.com\/PressenzaIPA"]},{"@type":"Person","@id":"https:\/\/www.pressenza.com\/es\/#\/schema\/person\/010e5d02bcf40965427a1289a4cc8d75","name":"Pressenza IPA","description":"News from Pressenza IPA correspondents","sameAs":["https:\/\/www.facebook.com\/pressenza","https:\/\/x.com\/PressenzaIPA"],"url":"https:\/\/www.pressenza.com\/es\/author\/pressenza-ipa\/"}]}},"place":"Buenos Aires","original_article_url":"","_links":{"self":[{"href":"https:\/\/www.pressenza.com\/es\/wp-json\/wp\/v2\/posts\/1695","targetHints":{"allow":["GET"]}}],"collection":[{"href":"https:\/\/www.pressenza.com\/es\/wp-json\/wp\/v2\/posts"}],"about":[{"href":"https:\/\/www.pressenza.com\/es\/wp-json\/wp\/v2\/types\/post"}],"author":[{"embeddable":true,"href":"https:\/\/www.pressenza.com\/es\/wp-json\/wp\/v2\/users\/19"}],"replies":[{"embeddable":true,"href":"https:\/\/www.pressenza.com\/es\/wp-json\/wp\/v2\/comments?post=1695"}],"version-history":[{"count":0,"href":"https:\/\/www.pressenza.com\/es\/wp-json\/wp\/v2\/posts\/1695\/revisions"}],"wp:attachment":[{"href":"https:\/\/www.pressenza.com\/es\/wp-json\/wp\/v2\/media?parent=1695"}],"wp:term":[{"taxonomy":"category","embeddable":true,"href":"https:\/\/www.pressenza.com\/es\/wp-json\/wp\/v2\/categories?post=1695"},{"taxonomy":"post_tag","embeddable":true,"href":"https:\/\/www.pressenza.com\/es\/wp-json\/wp\/v2\/tags?post=1695"}],"curies":[{"name":"wp","href":"https:\/\/api.w.org\/{rel}","templated":true}]}}