{"id":169477,"date":"2015-03-12T00:32:22","date_gmt":"2015-03-12T00:32:22","guid":{"rendered":"http:\/\/www.pressenza.com\/?p=169477"},"modified":"2015-03-12T00:32:22","modified_gmt":"2015-03-12T00:32:22","slug":"lenguas-africanas-marginadas-estan-siendo-sofocadas-y-apagadas","status":"publish","type":"post","link":"https:\/\/www.pressenza.com\/es\/2015\/03\/lenguas-africanas-marginadas-estan-siendo-sofocadas-y-apagadas\/","title":{"rendered":"Lenguas africanas marginadas est\u00e1n siendo sofocadas y apagadas"},"content":{"rendered":"<p style=\"text-align: justify;\"><strong>Sud\u00e1frica \u2013 El D\u00eda Internacional de la Lengua Materna lleg\u00f3 y se fue, pero para los activistas de las lenguas sudafricanas solo se trat\u00f3 de un espect\u00e1culo para formalizar el Estatuto de las 11 lenguas oficiales del pa\u00eds, a trav\u00e9s del cual algunas de estas lenguas est\u00e1n siendo severamente marginadas, especialmente las lenguas ind\u00edgenas . Esto puede estar ocurriendo en toda \u00c1frica.<\/strong><\/p>\n<p>Por: J.T. Jiyane<\/p>\n<p style=\"text-align: justify;\">La brecha es a\u00fan muy amplia con respecto a las lenguas oficiales de Sud\u00e1frica, con excepci\u00f3n del Ingl\u00e9s y el Afrikaans, que disfrutan de un estatus especial en las escuelas privadas y en el sector empresarial. Cuando los pol\u00edticos sudafricanos, los empleados p\u00fablicos y los del sector empresarial llevan a sus hijos a la escuela, prefieren las escuelas privadas, y no las escuelas p\u00fablicas.<\/p>\n<p style=\"text-align: justify;\">Los que llevan a sus hijos a las escuelas p\u00fablicas pertenecen en su mayor\u00eda a los pueblos ind\u00edgenas que viven por debajo del nivel de la pobreza en las ciudades y zonas rurales. Sin embargo, todav\u00eda las lenguas ind\u00edgenas est\u00e1n siendo escritas y habladas al menos en las escuelas p\u00fablicas, lo que revela positivamente los valores culturales de estas lenguas y sus hablantes, ya que Sud\u00e1frica es de hecho un pa\u00eds diverso.<\/p>\n<p style=\"text-align: justify;\">Las lenguas m\u00e1s marginadas del Sur son isiNdebele, SiSwate y XiTsonga. El gusto por el isiZulu, isiXhosa, SeSotho, SeTswana, Sepedi y Tshivenda est\u00e1 siendo desarrollado y promovido de muchas maneras. Mientras tanto, pareciera que se estuviera haciendo desaparecer lentamente a las otras tres lenguas mencionadas anteriormente.<\/p>\n<p style=\"text-align: justify;\">Pan South African Language Board (PANSALB) es la ley que el Parlamento instituy\u00f3 para desarrollar y promover las lenguas marginadas. Pero es muy dif\u00edcil conseguir proyectos que fomenten estas lenguas originarias, as\u00ed como conseguir proyectos de investigaci\u00f3n para cada una de esas lenguas, a menos que sean valoradas y se las considere en igualdad en la Constituci\u00f3n.<\/p>\n<p style=\"text-align: justify;\">Tambi\u00e9n existe una Agencia para el Desarrollo de Medios y de la Diversidad (MDDA), que responde tambi\u00e9n a una ley del Parlamento, y que tiene el encargo de asegurar que estas lenguas se promuevan a trav\u00e9s de publicaciones de la comunidad. Sin embargo, no vemos un gran n\u00famero de peri\u00f3dicos comunitarios escritos en lenguas ind\u00edgenas. A menudo, lo que vemos es una confusa publicaci\u00f3n de muy pocas p\u00e1ginas escrita en demasiadas lenguas.<\/p>\n<p style=\"text-align: justify;\">Mientras tanto, el isiZulu es usado al 100% por los peri\u00f3dicos ind\u00edgenas nacionales, como Ilanga, Iso LeZwe, Um-Afrika, Ukhasi y Bayede. Estos son peri\u00f3dicos escritos en lengua isiZulu, y se trata de acaudaladas publicaciones de propiedad privada. Lo mismo sucede con los peri\u00f3dicos en Afrikaans, que son numerosos a nivel tanto nacional como comunitario, y que cuentan con sus propias imprentas. Sin embargo, la mayor\u00eda de las lenguas ind\u00edgenas est\u00e1n sufriendo. Pero por sobre todo esto, como en realidad ocurre, las dos agencias gubernamentales mencionadas aqu\u00ed consiguen un buen presupuesto cada a\u00f1o para promover estas lenguas ind\u00edgenas. \u00bfCu\u00e1ndo ver\u00e1n alg\u00fan beneficio las lenguas menos importantes?<\/p>\n<p style=\"text-align: justify;\"><em>J.T. Jiyane es corresponsal de Pressenza con sede en Sud\u00e1frica, y cubre temas pol\u00edticos y socio-econ\u00f3micos.<\/em><\/p>\n","protected":false},"excerpt":{"rendered":"<p>Sud\u00e1frica \u2013 El D\u00eda Internacional de la Lengua Materna lleg\u00f3 y se fue, pero para los activistas de las lenguas sudafricanas solo se trat\u00f3 de un espect\u00e1culo para formalizar el Estatuto de las 11 lenguas oficiales del pa\u00eds, a trav\u00e9s&hellip;<\/p>\n","protected":false},"author":1015,"featured_media":168680,"comment_status":"closed","ping_status":"open","sticky":false,"template":"","format":"standard","meta":{"footnotes":""},"categories":[64,11389,75,1241],"tags":[16530,5364],"class_list":["post-169477","post","type-post","status-publish","format-standard","has-post-thumbnail","hentry","category-africa-es","category-contenido-original","category-cultura-es","category-diversidad","tag-lenguas","tag-sudafrica-es"],"yoast_head":"<!-- This site is optimized with the Yoast SEO plugin v27.1.1 - https:\/\/yoast.com\/product\/yoast-seo-wordpress\/ -->\n<title>Lenguas africanas marginadas est\u00e1n siendo sofocadas y apagadas<\/title>\n<meta name=\"description\" content=\"Sud\u00e1frica \u2013 El D\u00eda Internacional de la Lengua Materna lleg\u00f3 y se fue, pero para los activistas de las lenguas sudafricanas solo se trat\u00f3 de un espect\u00e1culo\" \/>\n<meta name=\"robots\" content=\"index, follow, max-snippet:-1, max-image-preview:large, max-video-preview:-1\" \/>\n<link rel=\"canonical\" href=\"https:\/\/www.pressenza.com\/es\/2015\/03\/lenguas-africanas-marginadas-estan-siendo-sofocadas-y-apagadas\/\" \/>\n<meta property=\"og:locale\" content=\"es_ES\" \/>\n<meta property=\"og:type\" content=\"article\" \/>\n<meta property=\"og:title\" content=\"Lenguas africanas marginadas est\u00e1n siendo sofocadas y apagadas\" \/>\n<meta property=\"og:description\" content=\"Sud\u00e1frica \u2013 El D\u00eda Internacional de la Lengua Materna lleg\u00f3 y se fue, pero para los activistas de las lenguas sudafricanas solo se trat\u00f3 de un espect\u00e1culo\" \/>\n<meta property=\"og:url\" content=\"https:\/\/www.pressenza.com\/es\/2015\/03\/lenguas-africanas-marginadas-estan-siendo-sofocadas-y-apagadas\/\" \/>\n<meta property=\"og:site_name\" content=\"Pressenza\" \/>\n<meta property=\"article:publisher\" content=\"https:\/\/www.facebook.com\/PressenzaItalia\" \/>\n<meta property=\"article:author\" content=\"https:\/\/www.facebook.com\/PressenzaEnglish\/\" \/>\n<meta property=\"article:published_time\" content=\"2015-03-12T00:32:22+00:00\" \/>\n<meta property=\"og:image\" content=\"https:\/\/www.pressenza.com\/wp-content\/uploads\/2015\/03\/africa-books.jpg\" \/>\n\t<meta property=\"og:image:width\" content=\"1920\" \/>\n\t<meta property=\"og:image:height\" content=\"1080\" \/>\n\t<meta property=\"og:image:type\" content=\"image\/jpeg\" \/>\n<meta name=\"author\" content=\"Pressenza Hong Kong\" \/>\n<meta name=\"twitter:card\" content=\"summary_large_image\" \/>\n<meta name=\"twitter:creator\" content=\"@PressenzaIPA\" \/>\n<meta name=\"twitter:site\" content=\"@PressenzaIPA\" \/>\n<meta name=\"twitter:label1\" content=\"Escrito por\" \/>\n\t<meta name=\"twitter:data1\" content=\"Pressenza Hong Kong\" \/>\n\t<meta name=\"twitter:label2\" content=\"Tiempo de lectura\" \/>\n\t<meta name=\"twitter:data2\" content=\"3 minutos\" \/>\n<script type=\"application\/ld+json\" class=\"yoast-schema-graph\">{\"@context\":\"https:\/\/schema.org\",\"@graph\":[{\"@type\":\"Article\",\"@id\":\"https:\/\/www.pressenza.com\/es\/2015\/03\/lenguas-africanas-marginadas-estan-siendo-sofocadas-y-apagadas\/#article\",\"isPartOf\":{\"@id\":\"https:\/\/www.pressenza.com\/es\/2015\/03\/lenguas-africanas-marginadas-estan-siendo-sofocadas-y-apagadas\/\"},\"author\":{\"name\":\"Pressenza Hong Kong\",\"@id\":\"https:\/\/www.pressenza.com\/es\/#\/schema\/person\/eca962d6df6d2610e7fc9f68de7a2b87\"},\"headline\":\"Lenguas africanas marginadas est\u00e1n siendo sofocadas y apagadas\",\"datePublished\":\"2015-03-12T00:32:22+00:00\",\"mainEntityOfPage\":{\"@id\":\"https:\/\/www.pressenza.com\/es\/2015\/03\/lenguas-africanas-marginadas-estan-siendo-sofocadas-y-apagadas\/\"},\"wordCount\":554,\"publisher\":{\"@id\":\"https:\/\/www.pressenza.com\/es\/#organization\"},\"image\":{\"@id\":\"https:\/\/www.pressenza.com\/es\/2015\/03\/lenguas-africanas-marginadas-estan-siendo-sofocadas-y-apagadas\/#primaryimage\"},\"thumbnailUrl\":\"https:\/\/www.pressenza.com\/wp-content\/uploads\/2015\/03\/africa-books.jpg\",\"keywords\":[\"lenguas\",\"Sud\u00e1frica\"],\"articleSection\":[\"Africa\",\"Contenido Original\",\"Cultura y Medios\",\"Diversidad\"],\"inLanguage\":\"es\"},{\"@type\":\"WebPage\",\"@id\":\"https:\/\/www.pressenza.com\/es\/2015\/03\/lenguas-africanas-marginadas-estan-siendo-sofocadas-y-apagadas\/\",\"url\":\"https:\/\/www.pressenza.com\/es\/2015\/03\/lenguas-africanas-marginadas-estan-siendo-sofocadas-y-apagadas\/\",\"name\":\"Lenguas africanas marginadas est\u00e1n siendo sofocadas y apagadas\",\"isPartOf\":{\"@id\":\"https:\/\/www.pressenza.com\/es\/#website\"},\"primaryImageOfPage\":{\"@id\":\"https:\/\/www.pressenza.com\/es\/2015\/03\/lenguas-africanas-marginadas-estan-siendo-sofocadas-y-apagadas\/#primaryimage\"},\"image\":{\"@id\":\"https:\/\/www.pressenza.com\/es\/2015\/03\/lenguas-africanas-marginadas-estan-siendo-sofocadas-y-apagadas\/#primaryimage\"},\"thumbnailUrl\":\"https:\/\/www.pressenza.com\/wp-content\/uploads\/2015\/03\/africa-books.jpg\",\"datePublished\":\"2015-03-12T00:32:22+00:00\",\"description\":\"Sud\u00e1frica \u2013 El D\u00eda Internacional de la Lengua Materna lleg\u00f3 y se fue, pero para los activistas de las lenguas sudafricanas solo se trat\u00f3 de un espect\u00e1culo\",\"breadcrumb\":{\"@id\":\"https:\/\/www.pressenza.com\/es\/2015\/03\/lenguas-africanas-marginadas-estan-siendo-sofocadas-y-apagadas\/#breadcrumb\"},\"inLanguage\":\"es\",\"potentialAction\":[{\"@type\":\"ReadAction\",\"target\":[\"https:\/\/www.pressenza.com\/es\/2015\/03\/lenguas-africanas-marginadas-estan-siendo-sofocadas-y-apagadas\/\"]}]},{\"@type\":\"ImageObject\",\"inLanguage\":\"es\",\"@id\":\"https:\/\/www.pressenza.com\/es\/2015\/03\/lenguas-africanas-marginadas-estan-siendo-sofocadas-y-apagadas\/#primaryimage\",\"url\":\"https:\/\/www.pressenza.com\/wp-content\/uploads\/2015\/03\/africa-books.jpg\",\"contentUrl\":\"https:\/\/www.pressenza.com\/wp-content\/uploads\/2015\/03\/africa-books.jpg\",\"width\":1920,\"height\":1080},{\"@type\":\"BreadcrumbList\",\"@id\":\"https:\/\/www.pressenza.com\/es\/2015\/03\/lenguas-africanas-marginadas-estan-siendo-sofocadas-y-apagadas\/#breadcrumb\",\"itemListElement\":[{\"@type\":\"ListItem\",\"position\":1,\"name\":\"Accueil\",\"item\":\"https:\/\/www.pressenza.com\/es\/\"},{\"@type\":\"ListItem\",\"position\":2,\"name\":\"Lenguas africanas marginadas est\u00e1n siendo sofocadas y apagadas\"}]},{\"@type\":\"WebSite\",\"@id\":\"https:\/\/www.pressenza.com\/es\/#website\",\"url\":\"https:\/\/www.pressenza.com\/es\/\",\"name\":\"Pressenza\",\"description\":\"International Press Agency\",\"publisher\":{\"@id\":\"https:\/\/www.pressenza.com\/es\/#organization\"},\"potentialAction\":[{\"@type\":\"SearchAction\",\"target\":{\"@type\":\"EntryPoint\",\"urlTemplate\":\"https:\/\/www.pressenza.com\/es\/?s={search_term_string}\"},\"query-input\":{\"@type\":\"PropertyValueSpecification\",\"valueRequired\":true,\"valueName\":\"search_term_string\"}}],\"inLanguage\":\"es\"},{\"@type\":\"Organization\",\"@id\":\"https:\/\/www.pressenza.com\/es\/#organization\",\"name\":\"Pressenza\",\"url\":\"https:\/\/www.pressenza.com\/es\/\",\"logo\":{\"@type\":\"ImageObject\",\"inLanguage\":\"es\",\"@id\":\"https:\/\/www.pressenza.com\/es\/#\/schema\/logo\/image\/\",\"url\":\"https:\/\/www.pressenza.com\/wp-content\/uploads\/2022\/10\/pressenza_logo_200x200.jpg\",\"contentUrl\":\"https:\/\/www.pressenza.com\/wp-content\/uploads\/2022\/10\/pressenza_logo_200x200.jpg\",\"width\":200,\"height\":200,\"caption\":\"Pressenza\"},\"image\":{\"@id\":\"https:\/\/www.pressenza.com\/es\/#\/schema\/logo\/image\/\"},\"sameAs\":[\"https:\/\/www.facebook.com\/PressenzaItalia\",\"https:\/\/x.com\/PressenzaIPA\"]},{\"@type\":\"Person\",\"@id\":\"https:\/\/www.pressenza.com\/es\/#\/schema\/person\/eca962d6df6d2610e7fc9f68de7a2b87\",\"name\":\"Pressenza Hong Kong\",\"description\":\"News published by the Pressenza Bureau in Hong Kong\",\"sameAs\":[\"https:\/\/www.facebook.com\/PressenzaEnglish\/\",\"https:\/\/x.com\/PressenzaIPA\"],\"url\":\"https:\/\/www.pressenza.com\/es\/author\/pressenza-hong-kong\/\"}]}<\/script>\n<!-- \/ Yoast SEO plugin. -->","yoast_head_json":{"title":"Lenguas africanas marginadas est\u00e1n siendo sofocadas y apagadas","description":"Sud\u00e1frica \u2013 El D\u00eda Internacional de la Lengua Materna lleg\u00f3 y se fue, pero para los activistas de las lenguas sudafricanas solo se trat\u00f3 de un espect\u00e1culo","robots":{"index":"index","follow":"follow","max-snippet":"max-snippet:-1","max-image-preview":"max-image-preview:large","max-video-preview":"max-video-preview:-1"},"canonical":"https:\/\/www.pressenza.com\/es\/2015\/03\/lenguas-africanas-marginadas-estan-siendo-sofocadas-y-apagadas\/","og_locale":"es_ES","og_type":"article","og_title":"Lenguas africanas marginadas est\u00e1n siendo sofocadas y apagadas","og_description":"Sud\u00e1frica \u2013 El D\u00eda Internacional de la Lengua Materna lleg\u00f3 y se fue, pero para los activistas de las lenguas sudafricanas solo se trat\u00f3 de un espect\u00e1culo","og_url":"https:\/\/www.pressenza.com\/es\/2015\/03\/lenguas-africanas-marginadas-estan-siendo-sofocadas-y-apagadas\/","og_site_name":"Pressenza","article_publisher":"https:\/\/www.facebook.com\/PressenzaItalia","article_author":"https:\/\/www.facebook.com\/PressenzaEnglish\/","article_published_time":"2015-03-12T00:32:22+00:00","og_image":[{"width":1920,"height":1080,"url":"https:\/\/www.pressenza.com\/wp-content\/uploads\/2015\/03\/africa-books.jpg","type":"image\/jpeg"}],"author":"Pressenza Hong Kong","twitter_card":"summary_large_image","twitter_creator":"@PressenzaIPA","twitter_site":"@PressenzaIPA","twitter_misc":{"Escrito por":"Pressenza Hong Kong","Tiempo de lectura":"3 minutos"},"schema":{"@context":"https:\/\/schema.org","@graph":[{"@type":"Article","@id":"https:\/\/www.pressenza.com\/es\/2015\/03\/lenguas-africanas-marginadas-estan-siendo-sofocadas-y-apagadas\/#article","isPartOf":{"@id":"https:\/\/www.pressenza.com\/es\/2015\/03\/lenguas-africanas-marginadas-estan-siendo-sofocadas-y-apagadas\/"},"author":{"name":"Pressenza Hong Kong","@id":"https:\/\/www.pressenza.com\/es\/#\/schema\/person\/eca962d6df6d2610e7fc9f68de7a2b87"},"headline":"Lenguas africanas marginadas est\u00e1n siendo sofocadas y apagadas","datePublished":"2015-03-12T00:32:22+00:00","mainEntityOfPage":{"@id":"https:\/\/www.pressenza.com\/es\/2015\/03\/lenguas-africanas-marginadas-estan-siendo-sofocadas-y-apagadas\/"},"wordCount":554,"publisher":{"@id":"https:\/\/www.pressenza.com\/es\/#organization"},"image":{"@id":"https:\/\/www.pressenza.com\/es\/2015\/03\/lenguas-africanas-marginadas-estan-siendo-sofocadas-y-apagadas\/#primaryimage"},"thumbnailUrl":"https:\/\/www.pressenza.com\/wp-content\/uploads\/2015\/03\/africa-books.jpg","keywords":["lenguas","Sud\u00e1frica"],"articleSection":["Africa","Contenido Original","Cultura y Medios","Diversidad"],"inLanguage":"es"},{"@type":"WebPage","@id":"https:\/\/www.pressenza.com\/es\/2015\/03\/lenguas-africanas-marginadas-estan-siendo-sofocadas-y-apagadas\/","url":"https:\/\/www.pressenza.com\/es\/2015\/03\/lenguas-africanas-marginadas-estan-siendo-sofocadas-y-apagadas\/","name":"Lenguas africanas marginadas est\u00e1n siendo sofocadas y apagadas","isPartOf":{"@id":"https:\/\/www.pressenza.com\/es\/#website"},"primaryImageOfPage":{"@id":"https:\/\/www.pressenza.com\/es\/2015\/03\/lenguas-africanas-marginadas-estan-siendo-sofocadas-y-apagadas\/#primaryimage"},"image":{"@id":"https:\/\/www.pressenza.com\/es\/2015\/03\/lenguas-africanas-marginadas-estan-siendo-sofocadas-y-apagadas\/#primaryimage"},"thumbnailUrl":"https:\/\/www.pressenza.com\/wp-content\/uploads\/2015\/03\/africa-books.jpg","datePublished":"2015-03-12T00:32:22+00:00","description":"Sud\u00e1frica \u2013 El D\u00eda Internacional de la Lengua Materna lleg\u00f3 y se fue, pero para los activistas de las lenguas sudafricanas solo se trat\u00f3 de un espect\u00e1culo","breadcrumb":{"@id":"https:\/\/www.pressenza.com\/es\/2015\/03\/lenguas-africanas-marginadas-estan-siendo-sofocadas-y-apagadas\/#breadcrumb"},"inLanguage":"es","potentialAction":[{"@type":"ReadAction","target":["https:\/\/www.pressenza.com\/es\/2015\/03\/lenguas-africanas-marginadas-estan-siendo-sofocadas-y-apagadas\/"]}]},{"@type":"ImageObject","inLanguage":"es","@id":"https:\/\/www.pressenza.com\/es\/2015\/03\/lenguas-africanas-marginadas-estan-siendo-sofocadas-y-apagadas\/#primaryimage","url":"https:\/\/www.pressenza.com\/wp-content\/uploads\/2015\/03\/africa-books.jpg","contentUrl":"https:\/\/www.pressenza.com\/wp-content\/uploads\/2015\/03\/africa-books.jpg","width":1920,"height":1080},{"@type":"BreadcrumbList","@id":"https:\/\/www.pressenza.com\/es\/2015\/03\/lenguas-africanas-marginadas-estan-siendo-sofocadas-y-apagadas\/#breadcrumb","itemListElement":[{"@type":"ListItem","position":1,"name":"Accueil","item":"https:\/\/www.pressenza.com\/es\/"},{"@type":"ListItem","position":2,"name":"Lenguas africanas marginadas est\u00e1n siendo sofocadas y apagadas"}]},{"@type":"WebSite","@id":"https:\/\/www.pressenza.com\/es\/#website","url":"https:\/\/www.pressenza.com\/es\/","name":"Pressenza","description":"International Press Agency","publisher":{"@id":"https:\/\/www.pressenza.com\/es\/#organization"},"potentialAction":[{"@type":"SearchAction","target":{"@type":"EntryPoint","urlTemplate":"https:\/\/www.pressenza.com\/es\/?s={search_term_string}"},"query-input":{"@type":"PropertyValueSpecification","valueRequired":true,"valueName":"search_term_string"}}],"inLanguage":"es"},{"@type":"Organization","@id":"https:\/\/www.pressenza.com\/es\/#organization","name":"Pressenza","url":"https:\/\/www.pressenza.com\/es\/","logo":{"@type":"ImageObject","inLanguage":"es","@id":"https:\/\/www.pressenza.com\/es\/#\/schema\/logo\/image\/","url":"https:\/\/www.pressenza.com\/wp-content\/uploads\/2022\/10\/pressenza_logo_200x200.jpg","contentUrl":"https:\/\/www.pressenza.com\/wp-content\/uploads\/2022\/10\/pressenza_logo_200x200.jpg","width":200,"height":200,"caption":"Pressenza"},"image":{"@id":"https:\/\/www.pressenza.com\/es\/#\/schema\/logo\/image\/"},"sameAs":["https:\/\/www.facebook.com\/PressenzaItalia","https:\/\/x.com\/PressenzaIPA"]},{"@type":"Person","@id":"https:\/\/www.pressenza.com\/es\/#\/schema\/person\/eca962d6df6d2610e7fc9f68de7a2b87","name":"Pressenza Hong Kong","description":"News published by the Pressenza Bureau in Hong Kong","sameAs":["https:\/\/www.facebook.com\/PressenzaEnglish\/","https:\/\/x.com\/PressenzaIPA"],"url":"https:\/\/www.pressenza.com\/es\/author\/pressenza-hong-kong\/"}]}},"place":"","original_article_url":"","_links":{"self":[{"href":"https:\/\/www.pressenza.com\/es\/wp-json\/wp\/v2\/posts\/169477","targetHints":{"allow":["GET"]}}],"collection":[{"href":"https:\/\/www.pressenza.com\/es\/wp-json\/wp\/v2\/posts"}],"about":[{"href":"https:\/\/www.pressenza.com\/es\/wp-json\/wp\/v2\/types\/post"}],"author":[{"embeddable":true,"href":"https:\/\/www.pressenza.com\/es\/wp-json\/wp\/v2\/users\/1015"}],"replies":[{"embeddable":true,"href":"https:\/\/www.pressenza.com\/es\/wp-json\/wp\/v2\/comments?post=169477"}],"version-history":[{"count":0,"href":"https:\/\/www.pressenza.com\/es\/wp-json\/wp\/v2\/posts\/169477\/revisions"}],"wp:featuredmedia":[{"embeddable":true,"href":"https:\/\/www.pressenza.com\/es\/wp-json\/wp\/v2\/media\/168680"}],"wp:attachment":[{"href":"https:\/\/www.pressenza.com\/es\/wp-json\/wp\/v2\/media?parent=169477"}],"wp:term":[{"taxonomy":"category","embeddable":true,"href":"https:\/\/www.pressenza.com\/es\/wp-json\/wp\/v2\/categories?post=169477"},{"taxonomy":"post_tag","embeddable":true,"href":"https:\/\/www.pressenza.com\/es\/wp-json\/wp\/v2\/tags?post=169477"}],"curies":[{"name":"wp","href":"https:\/\/api.w.org\/{rel}","templated":true}]}}