{"id":1694070,"date":"2022-11-15T19:35:02","date_gmt":"2022-11-15T19:35:02","guid":{"rendered":"https:\/\/www.pressenza.com\/?p=1694070"},"modified":"2022-11-16T19:08:23","modified_gmt":"2022-11-16T19:08:23","slug":"carlos-umana-explica-el-tpan-en-catalunya","status":"publish","type":"post","link":"https:\/\/www.pressenza.com\/es\/2022\/11\/carlos-umana-explica-el-tpan-en-catalunya\/","title":{"rendered":"Carlos Uma\u00f1a explica el TPAN en Catalunya"},"content":{"rendered":"<p>Por Teresa Carreras.-<\/p>\n<p>La voz de Carlos Uma\u00f1a, m\u00e9dico de Costa Rica, Premio Nobel de la Paz, por su activismo contra las armas nucleares, alert\u00f3 desde Matar\u00f3 y Argentona (Maresme) as\u00ed como desde Barcelona, la capital de Catalunya, del peligro real de una guerra nuclear en la coyuntura internacional actual.<\/p>\n<p>Uma\u00f1a se desplaz\u00f3 a Matar\u00f3 para explicar a la ciudadan\u00eda en que consiste el Tratado de Prohibici\u00f3n de Armas Nucleares (TPAN) que \u00e9l mismo, en una intervenci\u00f3n online, hab\u00eda presentado en un acto al que fue invitado por l\u2019<em>Associaci\u00f3 Ve\u00efnal de Rocafonda, l\u2019Esperan\u00e7a, Ciutat Jard\u00ed i Valldeix<\/em> dentro del ciclo \u201cDivendres Culturals a Rocafonda\u201d, el pasado 8 de abril de 2022.\u00a0 Carlos Uma\u00f1a quiso pronunciar su conferencia en catal\u00e1n y dijo, entre otras cosas que \u201cel risc d\u2019una guerra nuclear \u00e9s avui dia m\u00e9s alt que mai. El desarmament nuclear \u00e9s urgent i necessari. \u00c9s inajornable que les persones donem una oportunitat a la pau (trad. castellano. <em>El riesgo de una guerra nuclear es hoy en d\u00eda m\u00e1s alto que nunca. El desarme nuclear es urgente y necesario. Es inaplazable que las personas demos una oportunidad a la paz).<\/em><\/p>\n<p>El acto que llev\u00f3 por t\u00edtulo, en catal\u00e1n, \u201cComprendre Ucra\u00efna, guanyar la pau\u201d\u00a0 (trad castellano. Comprender Ucrania, ganar la paz) estuvo organizado tambi\u00e9n por \u201cJust\u00edcia i Pau Maresme\u201d, Fundaci\u00f3 \u201cGrup Tercer- M\u00f3n Matar\u00f3\u201d y la Coral Primavera per la Pau.<\/p>\n<p>&nbsp;<\/p>\n<p>A ra\u00edz de aquel acto impulsado por la ciudadan\u00eda local, los partidos pol\u00edticos de Matar\u00f3, por unanimidad, se sumaron al TPAN y, posteriormente, Carlos Uma\u00f1a se desplaz\u00f3 presencialmente para presentar el Tratado a la Ciudad. \u00a0De la comarca del Maresme, tambi\u00e9n Argentona acord\u00f3 sumarse al TPAN, \u00d2rrius est\u00e1 en ello y Vilassar de Dalt se adhiri\u00f3 a ICAN-cities hace ya m\u00e1s tiempo.<\/p>\n<p>La divisi\u00f3n comarcal es una organizaci\u00f3n espec\u00edfica de Catalunya con una tradici\u00f3n hist\u00f3rica remarcable aunque fue efectiva, por primera vez, en 1936. Despu\u00e9s del franquismo, en 1987 se reinstaur\u00f3 el mapa comarcal del 36 dejando abierta la posibilidad de modificaci\u00f3n del mismo a petici\u00f3n de los municipios.<\/p>\n<p>La idea de la Asociaci\u00f3n Vecinal organizadora del acto en el que particip\u00f3 Uma\u00f1a on line es que la comarca del Maresme sea la primera de Catalunya &#8211; 30 municipios y casi cuatrocientos cincuenta mil ciudadanos- en sumarse al TPAN.<\/p>\n<p>&nbsp;<\/p>\n<p><img loading=\"lazy\" decoding=\"async\" class=\"alignnone size-full wp-image-1694073\" src=\"https:\/\/www.pressenza.com\/wp-content\/uploads\/2022\/11\/FOTO-3.jpg\" alt=\"\" width=\"1080\" height=\"1469\" srcset=\"https:\/\/www.pressenza.com\/wp-content\/uploads\/2022\/11\/FOTO-3.jpg 1080w, https:\/\/www.pressenza.com\/wp-content\/uploads\/2022\/11\/FOTO-3-221x300.jpg 221w, https:\/\/www.pressenza.com\/wp-content\/uploads\/2022\/11\/FOTO-3-753x1024.jpg 753w\" sizes=\"auto, (max-width: 1080px) 100vw, 1080px\" \/><\/p>\n<p><em>Fotograf\u00eda de @avrocafonda<\/em><\/p>\n<p>Carlos Uma\u00f1a ha sido doblemente premiado con el Nobel de la Paz por las dos asociaciones a las que representa a alto nivel. Actualmente es Copresidente de la Asociaci\u00f3n Internacional de M\u00e9dicos, para la Prevenci\u00f3n de la Guerra Nuclear (IPPNW) que recibi\u00f3 el premio Nobel de la Paz en 1985. Y a su vez esta asociaci\u00f3n cre\u00f3 en 2006, ICAN la Campa\u00f1a Internacional para la Abolici\u00f3n de las Armas Nucleares que es una coalici\u00f3n de asociaciones no gubernamentales que promueven la adhesi\u00f3n y la implementaci\u00f3n al Tratado multilateral de Prohibici\u00f3n de las Armas Nucleares (TPAN) aprobado el 7 de julio de 2017 por las Naciones Unidas. Aquel a\u00f1o el Premio Nobel de la Paz recay\u00f3 en ICAN.<\/p>\n<p>&nbsp;<\/p>\n<p><img loading=\"lazy\" decoding=\"async\" class=\"alignnone size-full wp-image-1694076\" src=\"https:\/\/www.pressenza.com\/wp-content\/uploads\/2022\/11\/FOTO-5-.jpg\" alt=\"\" width=\"2048\" height=\"1532\" srcset=\"https:\/\/www.pressenza.com\/wp-content\/uploads\/2022\/11\/FOTO-5-.jpg 2048w, https:\/\/www.pressenza.com\/wp-content\/uploads\/2022\/11\/FOTO-5--300x224.jpg 300w, https:\/\/www.pressenza.com\/wp-content\/uploads\/2022\/11\/FOTO-5--820x613.jpg 820w\" sizes=\"auto, (max-width: 2048px) 100vw, 2048px\" \/><\/p>\n<p><em>Teatre Argentona &#8211; Fotograf\u00eda de @mariamajo<\/em><\/p>\n<p>La voz de Carlos Uma\u00f1a son\u00f3 potente antes de empezar, en La Sala, la obra de teatro po\u00e9tico y de memoria hist\u00f3rica \u201cEl mar: visi\u00f3 d\u2019uns nens que no l\u2019han vist mai\u201d de Xavier Bob\u00e9s y Alberto Conejero. Al inicio de la semana siguiente. El p\u00fablico entusiasmado reclamando la memoria historica \u00a0un s\u00e1bado y el lunes pr\u00f3ximo el Ayuntamiento de Argentona aprob\u00f3 en su sesi\u00f3n Plenaria una Declaraci\u00f3n Institucional de apoyo al TPAN y \u00a0,as\u00ed mismo, por unanimidad aprob\u00f3 la adhesi\u00f3n del municipio a la <strong>Xarxa d\u2019alcaldes i alcaldesses per la Pau. <\/strong><\/p>\n<p><strong>Argentona por la paz, y a favor del TPAN<\/strong><\/p>\n<p>La Declaraci\u00f3n Institucional de Argentona dice que \u201cLas armas nucleares son un aut\u00e9ntico peligro para la seguridad de las personas y de los municipios. Es el armamento m\u00e1s destructivo, inhumano y discriminatorio. Las casi 15.000 armas nucleares del arsenal existente apuntan a las ciudades amenazando de forma inaceptable nuestras vidas y la existencia misma de la Humanidad en su conjunto\u201d. \u00a0El regidor \u00c0ngel Puig ley\u00f3 la Declaraci\u00f3n y puso \u00e9nfasis en el papel de los municipios \u201clas ciudades deben tener un papel muy importante en la demanda de un mundo m\u00e1s justo, en paz y nuclearmente desarmado\u201d.<\/p>\n<p>&nbsp;<\/p>\n<p>&nbsp;<\/p>\n<div class=\"post-gallery\">\n\t\t\t<figure class=\"post-gallery-item\">\n\t\t\t\t<img decoding=\"async\" src=\"https:\/\/www.pressenza.com\/wp-content\/uploads\/2022\/11\/FOTO-6-UMANA.GEGANTS.jpg\" loading=\"lazy\">\n\t\t\t\t<figcaption>\n\t\t\t\t\t\n\t\t\t\t<\/figcaption>\n\t\t\t<\/figure>\n\t\t\t<figure class=\"post-gallery-item\">\n\t\t\t\t<img decoding=\"async\" src=\"https:\/\/www.pressenza.com\/wp-content\/uploads\/2022\/11\/PxP-FOTO-7.jpg\" loading=\"lazy\">\n\t\t\t\t<figcaption>\n\t\t\t\t\t\n\t\t\t\t<\/figcaption>\n\t\t\t<\/figure>\n\t\t\t<figure class=\"post-gallery-item\">\n\t\t\t\t<img decoding=\"async\" src=\"https:\/\/www.pressenza.com\/wp-content\/uploads\/2022\/11\/PxP-FOTO-8.jpg\" loading=\"lazy\">\n\t\t\t\t<figcaption>\n\t\t\t\t\t\n\t\t\t\t<\/figcaption>\n\t\t\t<\/figure>\n\t\t\t<figure class=\"post-gallery-item\">\n\t\t\t\t<img decoding=\"async\" src=\"https:\/\/www.pressenza.com\/wp-content\/uploads\/2022\/11\/PxP-FOTO-9.jpg\" loading=\"lazy\">\n\t\t\t\t<figcaption>\n\t\t\t\t\t\n\t\t\t\t<\/figcaption>\n\t\t\t<\/figure><\/div>\n<p><em>Fotograf\u00edas de @tcarreras y @tonicanal<\/em><\/p>\n<p>El s\u00e1bado 5 de noviembre empez\u00f3 pronto para Carlos Uma\u00f1a visitando la Fira d\u2019Entitats de Rocafonda que se celebr\u00f3 en Can Cabanelles. Carlos pudo conversar con la mayor\u00eda de las asociaciones que expon\u00edan su trabajo y se interesaban por como manifestar su oposici\u00f3n al armamento nuclear.<\/p>\n<p>La \u00a0\u201cCoral Primavera per la Pau\u201d, dirigida por Xavier Rodon i Morera, maestro i m\u00fasico, cuyo grupo cumplir\u00e1 pronto los cuarenta a\u00f1os, interpret\u00f3 en Can Cabanelles: \u201cAl banderer de la pau\u201d, \u201cRula\u201d, Hiroshima\u201d, \u201cEscolta-ho en el vent\u201d i \u201cCant de Pau\u201d.<\/p>\n<p><img loading=\"lazy\" decoding=\"async\" class=\"alignnone size-full wp-image-1694081\" src=\"https:\/\/www.pressenza.com\/wp-content\/uploads\/2022\/11\/FOTO10.jpg\" alt=\"\" width=\"393\" height=\"399\" srcset=\"https:\/\/www.pressenza.com\/wp-content\/uploads\/2022\/11\/FOTO10.jpg 393w, https:\/\/www.pressenza.com\/wp-content\/uploads\/2022\/11\/FOTO10-295x300.jpg 295w\" sizes=\"auto, (max-width: 393px) 100vw, 393px\" \/><\/p>\n<p><em>Fotograf\u00eda de @avrocafonda &#8211; Plano General con el alcalde David Bote primero por la derecha<\/em><\/p>\n<p><img loading=\"lazy\" decoding=\"async\" class=\"alignnone size-full wp-image-1694082\" src=\"https:\/\/www.pressenza.com\/wp-content\/uploads\/2022\/11\/FOTO-11INMA-PUBLICO.jpg\" alt=\"\" width=\"507\" height=\"386\" srcset=\"https:\/\/www.pressenza.com\/wp-content\/uploads\/2022\/11\/FOTO-11INMA-PUBLICO.jpg 507w, https:\/\/www.pressenza.com\/wp-content\/uploads\/2022\/11\/FOTO-11INMA-PUBLICO-300x228.jpg 300w\" sizes=\"auto, (max-width: 507px) 100vw, 507px\" \/><\/p>\n<p><em>Fotograf\u00eda de @tcarreras &#8211; Biblioteca<\/em><\/p>\n<p><img loading=\"lazy\" decoding=\"async\" class=\"alignnone size-full wp-image-1694083\" src=\"https:\/\/www.pressenza.com\/wp-content\/uploads\/2022\/11\/FOTO-12PEREZ-UMANA.jpg\" alt=\"\" width=\"357\" height=\"521\" srcset=\"https:\/\/www.pressenza.com\/wp-content\/uploads\/2022\/11\/FOTO-12PEREZ-UMANA.jpg 357w, https:\/\/www.pressenza.com\/wp-content\/uploads\/2022\/11\/FOTO-12PEREZ-UMANA-206x300.jpg 206w\" sizes=\"auto, (max-width: 357px) 100vw, 357px\" \/><\/p>\n<p><em>Fotograf\u00eda de @tcarreras Concejal P\u00e9rez-Uma\u00f1a<\/em><\/p>\n<div class=\"post-gallery\">\n\t\t\t<figure class=\"post-gallery-item\">\n\t\t\t\t<img decoding=\"async\" src=\"https:\/\/www.pressenza.com\/wp-content\/uploads\/2022\/11\/FOTO-13GRUP-MUSICAL-1.jpg\" loading=\"lazy\">\n\t\t\t\t<figcaption>\n\t\t\t\t\t\n\t\t\t\t<\/figcaption>\n\t\t\t<\/figure>\n\t\t\t<figure class=\"post-gallery-item\">\n\t\t\t\t<img decoding=\"async\" src=\"https:\/\/www.pressenza.com\/wp-content\/uploads\/2022\/11\/FOTO-14-UMANA-CANTANT.jpg\" loading=\"lazy\">\n\t\t\t\t<figcaption>\n\t\t\t\t\t\n\t\t\t\t<\/figcaption>\n\t\t\t<\/figure><\/div>\n<p><em>Fotograf\u00edas de @tcarreras\u00a0 &#8211; Grupo musical TUPARIK<\/em><\/p>\n<p>El acto central de Carlos Uma\u00f1a en la capital del Maresme, se realiz\u00f3 en la Biblioteca Antoni Comas, de Matar\u00f3.\u00a0 Pronunci\u00f3 unas palabras en las que denunci\u00f3 \u201cla crisis tan extrema en la que el mundo se encuentra a causa de la existencia de las armas nucleares y de quien amenaza con utilizarlas\u201d.<\/p>\n<p>En el acto de la Biblioteca Uma\u00f1a fue recibido por la regidora de Cooperaci\u00f3n Maria Jos\u00e9 P\u00e9rez\u00a0 y tambi\u00e9n por el alcalde de la\u00a0 ciudad, David Bote.<\/p>\n<p>Uma\u00f1a explic\u00f3 a los asistentes que el TPAN es \u201cun triunfo de la democracia internacional y el resultado del empoderamiento colectivo de los estados no nucleares. Ellos han asumido un rol activo en el desarme nuclear desafiando a los grandes poderes econ\u00f3micos y militares del mundo.\u201d En opini\u00f3n de Carlos Uma\u00f1a el TPAN estigmatiza a las armas nucleares a trav\u00e9s de su prohibici\u00f3n, una estrategia que hist\u00f3ricamente se ha demostrado eficaz.<\/p>\n<p>As\u00ed mismo como Tratado multilateral produce un cambio normativo que fortalece a cada nuevo pa\u00eds que lo ratifica.\u00a0 \u201cHoy en d\u00eda, concluy\u00f3, el poder y el prestigio est\u00e1n cada vez menos asociados al poder destructivo, a las imposiciones y a las amenazas.\u00a0 Por lo que pidi\u00f3 a los asistentes que es urgente dar una oportunidad a la paz\u201d<\/p>\n<p>Cerr\u00f3 el acto en la Biblioteca Antoni Comas un concierto del grupo que interpreta canciones latinoamericanas TUPARIK que significa \u201cgrupo de amigos\u201d en lengua quechua. Xavier Rodon es miembro fundador de este grupo\u00a0 que tiene unos ocho a\u00f1os de\u00a0 existencia.\u00a0 Interpretaron \u201cKuna Takiraki\u201d,\u00a0 \u201cSolo le pido a Dios\u201d , \u201cCanci\u00f3n con todos\u201d y\u00a0 como regalo a Carlos Uma\u00f1a, costarricense,\u00a0 cantaron\u00a0 al final una canci\u00f3n de H\u00e9ctor Z\u00fa\u00f1iga \u201cEl burro e\u2019chilo\u201d que el ponente\u00a0 cant\u00f3 con el grupo de principio a fin.<\/p>\n<p>&nbsp;<\/p>\n<p><img loading=\"lazy\" decoding=\"async\" class=\"alignnone size-full wp-image-1694336\" src=\"https:\/\/www.pressenza.com\/wp-content\/uploads\/2022\/11\/FOTO-14-UMANA-CANTANT-2.jpg\" alt=\"\" width=\"521\" height=\"404\" srcset=\"https:\/\/www.pressenza.com\/wp-content\/uploads\/2022\/11\/FOTO-14-UMANA-CANTANT-2.jpg 521w, https:\/\/www.pressenza.com\/wp-content\/uploads\/2022\/11\/FOTO-14-UMANA-CANTANT-2-300x233.jpg 300w\" sizes=\"auto, (max-width: 521px) 100vw, 521px\" \/><\/p>\n<p><em>Fotograf\u00eda de @tcarreras\u00a0<\/em><\/p>\n<p>El d\u00eda anterior, viernes 4 de noviembre, \u00a0en \u00a0Lafede.cat, en Barcelona, la sede de la Federaci\u00f3n de Organizaciones para la Just\u00edcia Global se celebr\u00f3 un acto titulado \u201cL\u2019amena\u00e7a de les armes nuclears en el context actual\u201d, organizado por la Plataforma Aturem la Guerra, FundiPau y el Centre Del\u00e0s d\u2019Estudis per la Pau con la sala de actos llena hasta la bandera.<\/p>\n<p>La presencia de Carlos Uma\u00f1a en Catalunya ha puesto sobre la mesa la vocaci\u00f3n pacifista de la ciudadan\u00eda catalana y de las instituciones pol\u00edticas del pa\u00eds ante la escalada nuclear derivada de las amenazas del presidente ruso, Vladimir Putin.\u00a0 La consellera d\u2019Acci\u00f3 Exterior i Uni\u00f3 Europea, Meritxell Serret i Aleu, recibi\u00f3 a Carlos Uma\u00f1a en su despacho del Palau de la Generalitat junto a David Minoves, presidente del CIEMEN y director del Fons Catal\u00e0 de Cooperaci\u00f3.<\/p>\n<p>&nbsp;<\/p>\n<p><img loading=\"lazy\" decoding=\"async\" class=\"alignnone size-full wp-image-1694090\" src=\"https:\/\/www.pressenza.com\/wp-content\/uploads\/2022\/11\/FOTO-15CONSELLERA-SERRET-1.jpg\" alt=\"\" width=\"501\" height=\"372\" srcset=\"https:\/\/www.pressenza.com\/wp-content\/uploads\/2022\/11\/FOTO-15CONSELLERA-SERRET-1.jpg 501w, https:\/\/www.pressenza.com\/wp-content\/uploads\/2022\/11\/FOTO-15CONSELLERA-SERRET-1-300x223.jpg 300w\" sizes=\"auto, (max-width: 501px) 100vw, 501px\" \/><\/p>\n<p><em>Fotograf\u00eda de @premsaexteriors<\/em><\/p>\n<p>Uma\u00f1a se entrevist\u00f3 tambi\u00e9n con David Llistar Bosch, Director de Servicios de Justicia Global y Cooperaci\u00f3n Internacional del Ayuntamiento de Barcelona, as\u00ed como con Kristian Herbolzhheimer Jeppson, director del Institut Catal\u00e0 Internacional per la Pau y mantuvo una reuni\u00f3n con la Junta Directiva del Centre Del\u00e0s. Durante estos d\u00edas atendi\u00f3 a quince medios de comunicaci\u00f3n la mayor\u00eda en directo.<\/p>\n<div class=\"notranslate\" style=\"all: initial;\"><\/div>\n","protected":false},"excerpt":{"rendered":"<p>Por Teresa Carreras.- La voz de Carlos Uma\u00f1a, m\u00e9dico de Costa Rica, Premio Nobel de la Paz, por su activismo contra las armas nucleares, alert\u00f3 desde Matar\u00f3 y Argentona (Maresme) as\u00ed como desde Barcelona, la capital de Catalunya, del peligro&hellip;<\/p>\n","protected":false},"author":1122,"featured_media":1694071,"comment_status":"closed","ping_status":"closed","sticky":false,"template":"","format":"standard","meta":{"footnotes":""},"categories":[1243],"tags":[56376,107575],"class_list":["post-1694070","post","type-post","status-publish","format-standard","has-post-thumbnail","hentry","category-paz-desarme","tag-tpan-es","tag-umana"],"yoast_head":"<!-- This site is optimized with the Yoast SEO plugin v27.1.1 - https:\/\/yoast.com\/product\/yoast-seo-wordpress\/ -->\n<title>Carlos Uma\u00f1a explica el TPAN en Catalunya<\/title>\n<meta name=\"description\" content=\"Por Teresa Carreras.- La voz de Carlos Uma\u00f1a, m\u00e9dico de Costa Rica, Premio Nobel de la Paz, por su activismo contra las armas nucleares, alert\u00f3 desde\" \/>\n<meta name=\"robots\" content=\"index, follow, max-snippet:-1, max-image-preview:large, max-video-preview:-1\" \/>\n<link rel=\"canonical\" href=\"https:\/\/www.pressenza.com\/es\/2022\/11\/carlos-umana-explica-el-tpan-en-catalunya\/\" \/>\n<meta property=\"og:locale\" content=\"es_ES\" \/>\n<meta property=\"og:type\" content=\"article\" \/>\n<meta property=\"og:title\" content=\"Carlos Uma\u00f1a explica el TPAN en Catalunya\" \/>\n<meta property=\"og:description\" content=\"Por Teresa Carreras.- La voz de Carlos Uma\u00f1a, m\u00e9dico de Costa Rica, Premio Nobel de la Paz, por su activismo contra las armas nucleares, alert\u00f3 desde\" \/>\n<meta property=\"og:url\" content=\"https:\/\/www.pressenza.com\/es\/2022\/11\/carlos-umana-explica-el-tpan-en-catalunya\/\" \/>\n<meta property=\"og:site_name\" content=\"Pressenza\" \/>\n<meta property=\"article:publisher\" content=\"https:\/\/www.facebook.com\/PressenzaItalia\" \/>\n<meta property=\"article:author\" content=\"https:\/\/www.facebook.com\/Pressenza-Espaa-647854795301395\/timeline\/\" \/>\n<meta property=\"article:published_time\" content=\"2022-11-15T19:35:02+00:00\" \/>\n<meta property=\"article:modified_time\" content=\"2022-11-16T19:08:23+00:00\" \/>\n<meta property=\"og:image\" content=\"https:\/\/www.pressenza.com\/wp-content\/uploads\/2022\/11\/FOTO-1.jpg\" \/>\n\t<meta property=\"og:image:width\" content=\"1000\" \/>\n\t<meta property=\"og:image:height\" content=\"1414\" \/>\n\t<meta property=\"og:image:type\" content=\"image\/jpeg\" \/>\n<meta name=\"author\" content=\"Redacci\u00f3n Barcelona\" \/>\n<meta name=\"twitter:card\" content=\"summary_large_image\" \/>\n<meta name=\"twitter:creator\" content=\"@pressenza\" \/>\n<meta name=\"twitter:site\" content=\"@PressenzaIPA\" \/>\n<meta name=\"twitter:label1\" content=\"Escrito por\" \/>\n\t<meta name=\"twitter:data1\" content=\"Redacci\u00f3n Barcelona\" \/>\n\t<meta name=\"twitter:label2\" content=\"Tiempo de lectura\" \/>\n\t<meta name=\"twitter:data2\" content=\"8 minutos\" \/>\n<script type=\"application\/ld+json\" class=\"yoast-schema-graph\">{\"@context\":\"https:\/\/schema.org\",\"@graph\":[{\"@type\":\"Article\",\"@id\":\"https:\/\/www.pressenza.com\/es\/2022\/11\/carlos-umana-explica-el-tpan-en-catalunya\/#article\",\"isPartOf\":{\"@id\":\"https:\/\/www.pressenza.com\/es\/2022\/11\/carlos-umana-explica-el-tpan-en-catalunya\/\"},\"author\":{\"name\":\"Redacci\u00f3n Barcelona\",\"@id\":\"https:\/\/www.pressenza.com\/es\/#\/schema\/person\/8abc53b92f3264e0dad4300d54ac73ff\"},\"headline\":\"Carlos Uma\u00f1a explica el TPAN en Catalunya\",\"datePublished\":\"2022-11-15T19:35:02+00:00\",\"dateModified\":\"2022-11-16T19:08:23+00:00\",\"mainEntityOfPage\":{\"@id\":\"https:\/\/www.pressenza.com\/es\/2022\/11\/carlos-umana-explica-el-tpan-en-catalunya\/\"},\"wordCount\":1457,\"publisher\":{\"@id\":\"https:\/\/www.pressenza.com\/es\/#organization\"},\"image\":{\"@id\":\"https:\/\/www.pressenza.com\/es\/2022\/11\/carlos-umana-explica-el-tpan-en-catalunya\/#primaryimage\"},\"thumbnailUrl\":\"https:\/\/www.pressenza.com\/wp-content\/uploads\/2022\/11\/FOTO-1.jpg\",\"keywords\":[\"TPAN\",\"Uma\u00f1a\"],\"articleSection\":[\"Paz y Desarme\"],\"inLanguage\":\"es\"},{\"@type\":\"WebPage\",\"@id\":\"https:\/\/www.pressenza.com\/es\/2022\/11\/carlos-umana-explica-el-tpan-en-catalunya\/\",\"url\":\"https:\/\/www.pressenza.com\/es\/2022\/11\/carlos-umana-explica-el-tpan-en-catalunya\/\",\"name\":\"Carlos Uma\u00f1a explica el TPAN en Catalunya\",\"isPartOf\":{\"@id\":\"https:\/\/www.pressenza.com\/es\/#website\"},\"primaryImageOfPage\":{\"@id\":\"https:\/\/www.pressenza.com\/es\/2022\/11\/carlos-umana-explica-el-tpan-en-catalunya\/#primaryimage\"},\"image\":{\"@id\":\"https:\/\/www.pressenza.com\/es\/2022\/11\/carlos-umana-explica-el-tpan-en-catalunya\/#primaryimage\"},\"thumbnailUrl\":\"https:\/\/www.pressenza.com\/wp-content\/uploads\/2022\/11\/FOTO-1.jpg\",\"datePublished\":\"2022-11-15T19:35:02+00:00\",\"dateModified\":\"2022-11-16T19:08:23+00:00\",\"description\":\"Por Teresa Carreras.- La voz de Carlos Uma\u00f1a, m\u00e9dico de Costa Rica, Premio Nobel de la Paz, por su activismo contra las armas nucleares, alert\u00f3 desde\",\"breadcrumb\":{\"@id\":\"https:\/\/www.pressenza.com\/es\/2022\/11\/carlos-umana-explica-el-tpan-en-catalunya\/#breadcrumb\"},\"inLanguage\":\"es\",\"potentialAction\":[{\"@type\":\"ReadAction\",\"target\":[\"https:\/\/www.pressenza.com\/es\/2022\/11\/carlos-umana-explica-el-tpan-en-catalunya\/\"]}]},{\"@type\":\"ImageObject\",\"inLanguage\":\"es\",\"@id\":\"https:\/\/www.pressenza.com\/es\/2022\/11\/carlos-umana-explica-el-tpan-en-catalunya\/#primaryimage\",\"url\":\"https:\/\/www.pressenza.com\/wp-content\/uploads\/2022\/11\/FOTO-1.jpg\",\"contentUrl\":\"https:\/\/www.pressenza.com\/wp-content\/uploads\/2022\/11\/FOTO-1.jpg\",\"width\":1000,\"height\":1414},{\"@type\":\"BreadcrumbList\",\"@id\":\"https:\/\/www.pressenza.com\/es\/2022\/11\/carlos-umana-explica-el-tpan-en-catalunya\/#breadcrumb\",\"itemListElement\":[{\"@type\":\"ListItem\",\"position\":1,\"name\":\"Accueil\",\"item\":\"https:\/\/www.pressenza.com\/es\/\"},{\"@type\":\"ListItem\",\"position\":2,\"name\":\"Carlos Uma\u00f1a explica el TPAN en Catalunya\"}]},{\"@type\":\"WebSite\",\"@id\":\"https:\/\/www.pressenza.com\/es\/#website\",\"url\":\"https:\/\/www.pressenza.com\/es\/\",\"name\":\"Pressenza\",\"description\":\"International Press Agency\",\"publisher\":{\"@id\":\"https:\/\/www.pressenza.com\/es\/#organization\"},\"potentialAction\":[{\"@type\":\"SearchAction\",\"target\":{\"@type\":\"EntryPoint\",\"urlTemplate\":\"https:\/\/www.pressenza.com\/es\/?s={search_term_string}\"},\"query-input\":{\"@type\":\"PropertyValueSpecification\",\"valueRequired\":true,\"valueName\":\"search_term_string\"}}],\"inLanguage\":\"es\"},{\"@type\":\"Organization\",\"@id\":\"https:\/\/www.pressenza.com\/es\/#organization\",\"name\":\"Pressenza\",\"url\":\"https:\/\/www.pressenza.com\/es\/\",\"logo\":{\"@type\":\"ImageObject\",\"inLanguage\":\"es\",\"@id\":\"https:\/\/www.pressenza.com\/es\/#\/schema\/logo\/image\/\",\"url\":\"https:\/\/www.pressenza.com\/wp-content\/uploads\/2022\/10\/pressenza_logo_200x200.jpg\",\"contentUrl\":\"https:\/\/www.pressenza.com\/wp-content\/uploads\/2022\/10\/pressenza_logo_200x200.jpg\",\"width\":200,\"height\":200,\"caption\":\"Pressenza\"},\"image\":{\"@id\":\"https:\/\/www.pressenza.com\/es\/#\/schema\/logo\/image\/\"},\"sameAs\":[\"https:\/\/www.facebook.com\/PressenzaItalia\",\"https:\/\/x.com\/PressenzaIPA\"]},{\"@type\":\"Person\",\"@id\":\"https:\/\/www.pressenza.com\/es\/#\/schema\/person\/8abc53b92f3264e0dad4300d54ac73ff\",\"name\":\"Redacci\u00f3n Barcelona\",\"description\":\"News published by the Pressenza bureau in Barcelona, Spain\",\"sameAs\":[\"https:\/\/www.facebook.com\/Pressenza-Espaa-647854795301395\/timeline\/\",\"https:\/\/x.com\/pressenza\"],\"url\":\"https:\/\/www.pressenza.com\/es\/author\/redaccion-barcelona\/\"}]}<\/script>\n<!-- \/ Yoast SEO plugin. -->","yoast_head_json":{"title":"Carlos Uma\u00f1a explica el TPAN en Catalunya","description":"Por Teresa Carreras.- La voz de Carlos Uma\u00f1a, m\u00e9dico de Costa Rica, Premio Nobel de la Paz, por su activismo contra las armas nucleares, alert\u00f3 desde","robots":{"index":"index","follow":"follow","max-snippet":"max-snippet:-1","max-image-preview":"max-image-preview:large","max-video-preview":"max-video-preview:-1"},"canonical":"https:\/\/www.pressenza.com\/es\/2022\/11\/carlos-umana-explica-el-tpan-en-catalunya\/","og_locale":"es_ES","og_type":"article","og_title":"Carlos Uma\u00f1a explica el TPAN en Catalunya","og_description":"Por Teresa Carreras.- La voz de Carlos Uma\u00f1a, m\u00e9dico de Costa Rica, Premio Nobel de la Paz, por su activismo contra las armas nucleares, alert\u00f3 desde","og_url":"https:\/\/www.pressenza.com\/es\/2022\/11\/carlos-umana-explica-el-tpan-en-catalunya\/","og_site_name":"Pressenza","article_publisher":"https:\/\/www.facebook.com\/PressenzaItalia","article_author":"https:\/\/www.facebook.com\/Pressenza-Espaa-647854795301395\/timeline\/","article_published_time":"2022-11-15T19:35:02+00:00","article_modified_time":"2022-11-16T19:08:23+00:00","og_image":[{"width":1000,"height":1414,"url":"https:\/\/www.pressenza.com\/wp-content\/uploads\/2022\/11\/FOTO-1.jpg","type":"image\/jpeg"}],"author":"Redacci\u00f3n Barcelona","twitter_card":"summary_large_image","twitter_creator":"@pressenza","twitter_site":"@PressenzaIPA","twitter_misc":{"Escrito por":"Redacci\u00f3n Barcelona","Tiempo de lectura":"8 minutos"},"schema":{"@context":"https:\/\/schema.org","@graph":[{"@type":"Article","@id":"https:\/\/www.pressenza.com\/es\/2022\/11\/carlos-umana-explica-el-tpan-en-catalunya\/#article","isPartOf":{"@id":"https:\/\/www.pressenza.com\/es\/2022\/11\/carlos-umana-explica-el-tpan-en-catalunya\/"},"author":{"name":"Redacci\u00f3n Barcelona","@id":"https:\/\/www.pressenza.com\/es\/#\/schema\/person\/8abc53b92f3264e0dad4300d54ac73ff"},"headline":"Carlos Uma\u00f1a explica el TPAN en Catalunya","datePublished":"2022-11-15T19:35:02+00:00","dateModified":"2022-11-16T19:08:23+00:00","mainEntityOfPage":{"@id":"https:\/\/www.pressenza.com\/es\/2022\/11\/carlos-umana-explica-el-tpan-en-catalunya\/"},"wordCount":1457,"publisher":{"@id":"https:\/\/www.pressenza.com\/es\/#organization"},"image":{"@id":"https:\/\/www.pressenza.com\/es\/2022\/11\/carlos-umana-explica-el-tpan-en-catalunya\/#primaryimage"},"thumbnailUrl":"https:\/\/www.pressenza.com\/wp-content\/uploads\/2022\/11\/FOTO-1.jpg","keywords":["TPAN","Uma\u00f1a"],"articleSection":["Paz y Desarme"],"inLanguage":"es"},{"@type":"WebPage","@id":"https:\/\/www.pressenza.com\/es\/2022\/11\/carlos-umana-explica-el-tpan-en-catalunya\/","url":"https:\/\/www.pressenza.com\/es\/2022\/11\/carlos-umana-explica-el-tpan-en-catalunya\/","name":"Carlos Uma\u00f1a explica el TPAN en Catalunya","isPartOf":{"@id":"https:\/\/www.pressenza.com\/es\/#website"},"primaryImageOfPage":{"@id":"https:\/\/www.pressenza.com\/es\/2022\/11\/carlos-umana-explica-el-tpan-en-catalunya\/#primaryimage"},"image":{"@id":"https:\/\/www.pressenza.com\/es\/2022\/11\/carlos-umana-explica-el-tpan-en-catalunya\/#primaryimage"},"thumbnailUrl":"https:\/\/www.pressenza.com\/wp-content\/uploads\/2022\/11\/FOTO-1.jpg","datePublished":"2022-11-15T19:35:02+00:00","dateModified":"2022-11-16T19:08:23+00:00","description":"Por Teresa Carreras.- La voz de Carlos Uma\u00f1a, m\u00e9dico de Costa Rica, Premio Nobel de la Paz, por su activismo contra las armas nucleares, alert\u00f3 desde","breadcrumb":{"@id":"https:\/\/www.pressenza.com\/es\/2022\/11\/carlos-umana-explica-el-tpan-en-catalunya\/#breadcrumb"},"inLanguage":"es","potentialAction":[{"@type":"ReadAction","target":["https:\/\/www.pressenza.com\/es\/2022\/11\/carlos-umana-explica-el-tpan-en-catalunya\/"]}]},{"@type":"ImageObject","inLanguage":"es","@id":"https:\/\/www.pressenza.com\/es\/2022\/11\/carlos-umana-explica-el-tpan-en-catalunya\/#primaryimage","url":"https:\/\/www.pressenza.com\/wp-content\/uploads\/2022\/11\/FOTO-1.jpg","contentUrl":"https:\/\/www.pressenza.com\/wp-content\/uploads\/2022\/11\/FOTO-1.jpg","width":1000,"height":1414},{"@type":"BreadcrumbList","@id":"https:\/\/www.pressenza.com\/es\/2022\/11\/carlos-umana-explica-el-tpan-en-catalunya\/#breadcrumb","itemListElement":[{"@type":"ListItem","position":1,"name":"Accueil","item":"https:\/\/www.pressenza.com\/es\/"},{"@type":"ListItem","position":2,"name":"Carlos Uma\u00f1a explica el TPAN en Catalunya"}]},{"@type":"WebSite","@id":"https:\/\/www.pressenza.com\/es\/#website","url":"https:\/\/www.pressenza.com\/es\/","name":"Pressenza","description":"International Press Agency","publisher":{"@id":"https:\/\/www.pressenza.com\/es\/#organization"},"potentialAction":[{"@type":"SearchAction","target":{"@type":"EntryPoint","urlTemplate":"https:\/\/www.pressenza.com\/es\/?s={search_term_string}"},"query-input":{"@type":"PropertyValueSpecification","valueRequired":true,"valueName":"search_term_string"}}],"inLanguage":"es"},{"@type":"Organization","@id":"https:\/\/www.pressenza.com\/es\/#organization","name":"Pressenza","url":"https:\/\/www.pressenza.com\/es\/","logo":{"@type":"ImageObject","inLanguage":"es","@id":"https:\/\/www.pressenza.com\/es\/#\/schema\/logo\/image\/","url":"https:\/\/www.pressenza.com\/wp-content\/uploads\/2022\/10\/pressenza_logo_200x200.jpg","contentUrl":"https:\/\/www.pressenza.com\/wp-content\/uploads\/2022\/10\/pressenza_logo_200x200.jpg","width":200,"height":200,"caption":"Pressenza"},"image":{"@id":"https:\/\/www.pressenza.com\/es\/#\/schema\/logo\/image\/"},"sameAs":["https:\/\/www.facebook.com\/PressenzaItalia","https:\/\/x.com\/PressenzaIPA"]},{"@type":"Person","@id":"https:\/\/www.pressenza.com\/es\/#\/schema\/person\/8abc53b92f3264e0dad4300d54ac73ff","name":"Redacci\u00f3n Barcelona","description":"News published by the Pressenza bureau in Barcelona, Spain","sameAs":["https:\/\/www.facebook.com\/Pressenza-Espaa-647854795301395\/timeline\/","https:\/\/x.com\/pressenza"],"url":"https:\/\/www.pressenza.com\/es\/author\/redaccion-barcelona\/"}]}},"place":"","original_article_url":"","_links":{"self":[{"href":"https:\/\/www.pressenza.com\/es\/wp-json\/wp\/v2\/posts\/1694070","targetHints":{"allow":["GET"]}}],"collection":[{"href":"https:\/\/www.pressenza.com\/es\/wp-json\/wp\/v2\/posts"}],"about":[{"href":"https:\/\/www.pressenza.com\/es\/wp-json\/wp\/v2\/types\/post"}],"author":[{"embeddable":true,"href":"https:\/\/www.pressenza.com\/es\/wp-json\/wp\/v2\/users\/1122"}],"replies":[{"embeddable":true,"href":"https:\/\/www.pressenza.com\/es\/wp-json\/wp\/v2\/comments?post=1694070"}],"version-history":[{"count":0,"href":"https:\/\/www.pressenza.com\/es\/wp-json\/wp\/v2\/posts\/1694070\/revisions"}],"wp:featuredmedia":[{"embeddable":true,"href":"https:\/\/www.pressenza.com\/es\/wp-json\/wp\/v2\/media\/1694071"}],"wp:attachment":[{"href":"https:\/\/www.pressenza.com\/es\/wp-json\/wp\/v2\/media?parent=1694070"}],"wp:term":[{"taxonomy":"category","embeddable":true,"href":"https:\/\/www.pressenza.com\/es\/wp-json\/wp\/v2\/categories?post=1694070"},{"taxonomy":"post_tag","embeddable":true,"href":"https:\/\/www.pressenza.com\/es\/wp-json\/wp\/v2\/tags?post=1694070"}],"curies":[{"name":"wp","href":"https:\/\/api.w.org\/{rel}","templated":true}]}}