{"id":1692463,"date":"2022-11-08T20:49:31","date_gmt":"2022-11-08T20:49:31","guid":{"rendered":"https:\/\/www.pressenza.com\/?p=1692463"},"modified":"2022-11-08T20:49:31","modified_gmt":"2022-11-08T20:49:31","slug":"cop27-mas-de-lo-mismo-2","status":"publish","type":"post","link":"https:\/\/www.pressenza.com\/es\/2022\/11\/cop27-mas-de-lo-mismo-2\/","title":{"rendered":"COP27, m\u00e1s de lo mismo"},"content":{"rendered":"<p><em>Una conferencia m\u00e1s sobre cambio clim\u00e1tico que, por desgracia, tampoco conseguir\u00e1 frenarlo.<\/em><\/p>\n<p>Por: I\u00f1aki Chaves<\/p>\n<p data-adtags-visited=\"true\">No es ser pesimista, pero con la que se va a celebrar del 6 al 18 de noviembre en Sharm El Sheikh (Egipto) van ya 27 Conferencias de las Naciones Unidas sobre el Cambio Clim\u00e1tico y seguimos sin verdaderos avances en la lucha contra esta crisis y todo lo que conlleva.<\/p>\n<p data-adtags-visited=\"true\">Tal vez alguien, dentro de muchos a\u00f1os, se rasgue las vestiduras ante un planeta muerto y lamente no haber hecho nada o no haberlo hecho mucho antes. Como en el final de aquella pel\u00edcula (\u00bfpremonitoria?) \u201cEl planeta de los simios\u201d, alguien, quiz\u00e1 un ser de otro planeta porque este ser\u00e1 dif\u00edcil que tenga supervivientes, se encontrar\u00e1 con los restos de lo que fue una civilizaci\u00f3n diversa y ego\u00edsta, inteligente y engre\u00edda, m\u00e1s preocupada por la rentabilidad econ\u00f3mica que por la social y mucho m\u00e1s por el aqu\u00ed y ahora que por el ma\u00f1ana que ser\u00e1 hoy.<\/p>\n<p data-adtags-visited=\"true\">Han pasado treinta a\u00f1os desde la Cumbre de R\u00edo en 1992 y veinticinco desde el\u00a0<strong><a href=\"https:\/\/unfccc.int\/resource\/docs\/convkp\/kpspan.pdf\" target=\"_blank\" rel=\"noreferrer noopener\">Protocolo de Kioto<\/a><\/strong>\u00a0de 1997 y las constataciones de los riesgos del cambio clim\u00e1tico han aumentado a la par que las inacciones para mitigarlos. A\u00f1o tras a\u00f1o se siguen llenando documentos y compromisos de palabras vanas que se quedan en el papel y que no se ratifican y, por lo tanto, no se aplican o no todo lo urgente y seriamente que ser\u00eda necesario.<\/p>\n<div id=\"attachment_1692468\" class=\"wp-caption alignnone\"><img loading=\"lazy\" decoding=\"async\" aria-describedby=\"caption-attachment-1692468\" class=\"wp-image-1692468 size-full\" src=\"https:\/\/www.pressenza.com\/wp-content\/uploads\/2022\/11\/Cop27Paterasalsu.jpeg\" alt=\"\" width=\"680\" height=\"468\" srcset=\"https:\/\/www.pressenza.com\/wp-content\/uploads\/2022\/11\/Cop27Paterasalsu.jpeg 680w, https:\/\/www.pressenza.com\/wp-content\/uploads\/2022\/11\/Cop27Paterasalsu-300x206.jpeg 300w\" sizes=\"auto, (max-width: 680px) 100vw, 680px\" \/><p id=\"caption-attachment-1692468\" class=\"wp-caption-text\">Manifestaci\u00f3n por el clima en Bogot\u00e1 el 20\/09\/2019 (foto: I\u00f1aki Chaves)<\/p><\/div>\n<p data-adtags-visited=\"true\">Hemos cuestionado hasta la saciedad si queremos \u201c<strong><a href=\"https:\/\/paterasalsur.wordpress.com\/2019\/05\/19\/planeta-o-plastico\/\" target=\"_blank\" rel=\"noreferrer noopener\">planeta o pl\u00e1stico<\/a><\/strong>\u201d en un mundo en el que \u201cse calcula que anualmente son casi nueve millones de toneladas de desechos pl\u00e1sticos los que llegan a los oc\u00e9anos\u201d; hemos tenido una\u00a0<strong><a href=\"https:\/\/paterasalsur.wordpress.com\/2019\/05\/25\/africa-y-la-mujer-arbol\/\" target=\"_blank\" rel=\"noreferrer noopener\">mujer \u00e1rbol<\/a><\/strong>\u00a0premio Nobel de la Paz que nos ense\u00f1\u00f3 a trabajar \u201cpor juntar las diferencias de su tierra a partir de la plantaci\u00f3n de vida en forma de \u00e1rboles con su\u00a0<em>Green belt movement<\/em>\u201d; tenemos una\u00a0<strong><a href=\"https:\/\/paterasalsur.wordpress.com\/2019\/08\/20\/greta-thunberg\/\" target=\"_blank\" rel=\"noreferrer noopener\">Greta Thunberg<\/a><\/strong>\u00a0que despert\u00f3 conciencias con su desobediencia civil y su iniciativa\u00a0<em>Friday\u00b4s for future<\/em>; contamos con una\u00a0<strong><a href=\"https:\/\/paterasalsur.wordpress.com\/2019\/09\/03\/la-amazonia-no-cuenta-tanto\/\" target=\"_blank\" rel=\"noreferrer noopener\">Amazonia<\/a><\/strong>\u00a0que sigue perdiendo no solamente superficie sino el partido de las finanzas al recibir casi treinta y cinco veces menos inversi\u00f3n que la reconstrucci\u00f3n de la catedral de Notre Dame tras su incendio, y nos hemos movilizado infinidad de veces con\u00a0<strong><a href=\"https:\/\/paterasalsur.wordpress.com\/2019\/09\/23\/de-friday-a-viernes\/\" target=\"_blank\" rel=\"noreferrer noopener\">acciones por el clima<\/a><\/strong>\u00a0denunciando que \u201cno hay planeta B\u201d y que lo que necesitamos es \u201ccambiar el sistema, no el clima\u201d. Pero, tres a\u00f1os y una pandemia despu\u00e9s de todo eso seguimos sin aprender y sin actuar como corresponde por parte de quienes tienen los poderes para hacerlo.<\/p>\n<p data-adtags-visited=\"true\">El tiempo se acaba. El futuro es incierto y cambiante en casi todos los aspectos de la vida, pero es seguro y agravado en lo que a cambio clim\u00e1tico se refiere. Y ya, ser\u00e1 el\u00a0<em>game over<\/em>\u00a0del planeta. Terminar\u00e1 la COP 2022 y seguiremos prometiendo lo que ni gobiernos, incapaces por la p\u00e9rdida de soberan\u00eda y de su papel en el contrato social y, sobre todo, ni grandes corporaciones econ\u00f3micas e industriales van a afrontar y cumplir.<\/p>\n<p>El a\u00f1o pasado en la COP de Glasgow se propon\u00eda \u201cJuntos por el planeta\u201d, este a\u00f1o el eslogan es \u201cTrabajar en beneficio de las personas y el planeta\u201d, pero la propia p\u00e1gina de\u00a0<a href=\"https:\/\/www.un.org\/es\/climatechange\/cop27\" target=\"_blank\" rel=\"noreferrer noopener\"><strong>Naciones Unidas<\/strong>\u00a0<\/a>sobre la conferencia afirma que la 27\u00aa cumbre \u201cbusca renovar la solidaridad entre los pa\u00edses para cumplir el hist\u00f3rico Acuerdo de Par\u00eds\u201d. No se necesita \u201crenovar\u201d la solidaridad entre pa\u00edses, la mayor\u00eda insolidarios y m\u00e1s preocupados por sus propios intereses que por el planeta y la humanidad a la que dicen defender, lo que hace falta es acci\u00f3n. El\u00a0<strong><a href=\"https:\/\/www.un.org\/es\/climatechange\/paris-agreement\" target=\"_blank\" rel=\"noreferrer noopener\">Acuerdo de Par\u00eds\u00a0<\/a><\/strong>cumple ya siete a\u00f1os y la vida del planeta Tierra sigue igual o peor, caminando directa y sin freno al precipicio.<\/p>\n<div id=\"attachment_1692469\" class=\"wp-caption alignnone\"><img loading=\"lazy\" decoding=\"async\" aria-describedby=\"caption-attachment-1692469\" class=\"wp-image-1692469 size-full\" src=\"https:\/\/www.pressenza.com\/wp-content\/uploads\/2022\/11\/cop27-doscuerpojpg.jpg\" alt=\"\" width=\"680\" height=\"506\" srcset=\"https:\/\/www.pressenza.com\/wp-content\/uploads\/2022\/11\/cop27-doscuerpojpg.jpg 680w, https:\/\/www.pressenza.com\/wp-content\/uploads\/2022\/11\/cop27-doscuerpojpg-300x223.jpg 300w\" sizes=\"auto, (max-width: 680px) 100vw, 680px\" \/><p id=\"caption-attachment-1692469\" class=\"wp-caption-text\">Pintada esperanzadora (Univ. Surcolombiana, octubre 2018, foto: I\u00f1aki Chaves).<\/p><\/div>\n<p>Ojal\u00e1 me equivoque y mi nieta y las generaciones venideras consigan vivir dignamente en un planeta menos enfermo, con una poblaci\u00f3n m\u00e1s solidaria y con gobiernos menos enceguecidos y m\u00e1s comprometidos.<\/p>\n","protected":false},"excerpt":{"rendered":"<p>Una conferencia m\u00e1s sobre cambio clim\u00e1tico que, por desgracia, tampoco conseguir\u00e1 frenarlo. Por: I\u00f1aki Chaves No es ser pesimista, pero con la que se va a celebrar del 6 al 18 de noviembre en Sharm El Sheikh (Egipto) van ya&hellip;<\/p>\n","protected":false},"author":1053,"featured_media":1692467,"comment_status":"closed","ping_status":"closed","sticky":false,"template":"","format":"standard","meta":{"footnotes":""},"categories":[78,161],"tags":[107361,106591],"class_list":["post-1692463","post","type-post","status-publish","format-standard","has-post-thumbnail","hentry","category-medio-ambiente-ecologia","category-opiniones","tag-salvaelplaneta","tag-cop27-es"],"yoast_head":"<!-- This site is optimized with the Yoast SEO plugin v27.1.1 - https:\/\/yoast.com\/product\/yoast-seo-wordpress\/ -->\n<title>COP27, m\u00e1s de lo mismo<\/title>\n<meta name=\"description\" content=\"Una conferencia m\u00e1s sobre cambio clim\u00e1tico que, por desgracia, tampoco conseguir\u00e1 frenarlo.\" \/>\n<meta name=\"robots\" content=\"index, follow, max-snippet:-1, max-image-preview:large, max-video-preview:-1\" \/>\n<link rel=\"canonical\" href=\"https:\/\/www.pressenza.com\/es\/2022\/11\/cop27-mas-de-lo-mismo-2\/\" \/>\n<meta property=\"og:locale\" content=\"es_ES\" \/>\n<meta property=\"og:type\" content=\"article\" \/>\n<meta property=\"og:title\" content=\"COP27, m\u00e1s de lo mismo\" \/>\n<meta property=\"og:description\" content=\"Una conferencia m\u00e1s sobre cambio clim\u00e1tico que, por desgracia, tampoco conseguir\u00e1 frenarlo.\" \/>\n<meta property=\"og:url\" content=\"https:\/\/www.pressenza.com\/es\/2022\/11\/cop27-mas-de-lo-mismo-2\/\" \/>\n<meta property=\"og:site_name\" content=\"Pressenza\" \/>\n<meta property=\"article:publisher\" content=\"https:\/\/www.facebook.com\/PressenzaItalia\" \/>\n<meta property=\"article:published_time\" content=\"2022-11-08T20:49:31+00:00\" \/>\n<meta property=\"og:image\" content=\"https:\/\/www.pressenza.com\/wp-content\/uploads\/2022\/11\/COP27-LOGO.jpg\" \/>\n\t<meta property=\"og:image:width\" content=\"1200\" \/>\n\t<meta property=\"og:image:height\" content=\"668\" \/>\n\t<meta property=\"og:image:type\" content=\"image\/jpeg\" \/>\n<meta name=\"author\" content=\"Redacci\u00f3n Colombia\" \/>\n<meta name=\"twitter:card\" content=\"summary_large_image\" \/>\n<meta name=\"twitter:creator\" content=\"@PressenzaIPA\" \/>\n<meta name=\"twitter:site\" content=\"@PressenzaIPA\" \/>\n<meta name=\"twitter:label1\" content=\"Escrito por\" \/>\n\t<meta name=\"twitter:data1\" content=\"Redacci\u00f3n Colombia\" \/>\n\t<meta name=\"twitter:label2\" content=\"Tiempo de lectura\" \/>\n\t<meta name=\"twitter:data2\" content=\"4 minutos\" \/>\n<script type=\"application\/ld+json\" class=\"yoast-schema-graph\">{\"@context\":\"https:\/\/schema.org\",\"@graph\":[{\"@type\":\"Article\",\"@id\":\"https:\/\/www.pressenza.com\/es\/2022\/11\/cop27-mas-de-lo-mismo-2\/#article\",\"isPartOf\":{\"@id\":\"https:\/\/www.pressenza.com\/es\/2022\/11\/cop27-mas-de-lo-mismo-2\/\"},\"author\":{\"name\":\"Redacci\u00f3n Colombia\",\"@id\":\"https:\/\/www.pressenza.com\/es\/#\/schema\/person\/7c8ee170a4502d638436c91e385315f2\"},\"headline\":\"COP27, m\u00e1s de lo mismo\",\"datePublished\":\"2022-11-08T20:49:31+00:00\",\"mainEntityOfPage\":{\"@id\":\"https:\/\/www.pressenza.com\/es\/2022\/11\/cop27-mas-de-lo-mismo-2\/\"},\"wordCount\":735,\"publisher\":{\"@id\":\"https:\/\/www.pressenza.com\/es\/#organization\"},\"image\":{\"@id\":\"https:\/\/www.pressenza.com\/es\/2022\/11\/cop27-mas-de-lo-mismo-2\/#primaryimage\"},\"thumbnailUrl\":\"https:\/\/www.pressenza.com\/wp-content\/uploads\/2022\/11\/COP27-LOGO.jpg\",\"keywords\":[\"#SalvaelPlaneta\",\"COP27\"],\"articleSection\":[\"Ecolog\u00eda y Medio Ambiente\",\"Opiniones\"],\"inLanguage\":\"es\"},{\"@type\":\"WebPage\",\"@id\":\"https:\/\/www.pressenza.com\/es\/2022\/11\/cop27-mas-de-lo-mismo-2\/\",\"url\":\"https:\/\/www.pressenza.com\/es\/2022\/11\/cop27-mas-de-lo-mismo-2\/\",\"name\":\"COP27, m\u00e1s de lo mismo\",\"isPartOf\":{\"@id\":\"https:\/\/www.pressenza.com\/es\/#website\"},\"primaryImageOfPage\":{\"@id\":\"https:\/\/www.pressenza.com\/es\/2022\/11\/cop27-mas-de-lo-mismo-2\/#primaryimage\"},\"image\":{\"@id\":\"https:\/\/www.pressenza.com\/es\/2022\/11\/cop27-mas-de-lo-mismo-2\/#primaryimage\"},\"thumbnailUrl\":\"https:\/\/www.pressenza.com\/wp-content\/uploads\/2022\/11\/COP27-LOGO.jpg\",\"datePublished\":\"2022-11-08T20:49:31+00:00\",\"description\":\"Una conferencia m\u00e1s sobre cambio clim\u00e1tico que, por desgracia, tampoco conseguir\u00e1 frenarlo.\",\"breadcrumb\":{\"@id\":\"https:\/\/www.pressenza.com\/es\/2022\/11\/cop27-mas-de-lo-mismo-2\/#breadcrumb\"},\"inLanguage\":\"es\",\"potentialAction\":[{\"@type\":\"ReadAction\",\"target\":[\"https:\/\/www.pressenza.com\/es\/2022\/11\/cop27-mas-de-lo-mismo-2\/\"]}]},{\"@type\":\"ImageObject\",\"inLanguage\":\"es\",\"@id\":\"https:\/\/www.pressenza.com\/es\/2022\/11\/cop27-mas-de-lo-mismo-2\/#primaryimage\",\"url\":\"https:\/\/www.pressenza.com\/wp-content\/uploads\/2022\/11\/COP27-LOGO.jpg\",\"contentUrl\":\"https:\/\/www.pressenza.com\/wp-content\/uploads\/2022\/11\/COP27-LOGO.jpg\",\"width\":1200,\"height\":668},{\"@type\":\"BreadcrumbList\",\"@id\":\"https:\/\/www.pressenza.com\/es\/2022\/11\/cop27-mas-de-lo-mismo-2\/#breadcrumb\",\"itemListElement\":[{\"@type\":\"ListItem\",\"position\":1,\"name\":\"Accueil\",\"item\":\"https:\/\/www.pressenza.com\/es\/\"},{\"@type\":\"ListItem\",\"position\":2,\"name\":\"COP27, m\u00e1s de lo mismo\"}]},{\"@type\":\"WebSite\",\"@id\":\"https:\/\/www.pressenza.com\/es\/#website\",\"url\":\"https:\/\/www.pressenza.com\/es\/\",\"name\":\"Pressenza\",\"description\":\"International Press Agency\",\"publisher\":{\"@id\":\"https:\/\/www.pressenza.com\/es\/#organization\"},\"potentialAction\":[{\"@type\":\"SearchAction\",\"target\":{\"@type\":\"EntryPoint\",\"urlTemplate\":\"https:\/\/www.pressenza.com\/es\/?s={search_term_string}\"},\"query-input\":{\"@type\":\"PropertyValueSpecification\",\"valueRequired\":true,\"valueName\":\"search_term_string\"}}],\"inLanguage\":\"es\"},{\"@type\":\"Organization\",\"@id\":\"https:\/\/www.pressenza.com\/es\/#organization\",\"name\":\"Pressenza\",\"url\":\"https:\/\/www.pressenza.com\/es\/\",\"logo\":{\"@type\":\"ImageObject\",\"inLanguage\":\"es\",\"@id\":\"https:\/\/www.pressenza.com\/es\/#\/schema\/logo\/image\/\",\"url\":\"https:\/\/www.pressenza.com\/wp-content\/uploads\/2022\/10\/pressenza_logo_200x200.jpg\",\"contentUrl\":\"https:\/\/www.pressenza.com\/wp-content\/uploads\/2022\/10\/pressenza_logo_200x200.jpg\",\"width\":200,\"height\":200,\"caption\":\"Pressenza\"},\"image\":{\"@id\":\"https:\/\/www.pressenza.com\/es\/#\/schema\/logo\/image\/\"},\"sameAs\":[\"https:\/\/www.facebook.com\/PressenzaItalia\",\"https:\/\/x.com\/PressenzaIPA\"]},{\"@type\":\"Person\",\"@id\":\"https:\/\/www.pressenza.com\/es\/#\/schema\/person\/7c8ee170a4502d638436c91e385315f2\",\"name\":\"Redacci\u00f3n Colombia\",\"description\":\"News published by the Pressenza bureau in Colombia\",\"url\":\"https:\/\/www.pressenza.com\/es\/author\/redaccion-colombia\/\"}]}<\/script>\n<!-- \/ Yoast SEO plugin. -->","yoast_head_json":{"title":"COP27, m\u00e1s de lo mismo","description":"Una conferencia m\u00e1s sobre cambio clim\u00e1tico que, por desgracia, tampoco conseguir\u00e1 frenarlo.","robots":{"index":"index","follow":"follow","max-snippet":"max-snippet:-1","max-image-preview":"max-image-preview:large","max-video-preview":"max-video-preview:-1"},"canonical":"https:\/\/www.pressenza.com\/es\/2022\/11\/cop27-mas-de-lo-mismo-2\/","og_locale":"es_ES","og_type":"article","og_title":"COP27, m\u00e1s de lo mismo","og_description":"Una conferencia m\u00e1s sobre cambio clim\u00e1tico que, por desgracia, tampoco conseguir\u00e1 frenarlo.","og_url":"https:\/\/www.pressenza.com\/es\/2022\/11\/cop27-mas-de-lo-mismo-2\/","og_site_name":"Pressenza","article_publisher":"https:\/\/www.facebook.com\/PressenzaItalia","article_published_time":"2022-11-08T20:49:31+00:00","og_image":[{"width":1200,"height":668,"url":"https:\/\/www.pressenza.com\/wp-content\/uploads\/2022\/11\/COP27-LOGO.jpg","type":"image\/jpeg"}],"author":"Redacci\u00f3n Colombia","twitter_card":"summary_large_image","twitter_creator":"@PressenzaIPA","twitter_site":"@PressenzaIPA","twitter_misc":{"Escrito por":"Redacci\u00f3n Colombia","Tiempo de lectura":"4 minutos"},"schema":{"@context":"https:\/\/schema.org","@graph":[{"@type":"Article","@id":"https:\/\/www.pressenza.com\/es\/2022\/11\/cop27-mas-de-lo-mismo-2\/#article","isPartOf":{"@id":"https:\/\/www.pressenza.com\/es\/2022\/11\/cop27-mas-de-lo-mismo-2\/"},"author":{"name":"Redacci\u00f3n Colombia","@id":"https:\/\/www.pressenza.com\/es\/#\/schema\/person\/7c8ee170a4502d638436c91e385315f2"},"headline":"COP27, m\u00e1s de lo mismo","datePublished":"2022-11-08T20:49:31+00:00","mainEntityOfPage":{"@id":"https:\/\/www.pressenza.com\/es\/2022\/11\/cop27-mas-de-lo-mismo-2\/"},"wordCount":735,"publisher":{"@id":"https:\/\/www.pressenza.com\/es\/#organization"},"image":{"@id":"https:\/\/www.pressenza.com\/es\/2022\/11\/cop27-mas-de-lo-mismo-2\/#primaryimage"},"thumbnailUrl":"https:\/\/www.pressenza.com\/wp-content\/uploads\/2022\/11\/COP27-LOGO.jpg","keywords":["#SalvaelPlaneta","COP27"],"articleSection":["Ecolog\u00eda y Medio Ambiente","Opiniones"],"inLanguage":"es"},{"@type":"WebPage","@id":"https:\/\/www.pressenza.com\/es\/2022\/11\/cop27-mas-de-lo-mismo-2\/","url":"https:\/\/www.pressenza.com\/es\/2022\/11\/cop27-mas-de-lo-mismo-2\/","name":"COP27, m\u00e1s de lo mismo","isPartOf":{"@id":"https:\/\/www.pressenza.com\/es\/#website"},"primaryImageOfPage":{"@id":"https:\/\/www.pressenza.com\/es\/2022\/11\/cop27-mas-de-lo-mismo-2\/#primaryimage"},"image":{"@id":"https:\/\/www.pressenza.com\/es\/2022\/11\/cop27-mas-de-lo-mismo-2\/#primaryimage"},"thumbnailUrl":"https:\/\/www.pressenza.com\/wp-content\/uploads\/2022\/11\/COP27-LOGO.jpg","datePublished":"2022-11-08T20:49:31+00:00","description":"Una conferencia m\u00e1s sobre cambio clim\u00e1tico que, por desgracia, tampoco conseguir\u00e1 frenarlo.","breadcrumb":{"@id":"https:\/\/www.pressenza.com\/es\/2022\/11\/cop27-mas-de-lo-mismo-2\/#breadcrumb"},"inLanguage":"es","potentialAction":[{"@type":"ReadAction","target":["https:\/\/www.pressenza.com\/es\/2022\/11\/cop27-mas-de-lo-mismo-2\/"]}]},{"@type":"ImageObject","inLanguage":"es","@id":"https:\/\/www.pressenza.com\/es\/2022\/11\/cop27-mas-de-lo-mismo-2\/#primaryimage","url":"https:\/\/www.pressenza.com\/wp-content\/uploads\/2022\/11\/COP27-LOGO.jpg","contentUrl":"https:\/\/www.pressenza.com\/wp-content\/uploads\/2022\/11\/COP27-LOGO.jpg","width":1200,"height":668},{"@type":"BreadcrumbList","@id":"https:\/\/www.pressenza.com\/es\/2022\/11\/cop27-mas-de-lo-mismo-2\/#breadcrumb","itemListElement":[{"@type":"ListItem","position":1,"name":"Accueil","item":"https:\/\/www.pressenza.com\/es\/"},{"@type":"ListItem","position":2,"name":"COP27, m\u00e1s de lo mismo"}]},{"@type":"WebSite","@id":"https:\/\/www.pressenza.com\/es\/#website","url":"https:\/\/www.pressenza.com\/es\/","name":"Pressenza","description":"International Press Agency","publisher":{"@id":"https:\/\/www.pressenza.com\/es\/#organization"},"potentialAction":[{"@type":"SearchAction","target":{"@type":"EntryPoint","urlTemplate":"https:\/\/www.pressenza.com\/es\/?s={search_term_string}"},"query-input":{"@type":"PropertyValueSpecification","valueRequired":true,"valueName":"search_term_string"}}],"inLanguage":"es"},{"@type":"Organization","@id":"https:\/\/www.pressenza.com\/es\/#organization","name":"Pressenza","url":"https:\/\/www.pressenza.com\/es\/","logo":{"@type":"ImageObject","inLanguage":"es","@id":"https:\/\/www.pressenza.com\/es\/#\/schema\/logo\/image\/","url":"https:\/\/www.pressenza.com\/wp-content\/uploads\/2022\/10\/pressenza_logo_200x200.jpg","contentUrl":"https:\/\/www.pressenza.com\/wp-content\/uploads\/2022\/10\/pressenza_logo_200x200.jpg","width":200,"height":200,"caption":"Pressenza"},"image":{"@id":"https:\/\/www.pressenza.com\/es\/#\/schema\/logo\/image\/"},"sameAs":["https:\/\/www.facebook.com\/PressenzaItalia","https:\/\/x.com\/PressenzaIPA"]},{"@type":"Person","@id":"https:\/\/www.pressenza.com\/es\/#\/schema\/person\/7c8ee170a4502d638436c91e385315f2","name":"Redacci\u00f3n Colombia","description":"News published by the Pressenza bureau in Colombia","url":"https:\/\/www.pressenza.com\/es\/author\/redaccion-colombia\/"}]}},"place":"Bogot\u00e1, Colombia","original_article_url":"https:\/\/paterasalsur.wordpress.com\/2022\/11\/05\/cop-27-mas-de-lo-mismo\/","_links":{"self":[{"href":"https:\/\/www.pressenza.com\/es\/wp-json\/wp\/v2\/posts\/1692463","targetHints":{"allow":["GET"]}}],"collection":[{"href":"https:\/\/www.pressenza.com\/es\/wp-json\/wp\/v2\/posts"}],"about":[{"href":"https:\/\/www.pressenza.com\/es\/wp-json\/wp\/v2\/types\/post"}],"author":[{"embeddable":true,"href":"https:\/\/www.pressenza.com\/es\/wp-json\/wp\/v2\/users\/1053"}],"replies":[{"embeddable":true,"href":"https:\/\/www.pressenza.com\/es\/wp-json\/wp\/v2\/comments?post=1692463"}],"version-history":[{"count":0,"href":"https:\/\/www.pressenza.com\/es\/wp-json\/wp\/v2\/posts\/1692463\/revisions"}],"wp:featuredmedia":[{"embeddable":true,"href":"https:\/\/www.pressenza.com\/es\/wp-json\/wp\/v2\/media\/1692467"}],"wp:attachment":[{"href":"https:\/\/www.pressenza.com\/es\/wp-json\/wp\/v2\/media?parent=1692463"}],"wp:term":[{"taxonomy":"category","embeddable":true,"href":"https:\/\/www.pressenza.com\/es\/wp-json\/wp\/v2\/categories?post=1692463"},{"taxonomy":"post_tag","embeddable":true,"href":"https:\/\/www.pressenza.com\/es\/wp-json\/wp\/v2\/tags?post=1692463"}],"curies":[{"name":"wp","href":"https:\/\/api.w.org\/{rel}","templated":true}]}}