{"id":1691697,"date":"2022-11-06T03:13:04","date_gmt":"2022-11-06T03:13:04","guid":{"rendered":"https:\/\/www.pressenza.com\/?p=1691697"},"modified":"2022-11-05T23:14:32","modified_gmt":"2022-11-05T23:14:32","slug":"presencias","status":"publish","type":"post","link":"https:\/\/www.pressenza.com\/es\/2022\/11\/presencias\/","title":{"rendered":"Presencias"},"content":{"rendered":"<p>CUENTO<\/p>\n<p>&nbsp;<\/p>\n<p>&nbsp;<\/p>\n<p style=\"padding-left: 40px;\">Este y los dem\u00e1s cuentos de la serie son el soporte de nuevos significados y comprensiones, surgidos todos a ra\u00edz de un trabajo de campo intenso con pedidos y entidades de luz. Fueron seis meses de varias horas al d\u00eda aplicadas con fuerza, resoluci\u00f3n y entusiasmo.<\/p>\n<p style=\"padding-left: 40px;\">Se condensaron gran cantidad de experiencias que se ordenaron de cierto modo, produciendo una expansi\u00f3n y aclarando el camino. Sumado a esto se profundiz\u00f3 el compromiso ineludible, del prop\u00f3sito: el de encontrar una v\u00eda para transmitir todo lo m\u00e1s fielmente posible.<\/p>\n<p style=\"padding-left: 40px;\">Horacio Mes\u00f3n<\/p>\n<p>&nbsp;<\/p>\n<p><strong>Serie El multiverso VIII<br \/>\n<\/strong><\/p>\n<p style=\"padding-left: 40px;\"><em>A la memoria del Maestro N\u00e9stor Giorlandino, el tan querido \u201cDi\u00f3genes\u201d<\/em><\/p>\n<p>Desde el punto de vista del registro de presencia, con cada una de ellas fue manifest\u00e1ndose una gran familiaridad. Oleadas de intuiciones con sucesivos despertares desembocando en miradas nuevas, distintas y con perspectivas superadoras. Enlazadas a un mecanismo de reconciliaci\u00f3n permanente jalado por el futuro, liviano y liberador.<\/p>\n<p>Seleccion\u00e9 doce para el trabajo y fui poni\u00e9ndolas a prueba una por una, enfocando y relacion\u00e1ndome con precisi\u00f3n con sus virtudes y otras capacidades. Solicit\u00e1ndoles pruebas de su existencia con un tono de exigencia, les ped\u00ed milagros.<\/p>\n<p>En un primer momento me permit\u00ed poner en duda a alguna de ellas, digamos que hice un nuevo empadronamiento y una re-categorizaci\u00f3n. Pero todo fue disipado, pudo ser valorado el devocional v\u00ednculo con cada ser y la necesidad de obrar en consecuencia.<\/p>\n<p>Cada uno de los hechos milagrosos sucedidos involucraron a terceros, que han sido testigos compartiendo estas asombrosas experiencias de sentido. Por ejemplo, mi abuelo Antonio. A \u00e9l directamente le ped\u00ed que diera se\u00f1ales desde su plano y que comunique c\u00f3mo se encuentra. A mi pap\u00e1 tambi\u00e9n, y la respuesta fue casi inmediata.<\/p>\n<p>En el preciso instante de caer en cuenta que se cumpli\u00f3 mi petici\u00f3n, algo sucedi\u00f3. Fue como si se hubieran encendido luces, todo de pronto comenz\u00f3 a estar mucho m\u00e1s claro. \u00bfC\u00f3mo transmitir lo sucedido? \u00bfC\u00f3mo trasladar un milagro a unas pocas palabras o a un papel?<\/p>\n<p>Se conformaron nuevas estructuraciones entre la conciencia y \u201cla realidad\u201d cotidiana. Fueron sucedi\u00e9ndose provocadas por m\u00ed una serie de situaciones y encuentros. Al unirlos, completaron en su totalidad la respuesta a mis intereses. En cada uno de los hechos y en sus alegor\u00edas, descubr\u00ed el significado y comprend\u00ed el argumento.<\/p>\n<p>Hay un tiempo para cada cosa, luego de tener la certeza de la existencia de cada una de mis entidades y de ir perfeccionando el modo de relacionarme. Luego de esto fueron sucedi\u00e9ndose, por a\u00f1adidura, secuencias de inspiraciones, algo que pas\u00f3 tan solo por fortalecer los v\u00ednculos y relajar el coraz\u00f3n.<\/p>\n<p>El inter\u00e9s en el trabajo se pudo mantener gracias a la motivaci\u00f3n. Sin ella, no se pueden abrir puertas. A cada una de las elegidas en el momento de ponerlas a prueba, les fui haciendo sugerencias y solicitudes de acuerdo a sus facultades. Me respondieron en su idioma \u201calegorosignosimb\u00f3lico\u201d.<\/p>\n<p>Ellas son como una atmosfera, as\u00ed las siento, as\u00ed lo vivo, con un fuerte intercambio de energ\u00eda. Est\u00e1n siempre, es uno el que va y viene variando de frecuencia. Est\u00e1n presentes o copresentes, son fondo de sentir y una red, brindan asistencia y transmiten bienestar.<\/p>\n<p>Ajustado el andamiaje y resuelto el armado del \u201cequipo\u201d, lleg\u00f3 el momento de profundizar en el pedido. Para pedir no solo tuve que tener en cuenta lo que quer\u00eda, sino tambi\u00e9n el plan para cuando se concediera lo solicitado.<\/p>\n<p>El salvoconducto que permiti\u00f3 realizar la traves\u00eda, fue tener la certeza que entregar\u00eda inmediatamente a otras y a otros todo lo que se me transmitiera. El para qu\u00e9, la actitud b\u00e1sica, el motivo original.<\/p>\n<p>Pedir, para dar.<\/p>\n","protected":false},"excerpt":{"rendered":"<p>CUENTO &nbsp; &nbsp; Este y los dem\u00e1s cuentos de la serie son el soporte de nuevos significados y comprensiones, surgidos todos a ra\u00edz de un trabajo de campo intenso con pedidos y entidades de luz. Fueron seis meses de varias&hellip;<\/p>\n","protected":false},"author":2193,"featured_media":1691698,"comment_status":"closed","ping_status":"closed","sticky":false,"template":"","format":"standard","meta":{"footnotes":""},"categories":[11389,75,1240,67],"tags":[75295,104355],"class_list":["post-1691697","post","type-post","status-publish","format-standard","has-post-thumbnail","hentry","category-contenido-original","category-cultura-es","category-humanismo-espiritualidad","category-sudamerica","tag-cuaderno-de-cultura","tag-serie-el-multiverso"],"yoast_head":"<!-- This site is optimized with the Yoast SEO plugin v27.1.1 - https:\/\/yoast.com\/product\/yoast-seo-wordpress\/ -->\n<title>Presencias<\/title>\n<meta name=\"description\" content=\"CUENTO &nbsp; &nbsp; Este y los dem\u00e1s cuentos de la serie son el soporte de nuevos significados y comprensiones, surgidos todos a ra\u00edz de un trabajo de\" \/>\n<meta name=\"robots\" content=\"index, follow, max-snippet:-1, max-image-preview:large, max-video-preview:-1\" \/>\n<link rel=\"canonical\" href=\"https:\/\/www.pressenza.com\/es\/2022\/11\/presencias\/\" \/>\n<meta property=\"og:locale\" content=\"es_ES\" \/>\n<meta property=\"og:type\" content=\"article\" \/>\n<meta property=\"og:title\" content=\"Presencias\" \/>\n<meta property=\"og:description\" content=\"CUENTO &nbsp; &nbsp; Este y los dem\u00e1s cuentos de la serie son el soporte de nuevos significados y comprensiones, surgidos todos a ra\u00edz de un trabajo de\" \/>\n<meta property=\"og:url\" content=\"https:\/\/www.pressenza.com\/es\/2022\/11\/presencias\/\" \/>\n<meta property=\"og:site_name\" content=\"Pressenza\" \/>\n<meta property=\"article:publisher\" content=\"https:\/\/www.facebook.com\/PressenzaItalia\" \/>\n<meta property=\"article:published_time\" content=\"2022-11-06T03:13:04+00:00\" \/>\n<meta property=\"og:image\" content=\"https:\/\/www.pressenza.com\/wp-content\/uploads\/2022\/11\/background-2723434_1280.jpg\" \/>\n\t<meta property=\"og:image:width\" content=\"820\" \/>\n\t<meta property=\"og:image:height\" content=\"546\" \/>\n\t<meta property=\"og:image:type\" content=\"image\/jpeg\" \/>\n<meta name=\"author\" content=\"Horacio Mes\u00f3n\" \/>\n<meta name=\"twitter:card\" content=\"summary_large_image\" \/>\n<meta name=\"twitter:creator\" content=\"@PressenzaIPA\" \/>\n<meta name=\"twitter:site\" content=\"@PressenzaIPA\" \/>\n<meta name=\"twitter:label1\" content=\"Escrito por\" \/>\n\t<meta name=\"twitter:data1\" content=\"Horacio Mes\u00f3n\" \/>\n\t<meta name=\"twitter:label2\" content=\"Tiempo de lectura\" \/>\n\t<meta name=\"twitter:data2\" content=\"3 minutos\" \/>\n<script type=\"application\/ld+json\" class=\"yoast-schema-graph\">{\"@context\":\"https:\/\/schema.org\",\"@graph\":[{\"@type\":\"Article\",\"@id\":\"https:\/\/www.pressenza.com\/es\/2022\/11\/presencias\/#article\",\"isPartOf\":{\"@id\":\"https:\/\/www.pressenza.com\/es\/2022\/11\/presencias\/\"},\"author\":{\"name\":\"Horacio Mes\u00f3n\",\"@id\":\"https:\/\/www.pressenza.com\/es\/#\/schema\/person\/e23b3659a5b2242732b76b7ed887940d\"},\"headline\":\"Presencias\",\"datePublished\":\"2022-11-06T03:13:04+00:00\",\"mainEntityOfPage\":{\"@id\":\"https:\/\/www.pressenza.com\/es\/2022\/11\/presencias\/\"},\"wordCount\":649,\"publisher\":{\"@id\":\"https:\/\/www.pressenza.com\/es\/#organization\"},\"image\":{\"@id\":\"https:\/\/www.pressenza.com\/es\/2022\/11\/presencias\/#primaryimage\"},\"thumbnailUrl\":\"https:\/\/www.pressenza.com\/wp-content\/uploads\/2022\/11\/background-2723434_1280.jpg\",\"keywords\":[\"cuaderno de cultura\",\"Serie El multiverso\"],\"articleSection\":[\"Contenido Original\",\"Cultura y Medios\",\"Humanismo y Espiritualidad\",\"Sudam\u00e9rica\"],\"inLanguage\":\"es\"},{\"@type\":\"WebPage\",\"@id\":\"https:\/\/www.pressenza.com\/es\/2022\/11\/presencias\/\",\"url\":\"https:\/\/www.pressenza.com\/es\/2022\/11\/presencias\/\",\"name\":\"Presencias\",\"isPartOf\":{\"@id\":\"https:\/\/www.pressenza.com\/es\/#website\"},\"primaryImageOfPage\":{\"@id\":\"https:\/\/www.pressenza.com\/es\/2022\/11\/presencias\/#primaryimage\"},\"image\":{\"@id\":\"https:\/\/www.pressenza.com\/es\/2022\/11\/presencias\/#primaryimage\"},\"thumbnailUrl\":\"https:\/\/www.pressenza.com\/wp-content\/uploads\/2022\/11\/background-2723434_1280.jpg\",\"datePublished\":\"2022-11-06T03:13:04+00:00\",\"description\":\"CUENTO &nbsp; &nbsp; Este y los dem\u00e1s cuentos de la serie son el soporte de nuevos significados y comprensiones, surgidos todos a ra\u00edz de un trabajo de\",\"breadcrumb\":{\"@id\":\"https:\/\/www.pressenza.com\/es\/2022\/11\/presencias\/#breadcrumb\"},\"inLanguage\":\"es\",\"potentialAction\":[{\"@type\":\"ReadAction\",\"target\":[\"https:\/\/www.pressenza.com\/es\/2022\/11\/presencias\/\"]}]},{\"@type\":\"ImageObject\",\"inLanguage\":\"es\",\"@id\":\"https:\/\/www.pressenza.com\/es\/2022\/11\/presencias\/#primaryimage\",\"url\":\"https:\/\/www.pressenza.com\/wp-content\/uploads\/2022\/11\/background-2723434_1280.jpg\",\"contentUrl\":\"https:\/\/www.pressenza.com\/wp-content\/uploads\/2022\/11\/background-2723434_1280.jpg\",\"width\":820,\"height\":546},{\"@type\":\"BreadcrumbList\",\"@id\":\"https:\/\/www.pressenza.com\/es\/2022\/11\/presencias\/#breadcrumb\",\"itemListElement\":[{\"@type\":\"ListItem\",\"position\":1,\"name\":\"Accueil\",\"item\":\"https:\/\/www.pressenza.com\/es\/\"},{\"@type\":\"ListItem\",\"position\":2,\"name\":\"Presencias\"}]},{\"@type\":\"WebSite\",\"@id\":\"https:\/\/www.pressenza.com\/es\/#website\",\"url\":\"https:\/\/www.pressenza.com\/es\/\",\"name\":\"Pressenza\",\"description\":\"International Press Agency\",\"publisher\":{\"@id\":\"https:\/\/www.pressenza.com\/es\/#organization\"},\"potentialAction\":[{\"@type\":\"SearchAction\",\"target\":{\"@type\":\"EntryPoint\",\"urlTemplate\":\"https:\/\/www.pressenza.com\/es\/?s={search_term_string}\"},\"query-input\":{\"@type\":\"PropertyValueSpecification\",\"valueRequired\":true,\"valueName\":\"search_term_string\"}}],\"inLanguage\":\"es\"},{\"@type\":\"Organization\",\"@id\":\"https:\/\/www.pressenza.com\/es\/#organization\",\"name\":\"Pressenza\",\"url\":\"https:\/\/www.pressenza.com\/es\/\",\"logo\":{\"@type\":\"ImageObject\",\"inLanguage\":\"es\",\"@id\":\"https:\/\/www.pressenza.com\/es\/#\/schema\/logo\/image\/\",\"url\":\"https:\/\/www.pressenza.com\/wp-content\/uploads\/2022\/10\/pressenza_logo_200x200.jpg\",\"contentUrl\":\"https:\/\/www.pressenza.com\/wp-content\/uploads\/2022\/10\/pressenza_logo_200x200.jpg\",\"width\":200,\"height\":200,\"caption\":\"Pressenza\"},\"image\":{\"@id\":\"https:\/\/www.pressenza.com\/es\/#\/schema\/logo\/image\/\"},\"sameAs\":[\"https:\/\/www.facebook.com\/PressenzaItalia\",\"https:\/\/x.com\/PressenzaIPA\"]},{\"@type\":\"Person\",\"@id\":\"https:\/\/www.pressenza.com\/es\/#\/schema\/person\/e23b3659a5b2242732b76b7ed887940d\",\"name\":\"Horacio Mes\u00f3n\",\"description\":\"horaciomeson@yahoo.com.ar\",\"url\":\"https:\/\/www.pressenza.com\/es\/author\/horacio-meson\/\"}]}<\/script>\n<!-- \/ Yoast SEO plugin. -->","yoast_head_json":{"title":"Presencias","description":"CUENTO &nbsp; &nbsp; Este y los dem\u00e1s cuentos de la serie son el soporte de nuevos significados y comprensiones, surgidos todos a ra\u00edz de un trabajo de","robots":{"index":"index","follow":"follow","max-snippet":"max-snippet:-1","max-image-preview":"max-image-preview:large","max-video-preview":"max-video-preview:-1"},"canonical":"https:\/\/www.pressenza.com\/es\/2022\/11\/presencias\/","og_locale":"es_ES","og_type":"article","og_title":"Presencias","og_description":"CUENTO &nbsp; &nbsp; Este y los dem\u00e1s cuentos de la serie son el soporte de nuevos significados y comprensiones, surgidos todos a ra\u00edz de un trabajo de","og_url":"https:\/\/www.pressenza.com\/es\/2022\/11\/presencias\/","og_site_name":"Pressenza","article_publisher":"https:\/\/www.facebook.com\/PressenzaItalia","article_published_time":"2022-11-06T03:13:04+00:00","og_image":[{"width":820,"height":546,"url":"https:\/\/www.pressenza.com\/wp-content\/uploads\/2022\/11\/background-2723434_1280.jpg","type":"image\/jpeg"}],"author":"Horacio Mes\u00f3n","twitter_card":"summary_large_image","twitter_creator":"@PressenzaIPA","twitter_site":"@PressenzaIPA","twitter_misc":{"Escrito por":"Horacio Mes\u00f3n","Tiempo de lectura":"3 minutos"},"schema":{"@context":"https:\/\/schema.org","@graph":[{"@type":"Article","@id":"https:\/\/www.pressenza.com\/es\/2022\/11\/presencias\/#article","isPartOf":{"@id":"https:\/\/www.pressenza.com\/es\/2022\/11\/presencias\/"},"author":{"name":"Horacio Mes\u00f3n","@id":"https:\/\/www.pressenza.com\/es\/#\/schema\/person\/e23b3659a5b2242732b76b7ed887940d"},"headline":"Presencias","datePublished":"2022-11-06T03:13:04+00:00","mainEntityOfPage":{"@id":"https:\/\/www.pressenza.com\/es\/2022\/11\/presencias\/"},"wordCount":649,"publisher":{"@id":"https:\/\/www.pressenza.com\/es\/#organization"},"image":{"@id":"https:\/\/www.pressenza.com\/es\/2022\/11\/presencias\/#primaryimage"},"thumbnailUrl":"https:\/\/www.pressenza.com\/wp-content\/uploads\/2022\/11\/background-2723434_1280.jpg","keywords":["cuaderno de cultura","Serie El multiverso"],"articleSection":["Contenido Original","Cultura y Medios","Humanismo y Espiritualidad","Sudam\u00e9rica"],"inLanguage":"es"},{"@type":"WebPage","@id":"https:\/\/www.pressenza.com\/es\/2022\/11\/presencias\/","url":"https:\/\/www.pressenza.com\/es\/2022\/11\/presencias\/","name":"Presencias","isPartOf":{"@id":"https:\/\/www.pressenza.com\/es\/#website"},"primaryImageOfPage":{"@id":"https:\/\/www.pressenza.com\/es\/2022\/11\/presencias\/#primaryimage"},"image":{"@id":"https:\/\/www.pressenza.com\/es\/2022\/11\/presencias\/#primaryimage"},"thumbnailUrl":"https:\/\/www.pressenza.com\/wp-content\/uploads\/2022\/11\/background-2723434_1280.jpg","datePublished":"2022-11-06T03:13:04+00:00","description":"CUENTO &nbsp; &nbsp; Este y los dem\u00e1s cuentos de la serie son el soporte de nuevos significados y comprensiones, surgidos todos a ra\u00edz de un trabajo de","breadcrumb":{"@id":"https:\/\/www.pressenza.com\/es\/2022\/11\/presencias\/#breadcrumb"},"inLanguage":"es","potentialAction":[{"@type":"ReadAction","target":["https:\/\/www.pressenza.com\/es\/2022\/11\/presencias\/"]}]},{"@type":"ImageObject","inLanguage":"es","@id":"https:\/\/www.pressenza.com\/es\/2022\/11\/presencias\/#primaryimage","url":"https:\/\/www.pressenza.com\/wp-content\/uploads\/2022\/11\/background-2723434_1280.jpg","contentUrl":"https:\/\/www.pressenza.com\/wp-content\/uploads\/2022\/11\/background-2723434_1280.jpg","width":820,"height":546},{"@type":"BreadcrumbList","@id":"https:\/\/www.pressenza.com\/es\/2022\/11\/presencias\/#breadcrumb","itemListElement":[{"@type":"ListItem","position":1,"name":"Accueil","item":"https:\/\/www.pressenza.com\/es\/"},{"@type":"ListItem","position":2,"name":"Presencias"}]},{"@type":"WebSite","@id":"https:\/\/www.pressenza.com\/es\/#website","url":"https:\/\/www.pressenza.com\/es\/","name":"Pressenza","description":"International Press Agency","publisher":{"@id":"https:\/\/www.pressenza.com\/es\/#organization"},"potentialAction":[{"@type":"SearchAction","target":{"@type":"EntryPoint","urlTemplate":"https:\/\/www.pressenza.com\/es\/?s={search_term_string}"},"query-input":{"@type":"PropertyValueSpecification","valueRequired":true,"valueName":"search_term_string"}}],"inLanguage":"es"},{"@type":"Organization","@id":"https:\/\/www.pressenza.com\/es\/#organization","name":"Pressenza","url":"https:\/\/www.pressenza.com\/es\/","logo":{"@type":"ImageObject","inLanguage":"es","@id":"https:\/\/www.pressenza.com\/es\/#\/schema\/logo\/image\/","url":"https:\/\/www.pressenza.com\/wp-content\/uploads\/2022\/10\/pressenza_logo_200x200.jpg","contentUrl":"https:\/\/www.pressenza.com\/wp-content\/uploads\/2022\/10\/pressenza_logo_200x200.jpg","width":200,"height":200,"caption":"Pressenza"},"image":{"@id":"https:\/\/www.pressenza.com\/es\/#\/schema\/logo\/image\/"},"sameAs":["https:\/\/www.facebook.com\/PressenzaItalia","https:\/\/x.com\/PressenzaIPA"]},{"@type":"Person","@id":"https:\/\/www.pressenza.com\/es\/#\/schema\/person\/e23b3659a5b2242732b76b7ed887940d","name":"Horacio Mes\u00f3n","description":"horaciomeson@yahoo.com.ar","url":"https:\/\/www.pressenza.com\/es\/author\/horacio-meson\/"}]}},"place":"Mar del Plata, Argentina","original_article_url":"","_links":{"self":[{"href":"https:\/\/www.pressenza.com\/es\/wp-json\/wp\/v2\/posts\/1691697","targetHints":{"allow":["GET"]}}],"collection":[{"href":"https:\/\/www.pressenza.com\/es\/wp-json\/wp\/v2\/posts"}],"about":[{"href":"https:\/\/www.pressenza.com\/es\/wp-json\/wp\/v2\/types\/post"}],"author":[{"embeddable":true,"href":"https:\/\/www.pressenza.com\/es\/wp-json\/wp\/v2\/users\/2193"}],"replies":[{"embeddable":true,"href":"https:\/\/www.pressenza.com\/es\/wp-json\/wp\/v2\/comments?post=1691697"}],"version-history":[{"count":0,"href":"https:\/\/www.pressenza.com\/es\/wp-json\/wp\/v2\/posts\/1691697\/revisions"}],"wp:featuredmedia":[{"embeddable":true,"href":"https:\/\/www.pressenza.com\/es\/wp-json\/wp\/v2\/media\/1691698"}],"wp:attachment":[{"href":"https:\/\/www.pressenza.com\/es\/wp-json\/wp\/v2\/media?parent=1691697"}],"wp:term":[{"taxonomy":"category","embeddable":true,"href":"https:\/\/www.pressenza.com\/es\/wp-json\/wp\/v2\/categories?post=1691697"},{"taxonomy":"post_tag","embeddable":true,"href":"https:\/\/www.pressenza.com\/es\/wp-json\/wp\/v2\/tags?post=1691697"}],"curies":[{"name":"wp","href":"https:\/\/api.w.org\/{rel}","templated":true}]}}