{"id":1691211,"date":"2022-11-03T21:56:01","date_gmt":"2022-11-03T21:56:01","guid":{"rendered":"https:\/\/www.pressenza.com\/?p=1691211"},"modified":"2022-11-03T21:56:01","modified_gmt":"2022-11-03T21:56:01","slug":"mas-de-100-organizaciones-proponen-medidas-para-el-trato-digno-a-las-personas-migrantes-muertas-y-desaparecidas-en-el-mar-y-sus-familias","status":"publish","type":"post","link":"https:\/\/www.pressenza.com\/es\/2022\/11\/mas-de-100-organizaciones-proponen-medidas-para-el-trato-digno-a-las-personas-migrantes-muertas-y-desaparecidas-en-el-mar-y-sus-familias\/","title":{"rendered":"M\u00e1s de 100 organizaciones proponen medidas para el trato digno a las personas migrantes muertas y desaparecidas en el mar y sus familias"},"content":{"rendered":"<p style=\"padding-left: 40px;\"><em>Plantean la creaci\u00f3n de una Oficina \u00danica de Informaci\u00f3n en el Defensor del Pueblo, para una atenci\u00f3n integral a las familias, y un banco de ADN conectado con Interpol<\/em><\/p>\n<p style=\"padding-left: 40px;\"><em>Califican como \u201cabsolutamente necesaria\u201d esta intervenci\u00f3n para evitar el sufrimiento de miles de personas migrantes desde hace tres d\u00e9cadas<\/em><\/p>\n<p>La Asociaci\u00f3n Pro Derechos Humanos de Andaluc\u00eda (APDHA), junto a m\u00e1s de un centenar de organizaciones, ha presentado un documento de \u2018<strong>Medidas para un trato digno a las personas muertas y desaparecidas en los trayectos migratorios y a sus familiares\u2019<\/strong>, con motivo de la conmemoraci\u00f3n, hoy, del D\u00eda de los Difuntos, y del 34\u00ba aniversario de la llegada del primer cad\u00e1ver de una persona que trataba de migrar a Espa\u00f1a, el 1 de noviembre de 1988. Desde ese momento, la organizaci\u00f3n ha documentado la muerte o desaparici\u00f3n de m\u00e1s de 12.000 personas.<\/p>\n<p>Este documento, que ser\u00e1 enviado al Defensor del Pueblo, al Gobierno de Espa\u00f1a y a responsables de grupos parlamentarios, es un paso m\u00e1s en la <a href=\"https:\/\/boletin.apdha.org\/c\/9z3gk\/8hohu8fb\/48rfimuwszu\" target=\"_blank\" rel=\"noopener\" data-saferedirecturl=\"https:\/\/www.google.com\/url?q=https:\/\/boletin.apdha.org\/c\/9z3gk\/8hohu8fb\/48rfimuwszu&amp;source=gmail&amp;ust=1667583298109000&amp;usg=AOvVaw1LqygfWPwgWFNCrKfpbSc0\"><strong>campa\u00f1a #VidasSinRastro<\/strong><\/a>, que se viene desarrollando desde el pasado mes de mayo, momento en que las entidades enviaron al Defensor del Pueblo y al Gobierno un dec\u00e1logo de exigencias. \u201cEs tal la odisea, el <strong>vac\u00edo legal y administrativo<\/strong> con el que se encuentran las familias y tan grande <strong>el sufrimiento y la impotencia<\/strong> que esta inexistencia de mecanismos provoca, que hemos preparado un programa espec\u00edfico con las medidas necesarias para un trato digno a las personas muertas y desaparecidas y sus familiares en la frontera sur\u201d, explica la Asociaci\u00f3n Pro Derechos Humanos de Andaluc\u00eda.<\/p>\n<p>Entre las medidas presentadas destaca la creaci\u00f3n de una <strong>Oficina \u00danica de Informaci\u00f3n para Familiares.<\/strong> \u00abSe trata de una oficina que se enmarcar\u00eda org\u00e1nicamente dentro de la estructura del Defensor del Pueblo y que debe asegurar una atenci\u00f3n integral en el acompa\u00f1amiento y apoyo a las familias tanto en la denuncia, b\u00fasqueda y localizaci\u00f3n de sus seres queridos, como en los procesos de identificaci\u00f3n de personas fallecidas\u00bb, se\u00f1alan desde la APDHA.<\/p>\n<p>\u00abUno de los principales problemas que hemos venido detectando\u00bb, apunta la organizaci\u00f3n, \u00abes la <strong>ausencia de mecanismos de acceso<\/strong> para quienes buscan a personas que han iniciado el trayecto migratorio hacia Espa\u00f1a. La barrera idiom\u00e1tica, las dificultades burocr\u00e1ticas y la multiplicidad de instancias hacen pr\u00e1cticamente imposible esa b\u00fasqueda\u00bb.<\/p>\n<p>Por ello, proponen la creaci\u00f3n de esta oficina \u00fanica, a la que los familiares podr\u00edan acceder a trav\u00e9s de una web, por tel\u00e9fono o por correo electr\u00f3nico y que vendr\u00eda acompa\u00f1ada de unas <strong>Unidades de Gesti\u00f3n<\/strong> ubicadas en las principales zonas de llegada de migrantes. Estas unidades de gesti\u00f3n recopilar\u00edan la informaci\u00f3n en las zonas de llegada para transmitirla a la oficina \u00fanica, a\u00f1ade la APDHA.<\/p>\n<p>No es esta la \u00fanica medida prevista por este centenar de organizaciones. Tambi\u00e9n proponen <strong>crear un banco de ADN<\/strong>, en conexi\u00f3n con el sistema <a href=\"https:\/\/boletin.apdha.org\/c\/9z3gk\/8hohu8fb\/yg07xpmpoge\" target=\"_blank\" rel=\"noopener\" data-saferedirecturl=\"https:\/\/www.google.com\/url?q=https:\/\/boletin.apdha.org\/c\/9z3gk\/8hohu8fb\/yg07xpmpoge&amp;source=gmail&amp;ust=1667583298109000&amp;usg=AOvVaw0qPxG-1bdNpX5dy9ogRjlA\"><strong>I-Familia<\/strong><\/a> recientemente creado por Interpol, mejorar los convenios de repatriaci\u00f3n o establecer un nuevo marco jur\u00eddico para las declaraciones de ausencia o fallecimiento en relaci\u00f3n con las personas migrantes.<\/p>\n<p>\u201cA pesar del n\u00famero creciente de fallecimientos en la frontera sur, desde las autoridades estatales <strong>nada se ha hecho por proporcionar un trato adecuado<\/strong>, integral y digno a estas personas y a sus familias\u00bb, indican los responsables de la organizaci\u00f3n. \u00abEste programa de medidas es absolutamente necesario para cambiar la realidad que vienen sufriendo las personas migrantes y sus familiares desde hace m\u00e1s de tres d\u00e9cadas\u00bb, concluyen.<\/p>\n<p>&nbsp;<\/p>\n","protected":false},"excerpt":{"rendered":"<p>Plantean la creaci\u00f3n de una Oficina \u00danica de Informaci\u00f3n en el Defensor del Pueblo, para una atenci\u00f3n integral a las familias, y un banco de ADN conectado con Interpol Califican como \u201cabsolutamente necesaria\u201d esta intervenci\u00f3n para evitar el sufrimiento de&hellip;<\/p>\n","protected":false},"author":1542,"featured_media":1691285,"comment_status":"closed","ping_status":"closed","sticky":false,"template":"","format":"standard","meta":{"footnotes":""},"categories":[76,149,66,54574],"tags":[104098,34731],"class_list":["post-1691211","post","type-post","status-publish","format-standard","has-post-thumbnail","hentry","category-relaciones-exteriores","category-comunicados-de-prensa","category-europa-es","category-migrantes-es","tag-vidassinrastro","tag-frontera-sur"],"yoast_head":"<!-- This site is optimized with the Yoast SEO plugin v27.1.1 - https:\/\/yoast.com\/product\/yoast-seo-wordpress\/ -->\n<title>M\u00e1s de 100 organizaciones proponen medidas para el trato digno a las personas migrantes muertas y desaparecidas en el mar y sus familias<\/title>\n<meta name=\"description\" content=\"Plantean la creaci\u00f3n de una Oficina \u00danica de Informaci\u00f3n en el Defensor del Pueblo, para una atenci\u00f3n integral a las familias, y un banco de ADN conectado\" \/>\n<meta name=\"robots\" content=\"index, follow, max-snippet:-1, max-image-preview:large, max-video-preview:-1\" \/>\n<link rel=\"canonical\" href=\"https:\/\/www.pressenza.com\/es\/2022\/11\/mas-de-100-organizaciones-proponen-medidas-para-el-trato-digno-a-las-personas-migrantes-muertas-y-desaparecidas-en-el-mar-y-sus-familias\/\" \/>\n<meta property=\"og:locale\" content=\"es_ES\" \/>\n<meta property=\"og:type\" content=\"article\" \/>\n<meta property=\"og:title\" content=\"M\u00e1s de 100 organizaciones proponen medidas para el trato digno a las personas migrantes muertas y desaparecidas en el mar y sus familias\" \/>\n<meta property=\"og:description\" content=\"Plantean la creaci\u00f3n de una Oficina \u00danica de Informaci\u00f3n en el Defensor del Pueblo, para una atenci\u00f3n integral a las familias, y un banco de ADN conectado\" \/>\n<meta property=\"og:url\" content=\"https:\/\/www.pressenza.com\/es\/2022\/11\/mas-de-100-organizaciones-proponen-medidas-para-el-trato-digno-a-las-personas-migrantes-muertas-y-desaparecidas-en-el-mar-y-sus-familias\/\" \/>\n<meta property=\"og:site_name\" content=\"Pressenza\" \/>\n<meta property=\"article:publisher\" content=\"https:\/\/www.facebook.com\/PressenzaItalia\" \/>\n<meta property=\"article:published_time\" content=\"2022-11-03T21:56:01+00:00\" \/>\n<meta property=\"og:image\" content=\"https:\/\/www.pressenza.com\/wp-content\/uploads\/2022\/11\/primer_fallecimiento_patera_Foto_Ildefonso_Sena.jpeg\" \/>\n\t<meta property=\"og:image:width\" content=\"948\" \/>\n\t<meta property=\"og:image:height\" content=\"465\" \/>\n\t<meta property=\"og:image:type\" content=\"image\/jpeg\" \/>\n<meta name=\"author\" content=\"Asociaci\u00f3n Pro Derechos Humanos de Andaluc\u00eda (APDHA)\" \/>\n<meta name=\"twitter:card\" content=\"summary_large_image\" \/>\n<meta name=\"twitter:creator\" content=\"@PressenzaIPA\" \/>\n<meta name=\"twitter:site\" content=\"@PressenzaIPA\" \/>\n<meta name=\"twitter:label1\" content=\"Escrito por\" \/>\n\t<meta name=\"twitter:data1\" content=\"Asociaci\u00f3n Pro Derechos Humanos de Andaluc\u00eda (APDHA)\" \/>\n\t<meta name=\"twitter:label2\" content=\"Tiempo de lectura\" \/>\n\t<meta name=\"twitter:data2\" content=\"3 minutos\" \/>\n<script type=\"application\/ld+json\" class=\"yoast-schema-graph\">{\"@context\":\"https:\/\/schema.org\",\"@graph\":[{\"@type\":\"Article\",\"@id\":\"https:\/\/www.pressenza.com\/es\/2022\/11\/mas-de-100-organizaciones-proponen-medidas-para-el-trato-digno-a-las-personas-migrantes-muertas-y-desaparecidas-en-el-mar-y-sus-familias\/#article\",\"isPartOf\":{\"@id\":\"https:\/\/www.pressenza.com\/es\/2022\/11\/mas-de-100-organizaciones-proponen-medidas-para-el-trato-digno-a-las-personas-migrantes-muertas-y-desaparecidas-en-el-mar-y-sus-familias\/\"},\"author\":{\"name\":\"Asociaci\u00f3n Pro Derechos Humanos de Andaluc\u00eda (APDHA)\",\"@id\":\"https:\/\/www.pressenza.com\/es\/#\/schema\/person\/56539d338f9dde4fe54c8771b432ed21\"},\"headline\":\"M\u00e1s de 100 organizaciones proponen medidas para el trato digno a las personas migrantes muertas y desaparecidas en el mar y sus familias\",\"datePublished\":\"2022-11-03T21:56:01+00:00\",\"mainEntityOfPage\":{\"@id\":\"https:\/\/www.pressenza.com\/es\/2022\/11\/mas-de-100-organizaciones-proponen-medidas-para-el-trato-digno-a-las-personas-migrantes-muertas-y-desaparecidas-en-el-mar-y-sus-familias\/\"},\"wordCount\":644,\"publisher\":{\"@id\":\"https:\/\/www.pressenza.com\/es\/#organization\"},\"image\":{\"@id\":\"https:\/\/www.pressenza.com\/es\/2022\/11\/mas-de-100-organizaciones-proponen-medidas-para-el-trato-digno-a-las-personas-migrantes-muertas-y-desaparecidas-en-el-mar-y-sus-familias\/#primaryimage\"},\"thumbnailUrl\":\"https:\/\/www.pressenza.com\/wp-content\/uploads\/2022\/11\/primer_fallecimiento_patera_Foto_Ildefonso_Sena.jpeg\",\"keywords\":[\"#VidasSinRastro\",\"frontera sur\"],\"articleSection\":[\"Asuntos internacionales\",\"Comunicados de Prensa\",\"Europa\",\"Migrantes\"],\"inLanguage\":\"es\"},{\"@type\":\"WebPage\",\"@id\":\"https:\/\/www.pressenza.com\/es\/2022\/11\/mas-de-100-organizaciones-proponen-medidas-para-el-trato-digno-a-las-personas-migrantes-muertas-y-desaparecidas-en-el-mar-y-sus-familias\/\",\"url\":\"https:\/\/www.pressenza.com\/es\/2022\/11\/mas-de-100-organizaciones-proponen-medidas-para-el-trato-digno-a-las-personas-migrantes-muertas-y-desaparecidas-en-el-mar-y-sus-familias\/\",\"name\":\"M\u00e1s de 100 organizaciones proponen medidas para el trato digno a las personas migrantes muertas y desaparecidas en el mar y sus familias\",\"isPartOf\":{\"@id\":\"https:\/\/www.pressenza.com\/es\/#website\"},\"primaryImageOfPage\":{\"@id\":\"https:\/\/www.pressenza.com\/es\/2022\/11\/mas-de-100-organizaciones-proponen-medidas-para-el-trato-digno-a-las-personas-migrantes-muertas-y-desaparecidas-en-el-mar-y-sus-familias\/#primaryimage\"},\"image\":{\"@id\":\"https:\/\/www.pressenza.com\/es\/2022\/11\/mas-de-100-organizaciones-proponen-medidas-para-el-trato-digno-a-las-personas-migrantes-muertas-y-desaparecidas-en-el-mar-y-sus-familias\/#primaryimage\"},\"thumbnailUrl\":\"https:\/\/www.pressenza.com\/wp-content\/uploads\/2022\/11\/primer_fallecimiento_patera_Foto_Ildefonso_Sena.jpeg\",\"datePublished\":\"2022-11-03T21:56:01+00:00\",\"description\":\"Plantean la creaci\u00f3n de una Oficina \u00danica de Informaci\u00f3n en el Defensor del Pueblo, para una atenci\u00f3n integral a las familias, y un banco de ADN conectado\",\"breadcrumb\":{\"@id\":\"https:\/\/www.pressenza.com\/es\/2022\/11\/mas-de-100-organizaciones-proponen-medidas-para-el-trato-digno-a-las-personas-migrantes-muertas-y-desaparecidas-en-el-mar-y-sus-familias\/#breadcrumb\"},\"inLanguage\":\"es\",\"potentialAction\":[{\"@type\":\"ReadAction\",\"target\":[\"https:\/\/www.pressenza.com\/es\/2022\/11\/mas-de-100-organizaciones-proponen-medidas-para-el-trato-digno-a-las-personas-migrantes-muertas-y-desaparecidas-en-el-mar-y-sus-familias\/\"]}]},{\"@type\":\"ImageObject\",\"inLanguage\":\"es\",\"@id\":\"https:\/\/www.pressenza.com\/es\/2022\/11\/mas-de-100-organizaciones-proponen-medidas-para-el-trato-digno-a-las-personas-migrantes-muertas-y-desaparecidas-en-el-mar-y-sus-familias\/#primaryimage\",\"url\":\"https:\/\/www.pressenza.com\/wp-content\/uploads\/2022\/11\/primer_fallecimiento_patera_Foto_Ildefonso_Sena.jpeg\",\"contentUrl\":\"https:\/\/www.pressenza.com\/wp-content\/uploads\/2022\/11\/primer_fallecimiento_patera_Foto_Ildefonso_Sena.jpeg\",\"width\":948,\"height\":465},{\"@type\":\"BreadcrumbList\",\"@id\":\"https:\/\/www.pressenza.com\/es\/2022\/11\/mas-de-100-organizaciones-proponen-medidas-para-el-trato-digno-a-las-personas-migrantes-muertas-y-desaparecidas-en-el-mar-y-sus-familias\/#breadcrumb\",\"itemListElement\":[{\"@type\":\"ListItem\",\"position\":1,\"name\":\"Accueil\",\"item\":\"https:\/\/www.pressenza.com\/es\/\"},{\"@type\":\"ListItem\",\"position\":2,\"name\":\"M\u00e1s de 100 organizaciones proponen medidas para el trato digno a las personas migrantes muertas y desaparecidas en el mar y sus familias\"}]},{\"@type\":\"WebSite\",\"@id\":\"https:\/\/www.pressenza.com\/es\/#website\",\"url\":\"https:\/\/www.pressenza.com\/es\/\",\"name\":\"Pressenza\",\"description\":\"International Press Agency\",\"publisher\":{\"@id\":\"https:\/\/www.pressenza.com\/es\/#organization\"},\"potentialAction\":[{\"@type\":\"SearchAction\",\"target\":{\"@type\":\"EntryPoint\",\"urlTemplate\":\"https:\/\/www.pressenza.com\/es\/?s={search_term_string}\"},\"query-input\":{\"@type\":\"PropertyValueSpecification\",\"valueRequired\":true,\"valueName\":\"search_term_string\"}}],\"inLanguage\":\"es\"},{\"@type\":\"Organization\",\"@id\":\"https:\/\/www.pressenza.com\/es\/#organization\",\"name\":\"Pressenza\",\"url\":\"https:\/\/www.pressenza.com\/es\/\",\"logo\":{\"@type\":\"ImageObject\",\"inLanguage\":\"es\",\"@id\":\"https:\/\/www.pressenza.com\/es\/#\/schema\/logo\/image\/\",\"url\":\"https:\/\/www.pressenza.com\/wp-content\/uploads\/2022\/10\/pressenza_logo_200x200.jpg\",\"contentUrl\":\"https:\/\/www.pressenza.com\/wp-content\/uploads\/2022\/10\/pressenza_logo_200x200.jpg\",\"width\":200,\"height\":200,\"caption\":\"Pressenza\"},\"image\":{\"@id\":\"https:\/\/www.pressenza.com\/es\/#\/schema\/logo\/image\/\"},\"sameAs\":[\"https:\/\/www.facebook.com\/PressenzaItalia\",\"https:\/\/x.com\/PressenzaIPA\"]},{\"@type\":\"Person\",\"@id\":\"https:\/\/www.pressenza.com\/es\/#\/schema\/person\/56539d338f9dde4fe54c8771b432ed21\",\"name\":\"Asociaci\u00f3n Pro Derechos Humanos de Andaluc\u00eda (APDHA)\",\"description\":\"La Asociaci\u00f3n Pro Derechos Humanos de Andaluc\u00eda (APDHA) trabaja con el objetivo de lograr que las personas sean libres e iguales en dignidad y derechos\",\"sameAs\":[\"https:\/\/www.apdha.org\"],\"url\":\"https:\/\/www.pressenza.com\/es\/author\/apdha\/\"}]}<\/script>\n<!-- \/ Yoast SEO plugin. -->","yoast_head_json":{"title":"M\u00e1s de 100 organizaciones proponen medidas para el trato digno a las personas migrantes muertas y desaparecidas en el mar y sus familias","description":"Plantean la creaci\u00f3n de una Oficina \u00danica de Informaci\u00f3n en el Defensor del Pueblo, para una atenci\u00f3n integral a las familias, y un banco de ADN conectado","robots":{"index":"index","follow":"follow","max-snippet":"max-snippet:-1","max-image-preview":"max-image-preview:large","max-video-preview":"max-video-preview:-1"},"canonical":"https:\/\/www.pressenza.com\/es\/2022\/11\/mas-de-100-organizaciones-proponen-medidas-para-el-trato-digno-a-las-personas-migrantes-muertas-y-desaparecidas-en-el-mar-y-sus-familias\/","og_locale":"es_ES","og_type":"article","og_title":"M\u00e1s de 100 organizaciones proponen medidas para el trato digno a las personas migrantes muertas y desaparecidas en el mar y sus familias","og_description":"Plantean la creaci\u00f3n de una Oficina \u00danica de Informaci\u00f3n en el Defensor del Pueblo, para una atenci\u00f3n integral a las familias, y un banco de ADN conectado","og_url":"https:\/\/www.pressenza.com\/es\/2022\/11\/mas-de-100-organizaciones-proponen-medidas-para-el-trato-digno-a-las-personas-migrantes-muertas-y-desaparecidas-en-el-mar-y-sus-familias\/","og_site_name":"Pressenza","article_publisher":"https:\/\/www.facebook.com\/PressenzaItalia","article_published_time":"2022-11-03T21:56:01+00:00","og_image":[{"width":948,"height":465,"url":"https:\/\/www.pressenza.com\/wp-content\/uploads\/2022\/11\/primer_fallecimiento_patera_Foto_Ildefonso_Sena.jpeg","type":"image\/jpeg"}],"author":"Asociaci\u00f3n Pro Derechos Humanos de Andaluc\u00eda (APDHA)","twitter_card":"summary_large_image","twitter_creator":"@PressenzaIPA","twitter_site":"@PressenzaIPA","twitter_misc":{"Escrito por":"Asociaci\u00f3n Pro Derechos Humanos de Andaluc\u00eda (APDHA)","Tiempo de lectura":"3 minutos"},"schema":{"@context":"https:\/\/schema.org","@graph":[{"@type":"Article","@id":"https:\/\/www.pressenza.com\/es\/2022\/11\/mas-de-100-organizaciones-proponen-medidas-para-el-trato-digno-a-las-personas-migrantes-muertas-y-desaparecidas-en-el-mar-y-sus-familias\/#article","isPartOf":{"@id":"https:\/\/www.pressenza.com\/es\/2022\/11\/mas-de-100-organizaciones-proponen-medidas-para-el-trato-digno-a-las-personas-migrantes-muertas-y-desaparecidas-en-el-mar-y-sus-familias\/"},"author":{"name":"Asociaci\u00f3n Pro Derechos Humanos de Andaluc\u00eda (APDHA)","@id":"https:\/\/www.pressenza.com\/es\/#\/schema\/person\/56539d338f9dde4fe54c8771b432ed21"},"headline":"M\u00e1s de 100 organizaciones proponen medidas para el trato digno a las personas migrantes muertas y desaparecidas en el mar y sus familias","datePublished":"2022-11-03T21:56:01+00:00","mainEntityOfPage":{"@id":"https:\/\/www.pressenza.com\/es\/2022\/11\/mas-de-100-organizaciones-proponen-medidas-para-el-trato-digno-a-las-personas-migrantes-muertas-y-desaparecidas-en-el-mar-y-sus-familias\/"},"wordCount":644,"publisher":{"@id":"https:\/\/www.pressenza.com\/es\/#organization"},"image":{"@id":"https:\/\/www.pressenza.com\/es\/2022\/11\/mas-de-100-organizaciones-proponen-medidas-para-el-trato-digno-a-las-personas-migrantes-muertas-y-desaparecidas-en-el-mar-y-sus-familias\/#primaryimage"},"thumbnailUrl":"https:\/\/www.pressenza.com\/wp-content\/uploads\/2022\/11\/primer_fallecimiento_patera_Foto_Ildefonso_Sena.jpeg","keywords":["#VidasSinRastro","frontera sur"],"articleSection":["Asuntos internacionales","Comunicados de Prensa","Europa","Migrantes"],"inLanguage":"es"},{"@type":"WebPage","@id":"https:\/\/www.pressenza.com\/es\/2022\/11\/mas-de-100-organizaciones-proponen-medidas-para-el-trato-digno-a-las-personas-migrantes-muertas-y-desaparecidas-en-el-mar-y-sus-familias\/","url":"https:\/\/www.pressenza.com\/es\/2022\/11\/mas-de-100-organizaciones-proponen-medidas-para-el-trato-digno-a-las-personas-migrantes-muertas-y-desaparecidas-en-el-mar-y-sus-familias\/","name":"M\u00e1s de 100 organizaciones proponen medidas para el trato digno a las personas migrantes muertas y desaparecidas en el mar y sus familias","isPartOf":{"@id":"https:\/\/www.pressenza.com\/es\/#website"},"primaryImageOfPage":{"@id":"https:\/\/www.pressenza.com\/es\/2022\/11\/mas-de-100-organizaciones-proponen-medidas-para-el-trato-digno-a-las-personas-migrantes-muertas-y-desaparecidas-en-el-mar-y-sus-familias\/#primaryimage"},"image":{"@id":"https:\/\/www.pressenza.com\/es\/2022\/11\/mas-de-100-organizaciones-proponen-medidas-para-el-trato-digno-a-las-personas-migrantes-muertas-y-desaparecidas-en-el-mar-y-sus-familias\/#primaryimage"},"thumbnailUrl":"https:\/\/www.pressenza.com\/wp-content\/uploads\/2022\/11\/primer_fallecimiento_patera_Foto_Ildefonso_Sena.jpeg","datePublished":"2022-11-03T21:56:01+00:00","description":"Plantean la creaci\u00f3n de una Oficina \u00danica de Informaci\u00f3n en el Defensor del Pueblo, para una atenci\u00f3n integral a las familias, y un banco de ADN conectado","breadcrumb":{"@id":"https:\/\/www.pressenza.com\/es\/2022\/11\/mas-de-100-organizaciones-proponen-medidas-para-el-trato-digno-a-las-personas-migrantes-muertas-y-desaparecidas-en-el-mar-y-sus-familias\/#breadcrumb"},"inLanguage":"es","potentialAction":[{"@type":"ReadAction","target":["https:\/\/www.pressenza.com\/es\/2022\/11\/mas-de-100-organizaciones-proponen-medidas-para-el-trato-digno-a-las-personas-migrantes-muertas-y-desaparecidas-en-el-mar-y-sus-familias\/"]}]},{"@type":"ImageObject","inLanguage":"es","@id":"https:\/\/www.pressenza.com\/es\/2022\/11\/mas-de-100-organizaciones-proponen-medidas-para-el-trato-digno-a-las-personas-migrantes-muertas-y-desaparecidas-en-el-mar-y-sus-familias\/#primaryimage","url":"https:\/\/www.pressenza.com\/wp-content\/uploads\/2022\/11\/primer_fallecimiento_patera_Foto_Ildefonso_Sena.jpeg","contentUrl":"https:\/\/www.pressenza.com\/wp-content\/uploads\/2022\/11\/primer_fallecimiento_patera_Foto_Ildefonso_Sena.jpeg","width":948,"height":465},{"@type":"BreadcrumbList","@id":"https:\/\/www.pressenza.com\/es\/2022\/11\/mas-de-100-organizaciones-proponen-medidas-para-el-trato-digno-a-las-personas-migrantes-muertas-y-desaparecidas-en-el-mar-y-sus-familias\/#breadcrumb","itemListElement":[{"@type":"ListItem","position":1,"name":"Accueil","item":"https:\/\/www.pressenza.com\/es\/"},{"@type":"ListItem","position":2,"name":"M\u00e1s de 100 organizaciones proponen medidas para el trato digno a las personas migrantes muertas y desaparecidas en el mar y sus familias"}]},{"@type":"WebSite","@id":"https:\/\/www.pressenza.com\/es\/#website","url":"https:\/\/www.pressenza.com\/es\/","name":"Pressenza","description":"International Press Agency","publisher":{"@id":"https:\/\/www.pressenza.com\/es\/#organization"},"potentialAction":[{"@type":"SearchAction","target":{"@type":"EntryPoint","urlTemplate":"https:\/\/www.pressenza.com\/es\/?s={search_term_string}"},"query-input":{"@type":"PropertyValueSpecification","valueRequired":true,"valueName":"search_term_string"}}],"inLanguage":"es"},{"@type":"Organization","@id":"https:\/\/www.pressenza.com\/es\/#organization","name":"Pressenza","url":"https:\/\/www.pressenza.com\/es\/","logo":{"@type":"ImageObject","inLanguage":"es","@id":"https:\/\/www.pressenza.com\/es\/#\/schema\/logo\/image\/","url":"https:\/\/www.pressenza.com\/wp-content\/uploads\/2022\/10\/pressenza_logo_200x200.jpg","contentUrl":"https:\/\/www.pressenza.com\/wp-content\/uploads\/2022\/10\/pressenza_logo_200x200.jpg","width":200,"height":200,"caption":"Pressenza"},"image":{"@id":"https:\/\/www.pressenza.com\/es\/#\/schema\/logo\/image\/"},"sameAs":["https:\/\/www.facebook.com\/PressenzaItalia","https:\/\/x.com\/PressenzaIPA"]},{"@type":"Person","@id":"https:\/\/www.pressenza.com\/es\/#\/schema\/person\/56539d338f9dde4fe54c8771b432ed21","name":"Asociaci\u00f3n Pro Derechos Humanos de Andaluc\u00eda (APDHA)","description":"La Asociaci\u00f3n Pro Derechos Humanos de Andaluc\u00eda (APDHA) trabaja con el objetivo de lograr que las personas sean libres e iguales en dignidad y derechos","sameAs":["https:\/\/www.apdha.org"],"url":"https:\/\/www.pressenza.com\/es\/author\/apdha\/"}]}},"place":"Sevilla, Espa\u00f1a","original_article_url":"","_links":{"self":[{"href":"https:\/\/www.pressenza.com\/es\/wp-json\/wp\/v2\/posts\/1691211","targetHints":{"allow":["GET"]}}],"collection":[{"href":"https:\/\/www.pressenza.com\/es\/wp-json\/wp\/v2\/posts"}],"about":[{"href":"https:\/\/www.pressenza.com\/es\/wp-json\/wp\/v2\/types\/post"}],"author":[{"embeddable":true,"href":"https:\/\/www.pressenza.com\/es\/wp-json\/wp\/v2\/users\/1542"}],"replies":[{"embeddable":true,"href":"https:\/\/www.pressenza.com\/es\/wp-json\/wp\/v2\/comments?post=1691211"}],"version-history":[{"count":0,"href":"https:\/\/www.pressenza.com\/es\/wp-json\/wp\/v2\/posts\/1691211\/revisions"}],"wp:featuredmedia":[{"embeddable":true,"href":"https:\/\/www.pressenza.com\/es\/wp-json\/wp\/v2\/media\/1691285"}],"wp:attachment":[{"href":"https:\/\/www.pressenza.com\/es\/wp-json\/wp\/v2\/media?parent=1691211"}],"wp:term":[{"taxonomy":"category","embeddable":true,"href":"https:\/\/www.pressenza.com\/es\/wp-json\/wp\/v2\/categories?post=1691211"},{"taxonomy":"post_tag","embeddable":true,"href":"https:\/\/www.pressenza.com\/es\/wp-json\/wp\/v2\/tags?post=1691211"}],"curies":[{"name":"wp","href":"https:\/\/api.w.org\/{rel}","templated":true}]}}