{"id":1690531,"date":"2022-10-30T21:42:27","date_gmt":"2022-10-30T21:42:27","guid":{"rendered":"https:\/\/www.pressenza.com\/?p=1690531"},"modified":"2022-10-30T21:42:27","modified_gmt":"2022-10-30T21:42:27","slug":"una-carta-una-historia","status":"publish","type":"post","link":"https:\/\/www.pressenza.com\/es\/2022\/10\/una-carta-una-historia\/","title":{"rendered":"Una carta, una historia"},"content":{"rendered":"<p>La comunicaci\u00f3n epistolar es un recuerdo del pasado, una pr\u00e1ctica obsoleta.<\/p>\n<p>En un af\u00e1n por escapar de un presente lleno de incertidumbre y contradicciones, prefiero echar la mirada a los pasados siglos para rescatar de esas brumas de la memoria uno de los objetos m\u00e1s preciados: la carta. Heredera de los antiguos manuscritos, en donde se plasmaba con exquisito estilo la Historia de la Humanidad, la carta -ese trozo de papel cargado de significado- sobrevivi\u00f3 a las guerras, los avances de la industria, las crisis existenciales y los obst\u00e1culos geogr\u00e1ficos que retardaban su trayectoria, hasta que la derrot\u00f3 el siglo actual. Alrededor del mundo, los sistemas de distribuci\u00f3n del correo representaron una de las instituciones mas s\u00f3lidas y de mayor credibilidad, por la importancia depositada en esa pr\u00e1ctica.<\/p>\n<p>El uso de la carta, un invaluable archivo documental a lo largo de la historia, se ha extinguido. La eficacia de los sistemas instant\u00e1neos desarrollados mediante un avance tecnol\u00f3gico vertiginoso, han acabado con la necesidad y, por ende, con las perspectivas de supervivencia de un modo de relaci\u00f3n que toca las fronteras del arte. Las generaciones educadas en la escritura manual han desaparecido, para ser sustituidas por usuarios de computadoras y tel\u00e9fonos inteligentes desde los cuales se precia mas la rapidez que el contenido, perdi\u00e9ndose irremisiblemente\u00a0\u00a0todo el valor impl\u00edcito en un documento personal e \u00edntimo.<\/p>\n<p>La carta, entre otros de sus valores, ten\u00eda la enorme cualidad de plasmar una forma de autobiograf\u00eda resultando as\u00ed mucho m\u00e1s reveladora e \u00edntima, al reflejar en sus l\u00edneas el fluir del pensamiento de manera espont\u00e1nea, sin los filtros impuestos por la obsesiva revisi\u00f3n literaria. Por esa misma raz\u00f3n, sus mejores ejemplares han llegado a poseer m\u00e1s intensidad que la novela y m\u00e1s fuerza que el ensayo, por su cualidad de hacer menos concesiones al despilfarro verbal. Para comprobarlo, nada mejor que escarbar entre las colecciones epistolares de los grandes fil\u00f3sofos, artistas y cient\u00edficos.<\/p>\n<p>Los objetivos y el modo de escribirlas pueden llegar a abarcar infinidad de posibilidades: lo literario (como en el caso de Proust) puede convertirse en el objetivo primordial, por encima del mensaje en s\u00ed, demostrando que un escritor dif\u00edcilmente puede dejar de serlo aun cuando est\u00e9 transmitiendo sus sentimientos m\u00e1s \u00edntimos en un trozo de papel supuesto a ser destruido. Sin embargo, tambi\u00e9n existe la dificultad intr\u00ednseca en el hecho de utilizar el m\u00e9todo epistolar; y es la imposibilidad de mantener una conversaci\u00f3n amena, profunda, ligera, imprevisible y afectuosa, todo a un tiempo, haciendo abstracci\u00f3n del hecho de que entre una y otra intervenciones pueden transcurrir semanas o meses.<\/p>\n<p>Al perderse la carta, se ha perdido la expresi\u00f3n manuscrita absolutamente individual, transformando al texto en una pieza mec\u00e1nica, dise\u00f1ada y moldeada de manera artificial. Ya no existen m\u00e1s los renglones torcidos, las se\u00f1as individuales ni la posibilidad de cometer errores, los cuales se corrigen de modo autom\u00e1tico. Tampoco est\u00e1 el hecho de abrir el sobre y disfrutar del momento de revelar su contenido. La aut\u00e9ntica carta era una pieza irrepetible, escrita de un tir\u00f3n con un estilo coloquial semejante al lenguaje hablado. Es decir, un lenguaje \u00fanico capaz de transmitir pensamientos, sentimientos y actitudes, con la connotaci\u00f3n \u00edntima del t\u00fa a t\u00fa. Esta pr\u00e1ctica extinta para las mayor\u00edas, quiz\u00e1s permanezca latente para un rescate reservado al uso exclusivo de unos pocos nost\u00e1lgicos.<\/p>\n<p>Recibir el correo era la expectativa de obtener una respuesta, un mensaje esperado.<\/p>\n","protected":false},"excerpt":{"rendered":"<p>La comunicaci\u00f3n epistolar es un recuerdo del pasado, una pr\u00e1ctica obsoleta. En un af\u00e1n por escapar de un presente lleno de incertidumbre y contradicciones, prefiero echar la mirada a los pasados siglos para rescatar de esas brumas de la memoria&hellip;<\/p>\n","protected":false},"author":1296,"featured_media":1690532,"comment_status":"closed","ping_status":"closed","sticky":false,"template":"","format":"standard","meta":{"footnotes":""},"categories":[11389,75,161,67],"tags":[107000],"class_list":["post-1690531","post","type-post","status-publish","format-standard","has-post-thumbnail","hentry","category-contenido-original","category-cultura-es","category-opiniones","category-sudamerica","tag-carta-es"],"yoast_head":"<!-- This site is optimized with the Yoast SEO plugin v27.1.1 - https:\/\/yoast.com\/product\/yoast-seo-wordpress\/ -->\n<title>Una carta, una historia<\/title>\n<meta name=\"description\" content=\"La comunicaci\u00f3n epistolar es un recuerdo del pasado, una pr\u00e1ctica obsoleta. En un af\u00e1n por escapar de un presente lleno de incertidumbre y\" \/>\n<meta name=\"robots\" content=\"index, follow, max-snippet:-1, max-image-preview:large, max-video-preview:-1\" \/>\n<link rel=\"canonical\" href=\"https:\/\/www.pressenza.com\/es\/2022\/10\/una-carta-una-historia\/\" \/>\n<meta property=\"og:locale\" content=\"es_ES\" \/>\n<meta property=\"og:type\" content=\"article\" \/>\n<meta property=\"og:title\" content=\"Una carta, una historia\" \/>\n<meta property=\"og:description\" content=\"La comunicaci\u00f3n epistolar es un recuerdo del pasado, una pr\u00e1ctica obsoleta. En un af\u00e1n por escapar de un presente lleno de incertidumbre y\" \/>\n<meta property=\"og:url\" content=\"https:\/\/www.pressenza.com\/es\/2022\/10\/una-carta-una-historia\/\" \/>\n<meta property=\"og:site_name\" content=\"Pressenza\" \/>\n<meta property=\"article:publisher\" content=\"https:\/\/www.facebook.com\/PressenzaItalia\" \/>\n<meta property=\"article:author\" content=\"https:\/\/www.facebook.com\/pages\/Carolina-V\u00e1squez-Araya\/241844515845237?fref=ts\" \/>\n<meta property=\"article:published_time\" content=\"2022-10-30T21:42:27+00:00\" \/>\n<meta property=\"og:image\" content=\"https:\/\/www.pressenza.com\/wp-content\/uploads\/2022\/10\/maxresdefault.jpg\" \/>\n\t<meta property=\"og:image:width\" content=\"1280\" \/>\n\t<meta property=\"og:image:height\" content=\"720\" \/>\n\t<meta property=\"og:image:type\" content=\"image\/jpeg\" \/>\n<meta name=\"author\" content=\"Carolina V\u00e1squez Araya\" \/>\n<meta name=\"twitter:card\" content=\"summary_large_image\" \/>\n<meta name=\"twitter:creator\" content=\"@carvasar\" \/>\n<meta name=\"twitter:site\" content=\"@PressenzaIPA\" \/>\n<meta name=\"twitter:label1\" content=\"Escrito por\" \/>\n\t<meta name=\"twitter:data1\" content=\"Carolina V\u00e1squez Araya\" \/>\n\t<meta name=\"twitter:label2\" content=\"Tiempo de lectura\" \/>\n\t<meta name=\"twitter:data2\" content=\"3 minutos\" \/>\n<script type=\"application\/ld+json\" class=\"yoast-schema-graph\">{\"@context\":\"https:\/\/schema.org\",\"@graph\":[{\"@type\":\"Article\",\"@id\":\"https:\/\/www.pressenza.com\/es\/2022\/10\/una-carta-una-historia\/#article\",\"isPartOf\":{\"@id\":\"https:\/\/www.pressenza.com\/es\/2022\/10\/una-carta-una-historia\/\"},\"author\":{\"name\":\"Carolina V\u00e1squez Araya\",\"@id\":\"https:\/\/www.pressenza.com\/es\/#\/schema\/person\/6936ca3bb8dee618b5cdfd0e4427cdd6\"},\"headline\":\"Una carta, una historia\",\"datePublished\":\"2022-10-30T21:42:27+00:00\",\"mainEntityOfPage\":{\"@id\":\"https:\/\/www.pressenza.com\/es\/2022\/10\/una-carta-una-historia\/\"},\"wordCount\":613,\"publisher\":{\"@id\":\"https:\/\/www.pressenza.com\/es\/#organization\"},\"image\":{\"@id\":\"https:\/\/www.pressenza.com\/es\/2022\/10\/una-carta-una-historia\/#primaryimage\"},\"thumbnailUrl\":\"https:\/\/www.pressenza.com\/wp-content\/uploads\/2022\/10\/maxresdefault.jpg\",\"keywords\":[\"carta\"],\"articleSection\":[\"Contenido Original\",\"Cultura y Medios\",\"Opiniones\",\"Sudam\u00e9rica\"],\"inLanguage\":\"es\"},{\"@type\":\"WebPage\",\"@id\":\"https:\/\/www.pressenza.com\/es\/2022\/10\/una-carta-una-historia\/\",\"url\":\"https:\/\/www.pressenza.com\/es\/2022\/10\/una-carta-una-historia\/\",\"name\":\"Una carta, una historia\",\"isPartOf\":{\"@id\":\"https:\/\/www.pressenza.com\/es\/#website\"},\"primaryImageOfPage\":{\"@id\":\"https:\/\/www.pressenza.com\/es\/2022\/10\/una-carta-una-historia\/#primaryimage\"},\"image\":{\"@id\":\"https:\/\/www.pressenza.com\/es\/2022\/10\/una-carta-una-historia\/#primaryimage\"},\"thumbnailUrl\":\"https:\/\/www.pressenza.com\/wp-content\/uploads\/2022\/10\/maxresdefault.jpg\",\"datePublished\":\"2022-10-30T21:42:27+00:00\",\"description\":\"La comunicaci\u00f3n epistolar es un recuerdo del pasado, una pr\u00e1ctica obsoleta. En un af\u00e1n por escapar de un presente lleno de incertidumbre y\",\"breadcrumb\":{\"@id\":\"https:\/\/www.pressenza.com\/es\/2022\/10\/una-carta-una-historia\/#breadcrumb\"},\"inLanguage\":\"es\",\"potentialAction\":[{\"@type\":\"ReadAction\",\"target\":[\"https:\/\/www.pressenza.com\/es\/2022\/10\/una-carta-una-historia\/\"]}]},{\"@type\":\"ImageObject\",\"inLanguage\":\"es\",\"@id\":\"https:\/\/www.pressenza.com\/es\/2022\/10\/una-carta-una-historia\/#primaryimage\",\"url\":\"https:\/\/www.pressenza.com\/wp-content\/uploads\/2022\/10\/maxresdefault.jpg\",\"contentUrl\":\"https:\/\/www.pressenza.com\/wp-content\/uploads\/2022\/10\/maxresdefault.jpg\",\"width\":1280,\"height\":720,\"caption\":\"YouTube\"},{\"@type\":\"BreadcrumbList\",\"@id\":\"https:\/\/www.pressenza.com\/es\/2022\/10\/una-carta-una-historia\/#breadcrumb\",\"itemListElement\":[{\"@type\":\"ListItem\",\"position\":1,\"name\":\"Accueil\",\"item\":\"https:\/\/www.pressenza.com\/es\/\"},{\"@type\":\"ListItem\",\"position\":2,\"name\":\"Una carta, una historia\"}]},{\"@type\":\"WebSite\",\"@id\":\"https:\/\/www.pressenza.com\/es\/#website\",\"url\":\"https:\/\/www.pressenza.com\/es\/\",\"name\":\"Pressenza\",\"description\":\"International Press Agency\",\"publisher\":{\"@id\":\"https:\/\/www.pressenza.com\/es\/#organization\"},\"potentialAction\":[{\"@type\":\"SearchAction\",\"target\":{\"@type\":\"EntryPoint\",\"urlTemplate\":\"https:\/\/www.pressenza.com\/es\/?s={search_term_string}\"},\"query-input\":{\"@type\":\"PropertyValueSpecification\",\"valueRequired\":true,\"valueName\":\"search_term_string\"}}],\"inLanguage\":\"es\"},{\"@type\":\"Organization\",\"@id\":\"https:\/\/www.pressenza.com\/es\/#organization\",\"name\":\"Pressenza\",\"url\":\"https:\/\/www.pressenza.com\/es\/\",\"logo\":{\"@type\":\"ImageObject\",\"inLanguage\":\"es\",\"@id\":\"https:\/\/www.pressenza.com\/es\/#\/schema\/logo\/image\/\",\"url\":\"https:\/\/www.pressenza.com\/wp-content\/uploads\/2022\/10\/pressenza_logo_200x200.jpg\",\"contentUrl\":\"https:\/\/www.pressenza.com\/wp-content\/uploads\/2022\/10\/pressenza_logo_200x200.jpg\",\"width\":200,\"height\":200,\"caption\":\"Pressenza\"},\"image\":{\"@id\":\"https:\/\/www.pressenza.com\/es\/#\/schema\/logo\/image\/\"},\"sameAs\":[\"https:\/\/www.facebook.com\/PressenzaItalia\",\"https:\/\/x.com\/PressenzaIPA\"]},{\"@type\":\"Person\",\"@id\":\"https:\/\/www.pressenza.com\/es\/#\/schema\/person\/6936ca3bb8dee618b5cdfd0e4427cdd6\",\"name\":\"Carolina V\u00e1squez Araya\",\"description\":\"Periodista y editora con m\u00e1s de 30 a\u00f1os de experiencia, cuyos logros profesionales en el desarrollo de proyectos de gran \u00e9xito avalan sus cualidades de liderazgo, creatividad y relaciones p\u00fablicas. Ha aportado sus conocimientos en proyectos de organizaciones con intereses orientados al desarrollo social, cultural y econ\u00f3mico del pa\u00eds, con especial \u00e9nfasis en el sector de cultura y educaci\u00f3n, emprendimiento, derechos humanos, justicia, ambiente, mujeres y ni\u00f1ez. Chilena en Guatemala. elquintopatio.wordpress.com\",\"sameAs\":[\"https:\/\/www.facebook.com\/pages\/Carolina-V\u00e1squez-Araya\/241844515845237?fref=ts\",\"https:\/\/x.com\/carvasar\"],\"url\":\"https:\/\/www.pressenza.com\/es\/author\/carolina-vasquez-araya\/\"}]}<\/script>\n<!-- \/ Yoast SEO plugin. -->","yoast_head_json":{"title":"Una carta, una historia","description":"La comunicaci\u00f3n epistolar es un recuerdo del pasado, una pr\u00e1ctica obsoleta. En un af\u00e1n por escapar de un presente lleno de incertidumbre y","robots":{"index":"index","follow":"follow","max-snippet":"max-snippet:-1","max-image-preview":"max-image-preview:large","max-video-preview":"max-video-preview:-1"},"canonical":"https:\/\/www.pressenza.com\/es\/2022\/10\/una-carta-una-historia\/","og_locale":"es_ES","og_type":"article","og_title":"Una carta, una historia","og_description":"La comunicaci\u00f3n epistolar es un recuerdo del pasado, una pr\u00e1ctica obsoleta. En un af\u00e1n por escapar de un presente lleno de incertidumbre y","og_url":"https:\/\/www.pressenza.com\/es\/2022\/10\/una-carta-una-historia\/","og_site_name":"Pressenza","article_publisher":"https:\/\/www.facebook.com\/PressenzaItalia","article_author":"https:\/\/www.facebook.com\/pages\/Carolina-V\u00e1squez-Araya\/241844515845237?fref=ts","article_published_time":"2022-10-30T21:42:27+00:00","og_image":[{"width":1280,"height":720,"url":"https:\/\/www.pressenza.com\/wp-content\/uploads\/2022\/10\/maxresdefault.jpg","type":"image\/jpeg"}],"author":"Carolina V\u00e1squez Araya","twitter_card":"summary_large_image","twitter_creator":"@carvasar","twitter_site":"@PressenzaIPA","twitter_misc":{"Escrito por":"Carolina V\u00e1squez Araya","Tiempo de lectura":"3 minutos"},"schema":{"@context":"https:\/\/schema.org","@graph":[{"@type":"Article","@id":"https:\/\/www.pressenza.com\/es\/2022\/10\/una-carta-una-historia\/#article","isPartOf":{"@id":"https:\/\/www.pressenza.com\/es\/2022\/10\/una-carta-una-historia\/"},"author":{"name":"Carolina V\u00e1squez Araya","@id":"https:\/\/www.pressenza.com\/es\/#\/schema\/person\/6936ca3bb8dee618b5cdfd0e4427cdd6"},"headline":"Una carta, una historia","datePublished":"2022-10-30T21:42:27+00:00","mainEntityOfPage":{"@id":"https:\/\/www.pressenza.com\/es\/2022\/10\/una-carta-una-historia\/"},"wordCount":613,"publisher":{"@id":"https:\/\/www.pressenza.com\/es\/#organization"},"image":{"@id":"https:\/\/www.pressenza.com\/es\/2022\/10\/una-carta-una-historia\/#primaryimage"},"thumbnailUrl":"https:\/\/www.pressenza.com\/wp-content\/uploads\/2022\/10\/maxresdefault.jpg","keywords":["carta"],"articleSection":["Contenido Original","Cultura y Medios","Opiniones","Sudam\u00e9rica"],"inLanguage":"es"},{"@type":"WebPage","@id":"https:\/\/www.pressenza.com\/es\/2022\/10\/una-carta-una-historia\/","url":"https:\/\/www.pressenza.com\/es\/2022\/10\/una-carta-una-historia\/","name":"Una carta, una historia","isPartOf":{"@id":"https:\/\/www.pressenza.com\/es\/#website"},"primaryImageOfPage":{"@id":"https:\/\/www.pressenza.com\/es\/2022\/10\/una-carta-una-historia\/#primaryimage"},"image":{"@id":"https:\/\/www.pressenza.com\/es\/2022\/10\/una-carta-una-historia\/#primaryimage"},"thumbnailUrl":"https:\/\/www.pressenza.com\/wp-content\/uploads\/2022\/10\/maxresdefault.jpg","datePublished":"2022-10-30T21:42:27+00:00","description":"La comunicaci\u00f3n epistolar es un recuerdo del pasado, una pr\u00e1ctica obsoleta. En un af\u00e1n por escapar de un presente lleno de incertidumbre y","breadcrumb":{"@id":"https:\/\/www.pressenza.com\/es\/2022\/10\/una-carta-una-historia\/#breadcrumb"},"inLanguage":"es","potentialAction":[{"@type":"ReadAction","target":["https:\/\/www.pressenza.com\/es\/2022\/10\/una-carta-una-historia\/"]}]},{"@type":"ImageObject","inLanguage":"es","@id":"https:\/\/www.pressenza.com\/es\/2022\/10\/una-carta-una-historia\/#primaryimage","url":"https:\/\/www.pressenza.com\/wp-content\/uploads\/2022\/10\/maxresdefault.jpg","contentUrl":"https:\/\/www.pressenza.com\/wp-content\/uploads\/2022\/10\/maxresdefault.jpg","width":1280,"height":720,"caption":"YouTube"},{"@type":"BreadcrumbList","@id":"https:\/\/www.pressenza.com\/es\/2022\/10\/una-carta-una-historia\/#breadcrumb","itemListElement":[{"@type":"ListItem","position":1,"name":"Accueil","item":"https:\/\/www.pressenza.com\/es\/"},{"@type":"ListItem","position":2,"name":"Una carta, una historia"}]},{"@type":"WebSite","@id":"https:\/\/www.pressenza.com\/es\/#website","url":"https:\/\/www.pressenza.com\/es\/","name":"Pressenza","description":"International Press Agency","publisher":{"@id":"https:\/\/www.pressenza.com\/es\/#organization"},"potentialAction":[{"@type":"SearchAction","target":{"@type":"EntryPoint","urlTemplate":"https:\/\/www.pressenza.com\/es\/?s={search_term_string}"},"query-input":{"@type":"PropertyValueSpecification","valueRequired":true,"valueName":"search_term_string"}}],"inLanguage":"es"},{"@type":"Organization","@id":"https:\/\/www.pressenza.com\/es\/#organization","name":"Pressenza","url":"https:\/\/www.pressenza.com\/es\/","logo":{"@type":"ImageObject","inLanguage":"es","@id":"https:\/\/www.pressenza.com\/es\/#\/schema\/logo\/image\/","url":"https:\/\/www.pressenza.com\/wp-content\/uploads\/2022\/10\/pressenza_logo_200x200.jpg","contentUrl":"https:\/\/www.pressenza.com\/wp-content\/uploads\/2022\/10\/pressenza_logo_200x200.jpg","width":200,"height":200,"caption":"Pressenza"},"image":{"@id":"https:\/\/www.pressenza.com\/es\/#\/schema\/logo\/image\/"},"sameAs":["https:\/\/www.facebook.com\/PressenzaItalia","https:\/\/x.com\/PressenzaIPA"]},{"@type":"Person","@id":"https:\/\/www.pressenza.com\/es\/#\/schema\/person\/6936ca3bb8dee618b5cdfd0e4427cdd6","name":"Carolina V\u00e1squez Araya","description":"Periodista y editora con m\u00e1s de 30 a\u00f1os de experiencia, cuyos logros profesionales en el desarrollo de proyectos de gran \u00e9xito avalan sus cualidades de liderazgo, creatividad y relaciones p\u00fablicas. Ha aportado sus conocimientos en proyectos de organizaciones con intereses orientados al desarrollo social, cultural y econ\u00f3mico del pa\u00eds, con especial \u00e9nfasis en el sector de cultura y educaci\u00f3n, emprendimiento, derechos humanos, justicia, ambiente, mujeres y ni\u00f1ez. Chilena en Guatemala. elquintopatio.wordpress.com","sameAs":["https:\/\/www.facebook.com\/pages\/Carolina-V\u00e1squez-Araya\/241844515845237?fref=ts","https:\/\/x.com\/carvasar"],"url":"https:\/\/www.pressenza.com\/es\/author\/carolina-vasquez-araya\/"}]}},"place":"Cuenca, Ecuador","original_article_url":"","_links":{"self":[{"href":"https:\/\/www.pressenza.com\/es\/wp-json\/wp\/v2\/posts\/1690531","targetHints":{"allow":["GET"]}}],"collection":[{"href":"https:\/\/www.pressenza.com\/es\/wp-json\/wp\/v2\/posts"}],"about":[{"href":"https:\/\/www.pressenza.com\/es\/wp-json\/wp\/v2\/types\/post"}],"author":[{"embeddable":true,"href":"https:\/\/www.pressenza.com\/es\/wp-json\/wp\/v2\/users\/1296"}],"replies":[{"embeddable":true,"href":"https:\/\/www.pressenza.com\/es\/wp-json\/wp\/v2\/comments?post=1690531"}],"version-history":[{"count":0,"href":"https:\/\/www.pressenza.com\/es\/wp-json\/wp\/v2\/posts\/1690531\/revisions"}],"wp:featuredmedia":[{"embeddable":true,"href":"https:\/\/www.pressenza.com\/es\/wp-json\/wp\/v2\/media\/1690532"}],"wp:attachment":[{"href":"https:\/\/www.pressenza.com\/es\/wp-json\/wp\/v2\/media?parent=1690531"}],"wp:term":[{"taxonomy":"category","embeddable":true,"href":"https:\/\/www.pressenza.com\/es\/wp-json\/wp\/v2\/categories?post=1690531"},{"taxonomy":"post_tag","embeddable":true,"href":"https:\/\/www.pressenza.com\/es\/wp-json\/wp\/v2\/tags?post=1690531"}],"curies":[{"name":"wp","href":"https:\/\/api.w.org\/{rel}","templated":true}]}}