{"id":1689430,"date":"2022-10-25T19:11:58","date_gmt":"2022-10-25T18:11:58","guid":{"rendered":"https:\/\/www.pressenza.com\/?p=1689430"},"modified":"2022-10-25T19:14:49","modified_gmt":"2022-10-25T18:14:49","slug":"premian-al-instituto-bahai-para-la-educacion-superior-de-iran","status":"publish","type":"post","link":"https:\/\/www.pressenza.com\/es\/2022\/10\/premian-al-instituto-bahai-para-la-educacion-superior-de-iran\/","title":{"rendered":"Premian al Instituto Bah\u00e1&#8217;\u00ed para la Educaci\u00f3n Superior de Ir\u00e1n"},"content":{"rendered":"<p style=\"padding-left: 40px;\">La Diputaci\u00f3n de Girona junto a la Asociaci\u00f3n LiberPress han reconocido este a\u00f1o al Instituto Bah\u00e1&#8217;\u00ed para la Educaci\u00f3n Superior de Ir\u00e1n (<a href=\"http:\/\/www.bihe.org\/\" target=\"_blank\" rel=\"noopener\">BIHE<\/a>), con el Premio LiberPress 2022, por su valiosa labor educativa para contribuir a la formaci\u00f3n superior de miles de j\u00f3venes que por motivos religiosos ven negado su derecho de acceso a la universidad p\u00fablica en su pa\u00eds natal.<\/p>\n<p>La XXIII Edici\u00f3n de los Premios Internacionales LiberPress organizados por la Diputaci\u00f3n de Girona y la Asociaci\u00f3n LiberPress se dedican a la cultura de la paz y los valores que se vinculan a ella: justicia, libertad, igualdad social y di\u00e1logo social. La ceremonia de entrega de estos galardones anuales ha tenido lugar el pasado 27 de octubre en el Auditorio de Girona, premiando a distinguidos personajes del \u00e1mbito mundial que han destacado por su labor independiente, democr\u00e1tica y solidaria.<\/p>\n<p>\u201cConcedemos a el BIHE el Premio LiberPress 2.022, por ser un magn\u00edfico proyecto para ayudar a la supervivencia, educaci\u00f3n y formaci\u00f3n del pueblo bah\u00e1\u2019\u00ed, discriminado en el estudio y en el empleo por su cultura y su religi\u00f3n; y por la creaci\u00f3n y desarrollo de una excelente Universidad que ha logrado evitar en lo posible esta inmensa injusticia y la vulneraci\u00f3n de los Derechos Humanos\u201d, destac\u00f3 Carles McCragh President de LiberPress al momento de hacer el reconocimiento.<\/p>\n<p>\u201cEs su instituci\u00f3n y las personas que la crearon \u2013m\u00e1s de 955 personas, entre administrativos y docentes alrededor del mundo\u2013 un ejemplo de imaginaci\u00f3n, tenacidad y lucha por el futuro de las nuevas generaciones de un pueblo diverso y maravilloso. Y todo ello hay que darlo a conocer\u201d, a\u00f1adi\u00f3 McCragh.<\/p>\n<p>Este Instituto de Educaci\u00f3n Superior, fue fundado en Ir\u00e1n en el a\u00f1o 1987 en respuesta a la continua campa\u00f1a del gobierno para negar a los j\u00f3venes bah\u00e1&#8217;\u00eds iran\u00edes el acceso a la educaci\u00f3n superior como parte de su pol\u00edtica de estado de persecuci\u00f3n a la minor\u00eda no musulmana m\u00e1s grande del pa\u00eds, la religi\u00f3n bah\u00e1\u2019\u00ed, siendo esta medida una parte de la amplia estrategia dise\u00f1ada en el memor\u00e1ndum<a href=\"#_ftn1\" name=\"_ftnref\"><sup>[1]<\/sup><\/a>, <a href=\"https:\/\/www.bic.org\/sites\/default\/files\/pdf\/tbqu_spanish_170918_004.pdf\">\u201cL<\/a><a href=\"https:\/\/www.bic.org\/sites\/default\/files\/pdf\/tbqu_spanish_170918_004.pdf\" target=\"_blank\" rel=\"noopener\"><em>a Cuesti\u00f3n Bah\u00e1\u2019\u00ed,<\/em><\/a> con el fin de \u201cponer freno al progreso y desarrollo\u201d de toda la comunidad religiosa.<\/p>\n<div id=\"attachment_1689432\" class=\"wp-caption alignnone\"><img loading=\"lazy\" decoding=\"async\" aria-describedby=\"caption-attachment-1689432\" class=\"wp-image-1689432 size-full\" src=\"https:\/\/www.pressenza.com\/wp-content\/uploads\/2022\/10\/Foto-3-Estudiante-negado-acceso-Univ.png\" alt=\"\" width=\"1024\" height=\"791\" srcset=\"https:\/\/www.pressenza.com\/wp-content\/uploads\/2022\/10\/Foto-3-Estudiante-negado-acceso-Univ.png 1024w, https:\/\/www.pressenza.com\/wp-content\/uploads\/2022\/10\/Foto-3-Estudiante-negado-acceso-Univ-300x232.png 300w, https:\/\/www.pressenza.com\/wp-content\/uploads\/2022\/10\/Foto-3-Estudiante-negado-acceso-Univ-820x633.png 820w\" sizes=\"auto, (max-width: 1024px) 100vw, 1024px\" \/><p id=\"caption-attachment-1689432\" class=\"wp-caption-text\">Foto Comunidad Bah\u00e1&#8217;i de Espa\u00f1a<\/p><\/div>\n<p>Shakib Nasrollah, Dr. en Psicolog\u00eda, ha llegado desde Canad\u00e1 como representante del BIHE para recibir el premio LiberPress 2022, \u00e9l comenta que en la actualidad tienen 5 facultades, en las que ofrece 18 programas de pregrado y 19 programas de postgrado en las \u00e1reas acad\u00e9micas de Ciencias, Ingenier\u00eda, Negocios y Administraci\u00f3n, Humanidades y Ciencias Sociales, adem\u00e1s de contar con m\u00e1s de 102 acuerdos con universidades internacionales en USA, Canad\u00e1, Europa y Australia que reconocen la formaci\u00f3n de sus estudiantes.<\/p>\n<p>En estos 35 a\u00f1os de trayector\u00eda nada ha sido f\u00e1cil para el BIHE y sus estudiantes quienes comenzaron a asistir a clases en hogares particulares por todo el pa\u00eds y por correspondencia, contando adem\u00e1s con alg\u00fan n\u00famero reducido de aulas especializadas como laboratorios y bibliotecas situados en lugares dispersos y siempre bajo estricta confidencialidad.<\/p>\n<p>Shoreh, residente en Madrid y graduada en la primera promoci\u00f3n recuerda: \u201ctuvimos que estudiar bajo la constante amenaza de ser arrestados. Tener libros de la universidad era un delito y ponerlos en nuestras mochilas para llegar a casas donde ten\u00edamos los ex\u00e1menes era arriesgado\u201d.<\/p>\n<p>En su primera d\u00e9cada, el Instituto lleg\u00f3 a contar con 900 estudiantes matriculados al a\u00f1o. Sin embargo, qued\u00f3 temporalmente clausurado en 1998 y en el 2011 cuando el gobierno orquest\u00f3 una serie de redadas en las que arrestaron a profesores y personal administrativo, donde adem\u00e1s confiscaron muchos de sus equipos y archivos.<\/p>\n<p>Entre los arrestados y condenados a penas de cuatro o cinco a\u00f1os de c\u00e1rcel por los presuntos delitos de \u201cconspirar contra la seguridad nacional y establecer el ilegal Instituto Bah\u00e1\u2019\u00ed de Educaci\u00f3n Superior\u201d estuvo el Dr. Nasrollah quien hoy asiste a recibir el premio LiberPress.<\/p>\n<p>Nasrollah, despu\u00e9s de cumplir una injusta condena decidi\u00f3 emigrar a Canad\u00e1, desde donde ahora sigue apoyando el desarrollo del BIHE y nos cuenta, que \u201choy los ataques en Ir\u00e1n, adem\u00e1s de f\u00edsicos, son cibern\u00e9ticos. Los encargados de sistemas continuamente tienen que restaurar la plataforma educativa on line cada vez que sufren un boicot tecnol\u00f3gico\u201d.<\/p>\n<p>En la actualidad m\u00e1s de 400 estudiantes nuevos se matriculan cada a\u00f1o. \u201cEl compromiso del BIHE con altos est\u00e1ndares acad\u00e9micos, su colaboraci\u00f3n internacional y su entorno innovador de ense\u00f1anza y aprendizaje gozan de un reconocimiento cada vez mayor, y muchos de sus graduados han sido admitidos en programas de posgrado en otros pa\u00edses, optando la mayor\u00eda de ellos por regresar a su pa\u00eds de origen para contribuir al desarrollo de sus ciudades\u201d, declara Nasrollah, \u201cpor eso el premio y reconocimiento que recibimos de LiberPress es un aliciente para todos los ciudadanos iran\u00edes que son un ejemplo de resiliencia constructiva y desean aportar al desarrollo de su tierra natal\u201d.<\/p>\n<p>Para m\u00e1s informaci\u00f3n, recomendamos ver el <a href=\"https:\/\/www.youtube.com\/watch?v=O2723UMhWlo\" target=\"_blank\" rel=\"noopener\">Film de Maziar Bahari \u201cEncender una vela\u201d<\/a> .<\/p>\n<hr \/>\n<p><a href=\"#_ftnref\" name=\"_ftn1\"><sup>[1]<\/sup><\/a> <a href=\"https:\/\/www.bic.org\/sites\/default\/files\/pdf\/tbqu_spanish_170918_004.pdf\">La Cuesti\u00f3n Bah\u00e1\u2019\u00ed<\/a>, p\u00e1g. 92 a 95.<\/p>\n","protected":false},"excerpt":{"rendered":"<p>La Diputaci\u00f3n de Girona junto a la Asociaci\u00f3n LiberPress han reconocido este a\u00f1o al Instituto Bah\u00e1&#8217;\u00ed para la Educaci\u00f3n Superior de Ir\u00e1n (BIHE), con el Premio LiberPress 2022, por su valiosa labor educativa para contribuir a la formaci\u00f3n superior de&hellip;<\/p>\n","protected":false},"author":94,"featured_media":1689431,"comment_status":"closed","ping_status":"closed","sticky":false,"template":"","format":"standard","meta":{"footnotes":""},"categories":[149,1230,66,1240],"tags":[104638,106810,32212,1697,106811],"class_list":["post-1689430","post","type-post","status-publish","format-standard","has-post-thumbnail","hentry","category-comunicados-de-prensa","category-educacion-tema","category-europa-es","category-humanismo-espiritualidad","tag-bahai-es","tag-bihe","tag-comunidad-bahai","tag-iran-es","tag-premio-liberpress"],"yoast_head":"<!-- This site is optimized with the Yoast SEO plugin v27.1.1 - https:\/\/yoast.com\/product\/yoast-seo-wordpress\/ -->\n<title>Premian al Instituto Bah\u00e1&#039;\u00ed para la Educaci\u00f3n Superior de Ir\u00e1n<\/title>\n<meta name=\"description\" content=\"La Diputaci\u00f3n de Girona junto a la Asociaci\u00f3n LiberPress han reconocido este a\u00f1o al Instituto Bah\u00e1&#039;\u00ed para la Educaci\u00f3n Superior de Ir\u00e1n (BIHE), con el\" \/>\n<meta name=\"robots\" content=\"index, follow, max-snippet:-1, max-image-preview:large, max-video-preview:-1\" \/>\n<link rel=\"canonical\" href=\"https:\/\/www.pressenza.com\/es\/2022\/10\/premian-al-instituto-bahai-para-la-educacion-superior-de-iran\/\" \/>\n<meta property=\"og:locale\" content=\"es_ES\" \/>\n<meta property=\"og:type\" content=\"article\" \/>\n<meta property=\"og:title\" content=\"Premian al Instituto Bah\u00e1&#039;\u00ed para la Educaci\u00f3n Superior de Ir\u00e1n\" \/>\n<meta property=\"og:description\" content=\"La Diputaci\u00f3n de Girona junto a la Asociaci\u00f3n LiberPress han reconocido este a\u00f1o al Instituto Bah\u00e1&#039;\u00ed para la Educaci\u00f3n Superior de Ir\u00e1n (BIHE), con el\" \/>\n<meta property=\"og:url\" content=\"https:\/\/www.pressenza.com\/es\/2022\/10\/premian-al-instituto-bahai-para-la-educacion-superior-de-iran\/\" \/>\n<meta property=\"og:site_name\" content=\"Pressenza\" \/>\n<meta property=\"article:publisher\" content=\"https:\/\/www.facebook.com\/PressenzaItalia\" \/>\n<meta property=\"article:author\" content=\"https:\/\/www.facebook.com\/pressenza\" \/>\n<meta property=\"article:published_time\" content=\"2022-10-25T18:11:58+00:00\" \/>\n<meta property=\"article:modified_time\" content=\"2022-10-25T18:14:49+00:00\" \/>\n<meta property=\"og:image\" content=\"https:\/\/www.pressenza.com\/wp-content\/uploads\/2022\/10\/Foto-2-Estudiantes-BIHE.png\" \/>\n\t<meta property=\"og:image:width\" content=\"1024\" \/>\n\t<meta property=\"og:image:height\" content=\"683\" \/>\n\t<meta property=\"og:image:type\" content=\"image\/png\" \/>\n<meta name=\"author\" content=\"Redacci\u00f3n Madrid\" \/>\n<meta name=\"twitter:card\" content=\"summary_large_image\" \/>\n<meta name=\"twitter:creator\" content=\"@pressenza\" \/>\n<meta name=\"twitter:site\" content=\"@PressenzaIPA\" \/>\n<meta name=\"twitter:label1\" content=\"Escrito por\" \/>\n\t<meta name=\"twitter:data1\" content=\"Redacci\u00f3n Madrid\" \/>\n\t<meta name=\"twitter:label2\" content=\"Tiempo de lectura\" \/>\n\t<meta name=\"twitter:data2\" content=\"4 minutos\" \/>\n<script type=\"application\/ld+json\" class=\"yoast-schema-graph\">{\"@context\":\"https:\/\/schema.org\",\"@graph\":[{\"@type\":\"Article\",\"@id\":\"https:\/\/www.pressenza.com\/es\/2022\/10\/premian-al-instituto-bahai-para-la-educacion-superior-de-iran\/#article\",\"isPartOf\":{\"@id\":\"https:\/\/www.pressenza.com\/es\/2022\/10\/premian-al-instituto-bahai-para-la-educacion-superior-de-iran\/\"},\"author\":{\"name\":\"Redacci\u00f3n Madrid\",\"@id\":\"https:\/\/www.pressenza.com\/es\/#\/schema\/person\/828fc40eeca2ad7be3630e5a46adba94\"},\"headline\":\"Premian al Instituto Bah\u00e1&#8217;\u00ed para la Educaci\u00f3n Superior de Ir\u00e1n\",\"datePublished\":\"2022-10-25T18:11:58+00:00\",\"dateModified\":\"2022-10-25T18:14:49+00:00\",\"mainEntityOfPage\":{\"@id\":\"https:\/\/www.pressenza.com\/es\/2022\/10\/premian-al-instituto-bahai-para-la-educacion-superior-de-iran\/\"},\"wordCount\":903,\"publisher\":{\"@id\":\"https:\/\/www.pressenza.com\/es\/#organization\"},\"image\":{\"@id\":\"https:\/\/www.pressenza.com\/es\/2022\/10\/premian-al-instituto-bahai-para-la-educacion-superior-de-iran\/#primaryimage\"},\"thumbnailUrl\":\"https:\/\/www.pressenza.com\/wp-content\/uploads\/2022\/10\/Foto-2-Estudiantes-BIHE.png\",\"keywords\":[\"bah'ai\",\"BIHE\",\"Comunidad Bah'ai\",\"Ir\u00e1n\",\"Premio LiberPress\"],\"articleSection\":[\"Comunicados de Prensa\",\"Educaci\u00f3n\",\"Europa\",\"Humanismo y Espiritualidad\"],\"inLanguage\":\"es\"},{\"@type\":\"WebPage\",\"@id\":\"https:\/\/www.pressenza.com\/es\/2022\/10\/premian-al-instituto-bahai-para-la-educacion-superior-de-iran\/\",\"url\":\"https:\/\/www.pressenza.com\/es\/2022\/10\/premian-al-instituto-bahai-para-la-educacion-superior-de-iran\/\",\"name\":\"Premian al Instituto Bah\u00e1'\u00ed para la Educaci\u00f3n Superior de Ir\u00e1n\",\"isPartOf\":{\"@id\":\"https:\/\/www.pressenza.com\/es\/#website\"},\"primaryImageOfPage\":{\"@id\":\"https:\/\/www.pressenza.com\/es\/2022\/10\/premian-al-instituto-bahai-para-la-educacion-superior-de-iran\/#primaryimage\"},\"image\":{\"@id\":\"https:\/\/www.pressenza.com\/es\/2022\/10\/premian-al-instituto-bahai-para-la-educacion-superior-de-iran\/#primaryimage\"},\"thumbnailUrl\":\"https:\/\/www.pressenza.com\/wp-content\/uploads\/2022\/10\/Foto-2-Estudiantes-BIHE.png\",\"datePublished\":\"2022-10-25T18:11:58+00:00\",\"dateModified\":\"2022-10-25T18:14:49+00:00\",\"description\":\"La Diputaci\u00f3n de Girona junto a la Asociaci\u00f3n LiberPress han reconocido este a\u00f1o al Instituto Bah\u00e1'\u00ed para la Educaci\u00f3n Superior de Ir\u00e1n (BIHE), con el\",\"breadcrumb\":{\"@id\":\"https:\/\/www.pressenza.com\/es\/2022\/10\/premian-al-instituto-bahai-para-la-educacion-superior-de-iran\/#breadcrumb\"},\"inLanguage\":\"es\",\"potentialAction\":[{\"@type\":\"ReadAction\",\"target\":[\"https:\/\/www.pressenza.com\/es\/2022\/10\/premian-al-instituto-bahai-para-la-educacion-superior-de-iran\/\"]}]},{\"@type\":\"ImageObject\",\"inLanguage\":\"es\",\"@id\":\"https:\/\/www.pressenza.com\/es\/2022\/10\/premian-al-instituto-bahai-para-la-educacion-superior-de-iran\/#primaryimage\",\"url\":\"https:\/\/www.pressenza.com\/wp-content\/uploads\/2022\/10\/Foto-2-Estudiantes-BIHE.png\",\"contentUrl\":\"https:\/\/www.pressenza.com\/wp-content\/uploads\/2022\/10\/Foto-2-Estudiantes-BIHE.png\",\"width\":1024,\"height\":683},{\"@type\":\"BreadcrumbList\",\"@id\":\"https:\/\/www.pressenza.com\/es\/2022\/10\/premian-al-instituto-bahai-para-la-educacion-superior-de-iran\/#breadcrumb\",\"itemListElement\":[{\"@type\":\"ListItem\",\"position\":1,\"name\":\"Accueil\",\"item\":\"https:\/\/www.pressenza.com\/es\/\"},{\"@type\":\"ListItem\",\"position\":2,\"name\":\"Premian al Instituto Bah\u00e1&#8217;\u00ed para la Educaci\u00f3n Superior de Ir\u00e1n\"}]},{\"@type\":\"WebSite\",\"@id\":\"https:\/\/www.pressenza.com\/es\/#website\",\"url\":\"https:\/\/www.pressenza.com\/es\/\",\"name\":\"Pressenza\",\"description\":\"International Press Agency\",\"publisher\":{\"@id\":\"https:\/\/www.pressenza.com\/es\/#organization\"},\"potentialAction\":[{\"@type\":\"SearchAction\",\"target\":{\"@type\":\"EntryPoint\",\"urlTemplate\":\"https:\/\/www.pressenza.com\/es\/?s={search_term_string}\"},\"query-input\":{\"@type\":\"PropertyValueSpecification\",\"valueRequired\":true,\"valueName\":\"search_term_string\"}}],\"inLanguage\":\"es\"},{\"@type\":\"Organization\",\"@id\":\"https:\/\/www.pressenza.com\/es\/#organization\",\"name\":\"Pressenza\",\"url\":\"https:\/\/www.pressenza.com\/es\/\",\"logo\":{\"@type\":\"ImageObject\",\"inLanguage\":\"es\",\"@id\":\"https:\/\/www.pressenza.com\/es\/#\/schema\/logo\/image\/\",\"url\":\"https:\/\/www.pressenza.com\/wp-content\/uploads\/2022\/10\/pressenza_logo_200x200.jpg\",\"contentUrl\":\"https:\/\/www.pressenza.com\/wp-content\/uploads\/2022\/10\/pressenza_logo_200x200.jpg\",\"width\":200,\"height\":200,\"caption\":\"Pressenza\"},\"image\":{\"@id\":\"https:\/\/www.pressenza.com\/es\/#\/schema\/logo\/image\/\"},\"sameAs\":[\"https:\/\/www.facebook.com\/PressenzaItalia\",\"https:\/\/x.com\/PressenzaIPA\"]},{\"@type\":\"Person\",\"@id\":\"https:\/\/www.pressenza.com\/es\/#\/schema\/person\/828fc40eeca2ad7be3630e5a46adba94\",\"name\":\"Redacci\u00f3n Madrid\",\"description\":\"News from the Pressenza Bureau in Madrid, Spain\",\"sameAs\":[\"https:\/\/www.facebook.com\/pressenza\",\"https:\/\/x.com\/pressenza\"],\"url\":\"https:\/\/www.pressenza.com\/es\/author\/redaccion-madrid\/\"}]}<\/script>\n<!-- \/ Yoast SEO plugin. -->","yoast_head_json":{"title":"Premian al Instituto Bah\u00e1'\u00ed para la Educaci\u00f3n Superior de Ir\u00e1n","description":"La Diputaci\u00f3n de Girona junto a la Asociaci\u00f3n LiberPress han reconocido este a\u00f1o al Instituto Bah\u00e1'\u00ed para la Educaci\u00f3n Superior de Ir\u00e1n (BIHE), con el","robots":{"index":"index","follow":"follow","max-snippet":"max-snippet:-1","max-image-preview":"max-image-preview:large","max-video-preview":"max-video-preview:-1"},"canonical":"https:\/\/www.pressenza.com\/es\/2022\/10\/premian-al-instituto-bahai-para-la-educacion-superior-de-iran\/","og_locale":"es_ES","og_type":"article","og_title":"Premian al Instituto Bah\u00e1'\u00ed para la Educaci\u00f3n Superior de Ir\u00e1n","og_description":"La Diputaci\u00f3n de Girona junto a la Asociaci\u00f3n LiberPress han reconocido este a\u00f1o al Instituto Bah\u00e1'\u00ed para la Educaci\u00f3n Superior de Ir\u00e1n (BIHE), con el","og_url":"https:\/\/www.pressenza.com\/es\/2022\/10\/premian-al-instituto-bahai-para-la-educacion-superior-de-iran\/","og_site_name":"Pressenza","article_publisher":"https:\/\/www.facebook.com\/PressenzaItalia","article_author":"https:\/\/www.facebook.com\/pressenza","article_published_time":"2022-10-25T18:11:58+00:00","article_modified_time":"2022-10-25T18:14:49+00:00","og_image":[{"width":1024,"height":683,"url":"https:\/\/www.pressenza.com\/wp-content\/uploads\/2022\/10\/Foto-2-Estudiantes-BIHE.png","type":"image\/png"}],"author":"Redacci\u00f3n Madrid","twitter_card":"summary_large_image","twitter_creator":"@pressenza","twitter_site":"@PressenzaIPA","twitter_misc":{"Escrito por":"Redacci\u00f3n Madrid","Tiempo de lectura":"4 minutos"},"schema":{"@context":"https:\/\/schema.org","@graph":[{"@type":"Article","@id":"https:\/\/www.pressenza.com\/es\/2022\/10\/premian-al-instituto-bahai-para-la-educacion-superior-de-iran\/#article","isPartOf":{"@id":"https:\/\/www.pressenza.com\/es\/2022\/10\/premian-al-instituto-bahai-para-la-educacion-superior-de-iran\/"},"author":{"name":"Redacci\u00f3n Madrid","@id":"https:\/\/www.pressenza.com\/es\/#\/schema\/person\/828fc40eeca2ad7be3630e5a46adba94"},"headline":"Premian al Instituto Bah\u00e1&#8217;\u00ed para la Educaci\u00f3n Superior de Ir\u00e1n","datePublished":"2022-10-25T18:11:58+00:00","dateModified":"2022-10-25T18:14:49+00:00","mainEntityOfPage":{"@id":"https:\/\/www.pressenza.com\/es\/2022\/10\/premian-al-instituto-bahai-para-la-educacion-superior-de-iran\/"},"wordCount":903,"publisher":{"@id":"https:\/\/www.pressenza.com\/es\/#organization"},"image":{"@id":"https:\/\/www.pressenza.com\/es\/2022\/10\/premian-al-instituto-bahai-para-la-educacion-superior-de-iran\/#primaryimage"},"thumbnailUrl":"https:\/\/www.pressenza.com\/wp-content\/uploads\/2022\/10\/Foto-2-Estudiantes-BIHE.png","keywords":["bah'ai","BIHE","Comunidad Bah'ai","Ir\u00e1n","Premio LiberPress"],"articleSection":["Comunicados de Prensa","Educaci\u00f3n","Europa","Humanismo y Espiritualidad"],"inLanguage":"es"},{"@type":"WebPage","@id":"https:\/\/www.pressenza.com\/es\/2022\/10\/premian-al-instituto-bahai-para-la-educacion-superior-de-iran\/","url":"https:\/\/www.pressenza.com\/es\/2022\/10\/premian-al-instituto-bahai-para-la-educacion-superior-de-iran\/","name":"Premian al Instituto Bah\u00e1'\u00ed para la Educaci\u00f3n Superior de Ir\u00e1n","isPartOf":{"@id":"https:\/\/www.pressenza.com\/es\/#website"},"primaryImageOfPage":{"@id":"https:\/\/www.pressenza.com\/es\/2022\/10\/premian-al-instituto-bahai-para-la-educacion-superior-de-iran\/#primaryimage"},"image":{"@id":"https:\/\/www.pressenza.com\/es\/2022\/10\/premian-al-instituto-bahai-para-la-educacion-superior-de-iran\/#primaryimage"},"thumbnailUrl":"https:\/\/www.pressenza.com\/wp-content\/uploads\/2022\/10\/Foto-2-Estudiantes-BIHE.png","datePublished":"2022-10-25T18:11:58+00:00","dateModified":"2022-10-25T18:14:49+00:00","description":"La Diputaci\u00f3n de Girona junto a la Asociaci\u00f3n LiberPress han reconocido este a\u00f1o al Instituto Bah\u00e1'\u00ed para la Educaci\u00f3n Superior de Ir\u00e1n (BIHE), con el","breadcrumb":{"@id":"https:\/\/www.pressenza.com\/es\/2022\/10\/premian-al-instituto-bahai-para-la-educacion-superior-de-iran\/#breadcrumb"},"inLanguage":"es","potentialAction":[{"@type":"ReadAction","target":["https:\/\/www.pressenza.com\/es\/2022\/10\/premian-al-instituto-bahai-para-la-educacion-superior-de-iran\/"]}]},{"@type":"ImageObject","inLanguage":"es","@id":"https:\/\/www.pressenza.com\/es\/2022\/10\/premian-al-instituto-bahai-para-la-educacion-superior-de-iran\/#primaryimage","url":"https:\/\/www.pressenza.com\/wp-content\/uploads\/2022\/10\/Foto-2-Estudiantes-BIHE.png","contentUrl":"https:\/\/www.pressenza.com\/wp-content\/uploads\/2022\/10\/Foto-2-Estudiantes-BIHE.png","width":1024,"height":683},{"@type":"BreadcrumbList","@id":"https:\/\/www.pressenza.com\/es\/2022\/10\/premian-al-instituto-bahai-para-la-educacion-superior-de-iran\/#breadcrumb","itemListElement":[{"@type":"ListItem","position":1,"name":"Accueil","item":"https:\/\/www.pressenza.com\/es\/"},{"@type":"ListItem","position":2,"name":"Premian al Instituto Bah\u00e1&#8217;\u00ed para la Educaci\u00f3n Superior de Ir\u00e1n"}]},{"@type":"WebSite","@id":"https:\/\/www.pressenza.com\/es\/#website","url":"https:\/\/www.pressenza.com\/es\/","name":"Pressenza","description":"International Press Agency","publisher":{"@id":"https:\/\/www.pressenza.com\/es\/#organization"},"potentialAction":[{"@type":"SearchAction","target":{"@type":"EntryPoint","urlTemplate":"https:\/\/www.pressenza.com\/es\/?s={search_term_string}"},"query-input":{"@type":"PropertyValueSpecification","valueRequired":true,"valueName":"search_term_string"}}],"inLanguage":"es"},{"@type":"Organization","@id":"https:\/\/www.pressenza.com\/es\/#organization","name":"Pressenza","url":"https:\/\/www.pressenza.com\/es\/","logo":{"@type":"ImageObject","inLanguage":"es","@id":"https:\/\/www.pressenza.com\/es\/#\/schema\/logo\/image\/","url":"https:\/\/www.pressenza.com\/wp-content\/uploads\/2022\/10\/pressenza_logo_200x200.jpg","contentUrl":"https:\/\/www.pressenza.com\/wp-content\/uploads\/2022\/10\/pressenza_logo_200x200.jpg","width":200,"height":200,"caption":"Pressenza"},"image":{"@id":"https:\/\/www.pressenza.com\/es\/#\/schema\/logo\/image\/"},"sameAs":["https:\/\/www.facebook.com\/PressenzaItalia","https:\/\/x.com\/PressenzaIPA"]},{"@type":"Person","@id":"https:\/\/www.pressenza.com\/es\/#\/schema\/person\/828fc40eeca2ad7be3630e5a46adba94","name":"Redacci\u00f3n Madrid","description":"News from the Pressenza Bureau in Madrid, Spain","sameAs":["https:\/\/www.facebook.com\/pressenza","https:\/\/x.com\/pressenza"],"url":"https:\/\/www.pressenza.com\/es\/author\/redaccion-madrid\/"}]}},"place":"Espa\u00f1a","original_article_url":"","_links":{"self":[{"href":"https:\/\/www.pressenza.com\/es\/wp-json\/wp\/v2\/posts\/1689430","targetHints":{"allow":["GET"]}}],"collection":[{"href":"https:\/\/www.pressenza.com\/es\/wp-json\/wp\/v2\/posts"}],"about":[{"href":"https:\/\/www.pressenza.com\/es\/wp-json\/wp\/v2\/types\/post"}],"author":[{"embeddable":true,"href":"https:\/\/www.pressenza.com\/es\/wp-json\/wp\/v2\/users\/94"}],"replies":[{"embeddable":true,"href":"https:\/\/www.pressenza.com\/es\/wp-json\/wp\/v2\/comments?post=1689430"}],"version-history":[{"count":0,"href":"https:\/\/www.pressenza.com\/es\/wp-json\/wp\/v2\/posts\/1689430\/revisions"}],"wp:featuredmedia":[{"embeddable":true,"href":"https:\/\/www.pressenza.com\/es\/wp-json\/wp\/v2\/media\/1689431"}],"wp:attachment":[{"href":"https:\/\/www.pressenza.com\/es\/wp-json\/wp\/v2\/media?parent=1689430"}],"wp:term":[{"taxonomy":"category","embeddable":true,"href":"https:\/\/www.pressenza.com\/es\/wp-json\/wp\/v2\/categories?post=1689430"},{"taxonomy":"post_tag","embeddable":true,"href":"https:\/\/www.pressenza.com\/es\/wp-json\/wp\/v2\/tags?post=1689430"}],"curies":[{"name":"wp","href":"https:\/\/api.w.org\/{rel}","templated":true}]}}