{"id":1688828,"date":"2022-10-24T13:52:18","date_gmt":"2022-10-24T12:52:18","guid":{"rendered":"https:\/\/www.pressenza.com\/?p=1688828"},"modified":"2022-10-24T13:52:18","modified_gmt":"2022-10-24T12:52:18","slug":"urge-refundar-la-onu-si-aspiramos-a-una-nacion-humana-universal","status":"publish","type":"post","link":"https:\/\/www.pressenza.com\/es\/2022\/10\/urge-refundar-la-onu-si-aspiramos-a-una-nacion-humana-universal\/","title":{"rendered":"Urge refundar la ONU si aspiramos a una Naci\u00f3n Humana Universal"},"content":{"rendered":"<p>El 24 de octubre, D\u00eda de las Naciones Unidas (ONU), se\u00f1ala el aniversario del d\u00eda en que entr\u00f3 en vigor la Carta de las Naciones Unidas en 1945. Poco tiempo despu\u00e9s, en abril de 1946, tras fracasar en sus intentos de impedir una Segunda Guerra Mundial, dejaba de existir la precursora de las Naciones Unidas, la Sociedad de las Naciones (SDN), establecida en el a\u00f1o 1919, en virtud del Tratado de Versalles, que puso fin a la Primera Guerra Mundial. Entre sus objetivos principales la SDN se fij\u00f3 \u00abpromover la cooperaci\u00f3n, lograr la paz y la seguridad internacional \u00ab, al dejar de existir, se entregaron todos sus activos a las Naciones Unidas incluido el control total de su Biblioteca y archivos, siendo la primera organizaci\u00f3n de este tipo de la historia. En su condici\u00f3n de origen est\u00e1n las arbitrarias y onerosas condiciones de \u00abreparaci\u00f3n\u00bb por el costo de la guerra, impuestas a Alemania en Versalles, particularmente la cl\u00e1usula de \u00abculpabilidad\u00bb, que coloc\u00f3 al pa\u00eds germano como la \u00fanica naci\u00f3n responsable de la Primera Guerra Mundial. Las disposiciones punitivas en materia de p\u00e9rdida de territorios, reducci\u00f3n de su milicia y endeudamiento en su econom\u00eda, llevaran a un sostenido descontento y desesperaci\u00f3n a buena parte de la poblaci\u00f3n alemana, que servir\u00e1n al nazismo para justificar y alentar las ansias de revancha en las siguientes d\u00e9cadas. Los a\u00f1os treinta marcaron el fracaso definitivo de la SDN, en el contexto mundial de la llamada Gran Depresi\u00f3n iniciada en 1929. Alemania y Jap\u00f3n abandonaron la Sociedad en 1933, Italia en 1936, la URSS fue expulsada en 1939 y los Estados Unidos nunca se integraron plenamente.<\/p>\n<p>Las Naciones Unidas nacieron oficialmente el 24 de octubre de 1945, luego que la mayor\u00eda de los 51 Estados Miembros signatarios del documento fundacional de la Organizaci\u00f3n (Carta de la ONU), la ratificaron. Actualmente, 193 Estados integran este organismo y cuentan con representaci\u00f3n en su \u00f3rgano deliberante: la Asamblea General. Es el \u00e1mbito internacional donde representantes de todas las naciones del mundo se re\u00fanen, discuten y tratan de encontrar acuerdos y soluciones a la vasta problem\u00e1tica mundial. La ONU tiene plasmadas sus intenciones en el Pre\u00e1mbulo de la mencionada Carta Fundacional, donde se expresan los principios y prop\u00f3sitos que la impulsan.<\/p>\n<p>El Pre\u00e1mbulo que firmaron los pa\u00edses miembros, sostiene: \u201cPreservar a las generaciones venideras del flagelo de la guerra que dos veces durante nuestra vida ha infligido a la Humanidad sufrimientos indecibles. Reafirmar la fe en los derechos fundamentales del hombre, en la dignidad y el valor de la persona humana, en la igualdad de derechos de hombres y mujeres y de las naciones grandes y peque\u00f1as. Crear condiciones bajo las cuales puedan mantenerse la justicia y el respeto a las obligaciones emanadas de los tratados y de otras fuentes del derecho internacional. Promover el progreso social y elevar el nivel de vida dentro de un concepto m\u00e1s amplio de la libertad. Practicar la tolerancia y convivir en paz como buenos vecinos. Unir nuestras fuerzas para el mantenimiento de la paz y la seguridad internacionales. Asegurar, mediante la aceptaci\u00f3n de principios y la adopci\u00f3n de m\u00e9todos, que no se usar\u00e1 la fuerza armada sino en servicio del inter\u00e9s com\u00fan, y a emplear un mecanismo internacional para promover el progreso econ\u00f3mico y social de todos los pueblos.\u201d<\/p>\n<p>Respecto a los derechos, en 1948 se proclam\u00f3 la Declaraci\u00f3n Universal de los Derechos Humanos, uno de los logros m\u00e1s destacados de la ONU. Lamentablemente los enunciados en las aspiraciones de la ONU, no se han hecho realidad. Luego de casi ocho d\u00e9cadas transcurridas, evidentemente se han convertido en un mero ejercicio ret\u00f3rico, en letra muerta, con mucha hipocres\u00eda y cinismo.<\/p>\n<p>Las y los humanistas a la hora de pensar en otro orden mundial, debemos empezar por plantear cu\u00e1l es el esp\u00edritu de esos anhelos, definiendo las relaciones de poder que debemos transformar para que esto sea posible.<\/p>\n<p>Necesitamos preguntarnos \u00bfPor qu\u00e9 un grupo de pa\u00edses que son minor\u00eda en la ONU digita el funcionamiento de ese organismo? En la ONU las mayor\u00edas no tienen peso alguno, es el poder militar y el poder econ\u00f3mico, en manos de un reducido n\u00famero de pa\u00edses \u00abdesarrollados\u00bb, los que tienen realmente el poder de decisi\u00f3n. Es notorio c\u00f3mo algunas potencias utilizan su poder para forzar decisiones conjuntas mediante la presi\u00f3n y el chantaje como ocurre con las sanciones econ\u00f3micas a Ir\u00e1n, o intervienen por la fuerza a pa\u00edses pertenecientes a la misma ONU, como ocurri\u00f3 con la invasi\u00f3n militar a Libia en 2011. En otras ocasiones cuando no logran la mayor\u00eda de votos, deciden qu\u00e9 hacer de manera unilateral como ocurre con el criminal bloqueo econ\u00f3mico de los EEUU a Cuba, contrariando en muchas ocasiones las posiciones abrumadoramente mayoritarias en la Asamblea General. La ONU termina siendo una puesta en escena de legalidad frente a los atropellos que comete el llamado primer mundo, utilizando adem\u00e1s un accionar con apariencia de filantrop\u00eda, que disimula su total desinter\u00e9s por resolver la ra\u00edz de los grandes problemas de la humanidad.<\/p>\n<p>El 25 de septiembre de 2015, desde la ONU se adoptaron un conjunto de objetivos como parte de lo que llamaron \u00abuna nueva agenda de desarrollo sostenible para el 2030\u00bb. Esta agenda re\u00fane 17 puntos que son los siguientes: 1) Fin de la Pobreza; 2) Hambre cero; 3) Salud y bienestar; 4) Educaci\u00f3n de calidad; 5) Igualdad de g\u00e9nero; 6) Agua limpia y saneamiento; 7) Energ\u00edas accesibles y no contaminantes; 8) Trabajo decente y crecimiento econ\u00f3mico; 9) Industria-innovaci\u00f3n e infraestructura; 10) Reducir la desigualdad; 11) Ciudades y comunidades sostenibles; 12) Producci\u00f3n y consumo responsables; 13) Acci\u00f3n por el clima; 14) Vida submarina; 15) Vida en ecosistemas terrestres; 16) Paz, justicia e instituciones s\u00f3lidas; 17) Alianzas para lograr los objetivos. Coherentemente como venimos se\u00f1alando del accionar hip\u00f3crita de la ONU, no est\u00e1n en la agenda los objetivos ligados al perjuicio del sistema financiero internacional privado y al poder del complejo militar industrial. La inoperancia de la ONU se refuerza en el presente, con la falta de operatividad para fomentar los acuerdos necesarios que frenen el peligros\u00edsimo conflicto b\u00e9lico entre Rusia y la OTAN en territorio ucraniano, que pone a la humanidad al borde de la cat\u00e1strofe nuclear.<\/p>\n<p>Necesitamos entonces aceptar el fracaso del orden vigente por segunda vez, no podremos acercarnos hacia una verdadera cooperaci\u00f3n internacional, mientras no nos alejemos proporcionalmente del orden del sistema capitalista en sus diferentes versiones, que se sinergizan con los nacionalismos y la opresi\u00f3n existente en cada una de las naciones miembros.<\/p>\n<p>Debemos promover que los pueblos del mundo se autogobiernen en una Naci\u00f3n Humana Universal, en la que puedan convivir las diversidades y para ello es necesario antes que nada explicar, que hoy la ONU est\u00e1 en las ant\u00edpodas de ese mundo querido, y por eso es necesario refundarla.<\/p>\n<p>Las y los humanistas aspiramos a la creaci\u00f3n de una Naci\u00f3n Humana Universal regida por la libertad personal, por la solidaridad, por la igualdad de derechos y oportunidades, por la no discriminaci\u00f3n y por la no violencia. Una Confederaci\u00f3n de Naciones Humanistas, articuladas con el objetivo de constituir una Naci\u00f3n Humana Universal, debe sostener la plena vigencia del derecho de soberan\u00eda y de autodeterminaci\u00f3n de los pueblos. Debe poner como prioritario el desarme nuclear, la reducci\u00f3n proporcional de armamentos convencionales, la prohibici\u00f3n de comercializaci\u00f3n de armas, fomentando la b\u00fasqueda de la resoluci\u00f3n de conflictos, en forma pac\u00edfica. Debe nacer en la Nueva ONU, un nuevo Consejo de Seguridad elegido democr\u00e1ticamente, donde ninguna naci\u00f3n tenga derecho a veto, que incluya dentro de la categor\u00eda de la seguridad, temas como la superaci\u00f3n de la miseria y la pobreza, una arquitectura financiera solidaria, promoviendo una red de bancos estatales sin inter\u00e9s, para financiar el desarrollo y el comercio complementario entre las naciones miembros, desmantelando el actual poder financiero internacional privado.<\/p>\n<p>Nos referimos a un cambio en el paradigma cultural, que ha de incluir todo lo relacionado con el trato entre las personas y con las decisiones que permitan el cumplimiento en los hechos de todos los derechos humanos, abriendo as\u00ed un sendero hacia la construcci\u00f3n de la Naci\u00f3n Humana Universal.<\/p>\n<p>Nuestras propuestas, no prosperar\u00e1n en las actuales condiciones de la ONU, y de los pa\u00edses que la integran, pero la movilizaci\u00f3n en torno a ellas dejar\u00e1 en evidencia ante las poblaciones las contradicciones y la hipocres\u00eda que reina en este organismo, y especialmente entre las potencias que la manejan.<\/p>\n<p>Las y los humanistas seguiremos proponiendo una Naci\u00f3n Humana Universal buscando generar en el seno de los pueblos y de la opini\u00f3n p\u00fablica en general la necesidad de una transformaci\u00f3n total, que incluya en el plano internacional un nuevo dise\u00f1o en la articulaci\u00f3n de y entre las naciones. Esa necesidad es en definitiva la de producir una profunda revoluci\u00f3n humanista, social, pol\u00edtica y cultural.<\/p>\n","protected":false},"excerpt":{"rendered":"<p>El 24 de octubre, D\u00eda de las Naciones Unidas (ONU), se\u00f1ala el aniversario del d\u00eda en que entr\u00f3 en vigor la Carta de las Naciones Unidas en 1945. Poco tiempo despu\u00e9s, en abril de 1946, tras fracasar en sus intentos&hellip;<\/p>\n","protected":false},"author":624,"featured_media":1688830,"comment_status":"closed","ping_status":"closed","sticky":false,"template":"","format":"standard","meta":{"footnotes":""},"categories":[76,149,39],"tags":[15571,679],"class_list":["post-1688828","post","type-post","status-publish","format-standard","has-post-thumbnail","hentry","category-relaciones-exteriores","category-comunicados-de-prensa","category-internacional","tag-nacion-humana-universal","tag-onu-es"],"yoast_head":"<!-- This site is optimized with the Yoast SEO plugin v27.1.1 - https:\/\/yoast.com\/product\/yoast-seo-wordpress\/ -->\n<title>Urge refundar la ONU si aspiramos a una Naci\u00f3n Humana Universal<\/title>\n<meta name=\"description\" content=\"El 24 de octubre, D\u00eda de las Naciones Unidas (ONU), se\u00f1ala el aniversario del d\u00eda en que entr\u00f3 en vigor la Carta de las Naciones Unidas en 1945. Poco\" \/>\n<meta name=\"robots\" content=\"index, follow, max-snippet:-1, max-image-preview:large, max-video-preview:-1\" \/>\n<link rel=\"canonical\" href=\"https:\/\/www.pressenza.com\/es\/2022\/10\/urge-refundar-la-onu-si-aspiramos-a-una-nacion-humana-universal\/\" \/>\n<meta property=\"og:locale\" content=\"es_ES\" \/>\n<meta property=\"og:type\" content=\"article\" \/>\n<meta property=\"og:title\" content=\"Urge refundar la ONU si aspiramos a una Naci\u00f3n Humana Universal\" \/>\n<meta property=\"og:description\" content=\"El 24 de octubre, D\u00eda de las Naciones Unidas (ONU), se\u00f1ala el aniversario del d\u00eda en que entr\u00f3 en vigor la Carta de las Naciones Unidas en 1945. Poco\" \/>\n<meta property=\"og:url\" content=\"https:\/\/www.pressenza.com\/es\/2022\/10\/urge-refundar-la-onu-si-aspiramos-a-una-nacion-humana-universal\/\" \/>\n<meta property=\"og:site_name\" content=\"Pressenza\" \/>\n<meta property=\"article:publisher\" content=\"https:\/\/www.facebook.com\/PressenzaItalia\" \/>\n<meta property=\"article:published_time\" content=\"2022-10-24T12:52:18+00:00\" \/>\n<meta property=\"og:image\" content=\"https:\/\/www.pressenza.com\/wp-content\/uploads\/2022\/10\/PH-1.jpeg\" \/>\n\t<meta property=\"og:image:width\" content=\"940\" \/>\n\t<meta property=\"og:image:height\" content=\"527\" \/>\n\t<meta property=\"og:image:type\" content=\"image\/jpeg\" \/>\n<meta name=\"author\" content=\"Partido Humanista Internacional\" \/>\n<meta name=\"twitter:card\" content=\"summary_large_image\" \/>\n<meta name=\"twitter:creator\" content=\"@PressenzaIPA\" \/>\n<meta name=\"twitter:site\" content=\"@PressenzaIPA\" \/>\n<meta name=\"twitter:label1\" content=\"Escrito por\" \/>\n\t<meta name=\"twitter:data1\" content=\"Partido Humanista Internacional\" \/>\n\t<meta name=\"twitter:label2\" content=\"Tiempo de lectura\" \/>\n\t<meta name=\"twitter:data2\" content=\"8 minutos\" \/>\n<script type=\"application\/ld+json\" class=\"yoast-schema-graph\">{\"@context\":\"https:\/\/schema.org\",\"@graph\":[{\"@type\":\"Article\",\"@id\":\"https:\/\/www.pressenza.com\/es\/2022\/10\/urge-refundar-la-onu-si-aspiramos-a-una-nacion-humana-universal\/#article\",\"isPartOf\":{\"@id\":\"https:\/\/www.pressenza.com\/es\/2022\/10\/urge-refundar-la-onu-si-aspiramos-a-una-nacion-humana-universal\/\"},\"author\":{\"name\":\"Partido Humanista Internacional\",\"@id\":\"https:\/\/www.pressenza.com\/es\/#\/schema\/person\/f805ee4d4c0aa27aa176ccec26128d33\"},\"headline\":\"Urge refundar la ONU si aspiramos a una Naci\u00f3n Humana Universal\",\"datePublished\":\"2022-10-24T12:52:18+00:00\",\"mainEntityOfPage\":{\"@id\":\"https:\/\/www.pressenza.com\/es\/2022\/10\/urge-refundar-la-onu-si-aspiramos-a-una-nacion-humana-universal\/\"},\"wordCount\":1547,\"publisher\":{\"@id\":\"https:\/\/www.pressenza.com\/es\/#organization\"},\"image\":{\"@id\":\"https:\/\/www.pressenza.com\/es\/2022\/10\/urge-refundar-la-onu-si-aspiramos-a-una-nacion-humana-universal\/#primaryimage\"},\"thumbnailUrl\":\"https:\/\/www.pressenza.com\/wp-content\/uploads\/2022\/10\/PH-1.jpeg\",\"keywords\":[\"Naci\u00f3n Humana Universal\",\"ONU\"],\"articleSection\":[\"Asuntos internacionales\",\"Comunicados de Prensa\",\"Internacional\"],\"inLanguage\":\"es\"},{\"@type\":\"WebPage\",\"@id\":\"https:\/\/www.pressenza.com\/es\/2022\/10\/urge-refundar-la-onu-si-aspiramos-a-una-nacion-humana-universal\/\",\"url\":\"https:\/\/www.pressenza.com\/es\/2022\/10\/urge-refundar-la-onu-si-aspiramos-a-una-nacion-humana-universal\/\",\"name\":\"Urge refundar la ONU si aspiramos a una Naci\u00f3n Humana Universal\",\"isPartOf\":{\"@id\":\"https:\/\/www.pressenza.com\/es\/#website\"},\"primaryImageOfPage\":{\"@id\":\"https:\/\/www.pressenza.com\/es\/2022\/10\/urge-refundar-la-onu-si-aspiramos-a-una-nacion-humana-universal\/#primaryimage\"},\"image\":{\"@id\":\"https:\/\/www.pressenza.com\/es\/2022\/10\/urge-refundar-la-onu-si-aspiramos-a-una-nacion-humana-universal\/#primaryimage\"},\"thumbnailUrl\":\"https:\/\/www.pressenza.com\/wp-content\/uploads\/2022\/10\/PH-1.jpeg\",\"datePublished\":\"2022-10-24T12:52:18+00:00\",\"description\":\"El 24 de octubre, D\u00eda de las Naciones Unidas (ONU), se\u00f1ala el aniversario del d\u00eda en que entr\u00f3 en vigor la Carta de las Naciones Unidas en 1945. Poco\",\"breadcrumb\":{\"@id\":\"https:\/\/www.pressenza.com\/es\/2022\/10\/urge-refundar-la-onu-si-aspiramos-a-una-nacion-humana-universal\/#breadcrumb\"},\"inLanguage\":\"es\",\"potentialAction\":[{\"@type\":\"ReadAction\",\"target\":[\"https:\/\/www.pressenza.com\/es\/2022\/10\/urge-refundar-la-onu-si-aspiramos-a-una-nacion-humana-universal\/\"]}]},{\"@type\":\"ImageObject\",\"inLanguage\":\"es\",\"@id\":\"https:\/\/www.pressenza.com\/es\/2022\/10\/urge-refundar-la-onu-si-aspiramos-a-una-nacion-humana-universal\/#primaryimage\",\"url\":\"https:\/\/www.pressenza.com\/wp-content\/uploads\/2022\/10\/PH-1.jpeg\",\"contentUrl\":\"https:\/\/www.pressenza.com\/wp-content\/uploads\/2022\/10\/PH-1.jpeg\",\"width\":940,\"height\":527,\"caption\":\"ONU\"},{\"@type\":\"BreadcrumbList\",\"@id\":\"https:\/\/www.pressenza.com\/es\/2022\/10\/urge-refundar-la-onu-si-aspiramos-a-una-nacion-humana-universal\/#breadcrumb\",\"itemListElement\":[{\"@type\":\"ListItem\",\"position\":1,\"name\":\"Accueil\",\"item\":\"https:\/\/www.pressenza.com\/es\/\"},{\"@type\":\"ListItem\",\"position\":2,\"name\":\"Urge refundar la ONU si aspiramos a una Naci\u00f3n Humana Universal\"}]},{\"@type\":\"WebSite\",\"@id\":\"https:\/\/www.pressenza.com\/es\/#website\",\"url\":\"https:\/\/www.pressenza.com\/es\/\",\"name\":\"Pressenza\",\"description\":\"International Press Agency\",\"publisher\":{\"@id\":\"https:\/\/www.pressenza.com\/es\/#organization\"},\"potentialAction\":[{\"@type\":\"SearchAction\",\"target\":{\"@type\":\"EntryPoint\",\"urlTemplate\":\"https:\/\/www.pressenza.com\/es\/?s={search_term_string}\"},\"query-input\":{\"@type\":\"PropertyValueSpecification\",\"valueRequired\":true,\"valueName\":\"search_term_string\"}}],\"inLanguage\":\"es\"},{\"@type\":\"Organization\",\"@id\":\"https:\/\/www.pressenza.com\/es\/#organization\",\"name\":\"Pressenza\",\"url\":\"https:\/\/www.pressenza.com\/es\/\",\"logo\":{\"@type\":\"ImageObject\",\"inLanguage\":\"es\",\"@id\":\"https:\/\/www.pressenza.com\/es\/#\/schema\/logo\/image\/\",\"url\":\"https:\/\/www.pressenza.com\/wp-content\/uploads\/2022\/10\/pressenza_logo_200x200.jpg\",\"contentUrl\":\"https:\/\/www.pressenza.com\/wp-content\/uploads\/2022\/10\/pressenza_logo_200x200.jpg\",\"width\":200,\"height\":200,\"caption\":\"Pressenza\"},\"image\":{\"@id\":\"https:\/\/www.pressenza.com\/es\/#\/schema\/logo\/image\/\"},\"sameAs\":[\"https:\/\/www.facebook.com\/PressenzaItalia\",\"https:\/\/x.com\/PressenzaIPA\"]},{\"@type\":\"Person\",\"@id\":\"https:\/\/www.pressenza.com\/es\/#\/schema\/person\/f805ee4d4c0aa27aa176ccec26128d33\",\"name\":\"Partido Humanista Internacional\",\"description\":\"www.internationalhumanistparty.org\",\"url\":\"https:\/\/www.pressenza.com\/es\/author\/partido-humanista-internacional\/\"}]}<\/script>\n<!-- \/ Yoast SEO plugin. -->","yoast_head_json":{"title":"Urge refundar la ONU si aspiramos a una Naci\u00f3n Humana Universal","description":"El 24 de octubre, D\u00eda de las Naciones Unidas (ONU), se\u00f1ala el aniversario del d\u00eda en que entr\u00f3 en vigor la Carta de las Naciones Unidas en 1945. Poco","robots":{"index":"index","follow":"follow","max-snippet":"max-snippet:-1","max-image-preview":"max-image-preview:large","max-video-preview":"max-video-preview:-1"},"canonical":"https:\/\/www.pressenza.com\/es\/2022\/10\/urge-refundar-la-onu-si-aspiramos-a-una-nacion-humana-universal\/","og_locale":"es_ES","og_type":"article","og_title":"Urge refundar la ONU si aspiramos a una Naci\u00f3n Humana Universal","og_description":"El 24 de octubre, D\u00eda de las Naciones Unidas (ONU), se\u00f1ala el aniversario del d\u00eda en que entr\u00f3 en vigor la Carta de las Naciones Unidas en 1945. Poco","og_url":"https:\/\/www.pressenza.com\/es\/2022\/10\/urge-refundar-la-onu-si-aspiramos-a-una-nacion-humana-universal\/","og_site_name":"Pressenza","article_publisher":"https:\/\/www.facebook.com\/PressenzaItalia","article_published_time":"2022-10-24T12:52:18+00:00","og_image":[{"width":940,"height":527,"url":"https:\/\/www.pressenza.com\/wp-content\/uploads\/2022\/10\/PH-1.jpeg","type":"image\/jpeg"}],"author":"Partido Humanista Internacional","twitter_card":"summary_large_image","twitter_creator":"@PressenzaIPA","twitter_site":"@PressenzaIPA","twitter_misc":{"Escrito por":"Partido Humanista Internacional","Tiempo de lectura":"8 minutos"},"schema":{"@context":"https:\/\/schema.org","@graph":[{"@type":"Article","@id":"https:\/\/www.pressenza.com\/es\/2022\/10\/urge-refundar-la-onu-si-aspiramos-a-una-nacion-humana-universal\/#article","isPartOf":{"@id":"https:\/\/www.pressenza.com\/es\/2022\/10\/urge-refundar-la-onu-si-aspiramos-a-una-nacion-humana-universal\/"},"author":{"name":"Partido Humanista Internacional","@id":"https:\/\/www.pressenza.com\/es\/#\/schema\/person\/f805ee4d4c0aa27aa176ccec26128d33"},"headline":"Urge refundar la ONU si aspiramos a una Naci\u00f3n Humana Universal","datePublished":"2022-10-24T12:52:18+00:00","mainEntityOfPage":{"@id":"https:\/\/www.pressenza.com\/es\/2022\/10\/urge-refundar-la-onu-si-aspiramos-a-una-nacion-humana-universal\/"},"wordCount":1547,"publisher":{"@id":"https:\/\/www.pressenza.com\/es\/#organization"},"image":{"@id":"https:\/\/www.pressenza.com\/es\/2022\/10\/urge-refundar-la-onu-si-aspiramos-a-una-nacion-humana-universal\/#primaryimage"},"thumbnailUrl":"https:\/\/www.pressenza.com\/wp-content\/uploads\/2022\/10\/PH-1.jpeg","keywords":["Naci\u00f3n Humana Universal","ONU"],"articleSection":["Asuntos internacionales","Comunicados de Prensa","Internacional"],"inLanguage":"es"},{"@type":"WebPage","@id":"https:\/\/www.pressenza.com\/es\/2022\/10\/urge-refundar-la-onu-si-aspiramos-a-una-nacion-humana-universal\/","url":"https:\/\/www.pressenza.com\/es\/2022\/10\/urge-refundar-la-onu-si-aspiramos-a-una-nacion-humana-universal\/","name":"Urge refundar la ONU si aspiramos a una Naci\u00f3n Humana Universal","isPartOf":{"@id":"https:\/\/www.pressenza.com\/es\/#website"},"primaryImageOfPage":{"@id":"https:\/\/www.pressenza.com\/es\/2022\/10\/urge-refundar-la-onu-si-aspiramos-a-una-nacion-humana-universal\/#primaryimage"},"image":{"@id":"https:\/\/www.pressenza.com\/es\/2022\/10\/urge-refundar-la-onu-si-aspiramos-a-una-nacion-humana-universal\/#primaryimage"},"thumbnailUrl":"https:\/\/www.pressenza.com\/wp-content\/uploads\/2022\/10\/PH-1.jpeg","datePublished":"2022-10-24T12:52:18+00:00","description":"El 24 de octubre, D\u00eda de las Naciones Unidas (ONU), se\u00f1ala el aniversario del d\u00eda en que entr\u00f3 en vigor la Carta de las Naciones Unidas en 1945. Poco","breadcrumb":{"@id":"https:\/\/www.pressenza.com\/es\/2022\/10\/urge-refundar-la-onu-si-aspiramos-a-una-nacion-humana-universal\/#breadcrumb"},"inLanguage":"es","potentialAction":[{"@type":"ReadAction","target":["https:\/\/www.pressenza.com\/es\/2022\/10\/urge-refundar-la-onu-si-aspiramos-a-una-nacion-humana-universal\/"]}]},{"@type":"ImageObject","inLanguage":"es","@id":"https:\/\/www.pressenza.com\/es\/2022\/10\/urge-refundar-la-onu-si-aspiramos-a-una-nacion-humana-universal\/#primaryimage","url":"https:\/\/www.pressenza.com\/wp-content\/uploads\/2022\/10\/PH-1.jpeg","contentUrl":"https:\/\/www.pressenza.com\/wp-content\/uploads\/2022\/10\/PH-1.jpeg","width":940,"height":527,"caption":"ONU"},{"@type":"BreadcrumbList","@id":"https:\/\/www.pressenza.com\/es\/2022\/10\/urge-refundar-la-onu-si-aspiramos-a-una-nacion-humana-universal\/#breadcrumb","itemListElement":[{"@type":"ListItem","position":1,"name":"Accueil","item":"https:\/\/www.pressenza.com\/es\/"},{"@type":"ListItem","position":2,"name":"Urge refundar la ONU si aspiramos a una Naci\u00f3n Humana Universal"}]},{"@type":"WebSite","@id":"https:\/\/www.pressenza.com\/es\/#website","url":"https:\/\/www.pressenza.com\/es\/","name":"Pressenza","description":"International Press Agency","publisher":{"@id":"https:\/\/www.pressenza.com\/es\/#organization"},"potentialAction":[{"@type":"SearchAction","target":{"@type":"EntryPoint","urlTemplate":"https:\/\/www.pressenza.com\/es\/?s={search_term_string}"},"query-input":{"@type":"PropertyValueSpecification","valueRequired":true,"valueName":"search_term_string"}}],"inLanguage":"es"},{"@type":"Organization","@id":"https:\/\/www.pressenza.com\/es\/#organization","name":"Pressenza","url":"https:\/\/www.pressenza.com\/es\/","logo":{"@type":"ImageObject","inLanguage":"es","@id":"https:\/\/www.pressenza.com\/es\/#\/schema\/logo\/image\/","url":"https:\/\/www.pressenza.com\/wp-content\/uploads\/2022\/10\/pressenza_logo_200x200.jpg","contentUrl":"https:\/\/www.pressenza.com\/wp-content\/uploads\/2022\/10\/pressenza_logo_200x200.jpg","width":200,"height":200,"caption":"Pressenza"},"image":{"@id":"https:\/\/www.pressenza.com\/es\/#\/schema\/logo\/image\/"},"sameAs":["https:\/\/www.facebook.com\/PressenzaItalia","https:\/\/x.com\/PressenzaIPA"]},{"@type":"Person","@id":"https:\/\/www.pressenza.com\/es\/#\/schema\/person\/f805ee4d4c0aa27aa176ccec26128d33","name":"Partido Humanista Internacional","description":"www.internationalhumanistparty.org","url":"https:\/\/www.pressenza.com\/es\/author\/partido-humanista-internacional\/"}]}},"place":"","original_article_url":"","_links":{"self":[{"href":"https:\/\/www.pressenza.com\/es\/wp-json\/wp\/v2\/posts\/1688828","targetHints":{"allow":["GET"]}}],"collection":[{"href":"https:\/\/www.pressenza.com\/es\/wp-json\/wp\/v2\/posts"}],"about":[{"href":"https:\/\/www.pressenza.com\/es\/wp-json\/wp\/v2\/types\/post"}],"author":[{"embeddable":true,"href":"https:\/\/www.pressenza.com\/es\/wp-json\/wp\/v2\/users\/624"}],"replies":[{"embeddable":true,"href":"https:\/\/www.pressenza.com\/es\/wp-json\/wp\/v2\/comments?post=1688828"}],"version-history":[{"count":0,"href":"https:\/\/www.pressenza.com\/es\/wp-json\/wp\/v2\/posts\/1688828\/revisions"}],"wp:featuredmedia":[{"embeddable":true,"href":"https:\/\/www.pressenza.com\/es\/wp-json\/wp\/v2\/media\/1688830"}],"wp:attachment":[{"href":"https:\/\/www.pressenza.com\/es\/wp-json\/wp\/v2\/media?parent=1688828"}],"wp:term":[{"taxonomy":"category","embeddable":true,"href":"https:\/\/www.pressenza.com\/es\/wp-json\/wp\/v2\/categories?post=1688828"},{"taxonomy":"post_tag","embeddable":true,"href":"https:\/\/www.pressenza.com\/es\/wp-json\/wp\/v2\/tags?post=1688828"}],"curies":[{"name":"wp","href":"https:\/\/api.w.org\/{rel}","templated":true}]}}