{"id":1688813,"date":"2022-10-24T13:33:04","date_gmt":"2022-10-24T12:33:04","guid":{"rendered":"https:\/\/www.pressenza.com\/?p=1688813"},"modified":"2022-10-24T13:33:04","modified_gmt":"2022-10-24T12:33:04","slug":"boric-el-gran-empresariado-y-la-derecha","status":"publish","type":"post","link":"https:\/\/www.pressenza.com\/es\/2022\/10\/boric-el-gran-empresariado-y-la-derecha\/","title":{"rendered":"Boric, el gran empresariado y la derecha"},"content":{"rendered":"<p>A prop\u00f3sito de las conmemoraciones por el tercer aniversario del Estallido Social, el presidente Boric sorprendi\u00f3 al pa\u00eds con un discurso en que afirm\u00f3 que lo ocurrido en octubre del 2019 \u201cno fue una revoluci\u00f3n anticapitalista\u201d. Una declaraci\u00f3n que sin duda frustr\u00f3 a muchos de los que lo apoyaron como a las organizaciones pol\u00edticas y sociales que han alentado las protestas en la esperanza de que el sistema que nos rige pueda sea reemplazado por otro de inspiraci\u00f3n socialista que se proponga la igualdad social, el fortalecimiento del Estado y la participaci\u00f3n del pueblo en la toma de decisiones.<\/p>\n<p>Por cierto que la advertencia presidencial ha encantado a la derecha y al gran empresariado, aunque varios de sus voceros en realidad ya no le creen mucho al Primer Mandatario y sospechan de que todo lo que dijo ayer como dirigente estudiantil y diputado siga marcando sus verdaderas intenciones. Especialmente si en su gobierno el Partido Comunista juega un rol tan relevante.<\/p>\n<p>Pero el viraje presidencial no es extra\u00f1o si se considera lo sucedido en el pasado con otros de sus antecesores encumbrados al poder por un pueblo que buscaba profundas transformaciones para despu\u00e9s terminar gobernando de la mano de los grandes poderes f\u00e1cticos. Es decir, con los que se satisfacen en la democracia de mercado y la mentirosa libre competencia. Contrarios a redistribuir la riqueza, como a imponer la soberan\u00eda nacional sobre nuestros recursos b\u00e1sicos.<\/p>\n<p>En efecto, nuestra historia nos habla de las constantes defecciones pol\u00edticas y de aquellos quiebres institucionales provocados por la derecha, los uniformados y la clase empresarial cuando el sistema corre el riesgo de ser sensiblemente modificado.<\/p>\n<p>Seguido a esta sorprendente sentencia presidencial, r\u00e1pidamente el presidente de la Confederaci\u00f3n de la Producci\u00f3n y del Comercio pontific\u00f3 a trav\u00e9s de El Mercurio sobre la necesidad de \u201cnunca m\u00e1s validar los m\u00e9todos violentos para los cambios sociales\u201d, con lo cual quiere dejar asentado que el Estallido Social fue una experiencia marcada por el violentismo, cuando en realidad se trat\u00f3 de una enorme manifestaci\u00f3n popular y pac\u00edfica, m\u00e1s all\u00e1 de la acci\u00f3n de algunos desquiciados que todav\u00eda provocan disturbios que dan cuenta de otros fen\u00f3menos que<br \/>\npoco o nada tienen que ver con las demandas populares. Del ense\u00f1oramiento del narcotr\u00e1fico, por ejemplo.<\/p>\n<p>Paralelamente, la derecha parlamentaria pr\u00e1cticamente ha monopolizado las iniciativas destinadas a una nueva Constituci\u00f3n y fustiga constantemente a las autoridades por su incapacidad para ponerle atajo a la criminalidad que campea en el pa\u00eds, demandando que La Moneda le otorgue m\u00e1s atribuciones y recursos a las polic\u00edas, adem\u00e1s de establecer la militarizaci\u00f3n extrema de la Araucan\u00eda y zonas cr\u00edticas del pa\u00eds. Sin hacerse cargo, en ning\u00fan caso, de la oprobiosa desigualdad social, la galopante crisis econ\u00f3mica, la impunidad y otros fen\u00f3menos que estimulan los asaltos, saqueos y tantos otros delitos que actualmente asolan a la poblaci\u00f3n.<\/p>\n<p>Para los poderosos empresarios, los sectores pol\u00edticamente m\u00e1s reaccionarios y la poblaci\u00f3n m\u00e1s irreflexiva y moldeada por los grades medios de comunicaci\u00f3n solo ser\u00eda cuesti\u00f3n de sumar miles de polic\u00edas, importar armas y otros recursos disuasivos para imponer la paz social. Sin avenirse, por supuesto, a reformas como la tributaria y la previsional que est\u00e1n en la base del pa\u00eds desigual. Al mismo tiempo que hacen lo posible por postergar las reformas a los sistemas de salud y educaci\u00f3n en los que flagrantemente se imponen las m\u00e1s agudas injusticias y se alientan todos los d\u00edas la decepci\u00f3n ciudadana y los conflictos.<\/p>\n<p>Nadie puede negar que la violencia cotidiana es actualmente el problema de mayor preocupaci\u00f3n nacional, pero este tema, por supuesto, va de la mano con los estragos del injusto poder<br \/>\nadquisitivo, el encarecimiento de los productos m\u00e1s esenciales, la llamada estanflaci\u00f3n y la amenaza de mayor desempleo. Por lo mismo, es de sentido com\u00fan que la soluci\u00f3n no va por<br \/>\narmar a las polic\u00edas y renovarle impunidad a los excesos que cometen sus efectivos.<\/p>\n<p>Ello nos lleva a pensar que, aunque ya no se trate de una revoluci\u00f3n anticapitalista, la oposici\u00f3n empresarial y pol\u00edtica lo que busca, de nuevo, es desestabilizar al Gobierno, sumar voluntades para un nuevo quiebre institucional que impida los cambios y, por supuesto, lleve a la Moneda a alguien como Pinochet. Ante el cual el gran empresariado no tuvo en 17 a\u00f1os oposici\u00f3n alguna a la violencia, el terrorismo de estado y el saqueo de nuestros recursos naturales. En este sentido, el presidente de los empresarios, don Juan Sutil, no le hace honor a su apellido para evidenciar p\u00fablicamente su faena insurreccional.<\/p>\n<p>Lo lamentable es la debilidad que expresa el gobierno de Gabriel Boric ante estos sectores, la genuflexa actitud frente a un Parlamento altamente desacreditado y maniatado por pol\u00edticos<br \/>\ncorruptos y retardatarios que se sabe, no representan genuinamente a la ciudadan\u00eda, si se considera la forma en que han sido elegidos y se han perpetuado en sus cargos. Autoridades que<br \/>\nson forzadas a desdecirse de lo que ayer dijeron cuando prometieron la profunda renovaci\u00f3n de las polic\u00edas, en la evidencia de la corrupci\u00f3n de sus oficiales y la acci\u00f3n criminal de muchos de sus efectivos. Los que ciertamente cometieron abusos sexuales que hoy quieren soslayarse.<\/p>\n<p>Parece incre\u00edble que, despu\u00e9s de seis meses de gobierno, la derecha y los empresarios que la digitan logren distraer a La Moneda respecto de las reformas econ\u00f3mico y sociales prometidas y<br \/>\ntan ambicionadas por el pueblo. Las que debieran entenderse como fundamentales para atenuar el descontento p\u00fablico y cimentar una paz sobre la voluntad de justicia.<\/p>\n<p>&nbsp;<\/p>\n","protected":false},"excerpt":{"rendered":"<p>A prop\u00f3sito de las conmemoraciones por el tercer aniversario del Estallido Social, el presidente Boric sorprendi\u00f3 al pa\u00eds con un discurso en que afirm\u00f3 que lo ocurrido en octubre del 2019 \u201cno fue una revoluci\u00f3n anticapitalista\u201d. Una declaraci\u00f3n que sin&hellip;<\/p>\n","protected":false},"author":1739,"featured_media":1688816,"comment_status":"closed","ping_status":"closed","sticky":false,"template":"","format":"standard","meta":{"footnotes":""},"categories":[11389,161,74,67],"tags":[29,1376,29883],"class_list":["post-1688813","post","type-post","status-publish","format-standard","has-post-thumbnail","hentry","category-contenido-original","category-opiniones","category-politica-es","category-sudamerica","tag-chile","tag-derecha","tag-gabriel-boric"],"yoast_head":"<!-- This site is optimized with the Yoast SEO plugin v27.1.1 - https:\/\/yoast.com\/product\/yoast-seo-wordpress\/ -->\n<title>Boric, el gran empresariado y la derecha<\/title>\n<meta name=\"description\" content=\"A prop\u00f3sito de las conmemoraciones por el tercer aniversario del Estallido Social, el presidente Boric sorprendi\u00f3 al pa\u00eds con un discurso en que afirm\u00f3\" \/>\n<meta name=\"robots\" content=\"index, follow, max-snippet:-1, max-image-preview:large, max-video-preview:-1\" \/>\n<link rel=\"canonical\" href=\"https:\/\/www.pressenza.com\/es\/2022\/10\/boric-el-gran-empresariado-y-la-derecha\/\" \/>\n<meta property=\"og:locale\" content=\"es_ES\" \/>\n<meta property=\"og:type\" content=\"article\" \/>\n<meta property=\"og:title\" content=\"Boric, el gran empresariado y la derecha\" \/>\n<meta property=\"og:description\" content=\"A prop\u00f3sito de las conmemoraciones por el tercer aniversario del Estallido Social, el presidente Boric sorprendi\u00f3 al pa\u00eds con un discurso en que afirm\u00f3\" \/>\n<meta property=\"og:url\" content=\"https:\/\/www.pressenza.com\/es\/2022\/10\/boric-el-gran-empresariado-y-la-derecha\/\" \/>\n<meta property=\"og:site_name\" content=\"Pressenza\" \/>\n<meta property=\"article:publisher\" content=\"https:\/\/www.facebook.com\/PressenzaItalia\" \/>\n<meta property=\"article:published_time\" content=\"2022-10-24T12:33:04+00:00\" \/>\n<meta property=\"og:image\" content=\"https:\/\/www.pressenza.com\/wp-content\/uploads\/2022\/10\/Boric-Enade-768x512-1.jpeg\" \/>\n\t<meta property=\"og:image:width\" content=\"768\" \/>\n\t<meta property=\"og:image:height\" content=\"512\" \/>\n\t<meta property=\"og:image:type\" content=\"image\/jpeg\" \/>\n<meta name=\"author\" content=\"Juan Pablo C\u00e1rdenas\" \/>\n<meta name=\"twitter:card\" content=\"summary_large_image\" \/>\n<meta name=\"twitter:creator\" content=\"@PressenzaIPA\" \/>\n<meta name=\"twitter:site\" content=\"@PressenzaIPA\" \/>\n<meta name=\"twitter:label1\" content=\"Escrito por\" \/>\n\t<meta name=\"twitter:data1\" content=\"Juan Pablo C\u00e1rdenas\" \/>\n\t<meta name=\"twitter:label2\" content=\"Tiempo de lectura\" \/>\n\t<meta name=\"twitter:data2\" content=\"5 minutos\" \/>\n<script type=\"application\/ld+json\" class=\"yoast-schema-graph\">{\"@context\":\"https:\/\/schema.org\",\"@graph\":[{\"@type\":\"Article\",\"@id\":\"https:\/\/www.pressenza.com\/es\/2022\/10\/boric-el-gran-empresariado-y-la-derecha\/#article\",\"isPartOf\":{\"@id\":\"https:\/\/www.pressenza.com\/es\/2022\/10\/boric-el-gran-empresariado-y-la-derecha\/\"},\"author\":{\"name\":\"Juan Pablo C\u00e1rdenas\",\"@id\":\"https:\/\/www.pressenza.com\/es\/#\/schema\/person\/d72a7c8c014dcbfa2ef9e9976103ea0d\"},\"headline\":\"Boric, el gran empresariado y la derecha\",\"datePublished\":\"2022-10-24T12:33:04+00:00\",\"mainEntityOfPage\":{\"@id\":\"https:\/\/www.pressenza.com\/es\/2022\/10\/boric-el-gran-empresariado-y-la-derecha\/\"},\"wordCount\":989,\"publisher\":{\"@id\":\"https:\/\/www.pressenza.com\/es\/#organization\"},\"image\":{\"@id\":\"https:\/\/www.pressenza.com\/es\/2022\/10\/boric-el-gran-empresariado-y-la-derecha\/#primaryimage\"},\"thumbnailUrl\":\"https:\/\/www.pressenza.com\/wp-content\/uploads\/2022\/10\/Boric-Enade-768x512-1.jpeg\",\"keywords\":[\"Chile\",\"derecha\",\"Gabriel Boric\"],\"articleSection\":[\"Contenido Original\",\"Opiniones\",\"Pol\u00edtica\",\"Sudam\u00e9rica\"],\"inLanguage\":\"es\"},{\"@type\":\"WebPage\",\"@id\":\"https:\/\/www.pressenza.com\/es\/2022\/10\/boric-el-gran-empresariado-y-la-derecha\/\",\"url\":\"https:\/\/www.pressenza.com\/es\/2022\/10\/boric-el-gran-empresariado-y-la-derecha\/\",\"name\":\"Boric, el gran empresariado y la derecha\",\"isPartOf\":{\"@id\":\"https:\/\/www.pressenza.com\/es\/#website\"},\"primaryImageOfPage\":{\"@id\":\"https:\/\/www.pressenza.com\/es\/2022\/10\/boric-el-gran-empresariado-y-la-derecha\/#primaryimage\"},\"image\":{\"@id\":\"https:\/\/www.pressenza.com\/es\/2022\/10\/boric-el-gran-empresariado-y-la-derecha\/#primaryimage\"},\"thumbnailUrl\":\"https:\/\/www.pressenza.com\/wp-content\/uploads\/2022\/10\/Boric-Enade-768x512-1.jpeg\",\"datePublished\":\"2022-10-24T12:33:04+00:00\",\"description\":\"A prop\u00f3sito de las conmemoraciones por el tercer aniversario del Estallido Social, el presidente Boric sorprendi\u00f3 al pa\u00eds con un discurso en que afirm\u00f3\",\"breadcrumb\":{\"@id\":\"https:\/\/www.pressenza.com\/es\/2022\/10\/boric-el-gran-empresariado-y-la-derecha\/#breadcrumb\"},\"inLanguage\":\"es\",\"potentialAction\":[{\"@type\":\"ReadAction\",\"target\":[\"https:\/\/www.pressenza.com\/es\/2022\/10\/boric-el-gran-empresariado-y-la-derecha\/\"]}]},{\"@type\":\"ImageObject\",\"inLanguage\":\"es\",\"@id\":\"https:\/\/www.pressenza.com\/es\/2022\/10\/boric-el-gran-empresariado-y-la-derecha\/#primaryimage\",\"url\":\"https:\/\/www.pressenza.com\/wp-content\/uploads\/2022\/10\/Boric-Enade-768x512-1.jpeg\",\"contentUrl\":\"https:\/\/www.pressenza.com\/wp-content\/uploads\/2022\/10\/Boric-Enade-768x512-1.jpeg\",\"width\":768,\"height\":512,\"caption\":\"juanpablocardenas.cl\"},{\"@type\":\"BreadcrumbList\",\"@id\":\"https:\/\/www.pressenza.com\/es\/2022\/10\/boric-el-gran-empresariado-y-la-derecha\/#breadcrumb\",\"itemListElement\":[{\"@type\":\"ListItem\",\"position\":1,\"name\":\"Accueil\",\"item\":\"https:\/\/www.pressenza.com\/es\/\"},{\"@type\":\"ListItem\",\"position\":2,\"name\":\"Boric, el gran empresariado y la derecha\"}]},{\"@type\":\"WebSite\",\"@id\":\"https:\/\/www.pressenza.com\/es\/#website\",\"url\":\"https:\/\/www.pressenza.com\/es\/\",\"name\":\"Pressenza\",\"description\":\"International Press Agency\",\"publisher\":{\"@id\":\"https:\/\/www.pressenza.com\/es\/#organization\"},\"potentialAction\":[{\"@type\":\"SearchAction\",\"target\":{\"@type\":\"EntryPoint\",\"urlTemplate\":\"https:\/\/www.pressenza.com\/es\/?s={search_term_string}\"},\"query-input\":{\"@type\":\"PropertyValueSpecification\",\"valueRequired\":true,\"valueName\":\"search_term_string\"}}],\"inLanguage\":\"es\"},{\"@type\":\"Organization\",\"@id\":\"https:\/\/www.pressenza.com\/es\/#organization\",\"name\":\"Pressenza\",\"url\":\"https:\/\/www.pressenza.com\/es\/\",\"logo\":{\"@type\":\"ImageObject\",\"inLanguage\":\"es\",\"@id\":\"https:\/\/www.pressenza.com\/es\/#\/schema\/logo\/image\/\",\"url\":\"https:\/\/www.pressenza.com\/wp-content\/uploads\/2022\/10\/pressenza_logo_200x200.jpg\",\"contentUrl\":\"https:\/\/www.pressenza.com\/wp-content\/uploads\/2022\/10\/pressenza_logo_200x200.jpg\",\"width\":200,\"height\":200,\"caption\":\"Pressenza\"},\"image\":{\"@id\":\"https:\/\/www.pressenza.com\/es\/#\/schema\/logo\/image\/\"},\"sameAs\":[\"https:\/\/www.facebook.com\/PressenzaItalia\",\"https:\/\/x.com\/PressenzaIPA\"]},{\"@type\":\"Person\",\"@id\":\"https:\/\/www.pressenza.com\/es\/#\/schema\/person\/d72a7c8c014dcbfa2ef9e9976103ea0d\",\"name\":\"Juan Pablo C\u00e1rdenas\",\"description\":\"Juan Pablo C\u00e1rdenas Squella es un periodista y profesor universitario de vasta trayectoria. En el 2005 recibi\u00f3 en premio nacional de Periodismo y, antes, la Pluma de Oro de la Libertad, otorgada por la Federaci\u00f3n Mundial de la Prensa. Tambi\u00e9n obtuvo el Premio Latinoamericano de Periodismo, la Houten Camara de Holanda (1989) entre otras m\u00faltiples distinciones nacionales y extranjeras. Forma parte de los sesenta periodistas del mundo considerados H\u00e9roes de la Libertad de Expresi\u00f3n, reconocimiento hecho por la Federaci\u00f3n Internacional de Periodistas. Ha sido director y columnista de las revistas Debate Universitario, An\u00e1lisis y Los Tiempos, as\u00ed como del diario electr\u00f3nico primeral\u00ednea.cl. Tambi\u00e9n fue por m\u00e1s 18 a\u00f1os director de la Radio Universidad de Chile y de su diario digital. Se ha desempe\u00f1ado como profesor de varias escuelas de periodismo de Santiago y Valpara\u00edso y en la Universidad de Chile alcanz\u00f3 el grado de profesor titular y senador universitario.\",\"url\":\"https:\/\/www.pressenza.com\/es\/author\/juan-pablo-cardenas\/\"}]}<\/script>\n<!-- \/ Yoast SEO plugin. -->","yoast_head_json":{"title":"Boric, el gran empresariado y la derecha","description":"A prop\u00f3sito de las conmemoraciones por el tercer aniversario del Estallido Social, el presidente Boric sorprendi\u00f3 al pa\u00eds con un discurso en que afirm\u00f3","robots":{"index":"index","follow":"follow","max-snippet":"max-snippet:-1","max-image-preview":"max-image-preview:large","max-video-preview":"max-video-preview:-1"},"canonical":"https:\/\/www.pressenza.com\/es\/2022\/10\/boric-el-gran-empresariado-y-la-derecha\/","og_locale":"es_ES","og_type":"article","og_title":"Boric, el gran empresariado y la derecha","og_description":"A prop\u00f3sito de las conmemoraciones por el tercer aniversario del Estallido Social, el presidente Boric sorprendi\u00f3 al pa\u00eds con un discurso en que afirm\u00f3","og_url":"https:\/\/www.pressenza.com\/es\/2022\/10\/boric-el-gran-empresariado-y-la-derecha\/","og_site_name":"Pressenza","article_publisher":"https:\/\/www.facebook.com\/PressenzaItalia","article_published_time":"2022-10-24T12:33:04+00:00","og_image":[{"width":768,"height":512,"url":"https:\/\/www.pressenza.com\/wp-content\/uploads\/2022\/10\/Boric-Enade-768x512-1.jpeg","type":"image\/jpeg"}],"author":"Juan Pablo C\u00e1rdenas","twitter_card":"summary_large_image","twitter_creator":"@PressenzaIPA","twitter_site":"@PressenzaIPA","twitter_misc":{"Escrito por":"Juan Pablo C\u00e1rdenas","Tiempo de lectura":"5 minutos"},"schema":{"@context":"https:\/\/schema.org","@graph":[{"@type":"Article","@id":"https:\/\/www.pressenza.com\/es\/2022\/10\/boric-el-gran-empresariado-y-la-derecha\/#article","isPartOf":{"@id":"https:\/\/www.pressenza.com\/es\/2022\/10\/boric-el-gran-empresariado-y-la-derecha\/"},"author":{"name":"Juan Pablo C\u00e1rdenas","@id":"https:\/\/www.pressenza.com\/es\/#\/schema\/person\/d72a7c8c014dcbfa2ef9e9976103ea0d"},"headline":"Boric, el gran empresariado y la derecha","datePublished":"2022-10-24T12:33:04+00:00","mainEntityOfPage":{"@id":"https:\/\/www.pressenza.com\/es\/2022\/10\/boric-el-gran-empresariado-y-la-derecha\/"},"wordCount":989,"publisher":{"@id":"https:\/\/www.pressenza.com\/es\/#organization"},"image":{"@id":"https:\/\/www.pressenza.com\/es\/2022\/10\/boric-el-gran-empresariado-y-la-derecha\/#primaryimage"},"thumbnailUrl":"https:\/\/www.pressenza.com\/wp-content\/uploads\/2022\/10\/Boric-Enade-768x512-1.jpeg","keywords":["Chile","derecha","Gabriel Boric"],"articleSection":["Contenido Original","Opiniones","Pol\u00edtica","Sudam\u00e9rica"],"inLanguage":"es"},{"@type":"WebPage","@id":"https:\/\/www.pressenza.com\/es\/2022\/10\/boric-el-gran-empresariado-y-la-derecha\/","url":"https:\/\/www.pressenza.com\/es\/2022\/10\/boric-el-gran-empresariado-y-la-derecha\/","name":"Boric, el gran empresariado y la derecha","isPartOf":{"@id":"https:\/\/www.pressenza.com\/es\/#website"},"primaryImageOfPage":{"@id":"https:\/\/www.pressenza.com\/es\/2022\/10\/boric-el-gran-empresariado-y-la-derecha\/#primaryimage"},"image":{"@id":"https:\/\/www.pressenza.com\/es\/2022\/10\/boric-el-gran-empresariado-y-la-derecha\/#primaryimage"},"thumbnailUrl":"https:\/\/www.pressenza.com\/wp-content\/uploads\/2022\/10\/Boric-Enade-768x512-1.jpeg","datePublished":"2022-10-24T12:33:04+00:00","description":"A prop\u00f3sito de las conmemoraciones por el tercer aniversario del Estallido Social, el presidente Boric sorprendi\u00f3 al pa\u00eds con un discurso en que afirm\u00f3","breadcrumb":{"@id":"https:\/\/www.pressenza.com\/es\/2022\/10\/boric-el-gran-empresariado-y-la-derecha\/#breadcrumb"},"inLanguage":"es","potentialAction":[{"@type":"ReadAction","target":["https:\/\/www.pressenza.com\/es\/2022\/10\/boric-el-gran-empresariado-y-la-derecha\/"]}]},{"@type":"ImageObject","inLanguage":"es","@id":"https:\/\/www.pressenza.com\/es\/2022\/10\/boric-el-gran-empresariado-y-la-derecha\/#primaryimage","url":"https:\/\/www.pressenza.com\/wp-content\/uploads\/2022\/10\/Boric-Enade-768x512-1.jpeg","contentUrl":"https:\/\/www.pressenza.com\/wp-content\/uploads\/2022\/10\/Boric-Enade-768x512-1.jpeg","width":768,"height":512,"caption":"juanpablocardenas.cl"},{"@type":"BreadcrumbList","@id":"https:\/\/www.pressenza.com\/es\/2022\/10\/boric-el-gran-empresariado-y-la-derecha\/#breadcrumb","itemListElement":[{"@type":"ListItem","position":1,"name":"Accueil","item":"https:\/\/www.pressenza.com\/es\/"},{"@type":"ListItem","position":2,"name":"Boric, el gran empresariado y la derecha"}]},{"@type":"WebSite","@id":"https:\/\/www.pressenza.com\/es\/#website","url":"https:\/\/www.pressenza.com\/es\/","name":"Pressenza","description":"International Press Agency","publisher":{"@id":"https:\/\/www.pressenza.com\/es\/#organization"},"potentialAction":[{"@type":"SearchAction","target":{"@type":"EntryPoint","urlTemplate":"https:\/\/www.pressenza.com\/es\/?s={search_term_string}"},"query-input":{"@type":"PropertyValueSpecification","valueRequired":true,"valueName":"search_term_string"}}],"inLanguage":"es"},{"@type":"Organization","@id":"https:\/\/www.pressenza.com\/es\/#organization","name":"Pressenza","url":"https:\/\/www.pressenza.com\/es\/","logo":{"@type":"ImageObject","inLanguage":"es","@id":"https:\/\/www.pressenza.com\/es\/#\/schema\/logo\/image\/","url":"https:\/\/www.pressenza.com\/wp-content\/uploads\/2022\/10\/pressenza_logo_200x200.jpg","contentUrl":"https:\/\/www.pressenza.com\/wp-content\/uploads\/2022\/10\/pressenza_logo_200x200.jpg","width":200,"height":200,"caption":"Pressenza"},"image":{"@id":"https:\/\/www.pressenza.com\/es\/#\/schema\/logo\/image\/"},"sameAs":["https:\/\/www.facebook.com\/PressenzaItalia","https:\/\/x.com\/PressenzaIPA"]},{"@type":"Person","@id":"https:\/\/www.pressenza.com\/es\/#\/schema\/person\/d72a7c8c014dcbfa2ef9e9976103ea0d","name":"Juan Pablo C\u00e1rdenas","description":"Juan Pablo C\u00e1rdenas Squella es un periodista y profesor universitario de vasta trayectoria. En el 2005 recibi\u00f3 en premio nacional de Periodismo y, antes, la Pluma de Oro de la Libertad, otorgada por la Federaci\u00f3n Mundial de la Prensa. Tambi\u00e9n obtuvo el Premio Latinoamericano de Periodismo, la Houten Camara de Holanda (1989) entre otras m\u00faltiples distinciones nacionales y extranjeras. Forma parte de los sesenta periodistas del mundo considerados H\u00e9roes de la Libertad de Expresi\u00f3n, reconocimiento hecho por la Federaci\u00f3n Internacional de Periodistas. Ha sido director y columnista de las revistas Debate Universitario, An\u00e1lisis y Los Tiempos, as\u00ed como del diario electr\u00f3nico primeral\u00ednea.cl. Tambi\u00e9n fue por m\u00e1s 18 a\u00f1os director de la Radio Universidad de Chile y de su diario digital. Se ha desempe\u00f1ado como profesor de varias escuelas de periodismo de Santiago y Valpara\u00edso y en la Universidad de Chile alcanz\u00f3 el grado de profesor titular y senador universitario.","url":"https:\/\/www.pressenza.com\/es\/author\/juan-pablo-cardenas\/"}]}},"place":"Santiago de Chile","original_article_url":"","_links":{"self":[{"href":"https:\/\/www.pressenza.com\/es\/wp-json\/wp\/v2\/posts\/1688813","targetHints":{"allow":["GET"]}}],"collection":[{"href":"https:\/\/www.pressenza.com\/es\/wp-json\/wp\/v2\/posts"}],"about":[{"href":"https:\/\/www.pressenza.com\/es\/wp-json\/wp\/v2\/types\/post"}],"author":[{"embeddable":true,"href":"https:\/\/www.pressenza.com\/es\/wp-json\/wp\/v2\/users\/1739"}],"replies":[{"embeddable":true,"href":"https:\/\/www.pressenza.com\/es\/wp-json\/wp\/v2\/comments?post=1688813"}],"version-history":[{"count":0,"href":"https:\/\/www.pressenza.com\/es\/wp-json\/wp\/v2\/posts\/1688813\/revisions"}],"wp:featuredmedia":[{"embeddable":true,"href":"https:\/\/www.pressenza.com\/es\/wp-json\/wp\/v2\/media\/1688816"}],"wp:attachment":[{"href":"https:\/\/www.pressenza.com\/es\/wp-json\/wp\/v2\/media?parent=1688813"}],"wp:term":[{"taxonomy":"category","embeddable":true,"href":"https:\/\/www.pressenza.com\/es\/wp-json\/wp\/v2\/categories?post=1688813"},{"taxonomy":"post_tag","embeddable":true,"href":"https:\/\/www.pressenza.com\/es\/wp-json\/wp\/v2\/tags?post=1688813"}],"curies":[{"name":"wp","href":"https:\/\/api.w.org\/{rel}","templated":true}]}}